{"id":11451,"date":"2024-06-17T10:42:41","date_gmt":"2024-06-17T08:42:41","guid":{"rendered":"https:\/\/mobilitatechisinau.md\/?p=11451"},"modified":"2024-06-18T11:38:35","modified_gmt":"2024-06-18T09:38:35","slug":"in-perioada-10-16-iunie-2024-i-m-regia-exdrupo-a-intervenit-cu-lucrari-de-reparatie-a-drumurilor-publice-municipale-preponderent-cu-frezari-masive-a-suprafetelor-asfaltice-pe-o-s","status":"publish","type":"post","link":"https:\/\/mobilitatechisinau.md\/?p=11451","title":{"rendered":"\u00cen perioada 10-16 iunie 2024, \u00ce.M. Regia \u201eExdrupo\u201d a intervenit cu lucr\u0103ri de repara\u021bie a drumurilor publice municipale, preponderent cu frez\u0103ri masive a suprafe\u021belor asfaltice, pe o suprafa\u021b\u0103 total\u0103 de peste 11 000 m.p."},"content":{"rendered":"\n<p>Cele mai mari volume de lucr\u0103ri au fost executate pe bd. Decebal, str. Vladimir Korolenco \u0219i str. Alba Iulia, unde urmeaz\u0103 asfaltarea suprafe\u021belor preg\u0103tite.<\/p>\n\n\n\n<p>De r\u00e2nd cu aceste lucr\u0103ri, au loc \u0219i ac\u021biuni de repara\u021bie sau \u00eenlocuirea bordurilor, restabilirea <a><\/a>canaliz\u0103rii pluviale \u0219i a altor re\u021bele din zona drumului, prin ridicarea la cot\u0103 sau schimbarea receptoarelor \u0219i gurilor de vizitare.<\/p>\n\n\n\n<p>\u00cen acela\u0219i timp, \u00een intersec\u021bia str\u0103zilor Socoleni \u0219i Calea Orheiului, s-a a\u0219ternut primul strat de asfalt la band\u0103 suplimentar\u0103 de virare.<\/p>\n\n\n\n<p>Totodat\u0103, pe mai multe str\u0103zi principale \u0219i secundare au continuat ac\u021biunile de lichidare a situa\u021biilor de avariere, prin plombarea gropilor sau restabilirea funda\u021biei drumului pe zonele cu tas\u0103ri.<\/p>\n\n\n\n<p>Urmare a calamit\u0103\u021bilor naturale de s\u0103pt\u0103m\u00e2na trecut\u0103, un efort sporit s-a depus la \u00eenl\u0103turarea consecin\u021belor ploilor toren\u021biale, \u00eenso\u021bite de grindin\u0103 \u0219i rafale de v\u00e2nt. Astfel, drumarii au cur\u0103\u021bat de n\u0103mol, frunze, gunoaie acumulate \u00een urma averselor, circa 7 000 colectoare a apelor pluviale. De r\u00e2nd cu aceste lucr\u0103ri, au fost dezn\u0103molite \u0219i salubrizate mai multe str\u0103zi principale \u0219i secundare din ora\u0219, fiind efectuate 111 curse de evacuare.<\/p>\n\n\n\n<p>Pentru sporirea siguran\u021bei \u00een trafic, \u00een s\u0103pt\u0103m\u00e2na precedent\u0103 au fost reparate 50 de indicatoare rutiere. La fel, au continuat ac\u021biunile de \u00eennoirea marcajelor rutiere, fiind aplica\u021bi peste 2 100 m.p. Lucr\u0103rile sunt executate at\u00e2t de Regia \u201eExdrupo\u201d, c\u00e2t \u0219i de agentul economic contractat de Direc\u021bia General\u0103 Mobilitate Urban\u0103, inclusiv cu aplicarea vopselei bicomponente, care asigur\u0103 o durat\u0103 mai lung\u0103 de exploatare. Marcajele cu acest tip de vopsea au \u00eenceput a fi trasate pe bd. Cuza Vod\u0103, dar vor urma \u0219i pe alte str\u0103zi, mai ales cele reparate \u00een ultimii ani de Prim\u0103ria Chi\u0219in\u0103u.<\/p>\n\n\n\n<p>De asemenea, continu\u0103 lucr\u0103rile de reabilitare a infrastructurii rutiere, \u00een cadrul proiectelor contractate de Direc\u021bia General\u0103 Mobilitate Urban\u0103. Astfel, a fost asfaltat\u0103 o suprafa\u021b\u0103 total\u0103 de 2 000 m.p. \u00een cadrul proiectului de reabilitare a acceselor la institu\u021biile educa\u021bionale, care se desf\u0103\u0219oar\u0103 \u00een prezent \u00een sectoarele Buiucani \u0219i R\u00ee\u0219cani, \u00cen acela\u0219i timp, pe bd. Rena\u0219terii Na\u021bionale \u0219i bd. Decebal, s-a lucrat la reabilitarea trotuarelor.<\/p>\n\n\n\n<p>Un efort sporit \u00een s\u0103pt\u0103m\u00e2na precedent\u0103 a fost depus \u0219i de electricienii \u00ce.M. REI \u201eLumteh\u201d, pentru a restabili \u0219i a men\u021bine func\u021bional\u0103 re\u021beaua electric\u0103, care a fost afectat\u0103 de intemperie \u00een propor\u021bie de 30 la sut\u0103. S-a intervenit \u00een timp util la peste 160 de adrese, unde au fost dobor\u00e2\u021bi piloni, fire electrice rupte \u0219i c\u0103zute la p\u0103m\u00e2nt, care au fost izolate \u0219i ridicate la \u00een\u0103l\u021bime, iar altele deconectate de a re\u021bea, pentru a evita situa\u021biile de risc. La ziua de azi, practic toat\u0103 re\u021beaua este func\u021bional\u0103.<\/p>\n\n\n\n<p>Lucr\u0103rile de \u00eentre\u021binere a infrastructurii rutiere vor continua \u0219i pe parcursul s\u0103pt\u0103m\u00e2nii curente.<\/p>\n\n\n\n<iframe src=\"https:\/\/www.facebook.com\/plugins\/video.php?height=314&#038;href=https%3A%2F%2Fwww.facebook.com%2Fmobilitychisinau%2Fvideos%2F1706027103560804%2F&#038;show_text=false&#038;width=560&#038;t=0\" width=\"560\" height=\"314\" style=\"border:none;overflow:hidden\" scrolling=\"no\" frameborder=\"0\" allowfullscreen=\"true\" allow=\"autoplay; clipboard-write; encrypted-media; picture-in-picture; web-share\" allowFullScreen=\"true\"><\/iframe>\n\n\n\n<p><a href=\"https:\/\/mobilitatechisinau.md\/?p=11452\">Galerie foto<\/a><\/p>\n","protected":false},"excerpt":{"rendered":"<p>Cele mai mari volume de lucr\u0103ri au fost executate pe bd. Decebal, str. Vladimir Korolenco \u0219i str. Alba Iulia, unde urmeaz\u0103 asfaltarea suprafe\u021belor preg\u0103tite. De r\u00e2nd cu aceste lucr\u0103ri, au loc \u0219i ac\u021biuni de repara\u021bie sau \u00eenlocuirea bordurilor, restabilirea canaliz\u0103rii pluviale \u0219i a altor re\u021bele din zona drumului, prin ridicarea la cot\u0103 sau schimbarea receptoarelor [&hellip;]<\/p>\n","protected":false},"author":1,"featured_media":11475,"comment_status":"closed","ping_status":"open","sticky":false,"template":"","format":"standard","meta":{"footnotes":""},"categories":[92],"tags":[],"class_list":["post-11451","post","type-post","status-publish","format-standard","has-post-thumbnail","hentry","category-comunicate"],"yoast_head":"<!-- This site is optimized with the Yoast SEO plugin v23.9 - https:\/\/yoast.com\/wordpress\/plugins\/seo\/ -->\n<title>\u00cen perioada 10-16 iunie 2024, \u00ce.M. Regia \u201eExdrupo\u201d a intervenit cu lucr\u0103ri de repara\u021bie a drumurilor publice municipale, preponderent cu frez\u0103ri masive a suprafe\u021belor asfaltice, pe o suprafa\u021b\u0103 total\u0103 de peste 11 000 m.p. - mobilitatechisinau.md<\/title>\n<meta name=\"robots\" content=\"index, follow, max-snippet:-1, max-image-preview:large, max-video-preview:-1\" \/>\n<link rel=\"canonical\" href=\"https:\/\/mobilitatechisinau.md\/?p=11451\" \/>\n<meta property=\"og:locale\" content=\"ro_RO\" \/>\n<meta property=\"og:type\" content=\"article\" \/>\n<meta property=\"og:title\" content=\"\u00cen perioada 10-16 iunie 2024, \u00ce.M. Regia \u201eExdrupo\u201d a intervenit cu lucr\u0103ri de repara\u021bie a drumurilor publice municipale, preponderent cu frez\u0103ri masive a suprafe\u021belor asfaltice, pe o suprafa\u021b\u0103 total\u0103 de peste 11 000 m.p. - mobilitatechisinau.md\" \/>\n<meta property=\"og:description\" content=\"Cele mai mari volume de lucr\u0103ri au fost executate pe bd. Decebal, str. Vladimir Korolenco \u0219i str. Alba Iulia, unde urmeaz\u0103 asfaltarea suprafe\u021belor preg\u0103tite. De r\u00e2nd cu aceste lucr\u0103ri, au loc \u0219i ac\u021biuni de repara\u021bie sau \u00eenlocuirea bordurilor, restabilirea canaliz\u0103rii pluviale \u0219i a altor re\u021bele din zona drumului, prin ridicarea la cot\u0103 sau schimbarea receptoarelor [&hellip;]\" \/>\n<meta property=\"og:url\" content=\"https:\/\/mobilitatechisinau.md\/?p=11451\" \/>\n<meta property=\"og:site_name\" content=\"mobilitatechisinau.md\" \/>\n<meta property=\"article:publisher\" content=\"https:\/\/www.facebook.com\/DGTPCC\" \/>\n<meta property=\"article:published_time\" content=\"2024-06-17T08:42:41+00:00\" \/>\n<meta property=\"article:modified_time\" content=\"2024-06-18T09:38:35+00:00\" \/>\n<meta name=\"author\" content=\"dgtpcc.md\" \/>\n<meta name=\"twitter:card\" content=\"summary_large_image\" \/>\n<meta name=\"twitter:label1\" content=\"Scris de\" \/>\n\t<meta name=\"twitter:data1\" content=\"dgtpcc.md\" \/>\n\t<meta name=\"twitter:label2\" content=\"Timp estimat pentru citire\" \/>\n\t<meta name=\"twitter:data2\" content=\"3 minute\" \/>\n<script type=\"application\/ld+json\" class=\"yoast-schema-graph\">{\"@context\":\"https:\/\/schema.org\",\"@graph\":[{\"@type\":\"Article\",\"@id\":\"https:\/\/mobilitatechisinau.md\/?p=11451#article\",\"isPartOf\":{\"@id\":\"https:\/\/mobilitatechisinau.md\/?p=11451\"},\"author\":{\"name\":\"dgtpcc.md\",\"@id\":\"https:\/\/mobilitatechisinau.md\/#\/schema\/person\/c25d28ff5553bea759689e10224709c7\"},\"headline\":\"\u00cen perioada 10-16 iunie 2024, \u00ce.M. Regia \u201eExdrupo\u201d a intervenit cu lucr\u0103ri de repara\u021bie a drumurilor publice municipale, preponderent cu frez\u0103ri masive a suprafe\u021belor asfaltice, pe o suprafa\u021b\u0103 total\u0103 de peste 11 000 m.p.\",\"datePublished\":\"2024-06-17T08:42:41+00:00\",\"dateModified\":\"2024-06-18T09:38:35+00:00\",\"mainEntityOfPage\":{\"@id\":\"https:\/\/mobilitatechisinau.md\/?p=11451\"},\"wordCount\":540,\"publisher\":{\"@id\":\"https:\/\/mobilitatechisinau.md\/#organization\"},\"image\":{\"@id\":\"https:\/\/mobilitatechisinau.md\/?p=11451#primaryimage\"},\"thumbnailUrl\":\"https:\/\/mobilitatechisinau.md\/wp-content\/uploads\/2024\/06\/reparatii-11000mp.jpg\",\"articleSection\":[\"Comunicate de pres\u0103\"],\"inLanguage\":\"ro-RO\"},{\"@type\":\"WebPage\",\"@id\":\"https:\/\/mobilitatechisinau.md\/?p=11451\",\"url\":\"https:\/\/mobilitatechisinau.md\/?p=11451\",\"name\":\"\u00cen perioada 10-16 iunie 2024, \u00ce.M. Regia \u201eExdrupo\u201d a intervenit cu lucr\u0103ri de repara\u021bie a drumurilor publice municipale, preponderent cu frez\u0103ri masive a suprafe\u021belor asfaltice, pe o suprafa\u021b\u0103 total\u0103 de peste 11 000 m.p. - mobilitatechisinau.md\",\"isPartOf\":{\"@id\":\"https:\/\/mobilitatechisinau.md\/#website\"},\"primaryImageOfPage\":{\"@id\":\"https:\/\/mobilitatechisinau.md\/?p=11451#primaryimage\"},\"image\":{\"@id\":\"https:\/\/mobilitatechisinau.md\/?p=11451#primaryimage\"},\"thumbnailUrl\":\"https:\/\/mobilitatechisinau.md\/wp-content\/uploads\/2024\/06\/reparatii-11000mp.jpg\",\"datePublished\":\"2024-06-17T08:42:41+00:00\",\"dateModified\":\"2024-06-18T09:38:35+00:00\",\"breadcrumb\":{\"@id\":\"https:\/\/mobilitatechisinau.md\/?p=11451#breadcrumb\"},\"inLanguage\":\"ro-RO\",\"potentialAction\":[{\"@type\":\"ReadAction\",\"target\":[\"https:\/\/mobilitatechisinau.md\/?p=11451\"]}]},{\"@type\":\"ImageObject\",\"inLanguage\":\"ro-RO\",\"@id\":\"https:\/\/mobilitatechisinau.md\/?p=11451#primaryimage\",\"url\":\"https:\/\/mobilitatechisinau.md\/wp-content\/uploads\/2024\/06\/reparatii-11000mp.jpg\",\"contentUrl\":\"https:\/\/mobilitatechisinau.md\/wp-content\/uploads\/2024\/06\/reparatii-11000mp.jpg\",\"width\":1200,\"height\":700},{\"@type\":\"BreadcrumbList\",\"@id\":\"https:\/\/mobilitatechisinau.md\/?p=11451#breadcrumb\",\"itemListElement\":[{\"@type\":\"ListItem\",\"position\":1,\"name\":\"Prima pagin\u0103\",\"item\":\"https:\/\/mobilitatechisinau.md\/\"},{\"@type\":\"ListItem\",\"position\":2,\"name\":\"\u00cen perioada 10-16 iunie 2024, \u00ce.M. Regia \u201eExdrupo\u201d a intervenit cu lucr\u0103ri de repara\u021bie a drumurilor publice municipale, preponderent cu frez\u0103ri masive a suprafe\u021belor asfaltice, pe o suprafa\u021b\u0103 total\u0103 de peste 11 000 m.p.\"}]},{\"@type\":\"WebSite\",\"@id\":\"https:\/\/mobilitatechisinau.md\/#website\",\"url\":\"https:\/\/mobilitatechisinau.md\/\",\"name\":\"mobilitatechisinau.md\",\"description\":\"Direc\u0163ia General\u0103 Mobilitate Urban\u0103\",\"publisher\":{\"@id\":\"https:\/\/mobilitatechisinau.md\/#organization\"},\"potentialAction\":[{\"@type\":\"SearchAction\",\"target\":{\"@type\":\"EntryPoint\",\"urlTemplate\":\"https:\/\/mobilitatechisinau.md\/?s={search_term_string}\"},\"query-input\":{\"@type\":\"PropertyValueSpecification\",\"valueRequired\":true,\"valueName\":\"search_term_string\"}}],\"inLanguage\":\"ro-RO\"},{\"@type\":\"Organization\",\"@id\":\"https:\/\/mobilitatechisinau.md\/#organization\",\"name\":\"Direc\u0163ia general\u0103 transport public \u015fi c\u0103i de comunica\u0163ie\",\"url\":\"https:\/\/mobilitatechisinau.md\/\",\"logo\":{\"@type\":\"ImageObject\",\"inLanguage\":\"ro-RO\",\"@id\":\"https:\/\/mobilitatechisinau.md\/#\/schema\/logo\/image\/\",\"url\":\"https:\/\/dgtpcc.md\/wp-content\/uploads\/2022\/05\/DGTPCC-Chis\u0326ina\u0306u-new.jpg\",\"contentUrl\":\"https:\/\/dgtpcc.md\/wp-content\/uploads\/2022\/05\/DGTPCC-Chis\u0326ina\u0306u-new.jpg\",\"width\":304,\"height\":80,\"caption\":\"Direc\u0163ia general\u0103 transport public \u015fi c\u0103i de comunica\u0163ie\"},\"image\":{\"@id\":\"https:\/\/mobilitatechisinau.md\/#\/schema\/logo\/image\/\"},\"sameAs\":[\"https:\/\/www.facebook.com\/DGTPCC\"]},{\"@type\":\"Person\",\"@id\":\"https:\/\/mobilitatechisinau.md\/#\/schema\/person\/c25d28ff5553bea759689e10224709c7\",\"name\":\"dgtpcc.md\",\"image\":{\"@type\":\"ImageObject\",\"inLanguage\":\"ro-RO\",\"@id\":\"https:\/\/mobilitatechisinau.md\/#\/schema\/person\/image\/\",\"url\":\"https:\/\/secure.gravatar.com\/avatar\/9057a81ed6aa6c63f6d0d045749b3708fa15d612e3a388d9ac7b50072146c906?s=96&d=mm&r=g\",\"contentUrl\":\"https:\/\/secure.gravatar.com\/avatar\/9057a81ed6aa6c63f6d0d045749b3708fa15d612e3a388d9ac7b50072146c906?s=96&d=mm&r=g\",\"caption\":\"dgtpcc.md\"},\"sameAs\":[\"https:\/\/dgtpcc.md\"],\"url\":\"https:\/\/mobilitatechisinau.md\/?author=1\"}]}<\/script>\n<!-- \/ Yoast SEO plugin. -->","yoast_head_json":{"title":"\u00cen perioada 10-16 iunie 2024, \u00ce.M. Regia \u201eExdrupo\u201d a intervenit cu lucr\u0103ri de repara\u021bie a drumurilor publice municipale, preponderent cu frez\u0103ri masive a suprafe\u021belor asfaltice, pe o suprafa\u021b\u0103 total\u0103 de peste 11 000 m.p. - mobilitatechisinau.md","robots":{"index":"index","follow":"follow","max-snippet":"max-snippet:-1","max-image-preview":"max-image-preview:large","max-video-preview":"max-video-preview:-1"},"canonical":"https:\/\/mobilitatechisinau.md\/?p=11451","og_locale":"ro_RO","og_type":"article","og_title":"\u00cen perioada 10-16 iunie 2024, \u00ce.M. Regia \u201eExdrupo\u201d a intervenit cu lucr\u0103ri de repara\u021bie a drumurilor publice municipale, preponderent cu frez\u0103ri masive a suprafe\u021belor asfaltice, pe o suprafa\u021b\u0103 total\u0103 de peste 11 000 m.p. - mobilitatechisinau.md","og_description":"Cele mai mari volume de lucr\u0103ri au fost executate pe bd. Decebal, str. Vladimir Korolenco \u0219i str. Alba Iulia, unde urmeaz\u0103 asfaltarea suprafe\u021belor preg\u0103tite. De r\u00e2nd cu aceste lucr\u0103ri, au loc \u0219i ac\u021biuni de repara\u021bie sau \u00eenlocuirea bordurilor, restabilirea canaliz\u0103rii pluviale \u0219i a altor re\u021bele din zona drumului, prin ridicarea la cot\u0103 sau schimbarea receptoarelor [&hellip;]","og_url":"https:\/\/mobilitatechisinau.md\/?p=11451","og_site_name":"mobilitatechisinau.md","article_publisher":"https:\/\/www.facebook.com\/DGTPCC","article_published_time":"2024-06-17T08:42:41+00:00","article_modified_time":"2024-06-18T09:38:35+00:00","author":"dgtpcc.md","twitter_card":"summary_large_image","twitter_misc":{"Scris de":"dgtpcc.md","Timp estimat pentru citire":"3 minute"},"schema":{"@context":"https:\/\/schema.org","@graph":[{"@type":"Article","@id":"https:\/\/mobilitatechisinau.md\/?p=11451#article","isPartOf":{"@id":"https:\/\/mobilitatechisinau.md\/?p=11451"},"author":{"name":"dgtpcc.md","@id":"https:\/\/mobilitatechisinau.md\/#\/schema\/person\/c25d28ff5553bea759689e10224709c7"},"headline":"\u00cen perioada 10-16 iunie 2024, \u00ce.M. Regia \u201eExdrupo\u201d a intervenit cu lucr\u0103ri de repara\u021bie a drumurilor publice municipale, preponderent cu frez\u0103ri masive a suprafe\u021belor asfaltice, pe o suprafa\u021b\u0103 total\u0103 de peste 11 000 m.p.","datePublished":"2024-06-17T08:42:41+00:00","dateModified":"2024-06-18T09:38:35+00:00","mainEntityOfPage":{"@id":"https:\/\/mobilitatechisinau.md\/?p=11451"},"wordCount":540,"publisher":{"@id":"https:\/\/mobilitatechisinau.md\/#organization"},"image":{"@id":"https:\/\/mobilitatechisinau.md\/?p=11451#primaryimage"},"thumbnailUrl":"https:\/\/mobilitatechisinau.md\/wp-content\/uploads\/2024\/06\/reparatii-11000mp.jpg","articleSection":["Comunicate de pres\u0103"],"inLanguage":"ro-RO"},{"@type":"WebPage","@id":"https:\/\/mobilitatechisinau.md\/?p=11451","url":"https:\/\/mobilitatechisinau.md\/?p=11451","name":"\u00cen perioada 10-16 iunie 2024, \u00ce.M. Regia \u201eExdrupo\u201d a intervenit cu lucr\u0103ri de repara\u021bie a drumurilor publice municipale, preponderent cu frez\u0103ri masive a suprafe\u021belor asfaltice, pe o suprafa\u021b\u0103 total\u0103 de peste 11 000 m.p. - mobilitatechisinau.md","isPartOf":{"@id":"https:\/\/mobilitatechisinau.md\/#website"},"primaryImageOfPage":{"@id":"https:\/\/mobilitatechisinau.md\/?p=11451#primaryimage"},"image":{"@id":"https:\/\/mobilitatechisinau.md\/?p=11451#primaryimage"},"thumbnailUrl":"https:\/\/mobilitatechisinau.md\/wp-content\/uploads\/2024\/06\/reparatii-11000mp.jpg","datePublished":"2024-06-17T08:42:41+00:00","dateModified":"2024-06-18T09:38:35+00:00","breadcrumb":{"@id":"https:\/\/mobilitatechisinau.md\/?p=11451#breadcrumb"},"inLanguage":"ro-RO","potentialAction":[{"@type":"ReadAction","target":["https:\/\/mobilitatechisinau.md\/?p=11451"]}]},{"@type":"ImageObject","inLanguage":"ro-RO","@id":"https:\/\/mobilitatechisinau.md\/?p=11451#primaryimage","url":"https:\/\/mobilitatechisinau.md\/wp-content\/uploads\/2024\/06\/reparatii-11000mp.jpg","contentUrl":"https:\/\/mobilitatechisinau.md\/wp-content\/uploads\/2024\/06\/reparatii-11000mp.jpg","width":1200,"height":700},{"@type":"BreadcrumbList","@id":"https:\/\/mobilitatechisinau.md\/?p=11451#breadcrumb","itemListElement":[{"@type":"ListItem","position":1,"name":"Prima pagin\u0103","item":"https:\/\/mobilitatechisinau.md\/"},{"@type":"ListItem","position":2,"name":"\u00cen perioada 10-16 iunie 2024, \u00ce.M. Regia \u201eExdrupo\u201d a intervenit cu lucr\u0103ri de repara\u021bie a drumurilor publice municipale, preponderent cu frez\u0103ri masive a suprafe\u021belor asfaltice, pe o suprafa\u021b\u0103 total\u0103 de peste 11 000 m.p."}]},{"@type":"WebSite","@id":"https:\/\/mobilitatechisinau.md\/#website","url":"https:\/\/mobilitatechisinau.md\/","name":"mobilitatechisinau.md","description":"Direc\u0163ia General\u0103 Mobilitate Urban\u0103","publisher":{"@id":"https:\/\/mobilitatechisinau.md\/#organization"},"potentialAction":[{"@type":"SearchAction","target":{"@type":"EntryPoint","urlTemplate":"https:\/\/mobilitatechisinau.md\/?s={search_term_string}"},"query-input":{"@type":"PropertyValueSpecification","valueRequired":true,"valueName":"search_term_string"}}],"inLanguage":"ro-RO"},{"@type":"Organization","@id":"https:\/\/mobilitatechisinau.md\/#organization","name":"Direc\u0163ia general\u0103 transport public \u015fi c\u0103i de comunica\u0163ie","url":"https:\/\/mobilitatechisinau.md\/","logo":{"@type":"ImageObject","inLanguage":"ro-RO","@id":"https:\/\/mobilitatechisinau.md\/#\/schema\/logo\/image\/","url":"https:\/\/dgtpcc.md\/wp-content\/uploads\/2022\/05\/DGTPCC-Chis\u0326ina\u0306u-new.jpg","contentUrl":"https:\/\/dgtpcc.md\/wp-content\/uploads\/2022\/05\/DGTPCC-Chis\u0326ina\u0306u-new.jpg","width":304,"height":80,"caption":"Direc\u0163ia general\u0103 transport public \u015fi c\u0103i de comunica\u0163ie"},"image":{"@id":"https:\/\/mobilitatechisinau.md\/#\/schema\/logo\/image\/"},"sameAs":["https:\/\/www.facebook.com\/DGTPCC"]},{"@type":"Person","@id":"https:\/\/mobilitatechisinau.md\/#\/schema\/person\/c25d28ff5553bea759689e10224709c7","name":"dgtpcc.md","image":{"@type":"ImageObject","inLanguage":"ro-RO","@id":"https:\/\/mobilitatechisinau.md\/#\/schema\/person\/image\/","url":"https:\/\/secure.gravatar.com\/avatar\/9057a81ed6aa6c63f6d0d045749b3708fa15d612e3a388d9ac7b50072146c906?s=96&d=mm&r=g","contentUrl":"https:\/\/secure.gravatar.com\/avatar\/9057a81ed6aa6c63f6d0d045749b3708fa15d612e3a388d9ac7b50072146c906?s=96&d=mm&r=g","caption":"dgtpcc.md"},"sameAs":["https:\/\/dgtpcc.md"],"url":"https:\/\/mobilitatechisinau.md\/?author=1"}]}},"_links":{"self":[{"href":"https:\/\/mobilitatechisinau.md\/index.php?rest_route=\/wp\/v2\/posts\/11451","targetHints":{"allow":["GET"]}}],"collection":[{"href":"https:\/\/mobilitatechisinau.md\/index.php?rest_route=\/wp\/v2\/posts"}],"about":[{"href":"https:\/\/mobilitatechisinau.md\/index.php?rest_route=\/wp\/v2\/types\/post"}],"author":[{"embeddable":true,"href":"https:\/\/mobilitatechisinau.md\/index.php?rest_route=\/wp\/v2\/users\/1"}],"replies":[{"embeddable":true,"href":"https:\/\/mobilitatechisinau.md\/index.php?rest_route=%2Fwp%2Fv2%2Fcomments&post=11451"}],"version-history":[{"count":0,"href":"https:\/\/mobilitatechisinau.md\/index.php?rest_route=\/wp\/v2\/posts\/11451\/revisions"}],"wp:featuredmedia":[{"embeddable":true,"href":"https:\/\/mobilitatechisinau.md\/index.php?rest_route=\/wp\/v2\/media\/11475"}],"wp:attachment":[{"href":"https:\/\/mobilitatechisinau.md\/index.php?rest_route=%2Fwp%2Fv2%2Fmedia&parent=11451"}],"wp:term":[{"taxonomy":"category","embeddable":true,"href":"https:\/\/mobilitatechisinau.md\/index.php?rest_route=%2Fwp%2Fv2%2Fcategories&post=11451"},{"taxonomy":"post_tag","embeddable":true,"href":"https:\/\/mobilitatechisinau.md\/index.php?rest_route=%2Fwp%2Fv2%2Ftags&post=11451"}],"curies":[{"name":"wp","href":"https:\/\/api.w.org\/{rel}","templated":true}]}}