{"id":11725,"date":"2024-07-01T08:42:06","date_gmt":"2024-07-01T06:42:06","guid":{"rendered":"https:\/\/mobilitatechisinau.md\/?p=11725"},"modified":"2024-07-08T08:57:25","modified_gmt":"2024-07-08T06:57:25","slug":"i-m-regia-exdrupo-a-executat-lucrari-masive-de-reparatie-a-drumurilor-publice-municipale-2","status":"publish","type":"post","link":"https:\/\/mobilitatechisinau.md\/?p=11725","title":{"rendered":"\u00ce.M. Regia \u201eExdrupo\u201d a executat lucr\u0103ri masive de repara\u021bie a drumurilor publice municipale"},"content":{"rendered":"\n<p>\u00cen perioada 24 &#8211; 30 iunie 2024, \u00ce.M. Regia \u201eExdrupo\u201d a executat lucr\u0103ri masive de repara\u021bie a drumurilor publice municipale, care presupun frezarea suprafe\u021belor asfaltice uzate pe o suprafa\u021b\u0103 total\u0103 de peste 3 000 m.p. \u0219i asfalt\u0103ri \u00een volum de 20 000 m.p.<\/p>\n\n\n\n<p>Cele mai mari volume de lucr\u0103ri au fost executate pe bd. Moscova, bd. Decebal, str. Vladimir Korolenco \u0219i str. Alba Iulia. De r\u00e2nd cu aceste lucr\u0103ri, au avut loc \u0219i ac\u021biuni de repara\u021bie sau \u00eenlocuirea bordurilor, <a><\/a>restabilirea canaliz\u0103rii pluviale \u0219i a altor re\u021bele din zona drumului, prin ridicarea la cot\u0103 sau schimbarea receptoarelor \u0219i gurilor de vizitare.<\/p>\n\n\n\n<p>\u00cen acela\u0219i timp, pe mai multe str\u0103zi din Capital\u0103 s-au \u00eentreprins lucr\u0103ri de lichidare a situa\u021biilor de avariere a drumurilor, prin plombarea gropilor cu asfalt cald, dar \u0219i prin metoda inject\u0103rii, iar pe str\u0103zile \u0218tefan Neaga \u0219i Uzinelor \u2013 Voluntarilor, au fost \u00eenlocuite borduri la carosabil.<\/p>\n\n\n\n<p>\u00cen cadrul lucr\u0103rilor contractate de Direc\u021bia General\u0103 Mobilitate Urban\u0103, a fost aplicat tratamentul bituminos de tip Slurry Seal pe bd. Mircea cel B\u0103tr\u00e2n, tronsonul cuprins \u00eentre str\u0103zile Petru Zadnipru \u0219i Prof. Ion Dumeniuc. Asemenea ac\u021biuni urmeaz\u0103 a fi demarate \u0219i pe str. Alba Iulia.<\/p>\n\n\n\n<p>La fel, au continuat ac\u021biunile de cur\u0103\u021bare \u0219i repara\u021bie a canaliz\u0103rii pluviale, fiind supuse interven\u021biilor peste 100 de elemente ale sistemului de captare a apelor, inclusiv fiind instalate 21 de f\u00e2nt\u00e2ni suplimentare, pentru sporirea capacit\u0103\u021bii de captare \u0219i prevenirea inunda\u021biilor.<\/p>\n\n\n\n<p>\u00cen contextul temperaturilor sporite, au fost stropite \u0219i sp\u0103late 19 artere din sectoarele Centru \u0219i Buiucani, iar alte drumuri publice municipale au fost salubrizate.<\/p>\n\n\n\n<p>Pentru sporirea siguran\u021bei \u00een trafic, \u00een s\u0103pt\u0103m\u00e2na precedent\u0103 au fost aplicate marcaje rutiere pe 19 str\u0103zi, pe o arie total\u0103 de circa 5 000 m.p., \u00een timp ce 75 de indicatoare rutiere au fost reparate sau \u00eentre\u021binute, \u00een toate sectoarele ora\u0219ului.<\/p>\n\n\n\n<p>\u00cen ceea ce prive\u0219te \u00eentre\u021binerea sistemului de iluminat public, pe parcursul s\u0103pt\u0103m\u00e2nii trecute, angaja\u021bii \u00ceM REI \u201eLumteh\u201d au executat lucr\u0103ri de \u00eenlocuirea cablurilor sau a pilonilor de iluminat, vopsirea suporturilor \u0219i a dulapurilor punctelor de alimentare, dar \u0219i de \u00eenlocuire sau repara\u021bia corpurilor de iluminat.<\/p>\n\n\n\n<p>Pe partea de semaforizare, \u00een intersec\u021bia str\u0103zilor Mihai Eminescu \u0219i Mihail Kog\u0103lniceanu au fost realizate lucr\u0103ri de modernizare a intersec\u021biei semaforizate, unde au fost monta\u021bi 3 piloni noi \u0219i o nou\u0103 re\u021bea de electricitate aerian\u0103, pentru alimentarea obiectivului de semafoare.<\/p>\n\n\n\n<p>Lucr\u0103rile de \u00eentre\u021binere a infrastructurii rutiere vor continua \u0219i pe parcursul s\u0103pt\u0103m\u00e2nii curente.<\/p>\n\n\n\n<p><a href=\"https:\/\/mobilitatechisinau.md\/?p=11726\">Galerie foto<\/a><\/p>\n","protected":false},"excerpt":{"rendered":"<p>\u00cen perioada 24 &#8211; 30 iunie 2024, \u00ce.M. Regia \u201eExdrupo\u201d a executat lucr\u0103ri masive de repara\u021bie a drumurilor publice municipale, care presupun frezarea suprafe\u021belor asfaltice uzate pe o suprafa\u021b\u0103 total\u0103 de peste 3 000 m.p. \u0219i asfalt\u0103ri \u00een volum de 20 000 m.p. Cele mai mari volume de lucr\u0103ri au fost executate pe bd. Moscova, [&hellip;]<\/p>\n","protected":false},"author":1,"featured_media":11761,"comment_status":"closed","ping_status":"closed","sticky":false,"template":"","format":"standard","meta":{"footnotes":""},"categories":[92],"tags":[],"class_list":["post-11725","post","type-post","status-publish","format-standard","has-post-thumbnail","hentry","category-comunicate"],"yoast_head":"<!-- This site is optimized with the Yoast SEO plugin v23.9 - https:\/\/yoast.com\/wordpress\/plugins\/seo\/ -->\n<title>\u00ce.M. Regia \u201eExdrupo\u201d a executat lucr\u0103ri masive de repara\u021bie a drumurilor publice municipale - mobilitatechisinau.md<\/title>\n<meta name=\"robots\" content=\"index, follow, max-snippet:-1, max-image-preview:large, max-video-preview:-1\" \/>\n<link rel=\"canonical\" href=\"https:\/\/mobilitatechisinau.md\/?p=11725\" \/>\n<meta property=\"og:locale\" content=\"ro_RO\" \/>\n<meta property=\"og:type\" content=\"article\" \/>\n<meta property=\"og:title\" content=\"\u00ce.M. Regia \u201eExdrupo\u201d a executat lucr\u0103ri masive de repara\u021bie a drumurilor publice municipale - mobilitatechisinau.md\" \/>\n<meta property=\"og:description\" content=\"\u00cen perioada 24 &#8211; 30 iunie 2024, \u00ce.M. Regia \u201eExdrupo\u201d a executat lucr\u0103ri masive de repara\u021bie a drumurilor publice municipale, care presupun frezarea suprafe\u021belor asfaltice uzate pe o suprafa\u021b\u0103 total\u0103 de peste 3 000 m.p. \u0219i asfalt\u0103ri \u00een volum de 20 000 m.p. Cele mai mari volume de lucr\u0103ri au fost executate pe bd. Moscova, [&hellip;]\" \/>\n<meta property=\"og:url\" content=\"https:\/\/mobilitatechisinau.md\/?p=11725\" \/>\n<meta property=\"og:site_name\" content=\"mobilitatechisinau.md\" \/>\n<meta property=\"article:publisher\" content=\"https:\/\/www.facebook.com\/DGTPCC\" \/>\n<meta property=\"article:published_time\" content=\"2024-07-01T06:42:06+00:00\" \/>\n<meta property=\"article:modified_time\" content=\"2024-07-08T06:57:25+00:00\" \/>\n<meta property=\"og:image\" content=\"https:\/\/mobilitatechisinau.md\/wp-content\/uploads\/2024\/07\/poza-3.jpg\" \/>\n\t<meta property=\"og:image:width\" content=\"1200\" \/>\n\t<meta property=\"og:image:height\" content=\"700\" \/>\n\t<meta property=\"og:image:type\" content=\"image\/jpeg\" \/>\n<meta name=\"author\" content=\"dgtpcc.md\" \/>\n<meta name=\"twitter:card\" content=\"summary_large_image\" \/>\n<meta name=\"twitter:label1\" content=\"Scris de\" \/>\n\t<meta name=\"twitter:data1\" content=\"dgtpcc.md\" \/>\n\t<meta name=\"twitter:label2\" content=\"Timp estimat pentru citire\" \/>\n\t<meta name=\"twitter:data2\" content=\"3 minute\" \/>\n<script type=\"application\/ld+json\" class=\"yoast-schema-graph\">{\"@context\":\"https:\/\/schema.org\",\"@graph\":[{\"@type\":\"Article\",\"@id\":\"https:\/\/mobilitatechisinau.md\/?p=11725#article\",\"isPartOf\":{\"@id\":\"https:\/\/mobilitatechisinau.md\/?p=11725\"},\"author\":{\"name\":\"dgtpcc.md\",\"@id\":\"https:\/\/mobilitatechisinau.md\/#\/schema\/person\/c25d28ff5553bea759689e10224709c7\"},\"headline\":\"\u00ce.M. Regia \u201eExdrupo\u201d a executat lucr\u0103ri masive de repara\u021bie a drumurilor publice municipale\",\"datePublished\":\"2024-07-01T06:42:06+00:00\",\"dateModified\":\"2024-07-08T06:57:25+00:00\",\"mainEntityOfPage\":{\"@id\":\"https:\/\/mobilitatechisinau.md\/?p=11725\"},\"wordCount\":457,\"publisher\":{\"@id\":\"https:\/\/mobilitatechisinau.md\/#organization\"},\"image\":{\"@id\":\"https:\/\/mobilitatechisinau.md\/?p=11725#primaryimage\"},\"thumbnailUrl\":\"https:\/\/mobilitatechisinau.md\/wp-content\/uploads\/2024\/07\/poza-3.jpg\",\"articleSection\":[\"Comunicate de pres\u0103\"],\"inLanguage\":\"ro-RO\"},{\"@type\":\"WebPage\",\"@id\":\"https:\/\/mobilitatechisinau.md\/?p=11725\",\"url\":\"https:\/\/mobilitatechisinau.md\/?p=11725\",\"name\":\"\u00ce.M. Regia \u201eExdrupo\u201d a executat lucr\u0103ri masive de repara\u021bie a drumurilor publice municipale - mobilitatechisinau.md\",\"isPartOf\":{\"@id\":\"https:\/\/mobilitatechisinau.md\/#website\"},\"primaryImageOfPage\":{\"@id\":\"https:\/\/mobilitatechisinau.md\/?p=11725#primaryimage\"},\"image\":{\"@id\":\"https:\/\/mobilitatechisinau.md\/?p=11725#primaryimage\"},\"thumbnailUrl\":\"https:\/\/mobilitatechisinau.md\/wp-content\/uploads\/2024\/07\/poza-3.jpg\",\"datePublished\":\"2024-07-01T06:42:06+00:00\",\"dateModified\":\"2024-07-08T06:57:25+00:00\",\"breadcrumb\":{\"@id\":\"https:\/\/mobilitatechisinau.md\/?p=11725#breadcrumb\"},\"inLanguage\":\"ro-RO\",\"potentialAction\":[{\"@type\":\"ReadAction\",\"target\":[\"https:\/\/mobilitatechisinau.md\/?p=11725\"]}]},{\"@type\":\"ImageObject\",\"inLanguage\":\"ro-RO\",\"@id\":\"https:\/\/mobilitatechisinau.md\/?p=11725#primaryimage\",\"url\":\"https:\/\/mobilitatechisinau.md\/wp-content\/uploads\/2024\/07\/poza-3.jpg\",\"contentUrl\":\"https:\/\/mobilitatechisinau.md\/wp-content\/uploads\/2024\/07\/poza-3.jpg\",\"width\":1200,\"height\":700},{\"@type\":\"BreadcrumbList\",\"@id\":\"https:\/\/mobilitatechisinau.md\/?p=11725#breadcrumb\",\"itemListElement\":[{\"@type\":\"ListItem\",\"position\":1,\"name\":\"Prima pagin\u0103\",\"item\":\"https:\/\/mobilitatechisinau.md\/\"},{\"@type\":\"ListItem\",\"position\":2,\"name\":\"\u00ce.M. Regia \u201eExdrupo\u201d a executat lucr\u0103ri masive de repara\u021bie a drumurilor publice municipale\"}]},{\"@type\":\"WebSite\",\"@id\":\"https:\/\/mobilitatechisinau.md\/#website\",\"url\":\"https:\/\/mobilitatechisinau.md\/\",\"name\":\"mobilitatechisinau.md\",\"description\":\"Direc\u0163ia General\u0103 Mobilitate Urban\u0103\",\"publisher\":{\"@id\":\"https:\/\/mobilitatechisinau.md\/#organization\"},\"potentialAction\":[{\"@type\":\"SearchAction\",\"target\":{\"@type\":\"EntryPoint\",\"urlTemplate\":\"https:\/\/mobilitatechisinau.md\/?s={search_term_string}\"},\"query-input\":{\"@type\":\"PropertyValueSpecification\",\"valueRequired\":true,\"valueName\":\"search_term_string\"}}],\"inLanguage\":\"ro-RO\"},{\"@type\":\"Organization\",\"@id\":\"https:\/\/mobilitatechisinau.md\/#organization\",\"name\":\"Direc\u0163ia general\u0103 transport public \u015fi c\u0103i de comunica\u0163ie\",\"url\":\"https:\/\/mobilitatechisinau.md\/\",\"logo\":{\"@type\":\"ImageObject\",\"inLanguage\":\"ro-RO\",\"@id\":\"https:\/\/mobilitatechisinau.md\/#\/schema\/logo\/image\/\",\"url\":\"https:\/\/dgtpcc.md\/wp-content\/uploads\/2022\/05\/DGTPCC-Chis\u0326ina\u0306u-new.jpg\",\"contentUrl\":\"https:\/\/dgtpcc.md\/wp-content\/uploads\/2022\/05\/DGTPCC-Chis\u0326ina\u0306u-new.jpg\",\"width\":304,\"height\":80,\"caption\":\"Direc\u0163ia general\u0103 transport public \u015fi c\u0103i de comunica\u0163ie\"},\"image\":{\"@id\":\"https:\/\/mobilitatechisinau.md\/#\/schema\/logo\/image\/\"},\"sameAs\":[\"https:\/\/www.facebook.com\/DGTPCC\"]},{\"@type\":\"Person\",\"@id\":\"https:\/\/mobilitatechisinau.md\/#\/schema\/person\/c25d28ff5553bea759689e10224709c7\",\"name\":\"dgtpcc.md\",\"image\":{\"@type\":\"ImageObject\",\"inLanguage\":\"ro-RO\",\"@id\":\"https:\/\/mobilitatechisinau.md\/#\/schema\/person\/image\/\",\"url\":\"https:\/\/secure.gravatar.com\/avatar\/9057a81ed6aa6c63f6d0d045749b3708fa15d612e3a388d9ac7b50072146c906?s=96&d=mm&r=g\",\"contentUrl\":\"https:\/\/secure.gravatar.com\/avatar\/9057a81ed6aa6c63f6d0d045749b3708fa15d612e3a388d9ac7b50072146c906?s=96&d=mm&r=g\",\"caption\":\"dgtpcc.md\"},\"sameAs\":[\"https:\/\/dgtpcc.md\"],\"url\":\"https:\/\/mobilitatechisinau.md\/?author=1\"}]}<\/script>\n<!-- \/ Yoast SEO plugin. -->","yoast_head_json":{"title":"\u00ce.M. Regia \u201eExdrupo\u201d a executat lucr\u0103ri masive de repara\u021bie a drumurilor publice municipale - mobilitatechisinau.md","robots":{"index":"index","follow":"follow","max-snippet":"max-snippet:-1","max-image-preview":"max-image-preview:large","max-video-preview":"max-video-preview:-1"},"canonical":"https:\/\/mobilitatechisinau.md\/?p=11725","og_locale":"ro_RO","og_type":"article","og_title":"\u00ce.M. Regia \u201eExdrupo\u201d a executat lucr\u0103ri masive de repara\u021bie a drumurilor publice municipale - mobilitatechisinau.md","og_description":"\u00cen perioada 24 &#8211; 30 iunie 2024, \u00ce.M. Regia \u201eExdrupo\u201d a executat lucr\u0103ri masive de repara\u021bie a drumurilor publice municipale, care presupun frezarea suprafe\u021belor asfaltice uzate pe o suprafa\u021b\u0103 total\u0103 de peste 3 000 m.p. \u0219i asfalt\u0103ri \u00een volum de 20 000 m.p. Cele mai mari volume de lucr\u0103ri au fost executate pe bd. Moscova, [&hellip;]","og_url":"https:\/\/mobilitatechisinau.md\/?p=11725","og_site_name":"mobilitatechisinau.md","article_publisher":"https:\/\/www.facebook.com\/DGTPCC","article_published_time":"2024-07-01T06:42:06+00:00","article_modified_time":"2024-07-08T06:57:25+00:00","og_image":[{"width":1200,"height":700,"url":"https:\/\/mobilitatechisinau.md\/wp-content\/uploads\/2024\/07\/poza-3.jpg","type":"image\/jpeg"}],"author":"dgtpcc.md","twitter_card":"summary_large_image","twitter_misc":{"Scris de":"dgtpcc.md","Timp estimat pentru citire":"3 minute"},"schema":{"@context":"https:\/\/schema.org","@graph":[{"@type":"Article","@id":"https:\/\/mobilitatechisinau.md\/?p=11725#article","isPartOf":{"@id":"https:\/\/mobilitatechisinau.md\/?p=11725"},"author":{"name":"dgtpcc.md","@id":"https:\/\/mobilitatechisinau.md\/#\/schema\/person\/c25d28ff5553bea759689e10224709c7"},"headline":"\u00ce.M. Regia \u201eExdrupo\u201d a executat lucr\u0103ri masive de repara\u021bie a drumurilor publice municipale","datePublished":"2024-07-01T06:42:06+00:00","dateModified":"2024-07-08T06:57:25+00:00","mainEntityOfPage":{"@id":"https:\/\/mobilitatechisinau.md\/?p=11725"},"wordCount":457,"publisher":{"@id":"https:\/\/mobilitatechisinau.md\/#organization"},"image":{"@id":"https:\/\/mobilitatechisinau.md\/?p=11725#primaryimage"},"thumbnailUrl":"https:\/\/mobilitatechisinau.md\/wp-content\/uploads\/2024\/07\/poza-3.jpg","articleSection":["Comunicate de pres\u0103"],"inLanguage":"ro-RO"},{"@type":"WebPage","@id":"https:\/\/mobilitatechisinau.md\/?p=11725","url":"https:\/\/mobilitatechisinau.md\/?p=11725","name":"\u00ce.M. Regia \u201eExdrupo\u201d a executat lucr\u0103ri masive de repara\u021bie a drumurilor publice municipale - mobilitatechisinau.md","isPartOf":{"@id":"https:\/\/mobilitatechisinau.md\/#website"},"primaryImageOfPage":{"@id":"https:\/\/mobilitatechisinau.md\/?p=11725#primaryimage"},"image":{"@id":"https:\/\/mobilitatechisinau.md\/?p=11725#primaryimage"},"thumbnailUrl":"https:\/\/mobilitatechisinau.md\/wp-content\/uploads\/2024\/07\/poza-3.jpg","datePublished":"2024-07-01T06:42:06+00:00","dateModified":"2024-07-08T06:57:25+00:00","breadcrumb":{"@id":"https:\/\/mobilitatechisinau.md\/?p=11725#breadcrumb"},"inLanguage":"ro-RO","potentialAction":[{"@type":"ReadAction","target":["https:\/\/mobilitatechisinau.md\/?p=11725"]}]},{"@type":"ImageObject","inLanguage":"ro-RO","@id":"https:\/\/mobilitatechisinau.md\/?p=11725#primaryimage","url":"https:\/\/mobilitatechisinau.md\/wp-content\/uploads\/2024\/07\/poza-3.jpg","contentUrl":"https:\/\/mobilitatechisinau.md\/wp-content\/uploads\/2024\/07\/poza-3.jpg","width":1200,"height":700},{"@type":"BreadcrumbList","@id":"https:\/\/mobilitatechisinau.md\/?p=11725#breadcrumb","itemListElement":[{"@type":"ListItem","position":1,"name":"Prima pagin\u0103","item":"https:\/\/mobilitatechisinau.md\/"},{"@type":"ListItem","position":2,"name":"\u00ce.M. Regia \u201eExdrupo\u201d a executat lucr\u0103ri masive de repara\u021bie a drumurilor publice municipale"}]},{"@type":"WebSite","@id":"https:\/\/mobilitatechisinau.md\/#website","url":"https:\/\/mobilitatechisinau.md\/","name":"mobilitatechisinau.md","description":"Direc\u0163ia General\u0103 Mobilitate Urban\u0103","publisher":{"@id":"https:\/\/mobilitatechisinau.md\/#organization"},"potentialAction":[{"@type":"SearchAction","target":{"@type":"EntryPoint","urlTemplate":"https:\/\/mobilitatechisinau.md\/?s={search_term_string}"},"query-input":{"@type":"PropertyValueSpecification","valueRequired":true,"valueName":"search_term_string"}}],"inLanguage":"ro-RO"},{"@type":"Organization","@id":"https:\/\/mobilitatechisinau.md\/#organization","name":"Direc\u0163ia general\u0103 transport public \u015fi c\u0103i de comunica\u0163ie","url":"https:\/\/mobilitatechisinau.md\/","logo":{"@type":"ImageObject","inLanguage":"ro-RO","@id":"https:\/\/mobilitatechisinau.md\/#\/schema\/logo\/image\/","url":"https:\/\/dgtpcc.md\/wp-content\/uploads\/2022\/05\/DGTPCC-Chis\u0326ina\u0306u-new.jpg","contentUrl":"https:\/\/dgtpcc.md\/wp-content\/uploads\/2022\/05\/DGTPCC-Chis\u0326ina\u0306u-new.jpg","width":304,"height":80,"caption":"Direc\u0163ia general\u0103 transport public \u015fi c\u0103i de comunica\u0163ie"},"image":{"@id":"https:\/\/mobilitatechisinau.md\/#\/schema\/logo\/image\/"},"sameAs":["https:\/\/www.facebook.com\/DGTPCC"]},{"@type":"Person","@id":"https:\/\/mobilitatechisinau.md\/#\/schema\/person\/c25d28ff5553bea759689e10224709c7","name":"dgtpcc.md","image":{"@type":"ImageObject","inLanguage":"ro-RO","@id":"https:\/\/mobilitatechisinau.md\/#\/schema\/person\/image\/","url":"https:\/\/secure.gravatar.com\/avatar\/9057a81ed6aa6c63f6d0d045749b3708fa15d612e3a388d9ac7b50072146c906?s=96&d=mm&r=g","contentUrl":"https:\/\/secure.gravatar.com\/avatar\/9057a81ed6aa6c63f6d0d045749b3708fa15d612e3a388d9ac7b50072146c906?s=96&d=mm&r=g","caption":"dgtpcc.md"},"sameAs":["https:\/\/dgtpcc.md"],"url":"https:\/\/mobilitatechisinau.md\/?author=1"}]}},"_links":{"self":[{"href":"https:\/\/mobilitatechisinau.md\/index.php?rest_route=\/wp\/v2\/posts\/11725","targetHints":{"allow":["GET"]}}],"collection":[{"href":"https:\/\/mobilitatechisinau.md\/index.php?rest_route=\/wp\/v2\/posts"}],"about":[{"href":"https:\/\/mobilitatechisinau.md\/index.php?rest_route=\/wp\/v2\/types\/post"}],"author":[{"embeddable":true,"href":"https:\/\/mobilitatechisinau.md\/index.php?rest_route=\/wp\/v2\/users\/1"}],"replies":[{"embeddable":true,"href":"https:\/\/mobilitatechisinau.md\/index.php?rest_route=%2Fwp%2Fv2%2Fcomments&post=11725"}],"version-history":[{"count":0,"href":"https:\/\/mobilitatechisinau.md\/index.php?rest_route=\/wp\/v2\/posts\/11725\/revisions"}],"wp:featuredmedia":[{"embeddable":true,"href":"https:\/\/mobilitatechisinau.md\/index.php?rest_route=\/wp\/v2\/media\/11761"}],"wp:attachment":[{"href":"https:\/\/mobilitatechisinau.md\/index.php?rest_route=%2Fwp%2Fv2%2Fmedia&parent=11725"}],"wp:term":[{"taxonomy":"category","embeddable":true,"href":"https:\/\/mobilitatechisinau.md\/index.php?rest_route=%2Fwp%2Fv2%2Fcategories&post=11725"},{"taxonomy":"post_tag","embeddable":true,"href":"https:\/\/mobilitatechisinau.md\/index.php?rest_route=%2Fwp%2Fv2%2Ftags&post=11725"}],"curies":[{"name":"wp","href":"https:\/\/api.w.org\/{rel}","templated":true}]}}