{"id":11839,"date":"2024-07-08T10:23:40","date_gmt":"2024-07-08T08:23:40","guid":{"rendered":"https:\/\/mobilitatechisinau.md\/?p=11839"},"modified":"2024-07-17T11:06:24","modified_gmt":"2024-07-17T09:06:24","slug":"lucrari-de-reparatie-si-intretinere-a-drumurilor-publice-municipale-executate-pe-parcursul-saptamanii-trecute","status":"publish","type":"post","link":"https:\/\/mobilitatechisinau.md\/?p=11839","title":{"rendered":"Lucr\u0103ri de repara\u021bie \u0219i \u00eentre\u021binere a drumurilor publice municipale, executate pe parcursul s\u0103pt\u0103m\u00e2nii trecute"},"content":{"rendered":"\n<p>\u00cen perioada 1 &#8211; 7 iulie 2024, \u00ce.M. Regia \u201eExdrupo\u201d a intervenit cu lucr\u0103ri de repara\u021bie \u0219i \u00eentre\u021binere a drumurilor publice municipale, care presupun frezarea suprafe\u021belor asfaltice uzate pe o suprafa\u021b\u0103 total\u0103 de peste 12 000 m.p. \u0219i asfalt\u0103ri \u00een volum de circa 3 000 m.p. <br><br>Cele mai mari volume de lucr\u0103ri au fost executate pe bd. Decebal, unde concomitent au fost ridicate la cot\u0103 peste 100 receptoare \u0219i f\u00e2nt\u00e2ni de vizitare, dar \u0219i pe bd. Moscova \u0219i bd. Mircea cel B\u0103tr\u00e2n. <br>Totodat\u0103, pe mai multe str\u0103zi din Capital\u0103 s-au \u00eentreprins lucr\u0103ri de lichidare a situa\u021biilor de avariere a drumurilor, prin plombarea gropilor cu asfalt cald, dar \u0219i prin metoda inject\u0103rii. <br><br>\u00cen acela\u0219i timp, au continuat ac\u021biunile de repara\u021bie a canaliz\u0103rii pluviale, fiind supuse interven\u021biilor peste 170 de elemente ale re\u021belei. Acestea presupun instalarea f\u00e2nt\u00e2nilor de vizitare, \u00eenlocuirea grilajelor \u0219i ridicarea la cota drumului. <br><br>Pentru sporirea siguran\u021bei \u00een trafic, \u00een s\u0103pt\u0103m\u00e2na precedent\u0103 au fost aplicate marcaje rutiere longitudinale, transversale \u0219i de alt tip, precum covoare ro\u0219ii, insuli\u021be \u0219i s\u0103ge\u021bi, pe mai mute str\u0103zi, pe o arie total\u0103 de peste 4 700 m.p. Lucr\u0103rile au fost executate de operatorul municipal \u201eExdrupo\u201d, \u00eempreun\u0103 cu agentul economic contractat de Direc\u021bia General\u0103 Mobilitate Urban\u0103. \u00cen acela\u0219i timp, peste 100 de indicatoare rutiere au fost reparate sau \u00eentre\u021binute, \u00een toate sectoarele ora\u0219ului. <br><br>\u00cen contextul temperaturilor sporite, pentru a preveni deformarea suprafe\u021bei asfaltice, au fost stropite \u0219i sp\u0103late 36 str\u0103zi \u00een toate sectoarele ora\u0219ului, iar alte drumuri publice municipale au fost salubrizate. <br><br>\u00cen cadrul lucr\u0103rilor contractate de Direc\u021bia General\u0103 Mobilitate Urban\u0103, continu\u0103 ac\u021biunile de repara\u021bie a c\u0103ilor de acces c\u0103tre institu\u021biile educa\u021bionale, dar \u0219i a zonei pietonale de pe bd. Rena\u0219terii Na\u021bionale, \u00een zona rondului din intersec\u021bia cu str. Calea Orheiului. Totodat\u0103, pe bd. Mircea cel B\u0103tr\u00e2n, tronsonul cuprins \u00eentre str\u0103zile Petru Zadnipru \u0219i Prof. Ion Dumeniuc, se aplic\u0103 stratul final de amestec bituminos Slurry Seal. <br><br>Lucr\u0103rile de \u00eentre\u021binere a infrastructurii rutiere vor continua \u0219i pe parcursul s\u0103pt\u0103m\u00e2nii curente.<\/p>\n\n\n\n<figure class=\"wp-block-gallery has-nested-images columns-default is-cropped wp-block-gallery-1 is-layout-flex wp-block-gallery-is-layout-flex\">\n<figure class=\"wp-block-image size-large\"><img fetchpriority=\"high\" decoding=\"async\" width=\"768\" height=\"1024\" data-id=\"11848\" src=\"https:\/\/mobilitatechisinau.md\/wp-content\/uploads\/2024\/07\/449957628_465959129404481_843622076151831305_n-768x1024.jpg\" alt=\"\" class=\"wp-image-11848\" srcset=\"https:\/\/mobilitatechisinau.md\/wp-content\/uploads\/2024\/07\/449957628_465959129404481_843622076151831305_n-768x1024.jpg 768w, https:\/\/mobilitatechisinau.md\/wp-content\/uploads\/2024\/07\/449957628_465959129404481_843622076151831305_n-225x300.jpg 225w, https:\/\/mobilitatechisinau.md\/wp-content\/uploads\/2024\/07\/449957628_465959129404481_843622076151831305_n-9x12.jpg 9w, https:\/\/mobilitatechisinau.md\/wp-content\/uploads\/2024\/07\/449957628_465959129404481_843622076151831305_n-480x640.jpg 480w, https:\/\/mobilitatechisinau.md\/wp-content\/uploads\/2024\/07\/449957628_465959129404481_843622076151831305_n.jpg 960w\" sizes=\"(max-width: 768px) 100vw, 768px\" \/><\/figure>\n\n\n\n<figure class=\"wp-block-image size-large is-style-default\"><img decoding=\"async\" width=\"1024\" height=\"768\" data-id=\"11850\" src=\"https:\/\/mobilitatechisinau.md\/wp-content\/uploads\/2024\/07\/450073581_465957789404615_6307405296334021676_n-1-1024x768.jpg\" alt=\"\" class=\"wp-image-11850\" srcset=\"https:\/\/mobilitatechisinau.md\/wp-content\/uploads\/2024\/07\/450073581_465957789404615_6307405296334021676_n-1-1024x768.jpg 1024w, https:\/\/mobilitatechisinau.md\/wp-content\/uploads\/2024\/07\/450073581_465957789404615_6307405296334021676_n-1-300x225.jpg 300w, https:\/\/mobilitatechisinau.md\/wp-content\/uploads\/2024\/07\/450073581_465957789404615_6307405296334021676_n-1-768x576.jpg 768w, https:\/\/mobilitatechisinau.md\/wp-content\/uploads\/2024\/07\/450073581_465957789404615_6307405296334021676_n-1-1536x1152.jpg 1536w, https:\/\/mobilitatechisinau.md\/wp-content\/uploads\/2024\/07\/450073581_465957789404615_6307405296334021676_n-1-16x12.jpg 16w, https:\/\/mobilitatechisinau.md\/wp-content\/uploads\/2024\/07\/450073581_465957789404615_6307405296334021676_n-1-800x600.jpg 800w, https:\/\/mobilitatechisinau.md\/wp-content\/uploads\/2024\/07\/450073581_465957789404615_6307405296334021676_n-1.jpg 1600w\" sizes=\"(max-width: 1024px) 100vw, 1024px\" \/><\/figure>\n\n\n\n<figure class=\"wp-block-image size-large is-style-default\"><img decoding=\"async\" width=\"768\" height=\"1024\" data-id=\"11849\" src=\"https:\/\/mobilitatechisinau.md\/wp-content\/uploads\/2024\/07\/450081705_465957816071279_7924532840730316894_n-768x1024.jpg\" alt=\"\" class=\"wp-image-11849\" srcset=\"https:\/\/mobilitatechisinau.md\/wp-content\/uploads\/2024\/07\/450081705_465957816071279_7924532840730316894_n-768x1024.jpg 768w, https:\/\/mobilitatechisinau.md\/wp-content\/uploads\/2024\/07\/450081705_465957816071279_7924532840730316894_n-225x300.jpg 225w, https:\/\/mobilitatechisinau.md\/wp-content\/uploads\/2024\/07\/450081705_465957816071279_7924532840730316894_n-9x12.jpg 9w, https:\/\/mobilitatechisinau.md\/wp-content\/uploads\/2024\/07\/450081705_465957816071279_7924532840730316894_n-480x640.jpg 480w, https:\/\/mobilitatechisinau.md\/wp-content\/uploads\/2024\/07\/450081705_465957816071279_7924532840730316894_n.jpg 960w\" sizes=\"(max-width: 768px) 100vw, 768px\" \/><\/figure>\n\n\n\n<figure class=\"wp-block-image size-large\"><img loading=\"lazy\" decoding=\"async\" width=\"768\" height=\"1024\" data-id=\"11855\" src=\"https:\/\/mobilitatechisinau.md\/wp-content\/uploads\/2024\/07\/450179569_465958956071165_6626148530344076176_n-768x1024.jpg\" alt=\"\" class=\"wp-image-11855\" srcset=\"https:\/\/mobilitatechisinau.md\/wp-content\/uploads\/2024\/07\/450179569_465958956071165_6626148530344076176_n-768x1024.jpg 768w, https:\/\/mobilitatechisinau.md\/wp-content\/uploads\/2024\/07\/450179569_465958956071165_6626148530344076176_n-225x300.jpg 225w, https:\/\/mobilitatechisinau.md\/wp-content\/uploads\/2024\/07\/450179569_465958956071165_6626148530344076176_n-1152x1536.jpg 1152w, https:\/\/mobilitatechisinau.md\/wp-content\/uploads\/2024\/07\/450179569_465958956071165_6626148530344076176_n-9x12.jpg 9w, https:\/\/mobilitatechisinau.md\/wp-content\/uploads\/2024\/07\/450179569_465958956071165_6626148530344076176_n-600x800.jpg 600w, https:\/\/mobilitatechisinau.md\/wp-content\/uploads\/2024\/07\/450179569_465958956071165_6626148530344076176_n.jpg 1200w\" sizes=\"(max-width: 768px) 100vw, 768px\" \/><\/figure>\n\n\n\n<figure class=\"wp-block-image size-large\"><img loading=\"lazy\" decoding=\"async\" width=\"768\" height=\"1024\" data-id=\"11856\" src=\"https:\/\/mobilitatechisinau.md\/wp-content\/uploads\/2024\/07\/450240820_465959039404490_8133523644440916213_n-768x1024.jpg\" alt=\"\" class=\"wp-image-11856\" srcset=\"https:\/\/mobilitatechisinau.md\/wp-content\/uploads\/2024\/07\/450240820_465959039404490_8133523644440916213_n-768x1024.jpg 768w, https:\/\/mobilitatechisinau.md\/wp-content\/uploads\/2024\/07\/450240820_465959039404490_8133523644440916213_n-225x300.jpg 225w, https:\/\/mobilitatechisinau.md\/wp-content\/uploads\/2024\/07\/450240820_465959039404490_8133523644440916213_n-1152x1536.jpg 1152w, https:\/\/mobilitatechisinau.md\/wp-content\/uploads\/2024\/07\/450240820_465959039404490_8133523644440916213_n-9x12.jpg 9w, https:\/\/mobilitatechisinau.md\/wp-content\/uploads\/2024\/07\/450240820_465959039404490_8133523644440916213_n-600x800.jpg 600w, https:\/\/mobilitatechisinau.md\/wp-content\/uploads\/2024\/07\/450240820_465959039404490_8133523644440916213_n.jpg 1200w\" sizes=\"(max-width: 768px) 100vw, 768px\" \/><\/figure>\n\n\n\n<figure class=\"wp-block-image size-large\"><img loading=\"lazy\" decoding=\"async\" width=\"1024\" height=\"768\" data-id=\"11851\" src=\"https:\/\/mobilitatechisinau.md\/wp-content\/uploads\/2024\/07\/450242229_465958852737842_3117246738626966634_n-1024x768.jpg\" alt=\"\" class=\"wp-image-11851\" srcset=\"https:\/\/mobilitatechisinau.md\/wp-content\/uploads\/2024\/07\/450242229_465958852737842_3117246738626966634_n-1024x768.jpg 1024w, https:\/\/mobilitatechisinau.md\/wp-content\/uploads\/2024\/07\/450242229_465958852737842_3117246738626966634_n-300x225.jpg 300w, https:\/\/mobilitatechisinau.md\/wp-content\/uploads\/2024\/07\/450242229_465958852737842_3117246738626966634_n-768x576.jpg 768w, https:\/\/mobilitatechisinau.md\/wp-content\/uploads\/2024\/07\/450242229_465958852737842_3117246738626966634_n-1536x1152.jpg 1536w, https:\/\/mobilitatechisinau.md\/wp-content\/uploads\/2024\/07\/450242229_465958852737842_3117246738626966634_n-16x12.jpg 16w, https:\/\/mobilitatechisinau.md\/wp-content\/uploads\/2024\/07\/450242229_465958852737842_3117246738626966634_n-800x600.jpg 800w, https:\/\/mobilitatechisinau.md\/wp-content\/uploads\/2024\/07\/450242229_465958852737842_3117246738626966634_n.jpg 1600w\" sizes=\"(max-width: 1024px) 100vw, 1024px\" \/><\/figure>\n<\/figure>\n","protected":false},"excerpt":{"rendered":"<p>\u00cen perioada 1 &#8211; 7 iulie 2024, \u00ce.M. Regia \u201eExdrupo\u201d a intervenit cu lucr\u0103ri de repara\u021bie \u0219i \u00eentre\u021binere a drumurilor publice municipale, care presupun frezarea suprafe\u021belor asfaltice uzate pe o suprafa\u021b\u0103 total\u0103 de peste 12 000 m.p. \u0219i asfalt\u0103ri \u00een volum de circa 3 000 m.p. Cele mai mari volume de lucr\u0103ri au fost executate [&hellip;]<\/p>\n","protected":false},"author":2,"featured_media":11897,"comment_status":"closed","ping_status":"open","sticky":false,"template":"","format":"standard","meta":{"footnotes":""},"categories":[92],"tags":[],"class_list":["post-11839","post","type-post","status-publish","format-standard","has-post-thumbnail","hentry","category-comunicate"],"yoast_head":"<!-- This site is optimized with the Yoast SEO plugin v23.9 - https:\/\/yoast.com\/wordpress\/plugins\/seo\/ -->\n<title>Lucr\u0103ri de repara\u021bie \u0219i \u00eentre\u021binere a drumurilor publice municipale, executate pe parcursul s\u0103pt\u0103m\u00e2nii trecute - mobilitatechisinau.md<\/title>\n<meta name=\"robots\" content=\"index, follow, max-snippet:-1, max-image-preview:large, max-video-preview:-1\" \/>\n<link rel=\"canonical\" href=\"https:\/\/mobilitatechisinau.md\/?p=11839\" \/>\n<meta property=\"og:locale\" content=\"ro_RO\" \/>\n<meta property=\"og:type\" content=\"article\" \/>\n<meta property=\"og:title\" content=\"Lucr\u0103ri de repara\u021bie \u0219i \u00eentre\u021binere a drumurilor publice municipale, executate pe parcursul s\u0103pt\u0103m\u00e2nii trecute - mobilitatechisinau.md\" \/>\n<meta property=\"og:description\" content=\"\u00cen perioada 1 &#8211; 7 iulie 2024, \u00ce.M. Regia \u201eExdrupo\u201d a intervenit cu lucr\u0103ri de repara\u021bie \u0219i \u00eentre\u021binere a drumurilor publice municipale, care presupun frezarea suprafe\u021belor asfaltice uzate pe o suprafa\u021b\u0103 total\u0103 de peste 12 000 m.p. \u0219i asfalt\u0103ri \u00een volum de circa 3 000 m.p. Cele mai mari volume de lucr\u0103ri au fost executate [&hellip;]\" \/>\n<meta property=\"og:url\" content=\"https:\/\/mobilitatechisinau.md\/?p=11839\" \/>\n<meta property=\"og:site_name\" content=\"mobilitatechisinau.md\" \/>\n<meta property=\"article:publisher\" content=\"https:\/\/www.facebook.com\/DGTPCC\" \/>\n<meta property=\"article:published_time\" content=\"2024-07-08T08:23:40+00:00\" \/>\n<meta property=\"article:modified_time\" content=\"2024-07-17T09:06:24+00:00\" \/>\n<meta property=\"og:image\" content=\"https:\/\/mobilitatechisinau.md\/wp-content\/uploads\/2024\/07\/450102034_465959186071142_3532876322920940926_n-1.jpg\" \/>\n\t<meta property=\"og:image:width\" content=\"1200\" \/>\n\t<meta property=\"og:image:height\" content=\"909\" \/>\n\t<meta property=\"og:image:type\" content=\"image\/jpeg\" \/>\n<meta name=\"author\" content=\"Baltag Veronica\" \/>\n<meta name=\"twitter:card\" content=\"summary_large_image\" \/>\n<meta name=\"twitter:label1\" content=\"Scris de\" \/>\n\t<meta name=\"twitter:data1\" content=\"Baltag Veronica\" \/>\n\t<meta name=\"twitter:label2\" content=\"Timp estimat pentru citire\" \/>\n\t<meta name=\"twitter:data2\" content=\"4 minute\" \/>\n<script type=\"application\/ld+json\" class=\"yoast-schema-graph\">{\"@context\":\"https:\/\/schema.org\",\"@graph\":[{\"@type\":\"Article\",\"@id\":\"https:\/\/mobilitatechisinau.md\/?p=11839#article\",\"isPartOf\":{\"@id\":\"https:\/\/mobilitatechisinau.md\/?p=11839\"},\"author\":{\"name\":\"Baltag Veronica\",\"@id\":\"https:\/\/mobilitatechisinau.md\/#\/schema\/person\/413b8392e030061e7e17321fb9b7dbae\"},\"headline\":\"Lucr\u0103ri de repara\u021bie \u0219i \u00eentre\u021binere a drumurilor publice municipale, executate pe parcursul s\u0103pt\u0103m\u00e2nii trecute\",\"datePublished\":\"2024-07-08T08:23:40+00:00\",\"dateModified\":\"2024-07-17T09:06:24+00:00\",\"mainEntityOfPage\":{\"@id\":\"https:\/\/mobilitatechisinau.md\/?p=11839\"},\"wordCount\":392,\"publisher\":{\"@id\":\"https:\/\/mobilitatechisinau.md\/#organization\"},\"image\":{\"@id\":\"https:\/\/mobilitatechisinau.md\/?p=11839#primaryimage\"},\"thumbnailUrl\":\"https:\/\/mobilitatechisinau.md\/wp-content\/uploads\/2024\/07\/1-4.jpg\",\"articleSection\":[\"Comunicate de pres\u0103\"],\"inLanguage\":\"ro-RO\"},{\"@type\":\"WebPage\",\"@id\":\"https:\/\/mobilitatechisinau.md\/?p=11839\",\"url\":\"https:\/\/mobilitatechisinau.md\/?p=11839\",\"name\":\"Lucr\u0103ri de repara\u021bie \u0219i \u00eentre\u021binere a drumurilor publice municipale, executate pe parcursul s\u0103pt\u0103m\u00e2nii trecute - mobilitatechisinau.md\",\"isPartOf\":{\"@id\":\"https:\/\/mobilitatechisinau.md\/#website\"},\"primaryImageOfPage\":{\"@id\":\"https:\/\/mobilitatechisinau.md\/?p=11839#primaryimage\"},\"image\":{\"@id\":\"https:\/\/mobilitatechisinau.md\/?p=11839#primaryimage\"},\"thumbnailUrl\":\"https:\/\/mobilitatechisinau.md\/wp-content\/uploads\/2024\/07\/1-4.jpg\",\"datePublished\":\"2024-07-08T08:23:40+00:00\",\"dateModified\":\"2024-07-17T09:06:24+00:00\",\"breadcrumb\":{\"@id\":\"https:\/\/mobilitatechisinau.md\/?p=11839#breadcrumb\"},\"inLanguage\":\"ro-RO\",\"potentialAction\":[{\"@type\":\"ReadAction\",\"target\":[\"https:\/\/mobilitatechisinau.md\/?p=11839\"]}]},{\"@type\":\"ImageObject\",\"inLanguage\":\"ro-RO\",\"@id\":\"https:\/\/mobilitatechisinau.md\/?p=11839#primaryimage\",\"url\":\"https:\/\/mobilitatechisinau.md\/wp-content\/uploads\/2024\/07\/1-4.jpg\",\"contentUrl\":\"https:\/\/mobilitatechisinau.md\/wp-content\/uploads\/2024\/07\/1-4.jpg\",\"width\":1200,\"height\":700},{\"@type\":\"BreadcrumbList\",\"@id\":\"https:\/\/mobilitatechisinau.md\/?p=11839#breadcrumb\",\"itemListElement\":[{\"@type\":\"ListItem\",\"position\":1,\"name\":\"Prima pagin\u0103\",\"item\":\"https:\/\/mobilitatechisinau.md\/\"},{\"@type\":\"ListItem\",\"position\":2,\"name\":\"Lucr\u0103ri de repara\u021bie \u0219i \u00eentre\u021binere a drumurilor publice municipale, executate pe parcursul s\u0103pt\u0103m\u00e2nii trecute\"}]},{\"@type\":\"WebSite\",\"@id\":\"https:\/\/mobilitatechisinau.md\/#website\",\"url\":\"https:\/\/mobilitatechisinau.md\/\",\"name\":\"mobilitatechisinau.md\",\"description\":\"Direc\u0163ia General\u0103 Mobilitate Urban\u0103\",\"publisher\":{\"@id\":\"https:\/\/mobilitatechisinau.md\/#organization\"},\"potentialAction\":[{\"@type\":\"SearchAction\",\"target\":{\"@type\":\"EntryPoint\",\"urlTemplate\":\"https:\/\/mobilitatechisinau.md\/?s={search_term_string}\"},\"query-input\":{\"@type\":\"PropertyValueSpecification\",\"valueRequired\":true,\"valueName\":\"search_term_string\"}}],\"inLanguage\":\"ro-RO\"},{\"@type\":\"Organization\",\"@id\":\"https:\/\/mobilitatechisinau.md\/#organization\",\"name\":\"Direc\u0163ia general\u0103 transport public \u015fi c\u0103i de comunica\u0163ie\",\"url\":\"https:\/\/mobilitatechisinau.md\/\",\"logo\":{\"@type\":\"ImageObject\",\"inLanguage\":\"ro-RO\",\"@id\":\"https:\/\/mobilitatechisinau.md\/#\/schema\/logo\/image\/\",\"url\":\"https:\/\/dgtpcc.md\/wp-content\/uploads\/2022\/05\/DGTPCC-Chis\u0326ina\u0306u-new.jpg\",\"contentUrl\":\"https:\/\/dgtpcc.md\/wp-content\/uploads\/2022\/05\/DGTPCC-Chis\u0326ina\u0306u-new.jpg\",\"width\":304,\"height\":80,\"caption\":\"Direc\u0163ia general\u0103 transport public \u015fi c\u0103i de comunica\u0163ie\"},\"image\":{\"@id\":\"https:\/\/mobilitatechisinau.md\/#\/schema\/logo\/image\/\"},\"sameAs\":[\"https:\/\/www.facebook.com\/DGTPCC\"]},{\"@type\":\"Person\",\"@id\":\"https:\/\/mobilitatechisinau.md\/#\/schema\/person\/413b8392e030061e7e17321fb9b7dbae\",\"name\":\"Baltag Veronica\",\"image\":{\"@type\":\"ImageObject\",\"inLanguage\":\"ro-RO\",\"@id\":\"https:\/\/mobilitatechisinau.md\/#\/schema\/person\/image\/\",\"url\":\"https:\/\/secure.gravatar.com\/avatar\/c751d26ecc9b9ae25c31693f0054f03e802c339ebd851e73a6bf882e161c2d47?s=96&d=mm&r=g\",\"contentUrl\":\"https:\/\/secure.gravatar.com\/avatar\/c751d26ecc9b9ae25c31693f0054f03e802c339ebd851e73a6bf882e161c2d47?s=96&d=mm&r=g\",\"caption\":\"Baltag Veronica\"},\"url\":\"https:\/\/mobilitatechisinau.md\/?author=2\"}]}<\/script>\n<!-- \/ Yoast SEO plugin. -->","yoast_head_json":{"title":"Lucr\u0103ri de repara\u021bie \u0219i \u00eentre\u021binere a drumurilor publice municipale, executate pe parcursul s\u0103pt\u0103m\u00e2nii trecute - mobilitatechisinau.md","robots":{"index":"index","follow":"follow","max-snippet":"max-snippet:-1","max-image-preview":"max-image-preview:large","max-video-preview":"max-video-preview:-1"},"canonical":"https:\/\/mobilitatechisinau.md\/?p=11839","og_locale":"ro_RO","og_type":"article","og_title":"Lucr\u0103ri de repara\u021bie \u0219i \u00eentre\u021binere a drumurilor publice municipale, executate pe parcursul s\u0103pt\u0103m\u00e2nii trecute - mobilitatechisinau.md","og_description":"\u00cen perioada 1 &#8211; 7 iulie 2024, \u00ce.M. Regia \u201eExdrupo\u201d a intervenit cu lucr\u0103ri de repara\u021bie \u0219i \u00eentre\u021binere a drumurilor publice municipale, care presupun frezarea suprafe\u021belor asfaltice uzate pe o suprafa\u021b\u0103 total\u0103 de peste 12 000 m.p. \u0219i asfalt\u0103ri \u00een volum de circa 3 000 m.p. Cele mai mari volume de lucr\u0103ri au fost executate [&hellip;]","og_url":"https:\/\/mobilitatechisinau.md\/?p=11839","og_site_name":"mobilitatechisinau.md","article_publisher":"https:\/\/www.facebook.com\/DGTPCC","article_published_time":"2024-07-08T08:23:40+00:00","article_modified_time":"2024-07-17T09:06:24+00:00","og_image":[{"width":1200,"height":909,"url":"https:\/\/mobilitatechisinau.md\/wp-content\/uploads\/2024\/07\/450102034_465959186071142_3532876322920940926_n-1.jpg","type":"image\/jpeg"}],"author":"Baltag Veronica","twitter_card":"summary_large_image","twitter_misc":{"Scris de":"Baltag Veronica","Timp estimat pentru citire":"4 minute"},"schema":{"@context":"https:\/\/schema.org","@graph":[{"@type":"Article","@id":"https:\/\/mobilitatechisinau.md\/?p=11839#article","isPartOf":{"@id":"https:\/\/mobilitatechisinau.md\/?p=11839"},"author":{"name":"Baltag Veronica","@id":"https:\/\/mobilitatechisinau.md\/#\/schema\/person\/413b8392e030061e7e17321fb9b7dbae"},"headline":"Lucr\u0103ri de repara\u021bie \u0219i \u00eentre\u021binere a drumurilor publice municipale, executate pe parcursul s\u0103pt\u0103m\u00e2nii trecute","datePublished":"2024-07-08T08:23:40+00:00","dateModified":"2024-07-17T09:06:24+00:00","mainEntityOfPage":{"@id":"https:\/\/mobilitatechisinau.md\/?p=11839"},"wordCount":392,"publisher":{"@id":"https:\/\/mobilitatechisinau.md\/#organization"},"image":{"@id":"https:\/\/mobilitatechisinau.md\/?p=11839#primaryimage"},"thumbnailUrl":"https:\/\/mobilitatechisinau.md\/wp-content\/uploads\/2024\/07\/1-4.jpg","articleSection":["Comunicate de pres\u0103"],"inLanguage":"ro-RO"},{"@type":"WebPage","@id":"https:\/\/mobilitatechisinau.md\/?p=11839","url":"https:\/\/mobilitatechisinau.md\/?p=11839","name":"Lucr\u0103ri de repara\u021bie \u0219i \u00eentre\u021binere a drumurilor publice municipale, executate pe parcursul s\u0103pt\u0103m\u00e2nii trecute - mobilitatechisinau.md","isPartOf":{"@id":"https:\/\/mobilitatechisinau.md\/#website"},"primaryImageOfPage":{"@id":"https:\/\/mobilitatechisinau.md\/?p=11839#primaryimage"},"image":{"@id":"https:\/\/mobilitatechisinau.md\/?p=11839#primaryimage"},"thumbnailUrl":"https:\/\/mobilitatechisinau.md\/wp-content\/uploads\/2024\/07\/1-4.jpg","datePublished":"2024-07-08T08:23:40+00:00","dateModified":"2024-07-17T09:06:24+00:00","breadcrumb":{"@id":"https:\/\/mobilitatechisinau.md\/?p=11839#breadcrumb"},"inLanguage":"ro-RO","potentialAction":[{"@type":"ReadAction","target":["https:\/\/mobilitatechisinau.md\/?p=11839"]}]},{"@type":"ImageObject","inLanguage":"ro-RO","@id":"https:\/\/mobilitatechisinau.md\/?p=11839#primaryimage","url":"https:\/\/mobilitatechisinau.md\/wp-content\/uploads\/2024\/07\/1-4.jpg","contentUrl":"https:\/\/mobilitatechisinau.md\/wp-content\/uploads\/2024\/07\/1-4.jpg","width":1200,"height":700},{"@type":"BreadcrumbList","@id":"https:\/\/mobilitatechisinau.md\/?p=11839#breadcrumb","itemListElement":[{"@type":"ListItem","position":1,"name":"Prima pagin\u0103","item":"https:\/\/mobilitatechisinau.md\/"},{"@type":"ListItem","position":2,"name":"Lucr\u0103ri de repara\u021bie \u0219i \u00eentre\u021binere a drumurilor publice municipale, executate pe parcursul s\u0103pt\u0103m\u00e2nii trecute"}]},{"@type":"WebSite","@id":"https:\/\/mobilitatechisinau.md\/#website","url":"https:\/\/mobilitatechisinau.md\/","name":"mobilitatechisinau.md","description":"Direc\u0163ia General\u0103 Mobilitate Urban\u0103","publisher":{"@id":"https:\/\/mobilitatechisinau.md\/#organization"},"potentialAction":[{"@type":"SearchAction","target":{"@type":"EntryPoint","urlTemplate":"https:\/\/mobilitatechisinau.md\/?s={search_term_string}"},"query-input":{"@type":"PropertyValueSpecification","valueRequired":true,"valueName":"search_term_string"}}],"inLanguage":"ro-RO"},{"@type":"Organization","@id":"https:\/\/mobilitatechisinau.md\/#organization","name":"Direc\u0163ia general\u0103 transport public \u015fi c\u0103i de comunica\u0163ie","url":"https:\/\/mobilitatechisinau.md\/","logo":{"@type":"ImageObject","inLanguage":"ro-RO","@id":"https:\/\/mobilitatechisinau.md\/#\/schema\/logo\/image\/","url":"https:\/\/dgtpcc.md\/wp-content\/uploads\/2022\/05\/DGTPCC-Chis\u0326ina\u0306u-new.jpg","contentUrl":"https:\/\/dgtpcc.md\/wp-content\/uploads\/2022\/05\/DGTPCC-Chis\u0326ina\u0306u-new.jpg","width":304,"height":80,"caption":"Direc\u0163ia general\u0103 transport public \u015fi c\u0103i de comunica\u0163ie"},"image":{"@id":"https:\/\/mobilitatechisinau.md\/#\/schema\/logo\/image\/"},"sameAs":["https:\/\/www.facebook.com\/DGTPCC"]},{"@type":"Person","@id":"https:\/\/mobilitatechisinau.md\/#\/schema\/person\/413b8392e030061e7e17321fb9b7dbae","name":"Baltag Veronica","image":{"@type":"ImageObject","inLanguage":"ro-RO","@id":"https:\/\/mobilitatechisinau.md\/#\/schema\/person\/image\/","url":"https:\/\/secure.gravatar.com\/avatar\/c751d26ecc9b9ae25c31693f0054f03e802c339ebd851e73a6bf882e161c2d47?s=96&d=mm&r=g","contentUrl":"https:\/\/secure.gravatar.com\/avatar\/c751d26ecc9b9ae25c31693f0054f03e802c339ebd851e73a6bf882e161c2d47?s=96&d=mm&r=g","caption":"Baltag Veronica"},"url":"https:\/\/mobilitatechisinau.md\/?author=2"}]}},"_links":{"self":[{"href":"https:\/\/mobilitatechisinau.md\/index.php?rest_route=\/wp\/v2\/posts\/11839","targetHints":{"allow":["GET"]}}],"collection":[{"href":"https:\/\/mobilitatechisinau.md\/index.php?rest_route=\/wp\/v2\/posts"}],"about":[{"href":"https:\/\/mobilitatechisinau.md\/index.php?rest_route=\/wp\/v2\/types\/post"}],"author":[{"embeddable":true,"href":"https:\/\/mobilitatechisinau.md\/index.php?rest_route=\/wp\/v2\/users\/2"}],"replies":[{"embeddable":true,"href":"https:\/\/mobilitatechisinau.md\/index.php?rest_route=%2Fwp%2Fv2%2Fcomments&post=11839"}],"version-history":[{"count":0,"href":"https:\/\/mobilitatechisinau.md\/index.php?rest_route=\/wp\/v2\/posts\/11839\/revisions"}],"wp:featuredmedia":[{"embeddable":true,"href":"https:\/\/mobilitatechisinau.md\/index.php?rest_route=\/wp\/v2\/media\/11897"}],"wp:attachment":[{"href":"https:\/\/mobilitatechisinau.md\/index.php?rest_route=%2Fwp%2Fv2%2Fmedia&parent=11839"}],"wp:term":[{"taxonomy":"category","embeddable":true,"href":"https:\/\/mobilitatechisinau.md\/index.php?rest_route=%2Fwp%2Fv2%2Fcategories&post=11839"},{"taxonomy":"post_tag","embeddable":true,"href":"https:\/\/mobilitatechisinau.md\/index.php?rest_route=%2Fwp%2Fv2%2Ftags&post=11839"}],"curies":[{"name":"wp","href":"https:\/\/api.w.org\/{rel}","templated":true}]}}