{"id":11865,"date":"2024-07-10T18:48:00","date_gmt":"2024-07-10T16:48:00","guid":{"rendered":"https:\/\/mobilitatechisinau.md\/?p=11865"},"modified":"2024-07-18T08:59:41","modified_gmt":"2024-07-18T06:59:41","slug":"suspendarea-traficului-rutier-pe-unele-strazi-din-capitala","status":"publish","type":"post","link":"https:\/\/mobilitatechisinau.md\/?p=11865","title":{"rendered":"Suspendarea traficului rutier pe unele str\u0103zi din capital\u0103"},"content":{"rendered":"\n<p>Prim\u0103ria Municipiului Chi\u0219in\u0103u informeaz\u0103 c\u0103 \u00een perioada 10 iulie (ora 22:00) \u2013 11 iulie 2024 (ora 07:00) \u0219i 11 iulie (ora 22:00) p\u00e2n\u0103 pe 12 iulie 2024 (ora 07:00), va fi suspendat traficul rutier pe str. V. Korolenko, tronsonul cuprins \u00eentre str\u0103zile Nicolae Testemi\u021banu \u0219i Gheorghe Asachi.<\/p>\n\n\n\n<p>M\u0103sura este luat\u0103 \u00een leg\u0103tur\u0103 cu necesitatea execut\u0103rii lucr\u0103rilor de a\u0219ternere a \u00eenveli\u0219ului asfaltic din str. V. Korolenko.<\/p>\n\n\n\n<p>\u00cen perioada men\u021bionat\u0103, Ruta municipal\u0103 de autobuz nr. 8 va circula dup\u0103 cum urmeaz\u0103: tur &#8211; de pe str. N. Testemi\u021banu &#8211; str. Grenoble (cu virarea autobuzelor pe terenul tehnologic din bd. Traian) &#8211; retur \u2013 de pe str. Grenoble &#8211; str. N. Testimi\u021banu, \u0219i \u00een continuare pe traseul stabilit.<\/p>\n\n\n\n<p>Totodat\u0103, \u00een perioada 11 iulie &#8211; 04 august 2024 (\u00eentre orele 05:00 \u2013 16:00) se suspend\u0103 par\u021bial traficul rutier pe str. Alba-Iulia, cu aplicarea restric\u021biilor de circula\u021bie rutier\u0103.<\/p>\n\n\n\n<p>M\u0103sura este luat\u0103 \u00een leg\u0103tur\u0103 cu necesitatea execut\u0103rii lucr\u0103rilor de amenajare a straturilor bituminoase sub\u021biri de tip Slurry Seal.<\/p>\n\n\n\n<p>La fel, \u00een perioada 11 iulie \u2013 31 august 2024, va fi suspendat par\u021bial traficul rutier pe bd. Decebal (pe benzi), tronsonul cuprins \u00eentre str. Nicolae Titulescu \u0219i bd. Dacia.<\/p>\n\n\n\n<p>\u00cen aceast\u0103 perioad\u0103, vor fi executate lucr\u0103ri de restabilire a \u00eenveli\u0219ului asfaltic pe bd. Decebal.<\/p>\n\n\n\n<p>Conduc\u0103torii auto sunt \u00eendemna\u0163i s\u0103 se conformeze cerin\u021belor agen\u021bilor de circula\u021bie, s\u0103 manifeste r\u0103bdare \u0219i disciplin\u0103 \u00een trafic, f\u0103r\u0103 abateri de la Regulamentul circula\u021biei rutiere.<\/p>\n\n\n\n<p>Serviciile municipale de profil solicit\u0103 \u00een\u021belegere \u0219i scuze cet\u0103\u021benilor pentru incomodit\u0103\u021bile create.<\/p>\n","protected":false},"excerpt":{"rendered":"<p>Prim\u0103ria Municipiului Chi\u0219in\u0103u informeaz\u0103 c\u0103 \u00een perioada 10 iulie (ora 22:00) \u2013 11 iulie 2024 (ora 07:00) \u0219i 11 iulie (ora 22:00) p\u00e2n\u0103 pe 12 iulie 2024 (ora 07:00), va fi suspendat traficul rutier pe str. V. Korolenko, tronsonul cuprins \u00eentre str\u0103zile Nicolae Testemi\u021banu \u0219i Gheorghe Asachi. M\u0103sura este luat\u0103 \u00een leg\u0103tur\u0103 cu necesitatea execut\u0103rii [&hellip;]<\/p>\n","protected":false},"author":2,"featured_media":11903,"comment_status":"closed","ping_status":"open","sticky":false,"template":"","format":"standard","meta":{"footnotes":""},"categories":[92],"tags":[],"class_list":["post-11865","post","type-post","status-publish","format-standard","has-post-thumbnail","hentry","category-comunicate"],"yoast_head":"<!-- This site is optimized with the Yoast SEO plugin v23.9 - https:\/\/yoast.com\/wordpress\/plugins\/seo\/ -->\n<title>Suspendarea traficului rutier pe unele str\u0103zi din capital\u0103 - mobilitatechisinau.md<\/title>\n<meta name=\"robots\" content=\"index, follow, max-snippet:-1, max-image-preview:large, max-video-preview:-1\" \/>\n<link rel=\"canonical\" href=\"https:\/\/mobilitatechisinau.md\/?p=11865\" \/>\n<meta property=\"og:locale\" content=\"ro_RO\" \/>\n<meta property=\"og:type\" content=\"article\" \/>\n<meta property=\"og:title\" content=\"Suspendarea traficului rutier pe unele str\u0103zi din capital\u0103 - mobilitatechisinau.md\" \/>\n<meta property=\"og:description\" content=\"Prim\u0103ria Municipiului Chi\u0219in\u0103u informeaz\u0103 c\u0103 \u00een perioada 10 iulie (ora 22:00) \u2013 11 iulie 2024 (ora 07:00) \u0219i 11 iulie (ora 22:00) p\u00e2n\u0103 pe 12 iulie 2024 (ora 07:00), va fi suspendat traficul rutier pe str. V. Korolenko, tronsonul cuprins \u00eentre str\u0103zile Nicolae Testemi\u021banu \u0219i Gheorghe Asachi. M\u0103sura este luat\u0103 \u00een leg\u0103tur\u0103 cu necesitatea execut\u0103rii [&hellip;]\" \/>\n<meta property=\"og:url\" content=\"https:\/\/mobilitatechisinau.md\/?p=11865\" \/>\n<meta property=\"og:site_name\" content=\"mobilitatechisinau.md\" \/>\n<meta property=\"article:publisher\" content=\"https:\/\/www.facebook.com\/DGTPCC\" \/>\n<meta property=\"article:published_time\" content=\"2024-07-10T16:48:00+00:00\" \/>\n<meta property=\"article:modified_time\" content=\"2024-07-18T06:59:41+00:00\" \/>\n<meta property=\"og:image\" content=\"https:\/\/mobilitatechisinau.md\/wp-content\/uploads\/2024\/07\/3-4.jpg\" \/>\n\t<meta property=\"og:image:width\" content=\"1200\" \/>\n\t<meta property=\"og:image:height\" content=\"700\" \/>\n\t<meta property=\"og:image:type\" content=\"image\/jpeg\" \/>\n<meta name=\"author\" content=\"Baltag Veronica\" \/>\n<meta name=\"twitter:card\" content=\"summary_large_image\" \/>\n<meta name=\"twitter:label1\" content=\"Scris de\" \/>\n\t<meta name=\"twitter:data1\" content=\"Baltag Veronica\" \/>\n\t<meta name=\"twitter:label2\" content=\"Timp estimat pentru citire\" \/>\n\t<meta name=\"twitter:data2\" content=\"2 minute\" \/>\n<script type=\"application\/ld+json\" class=\"yoast-schema-graph\">{\"@context\":\"https:\/\/schema.org\",\"@graph\":[{\"@type\":\"Article\",\"@id\":\"https:\/\/mobilitatechisinau.md\/?p=11865#article\",\"isPartOf\":{\"@id\":\"https:\/\/mobilitatechisinau.md\/?p=11865\"},\"author\":{\"name\":\"Baltag Veronica\",\"@id\":\"https:\/\/mobilitatechisinau.md\/#\/schema\/person\/413b8392e030061e7e17321fb9b7dbae\"},\"headline\":\"Suspendarea traficului rutier pe unele str\u0103zi din capital\u0103\",\"datePublished\":\"2024-07-10T16:48:00+00:00\",\"dateModified\":\"2024-07-18T06:59:41+00:00\",\"mainEntityOfPage\":{\"@id\":\"https:\/\/mobilitatechisinau.md\/?p=11865\"},\"wordCount\":267,\"publisher\":{\"@id\":\"https:\/\/mobilitatechisinau.md\/#organization\"},\"image\":{\"@id\":\"https:\/\/mobilitatechisinau.md\/?p=11865#primaryimage\"},\"thumbnailUrl\":\"https:\/\/mobilitatechisinau.md\/wp-content\/uploads\/2024\/07\/3-4.jpg\",\"articleSection\":[\"Comunicate de pres\u0103\"],\"inLanguage\":\"ro-RO\"},{\"@type\":\"WebPage\",\"@id\":\"https:\/\/mobilitatechisinau.md\/?p=11865\",\"url\":\"https:\/\/mobilitatechisinau.md\/?p=11865\",\"name\":\"Suspendarea traficului rutier pe unele str\u0103zi din capital\u0103 - mobilitatechisinau.md\",\"isPartOf\":{\"@id\":\"https:\/\/mobilitatechisinau.md\/#website\"},\"primaryImageOfPage\":{\"@id\":\"https:\/\/mobilitatechisinau.md\/?p=11865#primaryimage\"},\"image\":{\"@id\":\"https:\/\/mobilitatechisinau.md\/?p=11865#primaryimage\"},\"thumbnailUrl\":\"https:\/\/mobilitatechisinau.md\/wp-content\/uploads\/2024\/07\/3-4.jpg\",\"datePublished\":\"2024-07-10T16:48:00+00:00\",\"dateModified\":\"2024-07-18T06:59:41+00:00\",\"breadcrumb\":{\"@id\":\"https:\/\/mobilitatechisinau.md\/?p=11865#breadcrumb\"},\"inLanguage\":\"ro-RO\",\"potentialAction\":[{\"@type\":\"ReadAction\",\"target\":[\"https:\/\/mobilitatechisinau.md\/?p=11865\"]}]},{\"@type\":\"ImageObject\",\"inLanguage\":\"ro-RO\",\"@id\":\"https:\/\/mobilitatechisinau.md\/?p=11865#primaryimage\",\"url\":\"https:\/\/mobilitatechisinau.md\/wp-content\/uploads\/2024\/07\/3-4.jpg\",\"contentUrl\":\"https:\/\/mobilitatechisinau.md\/wp-content\/uploads\/2024\/07\/3-4.jpg\",\"width\":1200,\"height\":700},{\"@type\":\"BreadcrumbList\",\"@id\":\"https:\/\/mobilitatechisinau.md\/?p=11865#breadcrumb\",\"itemListElement\":[{\"@type\":\"ListItem\",\"position\":1,\"name\":\"Prima pagin\u0103\",\"item\":\"https:\/\/mobilitatechisinau.md\/\"},{\"@type\":\"ListItem\",\"position\":2,\"name\":\"Suspendarea traficului rutier pe unele str\u0103zi din capital\u0103\"}]},{\"@type\":\"WebSite\",\"@id\":\"https:\/\/mobilitatechisinau.md\/#website\",\"url\":\"https:\/\/mobilitatechisinau.md\/\",\"name\":\"mobilitatechisinau.md\",\"description\":\"Direc\u0163ia General\u0103 Mobilitate Urban\u0103\",\"publisher\":{\"@id\":\"https:\/\/mobilitatechisinau.md\/#organization\"},\"potentialAction\":[{\"@type\":\"SearchAction\",\"target\":{\"@type\":\"EntryPoint\",\"urlTemplate\":\"https:\/\/mobilitatechisinau.md\/?s={search_term_string}\"},\"query-input\":{\"@type\":\"PropertyValueSpecification\",\"valueRequired\":true,\"valueName\":\"search_term_string\"}}],\"inLanguage\":\"ro-RO\"},{\"@type\":\"Organization\",\"@id\":\"https:\/\/mobilitatechisinau.md\/#organization\",\"name\":\"Direc\u0163ia general\u0103 transport public \u015fi c\u0103i de comunica\u0163ie\",\"url\":\"https:\/\/mobilitatechisinau.md\/\",\"logo\":{\"@type\":\"ImageObject\",\"inLanguage\":\"ro-RO\",\"@id\":\"https:\/\/mobilitatechisinau.md\/#\/schema\/logo\/image\/\",\"url\":\"https:\/\/dgtpcc.md\/wp-content\/uploads\/2022\/05\/DGTPCC-Chis\u0326ina\u0306u-new.jpg\",\"contentUrl\":\"https:\/\/dgtpcc.md\/wp-content\/uploads\/2022\/05\/DGTPCC-Chis\u0326ina\u0306u-new.jpg\",\"width\":304,\"height\":80,\"caption\":\"Direc\u0163ia general\u0103 transport public \u015fi c\u0103i de comunica\u0163ie\"},\"image\":{\"@id\":\"https:\/\/mobilitatechisinau.md\/#\/schema\/logo\/image\/\"},\"sameAs\":[\"https:\/\/www.facebook.com\/DGTPCC\"]},{\"@type\":\"Person\",\"@id\":\"https:\/\/mobilitatechisinau.md\/#\/schema\/person\/413b8392e030061e7e17321fb9b7dbae\",\"name\":\"Baltag Veronica\",\"image\":{\"@type\":\"ImageObject\",\"inLanguage\":\"ro-RO\",\"@id\":\"https:\/\/mobilitatechisinau.md\/#\/schema\/person\/image\/\",\"url\":\"https:\/\/secure.gravatar.com\/avatar\/c751d26ecc9b9ae25c31693f0054f03e802c339ebd851e73a6bf882e161c2d47?s=96&d=mm&r=g\",\"contentUrl\":\"https:\/\/secure.gravatar.com\/avatar\/c751d26ecc9b9ae25c31693f0054f03e802c339ebd851e73a6bf882e161c2d47?s=96&d=mm&r=g\",\"caption\":\"Baltag Veronica\"},\"url\":\"https:\/\/mobilitatechisinau.md\/?author=2\"}]}<\/script>\n<!-- \/ Yoast SEO plugin. -->","yoast_head_json":{"title":"Suspendarea traficului rutier pe unele str\u0103zi din capital\u0103 - mobilitatechisinau.md","robots":{"index":"index","follow":"follow","max-snippet":"max-snippet:-1","max-image-preview":"max-image-preview:large","max-video-preview":"max-video-preview:-1"},"canonical":"https:\/\/mobilitatechisinau.md\/?p=11865","og_locale":"ro_RO","og_type":"article","og_title":"Suspendarea traficului rutier pe unele str\u0103zi din capital\u0103 - mobilitatechisinau.md","og_description":"Prim\u0103ria Municipiului Chi\u0219in\u0103u informeaz\u0103 c\u0103 \u00een perioada 10 iulie (ora 22:00) \u2013 11 iulie 2024 (ora 07:00) \u0219i 11 iulie (ora 22:00) p\u00e2n\u0103 pe 12 iulie 2024 (ora 07:00), va fi suspendat traficul rutier pe str. V. Korolenko, tronsonul cuprins \u00eentre str\u0103zile Nicolae Testemi\u021banu \u0219i Gheorghe Asachi. M\u0103sura este luat\u0103 \u00een leg\u0103tur\u0103 cu necesitatea execut\u0103rii [&hellip;]","og_url":"https:\/\/mobilitatechisinau.md\/?p=11865","og_site_name":"mobilitatechisinau.md","article_publisher":"https:\/\/www.facebook.com\/DGTPCC","article_published_time":"2024-07-10T16:48:00+00:00","article_modified_time":"2024-07-18T06:59:41+00:00","og_image":[{"width":1200,"height":700,"url":"https:\/\/mobilitatechisinau.md\/wp-content\/uploads\/2024\/07\/3-4.jpg","type":"image\/jpeg"}],"author":"Baltag Veronica","twitter_card":"summary_large_image","twitter_misc":{"Scris de":"Baltag Veronica","Timp estimat pentru citire":"2 minute"},"schema":{"@context":"https:\/\/schema.org","@graph":[{"@type":"Article","@id":"https:\/\/mobilitatechisinau.md\/?p=11865#article","isPartOf":{"@id":"https:\/\/mobilitatechisinau.md\/?p=11865"},"author":{"name":"Baltag Veronica","@id":"https:\/\/mobilitatechisinau.md\/#\/schema\/person\/413b8392e030061e7e17321fb9b7dbae"},"headline":"Suspendarea traficului rutier pe unele str\u0103zi din capital\u0103","datePublished":"2024-07-10T16:48:00+00:00","dateModified":"2024-07-18T06:59:41+00:00","mainEntityOfPage":{"@id":"https:\/\/mobilitatechisinau.md\/?p=11865"},"wordCount":267,"publisher":{"@id":"https:\/\/mobilitatechisinau.md\/#organization"},"image":{"@id":"https:\/\/mobilitatechisinau.md\/?p=11865#primaryimage"},"thumbnailUrl":"https:\/\/mobilitatechisinau.md\/wp-content\/uploads\/2024\/07\/3-4.jpg","articleSection":["Comunicate de pres\u0103"],"inLanguage":"ro-RO"},{"@type":"WebPage","@id":"https:\/\/mobilitatechisinau.md\/?p=11865","url":"https:\/\/mobilitatechisinau.md\/?p=11865","name":"Suspendarea traficului rutier pe unele str\u0103zi din capital\u0103 - mobilitatechisinau.md","isPartOf":{"@id":"https:\/\/mobilitatechisinau.md\/#website"},"primaryImageOfPage":{"@id":"https:\/\/mobilitatechisinau.md\/?p=11865#primaryimage"},"image":{"@id":"https:\/\/mobilitatechisinau.md\/?p=11865#primaryimage"},"thumbnailUrl":"https:\/\/mobilitatechisinau.md\/wp-content\/uploads\/2024\/07\/3-4.jpg","datePublished":"2024-07-10T16:48:00+00:00","dateModified":"2024-07-18T06:59:41+00:00","breadcrumb":{"@id":"https:\/\/mobilitatechisinau.md\/?p=11865#breadcrumb"},"inLanguage":"ro-RO","potentialAction":[{"@type":"ReadAction","target":["https:\/\/mobilitatechisinau.md\/?p=11865"]}]},{"@type":"ImageObject","inLanguage":"ro-RO","@id":"https:\/\/mobilitatechisinau.md\/?p=11865#primaryimage","url":"https:\/\/mobilitatechisinau.md\/wp-content\/uploads\/2024\/07\/3-4.jpg","contentUrl":"https:\/\/mobilitatechisinau.md\/wp-content\/uploads\/2024\/07\/3-4.jpg","width":1200,"height":700},{"@type":"BreadcrumbList","@id":"https:\/\/mobilitatechisinau.md\/?p=11865#breadcrumb","itemListElement":[{"@type":"ListItem","position":1,"name":"Prima pagin\u0103","item":"https:\/\/mobilitatechisinau.md\/"},{"@type":"ListItem","position":2,"name":"Suspendarea traficului rutier pe unele str\u0103zi din capital\u0103"}]},{"@type":"WebSite","@id":"https:\/\/mobilitatechisinau.md\/#website","url":"https:\/\/mobilitatechisinau.md\/","name":"mobilitatechisinau.md","description":"Direc\u0163ia General\u0103 Mobilitate Urban\u0103","publisher":{"@id":"https:\/\/mobilitatechisinau.md\/#organization"},"potentialAction":[{"@type":"SearchAction","target":{"@type":"EntryPoint","urlTemplate":"https:\/\/mobilitatechisinau.md\/?s={search_term_string}"},"query-input":{"@type":"PropertyValueSpecification","valueRequired":true,"valueName":"search_term_string"}}],"inLanguage":"ro-RO"},{"@type":"Organization","@id":"https:\/\/mobilitatechisinau.md\/#organization","name":"Direc\u0163ia general\u0103 transport public \u015fi c\u0103i de comunica\u0163ie","url":"https:\/\/mobilitatechisinau.md\/","logo":{"@type":"ImageObject","inLanguage":"ro-RO","@id":"https:\/\/mobilitatechisinau.md\/#\/schema\/logo\/image\/","url":"https:\/\/dgtpcc.md\/wp-content\/uploads\/2022\/05\/DGTPCC-Chis\u0326ina\u0306u-new.jpg","contentUrl":"https:\/\/dgtpcc.md\/wp-content\/uploads\/2022\/05\/DGTPCC-Chis\u0326ina\u0306u-new.jpg","width":304,"height":80,"caption":"Direc\u0163ia general\u0103 transport public \u015fi c\u0103i de comunica\u0163ie"},"image":{"@id":"https:\/\/mobilitatechisinau.md\/#\/schema\/logo\/image\/"},"sameAs":["https:\/\/www.facebook.com\/DGTPCC"]},{"@type":"Person","@id":"https:\/\/mobilitatechisinau.md\/#\/schema\/person\/413b8392e030061e7e17321fb9b7dbae","name":"Baltag Veronica","image":{"@type":"ImageObject","inLanguage":"ro-RO","@id":"https:\/\/mobilitatechisinau.md\/#\/schema\/person\/image\/","url":"https:\/\/secure.gravatar.com\/avatar\/c751d26ecc9b9ae25c31693f0054f03e802c339ebd851e73a6bf882e161c2d47?s=96&d=mm&r=g","contentUrl":"https:\/\/secure.gravatar.com\/avatar\/c751d26ecc9b9ae25c31693f0054f03e802c339ebd851e73a6bf882e161c2d47?s=96&d=mm&r=g","caption":"Baltag Veronica"},"url":"https:\/\/mobilitatechisinau.md\/?author=2"}]}},"_links":{"self":[{"href":"https:\/\/mobilitatechisinau.md\/index.php?rest_route=\/wp\/v2\/posts\/11865","targetHints":{"allow":["GET"]}}],"collection":[{"href":"https:\/\/mobilitatechisinau.md\/index.php?rest_route=\/wp\/v2\/posts"}],"about":[{"href":"https:\/\/mobilitatechisinau.md\/index.php?rest_route=\/wp\/v2\/types\/post"}],"author":[{"embeddable":true,"href":"https:\/\/mobilitatechisinau.md\/index.php?rest_route=\/wp\/v2\/users\/2"}],"replies":[{"embeddable":true,"href":"https:\/\/mobilitatechisinau.md\/index.php?rest_route=%2Fwp%2Fv2%2Fcomments&post=11865"}],"version-history":[{"count":0,"href":"https:\/\/mobilitatechisinau.md\/index.php?rest_route=\/wp\/v2\/posts\/11865\/revisions"}],"wp:featuredmedia":[{"embeddable":true,"href":"https:\/\/mobilitatechisinau.md\/index.php?rest_route=\/wp\/v2\/media\/11903"}],"wp:attachment":[{"href":"https:\/\/mobilitatechisinau.md\/index.php?rest_route=%2Fwp%2Fv2%2Fmedia&parent=11865"}],"wp:term":[{"taxonomy":"category","embeddable":true,"href":"https:\/\/mobilitatechisinau.md\/index.php?rest_route=%2Fwp%2Fv2%2Fcategories&post=11865"},{"taxonomy":"post_tag","embeddable":true,"href":"https:\/\/mobilitatechisinau.md\/index.php?rest_route=%2Fwp%2Fv2%2Ftags&post=11865"}],"curies":[{"name":"wp","href":"https:\/\/api.w.org\/{rel}","templated":true}]}}