{"id":11871,"date":"2024-07-11T11:36:00","date_gmt":"2024-07-11T09:36:00","guid":{"rendered":"https:\/\/mobilitatechisinau.md\/?p=11871"},"modified":"2024-07-18T09:10:46","modified_gmt":"2024-07-18T07:10:46","slug":"suspendarea-totala-a-traficului-rutier-pe-bd-decebal-tronsonul-cuprins-intre-bd-iuri-gagarin-si-str-trandafirilor","status":"publish","type":"post","link":"https:\/\/mobilitatechisinau.md\/?p=11871","title":{"rendered":"Suspendarea total\u0103 a traficului rutier pe bd. Decebal, tronsonul cuprins \u00eentre bd. Iuri Gagarin \u0219i str. Trandafirilor"},"content":{"rendered":"\n<p>Prim\u0103ria Municipiului Chi\u0219in\u0103u informeaz\u0103 c\u0103 pe 12 iulie 2024, ora 19:00, p\u00e2n\u0103 pe 13 iulie 2024, ora 21:00, va fi suspendat total traficul rutier pe bd. Decebal, tronsonul cuprins \u00eentre bd. Iuri Gagarin \u0219i str. Trandafirilor. M\u0103sura a fost luat\u0103 \u00een leg\u0103tur\u0103 cu necesitatea execut\u0103rii lucr\u0103rilor de restabilire a \u00eenveli\u0219ului asfaltic pe bd. Decebal.<\/p>\n\n\n\n<p>\u00cen perioada execut\u0103rii lucr\u0103rilor men\u021bionate, circula\u021bia transportului public va fi organizat\u0103 dup\u0103 cum urmeaz\u0103:<\/p>\n\n\n\n<p><strong>Troleibuze:<\/strong><\/p>\n\n\n\n<ul class=\"wp-block-list\">\n<li>traseul rutei nr. 1 se scurteaz\u0103 din centrul urbei p\u00e2n\u0103 la Gara Feroviar\u0103 (bd. Iuri Gagarin, intersec\u021bie cu bd. Decebal);<\/li>\n<\/ul>\n\n\n\n<ul class=\"wp-block-list\">\n<li>traseul rutei nr. 4 se modific\u0103 dup\u0103 cum urmeaz\u0103: tur \u2013 de pe bd. Dacia pe str. Ciuflea, bd. \u0218tefan cel Mare \u0219i Sf\u00e2nt \u0219i \u00een continuare pe traseul stabilit; retur \u2013 de pe bd. \u0218tefan cel Mare \u0219i Sf\u00e2nt pe str. Ciuflea, bd. Dacia, str. Hristo Botev \u0219i \u00een continuare pe traseul stabilit;<\/li>\n<\/ul>\n\n\n\n<ul class=\"wp-block-list\">\n<li>traseul rutei nr. 8 se modific\u0103 dup\u0103 cum urmeaz\u0103: tur \u2013 de pe bd. Traian pe bd. Dacia, str. Ciuflea, bd. \u0218tefan cel Mare \u0219i Sf\u00e2nt \u0219i \u00een continuare pe traseul stabilit, retur \u2013 de pe bd. \u0218tefan cel Mare \u0219i Sf\u00e2nt pe str. Ciuflea, bd. Dacia, bd. Traian;<\/li>\n<\/ul>\n\n\n\n<ul class=\"wp-block-list\">\n<li>traseul rutei nr. 17 se modific\u0103 dup\u0103 cum urmeaz\u0103: retur \u2013 de pe bd. Dimitrie Cantemir pe bd. Constantin Negruzzi, str. Ciuflea, bd. Dacia, bd. Traian \u0219i \u00een continuare pe traseul stabilit;<\/li>\n<\/ul>\n\n\n\n<ul class=\"wp-block-list\">\n<li>traseul rutei nr. 20 se modific\u0103 dup\u0103 cum urmeaz\u0103: tur \u2013 de pe str. Burebista pe bd. Dacia, str. Ciuflea, bd. \u0218tefan cel Mare \u0219i Sf\u00e2nt \u0219i \u00een continuare pe traseul stabilit;<\/li>\n<\/ul>\n\n\n\n<ul class=\"wp-block-list\">\n<li>traseul rutei nr. 28 se modific\u0103 dup\u0103 cum urmeaz\u0103: tur\/retur va circula pe \u0219os. Munce\u0219ti;<\/li>\n<\/ul>\n\n\n\n<ul class=\"wp-block-list\">\n<li>traseul rutei nr. 38 se modific\u0103 dup\u0103 cum urmeaz\u0103: retur \u2013 de pe str. Burebista pe str. Sarmizegetusa, str. Trandafirilor, bd. Dacia, str. Ciuflea, bd. Constantin Negruzzi, str. Albi\u0219oara \u0219i \u00een continuare pe traseul stabilit;<\/li>\n<\/ul>\n\n\n\n<p><strong>Autobuze:<\/strong><\/p>\n\n\n\n<ul class=\"wp-block-list\">\n<li>traseul rutei nr. 19 se modific\u0103 dup\u0103 cum urmeaz\u0103: tur \u2013 de pe bd. Dacia pe bd. Cuza Vod\u0103, str. Sarmizegetusa, str. Burebista, \u0219os. Munce\u0219ti, bd. Iuri Gagarin \u0219i \u00een continuare pe traseul stabilit; retur \u2013 de pe bd. Iuri Gagarin pe \u0219os. Munce\u0219ti, str. Burebista, str. Sarmizegetusa, bd. Cuza Vod\u0103, bd. Dacia, str. Valea Crucii;<\/li>\n<\/ul>\n\n\n\n<ul class=\"wp-block-list\">\n<li>traseul rutelor nr. 33, nr. 44 \u0219i nr. 49 se modific\u0103 dup\u0103 cum urmeaz\u0103: tur \u2013 de pe bd. Dimitrie Cantemir pe bd. Constantin Negruzzi, str. Ciuflea, bd. Dacia \u0219i \u00een continuare pe traseul stabilit; retur \u2013 de pe bd. Dacia pe str. Ciuflea, bd. \u0218tefan cel Mare \u0219i Sf\u00e2nt, str. Ismail.<\/li>\n<\/ul>\n\n\n\n<p>Pentru acoperirea cu transport public a sectoarelor de drum afectate de modific\u0103rile operate, se instituie temporar pentru data de 13.07.2024 urm\u0103toarele rute:<\/p>\n\n\n\n<ul class=\"wp-block-list\">\n<li>ruta de troleibuz nr. 4A care va avea urm\u0103torul itinerar: tur \u2013 bd. Dacia, str. Independen\u021bei, str. Hristo Botev, str. Trandafirilor, bd. Decebal, retur \u2013 bd. Decebal, str. Nicolai Zelinski, str. Hristo Botev, str. Independen\u021bei, bd. Dacia;<\/li>\n<\/ul>\n\n\n\n<ul class=\"wp-block-list\">\n<li>ruta de troleibuz nr. 8A care va avea urm\u0103torul itinerar: tur \u2013 bd. Traian, bd. Decebal, str. Nicolai Zelinski, str. Sarmizegetusa, retur \u2013 str. Sarmizegetusa, bd. Decebal, bd. Traian.      <\/li>\n<\/ul>\n","protected":false},"excerpt":{"rendered":"<p>Prim\u0103ria Municipiului Chi\u0219in\u0103u informeaz\u0103 c\u0103 pe 12 iulie 2024, ora 19:00, p\u00e2n\u0103 pe 13 iulie 2024, ora 21:00, va fi suspendat total traficul rutier pe bd. Decebal, tronsonul cuprins \u00eentre bd. Iuri Gagarin \u0219i str. Trandafirilor. M\u0103sura a fost luat\u0103 \u00een leg\u0103tur\u0103 cu necesitatea execut\u0103rii lucr\u0103rilor de restabilire a \u00eenveli\u0219ului asfaltic pe bd. Decebal. \u00cen [&hellip;]<\/p>\n","protected":false},"author":2,"featured_media":11904,"comment_status":"closed","ping_status":"open","sticky":true,"template":"","format":"gallery","meta":{"footnotes":""},"categories":[92,96],"tags":[],"class_list":["post-11871","post","type-post","status-publish","format-gallery","has-post-thumbnail","hentry","category-comunicate","category-galerie-foto","post_format-post-format-gallery"],"yoast_head":"<!-- This site is optimized with the Yoast SEO plugin v23.9 - https:\/\/yoast.com\/wordpress\/plugins\/seo\/ -->\n<title>Suspendarea total\u0103 a traficului rutier pe bd. Decebal, tronsonul cuprins \u00eentre bd. Iuri Gagarin \u0219i str. Trandafirilor - mobilitatechisinau.md<\/title>\n<meta name=\"robots\" content=\"index, follow, max-snippet:-1, max-image-preview:large, max-video-preview:-1\" \/>\n<link rel=\"canonical\" href=\"https:\/\/mobilitatechisinau.md\/?p=11871\" \/>\n<meta property=\"og:locale\" content=\"ro_RO\" \/>\n<meta property=\"og:type\" content=\"article\" \/>\n<meta property=\"og:title\" content=\"Suspendarea total\u0103 a traficului rutier pe bd. Decebal, tronsonul cuprins \u00eentre bd. Iuri Gagarin \u0219i str. Trandafirilor - mobilitatechisinau.md\" \/>\n<meta property=\"og:description\" content=\"Prim\u0103ria Municipiului Chi\u0219in\u0103u informeaz\u0103 c\u0103 pe 12 iulie 2024, ora 19:00, p\u00e2n\u0103 pe 13 iulie 2024, ora 21:00, va fi suspendat total traficul rutier pe bd. Decebal, tronsonul cuprins \u00eentre bd. Iuri Gagarin \u0219i str. Trandafirilor. M\u0103sura a fost luat\u0103 \u00een leg\u0103tur\u0103 cu necesitatea execut\u0103rii lucr\u0103rilor de restabilire a \u00eenveli\u0219ului asfaltic pe bd. Decebal. \u00cen [&hellip;]\" \/>\n<meta property=\"og:url\" content=\"https:\/\/mobilitatechisinau.md\/?p=11871\" \/>\n<meta property=\"og:site_name\" content=\"mobilitatechisinau.md\" \/>\n<meta property=\"article:publisher\" content=\"https:\/\/www.facebook.com\/DGTPCC\" \/>\n<meta property=\"article:published_time\" content=\"2024-07-11T09:36:00+00:00\" \/>\n<meta property=\"article:modified_time\" content=\"2024-07-18T07:10:46+00:00\" \/>\n<meta property=\"og:image\" content=\"https:\/\/mobilitatechisinau.md\/wp-content\/uploads\/2024\/07\/4-4.jpg\" \/>\n\t<meta property=\"og:image:width\" content=\"1200\" \/>\n\t<meta property=\"og:image:height\" content=\"700\" \/>\n\t<meta property=\"og:image:type\" content=\"image\/jpeg\" \/>\n<meta name=\"author\" content=\"Baltag Veronica\" \/>\n<meta name=\"twitter:card\" content=\"summary_large_image\" \/>\n<meta name=\"twitter:label1\" content=\"Scris de\" \/>\n\t<meta name=\"twitter:data1\" content=\"Baltag Veronica\" \/>\n\t<meta name=\"twitter:label2\" content=\"Timp estimat pentru citire\" \/>\n\t<meta name=\"twitter:data2\" content=\"3 minute\" \/>\n<script type=\"application\/ld+json\" class=\"yoast-schema-graph\">{\"@context\":\"https:\/\/schema.org\",\"@graph\":[{\"@type\":\"Article\",\"@id\":\"https:\/\/mobilitatechisinau.md\/?p=11871#article\",\"isPartOf\":{\"@id\":\"https:\/\/mobilitatechisinau.md\/?p=11871\"},\"author\":{\"name\":\"Baltag Veronica\",\"@id\":\"https:\/\/mobilitatechisinau.md\/#\/schema\/person\/413b8392e030061e7e17321fb9b7dbae\"},\"headline\":\"Suspendarea total\u0103 a traficului rutier pe bd. Decebal, tronsonul cuprins \u00eentre bd. Iuri Gagarin \u0219i str. Trandafirilor\",\"datePublished\":\"2024-07-11T09:36:00+00:00\",\"dateModified\":\"2024-07-18T07:10:46+00:00\",\"mainEntityOfPage\":{\"@id\":\"https:\/\/mobilitatechisinau.md\/?p=11871\"},\"wordCount\":519,\"publisher\":{\"@id\":\"https:\/\/mobilitatechisinau.md\/#organization\"},\"image\":{\"@id\":\"https:\/\/mobilitatechisinau.md\/?p=11871#primaryimage\"},\"thumbnailUrl\":\"https:\/\/mobilitatechisinau.md\/wp-content\/uploads\/2024\/07\/4-4.jpg\",\"articleSection\":[\"Comunicate de pres\u0103\",\"Galerie foto\"],\"inLanguage\":\"ro-RO\"},{\"@type\":\"WebPage\",\"@id\":\"https:\/\/mobilitatechisinau.md\/?p=11871\",\"url\":\"https:\/\/mobilitatechisinau.md\/?p=11871\",\"name\":\"Suspendarea total\u0103 a traficului rutier pe bd. Decebal, tronsonul cuprins \u00eentre bd. Iuri Gagarin \u0219i str. Trandafirilor - mobilitatechisinau.md\",\"isPartOf\":{\"@id\":\"https:\/\/mobilitatechisinau.md\/#website\"},\"primaryImageOfPage\":{\"@id\":\"https:\/\/mobilitatechisinau.md\/?p=11871#primaryimage\"},\"image\":{\"@id\":\"https:\/\/mobilitatechisinau.md\/?p=11871#primaryimage\"},\"thumbnailUrl\":\"https:\/\/mobilitatechisinau.md\/wp-content\/uploads\/2024\/07\/4-4.jpg\",\"datePublished\":\"2024-07-11T09:36:00+00:00\",\"dateModified\":\"2024-07-18T07:10:46+00:00\",\"breadcrumb\":{\"@id\":\"https:\/\/mobilitatechisinau.md\/?p=11871#breadcrumb\"},\"inLanguage\":\"ro-RO\",\"potentialAction\":[{\"@type\":\"ReadAction\",\"target\":[\"https:\/\/mobilitatechisinau.md\/?p=11871\"]}]},{\"@type\":\"ImageObject\",\"inLanguage\":\"ro-RO\",\"@id\":\"https:\/\/mobilitatechisinau.md\/?p=11871#primaryimage\",\"url\":\"https:\/\/mobilitatechisinau.md\/wp-content\/uploads\/2024\/07\/4-4.jpg\",\"contentUrl\":\"https:\/\/mobilitatechisinau.md\/wp-content\/uploads\/2024\/07\/4-4.jpg\",\"width\":1200,\"height\":700},{\"@type\":\"BreadcrumbList\",\"@id\":\"https:\/\/mobilitatechisinau.md\/?p=11871#breadcrumb\",\"itemListElement\":[{\"@type\":\"ListItem\",\"position\":1,\"name\":\"Prima pagin\u0103\",\"item\":\"https:\/\/mobilitatechisinau.md\/\"},{\"@type\":\"ListItem\",\"position\":2,\"name\":\"Suspendarea total\u0103 a traficului rutier pe bd. Decebal, tronsonul cuprins \u00eentre bd. Iuri Gagarin \u0219i str. Trandafirilor\"}]},{\"@type\":\"WebSite\",\"@id\":\"https:\/\/mobilitatechisinau.md\/#website\",\"url\":\"https:\/\/mobilitatechisinau.md\/\",\"name\":\"mobilitatechisinau.md\",\"description\":\"Direc\u0163ia General\u0103 Mobilitate Urban\u0103\",\"publisher\":{\"@id\":\"https:\/\/mobilitatechisinau.md\/#organization\"},\"potentialAction\":[{\"@type\":\"SearchAction\",\"target\":{\"@type\":\"EntryPoint\",\"urlTemplate\":\"https:\/\/mobilitatechisinau.md\/?s={search_term_string}\"},\"query-input\":{\"@type\":\"PropertyValueSpecification\",\"valueRequired\":true,\"valueName\":\"search_term_string\"}}],\"inLanguage\":\"ro-RO\"},{\"@type\":\"Organization\",\"@id\":\"https:\/\/mobilitatechisinau.md\/#organization\",\"name\":\"Direc\u0163ia general\u0103 transport public \u015fi c\u0103i de comunica\u0163ie\",\"url\":\"https:\/\/mobilitatechisinau.md\/\",\"logo\":{\"@type\":\"ImageObject\",\"inLanguage\":\"ro-RO\",\"@id\":\"https:\/\/mobilitatechisinau.md\/#\/schema\/logo\/image\/\",\"url\":\"https:\/\/dgtpcc.md\/wp-content\/uploads\/2022\/05\/DGTPCC-Chis\u0326ina\u0306u-new.jpg\",\"contentUrl\":\"https:\/\/dgtpcc.md\/wp-content\/uploads\/2022\/05\/DGTPCC-Chis\u0326ina\u0306u-new.jpg\",\"width\":304,\"height\":80,\"caption\":\"Direc\u0163ia general\u0103 transport public \u015fi c\u0103i de comunica\u0163ie\"},\"image\":{\"@id\":\"https:\/\/mobilitatechisinau.md\/#\/schema\/logo\/image\/\"},\"sameAs\":[\"https:\/\/www.facebook.com\/DGTPCC\"]},{\"@type\":\"Person\",\"@id\":\"https:\/\/mobilitatechisinau.md\/#\/schema\/person\/413b8392e030061e7e17321fb9b7dbae\",\"name\":\"Baltag Veronica\",\"image\":{\"@type\":\"ImageObject\",\"inLanguage\":\"ro-RO\",\"@id\":\"https:\/\/mobilitatechisinau.md\/#\/schema\/person\/image\/\",\"url\":\"https:\/\/secure.gravatar.com\/avatar\/c751d26ecc9b9ae25c31693f0054f03e802c339ebd851e73a6bf882e161c2d47?s=96&d=mm&r=g\",\"contentUrl\":\"https:\/\/secure.gravatar.com\/avatar\/c751d26ecc9b9ae25c31693f0054f03e802c339ebd851e73a6bf882e161c2d47?s=96&d=mm&r=g\",\"caption\":\"Baltag Veronica\"},\"url\":\"https:\/\/mobilitatechisinau.md\/?author=2\"}]}<\/script>\n<!-- \/ Yoast SEO plugin. -->","yoast_head_json":{"title":"Suspendarea total\u0103 a traficului rutier pe bd. Decebal, tronsonul cuprins \u00eentre bd. Iuri Gagarin \u0219i str. Trandafirilor - mobilitatechisinau.md","robots":{"index":"index","follow":"follow","max-snippet":"max-snippet:-1","max-image-preview":"max-image-preview:large","max-video-preview":"max-video-preview:-1"},"canonical":"https:\/\/mobilitatechisinau.md\/?p=11871","og_locale":"ro_RO","og_type":"article","og_title":"Suspendarea total\u0103 a traficului rutier pe bd. Decebal, tronsonul cuprins \u00eentre bd. Iuri Gagarin \u0219i str. Trandafirilor - mobilitatechisinau.md","og_description":"Prim\u0103ria Municipiului Chi\u0219in\u0103u informeaz\u0103 c\u0103 pe 12 iulie 2024, ora 19:00, p\u00e2n\u0103 pe 13 iulie 2024, ora 21:00, va fi suspendat total traficul rutier pe bd. Decebal, tronsonul cuprins \u00eentre bd. Iuri Gagarin \u0219i str. Trandafirilor. M\u0103sura a fost luat\u0103 \u00een leg\u0103tur\u0103 cu necesitatea execut\u0103rii lucr\u0103rilor de restabilire a \u00eenveli\u0219ului asfaltic pe bd. Decebal. \u00cen [&hellip;]","og_url":"https:\/\/mobilitatechisinau.md\/?p=11871","og_site_name":"mobilitatechisinau.md","article_publisher":"https:\/\/www.facebook.com\/DGTPCC","article_published_time":"2024-07-11T09:36:00+00:00","article_modified_time":"2024-07-18T07:10:46+00:00","og_image":[{"width":1200,"height":700,"url":"https:\/\/mobilitatechisinau.md\/wp-content\/uploads\/2024\/07\/4-4.jpg","type":"image\/jpeg"}],"author":"Baltag Veronica","twitter_card":"summary_large_image","twitter_misc":{"Scris de":"Baltag Veronica","Timp estimat pentru citire":"3 minute"},"schema":{"@context":"https:\/\/schema.org","@graph":[{"@type":"Article","@id":"https:\/\/mobilitatechisinau.md\/?p=11871#article","isPartOf":{"@id":"https:\/\/mobilitatechisinau.md\/?p=11871"},"author":{"name":"Baltag Veronica","@id":"https:\/\/mobilitatechisinau.md\/#\/schema\/person\/413b8392e030061e7e17321fb9b7dbae"},"headline":"Suspendarea total\u0103 a traficului rutier pe bd. Decebal, tronsonul cuprins \u00eentre bd. Iuri Gagarin \u0219i str. Trandafirilor","datePublished":"2024-07-11T09:36:00+00:00","dateModified":"2024-07-18T07:10:46+00:00","mainEntityOfPage":{"@id":"https:\/\/mobilitatechisinau.md\/?p=11871"},"wordCount":519,"publisher":{"@id":"https:\/\/mobilitatechisinau.md\/#organization"},"image":{"@id":"https:\/\/mobilitatechisinau.md\/?p=11871#primaryimage"},"thumbnailUrl":"https:\/\/mobilitatechisinau.md\/wp-content\/uploads\/2024\/07\/4-4.jpg","articleSection":["Comunicate de pres\u0103","Galerie foto"],"inLanguage":"ro-RO"},{"@type":"WebPage","@id":"https:\/\/mobilitatechisinau.md\/?p=11871","url":"https:\/\/mobilitatechisinau.md\/?p=11871","name":"Suspendarea total\u0103 a traficului rutier pe bd. Decebal, tronsonul cuprins \u00eentre bd. Iuri Gagarin \u0219i str. Trandafirilor - mobilitatechisinau.md","isPartOf":{"@id":"https:\/\/mobilitatechisinau.md\/#website"},"primaryImageOfPage":{"@id":"https:\/\/mobilitatechisinau.md\/?p=11871#primaryimage"},"image":{"@id":"https:\/\/mobilitatechisinau.md\/?p=11871#primaryimage"},"thumbnailUrl":"https:\/\/mobilitatechisinau.md\/wp-content\/uploads\/2024\/07\/4-4.jpg","datePublished":"2024-07-11T09:36:00+00:00","dateModified":"2024-07-18T07:10:46+00:00","breadcrumb":{"@id":"https:\/\/mobilitatechisinau.md\/?p=11871#breadcrumb"},"inLanguage":"ro-RO","potentialAction":[{"@type":"ReadAction","target":["https:\/\/mobilitatechisinau.md\/?p=11871"]}]},{"@type":"ImageObject","inLanguage":"ro-RO","@id":"https:\/\/mobilitatechisinau.md\/?p=11871#primaryimage","url":"https:\/\/mobilitatechisinau.md\/wp-content\/uploads\/2024\/07\/4-4.jpg","contentUrl":"https:\/\/mobilitatechisinau.md\/wp-content\/uploads\/2024\/07\/4-4.jpg","width":1200,"height":700},{"@type":"BreadcrumbList","@id":"https:\/\/mobilitatechisinau.md\/?p=11871#breadcrumb","itemListElement":[{"@type":"ListItem","position":1,"name":"Prima pagin\u0103","item":"https:\/\/mobilitatechisinau.md\/"},{"@type":"ListItem","position":2,"name":"Suspendarea total\u0103 a traficului rutier pe bd. Decebal, tronsonul cuprins \u00eentre bd. Iuri Gagarin \u0219i str. Trandafirilor"}]},{"@type":"WebSite","@id":"https:\/\/mobilitatechisinau.md\/#website","url":"https:\/\/mobilitatechisinau.md\/","name":"mobilitatechisinau.md","description":"Direc\u0163ia General\u0103 Mobilitate Urban\u0103","publisher":{"@id":"https:\/\/mobilitatechisinau.md\/#organization"},"potentialAction":[{"@type":"SearchAction","target":{"@type":"EntryPoint","urlTemplate":"https:\/\/mobilitatechisinau.md\/?s={search_term_string}"},"query-input":{"@type":"PropertyValueSpecification","valueRequired":true,"valueName":"search_term_string"}}],"inLanguage":"ro-RO"},{"@type":"Organization","@id":"https:\/\/mobilitatechisinau.md\/#organization","name":"Direc\u0163ia general\u0103 transport public \u015fi c\u0103i de comunica\u0163ie","url":"https:\/\/mobilitatechisinau.md\/","logo":{"@type":"ImageObject","inLanguage":"ro-RO","@id":"https:\/\/mobilitatechisinau.md\/#\/schema\/logo\/image\/","url":"https:\/\/dgtpcc.md\/wp-content\/uploads\/2022\/05\/DGTPCC-Chis\u0326ina\u0306u-new.jpg","contentUrl":"https:\/\/dgtpcc.md\/wp-content\/uploads\/2022\/05\/DGTPCC-Chis\u0326ina\u0306u-new.jpg","width":304,"height":80,"caption":"Direc\u0163ia general\u0103 transport public \u015fi c\u0103i de comunica\u0163ie"},"image":{"@id":"https:\/\/mobilitatechisinau.md\/#\/schema\/logo\/image\/"},"sameAs":["https:\/\/www.facebook.com\/DGTPCC"]},{"@type":"Person","@id":"https:\/\/mobilitatechisinau.md\/#\/schema\/person\/413b8392e030061e7e17321fb9b7dbae","name":"Baltag Veronica","image":{"@type":"ImageObject","inLanguage":"ro-RO","@id":"https:\/\/mobilitatechisinau.md\/#\/schema\/person\/image\/","url":"https:\/\/secure.gravatar.com\/avatar\/c751d26ecc9b9ae25c31693f0054f03e802c339ebd851e73a6bf882e161c2d47?s=96&d=mm&r=g","contentUrl":"https:\/\/secure.gravatar.com\/avatar\/c751d26ecc9b9ae25c31693f0054f03e802c339ebd851e73a6bf882e161c2d47?s=96&d=mm&r=g","caption":"Baltag Veronica"},"url":"https:\/\/mobilitatechisinau.md\/?author=2"}]}},"_links":{"self":[{"href":"https:\/\/mobilitatechisinau.md\/index.php?rest_route=\/wp\/v2\/posts\/11871","targetHints":{"allow":["GET"]}}],"collection":[{"href":"https:\/\/mobilitatechisinau.md\/index.php?rest_route=\/wp\/v2\/posts"}],"about":[{"href":"https:\/\/mobilitatechisinau.md\/index.php?rest_route=\/wp\/v2\/types\/post"}],"author":[{"embeddable":true,"href":"https:\/\/mobilitatechisinau.md\/index.php?rest_route=\/wp\/v2\/users\/2"}],"replies":[{"embeddable":true,"href":"https:\/\/mobilitatechisinau.md\/index.php?rest_route=%2Fwp%2Fv2%2Fcomments&post=11871"}],"version-history":[{"count":0,"href":"https:\/\/mobilitatechisinau.md\/index.php?rest_route=\/wp\/v2\/posts\/11871\/revisions"}],"wp:featuredmedia":[{"embeddable":true,"href":"https:\/\/mobilitatechisinau.md\/index.php?rest_route=\/wp\/v2\/media\/11904"}],"wp:attachment":[{"href":"https:\/\/mobilitatechisinau.md\/index.php?rest_route=%2Fwp%2Fv2%2Fmedia&parent=11871"}],"wp:term":[{"taxonomy":"category","embeddable":true,"href":"https:\/\/mobilitatechisinau.md\/index.php?rest_route=%2Fwp%2Fv2%2Fcategories&post=11871"},{"taxonomy":"post_tag","embeddable":true,"href":"https:\/\/mobilitatechisinau.md\/index.php?rest_route=%2Fwp%2Fv2%2Ftags&post=11871"}],"curies":[{"name":"wp","href":"https:\/\/api.w.org\/{rel}","templated":true}]}}