{"id":11877,"date":"2024-07-15T14:08:06","date_gmt":"2024-07-15T12:08:06","guid":{"rendered":"https:\/\/mobilitatechisinau.md\/?p=11877"},"modified":"2024-07-18T09:22:06","modified_gmt":"2024-07-18T07:22:06","slug":"lucrari-de-reparatie-si-intretinere-a-drumurilor-publice-municipale-executate-pe-parcursul-saptamanii-trecute-2","status":"publish","type":"post","link":"https:\/\/mobilitatechisinau.md\/?p=11877","title":{"rendered":"Lucr\u0103ri de repara\u021bie \u0219i \u00eentre\u021binere a drumurilor publice municipale, executate pe parcursul s\u0103pt\u0103m\u00e2nii trecute"},"content":{"rendered":"\n<p>\u00cen perioada 8 &#8211; 14 iulie 2024, \u00ce.M. Regia \u201eExdrupo\u201d a executat lucr\u0103ri masive de repara\u021bie \u0219i \u00eentre\u021binere a drumurilor publice municipale, prin aplicarea stratului de uzur\u0103 pe str\u0103zile Decebal, Vladimir Korolenco \u0219i \u00een intersec\u021bia Calea Orheiului \u2013 Socoleni, unde a fost construit\u0103 o band\u0103 suplimentar\u0103 de virare. \u00cen total, \u00een cadrul acestor proiecte, au fost asfaltate suprafe\u021be de circa 26 000 m.p.<\/p>\n\n\n\n<p>Lucr\u0103rile au fost executate preponderent pe timp de noapte, cu sistarea total\u0103 <a><\/a>a traficului, pentru a nu expune muncitorii la temperaturile extreme din timpul zilei, dar \u0219i pentru a urgenta procesul \u0219i a relua circula\u021bia rutier\u0103 pe str\u0103zile respective \u00eentr-un termen c\u00e2t mai restr\u00e2ns.<\/p>\n\n\n\n<p>\u00cen acela\u0219i timp, pe bd. Decebal s-a lucrat \u00eenlocuirea bordurilor \u0219i amenajarea pavajului, dar \u0219i la sistemul de evacuare a apelor pluviale, fiind supuse interven\u021biilor peste 100 de elemente ale re\u021belei. Acestea presupun instalarea f\u00e2nt\u00e2nilor de vizitare \u0219i a elementelor de beton, precum \u0219i \u00eenlocuirea grilajelor.<\/p>\n\n\n\n<p>Pentru sporirea siguran\u021bei \u00een trafic, \u00een s\u0103pt\u0103m\u00e2na precedent\u0103 au fost aplicate marcaje rutiere pe mai mute str\u0103zi, pe o arie total\u0103 de peste 9 000 m.p. Lucr\u0103rile au fost executate de operatorul municipal \u201eExdrupo\u201d, \u00eempreun\u0103 cu agentul economic contractat de Direc\u021bia General\u0103 Mobilitate Urban\u0103 (DGMU), fiind trasate marcaje longitudinale, transversale \u0219i de alt tip, precum covoare ro\u0219ii, insuli\u021be \u0219i s\u0103ge\u021bi, at\u00e2t cu vopsea acrilic\u0103, c\u00e2t \u0219i bicomponent\u0103. Totodat\u0103, circa 100 de indicatoare rutiere au fost reparate sau \u00eentre\u021binute, \u00een toate sectoarele ora\u0219ului.<\/p>\n\n\n\n<p>Pentru a preveni deformarea suprafe\u021bei asfaltice, date fiind temperaturile caniculare, au fost stropite \u0219i sp\u0103late 42 str\u0103zi \u00een toate sectoarele ora\u0219ului, iar alte drumuri publice municipale au fost salubrizate.<\/p>\n\n\n\n<p>\u00cen cadrului proiectelor contractat de DGMU, \u00een s\u0103pt\u0103m\u00e2na precedent\u0103 au fost finalizate lucr\u0103rile de aplicare a emulsiei bituminoase Slurry Seal pe bd. Mircea cel B\u0103tr\u00e2n, tronsonul cuprins \u00eentre str\u0103zile Petru Zadnipru \u0219i Prof. Ion Dumeniuc, iar \u00een s\u0103pt\u0103m\u00e2na curent\u0103 asemenea ac\u021biuni au fost demarate pe str. Alba Iulia, dup\u0103 ce anterior au fost executate lucr\u0103ri de preg\u0103tire a carosabilului de c\u0103tre drumarii Regiei \u201eExdrupo\u201d. De men\u021bionat, c\u0103 marcajele rutiere urmeaz\u0103 a fi aplicate, conform normativelor, nu mai devreme de 10 zile dup\u0103 aplicarea stratului final de Slurry Seal.<\/p>\n\n\n\n<p>\u00cen continuare, se lucreaz\u0103 la repara\u021bia podului din strada Mihai Viteazul, unde s\u0103pt\u0103m\u00e2na trecut\u0103 au fost betonate pl\u0103cile de racordare, dar \u0219i la amenajarea acceselor spre institu\u021bii de \u00eenv\u0103\u021b\u0103m\u00e2nt \u0219i de educa\u021bie timpurie din Capital\u0103. \u00centre timp, pe bd. Rena\u0219terii Na\u021bionale sunt la etapa final\u0103 lucr\u0103rile de amenajare a zonelor pietonale.<\/p>\n\n\n\n<p>Lucr\u0103rile de \u00eentre\u021binere a infrastructurii rutiere vor continua \u0219i pe parcursul s\u0103pt\u0103m\u00e2nii curente.<\/p>\n\n\n\n<figure class=\"wp-block-gallery has-nested-images columns-default is-cropped wp-block-gallery-1 is-layout-flex wp-block-gallery-is-layout-flex\">\n<figure class=\"wp-block-image size-large\"><img fetchpriority=\"high\" decoding=\"async\" width=\"1024\" height=\"768\" data-id=\"11891\" src=\"https:\/\/mobilitatechisinau.md\/wp-content\/uploads\/2024\/07\/451516310_469987019001692_2915054889593167451_n-1024x768.jpg\" alt=\"\" class=\"wp-image-11891\" srcset=\"https:\/\/mobilitatechisinau.md\/wp-content\/uploads\/2024\/07\/451516310_469987019001692_2915054889593167451_n-1024x768.jpg 1024w, https:\/\/mobilitatechisinau.md\/wp-content\/uploads\/2024\/07\/451516310_469987019001692_2915054889593167451_n-300x225.jpg 300w, https:\/\/mobilitatechisinau.md\/wp-content\/uploads\/2024\/07\/451516310_469987019001692_2915054889593167451_n-768x576.jpg 768w, https:\/\/mobilitatechisinau.md\/wp-content\/uploads\/2024\/07\/451516310_469987019001692_2915054889593167451_n-1536x1152.jpg 1536w, https:\/\/mobilitatechisinau.md\/wp-content\/uploads\/2024\/07\/451516310_469987019001692_2915054889593167451_n-16x12.jpg 16w, https:\/\/mobilitatechisinau.md\/wp-content\/uploads\/2024\/07\/451516310_469987019001692_2915054889593167451_n-800x600.jpg 800w, https:\/\/mobilitatechisinau.md\/wp-content\/uploads\/2024\/07\/451516310_469987019001692_2915054889593167451_n.jpg 1600w\" sizes=\"(max-width: 1024px) 100vw, 1024px\" \/><\/figure>\n\n\n\n<figure class=\"wp-block-image size-large\"><img decoding=\"async\" width=\"768\" height=\"1024\" data-id=\"11890\" src=\"https:\/\/mobilitatechisinau.md\/wp-content\/uploads\/2024\/07\/451495760_469982822335445_4325639344848323290_n-768x1024.jpg\" alt=\"\" class=\"wp-image-11890\" srcset=\"https:\/\/mobilitatechisinau.md\/wp-content\/uploads\/2024\/07\/451495760_469982822335445_4325639344848323290_n-768x1024.jpg 768w, https:\/\/mobilitatechisinau.md\/wp-content\/uploads\/2024\/07\/451495760_469982822335445_4325639344848323290_n-225x300.jpg 225w, https:\/\/mobilitatechisinau.md\/wp-content\/uploads\/2024\/07\/451495760_469982822335445_4325639344848323290_n-1152x1536.jpg 1152w, https:\/\/mobilitatechisinau.md\/wp-content\/uploads\/2024\/07\/451495760_469982822335445_4325639344848323290_n-9x12.jpg 9w, https:\/\/mobilitatechisinau.md\/wp-content\/uploads\/2024\/07\/451495760_469982822335445_4325639344848323290_n-600x800.jpg 600w, https:\/\/mobilitatechisinau.md\/wp-content\/uploads\/2024\/07\/451495760_469982822335445_4325639344848323290_n.jpg 1200w\" sizes=\"(max-width: 768px) 100vw, 768px\" \/><\/figure>\n\n\n\n<figure class=\"wp-block-image size-large\"><img decoding=\"async\" width=\"1024\" height=\"768\" data-id=\"11888\" src=\"https:\/\/mobilitatechisinau.md\/wp-content\/uploads\/2024\/07\/451489216_469987009001693_2315123746604679678_n-1024x768.jpg\" alt=\"\" class=\"wp-image-11888\" srcset=\"https:\/\/mobilitatechisinau.md\/wp-content\/uploads\/2024\/07\/451489216_469987009001693_2315123746604679678_n-1024x768.jpg 1024w, https:\/\/mobilitatechisinau.md\/wp-content\/uploads\/2024\/07\/451489216_469987009001693_2315123746604679678_n-300x225.jpg 300w, https:\/\/mobilitatechisinau.md\/wp-content\/uploads\/2024\/07\/451489216_469987009001693_2315123746604679678_n-768x576.jpg 768w, https:\/\/mobilitatechisinau.md\/wp-content\/uploads\/2024\/07\/451489216_469987009001693_2315123746604679678_n-16x12.jpg 16w, https:\/\/mobilitatechisinau.md\/wp-content\/uploads\/2024\/07\/451489216_469987009001693_2315123746604679678_n-640x480.jpg 640w, https:\/\/mobilitatechisinau.md\/wp-content\/uploads\/2024\/07\/451489216_469987009001693_2315123746604679678_n.jpg 1280w\" sizes=\"(max-width: 1024px) 100vw, 1024px\" \/><\/figure>\n\n\n\n<figure class=\"wp-block-image size-large\"><img loading=\"lazy\" decoding=\"async\" width=\"768\" height=\"1024\" data-id=\"11887\" src=\"https:\/\/mobilitatechisinau.md\/wp-content\/uploads\/2024\/07\/451396237_469987352334992_548493099493914522_n-768x1024.jpg\" alt=\"\" class=\"wp-image-11887\" srcset=\"https:\/\/mobilitatechisinau.md\/wp-content\/uploads\/2024\/07\/451396237_469987352334992_548493099493914522_n-768x1024.jpg 768w, https:\/\/mobilitatechisinau.md\/wp-content\/uploads\/2024\/07\/451396237_469987352334992_548493099493914522_n-225x300.jpg 225w, https:\/\/mobilitatechisinau.md\/wp-content\/uploads\/2024\/07\/451396237_469987352334992_548493099493914522_n-1152x1536.jpg 1152w, https:\/\/mobilitatechisinau.md\/wp-content\/uploads\/2024\/07\/451396237_469987352334992_548493099493914522_n-9x12.jpg 9w, https:\/\/mobilitatechisinau.md\/wp-content\/uploads\/2024\/07\/451396237_469987352334992_548493099493914522_n-600x800.jpg 600w, https:\/\/mobilitatechisinau.md\/wp-content\/uploads\/2024\/07\/451396237_469987352334992_548493099493914522_n.jpg 1200w\" sizes=\"(max-width: 768px) 100vw, 768px\" \/><\/figure>\n\n\n\n<figure class=\"wp-block-image size-large\"><img loading=\"lazy\" decoding=\"async\" width=\"768\" height=\"1024\" data-id=\"11886\" src=\"https:\/\/mobilitatechisinau.md\/wp-content\/uploads\/2024\/07\/451311547_469991319001262_8796929915806776385_n-768x1024.jpg\" alt=\"\" class=\"wp-image-11886\" srcset=\"https:\/\/mobilitatechisinau.md\/wp-content\/uploads\/2024\/07\/451311547_469991319001262_8796929915806776385_n-768x1024.jpg 768w, https:\/\/mobilitatechisinau.md\/wp-content\/uploads\/2024\/07\/451311547_469991319001262_8796929915806776385_n-225x300.jpg 225w, https:\/\/mobilitatechisinau.md\/wp-content\/uploads\/2024\/07\/451311547_469991319001262_8796929915806776385_n-1152x1536.jpg 1152w, https:\/\/mobilitatechisinau.md\/wp-content\/uploads\/2024\/07\/451311547_469991319001262_8796929915806776385_n-9x12.jpg 9w, https:\/\/mobilitatechisinau.md\/wp-content\/uploads\/2024\/07\/451311547_469991319001262_8796929915806776385_n-600x800.jpg 600w, https:\/\/mobilitatechisinau.md\/wp-content\/uploads\/2024\/07\/451311547_469991319001262_8796929915806776385_n.jpg 1200w\" sizes=\"(max-width: 768px) 100vw, 768px\" \/><\/figure>\n\n\n\n<figure class=\"wp-block-image size-large\"><img loading=\"lazy\" decoding=\"async\" width=\"1024\" height=\"768\" data-id=\"11885\" src=\"https:\/\/mobilitatechisinau.md\/wp-content\/uploads\/2024\/07\/451230306_469982789002115_3988078984660527044_n-1024x768.jpg\" alt=\"\" class=\"wp-image-11885\" srcset=\"https:\/\/mobilitatechisinau.md\/wp-content\/uploads\/2024\/07\/451230306_469982789002115_3988078984660527044_n-1024x768.jpg 1024w, https:\/\/mobilitatechisinau.md\/wp-content\/uploads\/2024\/07\/451230306_469982789002115_3988078984660527044_n-300x225.jpg 300w, https:\/\/mobilitatechisinau.md\/wp-content\/uploads\/2024\/07\/451230306_469982789002115_3988078984660527044_n-768x576.jpg 768w, https:\/\/mobilitatechisinau.md\/wp-content\/uploads\/2024\/07\/451230306_469982789002115_3988078984660527044_n-1536x1152.jpg 1536w, https:\/\/mobilitatechisinau.md\/wp-content\/uploads\/2024\/07\/451230306_469982789002115_3988078984660527044_n-16x12.jpg 16w, https:\/\/mobilitatechisinau.md\/wp-content\/uploads\/2024\/07\/451230306_469982789002115_3988078984660527044_n-800x600.jpg 800w, https:\/\/mobilitatechisinau.md\/wp-content\/uploads\/2024\/07\/451230306_469982789002115_3988078984660527044_n.jpg 1600w\" sizes=\"(max-width: 1024px) 100vw, 1024px\" \/><\/figure>\n\n\n\n<figure class=\"wp-block-image size-large\"><img loading=\"lazy\" decoding=\"async\" width=\"768\" height=\"1024\" data-id=\"11884\" src=\"https:\/\/mobilitatechisinau.md\/wp-content\/uploads\/2024\/07\/451225710_469991299001264_5423649227219476188_n-768x1024.jpg\" alt=\"\" class=\"wp-image-11884\" srcset=\"https:\/\/mobilitatechisinau.md\/wp-content\/uploads\/2024\/07\/451225710_469991299001264_5423649227219476188_n-768x1024.jpg 768w, https:\/\/mobilitatechisinau.md\/wp-content\/uploads\/2024\/07\/451225710_469991299001264_5423649227219476188_n-225x300.jpg 225w, https:\/\/mobilitatechisinau.md\/wp-content\/uploads\/2024\/07\/451225710_469991299001264_5423649227219476188_n-1152x1536.jpg 1152w, https:\/\/mobilitatechisinau.md\/wp-content\/uploads\/2024\/07\/451225710_469991299001264_5423649227219476188_n-9x12.jpg 9w, https:\/\/mobilitatechisinau.md\/wp-content\/uploads\/2024\/07\/451225710_469991299001264_5423649227219476188_n-675x900.jpg 675w, https:\/\/mobilitatechisinau.md\/wp-content\/uploads\/2024\/07\/451225710_469991299001264_5423649227219476188_n.jpg 1350w\" sizes=\"(max-width: 768px) 100vw, 768px\" \/><\/figure>\n\n\n\n<figure class=\"wp-block-image size-large\"><img loading=\"lazy\" decoding=\"async\" width=\"1024\" height=\"768\" data-id=\"11883\" src=\"https:\/\/mobilitatechisinau.md\/wp-content\/uploads\/2024\/07\/451210530_469987319001662_9063671091134801030_n-1024x768.jpg\" alt=\"\" class=\"wp-image-11883\" srcset=\"https:\/\/mobilitatechisinau.md\/wp-content\/uploads\/2024\/07\/451210530_469987319001662_9063671091134801030_n-1024x768.jpg 1024w, https:\/\/mobilitatechisinau.md\/wp-content\/uploads\/2024\/07\/451210530_469987319001662_9063671091134801030_n-300x225.jpg 300w, https:\/\/mobilitatechisinau.md\/wp-content\/uploads\/2024\/07\/451210530_469987319001662_9063671091134801030_n-768x576.jpg 768w, https:\/\/mobilitatechisinau.md\/wp-content\/uploads\/2024\/07\/451210530_469987319001662_9063671091134801030_n-1536x1152.jpg 1536w, https:\/\/mobilitatechisinau.md\/wp-content\/uploads\/2024\/07\/451210530_469987319001662_9063671091134801030_n-16x12.jpg 16w, https:\/\/mobilitatechisinau.md\/wp-content\/uploads\/2024\/07\/451210530_469987319001662_9063671091134801030_n-800x600.jpg 800w, https:\/\/mobilitatechisinau.md\/wp-content\/uploads\/2024\/07\/451210530_469987319001662_9063671091134801030_n.jpg 1600w\" sizes=\"(max-width: 1024px) 100vw, 1024px\" \/><\/figure>\n\n\n\n<figure class=\"wp-block-image size-large\"><img loading=\"lazy\" decoding=\"async\" width=\"1024\" height=\"768\" data-id=\"11882\" src=\"https:\/\/mobilitatechisinau.md\/wp-content\/uploads\/2024\/07\/451208506_469982712335456_768019762371103555_n-1024x768.jpg\" alt=\"\" class=\"wp-image-11882\" srcset=\"https:\/\/mobilitatechisinau.md\/wp-content\/uploads\/2024\/07\/451208506_469982712335456_768019762371103555_n-1024x768.jpg 1024w, https:\/\/mobilitatechisinau.md\/wp-content\/uploads\/2024\/07\/451208506_469982712335456_768019762371103555_n-300x225.jpg 300w, https:\/\/mobilitatechisinau.md\/wp-content\/uploads\/2024\/07\/451208506_469982712335456_768019762371103555_n-768x576.jpg 768w, https:\/\/mobilitatechisinau.md\/wp-content\/uploads\/2024\/07\/451208506_469982712335456_768019762371103555_n-16x12.jpg 16w, https:\/\/mobilitatechisinau.md\/wp-content\/uploads\/2024\/07\/451208506_469982712335456_768019762371103555_n-640x480.jpg 640w, https:\/\/mobilitatechisinau.md\/wp-content\/uploads\/2024\/07\/451208506_469982712335456_768019762371103555_n.jpg 1280w\" sizes=\"(max-width: 1024px) 100vw, 1024px\" \/><\/figure>\n<\/figure>\n","protected":false},"excerpt":{"rendered":"<p>\u00cen perioada 8 &#8211; 14 iulie 2024, \u00ce.M. Regia \u201eExdrupo\u201d a executat lucr\u0103ri masive de repara\u021bie \u0219i \u00eentre\u021binere a drumurilor publice municipale, prin aplicarea stratului de uzur\u0103 pe str\u0103zile Decebal, Vladimir Korolenco \u0219i \u00een intersec\u021bia Calea Orheiului \u2013 Socoleni, unde a fost construit\u0103 o band\u0103 suplimentar\u0103 de virare. \u00cen total, \u00een cadrul acestor proiecte, au [&hellip;]<\/p>\n","protected":false},"author":2,"featured_media":11906,"comment_status":"closed","ping_status":"open","sticky":false,"template":"","format":"standard","meta":{"footnotes":""},"categories":[92,96],"tags":[],"class_list":["post-11877","post","type-post","status-publish","format-standard","has-post-thumbnail","hentry","category-comunicate","category-galerie-foto"],"yoast_head":"<!-- This site is optimized with the Yoast SEO plugin v23.9 - https:\/\/yoast.com\/wordpress\/plugins\/seo\/ -->\n<title>Lucr\u0103ri de repara\u021bie \u0219i \u00eentre\u021binere a drumurilor publice municipale, executate pe parcursul s\u0103pt\u0103m\u00e2nii trecute - mobilitatechisinau.md<\/title>\n<meta name=\"robots\" content=\"index, follow, max-snippet:-1, max-image-preview:large, max-video-preview:-1\" \/>\n<link rel=\"canonical\" href=\"https:\/\/mobilitatechisinau.md\/?p=11877\" \/>\n<meta property=\"og:locale\" content=\"ro_RO\" \/>\n<meta property=\"og:type\" content=\"article\" \/>\n<meta property=\"og:title\" content=\"Lucr\u0103ri de repara\u021bie \u0219i \u00eentre\u021binere a drumurilor publice municipale, executate pe parcursul s\u0103pt\u0103m\u00e2nii trecute - mobilitatechisinau.md\" \/>\n<meta property=\"og:description\" content=\"\u00cen perioada 8 &#8211; 14 iulie 2024, \u00ce.M. Regia \u201eExdrupo\u201d a executat lucr\u0103ri masive de repara\u021bie \u0219i \u00eentre\u021binere a drumurilor publice municipale, prin aplicarea stratului de uzur\u0103 pe str\u0103zile Decebal, Vladimir Korolenco \u0219i \u00een intersec\u021bia Calea Orheiului \u2013 Socoleni, unde a fost construit\u0103 o band\u0103 suplimentar\u0103 de virare. \u00cen total, \u00een cadrul acestor proiecte, au [&hellip;]\" \/>\n<meta property=\"og:url\" content=\"https:\/\/mobilitatechisinau.md\/?p=11877\" \/>\n<meta property=\"og:site_name\" content=\"mobilitatechisinau.md\" \/>\n<meta property=\"article:publisher\" content=\"https:\/\/www.facebook.com\/DGTPCC\" \/>\n<meta property=\"article:published_time\" content=\"2024-07-15T12:08:06+00:00\" \/>\n<meta property=\"article:modified_time\" content=\"2024-07-18T07:22:06+00:00\" \/>\n<meta property=\"og:image\" content=\"https:\/\/mobilitatechisinau.md\/wp-content\/uploads\/2024\/07\/6-4.jpg\" \/>\n\t<meta property=\"og:image:width\" content=\"1200\" \/>\n\t<meta property=\"og:image:height\" content=\"700\" \/>\n\t<meta property=\"og:image:type\" content=\"image\/jpeg\" \/>\n<meta name=\"author\" content=\"Baltag Veronica\" \/>\n<meta name=\"twitter:card\" content=\"summary_large_image\" \/>\n<meta name=\"twitter:label1\" content=\"Scris de\" \/>\n\t<meta name=\"twitter:data1\" content=\"Baltag Veronica\" \/>\n\t<meta name=\"twitter:label2\" content=\"Timp estimat pentru citire\" \/>\n\t<meta name=\"twitter:data2\" content=\"5 minute\" \/>\n<script type=\"application\/ld+json\" class=\"yoast-schema-graph\">{\"@context\":\"https:\/\/schema.org\",\"@graph\":[{\"@type\":\"Article\",\"@id\":\"https:\/\/mobilitatechisinau.md\/?p=11877#article\",\"isPartOf\":{\"@id\":\"https:\/\/mobilitatechisinau.md\/?p=11877\"},\"author\":{\"name\":\"Baltag Veronica\",\"@id\":\"https:\/\/mobilitatechisinau.md\/#\/schema\/person\/413b8392e030061e7e17321fb9b7dbae\"},\"headline\":\"Lucr\u0103ri de repara\u021bie \u0219i \u00eentre\u021binere a drumurilor publice municipale, executate pe parcursul s\u0103pt\u0103m\u00e2nii trecute\",\"datePublished\":\"2024-07-15T12:08:06+00:00\",\"dateModified\":\"2024-07-18T07:22:06+00:00\",\"mainEntityOfPage\":{\"@id\":\"https:\/\/mobilitatechisinau.md\/?p=11877\"},\"wordCount\":493,\"publisher\":{\"@id\":\"https:\/\/mobilitatechisinau.md\/#organization\"},\"image\":{\"@id\":\"https:\/\/mobilitatechisinau.md\/?p=11877#primaryimage\"},\"thumbnailUrl\":\"https:\/\/mobilitatechisinau.md\/wp-content\/uploads\/2024\/07\/6-4.jpg\",\"articleSection\":[\"Comunicate de pres\u0103\",\"Galerie foto\"],\"inLanguage\":\"ro-RO\"},{\"@type\":\"WebPage\",\"@id\":\"https:\/\/mobilitatechisinau.md\/?p=11877\",\"url\":\"https:\/\/mobilitatechisinau.md\/?p=11877\",\"name\":\"Lucr\u0103ri de repara\u021bie \u0219i \u00eentre\u021binere a drumurilor publice municipale, executate pe parcursul s\u0103pt\u0103m\u00e2nii trecute - mobilitatechisinau.md\",\"isPartOf\":{\"@id\":\"https:\/\/mobilitatechisinau.md\/#website\"},\"primaryImageOfPage\":{\"@id\":\"https:\/\/mobilitatechisinau.md\/?p=11877#primaryimage\"},\"image\":{\"@id\":\"https:\/\/mobilitatechisinau.md\/?p=11877#primaryimage\"},\"thumbnailUrl\":\"https:\/\/mobilitatechisinau.md\/wp-content\/uploads\/2024\/07\/6-4.jpg\",\"datePublished\":\"2024-07-15T12:08:06+00:00\",\"dateModified\":\"2024-07-18T07:22:06+00:00\",\"breadcrumb\":{\"@id\":\"https:\/\/mobilitatechisinau.md\/?p=11877#breadcrumb\"},\"inLanguage\":\"ro-RO\",\"potentialAction\":[{\"@type\":\"ReadAction\",\"target\":[\"https:\/\/mobilitatechisinau.md\/?p=11877\"]}]},{\"@type\":\"ImageObject\",\"inLanguage\":\"ro-RO\",\"@id\":\"https:\/\/mobilitatechisinau.md\/?p=11877#primaryimage\",\"url\":\"https:\/\/mobilitatechisinau.md\/wp-content\/uploads\/2024\/07\/6-4.jpg\",\"contentUrl\":\"https:\/\/mobilitatechisinau.md\/wp-content\/uploads\/2024\/07\/6-4.jpg\",\"width\":1200,\"height\":700},{\"@type\":\"BreadcrumbList\",\"@id\":\"https:\/\/mobilitatechisinau.md\/?p=11877#breadcrumb\",\"itemListElement\":[{\"@type\":\"ListItem\",\"position\":1,\"name\":\"Prima pagin\u0103\",\"item\":\"https:\/\/mobilitatechisinau.md\/\"},{\"@type\":\"ListItem\",\"position\":2,\"name\":\"Lucr\u0103ri de repara\u021bie \u0219i \u00eentre\u021binere a drumurilor publice municipale, executate pe parcursul s\u0103pt\u0103m\u00e2nii trecute\"}]},{\"@type\":\"WebSite\",\"@id\":\"https:\/\/mobilitatechisinau.md\/#website\",\"url\":\"https:\/\/mobilitatechisinau.md\/\",\"name\":\"mobilitatechisinau.md\",\"description\":\"Direc\u0163ia General\u0103 Mobilitate Urban\u0103\",\"publisher\":{\"@id\":\"https:\/\/mobilitatechisinau.md\/#organization\"},\"potentialAction\":[{\"@type\":\"SearchAction\",\"target\":{\"@type\":\"EntryPoint\",\"urlTemplate\":\"https:\/\/mobilitatechisinau.md\/?s={search_term_string}\"},\"query-input\":{\"@type\":\"PropertyValueSpecification\",\"valueRequired\":true,\"valueName\":\"search_term_string\"}}],\"inLanguage\":\"ro-RO\"},{\"@type\":\"Organization\",\"@id\":\"https:\/\/mobilitatechisinau.md\/#organization\",\"name\":\"Direc\u0163ia general\u0103 transport public \u015fi c\u0103i de comunica\u0163ie\",\"url\":\"https:\/\/mobilitatechisinau.md\/\",\"logo\":{\"@type\":\"ImageObject\",\"inLanguage\":\"ro-RO\",\"@id\":\"https:\/\/mobilitatechisinau.md\/#\/schema\/logo\/image\/\",\"url\":\"https:\/\/dgtpcc.md\/wp-content\/uploads\/2022\/05\/DGTPCC-Chis\u0326ina\u0306u-new.jpg\",\"contentUrl\":\"https:\/\/dgtpcc.md\/wp-content\/uploads\/2022\/05\/DGTPCC-Chis\u0326ina\u0306u-new.jpg\",\"width\":304,\"height\":80,\"caption\":\"Direc\u0163ia general\u0103 transport public \u015fi c\u0103i de comunica\u0163ie\"},\"image\":{\"@id\":\"https:\/\/mobilitatechisinau.md\/#\/schema\/logo\/image\/\"},\"sameAs\":[\"https:\/\/www.facebook.com\/DGTPCC\"]},{\"@type\":\"Person\",\"@id\":\"https:\/\/mobilitatechisinau.md\/#\/schema\/person\/413b8392e030061e7e17321fb9b7dbae\",\"name\":\"Baltag Veronica\",\"image\":{\"@type\":\"ImageObject\",\"inLanguage\":\"ro-RO\",\"@id\":\"https:\/\/mobilitatechisinau.md\/#\/schema\/person\/image\/\",\"url\":\"https:\/\/secure.gravatar.com\/avatar\/c751d26ecc9b9ae25c31693f0054f03e802c339ebd851e73a6bf882e161c2d47?s=96&d=mm&r=g\",\"contentUrl\":\"https:\/\/secure.gravatar.com\/avatar\/c751d26ecc9b9ae25c31693f0054f03e802c339ebd851e73a6bf882e161c2d47?s=96&d=mm&r=g\",\"caption\":\"Baltag Veronica\"},\"url\":\"https:\/\/mobilitatechisinau.md\/?author=2\"}]}<\/script>\n<!-- \/ Yoast SEO plugin. -->","yoast_head_json":{"title":"Lucr\u0103ri de repara\u021bie \u0219i \u00eentre\u021binere a drumurilor publice municipale, executate pe parcursul s\u0103pt\u0103m\u00e2nii trecute - mobilitatechisinau.md","robots":{"index":"index","follow":"follow","max-snippet":"max-snippet:-1","max-image-preview":"max-image-preview:large","max-video-preview":"max-video-preview:-1"},"canonical":"https:\/\/mobilitatechisinau.md\/?p=11877","og_locale":"ro_RO","og_type":"article","og_title":"Lucr\u0103ri de repara\u021bie \u0219i \u00eentre\u021binere a drumurilor publice municipale, executate pe parcursul s\u0103pt\u0103m\u00e2nii trecute - mobilitatechisinau.md","og_description":"\u00cen perioada 8 &#8211; 14 iulie 2024, \u00ce.M. Regia \u201eExdrupo\u201d a executat lucr\u0103ri masive de repara\u021bie \u0219i \u00eentre\u021binere a drumurilor publice municipale, prin aplicarea stratului de uzur\u0103 pe str\u0103zile Decebal, Vladimir Korolenco \u0219i \u00een intersec\u021bia Calea Orheiului \u2013 Socoleni, unde a fost construit\u0103 o band\u0103 suplimentar\u0103 de virare. \u00cen total, \u00een cadrul acestor proiecte, au [&hellip;]","og_url":"https:\/\/mobilitatechisinau.md\/?p=11877","og_site_name":"mobilitatechisinau.md","article_publisher":"https:\/\/www.facebook.com\/DGTPCC","article_published_time":"2024-07-15T12:08:06+00:00","article_modified_time":"2024-07-18T07:22:06+00:00","og_image":[{"width":1200,"height":700,"url":"https:\/\/mobilitatechisinau.md\/wp-content\/uploads\/2024\/07\/6-4.jpg","type":"image\/jpeg"}],"author":"Baltag Veronica","twitter_card":"summary_large_image","twitter_misc":{"Scris de":"Baltag Veronica","Timp estimat pentru citire":"5 minute"},"schema":{"@context":"https:\/\/schema.org","@graph":[{"@type":"Article","@id":"https:\/\/mobilitatechisinau.md\/?p=11877#article","isPartOf":{"@id":"https:\/\/mobilitatechisinau.md\/?p=11877"},"author":{"name":"Baltag Veronica","@id":"https:\/\/mobilitatechisinau.md\/#\/schema\/person\/413b8392e030061e7e17321fb9b7dbae"},"headline":"Lucr\u0103ri de repara\u021bie \u0219i \u00eentre\u021binere a drumurilor publice municipale, executate pe parcursul s\u0103pt\u0103m\u00e2nii trecute","datePublished":"2024-07-15T12:08:06+00:00","dateModified":"2024-07-18T07:22:06+00:00","mainEntityOfPage":{"@id":"https:\/\/mobilitatechisinau.md\/?p=11877"},"wordCount":493,"publisher":{"@id":"https:\/\/mobilitatechisinau.md\/#organization"},"image":{"@id":"https:\/\/mobilitatechisinau.md\/?p=11877#primaryimage"},"thumbnailUrl":"https:\/\/mobilitatechisinau.md\/wp-content\/uploads\/2024\/07\/6-4.jpg","articleSection":["Comunicate de pres\u0103","Galerie foto"],"inLanguage":"ro-RO"},{"@type":"WebPage","@id":"https:\/\/mobilitatechisinau.md\/?p=11877","url":"https:\/\/mobilitatechisinau.md\/?p=11877","name":"Lucr\u0103ri de repara\u021bie \u0219i \u00eentre\u021binere a drumurilor publice municipale, executate pe parcursul s\u0103pt\u0103m\u00e2nii trecute - mobilitatechisinau.md","isPartOf":{"@id":"https:\/\/mobilitatechisinau.md\/#website"},"primaryImageOfPage":{"@id":"https:\/\/mobilitatechisinau.md\/?p=11877#primaryimage"},"image":{"@id":"https:\/\/mobilitatechisinau.md\/?p=11877#primaryimage"},"thumbnailUrl":"https:\/\/mobilitatechisinau.md\/wp-content\/uploads\/2024\/07\/6-4.jpg","datePublished":"2024-07-15T12:08:06+00:00","dateModified":"2024-07-18T07:22:06+00:00","breadcrumb":{"@id":"https:\/\/mobilitatechisinau.md\/?p=11877#breadcrumb"},"inLanguage":"ro-RO","potentialAction":[{"@type":"ReadAction","target":["https:\/\/mobilitatechisinau.md\/?p=11877"]}]},{"@type":"ImageObject","inLanguage":"ro-RO","@id":"https:\/\/mobilitatechisinau.md\/?p=11877#primaryimage","url":"https:\/\/mobilitatechisinau.md\/wp-content\/uploads\/2024\/07\/6-4.jpg","contentUrl":"https:\/\/mobilitatechisinau.md\/wp-content\/uploads\/2024\/07\/6-4.jpg","width":1200,"height":700},{"@type":"BreadcrumbList","@id":"https:\/\/mobilitatechisinau.md\/?p=11877#breadcrumb","itemListElement":[{"@type":"ListItem","position":1,"name":"Prima pagin\u0103","item":"https:\/\/mobilitatechisinau.md\/"},{"@type":"ListItem","position":2,"name":"Lucr\u0103ri de repara\u021bie \u0219i \u00eentre\u021binere a drumurilor publice municipale, executate pe parcursul s\u0103pt\u0103m\u00e2nii trecute"}]},{"@type":"WebSite","@id":"https:\/\/mobilitatechisinau.md\/#website","url":"https:\/\/mobilitatechisinau.md\/","name":"mobilitatechisinau.md","description":"Direc\u0163ia General\u0103 Mobilitate Urban\u0103","publisher":{"@id":"https:\/\/mobilitatechisinau.md\/#organization"},"potentialAction":[{"@type":"SearchAction","target":{"@type":"EntryPoint","urlTemplate":"https:\/\/mobilitatechisinau.md\/?s={search_term_string}"},"query-input":{"@type":"PropertyValueSpecification","valueRequired":true,"valueName":"search_term_string"}}],"inLanguage":"ro-RO"},{"@type":"Organization","@id":"https:\/\/mobilitatechisinau.md\/#organization","name":"Direc\u0163ia general\u0103 transport public \u015fi c\u0103i de comunica\u0163ie","url":"https:\/\/mobilitatechisinau.md\/","logo":{"@type":"ImageObject","inLanguage":"ro-RO","@id":"https:\/\/mobilitatechisinau.md\/#\/schema\/logo\/image\/","url":"https:\/\/dgtpcc.md\/wp-content\/uploads\/2022\/05\/DGTPCC-Chis\u0326ina\u0306u-new.jpg","contentUrl":"https:\/\/dgtpcc.md\/wp-content\/uploads\/2022\/05\/DGTPCC-Chis\u0326ina\u0306u-new.jpg","width":304,"height":80,"caption":"Direc\u0163ia general\u0103 transport public \u015fi c\u0103i de comunica\u0163ie"},"image":{"@id":"https:\/\/mobilitatechisinau.md\/#\/schema\/logo\/image\/"},"sameAs":["https:\/\/www.facebook.com\/DGTPCC"]},{"@type":"Person","@id":"https:\/\/mobilitatechisinau.md\/#\/schema\/person\/413b8392e030061e7e17321fb9b7dbae","name":"Baltag Veronica","image":{"@type":"ImageObject","inLanguage":"ro-RO","@id":"https:\/\/mobilitatechisinau.md\/#\/schema\/person\/image\/","url":"https:\/\/secure.gravatar.com\/avatar\/c751d26ecc9b9ae25c31693f0054f03e802c339ebd851e73a6bf882e161c2d47?s=96&d=mm&r=g","contentUrl":"https:\/\/secure.gravatar.com\/avatar\/c751d26ecc9b9ae25c31693f0054f03e802c339ebd851e73a6bf882e161c2d47?s=96&d=mm&r=g","caption":"Baltag Veronica"},"url":"https:\/\/mobilitatechisinau.md\/?author=2"}]}},"_links":{"self":[{"href":"https:\/\/mobilitatechisinau.md\/index.php?rest_route=\/wp\/v2\/posts\/11877","targetHints":{"allow":["GET"]}}],"collection":[{"href":"https:\/\/mobilitatechisinau.md\/index.php?rest_route=\/wp\/v2\/posts"}],"about":[{"href":"https:\/\/mobilitatechisinau.md\/index.php?rest_route=\/wp\/v2\/types\/post"}],"author":[{"embeddable":true,"href":"https:\/\/mobilitatechisinau.md\/index.php?rest_route=\/wp\/v2\/users\/2"}],"replies":[{"embeddable":true,"href":"https:\/\/mobilitatechisinau.md\/index.php?rest_route=%2Fwp%2Fv2%2Fcomments&post=11877"}],"version-history":[{"count":0,"href":"https:\/\/mobilitatechisinau.md\/index.php?rest_route=\/wp\/v2\/posts\/11877\/revisions"}],"wp:featuredmedia":[{"embeddable":true,"href":"https:\/\/mobilitatechisinau.md\/index.php?rest_route=\/wp\/v2\/media\/11906"}],"wp:attachment":[{"href":"https:\/\/mobilitatechisinau.md\/index.php?rest_route=%2Fwp%2Fv2%2Fmedia&parent=11877"}],"wp:term":[{"taxonomy":"category","embeddable":true,"href":"https:\/\/mobilitatechisinau.md\/index.php?rest_route=%2Fwp%2Fv2%2Fcategories&post=11877"},{"taxonomy":"post_tag","embeddable":true,"href":"https:\/\/mobilitatechisinau.md\/index.php?rest_route=%2Fwp%2Fv2%2Ftags&post=11877"}],"curies":[{"name":"wp","href":"https:\/\/api.w.org\/{rel}","templated":true}]}}