{"id":12127,"date":"2024-08-01T14:15:34","date_gmt":"2024-08-01T12:15:34","guid":{"rendered":"https:\/\/mobilitatechisinau.md\/?p=12127"},"modified":"2024-10-02T23:52:50","modified_gmt":"2024-10-02T21:52:50","slug":"reparatia-cailor-de-acces-catre-institutiile-de-invatamant-si-de-educatie-timpurie-din-capitala-2","status":"publish","type":"post","link":"https:\/\/mobilitatechisinau.md\/?p=12127","title":{"rendered":"Repara\u021bia c\u0103ilor de acces c\u0103tre institu\u021biile de \u00eenv\u0103\u021b\u0103m\u00e2nt \u0219i de educa\u021bie timpurie din Capital\u0103"},"content":{"rendered":"\n<p>\u00cen prezent, acestea se desf\u0103\u0219oar\u0103 la Liceul Teoretic \u201eMihail Marinciuc\u201d \u0219i Gr\u0103dini\u021ba nr. 157 din sectorul Buiucani, dar \u0219i la Gr\u0103dini\u021bele nr. 44 \u0219i nr. 40 din sectorul Botanica. Lucr\u0103rile presupun reabilitarea trotuarelor, schimbarea bordurilor, asfaltarea p\u0103r\u021bii carosabile \u0219i a intr\u0103rilor \u00een sc\u0103ri de blocuri, dar \u0219i amenajarea locurilor de parcare.<\/p>\n\n\n\n<p>Ac\u021biunile de reabilitare a cailor de acces se realizeaz\u0103 \u00een conformitate cu Planul de repara\u021bie a c\u0103ilor de acces c\u0103tre institu\u021biile publice de \u00eenv\u0103\u021b\u0103m\u00e2nt din municipiul Chi\u0219in\u0103u pentru anii 2021-2023.<\/p>\n\n\n\n<p>P\u00e2n\u0103 la ziua de ast\u0103zi, \u00een cadrul proiectului au fost amenajate accesele la urm\u0103toarele institu\u021bii:<\/p>\n\n\n\n<p>Centru:<\/p>\n\n\n\n<p>I.E.T. nr.7 \u0219i nr.167, str. Ip. Suruceanu,40, 42<\/p>\n\n\n\n<p>Gimnaziul Internat nr.3, str. G. Ca\u0219u, 10<\/p>\n\n\n\n<p>Gr\u0103dini\u021b\u0103, str. G. Ca\u0219u, 33<\/p>\n\n\n\n<p>Buiucani:<\/p>\n\n\n\n<p>I.E.T. nr. 143, str. Marinescu, 15\/1<\/p>\n\n\n\n<p>I.E.T. nr. 62, str. Ion \u0219i Doina Aldea-Teodorovici, 8\/2<\/p>\n\n\n\n<p>I.E.T. nr. 85, str. G. Muzicescu, 2<\/p>\n\n\n\n<p>L.T. \u201eIon \u0219i Doina Aldea-Teodorovici\u201d, str. Doina \u0219i Ion Aldea-Teodorovici, 13<\/p>\n\n\n\n<p>L.T. \u201eColumna\u201d, str. Alba- Iulia, 5\/2<\/p>\n\n\n\n<p>I.E.T. nr.54, str. I. Creang\u0103, 4A<\/p>\n\n\n\n<p>I.E.T. nr.3, str. I. Pelivan, 36\/1<\/p>\n\n\n\n<p>I.E.T. nr. 186, str. Liviu Deleanu, 11\/2<\/p>\n\n\n\n<p>\u0218coala Primar\u0103 nr. 91, str. Calea Ie\u0219ilor, 57\/3<\/p>\n\n\n\n<p>R\u00ee\u0219cani:<\/p>\n\n\n\n<p>I.E.T. nr.137, str. M. Costin, 4\/2<\/p>\n\n\n\n<p>L.T. \u201eAlexandru Ioan Cuza\u201d, str. Po\u0219tei, 44<\/p>\n\n\n\n<p>Liceul bulgar \u201eVasili Levski\u201d, str. Studen\u021bilor, 7<\/p>\n\n\n\n<p>L.T. \u201eWaldorf\u201d, str. Studen\u021bilor, 11<\/p>\n\n\n\n<p>Gimnaziul nr.8 \u201eTaras \u0218evcenco\u201d, str. M. Costin, 26<\/p>\n\n\n\n<p>Botanica:<\/p>\n\n\n\n<p>I.E.T. nr. 165, bd. Cuza-Vod\u0103, 7\/5<\/p>\n\n\n\n<p>I.E.T. nr.141, str. Sarmizegetusa, 39\/3<\/p>\n\n\n\n<p>Gimnaziul \u201eGalata\u201d, bd. Dacia,75<\/p>\n\n\n\n<p>Gimnaziul nr.49, \u0219os. Munce\u0219ti, 780<\/p>\n\n\n\n<p>I.E.T. nr.103, \u0219os. Munce\u0219ti, 798<\/p>\n\n\n\n<p>I.E.T. nr.9, str. N. Titulescu, 10A<\/p>\n\n\n\n<p>I.E.T. nr.35, str. Pandurilor, 4<\/p>\n\n\n\n<p>I.E.T. nr.180, bd. Dacia, 53\/3<\/p>\n\n\n\n<p>I.E.T. nr.181, bd. Dacia, 53\/2<\/p>\n\n\n\n<p>I.E.T. nr.122, str. Independen\u021bei, 9\/3<\/p>\n\n\n\n<p>I.E.T. nr.124, bd. Cuza-Vod\u0103, 18\/4<\/p>\n\n\n\n<p>I.E.T. nr.168, bd. Cuza-Vod\u0103, 29\/7<\/p>\n\n\n\n<p>I.E.T. nr.182, bd. Cuza-Vod\u0103, 39\/3<\/p>\n\n\n\n<p>I.E.T. nr.96, str. N. Zelinski, 12\/2<\/p>\n\n\n\n<p>I.E.T. nr.98, str. Cetatea Alba, 152<\/p>\n\n\n\n<p>\u0218coala-gr\u0103dini\u021b\u0103 nr. 152 \u201ePas cu Pas\u201d, bd. Decebal, 91a<\/p>\n\n\n\n<p>Colegiul de Arte Plastice \u201eA. Pl\u0103m\u0103deal\u0103\u201d \/ Liceu \u201eProdictu\u201d, str. Independen\u021bei 1 &#8211; str. Hristo Botev 27 -29<\/p>\n\n\n\n<p>Ciocana:<\/p>\n\n\n\n<p>L.T. \u201eOlimp\u201d, str. P. Zadnipru, 7\/1<\/p>\n\n\n\n<p>I.E.T. nr. 197, bd. Mircea cel B\u0103tr\u00e2n, 4\/2<\/p>\n\n\n\n<p>\u0218coala primar\u0103 nr.82, str. M. Dr\u0103gan, 8\/2<\/p>\n\n\n\n<p>I.E.T. nr. 138, str. M. Dr\u0103gan, 6\/1<\/p>\n\n\n\n<p>I.E.T. nr. 212, str. N. Milescu-Sp\u0103tarul, 3\/1<\/p>\n\n\n\n<p>I.E.T. nr. 30, str. P. Zadnipru, 7\/1<\/p>\n\n\n\n<p>I.E.T. nr.184, str. P. Zadnipru, 3\/1<\/p>\n\n\n\n<p><a href=\"https:\/\/mobilitatechisinau.md\/?p=12129\">Galerie foto<\/a><\/p>\n\n\n\n<p><\/p>\n","protected":false},"excerpt":{"rendered":"<p>\u00cen prezent, acestea se desf\u0103\u0219oar\u0103 la Liceul Teoretic \u201eMihail Marinciuc\u201d \u0219i Gr\u0103dini\u021ba nr. 157 din sectorul Buiucani, dar \u0219i la Gr\u0103dini\u021bele nr. 44 \u0219i nr. 40 din sectorul Botanica. Lucr\u0103rile presupun reabilitarea trotuarelor, schimbarea bordurilor, asfaltarea p\u0103r\u021bii carosabile \u0219i a intr\u0103rilor \u00een sc\u0103ri de blocuri, dar \u0219i amenajarea locurilor de parcare. Ac\u021biunile de reabilitare a [&hellip;]<\/p>\n","protected":false},"author":1,"featured_media":12128,"comment_status":"closed","ping_status":"open","sticky":false,"template":"","format":"standard","meta":{"footnotes":""},"categories":[92,120],"tags":[],"class_list":["post-12127","post","type-post","status-publish","format-standard","has-post-thumbnail","hentry","category-comunicate","category-curti-si-accese"],"yoast_head":"<!-- This site is optimized with the Yoast SEO plugin v23.9 - https:\/\/yoast.com\/wordpress\/plugins\/seo\/ -->\n<title>Repara\u021bia c\u0103ilor de acces c\u0103tre institu\u021biile de \u00eenv\u0103\u021b\u0103m\u00e2nt \u0219i de educa\u021bie timpurie din Capital\u0103 - mobilitatechisinau.md<\/title>\n<meta name=\"robots\" content=\"index, follow, max-snippet:-1, max-image-preview:large, max-video-preview:-1\" \/>\n<link rel=\"canonical\" href=\"https:\/\/mobilitatechisinau.md\/?p=12127\" \/>\n<meta property=\"og:locale\" content=\"ro_RO\" \/>\n<meta property=\"og:type\" content=\"article\" \/>\n<meta property=\"og:title\" content=\"Repara\u021bia c\u0103ilor de acces c\u0103tre institu\u021biile de \u00eenv\u0103\u021b\u0103m\u00e2nt \u0219i de educa\u021bie timpurie din Capital\u0103 - mobilitatechisinau.md\" \/>\n<meta property=\"og:description\" content=\"\u00cen prezent, acestea se desf\u0103\u0219oar\u0103 la Liceul Teoretic \u201eMihail Marinciuc\u201d \u0219i Gr\u0103dini\u021ba nr. 157 din sectorul Buiucani, dar \u0219i la Gr\u0103dini\u021bele nr. 44 \u0219i nr. 40 din sectorul Botanica. Lucr\u0103rile presupun reabilitarea trotuarelor, schimbarea bordurilor, asfaltarea p\u0103r\u021bii carosabile \u0219i a intr\u0103rilor \u00een sc\u0103ri de blocuri, dar \u0219i amenajarea locurilor de parcare. Ac\u021biunile de reabilitare a [&hellip;]\" \/>\n<meta property=\"og:url\" content=\"https:\/\/mobilitatechisinau.md\/?p=12127\" \/>\n<meta property=\"og:site_name\" content=\"mobilitatechisinau.md\" \/>\n<meta property=\"article:publisher\" content=\"https:\/\/www.facebook.com\/DGTPCC\" \/>\n<meta property=\"article:published_time\" content=\"2024-08-01T12:15:34+00:00\" \/>\n<meta property=\"article:modified_time\" content=\"2024-10-02T21:52:50+00:00\" \/>\n<meta property=\"og:image\" content=\"https:\/\/mobilitatechisinau.md\/wp-content\/uploads\/2024\/08\/reparatii.jpg\" \/>\n\t<meta property=\"og:image:width\" content=\"1200\" \/>\n\t<meta property=\"og:image:height\" content=\"700\" \/>\n\t<meta property=\"og:image:type\" content=\"image\/jpeg\" \/>\n<meta name=\"author\" content=\"dgtpcc.md\" \/>\n<meta name=\"twitter:card\" content=\"summary_large_image\" \/>\n<meta name=\"twitter:label1\" content=\"Scris de\" \/>\n\t<meta name=\"twitter:data1\" content=\"dgtpcc.md\" \/>\n\t<meta name=\"twitter:label2\" content=\"Timp estimat pentru citire\" \/>\n\t<meta name=\"twitter:data2\" content=\"3 minute\" \/>\n<script type=\"application\/ld+json\" class=\"yoast-schema-graph\">{\"@context\":\"https:\/\/schema.org\",\"@graph\":[{\"@type\":\"Article\",\"@id\":\"https:\/\/mobilitatechisinau.md\/?p=12127#article\",\"isPartOf\":{\"@id\":\"https:\/\/mobilitatechisinau.md\/?p=12127\"},\"author\":{\"name\":\"dgtpcc.md\",\"@id\":\"https:\/\/mobilitatechisinau.md\/#\/schema\/person\/c25d28ff5553bea759689e10224709c7\"},\"headline\":\"Repara\u021bia c\u0103ilor de acces c\u0103tre institu\u021biile de \u00eenv\u0103\u021b\u0103m\u00e2nt \u0219i de educa\u021bie timpurie din Capital\u0103\",\"datePublished\":\"2024-08-01T12:15:34+00:00\",\"dateModified\":\"2024-10-02T21:52:50+00:00\",\"mainEntityOfPage\":{\"@id\":\"https:\/\/mobilitatechisinau.md\/?p=12127\"},\"wordCount\":443,\"publisher\":{\"@id\":\"https:\/\/mobilitatechisinau.md\/#organization\"},\"image\":{\"@id\":\"https:\/\/mobilitatechisinau.md\/?p=12127#primaryimage\"},\"thumbnailUrl\":\"https:\/\/mobilitatechisinau.md\/wp-content\/uploads\/2024\/08\/reparatii.jpg\",\"articleSection\":[\"Comunicate de pres\u0103\",\"Curti si accese\"],\"inLanguage\":\"ro-RO\"},{\"@type\":\"WebPage\",\"@id\":\"https:\/\/mobilitatechisinau.md\/?p=12127\",\"url\":\"https:\/\/mobilitatechisinau.md\/?p=12127\",\"name\":\"Repara\u021bia c\u0103ilor de acces c\u0103tre institu\u021biile de \u00eenv\u0103\u021b\u0103m\u00e2nt \u0219i de educa\u021bie timpurie din Capital\u0103 - mobilitatechisinau.md\",\"isPartOf\":{\"@id\":\"https:\/\/mobilitatechisinau.md\/#website\"},\"primaryImageOfPage\":{\"@id\":\"https:\/\/mobilitatechisinau.md\/?p=12127#primaryimage\"},\"image\":{\"@id\":\"https:\/\/mobilitatechisinau.md\/?p=12127#primaryimage\"},\"thumbnailUrl\":\"https:\/\/mobilitatechisinau.md\/wp-content\/uploads\/2024\/08\/reparatii.jpg\",\"datePublished\":\"2024-08-01T12:15:34+00:00\",\"dateModified\":\"2024-10-02T21:52:50+00:00\",\"breadcrumb\":{\"@id\":\"https:\/\/mobilitatechisinau.md\/?p=12127#breadcrumb\"},\"inLanguage\":\"ro-RO\",\"potentialAction\":[{\"@type\":\"ReadAction\",\"target\":[\"https:\/\/mobilitatechisinau.md\/?p=12127\"]}]},{\"@type\":\"ImageObject\",\"inLanguage\":\"ro-RO\",\"@id\":\"https:\/\/mobilitatechisinau.md\/?p=12127#primaryimage\",\"url\":\"https:\/\/mobilitatechisinau.md\/wp-content\/uploads\/2024\/08\/reparatii.jpg\",\"contentUrl\":\"https:\/\/mobilitatechisinau.md\/wp-content\/uploads\/2024\/08\/reparatii.jpg\",\"width\":1200,\"height\":700},{\"@type\":\"BreadcrumbList\",\"@id\":\"https:\/\/mobilitatechisinau.md\/?p=12127#breadcrumb\",\"itemListElement\":[{\"@type\":\"ListItem\",\"position\":1,\"name\":\"Prima pagin\u0103\",\"item\":\"https:\/\/mobilitatechisinau.md\/\"},{\"@type\":\"ListItem\",\"position\":2,\"name\":\"Repara\u021bia c\u0103ilor de acces c\u0103tre institu\u021biile de \u00eenv\u0103\u021b\u0103m\u00e2nt \u0219i de educa\u021bie timpurie din Capital\u0103\"}]},{\"@type\":\"WebSite\",\"@id\":\"https:\/\/mobilitatechisinau.md\/#website\",\"url\":\"https:\/\/mobilitatechisinau.md\/\",\"name\":\"mobilitatechisinau.md\",\"description\":\"Direc\u0163ia General\u0103 Mobilitate Urban\u0103\",\"publisher\":{\"@id\":\"https:\/\/mobilitatechisinau.md\/#organization\"},\"potentialAction\":[{\"@type\":\"SearchAction\",\"target\":{\"@type\":\"EntryPoint\",\"urlTemplate\":\"https:\/\/mobilitatechisinau.md\/?s={search_term_string}\"},\"query-input\":{\"@type\":\"PropertyValueSpecification\",\"valueRequired\":true,\"valueName\":\"search_term_string\"}}],\"inLanguage\":\"ro-RO\"},{\"@type\":\"Organization\",\"@id\":\"https:\/\/mobilitatechisinau.md\/#organization\",\"name\":\"Direc\u0163ia general\u0103 transport public \u015fi c\u0103i de comunica\u0163ie\",\"url\":\"https:\/\/mobilitatechisinau.md\/\",\"logo\":{\"@type\":\"ImageObject\",\"inLanguage\":\"ro-RO\",\"@id\":\"https:\/\/mobilitatechisinau.md\/#\/schema\/logo\/image\/\",\"url\":\"https:\/\/dgtpcc.md\/wp-content\/uploads\/2022\/05\/DGTPCC-Chis\u0326ina\u0306u-new.jpg\",\"contentUrl\":\"https:\/\/dgtpcc.md\/wp-content\/uploads\/2022\/05\/DGTPCC-Chis\u0326ina\u0306u-new.jpg\",\"width\":304,\"height\":80,\"caption\":\"Direc\u0163ia general\u0103 transport public \u015fi c\u0103i de comunica\u0163ie\"},\"image\":{\"@id\":\"https:\/\/mobilitatechisinau.md\/#\/schema\/logo\/image\/\"},\"sameAs\":[\"https:\/\/www.facebook.com\/DGTPCC\"]},{\"@type\":\"Person\",\"@id\":\"https:\/\/mobilitatechisinau.md\/#\/schema\/person\/c25d28ff5553bea759689e10224709c7\",\"name\":\"dgtpcc.md\",\"image\":{\"@type\":\"ImageObject\",\"inLanguage\":\"ro-RO\",\"@id\":\"https:\/\/mobilitatechisinau.md\/#\/schema\/person\/image\/\",\"url\":\"https:\/\/secure.gravatar.com\/avatar\/9057a81ed6aa6c63f6d0d045749b3708fa15d612e3a388d9ac7b50072146c906?s=96&d=mm&r=g\",\"contentUrl\":\"https:\/\/secure.gravatar.com\/avatar\/9057a81ed6aa6c63f6d0d045749b3708fa15d612e3a388d9ac7b50072146c906?s=96&d=mm&r=g\",\"caption\":\"dgtpcc.md\"},\"sameAs\":[\"https:\/\/dgtpcc.md\"],\"url\":\"https:\/\/mobilitatechisinau.md\/?author=1\"}]}<\/script>\n<!-- \/ Yoast SEO plugin. -->","yoast_head_json":{"title":"Repara\u021bia c\u0103ilor de acces c\u0103tre institu\u021biile de \u00eenv\u0103\u021b\u0103m\u00e2nt \u0219i de educa\u021bie timpurie din Capital\u0103 - mobilitatechisinau.md","robots":{"index":"index","follow":"follow","max-snippet":"max-snippet:-1","max-image-preview":"max-image-preview:large","max-video-preview":"max-video-preview:-1"},"canonical":"https:\/\/mobilitatechisinau.md\/?p=12127","og_locale":"ro_RO","og_type":"article","og_title":"Repara\u021bia c\u0103ilor de acces c\u0103tre institu\u021biile de \u00eenv\u0103\u021b\u0103m\u00e2nt \u0219i de educa\u021bie timpurie din Capital\u0103 - mobilitatechisinau.md","og_description":"\u00cen prezent, acestea se desf\u0103\u0219oar\u0103 la Liceul Teoretic \u201eMihail Marinciuc\u201d \u0219i Gr\u0103dini\u021ba nr. 157 din sectorul Buiucani, dar \u0219i la Gr\u0103dini\u021bele nr. 44 \u0219i nr. 40 din sectorul Botanica. Lucr\u0103rile presupun reabilitarea trotuarelor, schimbarea bordurilor, asfaltarea p\u0103r\u021bii carosabile \u0219i a intr\u0103rilor \u00een sc\u0103ri de blocuri, dar \u0219i amenajarea locurilor de parcare. Ac\u021biunile de reabilitare a [&hellip;]","og_url":"https:\/\/mobilitatechisinau.md\/?p=12127","og_site_name":"mobilitatechisinau.md","article_publisher":"https:\/\/www.facebook.com\/DGTPCC","article_published_time":"2024-08-01T12:15:34+00:00","article_modified_time":"2024-10-02T21:52:50+00:00","og_image":[{"width":1200,"height":700,"url":"https:\/\/mobilitatechisinau.md\/wp-content\/uploads\/2024\/08\/reparatii.jpg","type":"image\/jpeg"}],"author":"dgtpcc.md","twitter_card":"summary_large_image","twitter_misc":{"Scris de":"dgtpcc.md","Timp estimat pentru citire":"3 minute"},"schema":{"@context":"https:\/\/schema.org","@graph":[{"@type":"Article","@id":"https:\/\/mobilitatechisinau.md\/?p=12127#article","isPartOf":{"@id":"https:\/\/mobilitatechisinau.md\/?p=12127"},"author":{"name":"dgtpcc.md","@id":"https:\/\/mobilitatechisinau.md\/#\/schema\/person\/c25d28ff5553bea759689e10224709c7"},"headline":"Repara\u021bia c\u0103ilor de acces c\u0103tre institu\u021biile de \u00eenv\u0103\u021b\u0103m\u00e2nt \u0219i de educa\u021bie timpurie din Capital\u0103","datePublished":"2024-08-01T12:15:34+00:00","dateModified":"2024-10-02T21:52:50+00:00","mainEntityOfPage":{"@id":"https:\/\/mobilitatechisinau.md\/?p=12127"},"wordCount":443,"publisher":{"@id":"https:\/\/mobilitatechisinau.md\/#organization"},"image":{"@id":"https:\/\/mobilitatechisinau.md\/?p=12127#primaryimage"},"thumbnailUrl":"https:\/\/mobilitatechisinau.md\/wp-content\/uploads\/2024\/08\/reparatii.jpg","articleSection":["Comunicate de pres\u0103","Curti si accese"],"inLanguage":"ro-RO"},{"@type":"WebPage","@id":"https:\/\/mobilitatechisinau.md\/?p=12127","url":"https:\/\/mobilitatechisinau.md\/?p=12127","name":"Repara\u021bia c\u0103ilor de acces c\u0103tre institu\u021biile de \u00eenv\u0103\u021b\u0103m\u00e2nt \u0219i de educa\u021bie timpurie din Capital\u0103 - mobilitatechisinau.md","isPartOf":{"@id":"https:\/\/mobilitatechisinau.md\/#website"},"primaryImageOfPage":{"@id":"https:\/\/mobilitatechisinau.md\/?p=12127#primaryimage"},"image":{"@id":"https:\/\/mobilitatechisinau.md\/?p=12127#primaryimage"},"thumbnailUrl":"https:\/\/mobilitatechisinau.md\/wp-content\/uploads\/2024\/08\/reparatii.jpg","datePublished":"2024-08-01T12:15:34+00:00","dateModified":"2024-10-02T21:52:50+00:00","breadcrumb":{"@id":"https:\/\/mobilitatechisinau.md\/?p=12127#breadcrumb"},"inLanguage":"ro-RO","potentialAction":[{"@type":"ReadAction","target":["https:\/\/mobilitatechisinau.md\/?p=12127"]}]},{"@type":"ImageObject","inLanguage":"ro-RO","@id":"https:\/\/mobilitatechisinau.md\/?p=12127#primaryimage","url":"https:\/\/mobilitatechisinau.md\/wp-content\/uploads\/2024\/08\/reparatii.jpg","contentUrl":"https:\/\/mobilitatechisinau.md\/wp-content\/uploads\/2024\/08\/reparatii.jpg","width":1200,"height":700},{"@type":"BreadcrumbList","@id":"https:\/\/mobilitatechisinau.md\/?p=12127#breadcrumb","itemListElement":[{"@type":"ListItem","position":1,"name":"Prima pagin\u0103","item":"https:\/\/mobilitatechisinau.md\/"},{"@type":"ListItem","position":2,"name":"Repara\u021bia c\u0103ilor de acces c\u0103tre institu\u021biile de \u00eenv\u0103\u021b\u0103m\u00e2nt \u0219i de educa\u021bie timpurie din Capital\u0103"}]},{"@type":"WebSite","@id":"https:\/\/mobilitatechisinau.md\/#website","url":"https:\/\/mobilitatechisinau.md\/","name":"mobilitatechisinau.md","description":"Direc\u0163ia General\u0103 Mobilitate Urban\u0103","publisher":{"@id":"https:\/\/mobilitatechisinau.md\/#organization"},"potentialAction":[{"@type":"SearchAction","target":{"@type":"EntryPoint","urlTemplate":"https:\/\/mobilitatechisinau.md\/?s={search_term_string}"},"query-input":{"@type":"PropertyValueSpecification","valueRequired":true,"valueName":"search_term_string"}}],"inLanguage":"ro-RO"},{"@type":"Organization","@id":"https:\/\/mobilitatechisinau.md\/#organization","name":"Direc\u0163ia general\u0103 transport public \u015fi c\u0103i de comunica\u0163ie","url":"https:\/\/mobilitatechisinau.md\/","logo":{"@type":"ImageObject","inLanguage":"ro-RO","@id":"https:\/\/mobilitatechisinau.md\/#\/schema\/logo\/image\/","url":"https:\/\/dgtpcc.md\/wp-content\/uploads\/2022\/05\/DGTPCC-Chis\u0326ina\u0306u-new.jpg","contentUrl":"https:\/\/dgtpcc.md\/wp-content\/uploads\/2022\/05\/DGTPCC-Chis\u0326ina\u0306u-new.jpg","width":304,"height":80,"caption":"Direc\u0163ia general\u0103 transport public \u015fi c\u0103i de comunica\u0163ie"},"image":{"@id":"https:\/\/mobilitatechisinau.md\/#\/schema\/logo\/image\/"},"sameAs":["https:\/\/www.facebook.com\/DGTPCC"]},{"@type":"Person","@id":"https:\/\/mobilitatechisinau.md\/#\/schema\/person\/c25d28ff5553bea759689e10224709c7","name":"dgtpcc.md","image":{"@type":"ImageObject","inLanguage":"ro-RO","@id":"https:\/\/mobilitatechisinau.md\/#\/schema\/person\/image\/","url":"https:\/\/secure.gravatar.com\/avatar\/9057a81ed6aa6c63f6d0d045749b3708fa15d612e3a388d9ac7b50072146c906?s=96&d=mm&r=g","contentUrl":"https:\/\/secure.gravatar.com\/avatar\/9057a81ed6aa6c63f6d0d045749b3708fa15d612e3a388d9ac7b50072146c906?s=96&d=mm&r=g","caption":"dgtpcc.md"},"sameAs":["https:\/\/dgtpcc.md"],"url":"https:\/\/mobilitatechisinau.md\/?author=1"}]}},"_links":{"self":[{"href":"https:\/\/mobilitatechisinau.md\/index.php?rest_route=\/wp\/v2\/posts\/12127","targetHints":{"allow":["GET"]}}],"collection":[{"href":"https:\/\/mobilitatechisinau.md\/index.php?rest_route=\/wp\/v2\/posts"}],"about":[{"href":"https:\/\/mobilitatechisinau.md\/index.php?rest_route=\/wp\/v2\/types\/post"}],"author":[{"embeddable":true,"href":"https:\/\/mobilitatechisinau.md\/index.php?rest_route=\/wp\/v2\/users\/1"}],"replies":[{"embeddable":true,"href":"https:\/\/mobilitatechisinau.md\/index.php?rest_route=%2Fwp%2Fv2%2Fcomments&post=12127"}],"version-history":[{"count":0,"href":"https:\/\/mobilitatechisinau.md\/index.php?rest_route=\/wp\/v2\/posts\/12127\/revisions"}],"wp:featuredmedia":[{"embeddable":true,"href":"https:\/\/mobilitatechisinau.md\/index.php?rest_route=\/wp\/v2\/media\/12128"}],"wp:attachment":[{"href":"https:\/\/mobilitatechisinau.md\/index.php?rest_route=%2Fwp%2Fv2%2Fmedia&parent=12127"}],"wp:term":[{"taxonomy":"category","embeddable":true,"href":"https:\/\/mobilitatechisinau.md\/index.php?rest_route=%2Fwp%2Fv2%2Fcategories&post=12127"},{"taxonomy":"post_tag","embeddable":true,"href":"https:\/\/mobilitatechisinau.md\/index.php?rest_route=%2Fwp%2Fv2%2Ftags&post=12127"}],"curies":[{"name":"wp","href":"https:\/\/api.w.org\/{rel}","templated":true}]}}