{"id":12232,"date":"2024-08-12T15:10:58","date_gmt":"2024-08-12T13:10:58","guid":{"rendered":"https:\/\/mobilitatechisinau.md\/?p=12232"},"modified":"2024-08-12T15:11:05","modified_gmt":"2024-08-12T13:11:05","slug":"in-perioada-05-11-august-2024-i-m-regia-exdrupo-a-executat-lucrari-de-reparatie-si-intretinere-a-drumurilor-publice-municipale-in-toate-sectoarele-orasului","status":"publish","type":"post","link":"https:\/\/mobilitatechisinau.md\/?p=12232","title":{"rendered":"\u00cen perioada 05 \u2013 11 august 2024, \u00ce.M. Regia \u201eExdrupo\u201d a executat lucr\u0103ri de repara\u021bie \u0219i \u00eentre\u021binere a drumurilor publice municipale \u00een toate sectoarele ora\u0219ului"},"content":{"rendered":"\n<p>Astfel, pe bd. Decebal, s-a aplicat stratul de uzur\u0103 pe carosabil, \u00een perimetrul str\u0103zilor Nicolae Titulescu \u0219i Nicolae Zelinski. Totodat\u0103, pe segmentul str. Nicolae Zelinski \u2013 bd. Dacia, s-a frezat asfaltul uzat, suprafe\u021bele fiind preg\u0103tite pentru asfaltare, iar mai multe elemente ale canaliz\u0103rii pluviale \u0219i f\u00e2nt\u00e2nilor de vizitare, au fost reparate.<\/p>\n\n\n\n<p>Pe str. Bogdan Voievod au continuat lucr\u01cerile de preg\u01cetire a carosabilului pentru aplicarea straturilor de Slurry Seal, fiind frezate zonele defecte de carosabil, dar \u0219i reparate c\u01ceminele de vizitare a re\u021belelor tehnico-edilitare \u0219i a sistemului de canalizare pluvial\u01ce.<\/p>\n\n\n\n<p>La fel, pe str. \u0218tefan Neaga s-a aplicat pietri\u0219 \u0219i asfalt la trotuare, iar pe carosabil s-a frezat asfaltul uzat.<\/p>\n\n\n\n<p>Pe str. Ciuflea, au continuat ac\u021biunile de \u00eenlocuire a bordurilor, urm\u00e2nd a fi reabilitat\u0103 \u0219i suprafa\u021ba carosabil\u0103.<\/p>\n\n\n\n<p>\u00cen s\u0103pt\u0103m\u00e2na precedent\u0103 s-a depus un efort enorm \u0219i la \u00eentre\u021binerea re\u021belei de canalizare pluvial\u0103, \u00een tot ora\u0219ul fiind cur\u0103\u021bate de frunze \u0219i gunoaie circa 700 guri de captare, iar alte 125 elemente ale re\u021belei fiind reparate.<\/p>\n\n\n\n<p>Pentru sporirea siguran\u021bei \u00een trafic, \u00een perioada de referin\u021b\u0103, au fost aplicate marcaje rutiere transversale, longitudinale \u0219i cel de culoare galben\u0103, care semnalizeaz\u0103 zonele sta\u021biilor de a\u0219teptare, pe mai mute str\u0103zi, lucr\u0103rile fiind executate at\u00e2t de \u201eExdrupo\u201d, c\u00e2t \u0219i de agentul economic contractat de Direc\u021bia General\u0103 Mobilitate Urban\u0103 (DGMU). Totodat\u0103, 123 indicatoare rutiere au fost reparate sau \u00eentre\u021binute \u00een toate sectoarele ora\u0219ului, iar alte 20 unit\u0103\u021bi au fost noi instalate.<\/p>\n\n\n\n<p>Lucr\u0103rile de \u00eentre\u021binere a infrastructurii rutiere vor continua \u0219i pe parcursul s\u0103pt\u0103m\u00e2nii curente.<\/p>\n\n\n\n<figure class=\"wp-block-gallery has-nested-images columns-default is-cropped wp-block-gallery-1 is-layout-flex wp-block-gallery-is-layout-flex\">\n<figure class=\"wp-block-image\"><img fetchpriority=\"high\" decoding=\"async\" width=\"525\" height=\"700\" data-id=\"12234\" src=\"https:\/\/mobilitatechisinau.md\/wp-content\/uploads\/2024\/08\/2-2.jpg\" alt=\"\" class=\"wp-image-12234\" srcset=\"https:\/\/mobilitatechisinau.md\/wp-content\/uploads\/2024\/08\/2-2.jpg 525w, https:\/\/mobilitatechisinau.md\/wp-content\/uploads\/2024\/08\/2-2-225x300.jpg 225w, https:\/\/mobilitatechisinau.md\/wp-content\/uploads\/2024\/08\/2-2-9x12.jpg 9w, https:\/\/mobilitatechisinau.md\/wp-content\/uploads\/2024\/08\/2-2-262x350.jpg 262w\" sizes=\"(max-width: 525px) 100vw, 525px\" \/><\/figure>\n\n\n\n<figure class=\"wp-block-image\"><img decoding=\"async\" width=\"525\" height=\"700\" data-id=\"12235\" src=\"https:\/\/mobilitatechisinau.md\/wp-content\/uploads\/2024\/08\/3-2.jpg\" alt=\"\" class=\"wp-image-12235\" srcset=\"https:\/\/mobilitatechisinau.md\/wp-content\/uploads\/2024\/08\/3-2.jpg 525w, https:\/\/mobilitatechisinau.md\/wp-content\/uploads\/2024\/08\/3-2-225x300.jpg 225w, https:\/\/mobilitatechisinau.md\/wp-content\/uploads\/2024\/08\/3-2-9x12.jpg 9w, https:\/\/mobilitatechisinau.md\/wp-content\/uploads\/2024\/08\/3-2-262x350.jpg 262w\" sizes=\"(max-width: 525px) 100vw, 525px\" \/><\/figure>\n\n\n\n<figure class=\"wp-block-image\"><img decoding=\"async\" width=\"525\" height=\"700\" data-id=\"12236\" src=\"https:\/\/mobilitatechisinau.md\/wp-content\/uploads\/2024\/08\/4-2.jpg\" alt=\"\" class=\"wp-image-12236\" srcset=\"https:\/\/mobilitatechisinau.md\/wp-content\/uploads\/2024\/08\/4-2.jpg 525w, https:\/\/mobilitatechisinau.md\/wp-content\/uploads\/2024\/08\/4-2-225x300.jpg 225w, https:\/\/mobilitatechisinau.md\/wp-content\/uploads\/2024\/08\/4-2-9x12.jpg 9w, https:\/\/mobilitatechisinau.md\/wp-content\/uploads\/2024\/08\/4-2-262x350.jpg 262w\" sizes=\"(max-width: 525px) 100vw, 525px\" \/><\/figure>\n\n\n\n<figure class=\"wp-block-image\"><img loading=\"lazy\" decoding=\"async\" width=\"525\" height=\"700\" data-id=\"12237\" src=\"https:\/\/mobilitatechisinau.md\/wp-content\/uploads\/2024\/08\/5-2.jpg\" alt=\"\" class=\"wp-image-12237\" srcset=\"https:\/\/mobilitatechisinau.md\/wp-content\/uploads\/2024\/08\/5-2.jpg 525w, https:\/\/mobilitatechisinau.md\/wp-content\/uploads\/2024\/08\/5-2-225x300.jpg 225w, https:\/\/mobilitatechisinau.md\/wp-content\/uploads\/2024\/08\/5-2-9x12.jpg 9w, https:\/\/mobilitatechisinau.md\/wp-content\/uploads\/2024\/08\/5-2-262x350.jpg 262w\" sizes=\"(max-width: 525px) 100vw, 525px\" \/><\/figure>\n<\/figure>\n","protected":false},"excerpt":{"rendered":"<p>Astfel, pe bd. Decebal, s-a aplicat stratul de uzur\u0103 pe carosabil, \u00een perimetrul str\u0103zilor Nicolae Titulescu \u0219i Nicolae Zelinski. Totodat\u0103, pe segmentul str. Nicolae Zelinski \u2013 bd. Dacia, s-a frezat asfaltul uzat, suprafe\u021bele fiind preg\u0103tite pentru asfaltare, iar mai multe elemente ale canaliz\u0103rii pluviale \u0219i f\u00e2nt\u00e2nilor de vizitare, au fost reparate. Pe str. Bogdan Voievod [&hellip;]<\/p>\n","protected":false},"author":1,"featured_media":12233,"comment_status":"closed","ping_status":"open","sticky":false,"template":"","format":"standard","meta":{"footnotes":""},"categories":[92],"tags":[],"class_list":["post-12232","post","type-post","status-publish","format-standard","has-post-thumbnail","hentry","category-comunicate"],"yoast_head":"<!-- This site is optimized with the Yoast SEO plugin v23.9 - https:\/\/yoast.com\/wordpress\/plugins\/seo\/ -->\n<title>\u00cen perioada 05 \u2013 11 august 2024, \u00ce.M. Regia \u201eExdrupo\u201d a executat lucr\u0103ri de repara\u021bie \u0219i \u00eentre\u021binere a drumurilor publice municipale \u00een toate sectoarele ora\u0219ului - mobilitatechisinau.md<\/title>\n<meta name=\"robots\" content=\"index, follow, max-snippet:-1, max-image-preview:large, max-video-preview:-1\" \/>\n<link rel=\"canonical\" href=\"https:\/\/mobilitatechisinau.md\/?p=12232\" \/>\n<meta property=\"og:locale\" content=\"ro_RO\" \/>\n<meta property=\"og:type\" content=\"article\" \/>\n<meta property=\"og:title\" content=\"\u00cen perioada 05 \u2013 11 august 2024, \u00ce.M. Regia \u201eExdrupo\u201d a executat lucr\u0103ri de repara\u021bie \u0219i \u00eentre\u021binere a drumurilor publice municipale \u00een toate sectoarele ora\u0219ului - mobilitatechisinau.md\" \/>\n<meta property=\"og:description\" content=\"Astfel, pe bd. Decebal, s-a aplicat stratul de uzur\u0103 pe carosabil, \u00een perimetrul str\u0103zilor Nicolae Titulescu \u0219i Nicolae Zelinski. Totodat\u0103, pe segmentul str. Nicolae Zelinski \u2013 bd. Dacia, s-a frezat asfaltul uzat, suprafe\u021bele fiind preg\u0103tite pentru asfaltare, iar mai multe elemente ale canaliz\u0103rii pluviale \u0219i f\u00e2nt\u00e2nilor de vizitare, au fost reparate. Pe str. Bogdan Voievod [&hellip;]\" \/>\n<meta property=\"og:url\" content=\"https:\/\/mobilitatechisinau.md\/?p=12232\" \/>\n<meta property=\"og:site_name\" content=\"mobilitatechisinau.md\" \/>\n<meta property=\"article:publisher\" content=\"https:\/\/www.facebook.com\/DGTPCC\" \/>\n<meta property=\"article:published_time\" content=\"2024-08-12T13:10:58+00:00\" \/>\n<meta property=\"article:modified_time\" content=\"2024-08-12T13:11:05+00:00\" \/>\n<meta property=\"og:image\" content=\"https:\/\/mobilitatechisinau.md\/wp-content\/uploads\/2024\/08\/exdrupo.jpg\" \/>\n\t<meta property=\"og:image:width\" content=\"1200\" \/>\n\t<meta property=\"og:image:height\" content=\"700\" \/>\n\t<meta property=\"og:image:type\" content=\"image\/jpeg\" \/>\n<meta name=\"author\" content=\"dgtpcc.md\" \/>\n<meta name=\"twitter:card\" content=\"summary_large_image\" \/>\n<meta name=\"twitter:label1\" content=\"Scris de\" \/>\n\t<meta name=\"twitter:data1\" content=\"dgtpcc.md\" \/>\n\t<meta name=\"twitter:label2\" content=\"Timp estimat pentru citire\" \/>\n\t<meta name=\"twitter:data2\" content=\"3 minute\" \/>\n<script type=\"application\/ld+json\" class=\"yoast-schema-graph\">{\"@context\":\"https:\/\/schema.org\",\"@graph\":[{\"@type\":\"Article\",\"@id\":\"https:\/\/mobilitatechisinau.md\/?p=12232#article\",\"isPartOf\":{\"@id\":\"https:\/\/mobilitatechisinau.md\/?p=12232\"},\"author\":{\"name\":\"dgtpcc.md\",\"@id\":\"https:\/\/mobilitatechisinau.md\/#\/schema\/person\/c25d28ff5553bea759689e10224709c7\"},\"headline\":\"\u00cen perioada 05 \u2013 11 august 2024, \u00ce.M. Regia \u201eExdrupo\u201d a executat lucr\u0103ri de repara\u021bie \u0219i \u00eentre\u021binere a drumurilor publice municipale \u00een toate sectoarele ora\u0219ului\",\"datePublished\":\"2024-08-12T13:10:58+00:00\",\"dateModified\":\"2024-08-12T13:11:05+00:00\",\"mainEntityOfPage\":{\"@id\":\"https:\/\/mobilitatechisinau.md\/?p=12232\"},\"wordCount\":303,\"publisher\":{\"@id\":\"https:\/\/mobilitatechisinau.md\/#organization\"},\"image\":{\"@id\":\"https:\/\/mobilitatechisinau.md\/?p=12232#primaryimage\"},\"thumbnailUrl\":\"https:\/\/mobilitatechisinau.md\/wp-content\/uploads\/2024\/08\/exdrupo.jpg\",\"articleSection\":[\"Comunicate de pres\u0103\"],\"inLanguage\":\"ro-RO\"},{\"@type\":\"WebPage\",\"@id\":\"https:\/\/mobilitatechisinau.md\/?p=12232\",\"url\":\"https:\/\/mobilitatechisinau.md\/?p=12232\",\"name\":\"\u00cen perioada 05 \u2013 11 august 2024, \u00ce.M. Regia \u201eExdrupo\u201d a executat lucr\u0103ri de repara\u021bie \u0219i \u00eentre\u021binere a drumurilor publice municipale \u00een toate sectoarele ora\u0219ului - mobilitatechisinau.md\",\"isPartOf\":{\"@id\":\"https:\/\/mobilitatechisinau.md\/#website\"},\"primaryImageOfPage\":{\"@id\":\"https:\/\/mobilitatechisinau.md\/?p=12232#primaryimage\"},\"image\":{\"@id\":\"https:\/\/mobilitatechisinau.md\/?p=12232#primaryimage\"},\"thumbnailUrl\":\"https:\/\/mobilitatechisinau.md\/wp-content\/uploads\/2024\/08\/exdrupo.jpg\",\"datePublished\":\"2024-08-12T13:10:58+00:00\",\"dateModified\":\"2024-08-12T13:11:05+00:00\",\"breadcrumb\":{\"@id\":\"https:\/\/mobilitatechisinau.md\/?p=12232#breadcrumb\"},\"inLanguage\":\"ro-RO\",\"potentialAction\":[{\"@type\":\"ReadAction\",\"target\":[\"https:\/\/mobilitatechisinau.md\/?p=12232\"]}]},{\"@type\":\"ImageObject\",\"inLanguage\":\"ro-RO\",\"@id\":\"https:\/\/mobilitatechisinau.md\/?p=12232#primaryimage\",\"url\":\"https:\/\/mobilitatechisinau.md\/wp-content\/uploads\/2024\/08\/exdrupo.jpg\",\"contentUrl\":\"https:\/\/mobilitatechisinau.md\/wp-content\/uploads\/2024\/08\/exdrupo.jpg\",\"width\":1200,\"height\":700},{\"@type\":\"BreadcrumbList\",\"@id\":\"https:\/\/mobilitatechisinau.md\/?p=12232#breadcrumb\",\"itemListElement\":[{\"@type\":\"ListItem\",\"position\":1,\"name\":\"Prima pagin\u0103\",\"item\":\"https:\/\/mobilitatechisinau.md\/\"},{\"@type\":\"ListItem\",\"position\":2,\"name\":\"\u00cen perioada 05 \u2013 11 august 2024, \u00ce.M. Regia \u201eExdrupo\u201d a executat lucr\u0103ri de repara\u021bie \u0219i \u00eentre\u021binere a drumurilor publice municipale \u00een toate sectoarele ora\u0219ului\"}]},{\"@type\":\"WebSite\",\"@id\":\"https:\/\/mobilitatechisinau.md\/#website\",\"url\":\"https:\/\/mobilitatechisinau.md\/\",\"name\":\"mobilitatechisinau.md\",\"description\":\"Direc\u0163ia General\u0103 Mobilitate Urban\u0103\",\"publisher\":{\"@id\":\"https:\/\/mobilitatechisinau.md\/#organization\"},\"potentialAction\":[{\"@type\":\"SearchAction\",\"target\":{\"@type\":\"EntryPoint\",\"urlTemplate\":\"https:\/\/mobilitatechisinau.md\/?s={search_term_string}\"},\"query-input\":{\"@type\":\"PropertyValueSpecification\",\"valueRequired\":true,\"valueName\":\"search_term_string\"}}],\"inLanguage\":\"ro-RO\"},{\"@type\":\"Organization\",\"@id\":\"https:\/\/mobilitatechisinau.md\/#organization\",\"name\":\"Direc\u0163ia general\u0103 transport public \u015fi c\u0103i de comunica\u0163ie\",\"url\":\"https:\/\/mobilitatechisinau.md\/\",\"logo\":{\"@type\":\"ImageObject\",\"inLanguage\":\"ro-RO\",\"@id\":\"https:\/\/mobilitatechisinau.md\/#\/schema\/logo\/image\/\",\"url\":\"https:\/\/dgtpcc.md\/wp-content\/uploads\/2022\/05\/DGTPCC-Chis\u0326ina\u0306u-new.jpg\",\"contentUrl\":\"https:\/\/dgtpcc.md\/wp-content\/uploads\/2022\/05\/DGTPCC-Chis\u0326ina\u0306u-new.jpg\",\"width\":304,\"height\":80,\"caption\":\"Direc\u0163ia general\u0103 transport public \u015fi c\u0103i de comunica\u0163ie\"},\"image\":{\"@id\":\"https:\/\/mobilitatechisinau.md\/#\/schema\/logo\/image\/\"},\"sameAs\":[\"https:\/\/www.facebook.com\/DGTPCC\"]},{\"@type\":\"Person\",\"@id\":\"https:\/\/mobilitatechisinau.md\/#\/schema\/person\/c25d28ff5553bea759689e10224709c7\",\"name\":\"dgtpcc.md\",\"image\":{\"@type\":\"ImageObject\",\"inLanguage\":\"ro-RO\",\"@id\":\"https:\/\/mobilitatechisinau.md\/#\/schema\/person\/image\/\",\"url\":\"https:\/\/secure.gravatar.com\/avatar\/9057a81ed6aa6c63f6d0d045749b3708fa15d612e3a388d9ac7b50072146c906?s=96&d=mm&r=g\",\"contentUrl\":\"https:\/\/secure.gravatar.com\/avatar\/9057a81ed6aa6c63f6d0d045749b3708fa15d612e3a388d9ac7b50072146c906?s=96&d=mm&r=g\",\"caption\":\"dgtpcc.md\"},\"sameAs\":[\"https:\/\/dgtpcc.md\"],\"url\":\"https:\/\/mobilitatechisinau.md\/?author=1\"}]}<\/script>\n<!-- \/ Yoast SEO plugin. -->","yoast_head_json":{"title":"\u00cen perioada 05 \u2013 11 august 2024, \u00ce.M. Regia \u201eExdrupo\u201d a executat lucr\u0103ri de repara\u021bie \u0219i \u00eentre\u021binere a drumurilor publice municipale \u00een toate sectoarele ora\u0219ului - mobilitatechisinau.md","robots":{"index":"index","follow":"follow","max-snippet":"max-snippet:-1","max-image-preview":"max-image-preview:large","max-video-preview":"max-video-preview:-1"},"canonical":"https:\/\/mobilitatechisinau.md\/?p=12232","og_locale":"ro_RO","og_type":"article","og_title":"\u00cen perioada 05 \u2013 11 august 2024, \u00ce.M. Regia \u201eExdrupo\u201d a executat lucr\u0103ri de repara\u021bie \u0219i \u00eentre\u021binere a drumurilor publice municipale \u00een toate sectoarele ora\u0219ului - mobilitatechisinau.md","og_description":"Astfel, pe bd. Decebal, s-a aplicat stratul de uzur\u0103 pe carosabil, \u00een perimetrul str\u0103zilor Nicolae Titulescu \u0219i Nicolae Zelinski. Totodat\u0103, pe segmentul str. Nicolae Zelinski \u2013 bd. Dacia, s-a frezat asfaltul uzat, suprafe\u021bele fiind preg\u0103tite pentru asfaltare, iar mai multe elemente ale canaliz\u0103rii pluviale \u0219i f\u00e2nt\u00e2nilor de vizitare, au fost reparate. Pe str. Bogdan Voievod [&hellip;]","og_url":"https:\/\/mobilitatechisinau.md\/?p=12232","og_site_name":"mobilitatechisinau.md","article_publisher":"https:\/\/www.facebook.com\/DGTPCC","article_published_time":"2024-08-12T13:10:58+00:00","article_modified_time":"2024-08-12T13:11:05+00:00","og_image":[{"width":1200,"height":700,"url":"https:\/\/mobilitatechisinau.md\/wp-content\/uploads\/2024\/08\/exdrupo.jpg","type":"image\/jpeg"}],"author":"dgtpcc.md","twitter_card":"summary_large_image","twitter_misc":{"Scris de":"dgtpcc.md","Timp estimat pentru citire":"3 minute"},"schema":{"@context":"https:\/\/schema.org","@graph":[{"@type":"Article","@id":"https:\/\/mobilitatechisinau.md\/?p=12232#article","isPartOf":{"@id":"https:\/\/mobilitatechisinau.md\/?p=12232"},"author":{"name":"dgtpcc.md","@id":"https:\/\/mobilitatechisinau.md\/#\/schema\/person\/c25d28ff5553bea759689e10224709c7"},"headline":"\u00cen perioada 05 \u2013 11 august 2024, \u00ce.M. Regia \u201eExdrupo\u201d a executat lucr\u0103ri de repara\u021bie \u0219i \u00eentre\u021binere a drumurilor publice municipale \u00een toate sectoarele ora\u0219ului","datePublished":"2024-08-12T13:10:58+00:00","dateModified":"2024-08-12T13:11:05+00:00","mainEntityOfPage":{"@id":"https:\/\/mobilitatechisinau.md\/?p=12232"},"wordCount":303,"publisher":{"@id":"https:\/\/mobilitatechisinau.md\/#organization"},"image":{"@id":"https:\/\/mobilitatechisinau.md\/?p=12232#primaryimage"},"thumbnailUrl":"https:\/\/mobilitatechisinau.md\/wp-content\/uploads\/2024\/08\/exdrupo.jpg","articleSection":["Comunicate de pres\u0103"],"inLanguage":"ro-RO"},{"@type":"WebPage","@id":"https:\/\/mobilitatechisinau.md\/?p=12232","url":"https:\/\/mobilitatechisinau.md\/?p=12232","name":"\u00cen perioada 05 \u2013 11 august 2024, \u00ce.M. Regia \u201eExdrupo\u201d a executat lucr\u0103ri de repara\u021bie \u0219i \u00eentre\u021binere a drumurilor publice municipale \u00een toate sectoarele ora\u0219ului - mobilitatechisinau.md","isPartOf":{"@id":"https:\/\/mobilitatechisinau.md\/#website"},"primaryImageOfPage":{"@id":"https:\/\/mobilitatechisinau.md\/?p=12232#primaryimage"},"image":{"@id":"https:\/\/mobilitatechisinau.md\/?p=12232#primaryimage"},"thumbnailUrl":"https:\/\/mobilitatechisinau.md\/wp-content\/uploads\/2024\/08\/exdrupo.jpg","datePublished":"2024-08-12T13:10:58+00:00","dateModified":"2024-08-12T13:11:05+00:00","breadcrumb":{"@id":"https:\/\/mobilitatechisinau.md\/?p=12232#breadcrumb"},"inLanguage":"ro-RO","potentialAction":[{"@type":"ReadAction","target":["https:\/\/mobilitatechisinau.md\/?p=12232"]}]},{"@type":"ImageObject","inLanguage":"ro-RO","@id":"https:\/\/mobilitatechisinau.md\/?p=12232#primaryimage","url":"https:\/\/mobilitatechisinau.md\/wp-content\/uploads\/2024\/08\/exdrupo.jpg","contentUrl":"https:\/\/mobilitatechisinau.md\/wp-content\/uploads\/2024\/08\/exdrupo.jpg","width":1200,"height":700},{"@type":"BreadcrumbList","@id":"https:\/\/mobilitatechisinau.md\/?p=12232#breadcrumb","itemListElement":[{"@type":"ListItem","position":1,"name":"Prima pagin\u0103","item":"https:\/\/mobilitatechisinau.md\/"},{"@type":"ListItem","position":2,"name":"\u00cen perioada 05 \u2013 11 august 2024, \u00ce.M. Regia \u201eExdrupo\u201d a executat lucr\u0103ri de repara\u021bie \u0219i \u00eentre\u021binere a drumurilor publice municipale \u00een toate sectoarele ora\u0219ului"}]},{"@type":"WebSite","@id":"https:\/\/mobilitatechisinau.md\/#website","url":"https:\/\/mobilitatechisinau.md\/","name":"mobilitatechisinau.md","description":"Direc\u0163ia General\u0103 Mobilitate Urban\u0103","publisher":{"@id":"https:\/\/mobilitatechisinau.md\/#organization"},"potentialAction":[{"@type":"SearchAction","target":{"@type":"EntryPoint","urlTemplate":"https:\/\/mobilitatechisinau.md\/?s={search_term_string}"},"query-input":{"@type":"PropertyValueSpecification","valueRequired":true,"valueName":"search_term_string"}}],"inLanguage":"ro-RO"},{"@type":"Organization","@id":"https:\/\/mobilitatechisinau.md\/#organization","name":"Direc\u0163ia general\u0103 transport public \u015fi c\u0103i de comunica\u0163ie","url":"https:\/\/mobilitatechisinau.md\/","logo":{"@type":"ImageObject","inLanguage":"ro-RO","@id":"https:\/\/mobilitatechisinau.md\/#\/schema\/logo\/image\/","url":"https:\/\/dgtpcc.md\/wp-content\/uploads\/2022\/05\/DGTPCC-Chis\u0326ina\u0306u-new.jpg","contentUrl":"https:\/\/dgtpcc.md\/wp-content\/uploads\/2022\/05\/DGTPCC-Chis\u0326ina\u0306u-new.jpg","width":304,"height":80,"caption":"Direc\u0163ia general\u0103 transport public \u015fi c\u0103i de comunica\u0163ie"},"image":{"@id":"https:\/\/mobilitatechisinau.md\/#\/schema\/logo\/image\/"},"sameAs":["https:\/\/www.facebook.com\/DGTPCC"]},{"@type":"Person","@id":"https:\/\/mobilitatechisinau.md\/#\/schema\/person\/c25d28ff5553bea759689e10224709c7","name":"dgtpcc.md","image":{"@type":"ImageObject","inLanguage":"ro-RO","@id":"https:\/\/mobilitatechisinau.md\/#\/schema\/person\/image\/","url":"https:\/\/secure.gravatar.com\/avatar\/9057a81ed6aa6c63f6d0d045749b3708fa15d612e3a388d9ac7b50072146c906?s=96&d=mm&r=g","contentUrl":"https:\/\/secure.gravatar.com\/avatar\/9057a81ed6aa6c63f6d0d045749b3708fa15d612e3a388d9ac7b50072146c906?s=96&d=mm&r=g","caption":"dgtpcc.md"},"sameAs":["https:\/\/dgtpcc.md"],"url":"https:\/\/mobilitatechisinau.md\/?author=1"}]}},"_links":{"self":[{"href":"https:\/\/mobilitatechisinau.md\/index.php?rest_route=\/wp\/v2\/posts\/12232","targetHints":{"allow":["GET"]}}],"collection":[{"href":"https:\/\/mobilitatechisinau.md\/index.php?rest_route=\/wp\/v2\/posts"}],"about":[{"href":"https:\/\/mobilitatechisinau.md\/index.php?rest_route=\/wp\/v2\/types\/post"}],"author":[{"embeddable":true,"href":"https:\/\/mobilitatechisinau.md\/index.php?rest_route=\/wp\/v2\/users\/1"}],"replies":[{"embeddable":true,"href":"https:\/\/mobilitatechisinau.md\/index.php?rest_route=%2Fwp%2Fv2%2Fcomments&post=12232"}],"version-history":[{"count":0,"href":"https:\/\/mobilitatechisinau.md\/index.php?rest_route=\/wp\/v2\/posts\/12232\/revisions"}],"wp:featuredmedia":[{"embeddable":true,"href":"https:\/\/mobilitatechisinau.md\/index.php?rest_route=\/wp\/v2\/media\/12233"}],"wp:attachment":[{"href":"https:\/\/mobilitatechisinau.md\/index.php?rest_route=%2Fwp%2Fv2%2Fmedia&parent=12232"}],"wp:term":[{"taxonomy":"category","embeddable":true,"href":"https:\/\/mobilitatechisinau.md\/index.php?rest_route=%2Fwp%2Fv2%2Fcategories&post=12232"},{"taxonomy":"post_tag","embeddable":true,"href":"https:\/\/mobilitatechisinau.md\/index.php?rest_route=%2Fwp%2Fv2%2Ftags&post=12232"}],"curies":[{"name":"wp","href":"https:\/\/api.w.org\/{rel}","templated":true}]}}