{"id":12352,"date":"2024-08-19T08:44:27","date_gmt":"2024-08-19T06:44:27","guid":{"rendered":"https:\/\/mobilitatechisinau.md\/?p=12352"},"modified":"2024-08-22T08:47:15","modified_gmt":"2024-08-22T06:47:15","slug":"abonamentele-curente-de-calatorie-in-transportul-public-pentru-elevii-claselor-i-iv-sunt-valabile-pana-la-sfarsitul-lunii-octombrie-2024","status":"publish","type":"post","link":"https:\/\/mobilitatechisinau.md\/?p=12352","title":{"rendered":"Abonamentele curente de c\u0103l\u0103torie \u00een transportul public pentru elevii claselor I-IV sunt valabile p\u00e2n\u0103 la sf\u00e2r\u0219itul lunii octombrie 2024"},"content":{"rendered":"\n<p>Abonamentele anuale de c\u0103l\u0103torie \u00een transportul public, pentru elevii claselor I-IV, repartizate pentru anul de studii 2023-2024, sunt valabile p\u00e2n\u0103 la sf\u00e2r\u0219itul lunii octombrie, curent.<\/p>\n\n\n\n<p>\u201eP\u00e2n\u0103 la aceast\u0103 dat\u0103, urmeaz\u0103 a fi tip\u0103rite \u0219i repartizate \u00een&nbsp;\u0219colile municipale abonamentele pentru urm\u0103torul an de studii, \u00een baza solicit\u0103rii Direc\u021biei Generale Educa\u021bie, Tineret \u0219i Sport\u201d, a declarat Vitalie Mihalache, \u0219eful Direc\u021biei Generale Mobilitate Urban\u0103, \u00een cadrul \u0219edin\u021bei operative a serviciilor municipale din 19 august.<\/p>\n\n\n\n<p>\u00cen anul 2023, au fost emise peste 45 de mii de abonamente anuale pentru elevii claselor I-IV, acestea oferind de\u021bin\u0103torilor dreptul de a c\u0103l\u0103tori gratuit \u00een troleibuze \u0219i autobuze, inclusiv \u00een perioada vacan\u021belor.<\/p>\n","protected":false},"excerpt":{"rendered":"<p>Abonamentele anuale de c\u0103l\u0103torie \u00een transportul public, pentru elevii claselor I-IV, repartizate pentru anul de studii 2023-2024, sunt valabile p\u00e2n\u0103 la sf\u00e2r\u0219itul lunii octombrie, curent. \u201eP\u00e2n\u0103 la aceast\u0103 dat\u0103, urmeaz\u0103 a fi tip\u0103rite \u0219i repartizate \u00een&nbsp;\u0219colile municipale abonamentele pentru urm\u0103torul an de studii, \u00een baza solicit\u0103rii Direc\u021biei Generale Educa\u021bie, Tineret \u0219i Sport\u201d, a declarat Vitalie [&hellip;]<\/p>\n","protected":false},"author":1,"featured_media":0,"comment_status":"closed","ping_status":"open","sticky":false,"template":"","format":"video","meta":{"footnotes":""},"categories":[92],"tags":[],"class_list":["post-12352","post","type-post","status-publish","format-video","hentry","category-comunicate","post_format-post-format-video"],"yoast_head":"<!-- This site is optimized with the Yoast SEO plugin v23.9 - https:\/\/yoast.com\/wordpress\/plugins\/seo\/ -->\n<title>Abonamentele curente de c\u0103l\u0103torie \u00een transportul public pentru elevii claselor I-IV sunt valabile p\u00e2n\u0103 la sf\u00e2r\u0219itul lunii octombrie 2024 - mobilitatechisinau.md<\/title>\n<meta name=\"robots\" content=\"index, follow, max-snippet:-1, max-image-preview:large, max-video-preview:-1\" \/>\n<link rel=\"canonical\" href=\"https:\/\/mobilitatechisinau.md\/?p=12352\" \/>\n<meta property=\"og:locale\" content=\"ro_RO\" \/>\n<meta property=\"og:type\" content=\"article\" \/>\n<meta property=\"og:title\" content=\"Abonamentele curente de c\u0103l\u0103torie \u00een transportul public pentru elevii claselor I-IV sunt valabile p\u00e2n\u0103 la sf\u00e2r\u0219itul lunii octombrie 2024 - mobilitatechisinau.md\" \/>\n<meta property=\"og:description\" content=\"Abonamentele anuale de c\u0103l\u0103torie \u00een transportul public, pentru elevii claselor I-IV, repartizate pentru anul de studii 2023-2024, sunt valabile p\u00e2n\u0103 la sf\u00e2r\u0219itul lunii octombrie, curent. \u201eP\u00e2n\u0103 la aceast\u0103 dat\u0103, urmeaz\u0103 a fi tip\u0103rite \u0219i repartizate \u00een&nbsp;\u0219colile municipale abonamentele pentru urm\u0103torul an de studii, \u00een baza solicit\u0103rii Direc\u021biei Generale Educa\u021bie, Tineret \u0219i Sport\u201d, a declarat Vitalie [&hellip;]\" \/>\n<meta property=\"og:url\" content=\"https:\/\/mobilitatechisinau.md\/?p=12352\" \/>\n<meta property=\"og:site_name\" content=\"mobilitatechisinau.md\" \/>\n<meta property=\"article:publisher\" content=\"https:\/\/www.facebook.com\/DGTPCC\" \/>\n<meta property=\"article:published_time\" content=\"2024-08-19T06:44:27+00:00\" \/>\n<meta property=\"article:modified_time\" content=\"2024-08-22T06:47:15+00:00\" \/>\n<meta name=\"author\" content=\"dgtpcc.md\" \/>\n<meta name=\"twitter:card\" content=\"summary_large_image\" \/>\n<meta name=\"twitter:label1\" content=\"Scris de\" \/>\n\t<meta name=\"twitter:data1\" content=\"dgtpcc.md\" \/>\n\t<meta name=\"twitter:label2\" content=\"Timp estimat pentru citire\" \/>\n\t<meta name=\"twitter:data2\" content=\"1 minut\" \/>\n<script type=\"application\/ld+json\" class=\"yoast-schema-graph\">{\"@context\":\"https:\/\/schema.org\",\"@graph\":[{\"@type\":\"Article\",\"@id\":\"https:\/\/mobilitatechisinau.md\/?p=12352#article\",\"isPartOf\":{\"@id\":\"https:\/\/mobilitatechisinau.md\/?p=12352\"},\"author\":{\"name\":\"dgtpcc.md\",\"@id\":\"https:\/\/mobilitatechisinau.md\/#\/schema\/person\/c25d28ff5553bea759689e10224709c7\"},\"headline\":\"Abonamentele curente de c\u0103l\u0103torie \u00een transportul public pentru elevii claselor I-IV sunt valabile p\u00e2n\u0103 la sf\u00e2r\u0219itul lunii octombrie 2024\",\"datePublished\":\"2024-08-19T06:44:27+00:00\",\"dateModified\":\"2024-08-22T06:47:15+00:00\",\"mainEntityOfPage\":{\"@id\":\"https:\/\/mobilitatechisinau.md\/?p=12352\"},\"wordCount\":144,\"publisher\":{\"@id\":\"https:\/\/mobilitatechisinau.md\/#organization\"},\"articleSection\":[\"Comunicate de pres\u0103\"],\"inLanguage\":\"ro-RO\"},{\"@type\":\"WebPage\",\"@id\":\"https:\/\/mobilitatechisinau.md\/?p=12352\",\"url\":\"https:\/\/mobilitatechisinau.md\/?p=12352\",\"name\":\"Abonamentele curente de c\u0103l\u0103torie \u00een transportul public pentru elevii claselor I-IV sunt valabile p\u00e2n\u0103 la sf\u00e2r\u0219itul lunii octombrie 2024 - mobilitatechisinau.md\",\"isPartOf\":{\"@id\":\"https:\/\/mobilitatechisinau.md\/#website\"},\"datePublished\":\"2024-08-19T06:44:27+00:00\",\"dateModified\":\"2024-08-22T06:47:15+00:00\",\"breadcrumb\":{\"@id\":\"https:\/\/mobilitatechisinau.md\/?p=12352#breadcrumb\"},\"inLanguage\":\"ro-RO\",\"potentialAction\":[{\"@type\":\"ReadAction\",\"target\":[\"https:\/\/mobilitatechisinau.md\/?p=12352\"]}]},{\"@type\":\"BreadcrumbList\",\"@id\":\"https:\/\/mobilitatechisinau.md\/?p=12352#breadcrumb\",\"itemListElement\":[{\"@type\":\"ListItem\",\"position\":1,\"name\":\"Prima pagin\u0103\",\"item\":\"https:\/\/mobilitatechisinau.md\/\"},{\"@type\":\"ListItem\",\"position\":2,\"name\":\"Abonamentele curente de c\u0103l\u0103torie \u00een transportul public pentru elevii claselor I-IV sunt valabile p\u00e2n\u0103 la sf\u00e2r\u0219itul lunii octombrie 2024\"}]},{\"@type\":\"WebSite\",\"@id\":\"https:\/\/mobilitatechisinau.md\/#website\",\"url\":\"https:\/\/mobilitatechisinau.md\/\",\"name\":\"mobilitatechisinau.md\",\"description\":\"Direc\u0163ia General\u0103 Mobilitate Urban\u0103\",\"publisher\":{\"@id\":\"https:\/\/mobilitatechisinau.md\/#organization\"},\"potentialAction\":[{\"@type\":\"SearchAction\",\"target\":{\"@type\":\"EntryPoint\",\"urlTemplate\":\"https:\/\/mobilitatechisinau.md\/?s={search_term_string}\"},\"query-input\":{\"@type\":\"PropertyValueSpecification\",\"valueRequired\":true,\"valueName\":\"search_term_string\"}}],\"inLanguage\":\"ro-RO\"},{\"@type\":\"Organization\",\"@id\":\"https:\/\/mobilitatechisinau.md\/#organization\",\"name\":\"Direc\u0163ia general\u0103 transport public \u015fi c\u0103i de comunica\u0163ie\",\"url\":\"https:\/\/mobilitatechisinau.md\/\",\"logo\":{\"@type\":\"ImageObject\",\"inLanguage\":\"ro-RO\",\"@id\":\"https:\/\/mobilitatechisinau.md\/#\/schema\/logo\/image\/\",\"url\":\"https:\/\/dgtpcc.md\/wp-content\/uploads\/2022\/05\/DGTPCC-Chis\u0326ina\u0306u-new.jpg\",\"contentUrl\":\"https:\/\/dgtpcc.md\/wp-content\/uploads\/2022\/05\/DGTPCC-Chis\u0326ina\u0306u-new.jpg\",\"width\":304,\"height\":80,\"caption\":\"Direc\u0163ia general\u0103 transport public \u015fi c\u0103i de comunica\u0163ie\"},\"image\":{\"@id\":\"https:\/\/mobilitatechisinau.md\/#\/schema\/logo\/image\/\"},\"sameAs\":[\"https:\/\/www.facebook.com\/DGTPCC\"]},{\"@type\":\"Person\",\"@id\":\"https:\/\/mobilitatechisinau.md\/#\/schema\/person\/c25d28ff5553bea759689e10224709c7\",\"name\":\"dgtpcc.md\",\"image\":{\"@type\":\"ImageObject\",\"inLanguage\":\"ro-RO\",\"@id\":\"https:\/\/mobilitatechisinau.md\/#\/schema\/person\/image\/\",\"url\":\"https:\/\/secure.gravatar.com\/avatar\/9057a81ed6aa6c63f6d0d045749b3708fa15d612e3a388d9ac7b50072146c906?s=96&d=mm&r=g\",\"contentUrl\":\"https:\/\/secure.gravatar.com\/avatar\/9057a81ed6aa6c63f6d0d045749b3708fa15d612e3a388d9ac7b50072146c906?s=96&d=mm&r=g\",\"caption\":\"dgtpcc.md\"},\"sameAs\":[\"https:\/\/dgtpcc.md\"],\"url\":\"https:\/\/mobilitatechisinau.md\/?author=1\"}]}<\/script>\n<!-- \/ Yoast SEO plugin. -->","yoast_head_json":{"title":"Abonamentele curente de c\u0103l\u0103torie \u00een transportul public pentru elevii claselor I-IV sunt valabile p\u00e2n\u0103 la sf\u00e2r\u0219itul lunii octombrie 2024 - mobilitatechisinau.md","robots":{"index":"index","follow":"follow","max-snippet":"max-snippet:-1","max-image-preview":"max-image-preview:large","max-video-preview":"max-video-preview:-1"},"canonical":"https:\/\/mobilitatechisinau.md\/?p=12352","og_locale":"ro_RO","og_type":"article","og_title":"Abonamentele curente de c\u0103l\u0103torie \u00een transportul public pentru elevii claselor I-IV sunt valabile p\u00e2n\u0103 la sf\u00e2r\u0219itul lunii octombrie 2024 - mobilitatechisinau.md","og_description":"Abonamentele anuale de c\u0103l\u0103torie \u00een transportul public, pentru elevii claselor I-IV, repartizate pentru anul de studii 2023-2024, sunt valabile p\u00e2n\u0103 la sf\u00e2r\u0219itul lunii octombrie, curent. \u201eP\u00e2n\u0103 la aceast\u0103 dat\u0103, urmeaz\u0103 a fi tip\u0103rite \u0219i repartizate \u00een&nbsp;\u0219colile municipale abonamentele pentru urm\u0103torul an de studii, \u00een baza solicit\u0103rii Direc\u021biei Generale Educa\u021bie, Tineret \u0219i Sport\u201d, a declarat Vitalie [&hellip;]","og_url":"https:\/\/mobilitatechisinau.md\/?p=12352","og_site_name":"mobilitatechisinau.md","article_publisher":"https:\/\/www.facebook.com\/DGTPCC","article_published_time":"2024-08-19T06:44:27+00:00","article_modified_time":"2024-08-22T06:47:15+00:00","author":"dgtpcc.md","twitter_card":"summary_large_image","twitter_misc":{"Scris de":"dgtpcc.md","Timp estimat pentru citire":"1 minut"},"schema":{"@context":"https:\/\/schema.org","@graph":[{"@type":"Article","@id":"https:\/\/mobilitatechisinau.md\/?p=12352#article","isPartOf":{"@id":"https:\/\/mobilitatechisinau.md\/?p=12352"},"author":{"name":"dgtpcc.md","@id":"https:\/\/mobilitatechisinau.md\/#\/schema\/person\/c25d28ff5553bea759689e10224709c7"},"headline":"Abonamentele curente de c\u0103l\u0103torie \u00een transportul public pentru elevii claselor I-IV sunt valabile p\u00e2n\u0103 la sf\u00e2r\u0219itul lunii octombrie 2024","datePublished":"2024-08-19T06:44:27+00:00","dateModified":"2024-08-22T06:47:15+00:00","mainEntityOfPage":{"@id":"https:\/\/mobilitatechisinau.md\/?p=12352"},"wordCount":144,"publisher":{"@id":"https:\/\/mobilitatechisinau.md\/#organization"},"articleSection":["Comunicate de pres\u0103"],"inLanguage":"ro-RO"},{"@type":"WebPage","@id":"https:\/\/mobilitatechisinau.md\/?p=12352","url":"https:\/\/mobilitatechisinau.md\/?p=12352","name":"Abonamentele curente de c\u0103l\u0103torie \u00een transportul public pentru elevii claselor I-IV sunt valabile p\u00e2n\u0103 la sf\u00e2r\u0219itul lunii octombrie 2024 - mobilitatechisinau.md","isPartOf":{"@id":"https:\/\/mobilitatechisinau.md\/#website"},"datePublished":"2024-08-19T06:44:27+00:00","dateModified":"2024-08-22T06:47:15+00:00","breadcrumb":{"@id":"https:\/\/mobilitatechisinau.md\/?p=12352#breadcrumb"},"inLanguage":"ro-RO","potentialAction":[{"@type":"ReadAction","target":["https:\/\/mobilitatechisinau.md\/?p=12352"]}]},{"@type":"BreadcrumbList","@id":"https:\/\/mobilitatechisinau.md\/?p=12352#breadcrumb","itemListElement":[{"@type":"ListItem","position":1,"name":"Prima pagin\u0103","item":"https:\/\/mobilitatechisinau.md\/"},{"@type":"ListItem","position":2,"name":"Abonamentele curente de c\u0103l\u0103torie \u00een transportul public pentru elevii claselor I-IV sunt valabile p\u00e2n\u0103 la sf\u00e2r\u0219itul lunii octombrie 2024"}]},{"@type":"WebSite","@id":"https:\/\/mobilitatechisinau.md\/#website","url":"https:\/\/mobilitatechisinau.md\/","name":"mobilitatechisinau.md","description":"Direc\u0163ia General\u0103 Mobilitate Urban\u0103","publisher":{"@id":"https:\/\/mobilitatechisinau.md\/#organization"},"potentialAction":[{"@type":"SearchAction","target":{"@type":"EntryPoint","urlTemplate":"https:\/\/mobilitatechisinau.md\/?s={search_term_string}"},"query-input":{"@type":"PropertyValueSpecification","valueRequired":true,"valueName":"search_term_string"}}],"inLanguage":"ro-RO"},{"@type":"Organization","@id":"https:\/\/mobilitatechisinau.md\/#organization","name":"Direc\u0163ia general\u0103 transport public \u015fi c\u0103i de comunica\u0163ie","url":"https:\/\/mobilitatechisinau.md\/","logo":{"@type":"ImageObject","inLanguage":"ro-RO","@id":"https:\/\/mobilitatechisinau.md\/#\/schema\/logo\/image\/","url":"https:\/\/dgtpcc.md\/wp-content\/uploads\/2022\/05\/DGTPCC-Chis\u0326ina\u0306u-new.jpg","contentUrl":"https:\/\/dgtpcc.md\/wp-content\/uploads\/2022\/05\/DGTPCC-Chis\u0326ina\u0306u-new.jpg","width":304,"height":80,"caption":"Direc\u0163ia general\u0103 transport public \u015fi c\u0103i de comunica\u0163ie"},"image":{"@id":"https:\/\/mobilitatechisinau.md\/#\/schema\/logo\/image\/"},"sameAs":["https:\/\/www.facebook.com\/DGTPCC"]},{"@type":"Person","@id":"https:\/\/mobilitatechisinau.md\/#\/schema\/person\/c25d28ff5553bea759689e10224709c7","name":"dgtpcc.md","image":{"@type":"ImageObject","inLanguage":"ro-RO","@id":"https:\/\/mobilitatechisinau.md\/#\/schema\/person\/image\/","url":"https:\/\/secure.gravatar.com\/avatar\/9057a81ed6aa6c63f6d0d045749b3708fa15d612e3a388d9ac7b50072146c906?s=96&d=mm&r=g","contentUrl":"https:\/\/secure.gravatar.com\/avatar\/9057a81ed6aa6c63f6d0d045749b3708fa15d612e3a388d9ac7b50072146c906?s=96&d=mm&r=g","caption":"dgtpcc.md"},"sameAs":["https:\/\/dgtpcc.md"],"url":"https:\/\/mobilitatechisinau.md\/?author=1"}]}},"_links":{"self":[{"href":"https:\/\/mobilitatechisinau.md\/index.php?rest_route=\/wp\/v2\/posts\/12352","targetHints":{"allow":["GET"]}}],"collection":[{"href":"https:\/\/mobilitatechisinau.md\/index.php?rest_route=\/wp\/v2\/posts"}],"about":[{"href":"https:\/\/mobilitatechisinau.md\/index.php?rest_route=\/wp\/v2\/types\/post"}],"author":[{"embeddable":true,"href":"https:\/\/mobilitatechisinau.md\/index.php?rest_route=\/wp\/v2\/users\/1"}],"replies":[{"embeddable":true,"href":"https:\/\/mobilitatechisinau.md\/index.php?rest_route=%2Fwp%2Fv2%2Fcomments&post=12352"}],"version-history":[{"count":0,"href":"https:\/\/mobilitatechisinau.md\/index.php?rest_route=\/wp\/v2\/posts\/12352\/revisions"}],"wp:attachment":[{"href":"https:\/\/mobilitatechisinau.md\/index.php?rest_route=%2Fwp%2Fv2%2Fmedia&parent=12352"}],"wp:term":[{"taxonomy":"category","embeddable":true,"href":"https:\/\/mobilitatechisinau.md\/index.php?rest_route=%2Fwp%2Fv2%2Fcategories&post=12352"},{"taxonomy":"post_tag","embeddable":true,"href":"https:\/\/mobilitatechisinau.md\/index.php?rest_route=%2Fwp%2Fv2%2Ftags&post=12352"}],"curies":[{"name":"wp","href":"https:\/\/api.w.org\/{rel}","templated":true}]}}