{"id":12355,"date":"2024-08-19T08:48:53","date_gmt":"2024-08-19T06:48:53","guid":{"rendered":"https:\/\/mobilitatechisinau.md\/?p=12355"},"modified":"2024-10-02T23:53:13","modified_gmt":"2024-10-02T21:53:13","slug":"pregatiri-de-noul-an-scolar-drumarii-desfasoara-lucrari-de-reabilitare-a-infrastructurii-de-acces-catre-institutiile-de-invatamant-si-educatie-timpurie-din-capitala","status":"publish","type":"post","link":"https:\/\/mobilitatechisinau.md\/?p=12355","title":{"rendered":"Preg\u0103tiri de noul an \u0219colar: Drumarii desf\u0103\u0219oar\u0103 lucr\u0103ri de reabilitare a infrastructurii de acces c\u0103tre institu\u021biile de \u00eenv\u0103\u021b\u0103m\u00e2nt \u0219i educa\u021bie timpurie din Capital\u0103"},"content":{"rendered":"\n<p>Serviciile municipale de profil desf\u0103\u0219oar\u0103 lucr\u0103ri de reabilitare a infrastructurii de acces c\u0103tre institu\u021biile de \u00eenv\u0103\u021b\u0103m\u00e2nt \u0219i educa\u021bie timpurie din Capital\u0103.<\/p>\n\n\n\n<p>P\u00e2n\u0103 \u00een prezent, peste 40 de institu\u021bii de \u00eenv\u0103\u021b\u0103m\u00e2nt \u0219i educa\u021bie timpurie au beneficiat&nbsp;de reabilitarea c\u0103ilor de acces, iar lucr\u0103rile la alte trei institu\u021bii sunt \u00een curs de desf\u0103\u0219urare, cu termen de finalizare p\u00e2n\u0103 la 1 septembrie.<\/p>\n\n\n\n<p>Despre aceasta a anun\u021bat Vitalie Mihalache, \u0219eful Direc\u021biei Generale Mobilitate Urban\u0103 (DGMU), \u00een cadrul \u0219edin\u021bei operative a serviciilor Prim\u0103riei de ast\u0103zi, 19 august.<\/p>\n\n\n\n<p>Potrivit lui Mihalache, lucr\u0103rile de amenajare a c\u0103ilor de acces vor continua pe tot parcursul acestui an \u0219i la alte institu\u021bii, identificate de o comisie municipal\u0103 ca av\u00e2nd un grad avansat de deteriorare, acestea urm\u00e2nd a fi reparate prioritar.<\/p>\n\n\n\n<p>\u201e\u00cen unele cazuri, extindem repara\u021biile \u0219i \u00een cur\u021bile din apropierea institu\u021biilor, deoarece am constatat o stare deplorabil\u0103 a infrastructurii \u00een aceste zone, unde nu s-a intervenit de zeci de ani\u201d, a declarat Mihalache.<\/p>\n\n\n\n<p>De asemenea, a precizat \u0219eful DGMU, p\u00e2n\u0103 la \u00eenceputul noului an \u0219colar, se vor re\u00eennoi marcajele la toate trecerile pietonale din apropierea institu\u021biilor educa\u021bionale, se vor instala sau repara indicatoarele rutiere \u0219i se va reabilita iluminatul public \u00een aceste zone, pentru a asigura condi\u021bii sigure de deplasare pentru copii.<\/p>\n\n\n\n<iframe src=\"https:\/\/www.facebook.com\/plugins\/video.php?height=314&#038;href=https%3A%2F%2Fwww.facebook.com%2Fmobilitychisinau%2Fvideos%2F1525780858031370%2F&#038;show_text=false&#038;width=560&#038;t=0\" width=\"560\" height=\"314\" style=\"border:none;overflow:hidden\" scrolling=\"no\" frameborder=\"0\" allowfullscreen=\"true\" allow=\"autoplay; clipboard-write; encrypted-media; picture-in-picture; web-share\" allowFullScreen=\"true\"><\/iframe>\n","protected":false},"excerpt":{"rendered":"<p>Serviciile municipale de profil desf\u0103\u0219oar\u0103 lucr\u0103ri de reabilitare a infrastructurii de acces c\u0103tre institu\u021biile de \u00eenv\u0103\u021b\u0103m\u00e2nt \u0219i educa\u021bie timpurie din Capital\u0103. P\u00e2n\u0103 \u00een prezent, peste 40 de institu\u021bii de \u00eenv\u0103\u021b\u0103m\u00e2nt \u0219i educa\u021bie timpurie au beneficiat&nbsp;de reabilitarea c\u0103ilor de acces, iar lucr\u0103rile la alte trei institu\u021bii sunt \u00een curs de desf\u0103\u0219urare, cu termen de finalizare p\u00e2n\u0103 [&hellip;]<\/p>\n","protected":false},"author":1,"featured_media":12356,"comment_status":"closed","ping_status":"open","sticky":false,"template":"","format":"standard","meta":{"footnotes":""},"categories":[92,120],"tags":[],"class_list":["post-12355","post","type-post","status-publish","format-standard","has-post-thumbnail","hentry","category-comunicate","category-curti-si-accese"],"yoast_head":"<!-- This site is optimized with the Yoast SEO plugin v23.9 - https:\/\/yoast.com\/wordpress\/plugins\/seo\/ -->\n<title>Preg\u0103tiri de noul an \u0219colar: Drumarii desf\u0103\u0219oar\u0103 lucr\u0103ri de reabilitare a infrastructurii de acces c\u0103tre institu\u021biile de \u00eenv\u0103\u021b\u0103m\u00e2nt \u0219i educa\u021bie timpurie din Capital\u0103 - mobilitatechisinau.md<\/title>\n<meta name=\"robots\" content=\"index, follow, max-snippet:-1, max-image-preview:large, max-video-preview:-1\" \/>\n<link rel=\"canonical\" href=\"https:\/\/mobilitatechisinau.md\/?p=12355\" \/>\n<meta property=\"og:locale\" content=\"ro_RO\" \/>\n<meta property=\"og:type\" content=\"article\" \/>\n<meta property=\"og:title\" content=\"Preg\u0103tiri de noul an \u0219colar: Drumarii desf\u0103\u0219oar\u0103 lucr\u0103ri de reabilitare a infrastructurii de acces c\u0103tre institu\u021biile de \u00eenv\u0103\u021b\u0103m\u00e2nt \u0219i educa\u021bie timpurie din Capital\u0103 - mobilitatechisinau.md\" \/>\n<meta property=\"og:description\" content=\"Serviciile municipale de profil desf\u0103\u0219oar\u0103 lucr\u0103ri de reabilitare a infrastructurii de acces c\u0103tre institu\u021biile de \u00eenv\u0103\u021b\u0103m\u00e2nt \u0219i educa\u021bie timpurie din Capital\u0103. P\u00e2n\u0103 \u00een prezent, peste 40 de institu\u021bii de \u00eenv\u0103\u021b\u0103m\u00e2nt \u0219i educa\u021bie timpurie au beneficiat&nbsp;de reabilitarea c\u0103ilor de acces, iar lucr\u0103rile la alte trei institu\u021bii sunt \u00een curs de desf\u0103\u0219urare, cu termen de finalizare p\u00e2n\u0103 [&hellip;]\" \/>\n<meta property=\"og:url\" content=\"https:\/\/mobilitatechisinau.md\/?p=12355\" \/>\n<meta property=\"og:site_name\" content=\"mobilitatechisinau.md\" \/>\n<meta property=\"article:publisher\" content=\"https:\/\/www.facebook.com\/DGTPCC\" \/>\n<meta property=\"article:published_time\" content=\"2024-08-19T06:48:53+00:00\" \/>\n<meta property=\"article:modified_time\" content=\"2024-10-02T21:53:13+00:00\" \/>\n<meta property=\"og:image\" content=\"https:\/\/mobilitatechisinau.md\/wp-content\/uploads\/2024\/08\/photo_2024-08-22-09.49.36.jpeg\" \/>\n\t<meta property=\"og:image:width\" content=\"1200\" \/>\n\t<meta property=\"og:image:height\" content=\"700\" \/>\n\t<meta property=\"og:image:type\" content=\"image\/jpeg\" \/>\n<meta name=\"author\" content=\"dgtpcc.md\" \/>\n<meta name=\"twitter:card\" content=\"summary_large_image\" \/>\n<meta name=\"twitter:label1\" content=\"Scris de\" \/>\n\t<meta name=\"twitter:data1\" content=\"dgtpcc.md\" \/>\n\t<meta name=\"twitter:label2\" content=\"Timp estimat pentru citire\" \/>\n\t<meta name=\"twitter:data2\" content=\"2 minute\" \/>\n<script type=\"application\/ld+json\" class=\"yoast-schema-graph\">{\"@context\":\"https:\/\/schema.org\",\"@graph\":[{\"@type\":\"Article\",\"@id\":\"https:\/\/mobilitatechisinau.md\/?p=12355#article\",\"isPartOf\":{\"@id\":\"https:\/\/mobilitatechisinau.md\/?p=12355\"},\"author\":{\"name\":\"dgtpcc.md\",\"@id\":\"https:\/\/mobilitatechisinau.md\/#\/schema\/person\/c25d28ff5553bea759689e10224709c7\"},\"headline\":\"Preg\u0103tiri de noul an \u0219colar: Drumarii desf\u0103\u0219oar\u0103 lucr\u0103ri de reabilitare a infrastructurii de acces c\u0103tre institu\u021biile de \u00eenv\u0103\u021b\u0103m\u00e2nt \u0219i educa\u021bie timpurie din Capital\u0103\",\"datePublished\":\"2024-08-19T06:48:53+00:00\",\"dateModified\":\"2024-10-02T21:53:13+00:00\",\"mainEntityOfPage\":{\"@id\":\"https:\/\/mobilitatechisinau.md\/?p=12355\"},\"wordCount\":267,\"publisher\":{\"@id\":\"https:\/\/mobilitatechisinau.md\/#organization\"},\"image\":{\"@id\":\"https:\/\/mobilitatechisinau.md\/?p=12355#primaryimage\"},\"thumbnailUrl\":\"https:\/\/mobilitatechisinau.md\/wp-content\/uploads\/2024\/08\/photo_2024-08-22-09.49.36.jpeg\",\"articleSection\":[\"Comunicate de pres\u0103\",\"Curti si accese\"],\"inLanguage\":\"ro-RO\"},{\"@type\":\"WebPage\",\"@id\":\"https:\/\/mobilitatechisinau.md\/?p=12355\",\"url\":\"https:\/\/mobilitatechisinau.md\/?p=12355\",\"name\":\"Preg\u0103tiri de noul an \u0219colar: Drumarii desf\u0103\u0219oar\u0103 lucr\u0103ri de reabilitare a infrastructurii de acces c\u0103tre institu\u021biile de \u00eenv\u0103\u021b\u0103m\u00e2nt \u0219i educa\u021bie timpurie din Capital\u0103 - mobilitatechisinau.md\",\"isPartOf\":{\"@id\":\"https:\/\/mobilitatechisinau.md\/#website\"},\"primaryImageOfPage\":{\"@id\":\"https:\/\/mobilitatechisinau.md\/?p=12355#primaryimage\"},\"image\":{\"@id\":\"https:\/\/mobilitatechisinau.md\/?p=12355#primaryimage\"},\"thumbnailUrl\":\"https:\/\/mobilitatechisinau.md\/wp-content\/uploads\/2024\/08\/photo_2024-08-22-09.49.36.jpeg\",\"datePublished\":\"2024-08-19T06:48:53+00:00\",\"dateModified\":\"2024-10-02T21:53:13+00:00\",\"breadcrumb\":{\"@id\":\"https:\/\/mobilitatechisinau.md\/?p=12355#breadcrumb\"},\"inLanguage\":\"ro-RO\",\"potentialAction\":[{\"@type\":\"ReadAction\",\"target\":[\"https:\/\/mobilitatechisinau.md\/?p=12355\"]}]},{\"@type\":\"ImageObject\",\"inLanguage\":\"ro-RO\",\"@id\":\"https:\/\/mobilitatechisinau.md\/?p=12355#primaryimage\",\"url\":\"https:\/\/mobilitatechisinau.md\/wp-content\/uploads\/2024\/08\/photo_2024-08-22-09.49.36.jpeg\",\"contentUrl\":\"https:\/\/mobilitatechisinau.md\/wp-content\/uploads\/2024\/08\/photo_2024-08-22-09.49.36.jpeg\",\"width\":1200,\"height\":700},{\"@type\":\"BreadcrumbList\",\"@id\":\"https:\/\/mobilitatechisinau.md\/?p=12355#breadcrumb\",\"itemListElement\":[{\"@type\":\"ListItem\",\"position\":1,\"name\":\"Prima pagin\u0103\",\"item\":\"https:\/\/mobilitatechisinau.md\/\"},{\"@type\":\"ListItem\",\"position\":2,\"name\":\"Preg\u0103tiri de noul an \u0219colar: Drumarii desf\u0103\u0219oar\u0103 lucr\u0103ri de reabilitare a infrastructurii de acces c\u0103tre institu\u021biile de \u00eenv\u0103\u021b\u0103m\u00e2nt \u0219i educa\u021bie timpurie din Capital\u0103\"}]},{\"@type\":\"WebSite\",\"@id\":\"https:\/\/mobilitatechisinau.md\/#website\",\"url\":\"https:\/\/mobilitatechisinau.md\/\",\"name\":\"mobilitatechisinau.md\",\"description\":\"Direc\u0163ia General\u0103 Mobilitate Urban\u0103\",\"publisher\":{\"@id\":\"https:\/\/mobilitatechisinau.md\/#organization\"},\"potentialAction\":[{\"@type\":\"SearchAction\",\"target\":{\"@type\":\"EntryPoint\",\"urlTemplate\":\"https:\/\/mobilitatechisinau.md\/?s={search_term_string}\"},\"query-input\":{\"@type\":\"PropertyValueSpecification\",\"valueRequired\":true,\"valueName\":\"search_term_string\"}}],\"inLanguage\":\"ro-RO\"},{\"@type\":\"Organization\",\"@id\":\"https:\/\/mobilitatechisinau.md\/#organization\",\"name\":\"Direc\u0163ia general\u0103 transport public \u015fi c\u0103i de comunica\u0163ie\",\"url\":\"https:\/\/mobilitatechisinau.md\/\",\"logo\":{\"@type\":\"ImageObject\",\"inLanguage\":\"ro-RO\",\"@id\":\"https:\/\/mobilitatechisinau.md\/#\/schema\/logo\/image\/\",\"url\":\"https:\/\/dgtpcc.md\/wp-content\/uploads\/2022\/05\/DGTPCC-Chis\u0326ina\u0306u-new.jpg\",\"contentUrl\":\"https:\/\/dgtpcc.md\/wp-content\/uploads\/2022\/05\/DGTPCC-Chis\u0326ina\u0306u-new.jpg\",\"width\":304,\"height\":80,\"caption\":\"Direc\u0163ia general\u0103 transport public \u015fi c\u0103i de comunica\u0163ie\"},\"image\":{\"@id\":\"https:\/\/mobilitatechisinau.md\/#\/schema\/logo\/image\/\"},\"sameAs\":[\"https:\/\/www.facebook.com\/DGTPCC\"]},{\"@type\":\"Person\",\"@id\":\"https:\/\/mobilitatechisinau.md\/#\/schema\/person\/c25d28ff5553bea759689e10224709c7\",\"name\":\"dgtpcc.md\",\"image\":{\"@type\":\"ImageObject\",\"inLanguage\":\"ro-RO\",\"@id\":\"https:\/\/mobilitatechisinau.md\/#\/schema\/person\/image\/\",\"url\":\"https:\/\/secure.gravatar.com\/avatar\/9057a81ed6aa6c63f6d0d045749b3708fa15d612e3a388d9ac7b50072146c906?s=96&d=mm&r=g\",\"contentUrl\":\"https:\/\/secure.gravatar.com\/avatar\/9057a81ed6aa6c63f6d0d045749b3708fa15d612e3a388d9ac7b50072146c906?s=96&d=mm&r=g\",\"caption\":\"dgtpcc.md\"},\"sameAs\":[\"https:\/\/dgtpcc.md\"],\"url\":\"https:\/\/mobilitatechisinau.md\/?author=1\"}]}<\/script>\n<!-- \/ Yoast SEO plugin. -->","yoast_head_json":{"title":"Preg\u0103tiri de noul an \u0219colar: Drumarii desf\u0103\u0219oar\u0103 lucr\u0103ri de reabilitare a infrastructurii de acces c\u0103tre institu\u021biile de \u00eenv\u0103\u021b\u0103m\u00e2nt \u0219i educa\u021bie timpurie din Capital\u0103 - mobilitatechisinau.md","robots":{"index":"index","follow":"follow","max-snippet":"max-snippet:-1","max-image-preview":"max-image-preview:large","max-video-preview":"max-video-preview:-1"},"canonical":"https:\/\/mobilitatechisinau.md\/?p=12355","og_locale":"ro_RO","og_type":"article","og_title":"Preg\u0103tiri de noul an \u0219colar: Drumarii desf\u0103\u0219oar\u0103 lucr\u0103ri de reabilitare a infrastructurii de acces c\u0103tre institu\u021biile de \u00eenv\u0103\u021b\u0103m\u00e2nt \u0219i educa\u021bie timpurie din Capital\u0103 - mobilitatechisinau.md","og_description":"Serviciile municipale de profil desf\u0103\u0219oar\u0103 lucr\u0103ri de reabilitare a infrastructurii de acces c\u0103tre institu\u021biile de \u00eenv\u0103\u021b\u0103m\u00e2nt \u0219i educa\u021bie timpurie din Capital\u0103. P\u00e2n\u0103 \u00een prezent, peste 40 de institu\u021bii de \u00eenv\u0103\u021b\u0103m\u00e2nt \u0219i educa\u021bie timpurie au beneficiat&nbsp;de reabilitarea c\u0103ilor de acces, iar lucr\u0103rile la alte trei institu\u021bii sunt \u00een curs de desf\u0103\u0219urare, cu termen de finalizare p\u00e2n\u0103 [&hellip;]","og_url":"https:\/\/mobilitatechisinau.md\/?p=12355","og_site_name":"mobilitatechisinau.md","article_publisher":"https:\/\/www.facebook.com\/DGTPCC","article_published_time":"2024-08-19T06:48:53+00:00","article_modified_time":"2024-10-02T21:53:13+00:00","og_image":[{"width":1200,"height":700,"url":"https:\/\/mobilitatechisinau.md\/wp-content\/uploads\/2024\/08\/photo_2024-08-22-09.49.36.jpeg","type":"image\/jpeg"}],"author":"dgtpcc.md","twitter_card":"summary_large_image","twitter_misc":{"Scris de":"dgtpcc.md","Timp estimat pentru citire":"2 minute"},"schema":{"@context":"https:\/\/schema.org","@graph":[{"@type":"Article","@id":"https:\/\/mobilitatechisinau.md\/?p=12355#article","isPartOf":{"@id":"https:\/\/mobilitatechisinau.md\/?p=12355"},"author":{"name":"dgtpcc.md","@id":"https:\/\/mobilitatechisinau.md\/#\/schema\/person\/c25d28ff5553bea759689e10224709c7"},"headline":"Preg\u0103tiri de noul an \u0219colar: Drumarii desf\u0103\u0219oar\u0103 lucr\u0103ri de reabilitare a infrastructurii de acces c\u0103tre institu\u021biile de \u00eenv\u0103\u021b\u0103m\u00e2nt \u0219i educa\u021bie timpurie din Capital\u0103","datePublished":"2024-08-19T06:48:53+00:00","dateModified":"2024-10-02T21:53:13+00:00","mainEntityOfPage":{"@id":"https:\/\/mobilitatechisinau.md\/?p=12355"},"wordCount":267,"publisher":{"@id":"https:\/\/mobilitatechisinau.md\/#organization"},"image":{"@id":"https:\/\/mobilitatechisinau.md\/?p=12355#primaryimage"},"thumbnailUrl":"https:\/\/mobilitatechisinau.md\/wp-content\/uploads\/2024\/08\/photo_2024-08-22-09.49.36.jpeg","articleSection":["Comunicate de pres\u0103","Curti si accese"],"inLanguage":"ro-RO"},{"@type":"WebPage","@id":"https:\/\/mobilitatechisinau.md\/?p=12355","url":"https:\/\/mobilitatechisinau.md\/?p=12355","name":"Preg\u0103tiri de noul an \u0219colar: Drumarii desf\u0103\u0219oar\u0103 lucr\u0103ri de reabilitare a infrastructurii de acces c\u0103tre institu\u021biile de \u00eenv\u0103\u021b\u0103m\u00e2nt \u0219i educa\u021bie timpurie din Capital\u0103 - mobilitatechisinau.md","isPartOf":{"@id":"https:\/\/mobilitatechisinau.md\/#website"},"primaryImageOfPage":{"@id":"https:\/\/mobilitatechisinau.md\/?p=12355#primaryimage"},"image":{"@id":"https:\/\/mobilitatechisinau.md\/?p=12355#primaryimage"},"thumbnailUrl":"https:\/\/mobilitatechisinau.md\/wp-content\/uploads\/2024\/08\/photo_2024-08-22-09.49.36.jpeg","datePublished":"2024-08-19T06:48:53+00:00","dateModified":"2024-10-02T21:53:13+00:00","breadcrumb":{"@id":"https:\/\/mobilitatechisinau.md\/?p=12355#breadcrumb"},"inLanguage":"ro-RO","potentialAction":[{"@type":"ReadAction","target":["https:\/\/mobilitatechisinau.md\/?p=12355"]}]},{"@type":"ImageObject","inLanguage":"ro-RO","@id":"https:\/\/mobilitatechisinau.md\/?p=12355#primaryimage","url":"https:\/\/mobilitatechisinau.md\/wp-content\/uploads\/2024\/08\/photo_2024-08-22-09.49.36.jpeg","contentUrl":"https:\/\/mobilitatechisinau.md\/wp-content\/uploads\/2024\/08\/photo_2024-08-22-09.49.36.jpeg","width":1200,"height":700},{"@type":"BreadcrumbList","@id":"https:\/\/mobilitatechisinau.md\/?p=12355#breadcrumb","itemListElement":[{"@type":"ListItem","position":1,"name":"Prima pagin\u0103","item":"https:\/\/mobilitatechisinau.md\/"},{"@type":"ListItem","position":2,"name":"Preg\u0103tiri de noul an \u0219colar: Drumarii desf\u0103\u0219oar\u0103 lucr\u0103ri de reabilitare a infrastructurii de acces c\u0103tre institu\u021biile de \u00eenv\u0103\u021b\u0103m\u00e2nt \u0219i educa\u021bie timpurie din Capital\u0103"}]},{"@type":"WebSite","@id":"https:\/\/mobilitatechisinau.md\/#website","url":"https:\/\/mobilitatechisinau.md\/","name":"mobilitatechisinau.md","description":"Direc\u0163ia General\u0103 Mobilitate Urban\u0103","publisher":{"@id":"https:\/\/mobilitatechisinau.md\/#organization"},"potentialAction":[{"@type":"SearchAction","target":{"@type":"EntryPoint","urlTemplate":"https:\/\/mobilitatechisinau.md\/?s={search_term_string}"},"query-input":{"@type":"PropertyValueSpecification","valueRequired":true,"valueName":"search_term_string"}}],"inLanguage":"ro-RO"},{"@type":"Organization","@id":"https:\/\/mobilitatechisinau.md\/#organization","name":"Direc\u0163ia general\u0103 transport public \u015fi c\u0103i de comunica\u0163ie","url":"https:\/\/mobilitatechisinau.md\/","logo":{"@type":"ImageObject","inLanguage":"ro-RO","@id":"https:\/\/mobilitatechisinau.md\/#\/schema\/logo\/image\/","url":"https:\/\/dgtpcc.md\/wp-content\/uploads\/2022\/05\/DGTPCC-Chis\u0326ina\u0306u-new.jpg","contentUrl":"https:\/\/dgtpcc.md\/wp-content\/uploads\/2022\/05\/DGTPCC-Chis\u0326ina\u0306u-new.jpg","width":304,"height":80,"caption":"Direc\u0163ia general\u0103 transport public \u015fi c\u0103i de comunica\u0163ie"},"image":{"@id":"https:\/\/mobilitatechisinau.md\/#\/schema\/logo\/image\/"},"sameAs":["https:\/\/www.facebook.com\/DGTPCC"]},{"@type":"Person","@id":"https:\/\/mobilitatechisinau.md\/#\/schema\/person\/c25d28ff5553bea759689e10224709c7","name":"dgtpcc.md","image":{"@type":"ImageObject","inLanguage":"ro-RO","@id":"https:\/\/mobilitatechisinau.md\/#\/schema\/person\/image\/","url":"https:\/\/secure.gravatar.com\/avatar\/9057a81ed6aa6c63f6d0d045749b3708fa15d612e3a388d9ac7b50072146c906?s=96&d=mm&r=g","contentUrl":"https:\/\/secure.gravatar.com\/avatar\/9057a81ed6aa6c63f6d0d045749b3708fa15d612e3a388d9ac7b50072146c906?s=96&d=mm&r=g","caption":"dgtpcc.md"},"sameAs":["https:\/\/dgtpcc.md"],"url":"https:\/\/mobilitatechisinau.md\/?author=1"}]}},"_links":{"self":[{"href":"https:\/\/mobilitatechisinau.md\/index.php?rest_route=\/wp\/v2\/posts\/12355","targetHints":{"allow":["GET"]}}],"collection":[{"href":"https:\/\/mobilitatechisinau.md\/index.php?rest_route=\/wp\/v2\/posts"}],"about":[{"href":"https:\/\/mobilitatechisinau.md\/index.php?rest_route=\/wp\/v2\/types\/post"}],"author":[{"embeddable":true,"href":"https:\/\/mobilitatechisinau.md\/index.php?rest_route=\/wp\/v2\/users\/1"}],"replies":[{"embeddable":true,"href":"https:\/\/mobilitatechisinau.md\/index.php?rest_route=%2Fwp%2Fv2%2Fcomments&post=12355"}],"version-history":[{"count":0,"href":"https:\/\/mobilitatechisinau.md\/index.php?rest_route=\/wp\/v2\/posts\/12355\/revisions"}],"wp:featuredmedia":[{"embeddable":true,"href":"https:\/\/mobilitatechisinau.md\/index.php?rest_route=\/wp\/v2\/media\/12356"}],"wp:attachment":[{"href":"https:\/\/mobilitatechisinau.md\/index.php?rest_route=%2Fwp%2Fv2%2Fmedia&parent=12355"}],"wp:term":[{"taxonomy":"category","embeddable":true,"href":"https:\/\/mobilitatechisinau.md\/index.php?rest_route=%2Fwp%2Fv2%2Fcategories&post=12355"},{"taxonomy":"post_tag","embeddable":true,"href":"https:\/\/mobilitatechisinau.md\/index.php?rest_route=%2Fwp%2Fv2%2Ftags&post=12355"}],"curies":[{"name":"wp","href":"https:\/\/api.w.org\/{rel}","templated":true}]}}