{"id":12383,"date":"2024-08-15T09:03:43","date_gmt":"2024-08-15T07:03:43","guid":{"rendered":"https:\/\/mobilitatechisinau.md\/?p=12383"},"modified":"2024-08-22T09:10:21","modified_gmt":"2024-08-22T07:10:21","slug":"o-noua-ruta-de-troleibuz-ar-putea-fi-lansata-pentru-locuitorii-orasului-sangera","status":"publish","type":"post","link":"https:\/\/mobilitatechisinau.md\/?p=12383","title":{"rendered":"O nou\u0103 rut\u0103 de troleibuz ar putea fi lansat\u0103 pentru locuitorii ora\u0219ului S\u00e2ngera"},"content":{"rendered":"\n<p>Responsabilii municipali din cadrul Direc\u021biei Generale Mobilitate Urban\u0103, Parcului Urban de Autobuze \u0219i a Prim\u0103riei S\u00eengera au efectuat o nou\u0103 testare a traseului pe care se examineaz\u0103 lansarea unei rute noi de autobuz pentru locuitorii din ora\u0219ul S\u00eengera.<\/p>\n\n\n\n<p>Este vorba despre un nou itinerar ce va face leg\u0103tura dintre sectorul Centru al ora\u0219ului Chi\u0219in\u0103u cu S\u00eengera, p\u00e2n\u0103 la str\u0103zile Viilor \u0219i Aerog\u0103rii.<\/p>\n\n\n\n<p>Examinarea posibilit\u0103\u021bii lans\u0103rii rutei suburbane municipale se face la solicitarea locuitorilor \u0219i a administra\u021biei locale din S\u00eengera. Noul itinerar va trece \u0219i pe l\u00e2ng\u0103 Liceul Teoretic \u201eAlexandru cel Bun\u201d din S\u00eengera.<\/p>\n\n\n\n<p>Administra\u021bia local\u0103 din S\u00eengera a efectuat mai multe lucr\u0103ri pe traseu, pentru a asigura normele de siguran\u021b\u0103 pentru c\u0103l\u0103tori \u0219i pentru circula\u021bia rutier\u0103. A fost l\u0103rgit\u0103 intersec\u021bia str. Viilor \u0219i Aerog\u0103rii, ajustat sensul giratoriu din str. Orhei \u0219i parapetul de pe str. Aerog\u0103rii.<\/p>\n\n\n\n<p>\u00cen cadrul test\u0103rii s-a decis c\u0103 urmeaz\u0103 s\u0103 fie ajustate unele norme, pentru a putea deschide noua rut\u0103 de autobuz pentru locuitorii din suburbia S\u00eengera.<\/p>\n\n\n\n<p>\u00cen prezent, spre S\u00eengera, satele Revaca \u0219i Dobrogea, circul\u0103 rutele suburbane municipale de autobuz nr. 18, nr. 18 A, nr. 33 \u0219i nr. 44.<\/p>\n\n\n\n<p>Prim\u0103ria municipiului Chi\u0219in\u0103u este permanent \u00een identificarea solu\u021biilor pentru \u00eembun\u0103t\u0103\u021birea calit\u0103\u021bii transportului public \u0219i pentru deschiderea rutelor noi, at\u00e2t \u00een raza ora\u0219ului, c\u00e2t \u0219i \u00een suburbii.<\/p>\n\n\n\n<figure class=\"wp-block-gallery has-nested-images columns-default is-cropped wp-block-gallery-1 is-layout-flex wp-block-gallery-is-layout-flex\">\n<figure class=\"wp-block-image size-large\"><img fetchpriority=\"high\" decoding=\"async\" width=\"1024\" height=\"683\" data-id=\"12385\" src=\"https:\/\/mobilitatechisinau.md\/wp-content\/uploads\/2024\/08\/1-4-1024x683.jpg\" alt=\"\" class=\"wp-image-12385\" srcset=\"https:\/\/mobilitatechisinau.md\/wp-content\/uploads\/2024\/08\/1-4-1024x683.jpg 1024w, https:\/\/mobilitatechisinau.md\/wp-content\/uploads\/2024\/08\/1-4-300x200.jpg 300w, https:\/\/mobilitatechisinau.md\/wp-content\/uploads\/2024\/08\/1-4-768x512.jpg 768w, https:\/\/mobilitatechisinau.md\/wp-content\/uploads\/2024\/08\/1-4-18x12.jpg 18w, https:\/\/mobilitatechisinau.md\/wp-content\/uploads\/2024\/08\/1-4-524x350.jpg 524w, https:\/\/mobilitatechisinau.md\/wp-content\/uploads\/2024\/08\/1-4.jpg 1049w\" sizes=\"(max-width: 1024px) 100vw, 1024px\" \/><\/figure>\n\n\n\n<figure class=\"wp-block-image size-large\"><img decoding=\"async\" width=\"1024\" height=\"683\" data-id=\"12386\" src=\"https:\/\/mobilitatechisinau.md\/wp-content\/uploads\/2024\/08\/2-5-1024x683.jpg\" alt=\"\" class=\"wp-image-12386\" srcset=\"https:\/\/mobilitatechisinau.md\/wp-content\/uploads\/2024\/08\/2-5-1024x683.jpg 1024w, https:\/\/mobilitatechisinau.md\/wp-content\/uploads\/2024\/08\/2-5-300x200.jpg 300w, https:\/\/mobilitatechisinau.md\/wp-content\/uploads\/2024\/08\/2-5-768x512.jpg 768w, https:\/\/mobilitatechisinau.md\/wp-content\/uploads\/2024\/08\/2-5-18x12.jpg 18w, https:\/\/mobilitatechisinau.md\/wp-content\/uploads\/2024\/08\/2-5-524x350.jpg 524w, https:\/\/mobilitatechisinau.md\/wp-content\/uploads\/2024\/08\/2-5.jpg 1049w\" sizes=\"(max-width: 1024px) 100vw, 1024px\" \/><\/figure>\n\n\n\n<figure class=\"wp-block-image size-large\"><img decoding=\"async\" width=\"1024\" height=\"683\" data-id=\"12387\" src=\"https:\/\/mobilitatechisinau.md\/wp-content\/uploads\/2024\/08\/3-5-1024x683.jpg\" alt=\"\" class=\"wp-image-12387\" srcset=\"https:\/\/mobilitatechisinau.md\/wp-content\/uploads\/2024\/08\/3-5-1024x683.jpg 1024w, https:\/\/mobilitatechisinau.md\/wp-content\/uploads\/2024\/08\/3-5-300x200.jpg 300w, https:\/\/mobilitatechisinau.md\/wp-content\/uploads\/2024\/08\/3-5-768x512.jpg 768w, https:\/\/mobilitatechisinau.md\/wp-content\/uploads\/2024\/08\/3-5-18x12.jpg 18w, https:\/\/mobilitatechisinau.md\/wp-content\/uploads\/2024\/08\/3-5-524x350.jpg 524w, https:\/\/mobilitatechisinau.md\/wp-content\/uploads\/2024\/08\/3-5.jpg 1049w\" sizes=\"(max-width: 1024px) 100vw, 1024px\" \/><\/figure>\n\n\n\n<figure class=\"wp-block-image size-large\"><img loading=\"lazy\" decoding=\"async\" width=\"1024\" height=\"683\" data-id=\"12388\" src=\"https:\/\/mobilitatechisinau.md\/wp-content\/uploads\/2024\/08\/4-5-1024x683.jpg\" alt=\"\" class=\"wp-image-12388\" srcset=\"https:\/\/mobilitatechisinau.md\/wp-content\/uploads\/2024\/08\/4-5-1024x683.jpg 1024w, https:\/\/mobilitatechisinau.md\/wp-content\/uploads\/2024\/08\/4-5-300x200.jpg 300w, https:\/\/mobilitatechisinau.md\/wp-content\/uploads\/2024\/08\/4-5-768x512.jpg 768w, https:\/\/mobilitatechisinau.md\/wp-content\/uploads\/2024\/08\/4-5-18x12.jpg 18w, https:\/\/mobilitatechisinau.md\/wp-content\/uploads\/2024\/08\/4-5-524x350.jpg 524w, https:\/\/mobilitatechisinau.md\/wp-content\/uploads\/2024\/08\/4-5.jpg 1049w\" sizes=\"(max-width: 1024px) 100vw, 1024px\" \/><\/figure>\n\n\n\n<figure class=\"wp-block-image size-large\"><img loading=\"lazy\" decoding=\"async\" width=\"1024\" height=\"683\" data-id=\"12389\" src=\"https:\/\/mobilitatechisinau.md\/wp-content\/uploads\/2024\/08\/5-5-1024x683.jpg\" alt=\"\" class=\"wp-image-12389\" srcset=\"https:\/\/mobilitatechisinau.md\/wp-content\/uploads\/2024\/08\/5-5-1024x683.jpg 1024w, https:\/\/mobilitatechisinau.md\/wp-content\/uploads\/2024\/08\/5-5-300x200.jpg 300w, https:\/\/mobilitatechisinau.md\/wp-content\/uploads\/2024\/08\/5-5-768x512.jpg 768w, https:\/\/mobilitatechisinau.md\/wp-content\/uploads\/2024\/08\/5-5-18x12.jpg 18w, https:\/\/mobilitatechisinau.md\/wp-content\/uploads\/2024\/08\/5-5-524x350.jpg 524w, https:\/\/mobilitatechisinau.md\/wp-content\/uploads\/2024\/08\/5-5.jpg 1049w\" sizes=\"(max-width: 1024px) 100vw, 1024px\" \/><\/figure>\n\n\n\n<figure class=\"wp-block-image size-large\"><img loading=\"lazy\" decoding=\"async\" width=\"1024\" height=\"683\" data-id=\"12390\" src=\"https:\/\/mobilitatechisinau.md\/wp-content\/uploads\/2024\/08\/6-4-1024x683.jpg\" alt=\"\" class=\"wp-image-12390\" srcset=\"https:\/\/mobilitatechisinau.md\/wp-content\/uploads\/2024\/08\/6-4-1024x683.jpg 1024w, https:\/\/mobilitatechisinau.md\/wp-content\/uploads\/2024\/08\/6-4-300x200.jpg 300w, https:\/\/mobilitatechisinau.md\/wp-content\/uploads\/2024\/08\/6-4-768x512.jpg 768w, https:\/\/mobilitatechisinau.md\/wp-content\/uploads\/2024\/08\/6-4-18x12.jpg 18w, https:\/\/mobilitatechisinau.md\/wp-content\/uploads\/2024\/08\/6-4-524x350.jpg 524w, https:\/\/mobilitatechisinau.md\/wp-content\/uploads\/2024\/08\/6-4.jpg 1049w\" sizes=\"(max-width: 1024px) 100vw, 1024px\" \/><\/figure>\n<\/figure>\n","protected":false},"excerpt":{"rendered":"<p>Responsabilii municipali din cadrul Direc\u021biei Generale Mobilitate Urban\u0103, Parcului Urban de Autobuze \u0219i a Prim\u0103riei S\u00eengera au efectuat o nou\u0103 testare a traseului pe care se examineaz\u0103 lansarea unei rute noi de autobuz pentru locuitorii din ora\u0219ul S\u00eengera. Este vorba despre un nou itinerar ce va face leg\u0103tura dintre sectorul Centru al ora\u0219ului Chi\u0219in\u0103u cu [&hellip;]<\/p>\n","protected":false},"author":1,"featured_media":12384,"comment_status":"closed","ping_status":"open","sticky":false,"template":"","format":"standard","meta":{"footnotes":""},"categories":[92],"tags":[],"class_list":["post-12383","post","type-post","status-publish","format-standard","has-post-thumbnail","hentry","category-comunicate"],"yoast_head":"<!-- This site is optimized with the Yoast SEO plugin v23.9 - https:\/\/yoast.com\/wordpress\/plugins\/seo\/ -->\n<title>O nou\u0103 rut\u0103 de troleibuz ar putea fi lansat\u0103 pentru locuitorii ora\u0219ului S\u00e2ngera - mobilitatechisinau.md<\/title>\n<meta name=\"robots\" content=\"index, follow, max-snippet:-1, max-image-preview:large, max-video-preview:-1\" \/>\n<link rel=\"canonical\" href=\"https:\/\/mobilitatechisinau.md\/?p=12383\" \/>\n<meta property=\"og:locale\" content=\"ro_RO\" \/>\n<meta property=\"og:type\" content=\"article\" \/>\n<meta property=\"og:title\" content=\"O nou\u0103 rut\u0103 de troleibuz ar putea fi lansat\u0103 pentru locuitorii ora\u0219ului S\u00e2ngera - mobilitatechisinau.md\" \/>\n<meta property=\"og:description\" content=\"Responsabilii municipali din cadrul Direc\u021biei Generale Mobilitate Urban\u0103, Parcului Urban de Autobuze \u0219i a Prim\u0103riei S\u00eengera au efectuat o nou\u0103 testare a traseului pe care se examineaz\u0103 lansarea unei rute noi de autobuz pentru locuitorii din ora\u0219ul S\u00eengera. Este vorba despre un nou itinerar ce va face leg\u0103tura dintre sectorul Centru al ora\u0219ului Chi\u0219in\u0103u cu [&hellip;]\" \/>\n<meta property=\"og:url\" content=\"https:\/\/mobilitatechisinau.md\/?p=12383\" \/>\n<meta property=\"og:site_name\" content=\"mobilitatechisinau.md\" \/>\n<meta property=\"article:publisher\" content=\"https:\/\/www.facebook.com\/DGTPCC\" \/>\n<meta property=\"article:published_time\" content=\"2024-08-15T07:03:43+00:00\" \/>\n<meta property=\"article:modified_time\" content=\"2024-08-22T07:10:21+00:00\" \/>\n<meta property=\"og:image\" content=\"https:\/\/mobilitatechisinau.md\/wp-content\/uploads\/2024\/08\/Sangera.jpg\" \/>\n\t<meta property=\"og:image:width\" content=\"1200\" \/>\n\t<meta property=\"og:image:height\" content=\"700\" \/>\n\t<meta property=\"og:image:type\" content=\"image\/jpeg\" \/>\n<meta name=\"author\" content=\"dgtpcc.md\" \/>\n<meta name=\"twitter:card\" content=\"summary_large_image\" \/>\n<meta name=\"twitter:label1\" content=\"Scris de\" \/>\n\t<meta name=\"twitter:data1\" content=\"dgtpcc.md\" \/>\n\t<meta name=\"twitter:label2\" content=\"Timp estimat pentru citire\" \/>\n\t<meta name=\"twitter:data2\" content=\"3 minute\" \/>\n<script type=\"application\/ld+json\" class=\"yoast-schema-graph\">{\"@context\":\"https:\/\/schema.org\",\"@graph\":[{\"@type\":\"Article\",\"@id\":\"https:\/\/mobilitatechisinau.md\/?p=12383#article\",\"isPartOf\":{\"@id\":\"https:\/\/mobilitatechisinau.md\/?p=12383\"},\"author\":{\"name\":\"dgtpcc.md\",\"@id\":\"https:\/\/mobilitatechisinau.md\/#\/schema\/person\/c25d28ff5553bea759689e10224709c7\"},\"headline\":\"O nou\u0103 rut\u0103 de troleibuz ar putea fi lansat\u0103 pentru locuitorii ora\u0219ului S\u00e2ngera\",\"datePublished\":\"2024-08-15T07:03:43+00:00\",\"dateModified\":\"2024-08-22T07:10:21+00:00\",\"mainEntityOfPage\":{\"@id\":\"https:\/\/mobilitatechisinau.md\/?p=12383\"},\"wordCount\":264,\"publisher\":{\"@id\":\"https:\/\/mobilitatechisinau.md\/#organization\"},\"image\":{\"@id\":\"https:\/\/mobilitatechisinau.md\/?p=12383#primaryimage\"},\"thumbnailUrl\":\"https:\/\/mobilitatechisinau.md\/wp-content\/uploads\/2024\/08\/Sangera.jpg\",\"articleSection\":[\"Comunicate de pres\u0103\"],\"inLanguage\":\"ro-RO\"},{\"@type\":\"WebPage\",\"@id\":\"https:\/\/mobilitatechisinau.md\/?p=12383\",\"url\":\"https:\/\/mobilitatechisinau.md\/?p=12383\",\"name\":\"O nou\u0103 rut\u0103 de troleibuz ar putea fi lansat\u0103 pentru locuitorii ora\u0219ului S\u00e2ngera - mobilitatechisinau.md\",\"isPartOf\":{\"@id\":\"https:\/\/mobilitatechisinau.md\/#website\"},\"primaryImageOfPage\":{\"@id\":\"https:\/\/mobilitatechisinau.md\/?p=12383#primaryimage\"},\"image\":{\"@id\":\"https:\/\/mobilitatechisinau.md\/?p=12383#primaryimage\"},\"thumbnailUrl\":\"https:\/\/mobilitatechisinau.md\/wp-content\/uploads\/2024\/08\/Sangera.jpg\",\"datePublished\":\"2024-08-15T07:03:43+00:00\",\"dateModified\":\"2024-08-22T07:10:21+00:00\",\"breadcrumb\":{\"@id\":\"https:\/\/mobilitatechisinau.md\/?p=12383#breadcrumb\"},\"inLanguage\":\"ro-RO\",\"potentialAction\":[{\"@type\":\"ReadAction\",\"target\":[\"https:\/\/mobilitatechisinau.md\/?p=12383\"]}]},{\"@type\":\"ImageObject\",\"inLanguage\":\"ro-RO\",\"@id\":\"https:\/\/mobilitatechisinau.md\/?p=12383#primaryimage\",\"url\":\"https:\/\/mobilitatechisinau.md\/wp-content\/uploads\/2024\/08\/Sangera.jpg\",\"contentUrl\":\"https:\/\/mobilitatechisinau.md\/wp-content\/uploads\/2024\/08\/Sangera.jpg\",\"width\":1200,\"height\":700},{\"@type\":\"BreadcrumbList\",\"@id\":\"https:\/\/mobilitatechisinau.md\/?p=12383#breadcrumb\",\"itemListElement\":[{\"@type\":\"ListItem\",\"position\":1,\"name\":\"Prima pagin\u0103\",\"item\":\"https:\/\/mobilitatechisinau.md\/\"},{\"@type\":\"ListItem\",\"position\":2,\"name\":\"O nou\u0103 rut\u0103 de troleibuz ar putea fi lansat\u0103 pentru locuitorii ora\u0219ului S\u00e2ngera\"}]},{\"@type\":\"WebSite\",\"@id\":\"https:\/\/mobilitatechisinau.md\/#website\",\"url\":\"https:\/\/mobilitatechisinau.md\/\",\"name\":\"mobilitatechisinau.md\",\"description\":\"Direc\u0163ia General\u0103 Mobilitate Urban\u0103\",\"publisher\":{\"@id\":\"https:\/\/mobilitatechisinau.md\/#organization\"},\"potentialAction\":[{\"@type\":\"SearchAction\",\"target\":{\"@type\":\"EntryPoint\",\"urlTemplate\":\"https:\/\/mobilitatechisinau.md\/?s={search_term_string}\"},\"query-input\":{\"@type\":\"PropertyValueSpecification\",\"valueRequired\":true,\"valueName\":\"search_term_string\"}}],\"inLanguage\":\"ro-RO\"},{\"@type\":\"Organization\",\"@id\":\"https:\/\/mobilitatechisinau.md\/#organization\",\"name\":\"Direc\u0163ia general\u0103 transport public \u015fi c\u0103i de comunica\u0163ie\",\"url\":\"https:\/\/mobilitatechisinau.md\/\",\"logo\":{\"@type\":\"ImageObject\",\"inLanguage\":\"ro-RO\",\"@id\":\"https:\/\/mobilitatechisinau.md\/#\/schema\/logo\/image\/\",\"url\":\"https:\/\/dgtpcc.md\/wp-content\/uploads\/2022\/05\/DGTPCC-Chis\u0326ina\u0306u-new.jpg\",\"contentUrl\":\"https:\/\/dgtpcc.md\/wp-content\/uploads\/2022\/05\/DGTPCC-Chis\u0326ina\u0306u-new.jpg\",\"width\":304,\"height\":80,\"caption\":\"Direc\u0163ia general\u0103 transport public \u015fi c\u0103i de comunica\u0163ie\"},\"image\":{\"@id\":\"https:\/\/mobilitatechisinau.md\/#\/schema\/logo\/image\/\"},\"sameAs\":[\"https:\/\/www.facebook.com\/DGTPCC\"]},{\"@type\":\"Person\",\"@id\":\"https:\/\/mobilitatechisinau.md\/#\/schema\/person\/c25d28ff5553bea759689e10224709c7\",\"name\":\"dgtpcc.md\",\"image\":{\"@type\":\"ImageObject\",\"inLanguage\":\"ro-RO\",\"@id\":\"https:\/\/mobilitatechisinau.md\/#\/schema\/person\/image\/\",\"url\":\"https:\/\/secure.gravatar.com\/avatar\/9057a81ed6aa6c63f6d0d045749b3708fa15d612e3a388d9ac7b50072146c906?s=96&d=mm&r=g\",\"contentUrl\":\"https:\/\/secure.gravatar.com\/avatar\/9057a81ed6aa6c63f6d0d045749b3708fa15d612e3a388d9ac7b50072146c906?s=96&d=mm&r=g\",\"caption\":\"dgtpcc.md\"},\"sameAs\":[\"https:\/\/dgtpcc.md\"],\"url\":\"https:\/\/mobilitatechisinau.md\/?author=1\"}]}<\/script>\n<!-- \/ Yoast SEO plugin. -->","yoast_head_json":{"title":"O nou\u0103 rut\u0103 de troleibuz ar putea fi lansat\u0103 pentru locuitorii ora\u0219ului S\u00e2ngera - mobilitatechisinau.md","robots":{"index":"index","follow":"follow","max-snippet":"max-snippet:-1","max-image-preview":"max-image-preview:large","max-video-preview":"max-video-preview:-1"},"canonical":"https:\/\/mobilitatechisinau.md\/?p=12383","og_locale":"ro_RO","og_type":"article","og_title":"O nou\u0103 rut\u0103 de troleibuz ar putea fi lansat\u0103 pentru locuitorii ora\u0219ului S\u00e2ngera - mobilitatechisinau.md","og_description":"Responsabilii municipali din cadrul Direc\u021biei Generale Mobilitate Urban\u0103, Parcului Urban de Autobuze \u0219i a Prim\u0103riei S\u00eengera au efectuat o nou\u0103 testare a traseului pe care se examineaz\u0103 lansarea unei rute noi de autobuz pentru locuitorii din ora\u0219ul S\u00eengera. Este vorba despre un nou itinerar ce va face leg\u0103tura dintre sectorul Centru al ora\u0219ului Chi\u0219in\u0103u cu [&hellip;]","og_url":"https:\/\/mobilitatechisinau.md\/?p=12383","og_site_name":"mobilitatechisinau.md","article_publisher":"https:\/\/www.facebook.com\/DGTPCC","article_published_time":"2024-08-15T07:03:43+00:00","article_modified_time":"2024-08-22T07:10:21+00:00","og_image":[{"width":1200,"height":700,"url":"https:\/\/mobilitatechisinau.md\/wp-content\/uploads\/2024\/08\/Sangera.jpg","type":"image\/jpeg"}],"author":"dgtpcc.md","twitter_card":"summary_large_image","twitter_misc":{"Scris de":"dgtpcc.md","Timp estimat pentru citire":"3 minute"},"schema":{"@context":"https:\/\/schema.org","@graph":[{"@type":"Article","@id":"https:\/\/mobilitatechisinau.md\/?p=12383#article","isPartOf":{"@id":"https:\/\/mobilitatechisinau.md\/?p=12383"},"author":{"name":"dgtpcc.md","@id":"https:\/\/mobilitatechisinau.md\/#\/schema\/person\/c25d28ff5553bea759689e10224709c7"},"headline":"O nou\u0103 rut\u0103 de troleibuz ar putea fi lansat\u0103 pentru locuitorii ora\u0219ului S\u00e2ngera","datePublished":"2024-08-15T07:03:43+00:00","dateModified":"2024-08-22T07:10:21+00:00","mainEntityOfPage":{"@id":"https:\/\/mobilitatechisinau.md\/?p=12383"},"wordCount":264,"publisher":{"@id":"https:\/\/mobilitatechisinau.md\/#organization"},"image":{"@id":"https:\/\/mobilitatechisinau.md\/?p=12383#primaryimage"},"thumbnailUrl":"https:\/\/mobilitatechisinau.md\/wp-content\/uploads\/2024\/08\/Sangera.jpg","articleSection":["Comunicate de pres\u0103"],"inLanguage":"ro-RO"},{"@type":"WebPage","@id":"https:\/\/mobilitatechisinau.md\/?p=12383","url":"https:\/\/mobilitatechisinau.md\/?p=12383","name":"O nou\u0103 rut\u0103 de troleibuz ar putea fi lansat\u0103 pentru locuitorii ora\u0219ului S\u00e2ngera - mobilitatechisinau.md","isPartOf":{"@id":"https:\/\/mobilitatechisinau.md\/#website"},"primaryImageOfPage":{"@id":"https:\/\/mobilitatechisinau.md\/?p=12383#primaryimage"},"image":{"@id":"https:\/\/mobilitatechisinau.md\/?p=12383#primaryimage"},"thumbnailUrl":"https:\/\/mobilitatechisinau.md\/wp-content\/uploads\/2024\/08\/Sangera.jpg","datePublished":"2024-08-15T07:03:43+00:00","dateModified":"2024-08-22T07:10:21+00:00","breadcrumb":{"@id":"https:\/\/mobilitatechisinau.md\/?p=12383#breadcrumb"},"inLanguage":"ro-RO","potentialAction":[{"@type":"ReadAction","target":["https:\/\/mobilitatechisinau.md\/?p=12383"]}]},{"@type":"ImageObject","inLanguage":"ro-RO","@id":"https:\/\/mobilitatechisinau.md\/?p=12383#primaryimage","url":"https:\/\/mobilitatechisinau.md\/wp-content\/uploads\/2024\/08\/Sangera.jpg","contentUrl":"https:\/\/mobilitatechisinau.md\/wp-content\/uploads\/2024\/08\/Sangera.jpg","width":1200,"height":700},{"@type":"BreadcrumbList","@id":"https:\/\/mobilitatechisinau.md\/?p=12383#breadcrumb","itemListElement":[{"@type":"ListItem","position":1,"name":"Prima pagin\u0103","item":"https:\/\/mobilitatechisinau.md\/"},{"@type":"ListItem","position":2,"name":"O nou\u0103 rut\u0103 de troleibuz ar putea fi lansat\u0103 pentru locuitorii ora\u0219ului S\u00e2ngera"}]},{"@type":"WebSite","@id":"https:\/\/mobilitatechisinau.md\/#website","url":"https:\/\/mobilitatechisinau.md\/","name":"mobilitatechisinau.md","description":"Direc\u0163ia General\u0103 Mobilitate Urban\u0103","publisher":{"@id":"https:\/\/mobilitatechisinau.md\/#organization"},"potentialAction":[{"@type":"SearchAction","target":{"@type":"EntryPoint","urlTemplate":"https:\/\/mobilitatechisinau.md\/?s={search_term_string}"},"query-input":{"@type":"PropertyValueSpecification","valueRequired":true,"valueName":"search_term_string"}}],"inLanguage":"ro-RO"},{"@type":"Organization","@id":"https:\/\/mobilitatechisinau.md\/#organization","name":"Direc\u0163ia general\u0103 transport public \u015fi c\u0103i de comunica\u0163ie","url":"https:\/\/mobilitatechisinau.md\/","logo":{"@type":"ImageObject","inLanguage":"ro-RO","@id":"https:\/\/mobilitatechisinau.md\/#\/schema\/logo\/image\/","url":"https:\/\/dgtpcc.md\/wp-content\/uploads\/2022\/05\/DGTPCC-Chis\u0326ina\u0306u-new.jpg","contentUrl":"https:\/\/dgtpcc.md\/wp-content\/uploads\/2022\/05\/DGTPCC-Chis\u0326ina\u0306u-new.jpg","width":304,"height":80,"caption":"Direc\u0163ia general\u0103 transport public \u015fi c\u0103i de comunica\u0163ie"},"image":{"@id":"https:\/\/mobilitatechisinau.md\/#\/schema\/logo\/image\/"},"sameAs":["https:\/\/www.facebook.com\/DGTPCC"]},{"@type":"Person","@id":"https:\/\/mobilitatechisinau.md\/#\/schema\/person\/c25d28ff5553bea759689e10224709c7","name":"dgtpcc.md","image":{"@type":"ImageObject","inLanguage":"ro-RO","@id":"https:\/\/mobilitatechisinau.md\/#\/schema\/person\/image\/","url":"https:\/\/secure.gravatar.com\/avatar\/9057a81ed6aa6c63f6d0d045749b3708fa15d612e3a388d9ac7b50072146c906?s=96&d=mm&r=g","contentUrl":"https:\/\/secure.gravatar.com\/avatar\/9057a81ed6aa6c63f6d0d045749b3708fa15d612e3a388d9ac7b50072146c906?s=96&d=mm&r=g","caption":"dgtpcc.md"},"sameAs":["https:\/\/dgtpcc.md"],"url":"https:\/\/mobilitatechisinau.md\/?author=1"}]}},"_links":{"self":[{"href":"https:\/\/mobilitatechisinau.md\/index.php?rest_route=\/wp\/v2\/posts\/12383","targetHints":{"allow":["GET"]}}],"collection":[{"href":"https:\/\/mobilitatechisinau.md\/index.php?rest_route=\/wp\/v2\/posts"}],"about":[{"href":"https:\/\/mobilitatechisinau.md\/index.php?rest_route=\/wp\/v2\/types\/post"}],"author":[{"embeddable":true,"href":"https:\/\/mobilitatechisinau.md\/index.php?rest_route=\/wp\/v2\/users\/1"}],"replies":[{"embeddable":true,"href":"https:\/\/mobilitatechisinau.md\/index.php?rest_route=%2Fwp%2Fv2%2Fcomments&post=12383"}],"version-history":[{"count":0,"href":"https:\/\/mobilitatechisinau.md\/index.php?rest_route=\/wp\/v2\/posts\/12383\/revisions"}],"wp:featuredmedia":[{"embeddable":true,"href":"https:\/\/mobilitatechisinau.md\/index.php?rest_route=\/wp\/v2\/media\/12384"}],"wp:attachment":[{"href":"https:\/\/mobilitatechisinau.md\/index.php?rest_route=%2Fwp%2Fv2%2Fmedia&parent=12383"}],"wp:term":[{"taxonomy":"category","embeddable":true,"href":"https:\/\/mobilitatechisinau.md\/index.php?rest_route=%2Fwp%2Fv2%2Fcategories&post=12383"},{"taxonomy":"post_tag","embeddable":true,"href":"https:\/\/mobilitatechisinau.md\/index.php?rest_route=%2Fwp%2Fv2%2Ftags&post=12383"}],"curies":[{"name":"wp","href":"https:\/\/api.w.org\/{rel}","templated":true}]}}