{"id":12392,"date":"2024-08-22T09:22:21","date_gmt":"2024-08-22T07:22:21","guid":{"rendered":"https:\/\/mobilitatechisinau.md\/?p=12392"},"modified":"2024-08-22T09:22:24","modified_gmt":"2024-08-22T07:22:24","slug":"circulatia-transportului-public-in-perioada-26-29-august-2024","status":"publish","type":"post","link":"https:\/\/mobilitatechisinau.md\/?p=12392","title":{"rendered":"Circula\u021bia transportului public \u00een perioada 26-29 august 2024"},"content":{"rendered":"\n<p>Prim\u0103ria Municipiului Chi\u0219in\u0103u informeaz\u0103 c\u0103, \u00een perioada: 26 august, ora 00:00 \u2013 29 august, ora 07:00, a.c., circula\u021bia transportului public va fi suspendat\u0103 pe bd. \u0218tefan cel Mare \u0219i Sf\u00e2nt, \u00een perimetrul Pie\u021bei Marii Adun\u0103ri Na\u021bionale, \u00een leg\u0103tur\u0103 cu organizarea de c\u0103tre Guvernul Republicii Moldova a manifest\u0103rilor cultural-artistice consacrate Zilei Independen\u021bei.<\/p>\n\n\n\n<p>Astfel, \u00een perioada men\u021bionat\u0103, circula\u021bia rutier\u0103 va fi sistat\u0103 pe bd. \u0218tefan cel Mare \u0219i Sf\u00e2nt, tronsonul cuprins \u00eentre str. Mitropolit G. B\u0103nulescu \u2013 Bodoni \u0219i str. A. Pu\u0219kin, iar transportului public (troleibuze \u0219i autobuze), care traverseaz\u0103 PMAN, va fi redirec\u021bionat de pe bd. \u015etefan cel Mare \u015fi Sf\u00e2nt pe str\u0103zile adiacente.\u00a0<\/p>\n\n\n\n<p>Conduc\u0103torii auto care traverseaz\u0103 cartierele unde este anun\u021bat\u0103 suspendare de trafic rutier sunt \u00eendemna\u021bi s\u0103 ocoleasc\u0103 zona respectiv\u0103.<\/p>\n\n\n\n<p>Prim\u0103ria Municipiului Chi\u0219in\u0103u vine cu scuzele de rigoare c\u0103tre cet\u0103\u021benii urbei pentru incomodit\u0103\u021bile create.<\/p>\n\n\n\n<figure class=\"wp-block-gallery has-nested-images columns-default is-cropped wp-block-gallery-1 is-layout-flex wp-block-gallery-is-layout-flex\">\n<figure class=\"wp-block-image size-large\"><img fetchpriority=\"high\" decoding=\"async\" width=\"933\" height=\"700\" data-id=\"12394\" src=\"https:\/\/mobilitatechisinau.md\/wp-content\/uploads\/2024\/08\/1-5.jpg\" alt=\"\" class=\"wp-image-12394\" srcset=\"https:\/\/mobilitatechisinau.md\/wp-content\/uploads\/2024\/08\/1-5.jpg 933w, https:\/\/mobilitatechisinau.md\/wp-content\/uploads\/2024\/08\/1-5-300x225.jpg 300w, https:\/\/mobilitatechisinau.md\/wp-content\/uploads\/2024\/08\/1-5-768x576.jpg 768w, https:\/\/mobilitatechisinau.md\/wp-content\/uploads\/2024\/08\/1-5-16x12.jpg 16w, https:\/\/mobilitatechisinau.md\/wp-content\/uploads\/2024\/08\/1-5-466x350.jpg 466w\" sizes=\"(max-width: 933px) 100vw, 933px\" \/><\/figure>\n\n\n\n<figure class=\"wp-block-image size-large\"><img decoding=\"async\" width=\"933\" height=\"700\" data-id=\"12395\" src=\"https:\/\/mobilitatechisinau.md\/wp-content\/uploads\/2024\/08\/2-6.jpg\" alt=\"\" class=\"wp-image-12395\" srcset=\"https:\/\/mobilitatechisinau.md\/wp-content\/uploads\/2024\/08\/2-6.jpg 933w, https:\/\/mobilitatechisinau.md\/wp-content\/uploads\/2024\/08\/2-6-300x225.jpg 300w, https:\/\/mobilitatechisinau.md\/wp-content\/uploads\/2024\/08\/2-6-768x576.jpg 768w, https:\/\/mobilitatechisinau.md\/wp-content\/uploads\/2024\/08\/2-6-16x12.jpg 16w, https:\/\/mobilitatechisinau.md\/wp-content\/uploads\/2024\/08\/2-6-466x350.jpg 466w\" sizes=\"(max-width: 933px) 100vw, 933px\" \/><\/figure>\n\n\n\n<figure class=\"wp-block-image size-large\"><img decoding=\"async\" width=\"933\" height=\"700\" data-id=\"12396\" src=\"https:\/\/mobilitatechisinau.md\/wp-content\/uploads\/2024\/08\/3-6.jpg\" alt=\"\" class=\"wp-image-12396\" srcset=\"https:\/\/mobilitatechisinau.md\/wp-content\/uploads\/2024\/08\/3-6.jpg 933w, https:\/\/mobilitatechisinau.md\/wp-content\/uploads\/2024\/08\/3-6-300x225.jpg 300w, https:\/\/mobilitatechisinau.md\/wp-content\/uploads\/2024\/08\/3-6-768x576.jpg 768w, https:\/\/mobilitatechisinau.md\/wp-content\/uploads\/2024\/08\/3-6-16x12.jpg 16w, https:\/\/mobilitatechisinau.md\/wp-content\/uploads\/2024\/08\/3-6-466x350.jpg 466w\" sizes=\"(max-width: 933px) 100vw, 933px\" \/><\/figure>\n\n\n\n<figure class=\"wp-block-image size-large\"><img loading=\"lazy\" decoding=\"async\" width=\"1024\" height=\"424\" data-id=\"12397\" src=\"https:\/\/mobilitatechisinau.md\/wp-content\/uploads\/2024\/08\/5-6-1024x424.jpg\" alt=\"\" class=\"wp-image-12397\" srcset=\"https:\/\/mobilitatechisinau.md\/wp-content\/uploads\/2024\/08\/5-6-1024x424.jpg 1024w, https:\/\/mobilitatechisinau.md\/wp-content\/uploads\/2024\/08\/5-6-300x124.jpg 300w, https:\/\/mobilitatechisinau.md\/wp-content\/uploads\/2024\/08\/5-6-768x318.jpg 768w, https:\/\/mobilitatechisinau.md\/wp-content\/uploads\/2024\/08\/5-6-18x7.jpg 18w, https:\/\/mobilitatechisinau.md\/wp-content\/uploads\/2024\/08\/5-6-600x248.jpg 600w, https:\/\/mobilitatechisinau.md\/wp-content\/uploads\/2024\/08\/5-6.jpg 1200w\" sizes=\"(max-width: 1024px) 100vw, 1024px\" \/><\/figure>\n<\/figure>\n","protected":false},"excerpt":{"rendered":"<p>Prim\u0103ria Municipiului Chi\u0219in\u0103u informeaz\u0103 c\u0103, \u00een perioada: 26 august, ora 00:00 \u2013 29 august, ora 07:00, a.c., circula\u021bia transportului public va fi suspendat\u0103 pe bd. \u0218tefan cel Mare \u0219i Sf\u00e2nt, \u00een perimetrul Pie\u021bei Marii Adun\u0103ri Na\u021bionale, \u00een leg\u0103tur\u0103 cu organizarea de c\u0103tre Guvernul Republicii Moldova a manifest\u0103rilor cultural-artistice consacrate Zilei Independen\u021bei. Astfel, \u00een perioada men\u021bionat\u0103, [&hellip;]<\/p>\n","protected":false},"author":1,"featured_media":12393,"comment_status":"closed","ping_status":"open","sticky":false,"template":"","format":"standard","meta":{"footnotes":""},"categories":[92],"tags":[],"class_list":["post-12392","post","type-post","status-publish","format-standard","has-post-thumbnail","hentry","category-comunicate"],"yoast_head":"<!-- This site is optimized with the Yoast SEO plugin v23.9 - https:\/\/yoast.com\/wordpress\/plugins\/seo\/ -->\n<title>Circula\u021bia transportului public \u00een perioada 26-29 august 2024 - mobilitatechisinau.md<\/title>\n<meta name=\"robots\" content=\"index, follow, max-snippet:-1, max-image-preview:large, max-video-preview:-1\" \/>\n<link rel=\"canonical\" href=\"https:\/\/mobilitatechisinau.md\/?p=12392\" \/>\n<meta property=\"og:locale\" content=\"ro_RO\" \/>\n<meta property=\"og:type\" content=\"article\" \/>\n<meta property=\"og:title\" content=\"Circula\u021bia transportului public \u00een perioada 26-29 august 2024 - mobilitatechisinau.md\" \/>\n<meta property=\"og:description\" content=\"Prim\u0103ria Municipiului Chi\u0219in\u0103u informeaz\u0103 c\u0103, \u00een perioada: 26 august, ora 00:00 \u2013 29 august, ora 07:00, a.c., circula\u021bia transportului public va fi suspendat\u0103 pe bd. \u0218tefan cel Mare \u0219i Sf\u00e2nt, \u00een perimetrul Pie\u021bei Marii Adun\u0103ri Na\u021bionale, \u00een leg\u0103tur\u0103 cu organizarea de c\u0103tre Guvernul Republicii Moldova a manifest\u0103rilor cultural-artistice consacrate Zilei Independen\u021bei. Astfel, \u00een perioada men\u021bionat\u0103, [&hellip;]\" \/>\n<meta property=\"og:url\" content=\"https:\/\/mobilitatechisinau.md\/?p=12392\" \/>\n<meta property=\"og:site_name\" content=\"mobilitatechisinau.md\" \/>\n<meta property=\"article:publisher\" content=\"https:\/\/www.facebook.com\/DGTPCC\" \/>\n<meta property=\"article:published_time\" content=\"2024-08-22T07:22:21+00:00\" \/>\n<meta property=\"article:modified_time\" content=\"2024-08-22T07:22:24+00:00\" \/>\n<meta property=\"og:image\" content=\"https:\/\/mobilitatechisinau.md\/wp-content\/uploads\/2024\/08\/august.jpg\" \/>\n\t<meta property=\"og:image:width\" content=\"1200\" \/>\n\t<meta property=\"og:image:height\" content=\"700\" \/>\n\t<meta property=\"og:image:type\" content=\"image\/jpeg\" \/>\n<meta name=\"author\" content=\"dgtpcc.md\" \/>\n<meta name=\"twitter:card\" content=\"summary_large_image\" \/>\n<meta name=\"twitter:label1\" content=\"Scris de\" \/>\n\t<meta name=\"twitter:data1\" content=\"dgtpcc.md\" \/>\n\t<meta name=\"twitter:label2\" content=\"Timp estimat pentru citire\" \/>\n\t<meta name=\"twitter:data2\" content=\"2 minute\" \/>\n<script type=\"application\/ld+json\" class=\"yoast-schema-graph\">{\"@context\":\"https:\/\/schema.org\",\"@graph\":[{\"@type\":\"Article\",\"@id\":\"https:\/\/mobilitatechisinau.md\/?p=12392#article\",\"isPartOf\":{\"@id\":\"https:\/\/mobilitatechisinau.md\/?p=12392\"},\"author\":{\"name\":\"dgtpcc.md\",\"@id\":\"https:\/\/mobilitatechisinau.md\/#\/schema\/person\/c25d28ff5553bea759689e10224709c7\"},\"headline\":\"Circula\u021bia transportului public \u00een perioada 26-29 august 2024\",\"datePublished\":\"2024-08-22T07:22:21+00:00\",\"dateModified\":\"2024-08-22T07:22:24+00:00\",\"mainEntityOfPage\":{\"@id\":\"https:\/\/mobilitatechisinau.md\/?p=12392\"},\"wordCount\":167,\"publisher\":{\"@id\":\"https:\/\/mobilitatechisinau.md\/#organization\"},\"image\":{\"@id\":\"https:\/\/mobilitatechisinau.md\/?p=12392#primaryimage\"},\"thumbnailUrl\":\"https:\/\/mobilitatechisinau.md\/wp-content\/uploads\/2024\/08\/august.jpg\",\"articleSection\":[\"Comunicate de pres\u0103\"],\"inLanguage\":\"ro-RO\"},{\"@type\":\"WebPage\",\"@id\":\"https:\/\/mobilitatechisinau.md\/?p=12392\",\"url\":\"https:\/\/mobilitatechisinau.md\/?p=12392\",\"name\":\"Circula\u021bia transportului public \u00een perioada 26-29 august 2024 - mobilitatechisinau.md\",\"isPartOf\":{\"@id\":\"https:\/\/mobilitatechisinau.md\/#website\"},\"primaryImageOfPage\":{\"@id\":\"https:\/\/mobilitatechisinau.md\/?p=12392#primaryimage\"},\"image\":{\"@id\":\"https:\/\/mobilitatechisinau.md\/?p=12392#primaryimage\"},\"thumbnailUrl\":\"https:\/\/mobilitatechisinau.md\/wp-content\/uploads\/2024\/08\/august.jpg\",\"datePublished\":\"2024-08-22T07:22:21+00:00\",\"dateModified\":\"2024-08-22T07:22:24+00:00\",\"breadcrumb\":{\"@id\":\"https:\/\/mobilitatechisinau.md\/?p=12392#breadcrumb\"},\"inLanguage\":\"ro-RO\",\"potentialAction\":[{\"@type\":\"ReadAction\",\"target\":[\"https:\/\/mobilitatechisinau.md\/?p=12392\"]}]},{\"@type\":\"ImageObject\",\"inLanguage\":\"ro-RO\",\"@id\":\"https:\/\/mobilitatechisinau.md\/?p=12392#primaryimage\",\"url\":\"https:\/\/mobilitatechisinau.md\/wp-content\/uploads\/2024\/08\/august.jpg\",\"contentUrl\":\"https:\/\/mobilitatechisinau.md\/wp-content\/uploads\/2024\/08\/august.jpg\",\"width\":1200,\"height\":700},{\"@type\":\"BreadcrumbList\",\"@id\":\"https:\/\/mobilitatechisinau.md\/?p=12392#breadcrumb\",\"itemListElement\":[{\"@type\":\"ListItem\",\"position\":1,\"name\":\"Prima pagin\u0103\",\"item\":\"https:\/\/mobilitatechisinau.md\/\"},{\"@type\":\"ListItem\",\"position\":2,\"name\":\"Circula\u021bia transportului public \u00een perioada 26-29 august 2024\"}]},{\"@type\":\"WebSite\",\"@id\":\"https:\/\/mobilitatechisinau.md\/#website\",\"url\":\"https:\/\/mobilitatechisinau.md\/\",\"name\":\"mobilitatechisinau.md\",\"description\":\"Direc\u0163ia General\u0103 Mobilitate Urban\u0103\",\"publisher\":{\"@id\":\"https:\/\/mobilitatechisinau.md\/#organization\"},\"potentialAction\":[{\"@type\":\"SearchAction\",\"target\":{\"@type\":\"EntryPoint\",\"urlTemplate\":\"https:\/\/mobilitatechisinau.md\/?s={search_term_string}\"},\"query-input\":{\"@type\":\"PropertyValueSpecification\",\"valueRequired\":true,\"valueName\":\"search_term_string\"}}],\"inLanguage\":\"ro-RO\"},{\"@type\":\"Organization\",\"@id\":\"https:\/\/mobilitatechisinau.md\/#organization\",\"name\":\"Direc\u0163ia general\u0103 transport public \u015fi c\u0103i de comunica\u0163ie\",\"url\":\"https:\/\/mobilitatechisinau.md\/\",\"logo\":{\"@type\":\"ImageObject\",\"inLanguage\":\"ro-RO\",\"@id\":\"https:\/\/mobilitatechisinau.md\/#\/schema\/logo\/image\/\",\"url\":\"https:\/\/dgtpcc.md\/wp-content\/uploads\/2022\/05\/DGTPCC-Chis\u0326ina\u0306u-new.jpg\",\"contentUrl\":\"https:\/\/dgtpcc.md\/wp-content\/uploads\/2022\/05\/DGTPCC-Chis\u0326ina\u0306u-new.jpg\",\"width\":304,\"height\":80,\"caption\":\"Direc\u0163ia general\u0103 transport public \u015fi c\u0103i de comunica\u0163ie\"},\"image\":{\"@id\":\"https:\/\/mobilitatechisinau.md\/#\/schema\/logo\/image\/\"},\"sameAs\":[\"https:\/\/www.facebook.com\/DGTPCC\"]},{\"@type\":\"Person\",\"@id\":\"https:\/\/mobilitatechisinau.md\/#\/schema\/person\/c25d28ff5553bea759689e10224709c7\",\"name\":\"dgtpcc.md\",\"image\":{\"@type\":\"ImageObject\",\"inLanguage\":\"ro-RO\",\"@id\":\"https:\/\/mobilitatechisinau.md\/#\/schema\/person\/image\/\",\"url\":\"https:\/\/secure.gravatar.com\/avatar\/9057a81ed6aa6c63f6d0d045749b3708fa15d612e3a388d9ac7b50072146c906?s=96&d=mm&r=g\",\"contentUrl\":\"https:\/\/secure.gravatar.com\/avatar\/9057a81ed6aa6c63f6d0d045749b3708fa15d612e3a388d9ac7b50072146c906?s=96&d=mm&r=g\",\"caption\":\"dgtpcc.md\"},\"sameAs\":[\"https:\/\/dgtpcc.md\"],\"url\":\"https:\/\/mobilitatechisinau.md\/?author=1\"}]}<\/script>\n<!-- \/ Yoast SEO plugin. -->","yoast_head_json":{"title":"Circula\u021bia transportului public \u00een perioada 26-29 august 2024 - mobilitatechisinau.md","robots":{"index":"index","follow":"follow","max-snippet":"max-snippet:-1","max-image-preview":"max-image-preview:large","max-video-preview":"max-video-preview:-1"},"canonical":"https:\/\/mobilitatechisinau.md\/?p=12392","og_locale":"ro_RO","og_type":"article","og_title":"Circula\u021bia transportului public \u00een perioada 26-29 august 2024 - mobilitatechisinau.md","og_description":"Prim\u0103ria Municipiului Chi\u0219in\u0103u informeaz\u0103 c\u0103, \u00een perioada: 26 august, ora 00:00 \u2013 29 august, ora 07:00, a.c., circula\u021bia transportului public va fi suspendat\u0103 pe bd. \u0218tefan cel Mare \u0219i Sf\u00e2nt, \u00een perimetrul Pie\u021bei Marii Adun\u0103ri Na\u021bionale, \u00een leg\u0103tur\u0103 cu organizarea de c\u0103tre Guvernul Republicii Moldova a manifest\u0103rilor cultural-artistice consacrate Zilei Independen\u021bei. Astfel, \u00een perioada men\u021bionat\u0103, [&hellip;]","og_url":"https:\/\/mobilitatechisinau.md\/?p=12392","og_site_name":"mobilitatechisinau.md","article_publisher":"https:\/\/www.facebook.com\/DGTPCC","article_published_time":"2024-08-22T07:22:21+00:00","article_modified_time":"2024-08-22T07:22:24+00:00","og_image":[{"width":1200,"height":700,"url":"https:\/\/mobilitatechisinau.md\/wp-content\/uploads\/2024\/08\/august.jpg","type":"image\/jpeg"}],"author":"dgtpcc.md","twitter_card":"summary_large_image","twitter_misc":{"Scris de":"dgtpcc.md","Timp estimat pentru citire":"2 minute"},"schema":{"@context":"https:\/\/schema.org","@graph":[{"@type":"Article","@id":"https:\/\/mobilitatechisinau.md\/?p=12392#article","isPartOf":{"@id":"https:\/\/mobilitatechisinau.md\/?p=12392"},"author":{"name":"dgtpcc.md","@id":"https:\/\/mobilitatechisinau.md\/#\/schema\/person\/c25d28ff5553bea759689e10224709c7"},"headline":"Circula\u021bia transportului public \u00een perioada 26-29 august 2024","datePublished":"2024-08-22T07:22:21+00:00","dateModified":"2024-08-22T07:22:24+00:00","mainEntityOfPage":{"@id":"https:\/\/mobilitatechisinau.md\/?p=12392"},"wordCount":167,"publisher":{"@id":"https:\/\/mobilitatechisinau.md\/#organization"},"image":{"@id":"https:\/\/mobilitatechisinau.md\/?p=12392#primaryimage"},"thumbnailUrl":"https:\/\/mobilitatechisinau.md\/wp-content\/uploads\/2024\/08\/august.jpg","articleSection":["Comunicate de pres\u0103"],"inLanguage":"ro-RO"},{"@type":"WebPage","@id":"https:\/\/mobilitatechisinau.md\/?p=12392","url":"https:\/\/mobilitatechisinau.md\/?p=12392","name":"Circula\u021bia transportului public \u00een perioada 26-29 august 2024 - mobilitatechisinau.md","isPartOf":{"@id":"https:\/\/mobilitatechisinau.md\/#website"},"primaryImageOfPage":{"@id":"https:\/\/mobilitatechisinau.md\/?p=12392#primaryimage"},"image":{"@id":"https:\/\/mobilitatechisinau.md\/?p=12392#primaryimage"},"thumbnailUrl":"https:\/\/mobilitatechisinau.md\/wp-content\/uploads\/2024\/08\/august.jpg","datePublished":"2024-08-22T07:22:21+00:00","dateModified":"2024-08-22T07:22:24+00:00","breadcrumb":{"@id":"https:\/\/mobilitatechisinau.md\/?p=12392#breadcrumb"},"inLanguage":"ro-RO","potentialAction":[{"@type":"ReadAction","target":["https:\/\/mobilitatechisinau.md\/?p=12392"]}]},{"@type":"ImageObject","inLanguage":"ro-RO","@id":"https:\/\/mobilitatechisinau.md\/?p=12392#primaryimage","url":"https:\/\/mobilitatechisinau.md\/wp-content\/uploads\/2024\/08\/august.jpg","contentUrl":"https:\/\/mobilitatechisinau.md\/wp-content\/uploads\/2024\/08\/august.jpg","width":1200,"height":700},{"@type":"BreadcrumbList","@id":"https:\/\/mobilitatechisinau.md\/?p=12392#breadcrumb","itemListElement":[{"@type":"ListItem","position":1,"name":"Prima pagin\u0103","item":"https:\/\/mobilitatechisinau.md\/"},{"@type":"ListItem","position":2,"name":"Circula\u021bia transportului public \u00een perioada 26-29 august 2024"}]},{"@type":"WebSite","@id":"https:\/\/mobilitatechisinau.md\/#website","url":"https:\/\/mobilitatechisinau.md\/","name":"mobilitatechisinau.md","description":"Direc\u0163ia General\u0103 Mobilitate Urban\u0103","publisher":{"@id":"https:\/\/mobilitatechisinau.md\/#organization"},"potentialAction":[{"@type":"SearchAction","target":{"@type":"EntryPoint","urlTemplate":"https:\/\/mobilitatechisinau.md\/?s={search_term_string}"},"query-input":{"@type":"PropertyValueSpecification","valueRequired":true,"valueName":"search_term_string"}}],"inLanguage":"ro-RO"},{"@type":"Organization","@id":"https:\/\/mobilitatechisinau.md\/#organization","name":"Direc\u0163ia general\u0103 transport public \u015fi c\u0103i de comunica\u0163ie","url":"https:\/\/mobilitatechisinau.md\/","logo":{"@type":"ImageObject","inLanguage":"ro-RO","@id":"https:\/\/mobilitatechisinau.md\/#\/schema\/logo\/image\/","url":"https:\/\/dgtpcc.md\/wp-content\/uploads\/2022\/05\/DGTPCC-Chis\u0326ina\u0306u-new.jpg","contentUrl":"https:\/\/dgtpcc.md\/wp-content\/uploads\/2022\/05\/DGTPCC-Chis\u0326ina\u0306u-new.jpg","width":304,"height":80,"caption":"Direc\u0163ia general\u0103 transport public \u015fi c\u0103i de comunica\u0163ie"},"image":{"@id":"https:\/\/mobilitatechisinau.md\/#\/schema\/logo\/image\/"},"sameAs":["https:\/\/www.facebook.com\/DGTPCC"]},{"@type":"Person","@id":"https:\/\/mobilitatechisinau.md\/#\/schema\/person\/c25d28ff5553bea759689e10224709c7","name":"dgtpcc.md","image":{"@type":"ImageObject","inLanguage":"ro-RO","@id":"https:\/\/mobilitatechisinau.md\/#\/schema\/person\/image\/","url":"https:\/\/secure.gravatar.com\/avatar\/9057a81ed6aa6c63f6d0d045749b3708fa15d612e3a388d9ac7b50072146c906?s=96&d=mm&r=g","contentUrl":"https:\/\/secure.gravatar.com\/avatar\/9057a81ed6aa6c63f6d0d045749b3708fa15d612e3a388d9ac7b50072146c906?s=96&d=mm&r=g","caption":"dgtpcc.md"},"sameAs":["https:\/\/dgtpcc.md"],"url":"https:\/\/mobilitatechisinau.md\/?author=1"}]}},"_links":{"self":[{"href":"https:\/\/mobilitatechisinau.md\/index.php?rest_route=\/wp\/v2\/posts\/12392","targetHints":{"allow":["GET"]}}],"collection":[{"href":"https:\/\/mobilitatechisinau.md\/index.php?rest_route=\/wp\/v2\/posts"}],"about":[{"href":"https:\/\/mobilitatechisinau.md\/index.php?rest_route=\/wp\/v2\/types\/post"}],"author":[{"embeddable":true,"href":"https:\/\/mobilitatechisinau.md\/index.php?rest_route=\/wp\/v2\/users\/1"}],"replies":[{"embeddable":true,"href":"https:\/\/mobilitatechisinau.md\/index.php?rest_route=%2Fwp%2Fv2%2Fcomments&post=12392"}],"version-history":[{"count":0,"href":"https:\/\/mobilitatechisinau.md\/index.php?rest_route=\/wp\/v2\/posts\/12392\/revisions"}],"wp:featuredmedia":[{"embeddable":true,"href":"https:\/\/mobilitatechisinau.md\/index.php?rest_route=\/wp\/v2\/media\/12393"}],"wp:attachment":[{"href":"https:\/\/mobilitatechisinau.md\/index.php?rest_route=%2Fwp%2Fv2%2Fmedia&parent=12392"}],"wp:term":[{"taxonomy":"category","embeddable":true,"href":"https:\/\/mobilitatechisinau.md\/index.php?rest_route=%2Fwp%2Fv2%2Fcategories&post=12392"},{"taxonomy":"post_tag","embeddable":true,"href":"https:\/\/mobilitatechisinau.md\/index.php?rest_route=%2Fwp%2Fv2%2Ftags&post=12392"}],"curies":[{"name":"wp","href":"https:\/\/api.w.org\/{rel}","templated":true}]}}