{"id":12578,"date":"2024-08-26T22:22:40","date_gmt":"2024-08-26T20:22:40","guid":{"rendered":"https:\/\/mobilitatechisinau.md\/?p=12578"},"modified":"2024-08-26T22:22:46","modified_gmt":"2024-08-26T20:22:46","slug":"in-perioada-19-25-august-2024-i-m-regia-exdrupo-a-executat-lucrari-de-reparatie-si-intretinere-a-drumurilor-publice-municipale-in-toate-sectoarele-orasului","status":"publish","type":"post","link":"https:\/\/mobilitatechisinau.md\/?p=12578","title":{"rendered":"\u00cen perioada 19 \u2013 25 august 2024, \u00ce.M. Regia \u201eExdrupo\u201d a executat lucr\u0103ri de repara\u021bie \u0219i \u00eentre\u021binere a drumurilor publice municipale \u00een toate sectoarele ora\u0219ului"},"content":{"rendered":"\n<p>Astfel, pe bd. Decebal au fost executate asfalt\u0103ri \u00een volum circa 7 000 m.p. \u0219i frez\u0103ri a asfaltului uzat, \u00een s\u0103pt\u0103m\u00e2na urm\u0103toare urm\u00e2nd a fi depuse toate eforturile pentru a finaliza acest tronson, dup\u0103 care s\u0103 fie aplicate marcajele rutiere.<\/p>\n\n\n\n<p>Tot aici, \u00een intersec\u021bia bd. Decebal cu str\u0103zile Trandafirilor \u0219i Sarmizegetusa, au avut loc \u0219i continu\u0103 lucr\u0103rile de reorganizare a circula\u021biei rutiere, prin ac\u021biuni de pozare a cablurilor, pilonilor \u0219i semafoarelor pentru dirijarea transportului \u0219i pentru pietoni, dar \u0219i prin amenajarea insulelor de canalizare a traficului.<\/p>\n\n\n\n<p>Dup\u0103 finalizarea tuturor lucr\u0103rilor la partea de drum \u0219i trotuare, pe bulevard urmeaz\u0103 a fi modernizat iluminatul stradal, obiectiv propus pentru primele s\u0103pt\u0103m\u00e2ni ale lunii septembrie.<\/p>\n\n\n\n<p>\u00cen acela\u0219i timp, pe str. Ciuflea, au fost \u00eencheiate ac\u021biunile preg\u0103titoare pentru asfaltarea carosabilului, astfel, c\u0103 \u00eencep\u00e2nd cu noaptea trecut\u0103, a \u00eenceput aplicarea straturilor de asfalt pe \u00eentreag\u0103 por\u021biune de drum.<\/p>\n\n\n\n<p>La fel, pe str. \u0218tefan Neaga, au continuat lucr\u0103rile de asfaltare pe partea carosabil\u0103, dar \u0219i la trotuare, aceste ac\u021biuni urm\u00e2nd a fi finalizate p\u00e2n\u0103 a sf\u00e2r\u0219itul s\u0103pt\u0103m\u00e2nii curente.<\/p>\n\n\n\n<p>\u00cen zona sensului giratoriu Visterniceni (intersec\u021bia str\u0103zilor Calea Orheiului &#8211; Calea Mo\u0219ilor &#8211; Petricani) s-a lucrat la reabilitarea a trotuarelor, prin compactarea pietri\u0219ului \u0219i a\u0219ternerea asfaltului. Ulterior, va fi frezat asfaltul uzat din jurul sensului giratoriu \u0219i asfaltat integral, pe o suprafa\u021b\u0103 total\u0103 de 13 000 m.p.<\/p>\n\n\n\n<p>De asemenea, la rondul din intersec\u021bia str\u0103zilor Calea Orheiului \u0219i Rena\u0219terii Na\u021bionale, au fost ini\u021biate ac\u021biunile de repara\u021bie a carosabilului, prin frezarea \u00eenveli\u0219ului asfaltic vechi, preg\u0103tindu-l pentru asfaltare. Suprafa\u021ba de interven\u021bii dep\u0103\u0219e\u0219te 9 500 m.p.<\/p>\n\n\n\n<p>\u00cen s\u0103pt\u0103m\u00e2na precedent\u0103 s-a lucrat \u0219i la \u00eentre\u021binerea sistemului de canalizare pluvial\u0103, fiind reparate 86 elemente ale re\u021belei, prin instalarea grilajelor, f\u00e2nt\u00e2nilor, montarea elementelor de beton \u0219i a capacelor din font\u0103.<\/p>\n\n\n\n<p>Pentru sporirea siguran\u021bei \u00een trafic, \u00een perioada de referin\u021b\u0103, au fost aplicate marcaje rutiere transversale, longitudinale \u0219i cele de culoare galben\u0103 \u00een zonele de sta\u021bionare a transportului public, pe mai mute str\u0103zi, pe o arie total\u0103 de peste 2 150 m.p. S-a lucrat cu prioritate la \u00eennoirea marcajelor la trecerile de pietoni din apropierea institu\u021biilor educa\u021bionale, pentru a crea o infrastructur\u0103 sigur\u0103 de deplasare pentru copii c\u0103tre \u0219coli \u0219i gr\u0103dini\u021be.<\/p>\n\n\n\n<p>Pe de alt\u0103 parte, agentul economic contractat de Direc\u021bia General\u0103 Mobilitate Urban\u0103 (DGMU), a efectuat marcaje acrilice \u0219i din plastic rece structurat pe bd. Rena\u0219terii Na\u021bionale, dar \u0219i pe bd. Decebal, unde a fost ini\u021biat\u0103 aplicarea covoarelor ro\u0219ii la trecerile pietonale, pe segmentul de drum proasp\u0103t reabilitat.<\/p>\n\n\n\n<p>Totodat\u0103, circa 100 indicatoare rutiere au fost reparate sau \u00eentre\u021binute \u00een toate sectoarele ora\u0219ului, iar alte 73 unit\u0103\u021bi au fost noi instalate.<\/p>\n\n\n\n<p>Pentru a proteja \u00eenveli\u0219ul asfaltic al drumurilor publice, date fiind temperaturile caniculare de s\u0103pt\u0103m\u00e2na trecut\u0103, \u00een perioada de referin\u021b\u0103 au fost stropite 46 str\u0103zi principale din toate sectoarele ora\u0219ului.<\/p>\n\n\n\n<p>De r\u00e2nd cu lucr\u0103rile de \u00eentre\u021binere curent\u0103, realizate de Regia \u201eExdrupo\u201d, au fost realizate ac\u021biuni de reabilitare a infrastructurii rutiere, \u00een cadrul proiectelor contractate de Direc\u021bia General\u0103 Mobilitate Urban\u0103. Astfel, pe bd. Moscova a finalizat procesul de aplicare a tratamentului bituminos Slurry Seal, acelea\u0219i lucr\u0103ri urm\u00e2nd a fi demarate pe str. Bogdan voievod, unde \u00een prezent sunt pe ultima sut\u0103 de metri lucr\u0103rile de preg\u0103tire.<\/p>\n\n\n\n<p>\u00cen continuare, se lucreaz\u0103 la accesele c\u0103tre institu\u021bii de \u00eenv\u0103\u021b\u0103m\u00e2nt \u0219i educa\u021bie timpurie, accesele c\u0103tre suburbii, trotuarele de pe str. Mihai Eminescu, dar \u0219i pe podul din str. Mihai Viteazul, unde pentru s\u0103pt\u0103m\u00e2na curent\u0103 este planificat\u0103 a\u0219ternerea primului stratul de asfalt.<\/p>\n\n\n\n<p>Lucr\u0103rile de \u00eentre\u021binere a infrastructurii rutiere vor continua \u0219i pe parcursul s\u0103pt\u0103m\u00e2nii curente.<\/p>\n\n\n\n<figure class=\"wp-block-gallery has-nested-images columns-default is-cropped wp-block-gallery-1 is-layout-flex wp-block-gallery-is-layout-flex\">\n<figure class=\"wp-block-image size-large\"><img fetchpriority=\"high\" decoding=\"async\" width=\"525\" height=\"700\" data-id=\"12580\" src=\"https:\/\/mobilitatechisinau.md\/wp-content\/uploads\/2024\/08\/1-6.jpg\" alt=\"\" class=\"wp-image-12580\" srcset=\"https:\/\/mobilitatechisinau.md\/wp-content\/uploads\/2024\/08\/1-6.jpg 525w, https:\/\/mobilitatechisinau.md\/wp-content\/uploads\/2024\/08\/1-6-225x300.jpg 225w, https:\/\/mobilitatechisinau.md\/wp-content\/uploads\/2024\/08\/1-6-9x12.jpg 9w, https:\/\/mobilitatechisinau.md\/wp-content\/uploads\/2024\/08\/1-6-262x350.jpg 262w\" sizes=\"(max-width: 525px) 100vw, 525px\" \/><\/figure>\n\n\n\n<figure class=\"wp-block-image size-large\"><img decoding=\"async\" width=\"525\" height=\"700\" data-id=\"12581\" src=\"https:\/\/mobilitatechisinau.md\/wp-content\/uploads\/2024\/08\/2-7.jpg\" alt=\"\" class=\"wp-image-12581\" srcset=\"https:\/\/mobilitatechisinau.md\/wp-content\/uploads\/2024\/08\/2-7.jpg 525w, https:\/\/mobilitatechisinau.md\/wp-content\/uploads\/2024\/08\/2-7-225x300.jpg 225w, https:\/\/mobilitatechisinau.md\/wp-content\/uploads\/2024\/08\/2-7-9x12.jpg 9w, https:\/\/mobilitatechisinau.md\/wp-content\/uploads\/2024\/08\/2-7-262x350.jpg 262w\" sizes=\"(max-width: 525px) 100vw, 525px\" \/><\/figure>\n\n\n\n<figure class=\"wp-block-image size-large\"><img decoding=\"async\" width=\"525\" height=\"700\" data-id=\"12582\" src=\"https:\/\/mobilitatechisinau.md\/wp-content\/uploads\/2024\/08\/3-7.jpg\" alt=\"\" class=\"wp-image-12582\" srcset=\"https:\/\/mobilitatechisinau.md\/wp-content\/uploads\/2024\/08\/3-7.jpg 525w, https:\/\/mobilitatechisinau.md\/wp-content\/uploads\/2024\/08\/3-7-225x300.jpg 225w, https:\/\/mobilitatechisinau.md\/wp-content\/uploads\/2024\/08\/3-7-9x12.jpg 9w, https:\/\/mobilitatechisinau.md\/wp-content\/uploads\/2024\/08\/3-7-262x350.jpg 262w\" sizes=\"(max-width: 525px) 100vw, 525px\" \/><\/figure>\n\n\n\n<figure class=\"wp-block-image size-large\"><img loading=\"lazy\" decoding=\"async\" width=\"700\" height=\"700\" data-id=\"12583\" src=\"https:\/\/mobilitatechisinau.md\/wp-content\/uploads\/2024\/08\/4-6.jpg\" alt=\"\" class=\"wp-image-12583\" srcset=\"https:\/\/mobilitatechisinau.md\/wp-content\/uploads\/2024\/08\/4-6.jpg 700w, https:\/\/mobilitatechisinau.md\/wp-content\/uploads\/2024\/08\/4-6-300x300.jpg 300w, https:\/\/mobilitatechisinau.md\/wp-content\/uploads\/2024\/08\/4-6-150x150.jpg 150w, https:\/\/mobilitatechisinau.md\/wp-content\/uploads\/2024\/08\/4-6-12x12.jpg 12w, https:\/\/mobilitatechisinau.md\/wp-content\/uploads\/2024\/08\/4-6-350x350.jpg 350w\" sizes=\"(max-width: 700px) 100vw, 700px\" \/><\/figure>\n\n\n\n<figure class=\"wp-block-image size-large\"><img loading=\"lazy\" decoding=\"async\" width=\"525\" height=\"700\" data-id=\"12584\" src=\"https:\/\/mobilitatechisinau.md\/wp-content\/uploads\/2024\/08\/5-7.jpg\" alt=\"\" class=\"wp-image-12584\" srcset=\"https:\/\/mobilitatechisinau.md\/wp-content\/uploads\/2024\/08\/5-7.jpg 525w, https:\/\/mobilitatechisinau.md\/wp-content\/uploads\/2024\/08\/5-7-225x300.jpg 225w, https:\/\/mobilitatechisinau.md\/wp-content\/uploads\/2024\/08\/5-7-9x12.jpg 9w, https:\/\/mobilitatechisinau.md\/wp-content\/uploads\/2024\/08\/5-7-262x350.jpg 262w\" sizes=\"(max-width: 525px) 100vw, 525px\" \/><\/figure>\n\n\n\n<figure class=\"wp-block-image size-large\"><img loading=\"lazy\" decoding=\"async\" width=\"525\" height=\"700\" data-id=\"12585\" src=\"https:\/\/mobilitatechisinau.md\/wp-content\/uploads\/2024\/08\/6-5.jpg\" alt=\"\" class=\"wp-image-12585\" srcset=\"https:\/\/mobilitatechisinau.md\/wp-content\/uploads\/2024\/08\/6-5.jpg 525w, https:\/\/mobilitatechisinau.md\/wp-content\/uploads\/2024\/08\/6-5-225x300.jpg 225w, https:\/\/mobilitatechisinau.md\/wp-content\/uploads\/2024\/08\/6-5-9x12.jpg 9w, https:\/\/mobilitatechisinau.md\/wp-content\/uploads\/2024\/08\/6-5-262x350.jpg 262w\" sizes=\"(max-width: 525px) 100vw, 525px\" \/><\/figure>\n<\/figure>\n","protected":false},"excerpt":{"rendered":"<p>Astfel, pe bd. Decebal au fost executate asfalt\u0103ri \u00een volum circa 7 000 m.p. \u0219i frez\u0103ri a asfaltului uzat, \u00een s\u0103pt\u0103m\u00e2na urm\u0103toare urm\u00e2nd a fi depuse toate eforturile pentru a finaliza acest tronson, dup\u0103 care s\u0103 fie aplicate marcajele rutiere. Tot aici, \u00een intersec\u021bia bd. Decebal cu str\u0103zile Trandafirilor \u0219i Sarmizegetusa, au avut loc \u0219i [&hellip;]<\/p>\n","protected":false},"author":1,"featured_media":12579,"comment_status":"closed","ping_status":"open","sticky":false,"template":"","format":"standard","meta":{"footnotes":""},"categories":[92],"tags":[],"class_list":["post-12578","post","type-post","status-publish","format-standard","has-post-thumbnail","hentry","category-comunicate"],"yoast_head":"<!-- This site is optimized with the Yoast SEO plugin v23.9 - https:\/\/yoast.com\/wordpress\/plugins\/seo\/ -->\n<title>\u00cen perioada 19 \u2013 25 august 2024, \u00ce.M. Regia \u201eExdrupo\u201d a executat lucr\u0103ri de repara\u021bie \u0219i \u00eentre\u021binere a drumurilor publice municipale \u00een toate sectoarele ora\u0219ului - mobilitatechisinau.md<\/title>\n<meta name=\"robots\" content=\"index, follow, max-snippet:-1, max-image-preview:large, max-video-preview:-1\" \/>\n<link rel=\"canonical\" href=\"https:\/\/mobilitatechisinau.md\/?p=12578\" \/>\n<meta property=\"og:locale\" content=\"ro_RO\" \/>\n<meta property=\"og:type\" content=\"article\" \/>\n<meta property=\"og:title\" content=\"\u00cen perioada 19 \u2013 25 august 2024, \u00ce.M. Regia \u201eExdrupo\u201d a executat lucr\u0103ri de repara\u021bie \u0219i \u00eentre\u021binere a drumurilor publice municipale \u00een toate sectoarele ora\u0219ului - mobilitatechisinau.md\" \/>\n<meta property=\"og:description\" content=\"Astfel, pe bd. Decebal au fost executate asfalt\u0103ri \u00een volum circa 7 000 m.p. \u0219i frez\u0103ri a asfaltului uzat, \u00een s\u0103pt\u0103m\u00e2na urm\u0103toare urm\u00e2nd a fi depuse toate eforturile pentru a finaliza acest tronson, dup\u0103 care s\u0103 fie aplicate marcajele rutiere. Tot aici, \u00een intersec\u021bia bd. Decebal cu str\u0103zile Trandafirilor \u0219i Sarmizegetusa, au avut loc \u0219i [&hellip;]\" \/>\n<meta property=\"og:url\" content=\"https:\/\/mobilitatechisinau.md\/?p=12578\" \/>\n<meta property=\"og:site_name\" content=\"mobilitatechisinau.md\" \/>\n<meta property=\"article:publisher\" content=\"https:\/\/www.facebook.com\/DGTPCC\" \/>\n<meta property=\"article:published_time\" content=\"2024-08-26T20:22:40+00:00\" \/>\n<meta property=\"article:modified_time\" content=\"2024-08-26T20:22:46+00:00\" \/>\n<meta property=\"og:image\" content=\"https:\/\/mobilitatechisinau.md\/wp-content\/uploads\/2024\/08\/lucrari_1.jpg\" \/>\n\t<meta property=\"og:image:width\" content=\"1200\" \/>\n\t<meta property=\"og:image:height\" content=\"700\" \/>\n\t<meta property=\"og:image:type\" content=\"image\/jpeg\" \/>\n<meta name=\"author\" content=\"dgtpcc.md\" \/>\n<meta name=\"twitter:card\" content=\"summary_large_image\" \/>\n<meta name=\"twitter:label1\" content=\"Scris de\" \/>\n\t<meta name=\"twitter:data1\" content=\"dgtpcc.md\" \/>\n\t<meta name=\"twitter:label2\" content=\"Timp estimat pentru citire\" \/>\n\t<meta name=\"twitter:data2\" content=\"5 minute\" \/>\n<script type=\"application\/ld+json\" class=\"yoast-schema-graph\">{\"@context\":\"https:\/\/schema.org\",\"@graph\":[{\"@type\":\"Article\",\"@id\":\"https:\/\/mobilitatechisinau.md\/?p=12578#article\",\"isPartOf\":{\"@id\":\"https:\/\/mobilitatechisinau.md\/?p=12578\"},\"author\":{\"name\":\"dgtpcc.md\",\"@id\":\"https:\/\/mobilitatechisinau.md\/#\/schema\/person\/c25d28ff5553bea759689e10224709c7\"},\"headline\":\"\u00cen perioada 19 \u2013 25 august 2024, \u00ce.M. Regia \u201eExdrupo\u201d a executat lucr\u0103ri de repara\u021bie \u0219i \u00eentre\u021binere a drumurilor publice municipale \u00een toate sectoarele ora\u0219ului\",\"datePublished\":\"2024-08-26T20:22:40+00:00\",\"dateModified\":\"2024-08-26T20:22:46+00:00\",\"mainEntityOfPage\":{\"@id\":\"https:\/\/mobilitatechisinau.md\/?p=12578\"},\"wordCount\":692,\"publisher\":{\"@id\":\"https:\/\/mobilitatechisinau.md\/#organization\"},\"image\":{\"@id\":\"https:\/\/mobilitatechisinau.md\/?p=12578#primaryimage\"},\"thumbnailUrl\":\"https:\/\/mobilitatechisinau.md\/wp-content\/uploads\/2024\/08\/lucrari_1.jpg\",\"articleSection\":[\"Comunicate de pres\u0103\"],\"inLanguage\":\"ro-RO\"},{\"@type\":\"WebPage\",\"@id\":\"https:\/\/mobilitatechisinau.md\/?p=12578\",\"url\":\"https:\/\/mobilitatechisinau.md\/?p=12578\",\"name\":\"\u00cen perioada 19 \u2013 25 august 2024, \u00ce.M. Regia \u201eExdrupo\u201d a executat lucr\u0103ri de repara\u021bie \u0219i \u00eentre\u021binere a drumurilor publice municipale \u00een toate sectoarele ora\u0219ului - mobilitatechisinau.md\",\"isPartOf\":{\"@id\":\"https:\/\/mobilitatechisinau.md\/#website\"},\"primaryImageOfPage\":{\"@id\":\"https:\/\/mobilitatechisinau.md\/?p=12578#primaryimage\"},\"image\":{\"@id\":\"https:\/\/mobilitatechisinau.md\/?p=12578#primaryimage\"},\"thumbnailUrl\":\"https:\/\/mobilitatechisinau.md\/wp-content\/uploads\/2024\/08\/lucrari_1.jpg\",\"datePublished\":\"2024-08-26T20:22:40+00:00\",\"dateModified\":\"2024-08-26T20:22:46+00:00\",\"breadcrumb\":{\"@id\":\"https:\/\/mobilitatechisinau.md\/?p=12578#breadcrumb\"},\"inLanguage\":\"ro-RO\",\"potentialAction\":[{\"@type\":\"ReadAction\",\"target\":[\"https:\/\/mobilitatechisinau.md\/?p=12578\"]}]},{\"@type\":\"ImageObject\",\"inLanguage\":\"ro-RO\",\"@id\":\"https:\/\/mobilitatechisinau.md\/?p=12578#primaryimage\",\"url\":\"https:\/\/mobilitatechisinau.md\/wp-content\/uploads\/2024\/08\/lucrari_1.jpg\",\"contentUrl\":\"https:\/\/mobilitatechisinau.md\/wp-content\/uploads\/2024\/08\/lucrari_1.jpg\",\"width\":1200,\"height\":700},{\"@type\":\"BreadcrumbList\",\"@id\":\"https:\/\/mobilitatechisinau.md\/?p=12578#breadcrumb\",\"itemListElement\":[{\"@type\":\"ListItem\",\"position\":1,\"name\":\"Prima pagin\u0103\",\"item\":\"https:\/\/mobilitatechisinau.md\/\"},{\"@type\":\"ListItem\",\"position\":2,\"name\":\"\u00cen perioada 19 \u2013 25 august 2024, \u00ce.M. Regia \u201eExdrupo\u201d a executat lucr\u0103ri de repara\u021bie \u0219i \u00eentre\u021binere a drumurilor publice municipale \u00een toate sectoarele ora\u0219ului\"}]},{\"@type\":\"WebSite\",\"@id\":\"https:\/\/mobilitatechisinau.md\/#website\",\"url\":\"https:\/\/mobilitatechisinau.md\/\",\"name\":\"mobilitatechisinau.md\",\"description\":\"Direc\u0163ia General\u0103 Mobilitate Urban\u0103\",\"publisher\":{\"@id\":\"https:\/\/mobilitatechisinau.md\/#organization\"},\"potentialAction\":[{\"@type\":\"SearchAction\",\"target\":{\"@type\":\"EntryPoint\",\"urlTemplate\":\"https:\/\/mobilitatechisinau.md\/?s={search_term_string}\"},\"query-input\":{\"@type\":\"PropertyValueSpecification\",\"valueRequired\":true,\"valueName\":\"search_term_string\"}}],\"inLanguage\":\"ro-RO\"},{\"@type\":\"Organization\",\"@id\":\"https:\/\/mobilitatechisinau.md\/#organization\",\"name\":\"Direc\u0163ia general\u0103 transport public \u015fi c\u0103i de comunica\u0163ie\",\"url\":\"https:\/\/mobilitatechisinau.md\/\",\"logo\":{\"@type\":\"ImageObject\",\"inLanguage\":\"ro-RO\",\"@id\":\"https:\/\/mobilitatechisinau.md\/#\/schema\/logo\/image\/\",\"url\":\"https:\/\/dgtpcc.md\/wp-content\/uploads\/2022\/05\/DGTPCC-Chis\u0326ina\u0306u-new.jpg\",\"contentUrl\":\"https:\/\/dgtpcc.md\/wp-content\/uploads\/2022\/05\/DGTPCC-Chis\u0326ina\u0306u-new.jpg\",\"width\":304,\"height\":80,\"caption\":\"Direc\u0163ia general\u0103 transport public \u015fi c\u0103i de comunica\u0163ie\"},\"image\":{\"@id\":\"https:\/\/mobilitatechisinau.md\/#\/schema\/logo\/image\/\"},\"sameAs\":[\"https:\/\/www.facebook.com\/DGTPCC\"]},{\"@type\":\"Person\",\"@id\":\"https:\/\/mobilitatechisinau.md\/#\/schema\/person\/c25d28ff5553bea759689e10224709c7\",\"name\":\"dgtpcc.md\",\"image\":{\"@type\":\"ImageObject\",\"inLanguage\":\"ro-RO\",\"@id\":\"https:\/\/mobilitatechisinau.md\/#\/schema\/person\/image\/\",\"url\":\"https:\/\/secure.gravatar.com\/avatar\/9057a81ed6aa6c63f6d0d045749b3708fa15d612e3a388d9ac7b50072146c906?s=96&d=mm&r=g\",\"contentUrl\":\"https:\/\/secure.gravatar.com\/avatar\/9057a81ed6aa6c63f6d0d045749b3708fa15d612e3a388d9ac7b50072146c906?s=96&d=mm&r=g\",\"caption\":\"dgtpcc.md\"},\"sameAs\":[\"https:\/\/dgtpcc.md\"],\"url\":\"https:\/\/mobilitatechisinau.md\/?author=1\"}]}<\/script>\n<!-- \/ Yoast SEO plugin. -->","yoast_head_json":{"title":"\u00cen perioada 19 \u2013 25 august 2024, \u00ce.M. Regia \u201eExdrupo\u201d a executat lucr\u0103ri de repara\u021bie \u0219i \u00eentre\u021binere a drumurilor publice municipale \u00een toate sectoarele ora\u0219ului - mobilitatechisinau.md","robots":{"index":"index","follow":"follow","max-snippet":"max-snippet:-1","max-image-preview":"max-image-preview:large","max-video-preview":"max-video-preview:-1"},"canonical":"https:\/\/mobilitatechisinau.md\/?p=12578","og_locale":"ro_RO","og_type":"article","og_title":"\u00cen perioada 19 \u2013 25 august 2024, \u00ce.M. Regia \u201eExdrupo\u201d a executat lucr\u0103ri de repara\u021bie \u0219i \u00eentre\u021binere a drumurilor publice municipale \u00een toate sectoarele ora\u0219ului - mobilitatechisinau.md","og_description":"Astfel, pe bd. Decebal au fost executate asfalt\u0103ri \u00een volum circa 7 000 m.p. \u0219i frez\u0103ri a asfaltului uzat, \u00een s\u0103pt\u0103m\u00e2na urm\u0103toare urm\u00e2nd a fi depuse toate eforturile pentru a finaliza acest tronson, dup\u0103 care s\u0103 fie aplicate marcajele rutiere. Tot aici, \u00een intersec\u021bia bd. Decebal cu str\u0103zile Trandafirilor \u0219i Sarmizegetusa, au avut loc \u0219i [&hellip;]","og_url":"https:\/\/mobilitatechisinau.md\/?p=12578","og_site_name":"mobilitatechisinau.md","article_publisher":"https:\/\/www.facebook.com\/DGTPCC","article_published_time":"2024-08-26T20:22:40+00:00","article_modified_time":"2024-08-26T20:22:46+00:00","og_image":[{"width":1200,"height":700,"url":"https:\/\/mobilitatechisinau.md\/wp-content\/uploads\/2024\/08\/lucrari_1.jpg","type":"image\/jpeg"}],"author":"dgtpcc.md","twitter_card":"summary_large_image","twitter_misc":{"Scris de":"dgtpcc.md","Timp estimat pentru citire":"5 minute"},"schema":{"@context":"https:\/\/schema.org","@graph":[{"@type":"Article","@id":"https:\/\/mobilitatechisinau.md\/?p=12578#article","isPartOf":{"@id":"https:\/\/mobilitatechisinau.md\/?p=12578"},"author":{"name":"dgtpcc.md","@id":"https:\/\/mobilitatechisinau.md\/#\/schema\/person\/c25d28ff5553bea759689e10224709c7"},"headline":"\u00cen perioada 19 \u2013 25 august 2024, \u00ce.M. Regia \u201eExdrupo\u201d a executat lucr\u0103ri de repara\u021bie \u0219i \u00eentre\u021binere a drumurilor publice municipale \u00een toate sectoarele ora\u0219ului","datePublished":"2024-08-26T20:22:40+00:00","dateModified":"2024-08-26T20:22:46+00:00","mainEntityOfPage":{"@id":"https:\/\/mobilitatechisinau.md\/?p=12578"},"wordCount":692,"publisher":{"@id":"https:\/\/mobilitatechisinau.md\/#organization"},"image":{"@id":"https:\/\/mobilitatechisinau.md\/?p=12578#primaryimage"},"thumbnailUrl":"https:\/\/mobilitatechisinau.md\/wp-content\/uploads\/2024\/08\/lucrari_1.jpg","articleSection":["Comunicate de pres\u0103"],"inLanguage":"ro-RO"},{"@type":"WebPage","@id":"https:\/\/mobilitatechisinau.md\/?p=12578","url":"https:\/\/mobilitatechisinau.md\/?p=12578","name":"\u00cen perioada 19 \u2013 25 august 2024, \u00ce.M. Regia \u201eExdrupo\u201d a executat lucr\u0103ri de repara\u021bie \u0219i \u00eentre\u021binere a drumurilor publice municipale \u00een toate sectoarele ora\u0219ului - mobilitatechisinau.md","isPartOf":{"@id":"https:\/\/mobilitatechisinau.md\/#website"},"primaryImageOfPage":{"@id":"https:\/\/mobilitatechisinau.md\/?p=12578#primaryimage"},"image":{"@id":"https:\/\/mobilitatechisinau.md\/?p=12578#primaryimage"},"thumbnailUrl":"https:\/\/mobilitatechisinau.md\/wp-content\/uploads\/2024\/08\/lucrari_1.jpg","datePublished":"2024-08-26T20:22:40+00:00","dateModified":"2024-08-26T20:22:46+00:00","breadcrumb":{"@id":"https:\/\/mobilitatechisinau.md\/?p=12578#breadcrumb"},"inLanguage":"ro-RO","potentialAction":[{"@type":"ReadAction","target":["https:\/\/mobilitatechisinau.md\/?p=12578"]}]},{"@type":"ImageObject","inLanguage":"ro-RO","@id":"https:\/\/mobilitatechisinau.md\/?p=12578#primaryimage","url":"https:\/\/mobilitatechisinau.md\/wp-content\/uploads\/2024\/08\/lucrari_1.jpg","contentUrl":"https:\/\/mobilitatechisinau.md\/wp-content\/uploads\/2024\/08\/lucrari_1.jpg","width":1200,"height":700},{"@type":"BreadcrumbList","@id":"https:\/\/mobilitatechisinau.md\/?p=12578#breadcrumb","itemListElement":[{"@type":"ListItem","position":1,"name":"Prima pagin\u0103","item":"https:\/\/mobilitatechisinau.md\/"},{"@type":"ListItem","position":2,"name":"\u00cen perioada 19 \u2013 25 august 2024, \u00ce.M. Regia \u201eExdrupo\u201d a executat lucr\u0103ri de repara\u021bie \u0219i \u00eentre\u021binere a drumurilor publice municipale \u00een toate sectoarele ora\u0219ului"}]},{"@type":"WebSite","@id":"https:\/\/mobilitatechisinau.md\/#website","url":"https:\/\/mobilitatechisinau.md\/","name":"mobilitatechisinau.md","description":"Direc\u0163ia General\u0103 Mobilitate Urban\u0103","publisher":{"@id":"https:\/\/mobilitatechisinau.md\/#organization"},"potentialAction":[{"@type":"SearchAction","target":{"@type":"EntryPoint","urlTemplate":"https:\/\/mobilitatechisinau.md\/?s={search_term_string}"},"query-input":{"@type":"PropertyValueSpecification","valueRequired":true,"valueName":"search_term_string"}}],"inLanguage":"ro-RO"},{"@type":"Organization","@id":"https:\/\/mobilitatechisinau.md\/#organization","name":"Direc\u0163ia general\u0103 transport public \u015fi c\u0103i de comunica\u0163ie","url":"https:\/\/mobilitatechisinau.md\/","logo":{"@type":"ImageObject","inLanguage":"ro-RO","@id":"https:\/\/mobilitatechisinau.md\/#\/schema\/logo\/image\/","url":"https:\/\/dgtpcc.md\/wp-content\/uploads\/2022\/05\/DGTPCC-Chis\u0326ina\u0306u-new.jpg","contentUrl":"https:\/\/dgtpcc.md\/wp-content\/uploads\/2022\/05\/DGTPCC-Chis\u0326ina\u0306u-new.jpg","width":304,"height":80,"caption":"Direc\u0163ia general\u0103 transport public \u015fi c\u0103i de comunica\u0163ie"},"image":{"@id":"https:\/\/mobilitatechisinau.md\/#\/schema\/logo\/image\/"},"sameAs":["https:\/\/www.facebook.com\/DGTPCC"]},{"@type":"Person","@id":"https:\/\/mobilitatechisinau.md\/#\/schema\/person\/c25d28ff5553bea759689e10224709c7","name":"dgtpcc.md","image":{"@type":"ImageObject","inLanguage":"ro-RO","@id":"https:\/\/mobilitatechisinau.md\/#\/schema\/person\/image\/","url":"https:\/\/secure.gravatar.com\/avatar\/9057a81ed6aa6c63f6d0d045749b3708fa15d612e3a388d9ac7b50072146c906?s=96&d=mm&r=g","contentUrl":"https:\/\/secure.gravatar.com\/avatar\/9057a81ed6aa6c63f6d0d045749b3708fa15d612e3a388d9ac7b50072146c906?s=96&d=mm&r=g","caption":"dgtpcc.md"},"sameAs":["https:\/\/dgtpcc.md"],"url":"https:\/\/mobilitatechisinau.md\/?author=1"}]}},"_links":{"self":[{"href":"https:\/\/mobilitatechisinau.md\/index.php?rest_route=\/wp\/v2\/posts\/12578","targetHints":{"allow":["GET"]}}],"collection":[{"href":"https:\/\/mobilitatechisinau.md\/index.php?rest_route=\/wp\/v2\/posts"}],"about":[{"href":"https:\/\/mobilitatechisinau.md\/index.php?rest_route=\/wp\/v2\/types\/post"}],"author":[{"embeddable":true,"href":"https:\/\/mobilitatechisinau.md\/index.php?rest_route=\/wp\/v2\/users\/1"}],"replies":[{"embeddable":true,"href":"https:\/\/mobilitatechisinau.md\/index.php?rest_route=%2Fwp%2Fv2%2Fcomments&post=12578"}],"version-history":[{"count":0,"href":"https:\/\/mobilitatechisinau.md\/index.php?rest_route=\/wp\/v2\/posts\/12578\/revisions"}],"wp:featuredmedia":[{"embeddable":true,"href":"https:\/\/mobilitatechisinau.md\/index.php?rest_route=\/wp\/v2\/media\/12579"}],"wp:attachment":[{"href":"https:\/\/mobilitatechisinau.md\/index.php?rest_route=%2Fwp%2Fv2%2Fmedia&parent=12578"}],"wp:term":[{"taxonomy":"category","embeddable":true,"href":"https:\/\/mobilitatechisinau.md\/index.php?rest_route=%2Fwp%2Fv2%2Fcategories&post=12578"},{"taxonomy":"post_tag","embeddable":true,"href":"https:\/\/mobilitatechisinau.md\/index.php?rest_route=%2Fwp%2Fv2%2Ftags&post=12578"}],"curies":[{"name":"wp","href":"https:\/\/api.w.org\/{rel}","templated":true}]}}