{"id":12590,"date":"2024-08-24T22:34:36","date_gmt":"2024-08-24T20:34:36","guid":{"rendered":"https:\/\/mobilitatechisinau.md\/?p=12590"},"modified":"2024-08-26T22:54:57","modified_gmt":"2024-08-26T20:54:57","slug":"vizita-de-lucru-in-romania-pe-subiectul-parcarilor-publice-cu-plata-si-de-resedinta","status":"publish","type":"post","link":"https:\/\/mobilitatechisinau.md\/?p=12590","title":{"rendered":"Vizit\u01ce de lucru \u00een Rom\u00e2nia pe subiectul parc\u0103rilor publice cu plat\u0103 \u0219i de re\u0219edin\u021b\u0103"},"content":{"rendered":"\n<p>\u00cen perioada 21-24 august 2024, o delega\u021bie a Direc\u021biei Generale Mobilitate Urban\u0103 (DGMU), format\u01ce din \u0219eful DGMU, Vitalie Mihalache \u0219i speciali\u0219ti din cadrul direc\u021biilor parc\u0103ri \u0219i monitorizarea traficului, a efectuat o vizit\u0103 de informare \u00een ora\u0219ele Baia Mare \u0219i Satu Mare din Rom\u00e2nia.<\/p>\n\n\n\n<p>Scopul vizitei a fost schimbul de experien\u021b\u0103 \u0219i identificarea solu\u021biilor tehnice necesare pentru definitivarea proiectului Regulamentului de organizare \u0219i func\u021bionare a parc\u0103rilor \u0219i parcajelor \u00een municipiul Chi\u0219in\u0103u.&nbsp;<\/p>\n\n\n\n<p>Astfel, reprezentan\u021bii Prim\u0103riei Chi\u0219in\u01ceu au participat la o \u0219edin\u021b\u0103 organizat\u0103 de \u201eAdministra\u021bia Domeniului Public Satu Mare,\u201d pe subiectul organiz\u0103rii \u0219i gestion\u0103rii parc\u0103rilor publice cu plat\u0103 \u0219i a parc\u0103rilor de re\u0219edin\u021b\u0103, unde s-au analizat solu\u021biile tehnice implementate \u00een localitate, precum \u0219i modul de organizare \u0219i func\u021bionare a acestor sisteme.&nbsp;<\/p>\n\n\n\n<p>Totodat\u0103, delega\u021bia a inspectat parc\u0103rile publice \u0219i de re\u0219edin\u021b\u0103 din ora\u0219.&nbsp;<\/p>\n\n\n\n<p>La Baia Mare, reprezentan\u021bii DGMU au vizitat compania \u201eFIDA Solution\u201d, asist\u00e2nd la o prezentare detaliat\u0103 a solu\u021biilor implementate de companie \u00een mai multe ora\u0219e din Rom\u00e2nia, precum Tulcea, Satu Mare, Vaslui, Br\u0103ila \u0219i Alba Iulia.<\/p>\n\n\n\n<p>Pe l\u00e2ng\u0103 metodele de administrare \u0219i gestionare a parc\u0103rilor publice cu plat\u0103 \u0219i a parc\u0103rilor de re\u0219edin\u021b\u0103, speciali\u0219tii din Chi\u0219in\u01ceu s-au ar\u0103tat interesa\u021bi \u0219i de procedurile de atribuire a parcajelor de re\u0219edin\u021b\u0103 solicitan\u021bilor, dar \u0219i de procesele de documentare \u0219i sanc\u021bionare a persoanelor care \u00eencalc\u0103 regimul de utilizare a parc\u0103rilor prenotate.&nbsp;<\/p>\n\n\n\n<p>Vizita s-a dovedit a fi util\u0103 pentru identificarea unor solu\u021bii aplicabile pentru Chi\u0219in\u0103u, \u00een vederea implement\u0103rii unui sistem eficient de administrare a parc\u0103rilor publice \u0219i de re\u0219edin\u021b\u0103.<\/p>\n\n\n\n<figure class=\"wp-block-gallery has-nested-images columns-default is-cropped wp-block-gallery-1 is-layout-flex wp-block-gallery-is-layout-flex\">\n<figure class=\"wp-block-image size-large\"><img fetchpriority=\"high\" decoding=\"async\" width=\"525\" height=\"700\" data-id=\"12592\" src=\"https:\/\/mobilitatechisinau.md\/wp-content\/uploads\/2024\/08\/1-7.jpg\" alt=\"\" class=\"wp-image-12592\" srcset=\"https:\/\/mobilitatechisinau.md\/wp-content\/uploads\/2024\/08\/1-7.jpg 525w, https:\/\/mobilitatechisinau.md\/wp-content\/uploads\/2024\/08\/1-7-225x300.jpg 225w, https:\/\/mobilitatechisinau.md\/wp-content\/uploads\/2024\/08\/1-7-9x12.jpg 9w, https:\/\/mobilitatechisinau.md\/wp-content\/uploads\/2024\/08\/1-7-262x350.jpg 262w\" sizes=\"(max-width: 525px) 100vw, 525px\" \/><\/figure>\n\n\n\n<figure class=\"wp-block-image size-large\"><img decoding=\"async\" width=\"525\" height=\"700\" data-id=\"12598\" src=\"https:\/\/mobilitatechisinau.md\/wp-content\/uploads\/2024\/08\/2-8.jpg\" alt=\"\" class=\"wp-image-12598\" srcset=\"https:\/\/mobilitatechisinau.md\/wp-content\/uploads\/2024\/08\/2-8.jpg 525w, https:\/\/mobilitatechisinau.md\/wp-content\/uploads\/2024\/08\/2-8-225x300.jpg 225w, https:\/\/mobilitatechisinau.md\/wp-content\/uploads\/2024\/08\/2-8-9x12.jpg 9w, https:\/\/mobilitatechisinau.md\/wp-content\/uploads\/2024\/08\/2-8-262x350.jpg 262w\" sizes=\"(max-width: 525px) 100vw, 525px\" \/><\/figure>\n\n\n\n<figure class=\"wp-block-image size-large\"><img decoding=\"async\" width=\"933\" height=\"700\" data-id=\"12596\" src=\"https:\/\/mobilitatechisinau.md\/wp-content\/uploads\/2024\/08\/3-8.jpg\" alt=\"\" class=\"wp-image-12596\" srcset=\"https:\/\/mobilitatechisinau.md\/wp-content\/uploads\/2024\/08\/3-8.jpg 933w, https:\/\/mobilitatechisinau.md\/wp-content\/uploads\/2024\/08\/3-8-300x225.jpg 300w, https:\/\/mobilitatechisinau.md\/wp-content\/uploads\/2024\/08\/3-8-768x576.jpg 768w, https:\/\/mobilitatechisinau.md\/wp-content\/uploads\/2024\/08\/3-8-16x12.jpg 16w, https:\/\/mobilitatechisinau.md\/wp-content\/uploads\/2024\/08\/3-8-466x350.jpg 466w\" sizes=\"(max-width: 933px) 100vw, 933px\" \/><\/figure>\n\n\n\n<figure class=\"wp-block-image size-large\"><img loading=\"lazy\" decoding=\"async\" width=\"933\" height=\"700\" data-id=\"12597\" src=\"https:\/\/mobilitatechisinau.md\/wp-content\/uploads\/2024\/08\/4-7.jpg\" alt=\"\" class=\"wp-image-12597\" srcset=\"https:\/\/mobilitatechisinau.md\/wp-content\/uploads\/2024\/08\/4-7.jpg 933w, https:\/\/mobilitatechisinau.md\/wp-content\/uploads\/2024\/08\/4-7-300x225.jpg 300w, https:\/\/mobilitatechisinau.md\/wp-content\/uploads\/2024\/08\/4-7-768x576.jpg 768w, https:\/\/mobilitatechisinau.md\/wp-content\/uploads\/2024\/08\/4-7-16x12.jpg 16w, https:\/\/mobilitatechisinau.md\/wp-content\/uploads\/2024\/08\/4-7-466x350.jpg 466w\" sizes=\"(max-width: 933px) 100vw, 933px\" \/><\/figure>\n\n\n\n<figure class=\"wp-block-image size-large\"><img loading=\"lazy\" decoding=\"async\" width=\"933\" height=\"700\" data-id=\"12595\" src=\"https:\/\/mobilitatechisinau.md\/wp-content\/uploads\/2024\/08\/6-6.jpg\" alt=\"\" class=\"wp-image-12595\" srcset=\"https:\/\/mobilitatechisinau.md\/wp-content\/uploads\/2024\/08\/6-6.jpg 933w, https:\/\/mobilitatechisinau.md\/wp-content\/uploads\/2024\/08\/6-6-300x225.jpg 300w, https:\/\/mobilitatechisinau.md\/wp-content\/uploads\/2024\/08\/6-6-768x576.jpg 768w, https:\/\/mobilitatechisinau.md\/wp-content\/uploads\/2024\/08\/6-6-16x12.jpg 16w, https:\/\/mobilitatechisinau.md\/wp-content\/uploads\/2024\/08\/6-6-466x350.jpg 466w\" sizes=\"(max-width: 933px) 100vw, 933px\" \/><\/figure>\n\n\n\n<figure class=\"wp-block-image size-large\"><img loading=\"lazy\" decoding=\"async\" width=\"933\" height=\"700\" data-id=\"12593\" src=\"https:\/\/mobilitatechisinau.md\/wp-content\/uploads\/2024\/08\/7-4.jpg\" alt=\"\" class=\"wp-image-12593\" srcset=\"https:\/\/mobilitatechisinau.md\/wp-content\/uploads\/2024\/08\/7-4.jpg 933w, https:\/\/mobilitatechisinau.md\/wp-content\/uploads\/2024\/08\/7-4-300x225.jpg 300w, https:\/\/mobilitatechisinau.md\/wp-content\/uploads\/2024\/08\/7-4-768x576.jpg 768w, https:\/\/mobilitatechisinau.md\/wp-content\/uploads\/2024\/08\/7-4-16x12.jpg 16w, https:\/\/mobilitatechisinau.md\/wp-content\/uploads\/2024\/08\/7-4-466x350.jpg 466w\" sizes=\"(max-width: 933px) 100vw, 933px\" \/><\/figure>\n\n\n\n<figure class=\"wp-block-image size-large\"><img loading=\"lazy\" decoding=\"async\" width=\"933\" height=\"700\" data-id=\"12594\" src=\"https:\/\/mobilitatechisinau.md\/wp-content\/uploads\/2024\/08\/8-4.jpg\" alt=\"\" class=\"wp-image-12594\" srcset=\"https:\/\/mobilitatechisinau.md\/wp-content\/uploads\/2024\/08\/8-4.jpg 933w, https:\/\/mobilitatechisinau.md\/wp-content\/uploads\/2024\/08\/8-4-300x225.jpg 300w, https:\/\/mobilitatechisinau.md\/wp-content\/uploads\/2024\/08\/8-4-768x576.jpg 768w, https:\/\/mobilitatechisinau.md\/wp-content\/uploads\/2024\/08\/8-4-16x12.jpg 16w, https:\/\/mobilitatechisinau.md\/wp-content\/uploads\/2024\/08\/8-4-466x350.jpg 466w\" sizes=\"(max-width: 933px) 100vw, 933px\" \/><\/figure>\n<\/figure>\n","protected":false},"excerpt":{"rendered":"<p>\u00cen perioada 21-24 august 2024, o delega\u021bie a Direc\u021biei Generale Mobilitate Urban\u0103 (DGMU), format\u01ce din \u0219eful DGMU, Vitalie Mihalache \u0219i speciali\u0219ti din cadrul direc\u021biilor parc\u0103ri \u0219i monitorizarea traficului, a efectuat o vizit\u0103 de informare \u00een ora\u0219ele Baia Mare \u0219i Satu Mare din Rom\u00e2nia. Scopul vizitei a fost schimbul de experien\u021b\u0103 \u0219i identificarea solu\u021biilor tehnice necesare [&hellip;]<\/p>\n","protected":false},"author":1,"featured_media":12591,"comment_status":"closed","ping_status":"open","sticky":false,"template":"","format":"standard","meta":{"footnotes":""},"categories":[92],"tags":[],"class_list":["post-12590","post","type-post","status-publish","format-standard","has-post-thumbnail","hentry","category-comunicate"],"yoast_head":"<!-- This site is optimized with the Yoast SEO plugin v23.9 - https:\/\/yoast.com\/wordpress\/plugins\/seo\/ -->\n<title>Vizit\u01ce de lucru \u00een Rom\u00e2nia pe subiectul parc\u0103rilor publice cu plat\u0103 \u0219i de re\u0219edin\u021b\u0103 - mobilitatechisinau.md<\/title>\n<meta name=\"robots\" content=\"index, follow, max-snippet:-1, max-image-preview:large, max-video-preview:-1\" \/>\n<link rel=\"canonical\" href=\"https:\/\/mobilitatechisinau.md\/?p=12590\" \/>\n<meta property=\"og:locale\" content=\"ro_RO\" \/>\n<meta property=\"og:type\" content=\"article\" \/>\n<meta property=\"og:title\" content=\"Vizit\u01ce de lucru \u00een Rom\u00e2nia pe subiectul parc\u0103rilor publice cu plat\u0103 \u0219i de re\u0219edin\u021b\u0103 - mobilitatechisinau.md\" \/>\n<meta property=\"og:description\" content=\"\u00cen perioada 21-24 august 2024, o delega\u021bie a Direc\u021biei Generale Mobilitate Urban\u0103 (DGMU), format\u01ce din \u0219eful DGMU, Vitalie Mihalache \u0219i speciali\u0219ti din cadrul direc\u021biilor parc\u0103ri \u0219i monitorizarea traficului, a efectuat o vizit\u0103 de informare \u00een ora\u0219ele Baia Mare \u0219i Satu Mare din Rom\u00e2nia. Scopul vizitei a fost schimbul de experien\u021b\u0103 \u0219i identificarea solu\u021biilor tehnice necesare [&hellip;]\" \/>\n<meta property=\"og:url\" content=\"https:\/\/mobilitatechisinau.md\/?p=12590\" \/>\n<meta property=\"og:site_name\" content=\"mobilitatechisinau.md\" \/>\n<meta property=\"article:publisher\" content=\"https:\/\/www.facebook.com\/DGTPCC\" \/>\n<meta property=\"article:published_time\" content=\"2024-08-24T20:34:36+00:00\" \/>\n<meta property=\"article:modified_time\" content=\"2024-08-26T20:54:57+00:00\" \/>\n<meta property=\"og:image\" content=\"https:\/\/mobilitatechisinau.md\/wp-content\/uploads\/2024\/08\/parcari.jpg\" \/>\n\t<meta property=\"og:image:width\" content=\"1200\" \/>\n\t<meta property=\"og:image:height\" content=\"700\" \/>\n\t<meta property=\"og:image:type\" content=\"image\/jpeg\" \/>\n<meta name=\"author\" content=\"dgtpcc.md\" \/>\n<meta name=\"twitter:card\" content=\"summary_large_image\" \/>\n<meta name=\"twitter:label1\" content=\"Scris de\" \/>\n\t<meta name=\"twitter:data1\" content=\"dgtpcc.md\" \/>\n\t<meta name=\"twitter:label2\" content=\"Timp estimat pentru citire\" \/>\n\t<meta name=\"twitter:data2\" content=\"3 minute\" \/>\n<script type=\"application\/ld+json\" class=\"yoast-schema-graph\">{\"@context\":\"https:\/\/schema.org\",\"@graph\":[{\"@type\":\"Article\",\"@id\":\"https:\/\/mobilitatechisinau.md\/?p=12590#article\",\"isPartOf\":{\"@id\":\"https:\/\/mobilitatechisinau.md\/?p=12590\"},\"author\":{\"name\":\"dgtpcc.md\",\"@id\":\"https:\/\/mobilitatechisinau.md\/#\/schema\/person\/c25d28ff5553bea759689e10224709c7\"},\"headline\":\"Vizit\u01ce de lucru \u00een Rom\u00e2nia pe subiectul parc\u0103rilor publice cu plat\u0103 \u0219i de re\u0219edin\u021b\u0103\",\"datePublished\":\"2024-08-24T20:34:36+00:00\",\"dateModified\":\"2024-08-26T20:54:57+00:00\",\"mainEntityOfPage\":{\"@id\":\"https:\/\/mobilitatechisinau.md\/?p=12590\"},\"wordCount\":314,\"publisher\":{\"@id\":\"https:\/\/mobilitatechisinau.md\/#organization\"},\"image\":{\"@id\":\"https:\/\/mobilitatechisinau.md\/?p=12590#primaryimage\"},\"thumbnailUrl\":\"https:\/\/mobilitatechisinau.md\/wp-content\/uploads\/2024\/08\/parcari.jpg\",\"articleSection\":[\"Comunicate de pres\u0103\"],\"inLanguage\":\"ro-RO\"},{\"@type\":\"WebPage\",\"@id\":\"https:\/\/mobilitatechisinau.md\/?p=12590\",\"url\":\"https:\/\/mobilitatechisinau.md\/?p=12590\",\"name\":\"Vizit\u01ce de lucru \u00een Rom\u00e2nia pe subiectul parc\u0103rilor publice cu plat\u0103 \u0219i de re\u0219edin\u021b\u0103 - mobilitatechisinau.md\",\"isPartOf\":{\"@id\":\"https:\/\/mobilitatechisinau.md\/#website\"},\"primaryImageOfPage\":{\"@id\":\"https:\/\/mobilitatechisinau.md\/?p=12590#primaryimage\"},\"image\":{\"@id\":\"https:\/\/mobilitatechisinau.md\/?p=12590#primaryimage\"},\"thumbnailUrl\":\"https:\/\/mobilitatechisinau.md\/wp-content\/uploads\/2024\/08\/parcari.jpg\",\"datePublished\":\"2024-08-24T20:34:36+00:00\",\"dateModified\":\"2024-08-26T20:54:57+00:00\",\"breadcrumb\":{\"@id\":\"https:\/\/mobilitatechisinau.md\/?p=12590#breadcrumb\"},\"inLanguage\":\"ro-RO\",\"potentialAction\":[{\"@type\":\"ReadAction\",\"target\":[\"https:\/\/mobilitatechisinau.md\/?p=12590\"]}]},{\"@type\":\"ImageObject\",\"inLanguage\":\"ro-RO\",\"@id\":\"https:\/\/mobilitatechisinau.md\/?p=12590#primaryimage\",\"url\":\"https:\/\/mobilitatechisinau.md\/wp-content\/uploads\/2024\/08\/parcari.jpg\",\"contentUrl\":\"https:\/\/mobilitatechisinau.md\/wp-content\/uploads\/2024\/08\/parcari.jpg\",\"width\":1200,\"height\":700},{\"@type\":\"BreadcrumbList\",\"@id\":\"https:\/\/mobilitatechisinau.md\/?p=12590#breadcrumb\",\"itemListElement\":[{\"@type\":\"ListItem\",\"position\":1,\"name\":\"Prima pagin\u0103\",\"item\":\"https:\/\/mobilitatechisinau.md\/\"},{\"@type\":\"ListItem\",\"position\":2,\"name\":\"Vizit\u01ce de lucru \u00een Rom\u00e2nia pe subiectul parc\u0103rilor publice cu plat\u0103 \u0219i de re\u0219edin\u021b\u0103\"}]},{\"@type\":\"WebSite\",\"@id\":\"https:\/\/mobilitatechisinau.md\/#website\",\"url\":\"https:\/\/mobilitatechisinau.md\/\",\"name\":\"mobilitatechisinau.md\",\"description\":\"Direc\u0163ia General\u0103 Mobilitate Urban\u0103\",\"publisher\":{\"@id\":\"https:\/\/mobilitatechisinau.md\/#organization\"},\"potentialAction\":[{\"@type\":\"SearchAction\",\"target\":{\"@type\":\"EntryPoint\",\"urlTemplate\":\"https:\/\/mobilitatechisinau.md\/?s={search_term_string}\"},\"query-input\":{\"@type\":\"PropertyValueSpecification\",\"valueRequired\":true,\"valueName\":\"search_term_string\"}}],\"inLanguage\":\"ro-RO\"},{\"@type\":\"Organization\",\"@id\":\"https:\/\/mobilitatechisinau.md\/#organization\",\"name\":\"Direc\u0163ia general\u0103 transport public \u015fi c\u0103i de comunica\u0163ie\",\"url\":\"https:\/\/mobilitatechisinau.md\/\",\"logo\":{\"@type\":\"ImageObject\",\"inLanguage\":\"ro-RO\",\"@id\":\"https:\/\/mobilitatechisinau.md\/#\/schema\/logo\/image\/\",\"url\":\"https:\/\/dgtpcc.md\/wp-content\/uploads\/2022\/05\/DGTPCC-Chis\u0326ina\u0306u-new.jpg\",\"contentUrl\":\"https:\/\/dgtpcc.md\/wp-content\/uploads\/2022\/05\/DGTPCC-Chis\u0326ina\u0306u-new.jpg\",\"width\":304,\"height\":80,\"caption\":\"Direc\u0163ia general\u0103 transport public \u015fi c\u0103i de comunica\u0163ie\"},\"image\":{\"@id\":\"https:\/\/mobilitatechisinau.md\/#\/schema\/logo\/image\/\"},\"sameAs\":[\"https:\/\/www.facebook.com\/DGTPCC\"]},{\"@type\":\"Person\",\"@id\":\"https:\/\/mobilitatechisinau.md\/#\/schema\/person\/c25d28ff5553bea759689e10224709c7\",\"name\":\"dgtpcc.md\",\"image\":{\"@type\":\"ImageObject\",\"inLanguage\":\"ro-RO\",\"@id\":\"https:\/\/mobilitatechisinau.md\/#\/schema\/person\/image\/\",\"url\":\"https:\/\/secure.gravatar.com\/avatar\/9057a81ed6aa6c63f6d0d045749b3708fa15d612e3a388d9ac7b50072146c906?s=96&d=mm&r=g\",\"contentUrl\":\"https:\/\/secure.gravatar.com\/avatar\/9057a81ed6aa6c63f6d0d045749b3708fa15d612e3a388d9ac7b50072146c906?s=96&d=mm&r=g\",\"caption\":\"dgtpcc.md\"},\"sameAs\":[\"https:\/\/dgtpcc.md\"],\"url\":\"https:\/\/mobilitatechisinau.md\/?author=1\"}]}<\/script>\n<!-- \/ Yoast SEO plugin. -->","yoast_head_json":{"title":"Vizit\u01ce de lucru \u00een Rom\u00e2nia pe subiectul parc\u0103rilor publice cu plat\u0103 \u0219i de re\u0219edin\u021b\u0103 - mobilitatechisinau.md","robots":{"index":"index","follow":"follow","max-snippet":"max-snippet:-1","max-image-preview":"max-image-preview:large","max-video-preview":"max-video-preview:-1"},"canonical":"https:\/\/mobilitatechisinau.md\/?p=12590","og_locale":"ro_RO","og_type":"article","og_title":"Vizit\u01ce de lucru \u00een Rom\u00e2nia pe subiectul parc\u0103rilor publice cu plat\u0103 \u0219i de re\u0219edin\u021b\u0103 - mobilitatechisinau.md","og_description":"\u00cen perioada 21-24 august 2024, o delega\u021bie a Direc\u021biei Generale Mobilitate Urban\u0103 (DGMU), format\u01ce din \u0219eful DGMU, Vitalie Mihalache \u0219i speciali\u0219ti din cadrul direc\u021biilor parc\u0103ri \u0219i monitorizarea traficului, a efectuat o vizit\u0103 de informare \u00een ora\u0219ele Baia Mare \u0219i Satu Mare din Rom\u00e2nia. Scopul vizitei a fost schimbul de experien\u021b\u0103 \u0219i identificarea solu\u021biilor tehnice necesare [&hellip;]","og_url":"https:\/\/mobilitatechisinau.md\/?p=12590","og_site_name":"mobilitatechisinau.md","article_publisher":"https:\/\/www.facebook.com\/DGTPCC","article_published_time":"2024-08-24T20:34:36+00:00","article_modified_time":"2024-08-26T20:54:57+00:00","og_image":[{"width":1200,"height":700,"url":"https:\/\/mobilitatechisinau.md\/wp-content\/uploads\/2024\/08\/parcari.jpg","type":"image\/jpeg"}],"author":"dgtpcc.md","twitter_card":"summary_large_image","twitter_misc":{"Scris de":"dgtpcc.md","Timp estimat pentru citire":"3 minute"},"schema":{"@context":"https:\/\/schema.org","@graph":[{"@type":"Article","@id":"https:\/\/mobilitatechisinau.md\/?p=12590#article","isPartOf":{"@id":"https:\/\/mobilitatechisinau.md\/?p=12590"},"author":{"name":"dgtpcc.md","@id":"https:\/\/mobilitatechisinau.md\/#\/schema\/person\/c25d28ff5553bea759689e10224709c7"},"headline":"Vizit\u01ce de lucru \u00een Rom\u00e2nia pe subiectul parc\u0103rilor publice cu plat\u0103 \u0219i de re\u0219edin\u021b\u0103","datePublished":"2024-08-24T20:34:36+00:00","dateModified":"2024-08-26T20:54:57+00:00","mainEntityOfPage":{"@id":"https:\/\/mobilitatechisinau.md\/?p=12590"},"wordCount":314,"publisher":{"@id":"https:\/\/mobilitatechisinau.md\/#organization"},"image":{"@id":"https:\/\/mobilitatechisinau.md\/?p=12590#primaryimage"},"thumbnailUrl":"https:\/\/mobilitatechisinau.md\/wp-content\/uploads\/2024\/08\/parcari.jpg","articleSection":["Comunicate de pres\u0103"],"inLanguage":"ro-RO"},{"@type":"WebPage","@id":"https:\/\/mobilitatechisinau.md\/?p=12590","url":"https:\/\/mobilitatechisinau.md\/?p=12590","name":"Vizit\u01ce de lucru \u00een Rom\u00e2nia pe subiectul parc\u0103rilor publice cu plat\u0103 \u0219i de re\u0219edin\u021b\u0103 - mobilitatechisinau.md","isPartOf":{"@id":"https:\/\/mobilitatechisinau.md\/#website"},"primaryImageOfPage":{"@id":"https:\/\/mobilitatechisinau.md\/?p=12590#primaryimage"},"image":{"@id":"https:\/\/mobilitatechisinau.md\/?p=12590#primaryimage"},"thumbnailUrl":"https:\/\/mobilitatechisinau.md\/wp-content\/uploads\/2024\/08\/parcari.jpg","datePublished":"2024-08-24T20:34:36+00:00","dateModified":"2024-08-26T20:54:57+00:00","breadcrumb":{"@id":"https:\/\/mobilitatechisinau.md\/?p=12590#breadcrumb"},"inLanguage":"ro-RO","potentialAction":[{"@type":"ReadAction","target":["https:\/\/mobilitatechisinau.md\/?p=12590"]}]},{"@type":"ImageObject","inLanguage":"ro-RO","@id":"https:\/\/mobilitatechisinau.md\/?p=12590#primaryimage","url":"https:\/\/mobilitatechisinau.md\/wp-content\/uploads\/2024\/08\/parcari.jpg","contentUrl":"https:\/\/mobilitatechisinau.md\/wp-content\/uploads\/2024\/08\/parcari.jpg","width":1200,"height":700},{"@type":"BreadcrumbList","@id":"https:\/\/mobilitatechisinau.md\/?p=12590#breadcrumb","itemListElement":[{"@type":"ListItem","position":1,"name":"Prima pagin\u0103","item":"https:\/\/mobilitatechisinau.md\/"},{"@type":"ListItem","position":2,"name":"Vizit\u01ce de lucru \u00een Rom\u00e2nia pe subiectul parc\u0103rilor publice cu plat\u0103 \u0219i de re\u0219edin\u021b\u0103"}]},{"@type":"WebSite","@id":"https:\/\/mobilitatechisinau.md\/#website","url":"https:\/\/mobilitatechisinau.md\/","name":"mobilitatechisinau.md","description":"Direc\u0163ia General\u0103 Mobilitate Urban\u0103","publisher":{"@id":"https:\/\/mobilitatechisinau.md\/#organization"},"potentialAction":[{"@type":"SearchAction","target":{"@type":"EntryPoint","urlTemplate":"https:\/\/mobilitatechisinau.md\/?s={search_term_string}"},"query-input":{"@type":"PropertyValueSpecification","valueRequired":true,"valueName":"search_term_string"}}],"inLanguage":"ro-RO"},{"@type":"Organization","@id":"https:\/\/mobilitatechisinau.md\/#organization","name":"Direc\u0163ia general\u0103 transport public \u015fi c\u0103i de comunica\u0163ie","url":"https:\/\/mobilitatechisinau.md\/","logo":{"@type":"ImageObject","inLanguage":"ro-RO","@id":"https:\/\/mobilitatechisinau.md\/#\/schema\/logo\/image\/","url":"https:\/\/dgtpcc.md\/wp-content\/uploads\/2022\/05\/DGTPCC-Chis\u0326ina\u0306u-new.jpg","contentUrl":"https:\/\/dgtpcc.md\/wp-content\/uploads\/2022\/05\/DGTPCC-Chis\u0326ina\u0306u-new.jpg","width":304,"height":80,"caption":"Direc\u0163ia general\u0103 transport public \u015fi c\u0103i de comunica\u0163ie"},"image":{"@id":"https:\/\/mobilitatechisinau.md\/#\/schema\/logo\/image\/"},"sameAs":["https:\/\/www.facebook.com\/DGTPCC"]},{"@type":"Person","@id":"https:\/\/mobilitatechisinau.md\/#\/schema\/person\/c25d28ff5553bea759689e10224709c7","name":"dgtpcc.md","image":{"@type":"ImageObject","inLanguage":"ro-RO","@id":"https:\/\/mobilitatechisinau.md\/#\/schema\/person\/image\/","url":"https:\/\/secure.gravatar.com\/avatar\/9057a81ed6aa6c63f6d0d045749b3708fa15d612e3a388d9ac7b50072146c906?s=96&d=mm&r=g","contentUrl":"https:\/\/secure.gravatar.com\/avatar\/9057a81ed6aa6c63f6d0d045749b3708fa15d612e3a388d9ac7b50072146c906?s=96&d=mm&r=g","caption":"dgtpcc.md"},"sameAs":["https:\/\/dgtpcc.md"],"url":"https:\/\/mobilitatechisinau.md\/?author=1"}]}},"_links":{"self":[{"href":"https:\/\/mobilitatechisinau.md\/index.php?rest_route=\/wp\/v2\/posts\/12590","targetHints":{"allow":["GET"]}}],"collection":[{"href":"https:\/\/mobilitatechisinau.md\/index.php?rest_route=\/wp\/v2\/posts"}],"about":[{"href":"https:\/\/mobilitatechisinau.md\/index.php?rest_route=\/wp\/v2\/types\/post"}],"author":[{"embeddable":true,"href":"https:\/\/mobilitatechisinau.md\/index.php?rest_route=\/wp\/v2\/users\/1"}],"replies":[{"embeddable":true,"href":"https:\/\/mobilitatechisinau.md\/index.php?rest_route=%2Fwp%2Fv2%2Fcomments&post=12590"}],"version-history":[{"count":0,"href":"https:\/\/mobilitatechisinau.md\/index.php?rest_route=\/wp\/v2\/posts\/12590\/revisions"}],"wp:featuredmedia":[{"embeddable":true,"href":"https:\/\/mobilitatechisinau.md\/index.php?rest_route=\/wp\/v2\/media\/12591"}],"wp:attachment":[{"href":"https:\/\/mobilitatechisinau.md\/index.php?rest_route=%2Fwp%2Fv2%2Fmedia&parent=12590"}],"wp:term":[{"taxonomy":"category","embeddable":true,"href":"https:\/\/mobilitatechisinau.md\/index.php?rest_route=%2Fwp%2Fv2%2Fcategories&post=12590"},{"taxonomy":"post_tag","embeddable":true,"href":"https:\/\/mobilitatechisinau.md\/index.php?rest_route=%2Fwp%2Fv2%2Ftags&post=12590"}],"curies":[{"name":"wp","href":"https:\/\/api.w.org\/{rel}","templated":true}]}}