{"id":13756,"date":"2025-01-31T17:41:00","date_gmt":"2025-01-31T15:41:00","guid":{"rendered":"https:\/\/mobilitatechisinau.md\/?p=13756"},"modified":"2025-02-02T21:46:49","modified_gmt":"2025-02-02T19:46:49","slug":"redenumirea-unor-statii-ale-transportului-public-din-municipiul-chisinau-din-data-de-1-februarie-2025","status":"publish","type":"post","link":"https:\/\/mobilitatechisinau.md\/?p=13756","title":{"rendered":"Redenumirea unor sta\u021bii ale transportului public din municipiul Chi\u0219in\u0103u din data de 1 februarie 2025"},"content":{"rendered":"\n<p>Prim\u0103ria Municipiului Chi\u0219in\u0103u informeaz\u0103 c\u0103, \u00eencep\u00e2nd cu data de&nbsp;<strong>1 februarie 2025<\/strong>, vor fi redenumite mai multe sta\u021bii ale transportului public din raza municipiului.<\/p>\n\n\n\n<p>M\u0103sura vine ca urmare a necesit\u0103\u021bii actualiz\u0103rii denumirilor sta\u021biilor pentru a reflecta mai clar reperele locale \u0219i a \u00eembun\u0103t\u0103\u021bi orientarea utilizatorilor, dup\u0103 inventarierea desf\u0103\u0219urat\u0103 de autorit\u0103\u021bile municipale.<\/p>\n\n\n\n<p><strong>Lista sta\u021biilor transportului public care vor fi redenumite:<\/strong><\/p>\n\n\n\n<ul class=\"wp-block-list\">\n<li>Sta\u021bia \u201eAsocia\u021bia \u201eZorile\u201d din Calea Ie\u0219ilor (spre str. Bariera Sculeni) devine \u201eParcul \u201eAlunelul\u201d\u201d;<\/li>\n\n\n\n<li>Sta\u021bia \u201estr. A. Pu\u0219kin\u201d de pe str. Bucure\u0219ti (spre sectorul Buiucani) devine \u201estr. Mitropolit G. B\u0103nulescu-Bodoni\u201d;<\/li>\n\n\n\n<li>Sta\u021bia \u201ebd. Dimitrie Cantemir\u201d de pe bd. Dimitrie Cantemir (spre str. Ismail) devine \u201estr. Ismail\u201d;<\/li>\n\n\n\n<li>Sta\u021bia \u201eInstitutul Oncologic\u201d de pe str. N. Testemi\u021banu (spre str. C. V\u00eernav) devine \u201estr. N. Testemi\u021banu\u201d;<\/li>\n\n\n\n<li>Sta\u021bia \u201eInstitutul Oncologic\u201d de pe str. N. Testemi\u021banu (spre str. Grenoble) devine \u201estr. Vl. Korolenko\u201d;<\/li>\n\n\n\n<li>Sta\u021bia \u201eCentrul \u201eHidrotehnica\u201d\u201d de pe bd. Decebal (spre Gara) devine \u201e\u0219os. Munce\u0219ti\u201d;<\/li>\n\n\n\n<li>Sta\u021bia \u201eCampusul Academic\u201d de pe str. Miori\u021ba (spre str. Grenoble) devine \u201eScuarul Miori\u021ba\u201d;<\/li>\n\n\n\n<li>Sta\u021bia \u201eCampusul Academic\u201d de pe str. Miori\u021ba (spre \u0219os. H\u00e2nce\u0219ti) devine \u201eScuarul Miori\u021ba\u201d;<\/li>\n\n\n\n<li>Sta\u021bia \u201eMagazinul \u201eStroma\u201d\u201d din str. Lunca B\u00e2cului (spre str. Uzinelor) devine \u201estr. Lunca B\u00e2cului\u201d;<\/li>\n\n\n\n<li>Sta\u021bia \u201eMagazinul \u201eStroma\u201d\u201d din str. Lunca B\u00e2cului (spre str. Gr\u0103dina Botanic\u0103) devine \u201estr. Lunca B\u00e2cului\u201d;<\/li>\n\n\n\n<li>Sta\u021bia \u201eAsocia\u021bia \u201eTutun-CTC\u201d\u201d de pe str. Uzinelor (spre str. Lunca B\u00e2cului) devine \u201estr. Uzinelor\u201d;<\/li>\n\n\n\n<li>Sta\u021bia \u201eAsocia\u021bia \u201eTutun-CTC\u201d\u201d de pe str. Uzinelor (spre str. Tudor Vladimirescu) devine \u201estr. Vadul lui Vod\u0103\u201d;<\/li>\n\n\n\n<li>Sta\u021bia \u201eAsocia\u021bia \u201eBeton Armat\u201d\u201d de pe str. Uzinelor (spre str. Lunca B\u00e2cului) devine \u201eDispeceratul RTEC\u201d;<\/li>\n\n\n\n<li>Sta\u021bia \u201eAsocia\u021bia \u201eBeton Armat\u201d\u201d de pe str. Uzinelor (spre str. Tudor Vladimirescu) devine \u201eDispeceratul RTEC\u201d;<\/li>\n\n\n\n<li>Sta\u021bia \u201e\u0218coala medie pe schimburi nr. 3\u201d de pe str. Uzinelor (spre str. Lunca B\u00e2cului) devine \u201estr. Uzinelor, 66\u201d;<\/li>\n\n\n\n<li>Sta\u021bia \u201e\u0218coala medie pe schimburi nr. 3\u201d de pe str. Uzinelor (spre str. Tudor Vladimirescu) devine \u201estr. Uzinelor, 105\u201d;<\/li>\n\n\n\n<li>Sta\u021bia \u201eCentrul comercial \u201eSupraten\u201d\u201d de pe str. Me\u0219terul Manole (spre bd. Mircea cel B\u0103tr\u00e2n) devine \u201estr. Ciocana\u201d;<\/li>\n\n\n\n<li>Sta\u021bia \u201eCentrul comercial \u201eSupraten\u201d\u201d de pe str. Me\u0219terul Manole (spre str. Voluntarilor) devine \u201estr. Ciocana\u201d;<\/li>\n\n\n\n<li>Sta\u021bia \u201eUzina \u201eIntroscop\u201d\u201d de pe str. Me\u0219terul Manole (spre str. Voluntarilor) devine \u201estr. Maria Dr\u0103gan\u201d;<\/li>\n\n\n\n<li>Sta\u021bia \u201estr. Pietrarilor\u201d de pe Drumul Viilor (spre str. Pietrarilor) devine \u201eBiserica \u201eSf. Dumitru cel Nou\u201d\u201d.<\/li>\n<\/ul>\n\n\n\n<p>Operatorii municipali de transport: \u00ce.M. \u201eRegia transport electric\u201d \u0219i \u00ce.M. \u201eParcul urban de autobuze\u201d vor actualiza graficele de circula\u021bie \u0219i vor reflecta noile denumiri pe panourile informative amplasate \u00een sta\u021biile respective.<\/p>\n\n\n\n<p>De asemenea, vor fi ajustate corespunz\u0103tor anun\u021burile sonore despre denumirea sta\u021biilor din interiorul troleibuzelor \u0219i autobuzelor.<\/p>\n\n\n\n<figure class=\"wp-block-gallery has-nested-images columns-default is-cropped wp-block-gallery-1 is-layout-flex wp-block-gallery-is-layout-flex\">\n<figure class=\"wp-block-image size-large\"><img fetchpriority=\"high\" decoding=\"async\" width=\"487\" height=\"700\" data-id=\"13758\" src=\"https:\/\/mobilitatechisinau.md\/wp-content\/uploads\/2025\/02\/Disp_-statii-1.png\" alt=\"\" class=\"wp-image-13758\" srcset=\"https:\/\/mobilitatechisinau.md\/wp-content\/uploads\/2025\/02\/Disp_-statii-1.png 487w, https:\/\/mobilitatechisinau.md\/wp-content\/uploads\/2025\/02\/Disp_-statii-1-209x300.png 209w, https:\/\/mobilitatechisinau.md\/wp-content\/uploads\/2025\/02\/Disp_-statii-1-8x12.png 8w, https:\/\/mobilitatechisinau.md\/wp-content\/uploads\/2025\/02\/Disp_-statii-1-243x350.png 243w\" sizes=\"(max-width: 487px) 100vw, 487px\" \/><\/figure>\n\n\n\n<figure class=\"wp-block-image size-large\"><img decoding=\"async\" width=\"487\" height=\"700\" data-id=\"13759\" src=\"https:\/\/mobilitatechisinau.md\/wp-content\/uploads\/2025\/02\/Disp_-statii-2.png\" alt=\"\" class=\"wp-image-13759\" srcset=\"https:\/\/mobilitatechisinau.md\/wp-content\/uploads\/2025\/02\/Disp_-statii-2.png 487w, https:\/\/mobilitatechisinau.md\/wp-content\/uploads\/2025\/02\/Disp_-statii-2-209x300.png 209w, https:\/\/mobilitatechisinau.md\/wp-content\/uploads\/2025\/02\/Disp_-statii-2-8x12.png 8w, https:\/\/mobilitatechisinau.md\/wp-content\/uploads\/2025\/02\/Disp_-statii-2-243x350.png 243w\" sizes=\"(max-width: 487px) 100vw, 487px\" \/><\/figure>\n<\/figure>\n","protected":false},"excerpt":{"rendered":"<p>Prim\u0103ria Municipiului Chi\u0219in\u0103u informeaz\u0103 c\u0103, \u00eencep\u00e2nd cu data de&nbsp;1 februarie 2025, vor fi redenumite mai multe sta\u021bii ale transportului public din raza municipiului. M\u0103sura vine ca urmare a necesit\u0103\u021bii actualiz\u0103rii denumirilor sta\u021biilor pentru a reflecta mai clar reperele locale \u0219i a \u00eembun\u0103t\u0103\u021bi orientarea utilizatorilor, dup\u0103 inventarierea desf\u0103\u0219urat\u0103 de autorit\u0103\u021bile municipale. Lista sta\u021biilor transportului public care [&hellip;]<\/p>\n","protected":false},"author":1,"featured_media":13761,"comment_status":"closed","ping_status":"open","sticky":false,"template":"","format":"standard","meta":{"footnotes":""},"categories":[92],"tags":[],"class_list":["post-13756","post","type-post","status-publish","format-standard","has-post-thumbnail","hentry","category-comunicate"],"yoast_head":"<!-- This site is optimized with the Yoast SEO plugin v23.9 - https:\/\/yoast.com\/wordpress\/plugins\/seo\/ -->\n<title>Redenumirea unor sta\u021bii ale transportului public din municipiul Chi\u0219in\u0103u din data de 1 februarie 2025 - mobilitatechisinau.md<\/title>\n<meta name=\"robots\" content=\"index, follow, max-snippet:-1, max-image-preview:large, max-video-preview:-1\" \/>\n<link rel=\"canonical\" href=\"https:\/\/mobilitatechisinau.md\/?p=13756\" \/>\n<meta property=\"og:locale\" content=\"ro_RO\" \/>\n<meta property=\"og:type\" content=\"article\" \/>\n<meta property=\"og:title\" content=\"Redenumirea unor sta\u021bii ale transportului public din municipiul Chi\u0219in\u0103u din data de 1 februarie 2025 - mobilitatechisinau.md\" \/>\n<meta property=\"og:description\" content=\"Prim\u0103ria Municipiului Chi\u0219in\u0103u informeaz\u0103 c\u0103, \u00eencep\u00e2nd cu data de&nbsp;1 februarie 2025, vor fi redenumite mai multe sta\u021bii ale transportului public din raza municipiului. M\u0103sura vine ca urmare a necesit\u0103\u021bii actualiz\u0103rii denumirilor sta\u021biilor pentru a reflecta mai clar reperele locale \u0219i a \u00eembun\u0103t\u0103\u021bi orientarea utilizatorilor, dup\u0103 inventarierea desf\u0103\u0219urat\u0103 de autorit\u0103\u021bile municipale. Lista sta\u021biilor transportului public care [&hellip;]\" \/>\n<meta property=\"og:url\" content=\"https:\/\/mobilitatechisinau.md\/?p=13756\" \/>\n<meta property=\"og:site_name\" content=\"mobilitatechisinau.md\" \/>\n<meta property=\"article:publisher\" content=\"https:\/\/www.facebook.com\/DGTPCC\" \/>\n<meta property=\"article:published_time\" content=\"2025-01-31T15:41:00+00:00\" \/>\n<meta property=\"article:modified_time\" content=\"2025-02-02T19:46:49+00:00\" \/>\n<meta property=\"og:image\" content=\"https:\/\/mobilitatechisinau.md\/wp-content\/uploads\/2025\/01\/statii_redenumite.jpg\" \/>\n\t<meta property=\"og:image:width\" content=\"1200\" \/>\n\t<meta property=\"og:image:height\" content=\"700\" \/>\n\t<meta property=\"og:image:type\" content=\"image\/jpeg\" \/>\n<meta name=\"author\" content=\"dgtpcc.md\" \/>\n<meta name=\"twitter:card\" content=\"summary_large_image\" \/>\n<meta name=\"twitter:label1\" content=\"Scris de\" \/>\n\t<meta name=\"twitter:data1\" content=\"dgtpcc.md\" \/>\n\t<meta name=\"twitter:label2\" content=\"Timp estimat pentru citire\" \/>\n\t<meta name=\"twitter:data2\" content=\"3 minute\" \/>\n<script type=\"application\/ld+json\" class=\"yoast-schema-graph\">{\"@context\":\"https:\/\/schema.org\",\"@graph\":[{\"@type\":\"Article\",\"@id\":\"https:\/\/mobilitatechisinau.md\/?p=13756#article\",\"isPartOf\":{\"@id\":\"https:\/\/mobilitatechisinau.md\/?p=13756\"},\"author\":{\"name\":\"dgtpcc.md\",\"@id\":\"https:\/\/mobilitatechisinau.md\/#\/schema\/person\/c25d28ff5553bea759689e10224709c7\"},\"headline\":\"Redenumirea unor sta\u021bii ale transportului public din municipiul Chi\u0219in\u0103u din data de 1 februarie 2025\",\"datePublished\":\"2025-01-31T15:41:00+00:00\",\"dateModified\":\"2025-02-02T19:46:49+00:00\",\"mainEntityOfPage\":{\"@id\":\"https:\/\/mobilitatechisinau.md\/?p=13756\"},\"wordCount\":493,\"publisher\":{\"@id\":\"https:\/\/mobilitatechisinau.md\/#organization\"},\"image\":{\"@id\":\"https:\/\/mobilitatechisinau.md\/?p=13756#primaryimage\"},\"thumbnailUrl\":\"https:\/\/mobilitatechisinau.md\/wp-content\/uploads\/2025\/01\/statii_redenumite.jpg\",\"articleSection\":[\"Comunicate de pres\u0103\"],\"inLanguage\":\"ro-RO\"},{\"@type\":\"WebPage\",\"@id\":\"https:\/\/mobilitatechisinau.md\/?p=13756\",\"url\":\"https:\/\/mobilitatechisinau.md\/?p=13756\",\"name\":\"Redenumirea unor sta\u021bii ale transportului public din municipiul Chi\u0219in\u0103u din data de 1 februarie 2025 - mobilitatechisinau.md\",\"isPartOf\":{\"@id\":\"https:\/\/mobilitatechisinau.md\/#website\"},\"primaryImageOfPage\":{\"@id\":\"https:\/\/mobilitatechisinau.md\/?p=13756#primaryimage\"},\"image\":{\"@id\":\"https:\/\/mobilitatechisinau.md\/?p=13756#primaryimage\"},\"thumbnailUrl\":\"https:\/\/mobilitatechisinau.md\/wp-content\/uploads\/2025\/01\/statii_redenumite.jpg\",\"datePublished\":\"2025-01-31T15:41:00+00:00\",\"dateModified\":\"2025-02-02T19:46:49+00:00\",\"breadcrumb\":{\"@id\":\"https:\/\/mobilitatechisinau.md\/?p=13756#breadcrumb\"},\"inLanguage\":\"ro-RO\",\"potentialAction\":[{\"@type\":\"ReadAction\",\"target\":[\"https:\/\/mobilitatechisinau.md\/?p=13756\"]}]},{\"@type\":\"ImageObject\",\"inLanguage\":\"ro-RO\",\"@id\":\"https:\/\/mobilitatechisinau.md\/?p=13756#primaryimage\",\"url\":\"https:\/\/mobilitatechisinau.md\/wp-content\/uploads\/2025\/01\/statii_redenumite.jpg\",\"contentUrl\":\"https:\/\/mobilitatechisinau.md\/wp-content\/uploads\/2025\/01\/statii_redenumite.jpg\",\"width\":1200,\"height\":700},{\"@type\":\"BreadcrumbList\",\"@id\":\"https:\/\/mobilitatechisinau.md\/?p=13756#breadcrumb\",\"itemListElement\":[{\"@type\":\"ListItem\",\"position\":1,\"name\":\"Prima pagin\u0103\",\"item\":\"https:\/\/mobilitatechisinau.md\/\"},{\"@type\":\"ListItem\",\"position\":2,\"name\":\"Redenumirea unor sta\u021bii ale transportului public din municipiul Chi\u0219in\u0103u din data de 1 februarie 2025\"}]},{\"@type\":\"WebSite\",\"@id\":\"https:\/\/mobilitatechisinau.md\/#website\",\"url\":\"https:\/\/mobilitatechisinau.md\/\",\"name\":\"mobilitatechisinau.md\",\"description\":\"Direc\u0163ia General\u0103 Mobilitate Urban\u0103\",\"publisher\":{\"@id\":\"https:\/\/mobilitatechisinau.md\/#organization\"},\"potentialAction\":[{\"@type\":\"SearchAction\",\"target\":{\"@type\":\"EntryPoint\",\"urlTemplate\":\"https:\/\/mobilitatechisinau.md\/?s={search_term_string}\"},\"query-input\":{\"@type\":\"PropertyValueSpecification\",\"valueRequired\":true,\"valueName\":\"search_term_string\"}}],\"inLanguage\":\"ro-RO\"},{\"@type\":\"Organization\",\"@id\":\"https:\/\/mobilitatechisinau.md\/#organization\",\"name\":\"Direc\u0163ia general\u0103 transport public \u015fi c\u0103i de comunica\u0163ie\",\"url\":\"https:\/\/mobilitatechisinau.md\/\",\"logo\":{\"@type\":\"ImageObject\",\"inLanguage\":\"ro-RO\",\"@id\":\"https:\/\/mobilitatechisinau.md\/#\/schema\/logo\/image\/\",\"url\":\"https:\/\/dgtpcc.md\/wp-content\/uploads\/2022\/05\/DGTPCC-Chis\u0326ina\u0306u-new.jpg\",\"contentUrl\":\"https:\/\/dgtpcc.md\/wp-content\/uploads\/2022\/05\/DGTPCC-Chis\u0326ina\u0306u-new.jpg\",\"width\":304,\"height\":80,\"caption\":\"Direc\u0163ia general\u0103 transport public \u015fi c\u0103i de comunica\u0163ie\"},\"image\":{\"@id\":\"https:\/\/mobilitatechisinau.md\/#\/schema\/logo\/image\/\"},\"sameAs\":[\"https:\/\/www.facebook.com\/DGTPCC\"]},{\"@type\":\"Person\",\"@id\":\"https:\/\/mobilitatechisinau.md\/#\/schema\/person\/c25d28ff5553bea759689e10224709c7\",\"name\":\"dgtpcc.md\",\"image\":{\"@type\":\"ImageObject\",\"inLanguage\":\"ro-RO\",\"@id\":\"https:\/\/mobilitatechisinau.md\/#\/schema\/person\/image\/\",\"url\":\"https:\/\/secure.gravatar.com\/avatar\/9057a81ed6aa6c63f6d0d045749b3708fa15d612e3a388d9ac7b50072146c906?s=96&d=mm&r=g\",\"contentUrl\":\"https:\/\/secure.gravatar.com\/avatar\/9057a81ed6aa6c63f6d0d045749b3708fa15d612e3a388d9ac7b50072146c906?s=96&d=mm&r=g\",\"caption\":\"dgtpcc.md\"},\"sameAs\":[\"https:\/\/dgtpcc.md\"],\"url\":\"https:\/\/mobilitatechisinau.md\/?author=1\"}]}<\/script>\n<!-- \/ Yoast SEO plugin. -->","yoast_head_json":{"title":"Redenumirea unor sta\u021bii ale transportului public din municipiul Chi\u0219in\u0103u din data de 1 februarie 2025 - mobilitatechisinau.md","robots":{"index":"index","follow":"follow","max-snippet":"max-snippet:-1","max-image-preview":"max-image-preview:large","max-video-preview":"max-video-preview:-1"},"canonical":"https:\/\/mobilitatechisinau.md\/?p=13756","og_locale":"ro_RO","og_type":"article","og_title":"Redenumirea unor sta\u021bii ale transportului public din municipiul Chi\u0219in\u0103u din data de 1 februarie 2025 - mobilitatechisinau.md","og_description":"Prim\u0103ria Municipiului Chi\u0219in\u0103u informeaz\u0103 c\u0103, \u00eencep\u00e2nd cu data de&nbsp;1 februarie 2025, vor fi redenumite mai multe sta\u021bii ale transportului public din raza municipiului. M\u0103sura vine ca urmare a necesit\u0103\u021bii actualiz\u0103rii denumirilor sta\u021biilor pentru a reflecta mai clar reperele locale \u0219i a \u00eembun\u0103t\u0103\u021bi orientarea utilizatorilor, dup\u0103 inventarierea desf\u0103\u0219urat\u0103 de autorit\u0103\u021bile municipale. Lista sta\u021biilor transportului public care [&hellip;]","og_url":"https:\/\/mobilitatechisinau.md\/?p=13756","og_site_name":"mobilitatechisinau.md","article_publisher":"https:\/\/www.facebook.com\/DGTPCC","article_published_time":"2025-01-31T15:41:00+00:00","article_modified_time":"2025-02-02T19:46:49+00:00","og_image":[{"width":1200,"height":700,"url":"https:\/\/mobilitatechisinau.md\/wp-content\/uploads\/2025\/01\/statii_redenumite.jpg","type":"image\/jpeg"}],"author":"dgtpcc.md","twitter_card":"summary_large_image","twitter_misc":{"Scris de":"dgtpcc.md","Timp estimat pentru citire":"3 minute"},"schema":{"@context":"https:\/\/schema.org","@graph":[{"@type":"Article","@id":"https:\/\/mobilitatechisinau.md\/?p=13756#article","isPartOf":{"@id":"https:\/\/mobilitatechisinau.md\/?p=13756"},"author":{"name":"dgtpcc.md","@id":"https:\/\/mobilitatechisinau.md\/#\/schema\/person\/c25d28ff5553bea759689e10224709c7"},"headline":"Redenumirea unor sta\u021bii ale transportului public din municipiul Chi\u0219in\u0103u din data de 1 februarie 2025","datePublished":"2025-01-31T15:41:00+00:00","dateModified":"2025-02-02T19:46:49+00:00","mainEntityOfPage":{"@id":"https:\/\/mobilitatechisinau.md\/?p=13756"},"wordCount":493,"publisher":{"@id":"https:\/\/mobilitatechisinau.md\/#organization"},"image":{"@id":"https:\/\/mobilitatechisinau.md\/?p=13756#primaryimage"},"thumbnailUrl":"https:\/\/mobilitatechisinau.md\/wp-content\/uploads\/2025\/01\/statii_redenumite.jpg","articleSection":["Comunicate de pres\u0103"],"inLanguage":"ro-RO"},{"@type":"WebPage","@id":"https:\/\/mobilitatechisinau.md\/?p=13756","url":"https:\/\/mobilitatechisinau.md\/?p=13756","name":"Redenumirea unor sta\u021bii ale transportului public din municipiul Chi\u0219in\u0103u din data de 1 februarie 2025 - mobilitatechisinau.md","isPartOf":{"@id":"https:\/\/mobilitatechisinau.md\/#website"},"primaryImageOfPage":{"@id":"https:\/\/mobilitatechisinau.md\/?p=13756#primaryimage"},"image":{"@id":"https:\/\/mobilitatechisinau.md\/?p=13756#primaryimage"},"thumbnailUrl":"https:\/\/mobilitatechisinau.md\/wp-content\/uploads\/2025\/01\/statii_redenumite.jpg","datePublished":"2025-01-31T15:41:00+00:00","dateModified":"2025-02-02T19:46:49+00:00","breadcrumb":{"@id":"https:\/\/mobilitatechisinau.md\/?p=13756#breadcrumb"},"inLanguage":"ro-RO","potentialAction":[{"@type":"ReadAction","target":["https:\/\/mobilitatechisinau.md\/?p=13756"]}]},{"@type":"ImageObject","inLanguage":"ro-RO","@id":"https:\/\/mobilitatechisinau.md\/?p=13756#primaryimage","url":"https:\/\/mobilitatechisinau.md\/wp-content\/uploads\/2025\/01\/statii_redenumite.jpg","contentUrl":"https:\/\/mobilitatechisinau.md\/wp-content\/uploads\/2025\/01\/statii_redenumite.jpg","width":1200,"height":700},{"@type":"BreadcrumbList","@id":"https:\/\/mobilitatechisinau.md\/?p=13756#breadcrumb","itemListElement":[{"@type":"ListItem","position":1,"name":"Prima pagin\u0103","item":"https:\/\/mobilitatechisinau.md\/"},{"@type":"ListItem","position":2,"name":"Redenumirea unor sta\u021bii ale transportului public din municipiul Chi\u0219in\u0103u din data de 1 februarie 2025"}]},{"@type":"WebSite","@id":"https:\/\/mobilitatechisinau.md\/#website","url":"https:\/\/mobilitatechisinau.md\/","name":"mobilitatechisinau.md","description":"Direc\u0163ia General\u0103 Mobilitate Urban\u0103","publisher":{"@id":"https:\/\/mobilitatechisinau.md\/#organization"},"potentialAction":[{"@type":"SearchAction","target":{"@type":"EntryPoint","urlTemplate":"https:\/\/mobilitatechisinau.md\/?s={search_term_string}"},"query-input":{"@type":"PropertyValueSpecification","valueRequired":true,"valueName":"search_term_string"}}],"inLanguage":"ro-RO"},{"@type":"Organization","@id":"https:\/\/mobilitatechisinau.md\/#organization","name":"Direc\u0163ia general\u0103 transport public \u015fi c\u0103i de comunica\u0163ie","url":"https:\/\/mobilitatechisinau.md\/","logo":{"@type":"ImageObject","inLanguage":"ro-RO","@id":"https:\/\/mobilitatechisinau.md\/#\/schema\/logo\/image\/","url":"https:\/\/dgtpcc.md\/wp-content\/uploads\/2022\/05\/DGTPCC-Chis\u0326ina\u0306u-new.jpg","contentUrl":"https:\/\/dgtpcc.md\/wp-content\/uploads\/2022\/05\/DGTPCC-Chis\u0326ina\u0306u-new.jpg","width":304,"height":80,"caption":"Direc\u0163ia general\u0103 transport public \u015fi c\u0103i de comunica\u0163ie"},"image":{"@id":"https:\/\/mobilitatechisinau.md\/#\/schema\/logo\/image\/"},"sameAs":["https:\/\/www.facebook.com\/DGTPCC"]},{"@type":"Person","@id":"https:\/\/mobilitatechisinau.md\/#\/schema\/person\/c25d28ff5553bea759689e10224709c7","name":"dgtpcc.md","image":{"@type":"ImageObject","inLanguage":"ro-RO","@id":"https:\/\/mobilitatechisinau.md\/#\/schema\/person\/image\/","url":"https:\/\/secure.gravatar.com\/avatar\/9057a81ed6aa6c63f6d0d045749b3708fa15d612e3a388d9ac7b50072146c906?s=96&d=mm&r=g","contentUrl":"https:\/\/secure.gravatar.com\/avatar\/9057a81ed6aa6c63f6d0d045749b3708fa15d612e3a388d9ac7b50072146c906?s=96&d=mm&r=g","caption":"dgtpcc.md"},"sameAs":["https:\/\/dgtpcc.md"],"url":"https:\/\/mobilitatechisinau.md\/?author=1"}]}},"_links":{"self":[{"href":"https:\/\/mobilitatechisinau.md\/index.php?rest_route=\/wp\/v2\/posts\/13756","targetHints":{"allow":["GET"]}}],"collection":[{"href":"https:\/\/mobilitatechisinau.md\/index.php?rest_route=\/wp\/v2\/posts"}],"about":[{"href":"https:\/\/mobilitatechisinau.md\/index.php?rest_route=\/wp\/v2\/types\/post"}],"author":[{"embeddable":true,"href":"https:\/\/mobilitatechisinau.md\/index.php?rest_route=\/wp\/v2\/users\/1"}],"replies":[{"embeddable":true,"href":"https:\/\/mobilitatechisinau.md\/index.php?rest_route=%2Fwp%2Fv2%2Fcomments&post=13756"}],"version-history":[{"count":1,"href":"https:\/\/mobilitatechisinau.md\/index.php?rest_route=\/wp\/v2\/posts\/13756\/revisions"}],"predecessor-version":[{"id":13760,"href":"https:\/\/mobilitatechisinau.md\/index.php?rest_route=\/wp\/v2\/posts\/13756\/revisions\/13760"}],"wp:featuredmedia":[{"embeddable":true,"href":"https:\/\/mobilitatechisinau.md\/index.php?rest_route=\/wp\/v2\/media\/13761"}],"wp:attachment":[{"href":"https:\/\/mobilitatechisinau.md\/index.php?rest_route=%2Fwp%2Fv2%2Fmedia&parent=13756"}],"wp:term":[{"taxonomy":"category","embeddable":true,"href":"https:\/\/mobilitatechisinau.md\/index.php?rest_route=%2Fwp%2Fv2%2Fcategories&post=13756"},{"taxonomy":"post_tag","embeddable":true,"href":"https:\/\/mobilitatechisinau.md\/index.php?rest_route=%2Fwp%2Fv2%2Ftags&post=13756"}],"curies":[{"name":"wp","href":"https:\/\/api.w.org\/{rel}","templated":true}]}}