{"id":13803,"date":"2025-02-03T15:33:00","date_gmt":"2025-02-03T13:33:00","guid":{"rendered":"https:\/\/mobilitatechisinau.md\/?p=13803"},"modified":"2025-02-17T15:39:42","modified_gmt":"2025-02-17T13:39:42","slug":"lucrari-de-reparatie-si-intretinere-a-infrastructurii-rutiere-municipale-executate-pe-parcursul-saptamanii-trecute-19","status":"publish","type":"post","link":"https:\/\/mobilitatechisinau.md\/?p=13803","title":{"rendered":"Lucr\u0103ri de repara\u021bie \u0219i \u00eentre\u021binere a infrastructurii rutiere municipale executate pe parcursul s\u0103pt\u0103m\u00e2nii trecute"},"content":{"rendered":"\n<p>\u00cen perioada \u00een perioada 27 ianuarie \u2013 02 februarie 2025, \u00eentreprinderile din subordinea Direc\u021biei Generale Mobilitate Urban\u0103 au efectuat un \u0219ir de lucr\u0103ri de \u00eentre\u021binere a infrastructurii municipale.<\/p>\n\n\n\n<p>Astfel, Regia \u201eExdrupo\u201d a desf\u0103\u0219urat lucr\u0103ri de repara\u021bie \u0219i \u00eentre\u021binere a mai multor drumuri publice din municipiul Chi\u0219in\u0103u, remediind avariile de pe zona carosabil\u0103 prin plomb\u0103ri cu beton asfaltic rece.<\/p>\n\n\n\n<p>\u00cen acela\u0219i timp, pe str-la Gheorghe Cucereanu au fost ini\u021biate ac\u021biuni de reabilitare a drumului, prin excavare, reprofilarea funda\u021biei \u0219i a\u0219ternerea pietri\u0219ului. Ulterior, va fi amenajat cu asfalt frezat, pentru a oferi locuitorilor din zona condi\u021bii mai bune de deplasare.<\/p>\n\n\n\n<p>Pe podul rutier din strada Ismail au avut loc lucr\u0103ri de cur\u0103\u021bare, amorsare \u0219i aplicarea tencuielii pe unele suprafe\u021be ale pasajului.<\/p>\n\n\n\n<p>Pe drumul de acces spre com. Bubuieci au continuat ac\u021biunile de amenajare a acostamentului, fiind distribuite \u0219i compactate peste 100 tone de pietri\u0219 \u0219i 30 tone de beton asfaltic suprimat.<\/p>\n\n\n\n<p>Pentru \u00eentre\u021binerea sistemului pluvial, au fost realizate peste 200 de interven\u021bii de cur\u0103\u021bare, sp\u0103lare, pomparea apei \u0219i eliminarea de\u0219eurilor, iar anumite elemente ale re\u021belei au fost reparate.<\/p>\n\n\n\n<p>Totodat\u0103, circa 40 de str\u0103zi din ora\u0219 au fost salubrizate, prin cur\u0103\u021barea de n\u0103mol \u0219i gunoaie, fiind efectuate peste 70 de curse de evacuare. La fel, s-a asigurat cur\u0103\u021benia pasajelor subterane.<\/p>\n\n\n\n<p>Pentru a spori siguran\u021ba \u00een trafic, \u00een perioada de referin\u021b\u0103 au fost montate 110 indicatoare rutiere noi, iar alte 174 au fost reparate.<\/p>\n\n\n\n<p>De r\u00e2nd cu lucr\u0103rile de infrastructur\u0103 rutier\u0103, \u00een perioada men\u021bionat\u0103 s-a realizat \u00eentre\u021binerea \u0219i modernizarea sistemului de iluminat public \u00een toate sectoarele ora\u0219ului Chi\u0219in\u0103u \u0219i \u00een suburbii.<\/p>\n\n\n\n<p>Astfel, \u00ce.M. REI \u201eLumteh\u201d a efectuat: montarea a 280 metri de cabluri, repara\u021bii la 121 de corpuri de iluminat \u0219i \u00eenlocuirea a 50 de becuri, montarea a 3 piloni \u0219i a 15 de suporturi. De asemenea, au fost \u00eenlocuite 11 conductoare de alimentare \u0219i revizuite liniile electrice aeriene pe o distan\u021b\u0103 de 13,5 km.<\/p>\n\n\n\n<p>Lucr\u0103rile de \u00eentre\u021binere a infrastructurii vor continua.<\/p>\n\n\n\n<figure class=\"wp-block-gallery has-nested-images columns-default is-cropped wp-block-gallery-1 is-layout-flex wp-block-gallery-is-layout-flex\">\n<figure class=\"wp-block-image\"><img fetchpriority=\"high\" decoding=\"async\" width=\"525\" height=\"700\" data-id=\"13805\" src=\"https:\/\/mobilitatechisinau.md\/wp-content\/uploads\/2025\/02\/1.jpg\" alt=\"\" class=\"wp-image-13805\" srcset=\"https:\/\/mobilitatechisinau.md\/wp-content\/uploads\/2025\/02\/1.jpg 525w, https:\/\/mobilitatechisinau.md\/wp-content\/uploads\/2025\/02\/1-225x300.jpg 225w, https:\/\/mobilitatechisinau.md\/wp-content\/uploads\/2025\/02\/1-9x12.jpg 9w, https:\/\/mobilitatechisinau.md\/wp-content\/uploads\/2025\/02\/1-262x350.jpg 262w\" sizes=\"(max-width: 525px) 100vw, 525px\" \/><\/figure>\n\n\n\n<figure class=\"wp-block-image\"><img decoding=\"async\" width=\"525\" height=\"700\" data-id=\"13806\" src=\"https:\/\/mobilitatechisinau.md\/wp-content\/uploads\/2025\/02\/2.jpg\" alt=\"\" class=\"wp-image-13806\" srcset=\"https:\/\/mobilitatechisinau.md\/wp-content\/uploads\/2025\/02\/2.jpg 525w, https:\/\/mobilitatechisinau.md\/wp-content\/uploads\/2025\/02\/2-225x300.jpg 225w, https:\/\/mobilitatechisinau.md\/wp-content\/uploads\/2025\/02\/2-9x12.jpg 9w, https:\/\/mobilitatechisinau.md\/wp-content\/uploads\/2025\/02\/2-262x350.jpg 262w\" sizes=\"(max-width: 525px) 100vw, 525px\" \/><\/figure>\n\n\n\n<figure class=\"wp-block-image\"><img decoding=\"async\" width=\"525\" height=\"700\" data-id=\"13807\" src=\"https:\/\/mobilitatechisinau.md\/wp-content\/uploads\/2025\/02\/3.jpg\" alt=\"\" class=\"wp-image-13807\" srcset=\"https:\/\/mobilitatechisinau.md\/wp-content\/uploads\/2025\/02\/3.jpg 525w, https:\/\/mobilitatechisinau.md\/wp-content\/uploads\/2025\/02\/3-225x300.jpg 225w, https:\/\/mobilitatechisinau.md\/wp-content\/uploads\/2025\/02\/3-9x12.jpg 9w, https:\/\/mobilitatechisinau.md\/wp-content\/uploads\/2025\/02\/3-262x350.jpg 262w\" sizes=\"(max-width: 525px) 100vw, 525px\" \/><\/figure>\n\n\n\n<figure class=\"wp-block-image\"><img loading=\"lazy\" decoding=\"async\" width=\"394\" height=\"700\" data-id=\"13808\" src=\"https:\/\/mobilitatechisinau.md\/wp-content\/uploads\/2025\/02\/4.jpg\" alt=\"\" class=\"wp-image-13808\" srcset=\"https:\/\/mobilitatechisinau.md\/wp-content\/uploads\/2025\/02\/4.jpg 394w, https:\/\/mobilitatechisinau.md\/wp-content\/uploads\/2025\/02\/4-169x300.jpg 169w, https:\/\/mobilitatechisinau.md\/wp-content\/uploads\/2025\/02\/4-7x12.jpg 7w, https:\/\/mobilitatechisinau.md\/wp-content\/uploads\/2025\/02\/4-197x350.jpg 197w\" sizes=\"(max-width: 394px) 100vw, 394px\" \/><\/figure>\n\n\n\n<figure class=\"wp-block-image\"><img loading=\"lazy\" decoding=\"async\" width=\"525\" height=\"700\" data-id=\"13809\" src=\"https:\/\/mobilitatechisinau.md\/wp-content\/uploads\/2025\/02\/5.jpg\" alt=\"\" class=\"wp-image-13809\" srcset=\"https:\/\/mobilitatechisinau.md\/wp-content\/uploads\/2025\/02\/5.jpg 525w, https:\/\/mobilitatechisinau.md\/wp-content\/uploads\/2025\/02\/5-225x300.jpg 225w, https:\/\/mobilitatechisinau.md\/wp-content\/uploads\/2025\/02\/5-9x12.jpg 9w, https:\/\/mobilitatechisinau.md\/wp-content\/uploads\/2025\/02\/5-262x350.jpg 262w\" sizes=\"(max-width: 525px) 100vw, 525px\" \/><\/figure>\n\n\n\n<figure class=\"wp-block-image\"><img loading=\"lazy\" decoding=\"async\" width=\"933\" height=\"700\" data-id=\"13810\" src=\"https:\/\/mobilitatechisinau.md\/wp-content\/uploads\/2025\/02\/6.jpg\" alt=\"\" class=\"wp-image-13810\" srcset=\"https:\/\/mobilitatechisinau.md\/wp-content\/uploads\/2025\/02\/6.jpg 933w, https:\/\/mobilitatechisinau.md\/wp-content\/uploads\/2025\/02\/6-300x225.jpg 300w, https:\/\/mobilitatechisinau.md\/wp-content\/uploads\/2025\/02\/6-768x576.jpg 768w, https:\/\/mobilitatechisinau.md\/wp-content\/uploads\/2025\/02\/6-16x12.jpg 16w, https:\/\/mobilitatechisinau.md\/wp-content\/uploads\/2025\/02\/6-466x350.jpg 466w\" sizes=\"(max-width: 933px) 100vw, 933px\" \/><\/figure>\n<\/figure>\n","protected":false},"excerpt":{"rendered":"<p>\u00cen perioada \u00een perioada 27 ianuarie \u2013 02 februarie 2025, \u00eentreprinderile din subordinea Direc\u021biei Generale Mobilitate Urban\u0103 au efectuat un \u0219ir de lucr\u0103ri de \u00eentre\u021binere a infrastructurii municipale. Astfel, Regia \u201eExdrupo\u201d a desf\u0103\u0219urat lucr\u0103ri de repara\u021bie \u0219i \u00eentre\u021binere a mai multor drumuri publice din municipiul Chi\u0219in\u0103u, remediind avariile de pe zona carosabil\u0103 prin plomb\u0103ri cu [&hellip;]<\/p>\n","protected":false},"author":1,"featured_media":13804,"comment_status":"closed","ping_status":"open","sticky":false,"template":"","format":"standard","meta":{"footnotes":""},"categories":[92],"tags":[],"class_list":["post-13803","post","type-post","status-publish","format-standard","has-post-thumbnail","hentry","category-comunicate"],"yoast_head":"<!-- This site is optimized with the Yoast SEO plugin v23.9 - https:\/\/yoast.com\/wordpress\/plugins\/seo\/ -->\n<title>Lucr\u0103ri de repara\u021bie \u0219i \u00eentre\u021binere a infrastructurii rutiere municipale executate pe parcursul s\u0103pt\u0103m\u00e2nii trecute - mobilitatechisinau.md<\/title>\n<meta name=\"robots\" content=\"index, follow, max-snippet:-1, max-image-preview:large, max-video-preview:-1\" \/>\n<link rel=\"canonical\" href=\"https:\/\/mobilitatechisinau.md\/?p=13803\" \/>\n<meta property=\"og:locale\" content=\"ro_RO\" \/>\n<meta property=\"og:type\" content=\"article\" \/>\n<meta property=\"og:title\" content=\"Lucr\u0103ri de repara\u021bie \u0219i \u00eentre\u021binere a infrastructurii rutiere municipale executate pe parcursul s\u0103pt\u0103m\u00e2nii trecute - mobilitatechisinau.md\" \/>\n<meta property=\"og:description\" content=\"\u00cen perioada \u00een perioada 27 ianuarie \u2013 02 februarie 2025, \u00eentreprinderile din subordinea Direc\u021biei Generale Mobilitate Urban\u0103 au efectuat un \u0219ir de lucr\u0103ri de \u00eentre\u021binere a infrastructurii municipale. Astfel, Regia \u201eExdrupo\u201d a desf\u0103\u0219urat lucr\u0103ri de repara\u021bie \u0219i \u00eentre\u021binere a mai multor drumuri publice din municipiul Chi\u0219in\u0103u, remediind avariile de pe zona carosabil\u0103 prin plomb\u0103ri cu [&hellip;]\" \/>\n<meta property=\"og:url\" content=\"https:\/\/mobilitatechisinau.md\/?p=13803\" \/>\n<meta property=\"og:site_name\" content=\"mobilitatechisinau.md\" \/>\n<meta property=\"article:publisher\" content=\"https:\/\/www.facebook.com\/DGTPCC\" \/>\n<meta property=\"article:published_time\" content=\"2025-02-03T13:33:00+00:00\" \/>\n<meta property=\"article:modified_time\" content=\"2025-02-17T13:39:42+00:00\" \/>\n<meta property=\"og:image\" content=\"https:\/\/mobilitatechisinau.md\/wp-content\/uploads\/2025\/02\/3-februarie.jpg\" \/>\n\t<meta property=\"og:image:width\" content=\"1200\" \/>\n\t<meta property=\"og:image:height\" content=\"700\" \/>\n\t<meta property=\"og:image:type\" content=\"image\/jpeg\" \/>\n<meta name=\"author\" content=\"dgtpcc.md\" \/>\n<meta name=\"twitter:card\" content=\"summary_large_image\" \/>\n<meta name=\"twitter:label1\" content=\"Scris de\" \/>\n\t<meta name=\"twitter:data1\" content=\"dgtpcc.md\" \/>\n\t<meta name=\"twitter:label2\" content=\"Timp estimat pentru citire\" \/>\n\t<meta name=\"twitter:data2\" content=\"4 minute\" \/>\n<script type=\"application\/ld+json\" class=\"yoast-schema-graph\">{\"@context\":\"https:\/\/schema.org\",\"@graph\":[{\"@type\":\"Article\",\"@id\":\"https:\/\/mobilitatechisinau.md\/?p=13803#article\",\"isPartOf\":{\"@id\":\"https:\/\/mobilitatechisinau.md\/?p=13803\"},\"author\":{\"name\":\"dgtpcc.md\",\"@id\":\"https:\/\/mobilitatechisinau.md\/#\/schema\/person\/c25d28ff5553bea759689e10224709c7\"},\"headline\":\"Lucr\u0103ri de repara\u021bie \u0219i \u00eentre\u021binere a infrastructurii rutiere municipale executate pe parcursul s\u0103pt\u0103m\u00e2nii trecute\",\"datePublished\":\"2025-02-03T13:33:00+00:00\",\"dateModified\":\"2025-02-17T13:39:42+00:00\",\"mainEntityOfPage\":{\"@id\":\"https:\/\/mobilitatechisinau.md\/?p=13803\"},\"wordCount\":362,\"publisher\":{\"@id\":\"https:\/\/mobilitatechisinau.md\/#organization\"},\"image\":{\"@id\":\"https:\/\/mobilitatechisinau.md\/?p=13803#primaryimage\"},\"thumbnailUrl\":\"https:\/\/mobilitatechisinau.md\/wp-content\/uploads\/2025\/02\/3-februarie.jpg\",\"articleSection\":[\"Comunicate de pres\u0103\"],\"inLanguage\":\"ro-RO\"},{\"@type\":\"WebPage\",\"@id\":\"https:\/\/mobilitatechisinau.md\/?p=13803\",\"url\":\"https:\/\/mobilitatechisinau.md\/?p=13803\",\"name\":\"Lucr\u0103ri de repara\u021bie \u0219i \u00eentre\u021binere a infrastructurii rutiere municipale executate pe parcursul s\u0103pt\u0103m\u00e2nii trecute - mobilitatechisinau.md\",\"isPartOf\":{\"@id\":\"https:\/\/mobilitatechisinau.md\/#website\"},\"primaryImageOfPage\":{\"@id\":\"https:\/\/mobilitatechisinau.md\/?p=13803#primaryimage\"},\"image\":{\"@id\":\"https:\/\/mobilitatechisinau.md\/?p=13803#primaryimage\"},\"thumbnailUrl\":\"https:\/\/mobilitatechisinau.md\/wp-content\/uploads\/2025\/02\/3-februarie.jpg\",\"datePublished\":\"2025-02-03T13:33:00+00:00\",\"dateModified\":\"2025-02-17T13:39:42+00:00\",\"breadcrumb\":{\"@id\":\"https:\/\/mobilitatechisinau.md\/?p=13803#breadcrumb\"},\"inLanguage\":\"ro-RO\",\"potentialAction\":[{\"@type\":\"ReadAction\",\"target\":[\"https:\/\/mobilitatechisinau.md\/?p=13803\"]}]},{\"@type\":\"ImageObject\",\"inLanguage\":\"ro-RO\",\"@id\":\"https:\/\/mobilitatechisinau.md\/?p=13803#primaryimage\",\"url\":\"https:\/\/mobilitatechisinau.md\/wp-content\/uploads\/2025\/02\/3-februarie.jpg\",\"contentUrl\":\"https:\/\/mobilitatechisinau.md\/wp-content\/uploads\/2025\/02\/3-februarie.jpg\",\"width\":1200,\"height\":700},{\"@type\":\"BreadcrumbList\",\"@id\":\"https:\/\/mobilitatechisinau.md\/?p=13803#breadcrumb\",\"itemListElement\":[{\"@type\":\"ListItem\",\"position\":1,\"name\":\"Prima pagin\u0103\",\"item\":\"https:\/\/mobilitatechisinau.md\/\"},{\"@type\":\"ListItem\",\"position\":2,\"name\":\"Lucr\u0103ri de repara\u021bie \u0219i \u00eentre\u021binere a infrastructurii rutiere municipale executate pe parcursul s\u0103pt\u0103m\u00e2nii trecute\"}]},{\"@type\":\"WebSite\",\"@id\":\"https:\/\/mobilitatechisinau.md\/#website\",\"url\":\"https:\/\/mobilitatechisinau.md\/\",\"name\":\"mobilitatechisinau.md\",\"description\":\"Direc\u0163ia General\u0103 Mobilitate Urban\u0103\",\"publisher\":{\"@id\":\"https:\/\/mobilitatechisinau.md\/#organization\"},\"potentialAction\":[{\"@type\":\"SearchAction\",\"target\":{\"@type\":\"EntryPoint\",\"urlTemplate\":\"https:\/\/mobilitatechisinau.md\/?s={search_term_string}\"},\"query-input\":{\"@type\":\"PropertyValueSpecification\",\"valueRequired\":true,\"valueName\":\"search_term_string\"}}],\"inLanguage\":\"ro-RO\"},{\"@type\":\"Organization\",\"@id\":\"https:\/\/mobilitatechisinau.md\/#organization\",\"name\":\"Direc\u0163ia general\u0103 transport public \u015fi c\u0103i de comunica\u0163ie\",\"url\":\"https:\/\/mobilitatechisinau.md\/\",\"logo\":{\"@type\":\"ImageObject\",\"inLanguage\":\"ro-RO\",\"@id\":\"https:\/\/mobilitatechisinau.md\/#\/schema\/logo\/image\/\",\"url\":\"https:\/\/dgtpcc.md\/wp-content\/uploads\/2022\/05\/DGTPCC-Chis\u0326ina\u0306u-new.jpg\",\"contentUrl\":\"https:\/\/dgtpcc.md\/wp-content\/uploads\/2022\/05\/DGTPCC-Chis\u0326ina\u0306u-new.jpg\",\"width\":304,\"height\":80,\"caption\":\"Direc\u0163ia general\u0103 transport public \u015fi c\u0103i de comunica\u0163ie\"},\"image\":{\"@id\":\"https:\/\/mobilitatechisinau.md\/#\/schema\/logo\/image\/\"},\"sameAs\":[\"https:\/\/www.facebook.com\/DGTPCC\"]},{\"@type\":\"Person\",\"@id\":\"https:\/\/mobilitatechisinau.md\/#\/schema\/person\/c25d28ff5553bea759689e10224709c7\",\"name\":\"dgtpcc.md\",\"image\":{\"@type\":\"ImageObject\",\"inLanguage\":\"ro-RO\",\"@id\":\"https:\/\/mobilitatechisinau.md\/#\/schema\/person\/image\/\",\"url\":\"https:\/\/secure.gravatar.com\/avatar\/9057a81ed6aa6c63f6d0d045749b3708fa15d612e3a388d9ac7b50072146c906?s=96&d=mm&r=g\",\"contentUrl\":\"https:\/\/secure.gravatar.com\/avatar\/9057a81ed6aa6c63f6d0d045749b3708fa15d612e3a388d9ac7b50072146c906?s=96&d=mm&r=g\",\"caption\":\"dgtpcc.md\"},\"sameAs\":[\"https:\/\/dgtpcc.md\"],\"url\":\"https:\/\/mobilitatechisinau.md\/?author=1\"}]}<\/script>\n<!-- \/ Yoast SEO plugin. -->","yoast_head_json":{"title":"Lucr\u0103ri de repara\u021bie \u0219i \u00eentre\u021binere a infrastructurii rutiere municipale executate pe parcursul s\u0103pt\u0103m\u00e2nii trecute - mobilitatechisinau.md","robots":{"index":"index","follow":"follow","max-snippet":"max-snippet:-1","max-image-preview":"max-image-preview:large","max-video-preview":"max-video-preview:-1"},"canonical":"https:\/\/mobilitatechisinau.md\/?p=13803","og_locale":"ro_RO","og_type":"article","og_title":"Lucr\u0103ri de repara\u021bie \u0219i \u00eentre\u021binere a infrastructurii rutiere municipale executate pe parcursul s\u0103pt\u0103m\u00e2nii trecute - mobilitatechisinau.md","og_description":"\u00cen perioada \u00een perioada 27 ianuarie \u2013 02 februarie 2025, \u00eentreprinderile din subordinea Direc\u021biei Generale Mobilitate Urban\u0103 au efectuat un \u0219ir de lucr\u0103ri de \u00eentre\u021binere a infrastructurii municipale. Astfel, Regia \u201eExdrupo\u201d a desf\u0103\u0219urat lucr\u0103ri de repara\u021bie \u0219i \u00eentre\u021binere a mai multor drumuri publice din municipiul Chi\u0219in\u0103u, remediind avariile de pe zona carosabil\u0103 prin plomb\u0103ri cu [&hellip;]","og_url":"https:\/\/mobilitatechisinau.md\/?p=13803","og_site_name":"mobilitatechisinau.md","article_publisher":"https:\/\/www.facebook.com\/DGTPCC","article_published_time":"2025-02-03T13:33:00+00:00","article_modified_time":"2025-02-17T13:39:42+00:00","og_image":[{"width":1200,"height":700,"url":"https:\/\/mobilitatechisinau.md\/wp-content\/uploads\/2025\/02\/3-februarie.jpg","type":"image\/jpeg"}],"author":"dgtpcc.md","twitter_card":"summary_large_image","twitter_misc":{"Scris de":"dgtpcc.md","Timp estimat pentru citire":"4 minute"},"schema":{"@context":"https:\/\/schema.org","@graph":[{"@type":"Article","@id":"https:\/\/mobilitatechisinau.md\/?p=13803#article","isPartOf":{"@id":"https:\/\/mobilitatechisinau.md\/?p=13803"},"author":{"name":"dgtpcc.md","@id":"https:\/\/mobilitatechisinau.md\/#\/schema\/person\/c25d28ff5553bea759689e10224709c7"},"headline":"Lucr\u0103ri de repara\u021bie \u0219i \u00eentre\u021binere a infrastructurii rutiere municipale executate pe parcursul s\u0103pt\u0103m\u00e2nii trecute","datePublished":"2025-02-03T13:33:00+00:00","dateModified":"2025-02-17T13:39:42+00:00","mainEntityOfPage":{"@id":"https:\/\/mobilitatechisinau.md\/?p=13803"},"wordCount":362,"publisher":{"@id":"https:\/\/mobilitatechisinau.md\/#organization"},"image":{"@id":"https:\/\/mobilitatechisinau.md\/?p=13803#primaryimage"},"thumbnailUrl":"https:\/\/mobilitatechisinau.md\/wp-content\/uploads\/2025\/02\/3-februarie.jpg","articleSection":["Comunicate de pres\u0103"],"inLanguage":"ro-RO"},{"@type":"WebPage","@id":"https:\/\/mobilitatechisinau.md\/?p=13803","url":"https:\/\/mobilitatechisinau.md\/?p=13803","name":"Lucr\u0103ri de repara\u021bie \u0219i \u00eentre\u021binere a infrastructurii rutiere municipale executate pe parcursul s\u0103pt\u0103m\u00e2nii trecute - mobilitatechisinau.md","isPartOf":{"@id":"https:\/\/mobilitatechisinau.md\/#website"},"primaryImageOfPage":{"@id":"https:\/\/mobilitatechisinau.md\/?p=13803#primaryimage"},"image":{"@id":"https:\/\/mobilitatechisinau.md\/?p=13803#primaryimage"},"thumbnailUrl":"https:\/\/mobilitatechisinau.md\/wp-content\/uploads\/2025\/02\/3-februarie.jpg","datePublished":"2025-02-03T13:33:00+00:00","dateModified":"2025-02-17T13:39:42+00:00","breadcrumb":{"@id":"https:\/\/mobilitatechisinau.md\/?p=13803#breadcrumb"},"inLanguage":"ro-RO","potentialAction":[{"@type":"ReadAction","target":["https:\/\/mobilitatechisinau.md\/?p=13803"]}]},{"@type":"ImageObject","inLanguage":"ro-RO","@id":"https:\/\/mobilitatechisinau.md\/?p=13803#primaryimage","url":"https:\/\/mobilitatechisinau.md\/wp-content\/uploads\/2025\/02\/3-februarie.jpg","contentUrl":"https:\/\/mobilitatechisinau.md\/wp-content\/uploads\/2025\/02\/3-februarie.jpg","width":1200,"height":700},{"@type":"BreadcrumbList","@id":"https:\/\/mobilitatechisinau.md\/?p=13803#breadcrumb","itemListElement":[{"@type":"ListItem","position":1,"name":"Prima pagin\u0103","item":"https:\/\/mobilitatechisinau.md\/"},{"@type":"ListItem","position":2,"name":"Lucr\u0103ri de repara\u021bie \u0219i \u00eentre\u021binere a infrastructurii rutiere municipale executate pe parcursul s\u0103pt\u0103m\u00e2nii trecute"}]},{"@type":"WebSite","@id":"https:\/\/mobilitatechisinau.md\/#website","url":"https:\/\/mobilitatechisinau.md\/","name":"mobilitatechisinau.md","description":"Direc\u0163ia General\u0103 Mobilitate Urban\u0103","publisher":{"@id":"https:\/\/mobilitatechisinau.md\/#organization"},"potentialAction":[{"@type":"SearchAction","target":{"@type":"EntryPoint","urlTemplate":"https:\/\/mobilitatechisinau.md\/?s={search_term_string}"},"query-input":{"@type":"PropertyValueSpecification","valueRequired":true,"valueName":"search_term_string"}}],"inLanguage":"ro-RO"},{"@type":"Organization","@id":"https:\/\/mobilitatechisinau.md\/#organization","name":"Direc\u0163ia general\u0103 transport public \u015fi c\u0103i de comunica\u0163ie","url":"https:\/\/mobilitatechisinau.md\/","logo":{"@type":"ImageObject","inLanguage":"ro-RO","@id":"https:\/\/mobilitatechisinau.md\/#\/schema\/logo\/image\/","url":"https:\/\/dgtpcc.md\/wp-content\/uploads\/2022\/05\/DGTPCC-Chis\u0326ina\u0306u-new.jpg","contentUrl":"https:\/\/dgtpcc.md\/wp-content\/uploads\/2022\/05\/DGTPCC-Chis\u0326ina\u0306u-new.jpg","width":304,"height":80,"caption":"Direc\u0163ia general\u0103 transport public \u015fi c\u0103i de comunica\u0163ie"},"image":{"@id":"https:\/\/mobilitatechisinau.md\/#\/schema\/logo\/image\/"},"sameAs":["https:\/\/www.facebook.com\/DGTPCC"]},{"@type":"Person","@id":"https:\/\/mobilitatechisinau.md\/#\/schema\/person\/c25d28ff5553bea759689e10224709c7","name":"dgtpcc.md","image":{"@type":"ImageObject","inLanguage":"ro-RO","@id":"https:\/\/mobilitatechisinau.md\/#\/schema\/person\/image\/","url":"https:\/\/secure.gravatar.com\/avatar\/9057a81ed6aa6c63f6d0d045749b3708fa15d612e3a388d9ac7b50072146c906?s=96&d=mm&r=g","contentUrl":"https:\/\/secure.gravatar.com\/avatar\/9057a81ed6aa6c63f6d0d045749b3708fa15d612e3a388d9ac7b50072146c906?s=96&d=mm&r=g","caption":"dgtpcc.md"},"sameAs":["https:\/\/dgtpcc.md"],"url":"https:\/\/mobilitatechisinau.md\/?author=1"}]}},"_links":{"self":[{"href":"https:\/\/mobilitatechisinau.md\/index.php?rest_route=\/wp\/v2\/posts\/13803","targetHints":{"allow":["GET"]}}],"collection":[{"href":"https:\/\/mobilitatechisinau.md\/index.php?rest_route=\/wp\/v2\/posts"}],"about":[{"href":"https:\/\/mobilitatechisinau.md\/index.php?rest_route=\/wp\/v2\/types\/post"}],"author":[{"embeddable":true,"href":"https:\/\/mobilitatechisinau.md\/index.php?rest_route=\/wp\/v2\/users\/1"}],"replies":[{"embeddable":true,"href":"https:\/\/mobilitatechisinau.md\/index.php?rest_route=%2Fwp%2Fv2%2Fcomments&post=13803"}],"version-history":[{"count":1,"href":"https:\/\/mobilitatechisinau.md\/index.php?rest_route=\/wp\/v2\/posts\/13803\/revisions"}],"predecessor-version":[{"id":13811,"href":"https:\/\/mobilitatechisinau.md\/index.php?rest_route=\/wp\/v2\/posts\/13803\/revisions\/13811"}],"wp:featuredmedia":[{"embeddable":true,"href":"https:\/\/mobilitatechisinau.md\/index.php?rest_route=\/wp\/v2\/media\/13804"}],"wp:attachment":[{"href":"https:\/\/mobilitatechisinau.md\/index.php?rest_route=%2Fwp%2Fv2%2Fmedia&parent=13803"}],"wp:term":[{"taxonomy":"category","embeddable":true,"href":"https:\/\/mobilitatechisinau.md\/index.php?rest_route=%2Fwp%2Fv2%2Fcategories&post=13803"},{"taxonomy":"post_tag","embeddable":true,"href":"https:\/\/mobilitatechisinau.md\/index.php?rest_route=%2Fwp%2Fv2%2Ftags&post=13803"}],"curies":[{"name":"wp","href":"https:\/\/api.w.org\/{rel}","templated":true}]}}