{"id":13812,"date":"2025-02-05T15:40:29","date_gmt":"2025-02-05T13:40:29","guid":{"rendered":"https:\/\/mobilitatechisinau.md\/?p=13812"},"modified":"2025-02-17T15:58:55","modified_gmt":"2025-02-17T13:58:55","slug":"vizita-de-lucru-in-orasul-lucerna-elvetia-pe-domeniul-de-mobilitate-urbana-si-transport-public","status":"publish","type":"post","link":"https:\/\/mobilitatechisinau.md\/?p=13812","title":{"rendered":"Vizit\u0103 de lucru \u00een ora\u0219ul Lucerna, Elve\u021bia pe domeniul de mobilitate urban\u0103 \u0219i transport public"},"content":{"rendered":"\n<p>O delega\u021bie a Prim\u0103riei Municipiului Chi\u0219in\u0103u, condus\u0103 de viceprimarul, Ilie Ceban, \u00eempreun\u0103 cu Consilierul Primarului General pe domeniul economic, Vladimir Mitru, \u0219i \u0219eful interimar al Direc\u021biei Generale Mobilitate Urban\u0103, Dorin Ciorn\u00eei, au efectuat o vizit\u0103 de lucru \u00een ora\u0219ul Lucerna, Elve\u021bia.<\/p>\n\n\n\n<p>Pe parcursul vizitei, delega\u021bia a avut \u00eentrevederi cu reprezentan\u021bi ai municipalit\u0103\u021bii din Lucerna, \u00een cadrul c\u0103rora au fost abordate aspecte legate de mobilitatea urban\u0103 \u0219i solu\u021biile durabile de transport public.<\/p>\n\n\n\n<p>La invita\u021bia companiei de transport public \u201eVerkehrsbetriebe Luzern AG\u201d, au avut loc discu\u021bii privind o posibil\u0103 achizi\u021bie a 13 troleibuze cu parcurs, marca Hess \u2013 10 vehicule articulate de 18 metri \u0219i 3 vehicule de 24 de metri. Aceste troleibuze, aflate \u00een prezent \u00een exploatare pe traseele ora\u0219ului Lucerna, urmeaz\u0103 s\u0103 fie oferite spre v\u00e2nzare, \u00een urma unor negocieri directe \u00eentre PMC \u0219i reprezentan\u021bii companiei Elve\u021biene, \u00een primul semestru al anului 2026<\/p>\n\n\n\n<p>Delega\u021bia a efectuat, de asemenea, vizite de studiu la obiective de infrastructur\u0103 esen\u021biale \u0219i la \u00eentreprinderea de transport public municipal din Lucerna, analiz\u00e2nd modul \u00een care aceste vehicule pot contribui la \u00eembun\u0103t\u0103\u021birea transportului public din Chi\u0219in\u0103u.<\/p>\n\n\n\n<p>Aceast\u0103 vizit\u0103 de lucru reflect\u0103 angajamentul Prim\u0103riei Chi\u0219in\u0103u de a identifica solu\u021bii eficiente \u0219i sustenabile pentru modernizarea transportului public \u00een beneficiul locuitorilor municipiului.<\/p>\n","protected":false},"excerpt":{"rendered":"<p>O delega\u021bie a Prim\u0103riei Municipiului Chi\u0219in\u0103u, condus\u0103 de viceprimarul, Ilie Ceban, \u00eempreun\u0103 cu Consilierul Primarului General pe domeniul economic, Vladimir Mitru, \u0219i \u0219eful interimar al Direc\u021biei Generale Mobilitate Urban\u0103, Dorin Ciorn\u00eei, au efectuat o vizit\u0103 de lucru \u00een ora\u0219ul Lucerna, Elve\u021bia. Pe parcursul vizitei, delega\u021bia a avut \u00eentrevederi cu reprezentan\u021bi ai municipalit\u0103\u021bii din Lucerna, \u00een [&hellip;]<\/p>\n","protected":false},"author":1,"featured_media":13813,"comment_status":"closed","ping_status":"open","sticky":false,"template":"","format":"standard","meta":{"footnotes":""},"categories":[92],"tags":[],"class_list":["post-13812","post","type-post","status-publish","format-standard","has-post-thumbnail","hentry","category-comunicate"],"yoast_head":"<!-- This site is optimized with the Yoast SEO plugin v23.9 - https:\/\/yoast.com\/wordpress\/plugins\/seo\/ -->\n<title>Vizit\u0103 de lucru \u00een ora\u0219ul Lucerna, Elve\u021bia pe domeniul de mobilitate urban\u0103 \u0219i transport public - mobilitatechisinau.md<\/title>\n<meta name=\"robots\" content=\"index, follow, max-snippet:-1, max-image-preview:large, max-video-preview:-1\" \/>\n<link rel=\"canonical\" href=\"https:\/\/mobilitatechisinau.md\/?p=13812\" \/>\n<meta property=\"og:locale\" content=\"ro_RO\" \/>\n<meta property=\"og:type\" content=\"article\" \/>\n<meta property=\"og:title\" content=\"Vizit\u0103 de lucru \u00een ora\u0219ul Lucerna, Elve\u021bia pe domeniul de mobilitate urban\u0103 \u0219i transport public - mobilitatechisinau.md\" \/>\n<meta property=\"og:description\" content=\"O delega\u021bie a Prim\u0103riei Municipiului Chi\u0219in\u0103u, condus\u0103 de viceprimarul, Ilie Ceban, \u00eempreun\u0103 cu Consilierul Primarului General pe domeniul economic, Vladimir Mitru, \u0219i \u0219eful interimar al Direc\u021biei Generale Mobilitate Urban\u0103, Dorin Ciorn\u00eei, au efectuat o vizit\u0103 de lucru \u00een ora\u0219ul Lucerna, Elve\u021bia. Pe parcursul vizitei, delega\u021bia a avut \u00eentrevederi cu reprezentan\u021bi ai municipalit\u0103\u021bii din Lucerna, \u00een [&hellip;]\" \/>\n<meta property=\"og:url\" content=\"https:\/\/mobilitatechisinau.md\/?p=13812\" \/>\n<meta property=\"og:site_name\" content=\"mobilitatechisinau.md\" \/>\n<meta property=\"article:publisher\" content=\"https:\/\/www.facebook.com\/DGTPCC\" \/>\n<meta property=\"article:published_time\" content=\"2025-02-05T13:40:29+00:00\" \/>\n<meta property=\"article:modified_time\" content=\"2025-02-17T13:58:55+00:00\" \/>\n<meta property=\"og:image\" content=\"https:\/\/mobilitatechisinau.md\/wp-content\/uploads\/2025\/02\/Lucerna.jpg\" \/>\n\t<meta property=\"og:image:width\" content=\"1200\" \/>\n\t<meta property=\"og:image:height\" content=\"700\" \/>\n\t<meta property=\"og:image:type\" content=\"image\/jpeg\" \/>\n<meta name=\"author\" content=\"dgtpcc.md\" \/>\n<meta name=\"twitter:card\" content=\"summary_large_image\" \/>\n<meta name=\"twitter:label1\" content=\"Scris de\" \/>\n\t<meta name=\"twitter:data1\" content=\"dgtpcc.md\" \/>\n\t<meta name=\"twitter:label2\" content=\"Timp estimat pentru citire\" \/>\n\t<meta name=\"twitter:data2\" content=\"2 minute\" \/>\n<script type=\"application\/ld+json\" class=\"yoast-schema-graph\">{\"@context\":\"https:\/\/schema.org\",\"@graph\":[{\"@type\":\"Article\",\"@id\":\"https:\/\/mobilitatechisinau.md\/?p=13812#article\",\"isPartOf\":{\"@id\":\"https:\/\/mobilitatechisinau.md\/?p=13812\"},\"author\":{\"name\":\"dgtpcc.md\",\"@id\":\"https:\/\/mobilitatechisinau.md\/#\/schema\/person\/c25d28ff5553bea759689e10224709c7\"},\"headline\":\"Vizit\u0103 de lucru \u00een ora\u0219ul Lucerna, Elve\u021bia pe domeniul de mobilitate urban\u0103 \u0219i transport public\",\"datePublished\":\"2025-02-05T13:40:29+00:00\",\"dateModified\":\"2025-02-17T13:58:55+00:00\",\"mainEntityOfPage\":{\"@id\":\"https:\/\/mobilitatechisinau.md\/?p=13812\"},\"wordCount\":243,\"publisher\":{\"@id\":\"https:\/\/mobilitatechisinau.md\/#organization\"},\"image\":{\"@id\":\"https:\/\/mobilitatechisinau.md\/?p=13812#primaryimage\"},\"thumbnailUrl\":\"https:\/\/mobilitatechisinau.md\/wp-content\/uploads\/2025\/02\/Lucerna.jpg\",\"articleSection\":[\"Comunicate de pres\u0103\"],\"inLanguage\":\"ro-RO\"},{\"@type\":\"WebPage\",\"@id\":\"https:\/\/mobilitatechisinau.md\/?p=13812\",\"url\":\"https:\/\/mobilitatechisinau.md\/?p=13812\",\"name\":\"Vizit\u0103 de lucru \u00een ora\u0219ul Lucerna, Elve\u021bia pe domeniul de mobilitate urban\u0103 \u0219i transport public - mobilitatechisinau.md\",\"isPartOf\":{\"@id\":\"https:\/\/mobilitatechisinau.md\/#website\"},\"primaryImageOfPage\":{\"@id\":\"https:\/\/mobilitatechisinau.md\/?p=13812#primaryimage\"},\"image\":{\"@id\":\"https:\/\/mobilitatechisinau.md\/?p=13812#primaryimage\"},\"thumbnailUrl\":\"https:\/\/mobilitatechisinau.md\/wp-content\/uploads\/2025\/02\/Lucerna.jpg\",\"datePublished\":\"2025-02-05T13:40:29+00:00\",\"dateModified\":\"2025-02-17T13:58:55+00:00\",\"breadcrumb\":{\"@id\":\"https:\/\/mobilitatechisinau.md\/?p=13812#breadcrumb\"},\"inLanguage\":\"ro-RO\",\"potentialAction\":[{\"@type\":\"ReadAction\",\"target\":[\"https:\/\/mobilitatechisinau.md\/?p=13812\"]}]},{\"@type\":\"ImageObject\",\"inLanguage\":\"ro-RO\",\"@id\":\"https:\/\/mobilitatechisinau.md\/?p=13812#primaryimage\",\"url\":\"https:\/\/mobilitatechisinau.md\/wp-content\/uploads\/2025\/02\/Lucerna.jpg\",\"contentUrl\":\"https:\/\/mobilitatechisinau.md\/wp-content\/uploads\/2025\/02\/Lucerna.jpg\",\"width\":1200,\"height\":700},{\"@type\":\"BreadcrumbList\",\"@id\":\"https:\/\/mobilitatechisinau.md\/?p=13812#breadcrumb\",\"itemListElement\":[{\"@type\":\"ListItem\",\"position\":1,\"name\":\"Prima pagin\u0103\",\"item\":\"https:\/\/mobilitatechisinau.md\/\"},{\"@type\":\"ListItem\",\"position\":2,\"name\":\"Vizit\u0103 de lucru \u00een ora\u0219ul Lucerna, Elve\u021bia pe domeniul de mobilitate urban\u0103 \u0219i transport public\"}]},{\"@type\":\"WebSite\",\"@id\":\"https:\/\/mobilitatechisinau.md\/#website\",\"url\":\"https:\/\/mobilitatechisinau.md\/\",\"name\":\"mobilitatechisinau.md\",\"description\":\"Direc\u0163ia General\u0103 Mobilitate Urban\u0103\",\"publisher\":{\"@id\":\"https:\/\/mobilitatechisinau.md\/#organization\"},\"potentialAction\":[{\"@type\":\"SearchAction\",\"target\":{\"@type\":\"EntryPoint\",\"urlTemplate\":\"https:\/\/mobilitatechisinau.md\/?s={search_term_string}\"},\"query-input\":{\"@type\":\"PropertyValueSpecification\",\"valueRequired\":true,\"valueName\":\"search_term_string\"}}],\"inLanguage\":\"ro-RO\"},{\"@type\":\"Organization\",\"@id\":\"https:\/\/mobilitatechisinau.md\/#organization\",\"name\":\"Direc\u0163ia general\u0103 transport public \u015fi c\u0103i de comunica\u0163ie\",\"url\":\"https:\/\/mobilitatechisinau.md\/\",\"logo\":{\"@type\":\"ImageObject\",\"inLanguage\":\"ro-RO\",\"@id\":\"https:\/\/mobilitatechisinau.md\/#\/schema\/logo\/image\/\",\"url\":\"https:\/\/dgtpcc.md\/wp-content\/uploads\/2022\/05\/DGTPCC-Chis\u0326ina\u0306u-new.jpg\",\"contentUrl\":\"https:\/\/dgtpcc.md\/wp-content\/uploads\/2022\/05\/DGTPCC-Chis\u0326ina\u0306u-new.jpg\",\"width\":304,\"height\":80,\"caption\":\"Direc\u0163ia general\u0103 transport public \u015fi c\u0103i de comunica\u0163ie\"},\"image\":{\"@id\":\"https:\/\/mobilitatechisinau.md\/#\/schema\/logo\/image\/\"},\"sameAs\":[\"https:\/\/www.facebook.com\/DGTPCC\"]},{\"@type\":\"Person\",\"@id\":\"https:\/\/mobilitatechisinau.md\/#\/schema\/person\/c25d28ff5553bea759689e10224709c7\",\"name\":\"dgtpcc.md\",\"image\":{\"@type\":\"ImageObject\",\"inLanguage\":\"ro-RO\",\"@id\":\"https:\/\/mobilitatechisinau.md\/#\/schema\/person\/image\/\",\"url\":\"https:\/\/secure.gravatar.com\/avatar\/9057a81ed6aa6c63f6d0d045749b3708fa15d612e3a388d9ac7b50072146c906?s=96&d=mm&r=g\",\"contentUrl\":\"https:\/\/secure.gravatar.com\/avatar\/9057a81ed6aa6c63f6d0d045749b3708fa15d612e3a388d9ac7b50072146c906?s=96&d=mm&r=g\",\"caption\":\"dgtpcc.md\"},\"sameAs\":[\"https:\/\/dgtpcc.md\"],\"url\":\"https:\/\/mobilitatechisinau.md\/?author=1\"}]}<\/script>\n<!-- \/ Yoast SEO plugin. -->","yoast_head_json":{"title":"Vizit\u0103 de lucru \u00een ora\u0219ul Lucerna, Elve\u021bia pe domeniul de mobilitate urban\u0103 \u0219i transport public - mobilitatechisinau.md","robots":{"index":"index","follow":"follow","max-snippet":"max-snippet:-1","max-image-preview":"max-image-preview:large","max-video-preview":"max-video-preview:-1"},"canonical":"https:\/\/mobilitatechisinau.md\/?p=13812","og_locale":"ro_RO","og_type":"article","og_title":"Vizit\u0103 de lucru \u00een ora\u0219ul Lucerna, Elve\u021bia pe domeniul de mobilitate urban\u0103 \u0219i transport public - mobilitatechisinau.md","og_description":"O delega\u021bie a Prim\u0103riei Municipiului Chi\u0219in\u0103u, condus\u0103 de viceprimarul, Ilie Ceban, \u00eempreun\u0103 cu Consilierul Primarului General pe domeniul economic, Vladimir Mitru, \u0219i \u0219eful interimar al Direc\u021biei Generale Mobilitate Urban\u0103, Dorin Ciorn\u00eei, au efectuat o vizit\u0103 de lucru \u00een ora\u0219ul Lucerna, Elve\u021bia. Pe parcursul vizitei, delega\u021bia a avut \u00eentrevederi cu reprezentan\u021bi ai municipalit\u0103\u021bii din Lucerna, \u00een [&hellip;]","og_url":"https:\/\/mobilitatechisinau.md\/?p=13812","og_site_name":"mobilitatechisinau.md","article_publisher":"https:\/\/www.facebook.com\/DGTPCC","article_published_time":"2025-02-05T13:40:29+00:00","article_modified_time":"2025-02-17T13:58:55+00:00","og_image":[{"width":1200,"height":700,"url":"https:\/\/mobilitatechisinau.md\/wp-content\/uploads\/2025\/02\/Lucerna.jpg","type":"image\/jpeg"}],"author":"dgtpcc.md","twitter_card":"summary_large_image","twitter_misc":{"Scris de":"dgtpcc.md","Timp estimat pentru citire":"2 minute"},"schema":{"@context":"https:\/\/schema.org","@graph":[{"@type":"Article","@id":"https:\/\/mobilitatechisinau.md\/?p=13812#article","isPartOf":{"@id":"https:\/\/mobilitatechisinau.md\/?p=13812"},"author":{"name":"dgtpcc.md","@id":"https:\/\/mobilitatechisinau.md\/#\/schema\/person\/c25d28ff5553bea759689e10224709c7"},"headline":"Vizit\u0103 de lucru \u00een ora\u0219ul Lucerna, Elve\u021bia pe domeniul de mobilitate urban\u0103 \u0219i transport public","datePublished":"2025-02-05T13:40:29+00:00","dateModified":"2025-02-17T13:58:55+00:00","mainEntityOfPage":{"@id":"https:\/\/mobilitatechisinau.md\/?p=13812"},"wordCount":243,"publisher":{"@id":"https:\/\/mobilitatechisinau.md\/#organization"},"image":{"@id":"https:\/\/mobilitatechisinau.md\/?p=13812#primaryimage"},"thumbnailUrl":"https:\/\/mobilitatechisinau.md\/wp-content\/uploads\/2025\/02\/Lucerna.jpg","articleSection":["Comunicate de pres\u0103"],"inLanguage":"ro-RO"},{"@type":"WebPage","@id":"https:\/\/mobilitatechisinau.md\/?p=13812","url":"https:\/\/mobilitatechisinau.md\/?p=13812","name":"Vizit\u0103 de lucru \u00een ora\u0219ul Lucerna, Elve\u021bia pe domeniul de mobilitate urban\u0103 \u0219i transport public - mobilitatechisinau.md","isPartOf":{"@id":"https:\/\/mobilitatechisinau.md\/#website"},"primaryImageOfPage":{"@id":"https:\/\/mobilitatechisinau.md\/?p=13812#primaryimage"},"image":{"@id":"https:\/\/mobilitatechisinau.md\/?p=13812#primaryimage"},"thumbnailUrl":"https:\/\/mobilitatechisinau.md\/wp-content\/uploads\/2025\/02\/Lucerna.jpg","datePublished":"2025-02-05T13:40:29+00:00","dateModified":"2025-02-17T13:58:55+00:00","breadcrumb":{"@id":"https:\/\/mobilitatechisinau.md\/?p=13812#breadcrumb"},"inLanguage":"ro-RO","potentialAction":[{"@type":"ReadAction","target":["https:\/\/mobilitatechisinau.md\/?p=13812"]}]},{"@type":"ImageObject","inLanguage":"ro-RO","@id":"https:\/\/mobilitatechisinau.md\/?p=13812#primaryimage","url":"https:\/\/mobilitatechisinau.md\/wp-content\/uploads\/2025\/02\/Lucerna.jpg","contentUrl":"https:\/\/mobilitatechisinau.md\/wp-content\/uploads\/2025\/02\/Lucerna.jpg","width":1200,"height":700},{"@type":"BreadcrumbList","@id":"https:\/\/mobilitatechisinau.md\/?p=13812#breadcrumb","itemListElement":[{"@type":"ListItem","position":1,"name":"Prima pagin\u0103","item":"https:\/\/mobilitatechisinau.md\/"},{"@type":"ListItem","position":2,"name":"Vizit\u0103 de lucru \u00een ora\u0219ul Lucerna, Elve\u021bia pe domeniul de mobilitate urban\u0103 \u0219i transport public"}]},{"@type":"WebSite","@id":"https:\/\/mobilitatechisinau.md\/#website","url":"https:\/\/mobilitatechisinau.md\/","name":"mobilitatechisinau.md","description":"Direc\u0163ia General\u0103 Mobilitate Urban\u0103","publisher":{"@id":"https:\/\/mobilitatechisinau.md\/#organization"},"potentialAction":[{"@type":"SearchAction","target":{"@type":"EntryPoint","urlTemplate":"https:\/\/mobilitatechisinau.md\/?s={search_term_string}"},"query-input":{"@type":"PropertyValueSpecification","valueRequired":true,"valueName":"search_term_string"}}],"inLanguage":"ro-RO"},{"@type":"Organization","@id":"https:\/\/mobilitatechisinau.md\/#organization","name":"Direc\u0163ia general\u0103 transport public \u015fi c\u0103i de comunica\u0163ie","url":"https:\/\/mobilitatechisinau.md\/","logo":{"@type":"ImageObject","inLanguage":"ro-RO","@id":"https:\/\/mobilitatechisinau.md\/#\/schema\/logo\/image\/","url":"https:\/\/dgtpcc.md\/wp-content\/uploads\/2022\/05\/DGTPCC-Chis\u0326ina\u0306u-new.jpg","contentUrl":"https:\/\/dgtpcc.md\/wp-content\/uploads\/2022\/05\/DGTPCC-Chis\u0326ina\u0306u-new.jpg","width":304,"height":80,"caption":"Direc\u0163ia general\u0103 transport public \u015fi c\u0103i de comunica\u0163ie"},"image":{"@id":"https:\/\/mobilitatechisinau.md\/#\/schema\/logo\/image\/"},"sameAs":["https:\/\/www.facebook.com\/DGTPCC"]},{"@type":"Person","@id":"https:\/\/mobilitatechisinau.md\/#\/schema\/person\/c25d28ff5553bea759689e10224709c7","name":"dgtpcc.md","image":{"@type":"ImageObject","inLanguage":"ro-RO","@id":"https:\/\/mobilitatechisinau.md\/#\/schema\/person\/image\/","url":"https:\/\/secure.gravatar.com\/avatar\/9057a81ed6aa6c63f6d0d045749b3708fa15d612e3a388d9ac7b50072146c906?s=96&d=mm&r=g","contentUrl":"https:\/\/secure.gravatar.com\/avatar\/9057a81ed6aa6c63f6d0d045749b3708fa15d612e3a388d9ac7b50072146c906?s=96&d=mm&r=g","caption":"dgtpcc.md"},"sameAs":["https:\/\/dgtpcc.md"],"url":"https:\/\/mobilitatechisinau.md\/?author=1"}]}},"_links":{"self":[{"href":"https:\/\/mobilitatechisinau.md\/index.php?rest_route=\/wp\/v2\/posts\/13812","targetHints":{"allow":["GET"]}}],"collection":[{"href":"https:\/\/mobilitatechisinau.md\/index.php?rest_route=\/wp\/v2\/posts"}],"about":[{"href":"https:\/\/mobilitatechisinau.md\/index.php?rest_route=\/wp\/v2\/types\/post"}],"author":[{"embeddable":true,"href":"https:\/\/mobilitatechisinau.md\/index.php?rest_route=\/wp\/v2\/users\/1"}],"replies":[{"embeddable":true,"href":"https:\/\/mobilitatechisinau.md\/index.php?rest_route=%2Fwp%2Fv2%2Fcomments&post=13812"}],"version-history":[{"count":1,"href":"https:\/\/mobilitatechisinau.md\/index.php?rest_route=\/wp\/v2\/posts\/13812\/revisions"}],"predecessor-version":[{"id":13814,"href":"https:\/\/mobilitatechisinau.md\/index.php?rest_route=\/wp\/v2\/posts\/13812\/revisions\/13814"}],"wp:featuredmedia":[{"embeddable":true,"href":"https:\/\/mobilitatechisinau.md\/index.php?rest_route=\/wp\/v2\/media\/13813"}],"wp:attachment":[{"href":"https:\/\/mobilitatechisinau.md\/index.php?rest_route=%2Fwp%2Fv2%2Fmedia&parent=13812"}],"wp:term":[{"taxonomy":"category","embeddable":true,"href":"https:\/\/mobilitatechisinau.md\/index.php?rest_route=%2Fwp%2Fv2%2Fcategories&post=13812"},{"taxonomy":"post_tag","embeddable":true,"href":"https:\/\/mobilitatechisinau.md\/index.php?rest_route=%2Fwp%2Fv2%2Ftags&post=13812"}],"curies":[{"name":"wp","href":"https:\/\/api.w.org\/{rel}","templated":true}]}}