{"id":13815,"date":"2025-02-07T08:21:18","date_gmt":"2025-02-07T06:21:18","guid":{"rendered":"https:\/\/mobilitatechisinau.md\/?p=13815"},"modified":"2025-02-18T08:24:34","modified_gmt":"2025-02-18T06:24:34","slug":"un-nou-atelier-de-lucru-dedicat-proiectului-dezvoltarea-infrastructurii-urbane","status":"publish","type":"post","link":"https:\/\/mobilitatechisinau.md\/?p=13815","title":{"rendered":"Un nou atelier de lucru dedicat proiectului \u201eDezvoltarea Infrastructurii Urbane\u201d"},"content":{"rendered":"\n<p>Prim\u0103ria Municipiului Chi\u0219in\u0103u a organizat, \u00een colaborare cu Banca European\u0103 pentru Reconstruc\u021bie \u0219i Dezvoltare (BERD), al doilea atelier de lucru dedicat proiectului \u201eDezvoltarea Infrastructurii Urbane\u201d, care vizeaz\u0103 extinderea \u0219i modernizarea a trei artere principale ale ora\u0219ului: bd. Mircea cel B\u0103tr\u00e2n, str. Industrial\u0103 \u0219i str. Mesager.<\/p>\n\n\n\n<p>Atelierul a fost realizat \u00een baza raportului echipei Royal HaskoningDHV &#8211; Integrated Transport Planning (ITP) \u0219i MM Consulting and Engineering, compania responsabil\u0103 pentru realizarea expertizei detaliate a proiectului.<\/p>\n\n\n\n<p>Scopul principal al \u00eent\u00e2lnirii a fost prezentarea celei de-a doua etape a studiului due diligence \u0219i analiza cerin\u021belor pentru revizuirea \u0219i \u00eembun\u0103t\u0103\u021birea proiectelor tehnice de execu\u021bie.<\/p>\n\n\n\n<p>Printre activit\u0103\u021bile esen\u021biale abordate \u00een aceast\u0103 etap\u0103 se num\u0103r\u0103:<\/p>\n\n\n\n<p><img decoding=\"async\" height=\"16\" width=\"16\" alt=\"\u25aa\ufe0f\" src=\"https:\/\/static.xx.fbcdn.net\/images\/emoji.php\/v9\/tcd\/2\/16\/25aa.png\">Analiza economic\u0103;<\/p>\n\n\n\n<p><img decoding=\"async\" height=\"16\" width=\"16\" alt=\"\u25aa\ufe0f\" src=\"https:\/\/static.xx.fbcdn.net\/images\/emoji.php\/v9\/tcd\/2\/16\/25aa.png\">Evaluarea climei \u0219i a GET (Green Economy Transition);<\/p>\n\n\n\n<p><img decoding=\"async\" height=\"16\" width=\"16\" alt=\"\u25aa\ufe0f\" src=\"https:\/\/static.xx.fbcdn.net\/images\/emoji.php\/v9\/tcd\/2\/16\/25aa.png\">Audit de siguran\u021b\u0103 rutier\u0103;<\/p>\n\n\n\n<p><img decoding=\"async\" height=\"16\" width=\"16\" alt=\"\u25aa\ufe0f\" src=\"https:\/\/static.xx.fbcdn.net\/images\/emoji.php\/v9\/tcd\/2\/16\/25aa.png\">Evaluarea impactului asupra mediului \u0219i social;<\/p>\n\n\n\n<p><img decoding=\"async\" height=\"16\" width=\"16\" alt=\"\u25aa\ufe0f\" src=\"https:\/\/static.xx.fbcdn.net\/images\/emoji.php\/v9\/tcd\/2\/16\/25aa.png\">Planul de achizi\u021bii \u0219i etapizare;<\/p>\n\n\n\n<p><img decoding=\"async\" height=\"16\" width=\"16\" alt=\"\u25aa\ufe0f\" src=\"https:\/\/static.xx.fbcdn.net\/images\/emoji.php\/v9\/tcd\/2\/16\/25aa.png\">\u00cembun\u0103t\u0103\u021birea spa\u021biilor verzi \u0219i a activelor naturale;<\/p>\n\n\n\n<p><img decoding=\"async\" height=\"16\" width=\"16\" alt=\"\u25aa\ufe0f\" src=\"https:\/\/static.xx.fbcdn.net\/images\/emoji.php\/v9\/tcd\/2\/16\/25aa.png\">Recomand\u0103ri pentru revizuirea designului.<\/p>\n\n\n\n<p>Echipa de lucru a analizat mai multe op\u021biuni pentru \u00eembun\u0103t\u0103\u021birea proiect\u0103rii \u0219i a formulat recomand\u0103ri concrete, integr\u00e2nd solu\u021bii moderne pentru mobilitate durabil\u0103. Un subiect aparte discutat detaliat \u021bine de includerea infrastructurii de transportul public de toate categoriile.<\/p>\n\n\n\n<p>Echipa de studiu a identificat c\u00e2teva zone care necesit\u0103 o aten\u021bie deosebit\u0103 \u00een cadrul studiului de fezabilitate. Acestea au fost identificate \u00een urma vizitelor pe teren \u0219i a consult\u0103rilor ulterioare cu autorit\u0103\u021bile locale \u0219i operatorii de autobuze. Zonele de interes vor fi incluse ca parte a revizuirii \u0219i studiului de fezabilitate necesar pentru proiect.<\/p>\n\n\n\n<p>Etapa final\u0103 a proiectului \u021bine de furnizarea suportului tehnic necesar c\u0103tre Chi\u0219in\u0103u Proiect, \u00een integrarea schemelor \u0219i solu\u021biilor agreate pentru a ne permite s\u0103 finaliz\u0103m designul conform noii arii a proiectului, actualizarea devizului de lucr\u0103ri \u0219i a costurilor estimate astfel \u00eenc\u00e2t s\u0103 fie preg\u0103tit pentru aprobare final\u0103 \u0219i licita\u021bii pentru implementare.<\/p>\n\n\n\n<p>Implementarea acestui proiect va contribui semnificativ la dezvoltarea urban\u0103, reducerea congestion\u0103rii traficului pe arterele centrale \u0219i \u00eembun\u0103t\u0103\u021birea gestion\u0103rii traficului. Proiectul include m\u0103suri de mediu, precum solu\u021bii inovative pentru canalizarea pluvial\u0103, prevenirea inunda\u021biilor \u0219i reducerea temperaturii suprafe\u021belor de asfalt, toate menite s\u0103 sprijine un mediu urban mai sustenabil.<\/p>\n\n\n\n<figure class=\"wp-block-gallery has-nested-images columns-default is-cropped wp-block-gallery-1 is-layout-flex wp-block-gallery-is-layout-flex\">\n<figure class=\"wp-block-image size-large\"><img fetchpriority=\"high\" decoding=\"async\" width=\"1024\" height=\"683\" data-id=\"13821\" src=\"https:\/\/mobilitatechisinau.md\/wp-content\/uploads\/2025\/02\/1-1-1024x683.jpg\" alt=\"\" class=\"wp-image-13821\" srcset=\"https:\/\/mobilitatechisinau.md\/wp-content\/uploads\/2025\/02\/1-1-1024x683.jpg 1024w, https:\/\/mobilitatechisinau.md\/wp-content\/uploads\/2025\/02\/1-1-300x200.jpg 300w, https:\/\/mobilitatechisinau.md\/wp-content\/uploads\/2025\/02\/1-1-768x512.jpg 768w, https:\/\/mobilitatechisinau.md\/wp-content\/uploads\/2025\/02\/1-1-18x12.jpg 18w, https:\/\/mobilitatechisinau.md\/wp-content\/uploads\/2025\/02\/1-1-525x350.jpg 525w, https:\/\/mobilitatechisinau.md\/wp-content\/uploads\/2025\/02\/1-1.jpg 1050w\" sizes=\"(max-width: 1024px) 100vw, 1024px\" \/><\/figure>\n\n\n\n<figure class=\"wp-block-image size-large\"><img decoding=\"async\" width=\"1024\" height=\"683\" data-id=\"13817\" src=\"https:\/\/mobilitatechisinau.md\/wp-content\/uploads\/2025\/02\/2-1-1024x683.jpg\" alt=\"\" class=\"wp-image-13817\" srcset=\"https:\/\/mobilitatechisinau.md\/wp-content\/uploads\/2025\/02\/2-1-1024x683.jpg 1024w, https:\/\/mobilitatechisinau.md\/wp-content\/uploads\/2025\/02\/2-1-300x200.jpg 300w, https:\/\/mobilitatechisinau.md\/wp-content\/uploads\/2025\/02\/2-1-768x512.jpg 768w, https:\/\/mobilitatechisinau.md\/wp-content\/uploads\/2025\/02\/2-1-18x12.jpg 18w, https:\/\/mobilitatechisinau.md\/wp-content\/uploads\/2025\/02\/2-1-525x350.jpg 525w, https:\/\/mobilitatechisinau.md\/wp-content\/uploads\/2025\/02\/2-1.jpg 1050w\" sizes=\"(max-width: 1024px) 100vw, 1024px\" \/><\/figure>\n\n\n\n<figure class=\"wp-block-image size-large\"><img loading=\"lazy\" decoding=\"async\" width=\"1024\" height=\"683\" data-id=\"13822\" src=\"https:\/\/mobilitatechisinau.md\/wp-content\/uploads\/2025\/02\/3-1-1024x683.jpg\" alt=\"\" class=\"wp-image-13822\" srcset=\"https:\/\/mobilitatechisinau.md\/wp-content\/uploads\/2025\/02\/3-1-1024x683.jpg 1024w, https:\/\/mobilitatechisinau.md\/wp-content\/uploads\/2025\/02\/3-1-300x200.jpg 300w, https:\/\/mobilitatechisinau.md\/wp-content\/uploads\/2025\/02\/3-1-768x512.jpg 768w, https:\/\/mobilitatechisinau.md\/wp-content\/uploads\/2025\/02\/3-1-18x12.jpg 18w, https:\/\/mobilitatechisinau.md\/wp-content\/uploads\/2025\/02\/3-1-525x350.jpg 525w, https:\/\/mobilitatechisinau.md\/wp-content\/uploads\/2025\/02\/3-1.jpg 1050w\" sizes=\"(max-width: 1024px) 100vw, 1024px\" \/><\/figure>\n\n\n\n<figure class=\"wp-block-image size-large\"><img loading=\"lazy\" decoding=\"async\" width=\"1024\" height=\"683\" data-id=\"13818\" src=\"https:\/\/mobilitatechisinau.md\/wp-content\/uploads\/2025\/02\/4-1-1024x683.jpg\" alt=\"\" class=\"wp-image-13818\" srcset=\"https:\/\/mobilitatechisinau.md\/wp-content\/uploads\/2025\/02\/4-1-1024x683.jpg 1024w, https:\/\/mobilitatechisinau.md\/wp-content\/uploads\/2025\/02\/4-1-300x200.jpg 300w, https:\/\/mobilitatechisinau.md\/wp-content\/uploads\/2025\/02\/4-1-768x512.jpg 768w, https:\/\/mobilitatechisinau.md\/wp-content\/uploads\/2025\/02\/4-1-18x12.jpg 18w, https:\/\/mobilitatechisinau.md\/wp-content\/uploads\/2025\/02\/4-1-525x350.jpg 525w, https:\/\/mobilitatechisinau.md\/wp-content\/uploads\/2025\/02\/4-1.jpg 1050w\" sizes=\"(max-width: 1024px) 100vw, 1024px\" \/><\/figure>\n\n\n\n<figure class=\"wp-block-image size-large\"><img loading=\"lazy\" decoding=\"async\" width=\"1024\" height=\"683\" data-id=\"13819\" src=\"https:\/\/mobilitatechisinau.md\/wp-content\/uploads\/2025\/02\/476002099_609228141744245_2306327434900048811_n-1024x683.jpg\" alt=\"\" class=\"wp-image-13819\" srcset=\"https:\/\/mobilitatechisinau.md\/wp-content\/uploads\/2025\/02\/476002099_609228141744245_2306327434900048811_n-1024x683.jpg 1024w, https:\/\/mobilitatechisinau.md\/wp-content\/uploads\/2025\/02\/476002099_609228141744245_2306327434900048811_n-300x200.jpg 300w, https:\/\/mobilitatechisinau.md\/wp-content\/uploads\/2025\/02\/476002099_609228141744245_2306327434900048811_n-768x512.jpg 768w, https:\/\/mobilitatechisinau.md\/wp-content\/uploads\/2025\/02\/476002099_609228141744245_2306327434900048811_n-18x12.jpg 18w, https:\/\/mobilitatechisinau.md\/wp-content\/uploads\/2025\/02\/476002099_609228141744245_2306327434900048811_n-525x350.jpg 525w, https:\/\/mobilitatechisinau.md\/wp-content\/uploads\/2025\/02\/476002099_609228141744245_2306327434900048811_n.jpg 1050w\" sizes=\"(max-width: 1024px) 100vw, 1024px\" \/><\/figure>\n\n\n\n<figure class=\"wp-block-image size-large\"><img loading=\"lazy\" decoding=\"async\" width=\"1024\" height=\"683\" data-id=\"13820\" src=\"https:\/\/mobilitatechisinau.md\/wp-content\/uploads\/2025\/02\/476851228_609228101744249_8764680703378031266_n-1024x683.jpg\" alt=\"\" class=\"wp-image-13820\" srcset=\"https:\/\/mobilitatechisinau.md\/wp-content\/uploads\/2025\/02\/476851228_609228101744249_8764680703378031266_n-1024x683.jpg 1024w, https:\/\/mobilitatechisinau.md\/wp-content\/uploads\/2025\/02\/476851228_609228101744249_8764680703378031266_n-300x200.jpg 300w, https:\/\/mobilitatechisinau.md\/wp-content\/uploads\/2025\/02\/476851228_609228101744249_8764680703378031266_n-768x512.jpg 768w, https:\/\/mobilitatechisinau.md\/wp-content\/uploads\/2025\/02\/476851228_609228101744249_8764680703378031266_n-18x12.jpg 18w, https:\/\/mobilitatechisinau.md\/wp-content\/uploads\/2025\/02\/476851228_609228101744249_8764680703378031266_n-525x350.jpg 525w, https:\/\/mobilitatechisinau.md\/wp-content\/uploads\/2025\/02\/476851228_609228101744249_8764680703378031266_n.jpg 1050w\" sizes=\"(max-width: 1024px) 100vw, 1024px\" \/><\/figure>\n<\/figure>\n","protected":false},"excerpt":{"rendered":"<p>Prim\u0103ria Municipiului Chi\u0219in\u0103u a organizat, \u00een colaborare cu Banca European\u0103 pentru Reconstruc\u021bie \u0219i Dezvoltare (BERD), al doilea atelier de lucru dedicat proiectului \u201eDezvoltarea Infrastructurii Urbane\u201d, care vizeaz\u0103 extinderea \u0219i modernizarea a trei artere principale ale ora\u0219ului: bd. Mircea cel B\u0103tr\u00e2n, str. Industrial\u0103 \u0219i str. Mesager. Atelierul a fost realizat \u00een baza raportului echipei Royal HaskoningDHV [&hellip;]<\/p>\n","protected":false},"author":1,"featured_media":13816,"comment_status":"closed","ping_status":"open","sticky":false,"template":"","format":"standard","meta":{"footnotes":""},"categories":[92],"tags":[],"class_list":["post-13815","post","type-post","status-publish","format-standard","has-post-thumbnail","hentry","category-comunicate"],"yoast_head":"<!-- This site is optimized with the Yoast SEO plugin v23.9 - https:\/\/yoast.com\/wordpress\/plugins\/seo\/ -->\n<title>Un nou atelier de lucru dedicat proiectului \u201eDezvoltarea Infrastructurii Urbane\u201d - mobilitatechisinau.md<\/title>\n<meta name=\"robots\" content=\"index, follow, max-snippet:-1, max-image-preview:large, max-video-preview:-1\" \/>\n<link rel=\"canonical\" href=\"https:\/\/mobilitatechisinau.md\/?p=13815\" \/>\n<meta property=\"og:locale\" content=\"ro_RO\" \/>\n<meta property=\"og:type\" content=\"article\" \/>\n<meta property=\"og:title\" content=\"Un nou atelier de lucru dedicat proiectului \u201eDezvoltarea Infrastructurii Urbane\u201d - mobilitatechisinau.md\" \/>\n<meta property=\"og:description\" content=\"Prim\u0103ria Municipiului Chi\u0219in\u0103u a organizat, \u00een colaborare cu Banca European\u0103 pentru Reconstruc\u021bie \u0219i Dezvoltare (BERD), al doilea atelier de lucru dedicat proiectului \u201eDezvoltarea Infrastructurii Urbane\u201d, care vizeaz\u0103 extinderea \u0219i modernizarea a trei artere principale ale ora\u0219ului: bd. Mircea cel B\u0103tr\u00e2n, str. Industrial\u0103 \u0219i str. Mesager. Atelierul a fost realizat \u00een baza raportului echipei Royal HaskoningDHV [&hellip;]\" \/>\n<meta property=\"og:url\" content=\"https:\/\/mobilitatechisinau.md\/?p=13815\" \/>\n<meta property=\"og:site_name\" content=\"mobilitatechisinau.md\" \/>\n<meta property=\"article:publisher\" content=\"https:\/\/www.facebook.com\/DGTPCC\" \/>\n<meta property=\"article:published_time\" content=\"2025-02-07T06:21:18+00:00\" \/>\n<meta property=\"article:modified_time\" content=\"2025-02-18T06:24:34+00:00\" \/>\n<meta property=\"og:image\" content=\"https:\/\/mobilitatechisinau.md\/wp-content\/uploads\/2025\/02\/atelier.jpg\" \/>\n\t<meta property=\"og:image:width\" content=\"1200\" \/>\n\t<meta property=\"og:image:height\" content=\"700\" \/>\n\t<meta property=\"og:image:type\" content=\"image\/jpeg\" \/>\n<meta name=\"author\" content=\"dgtpcc.md\" \/>\n<meta name=\"twitter:card\" content=\"summary_large_image\" \/>\n<meta name=\"twitter:label1\" content=\"Scris de\" \/>\n\t<meta name=\"twitter:data1\" content=\"dgtpcc.md\" \/>\n\t<meta name=\"twitter:label2\" content=\"Timp estimat pentru citire\" \/>\n\t<meta name=\"twitter:data2\" content=\"5 minute\" \/>\n<script type=\"application\/ld+json\" class=\"yoast-schema-graph\">{\"@context\":\"https:\/\/schema.org\",\"@graph\":[{\"@type\":\"Article\",\"@id\":\"https:\/\/mobilitatechisinau.md\/?p=13815#article\",\"isPartOf\":{\"@id\":\"https:\/\/mobilitatechisinau.md\/?p=13815\"},\"author\":{\"name\":\"dgtpcc.md\",\"@id\":\"https:\/\/mobilitatechisinau.md\/#\/schema\/person\/c25d28ff5553bea759689e10224709c7\"},\"headline\":\"Un nou atelier de lucru dedicat proiectului \u201eDezvoltarea Infrastructurii Urbane\u201d\",\"datePublished\":\"2025-02-07T06:21:18+00:00\",\"dateModified\":\"2025-02-18T06:24:34+00:00\",\"mainEntityOfPage\":{\"@id\":\"https:\/\/mobilitatechisinau.md\/?p=13815\"},\"wordCount\":391,\"publisher\":{\"@id\":\"https:\/\/mobilitatechisinau.md\/#organization\"},\"image\":{\"@id\":\"https:\/\/mobilitatechisinau.md\/?p=13815#primaryimage\"},\"thumbnailUrl\":\"https:\/\/mobilitatechisinau.md\/wp-content\/uploads\/2025\/02\/atelier.jpg\",\"articleSection\":[\"Comunicate de pres\u0103\"],\"inLanguage\":\"ro-RO\"},{\"@type\":\"WebPage\",\"@id\":\"https:\/\/mobilitatechisinau.md\/?p=13815\",\"url\":\"https:\/\/mobilitatechisinau.md\/?p=13815\",\"name\":\"Un nou atelier de lucru dedicat proiectului \u201eDezvoltarea Infrastructurii Urbane\u201d - mobilitatechisinau.md\",\"isPartOf\":{\"@id\":\"https:\/\/mobilitatechisinau.md\/#website\"},\"primaryImageOfPage\":{\"@id\":\"https:\/\/mobilitatechisinau.md\/?p=13815#primaryimage\"},\"image\":{\"@id\":\"https:\/\/mobilitatechisinau.md\/?p=13815#primaryimage\"},\"thumbnailUrl\":\"https:\/\/mobilitatechisinau.md\/wp-content\/uploads\/2025\/02\/atelier.jpg\",\"datePublished\":\"2025-02-07T06:21:18+00:00\",\"dateModified\":\"2025-02-18T06:24:34+00:00\",\"breadcrumb\":{\"@id\":\"https:\/\/mobilitatechisinau.md\/?p=13815#breadcrumb\"},\"inLanguage\":\"ro-RO\",\"potentialAction\":[{\"@type\":\"ReadAction\",\"target\":[\"https:\/\/mobilitatechisinau.md\/?p=13815\"]}]},{\"@type\":\"ImageObject\",\"inLanguage\":\"ro-RO\",\"@id\":\"https:\/\/mobilitatechisinau.md\/?p=13815#primaryimage\",\"url\":\"https:\/\/mobilitatechisinau.md\/wp-content\/uploads\/2025\/02\/atelier.jpg\",\"contentUrl\":\"https:\/\/mobilitatechisinau.md\/wp-content\/uploads\/2025\/02\/atelier.jpg\",\"width\":1200,\"height\":700},{\"@type\":\"BreadcrumbList\",\"@id\":\"https:\/\/mobilitatechisinau.md\/?p=13815#breadcrumb\",\"itemListElement\":[{\"@type\":\"ListItem\",\"position\":1,\"name\":\"Prima pagin\u0103\",\"item\":\"https:\/\/mobilitatechisinau.md\/\"},{\"@type\":\"ListItem\",\"position\":2,\"name\":\"Un nou atelier de lucru dedicat proiectului \u201eDezvoltarea Infrastructurii Urbane\u201d\"}]},{\"@type\":\"WebSite\",\"@id\":\"https:\/\/mobilitatechisinau.md\/#website\",\"url\":\"https:\/\/mobilitatechisinau.md\/\",\"name\":\"mobilitatechisinau.md\",\"description\":\"Direc\u0163ia General\u0103 Mobilitate Urban\u0103\",\"publisher\":{\"@id\":\"https:\/\/mobilitatechisinau.md\/#organization\"},\"potentialAction\":[{\"@type\":\"SearchAction\",\"target\":{\"@type\":\"EntryPoint\",\"urlTemplate\":\"https:\/\/mobilitatechisinau.md\/?s={search_term_string}\"},\"query-input\":{\"@type\":\"PropertyValueSpecification\",\"valueRequired\":true,\"valueName\":\"search_term_string\"}}],\"inLanguage\":\"ro-RO\"},{\"@type\":\"Organization\",\"@id\":\"https:\/\/mobilitatechisinau.md\/#organization\",\"name\":\"Direc\u0163ia general\u0103 transport public \u015fi c\u0103i de comunica\u0163ie\",\"url\":\"https:\/\/mobilitatechisinau.md\/\",\"logo\":{\"@type\":\"ImageObject\",\"inLanguage\":\"ro-RO\",\"@id\":\"https:\/\/mobilitatechisinau.md\/#\/schema\/logo\/image\/\",\"url\":\"https:\/\/dgtpcc.md\/wp-content\/uploads\/2022\/05\/DGTPCC-Chis\u0326ina\u0306u-new.jpg\",\"contentUrl\":\"https:\/\/dgtpcc.md\/wp-content\/uploads\/2022\/05\/DGTPCC-Chis\u0326ina\u0306u-new.jpg\",\"width\":304,\"height\":80,\"caption\":\"Direc\u0163ia general\u0103 transport public \u015fi c\u0103i de comunica\u0163ie\"},\"image\":{\"@id\":\"https:\/\/mobilitatechisinau.md\/#\/schema\/logo\/image\/\"},\"sameAs\":[\"https:\/\/www.facebook.com\/DGTPCC\"]},{\"@type\":\"Person\",\"@id\":\"https:\/\/mobilitatechisinau.md\/#\/schema\/person\/c25d28ff5553bea759689e10224709c7\",\"name\":\"dgtpcc.md\",\"image\":{\"@type\":\"ImageObject\",\"inLanguage\":\"ro-RO\",\"@id\":\"https:\/\/mobilitatechisinau.md\/#\/schema\/person\/image\/\",\"url\":\"https:\/\/secure.gravatar.com\/avatar\/9057a81ed6aa6c63f6d0d045749b3708fa15d612e3a388d9ac7b50072146c906?s=96&d=mm&r=g\",\"contentUrl\":\"https:\/\/secure.gravatar.com\/avatar\/9057a81ed6aa6c63f6d0d045749b3708fa15d612e3a388d9ac7b50072146c906?s=96&d=mm&r=g\",\"caption\":\"dgtpcc.md\"},\"sameAs\":[\"https:\/\/dgtpcc.md\"],\"url\":\"https:\/\/mobilitatechisinau.md\/?author=1\"}]}<\/script>\n<!-- \/ Yoast SEO plugin. -->","yoast_head_json":{"title":"Un nou atelier de lucru dedicat proiectului \u201eDezvoltarea Infrastructurii Urbane\u201d - mobilitatechisinau.md","robots":{"index":"index","follow":"follow","max-snippet":"max-snippet:-1","max-image-preview":"max-image-preview:large","max-video-preview":"max-video-preview:-1"},"canonical":"https:\/\/mobilitatechisinau.md\/?p=13815","og_locale":"ro_RO","og_type":"article","og_title":"Un nou atelier de lucru dedicat proiectului \u201eDezvoltarea Infrastructurii Urbane\u201d - mobilitatechisinau.md","og_description":"Prim\u0103ria Municipiului Chi\u0219in\u0103u a organizat, \u00een colaborare cu Banca European\u0103 pentru Reconstruc\u021bie \u0219i Dezvoltare (BERD), al doilea atelier de lucru dedicat proiectului \u201eDezvoltarea Infrastructurii Urbane\u201d, care vizeaz\u0103 extinderea \u0219i modernizarea a trei artere principale ale ora\u0219ului: bd. Mircea cel B\u0103tr\u00e2n, str. Industrial\u0103 \u0219i str. Mesager. Atelierul a fost realizat \u00een baza raportului echipei Royal HaskoningDHV [&hellip;]","og_url":"https:\/\/mobilitatechisinau.md\/?p=13815","og_site_name":"mobilitatechisinau.md","article_publisher":"https:\/\/www.facebook.com\/DGTPCC","article_published_time":"2025-02-07T06:21:18+00:00","article_modified_time":"2025-02-18T06:24:34+00:00","og_image":[{"width":1200,"height":700,"url":"https:\/\/mobilitatechisinau.md\/wp-content\/uploads\/2025\/02\/atelier.jpg","type":"image\/jpeg"}],"author":"dgtpcc.md","twitter_card":"summary_large_image","twitter_misc":{"Scris de":"dgtpcc.md","Timp estimat pentru citire":"5 minute"},"schema":{"@context":"https:\/\/schema.org","@graph":[{"@type":"Article","@id":"https:\/\/mobilitatechisinau.md\/?p=13815#article","isPartOf":{"@id":"https:\/\/mobilitatechisinau.md\/?p=13815"},"author":{"name":"dgtpcc.md","@id":"https:\/\/mobilitatechisinau.md\/#\/schema\/person\/c25d28ff5553bea759689e10224709c7"},"headline":"Un nou atelier de lucru dedicat proiectului \u201eDezvoltarea Infrastructurii Urbane\u201d","datePublished":"2025-02-07T06:21:18+00:00","dateModified":"2025-02-18T06:24:34+00:00","mainEntityOfPage":{"@id":"https:\/\/mobilitatechisinau.md\/?p=13815"},"wordCount":391,"publisher":{"@id":"https:\/\/mobilitatechisinau.md\/#organization"},"image":{"@id":"https:\/\/mobilitatechisinau.md\/?p=13815#primaryimage"},"thumbnailUrl":"https:\/\/mobilitatechisinau.md\/wp-content\/uploads\/2025\/02\/atelier.jpg","articleSection":["Comunicate de pres\u0103"],"inLanguage":"ro-RO"},{"@type":"WebPage","@id":"https:\/\/mobilitatechisinau.md\/?p=13815","url":"https:\/\/mobilitatechisinau.md\/?p=13815","name":"Un nou atelier de lucru dedicat proiectului \u201eDezvoltarea Infrastructurii Urbane\u201d - mobilitatechisinau.md","isPartOf":{"@id":"https:\/\/mobilitatechisinau.md\/#website"},"primaryImageOfPage":{"@id":"https:\/\/mobilitatechisinau.md\/?p=13815#primaryimage"},"image":{"@id":"https:\/\/mobilitatechisinau.md\/?p=13815#primaryimage"},"thumbnailUrl":"https:\/\/mobilitatechisinau.md\/wp-content\/uploads\/2025\/02\/atelier.jpg","datePublished":"2025-02-07T06:21:18+00:00","dateModified":"2025-02-18T06:24:34+00:00","breadcrumb":{"@id":"https:\/\/mobilitatechisinau.md\/?p=13815#breadcrumb"},"inLanguage":"ro-RO","potentialAction":[{"@type":"ReadAction","target":["https:\/\/mobilitatechisinau.md\/?p=13815"]}]},{"@type":"ImageObject","inLanguage":"ro-RO","@id":"https:\/\/mobilitatechisinau.md\/?p=13815#primaryimage","url":"https:\/\/mobilitatechisinau.md\/wp-content\/uploads\/2025\/02\/atelier.jpg","contentUrl":"https:\/\/mobilitatechisinau.md\/wp-content\/uploads\/2025\/02\/atelier.jpg","width":1200,"height":700},{"@type":"BreadcrumbList","@id":"https:\/\/mobilitatechisinau.md\/?p=13815#breadcrumb","itemListElement":[{"@type":"ListItem","position":1,"name":"Prima pagin\u0103","item":"https:\/\/mobilitatechisinau.md\/"},{"@type":"ListItem","position":2,"name":"Un nou atelier de lucru dedicat proiectului \u201eDezvoltarea Infrastructurii Urbane\u201d"}]},{"@type":"WebSite","@id":"https:\/\/mobilitatechisinau.md\/#website","url":"https:\/\/mobilitatechisinau.md\/","name":"mobilitatechisinau.md","description":"Direc\u0163ia General\u0103 Mobilitate Urban\u0103","publisher":{"@id":"https:\/\/mobilitatechisinau.md\/#organization"},"potentialAction":[{"@type":"SearchAction","target":{"@type":"EntryPoint","urlTemplate":"https:\/\/mobilitatechisinau.md\/?s={search_term_string}"},"query-input":{"@type":"PropertyValueSpecification","valueRequired":true,"valueName":"search_term_string"}}],"inLanguage":"ro-RO"},{"@type":"Organization","@id":"https:\/\/mobilitatechisinau.md\/#organization","name":"Direc\u0163ia general\u0103 transport public \u015fi c\u0103i de comunica\u0163ie","url":"https:\/\/mobilitatechisinau.md\/","logo":{"@type":"ImageObject","inLanguage":"ro-RO","@id":"https:\/\/mobilitatechisinau.md\/#\/schema\/logo\/image\/","url":"https:\/\/dgtpcc.md\/wp-content\/uploads\/2022\/05\/DGTPCC-Chis\u0326ina\u0306u-new.jpg","contentUrl":"https:\/\/dgtpcc.md\/wp-content\/uploads\/2022\/05\/DGTPCC-Chis\u0326ina\u0306u-new.jpg","width":304,"height":80,"caption":"Direc\u0163ia general\u0103 transport public \u015fi c\u0103i de comunica\u0163ie"},"image":{"@id":"https:\/\/mobilitatechisinau.md\/#\/schema\/logo\/image\/"},"sameAs":["https:\/\/www.facebook.com\/DGTPCC"]},{"@type":"Person","@id":"https:\/\/mobilitatechisinau.md\/#\/schema\/person\/c25d28ff5553bea759689e10224709c7","name":"dgtpcc.md","image":{"@type":"ImageObject","inLanguage":"ro-RO","@id":"https:\/\/mobilitatechisinau.md\/#\/schema\/person\/image\/","url":"https:\/\/secure.gravatar.com\/avatar\/9057a81ed6aa6c63f6d0d045749b3708fa15d612e3a388d9ac7b50072146c906?s=96&d=mm&r=g","contentUrl":"https:\/\/secure.gravatar.com\/avatar\/9057a81ed6aa6c63f6d0d045749b3708fa15d612e3a388d9ac7b50072146c906?s=96&d=mm&r=g","caption":"dgtpcc.md"},"sameAs":["https:\/\/dgtpcc.md"],"url":"https:\/\/mobilitatechisinau.md\/?author=1"}]}},"_links":{"self":[{"href":"https:\/\/mobilitatechisinau.md\/index.php?rest_route=\/wp\/v2\/posts\/13815","targetHints":{"allow":["GET"]}}],"collection":[{"href":"https:\/\/mobilitatechisinau.md\/index.php?rest_route=\/wp\/v2\/posts"}],"about":[{"href":"https:\/\/mobilitatechisinau.md\/index.php?rest_route=\/wp\/v2\/types\/post"}],"author":[{"embeddable":true,"href":"https:\/\/mobilitatechisinau.md\/index.php?rest_route=\/wp\/v2\/users\/1"}],"replies":[{"embeddable":true,"href":"https:\/\/mobilitatechisinau.md\/index.php?rest_route=%2Fwp%2Fv2%2Fcomments&post=13815"}],"version-history":[{"count":1,"href":"https:\/\/mobilitatechisinau.md\/index.php?rest_route=\/wp\/v2\/posts\/13815\/revisions"}],"predecessor-version":[{"id":13823,"href":"https:\/\/mobilitatechisinau.md\/index.php?rest_route=\/wp\/v2\/posts\/13815\/revisions\/13823"}],"wp:featuredmedia":[{"embeddable":true,"href":"https:\/\/mobilitatechisinau.md\/index.php?rest_route=\/wp\/v2\/media\/13816"}],"wp:attachment":[{"href":"https:\/\/mobilitatechisinau.md\/index.php?rest_route=%2Fwp%2Fv2%2Fmedia&parent=13815"}],"wp:term":[{"taxonomy":"category","embeddable":true,"href":"https:\/\/mobilitatechisinau.md\/index.php?rest_route=%2Fwp%2Fv2%2Fcategories&post=13815"},{"taxonomy":"post_tag","embeddable":true,"href":"https:\/\/mobilitatechisinau.md\/index.php?rest_route=%2Fwp%2Fv2%2Ftags&post=13815"}],"curies":[{"name":"wp","href":"https:\/\/api.w.org\/{rel}","templated":true}]}}