{"id":13824,"date":"2025-02-10T08:25:30","date_gmt":"2025-02-10T06:25:30","guid":{"rendered":"https:\/\/mobilitatechisinau.md\/?p=13824"},"modified":"2025-02-18T08:29:13","modified_gmt":"2025-02-18T06:29:13","slug":"lucrari-de-reparatie-si-intretinere-a-infrastructurii-rutiere-municipale-executate-pe-parcursul-saptamanii-trecute-20","status":"publish","type":"post","link":"https:\/\/mobilitatechisinau.md\/?p=13824","title":{"rendered":"Lucr\u0103ri de repara\u021bie \u0219i \u00eentre\u021binere a infrastructurii rutiere municipale executate pe parcursul s\u0103pt\u0103m\u00e2nii trecute"},"content":{"rendered":"\n<p>\u00cen perioada 03 \u2013 09 februarie 2025, drumarii Regiei \u201eExdrupo\u201d au executat lucr\u0103ri de repara\u021bie \u0219i \u00eentre\u021binere a mai multor drumuri publice din municipiul Chi\u0219in\u0103u.<\/p>\n\n\n\n<p>Astfel, au fost remediate avariile de pe zona carosabil\u0103 prin plomb\u0103ri cu beton asfaltic rece, \u00een peste 30 de loca\u021bii de pe teritoriul ora\u0219ului<\/p>\n\n\n\n<p>\u00cen acela\u0219i timp, au continuat lucr\u0103rile de repara\u021bie curent\u0103 a podului rutier din strada Ismail, dar \u0219i cele de amenajare a acostamentului pe drumul de acces spre com. Bubuieci, unde s-a excavat \u0219i s-au amenajat 77 tone de pietri\u0219.<\/p>\n\n\n\n<p>Pentru men\u021binerea func\u021bionalit\u0103\u021bii sistemului pluvial, s-au efectuat peste 140 de interven\u021bii, incluz\u00e2nd cur\u0103\u021barea, sp\u0103larea, pomparea apei \u0219i \u00eendep\u0103rtarea de\u0219eurilor, iar anumite componente ale re\u021belei au fost reparate.<\/p>\n\n\n\n<p>De asemenea, zeci de str\u0103zi din toate sectoarele ora\u0219ului au fost salubrizate, prin cur\u0103\u021barea de n\u0103mol \u0219i gunoaie, fiind efectuate peste 70 de curse de evacuare.<\/p>\n\n\n\n<p>Pentru a preveni formarea poleiului pe carosabil, pe parcursul nop\u021bilor au fost monitorizare drumurile cu risc sporit de \u00eenghe\u021b din ora\u0219 \u0219i suburbii, la necesitate fiind distribuit material antiderapant.<\/p>\n\n\n\n<p>\u00cen scopul \u00eembun\u0103t\u0103\u021birii siguran\u021bei rutiere, \u00een perioada de referin\u021b\u0103 au fost montate 99 indicatoare noi, iar alte 88 au fost reparate.<\/p>\n\n\n\n<p>Pe l\u00e2ng\u0103 lucr\u0103rile de infrastructur\u0103 rutier\u0103, \u00een perioada men\u021bionat\u0103 s-au desf\u0103\u0219urat activit\u0103\u021bi de \u00eentre\u021binere \u0219i modernizare a sistemului de iluminat public \u00een toate sectoarele municipiului Chi\u0219in\u0103u \u0219i \u00een suburbii. Astfel, electricienii \u00eentreprinderii \u201eLumteh\u201d au efectuat interven\u021bii pentru montarea \u0219i \u00eenlocuirea cablurilor, repararea \u0219i \u00eenlocuirea corpurilor de iluminat, revizia cutiilor cu cleme, precum \u0219i demontarea sau montarea suporturilor cu un bra\u021b. De asemenea, s-au realizat lucr\u0103ri specifice de revizie \u0219i protec\u021bie a re\u021belei electrice, pentru men\u021binerea func\u021bion\u0103rii eficiente a iluminatului public.<\/p>\n\n\n\n<p>Lucr\u0103rile de \u00eentre\u021binere a infrastructurii vor continua.<\/p>\n\n\n\n<figure class=\"wp-block-gallery has-nested-images columns-default is-cropped wp-block-gallery-1 is-layout-flex wp-block-gallery-is-layout-flex\">\n<figure class=\"wp-block-image size-large\"><img fetchpriority=\"high\" decoding=\"async\" width=\"525\" height=\"700\" data-id=\"13827\" src=\"https:\/\/mobilitatechisinau.md\/wp-content\/uploads\/2025\/02\/1-2.jpg\" alt=\"\" class=\"wp-image-13827\" srcset=\"https:\/\/mobilitatechisinau.md\/wp-content\/uploads\/2025\/02\/1-2.jpg 525w, https:\/\/mobilitatechisinau.md\/wp-content\/uploads\/2025\/02\/1-2-225x300.jpg 225w, https:\/\/mobilitatechisinau.md\/wp-content\/uploads\/2025\/02\/1-2-9x12.jpg 9w, https:\/\/mobilitatechisinau.md\/wp-content\/uploads\/2025\/02\/1-2-262x350.jpg 262w\" sizes=\"(max-width: 525px) 100vw, 525px\" \/><\/figure>\n\n\n\n<figure class=\"wp-block-image size-large\"><img decoding=\"async\" width=\"525\" height=\"700\" data-id=\"13829\" src=\"https:\/\/mobilitatechisinau.md\/wp-content\/uploads\/2025\/02\/2-2.jpg\" alt=\"\" class=\"wp-image-13829\" srcset=\"https:\/\/mobilitatechisinau.md\/wp-content\/uploads\/2025\/02\/2-2.jpg 525w, https:\/\/mobilitatechisinau.md\/wp-content\/uploads\/2025\/02\/2-2-225x300.jpg 225w, https:\/\/mobilitatechisinau.md\/wp-content\/uploads\/2025\/02\/2-2-9x12.jpg 9w, https:\/\/mobilitatechisinau.md\/wp-content\/uploads\/2025\/02\/2-2-262x350.jpg 262w\" sizes=\"(max-width: 525px) 100vw, 525px\" \/><\/figure>\n\n\n\n<figure class=\"wp-block-image size-large\"><img decoding=\"async\" width=\"525\" height=\"700\" data-id=\"13830\" src=\"https:\/\/mobilitatechisinau.md\/wp-content\/uploads\/2025\/02\/3-2.jpg\" alt=\"\" class=\"wp-image-13830\" srcset=\"https:\/\/mobilitatechisinau.md\/wp-content\/uploads\/2025\/02\/3-2.jpg 525w, https:\/\/mobilitatechisinau.md\/wp-content\/uploads\/2025\/02\/3-2-225x300.jpg 225w, https:\/\/mobilitatechisinau.md\/wp-content\/uploads\/2025\/02\/3-2-9x12.jpg 9w, https:\/\/mobilitatechisinau.md\/wp-content\/uploads\/2025\/02\/3-2-262x350.jpg 262w\" sizes=\"(max-width: 525px) 100vw, 525px\" \/><\/figure>\n\n\n\n<figure class=\"wp-block-image size-large\"><img loading=\"lazy\" decoding=\"async\" width=\"525\" height=\"700\" data-id=\"13828\" src=\"https:\/\/mobilitatechisinau.md\/wp-content\/uploads\/2025\/02\/4-2.jpg\" alt=\"\" class=\"wp-image-13828\" srcset=\"https:\/\/mobilitatechisinau.md\/wp-content\/uploads\/2025\/02\/4-2.jpg 525w, https:\/\/mobilitatechisinau.md\/wp-content\/uploads\/2025\/02\/4-2-225x300.jpg 225w, https:\/\/mobilitatechisinau.md\/wp-content\/uploads\/2025\/02\/4-2-9x12.jpg 9w, https:\/\/mobilitatechisinau.md\/wp-content\/uploads\/2025\/02\/4-2-262x350.jpg 262w\" sizes=\"(max-width: 525px) 100vw, 525px\" \/><\/figure>\n\n\n\n<figure class=\"wp-block-image size-large\"><img loading=\"lazy\" decoding=\"async\" width=\"700\" height=\"700\" data-id=\"13826\" src=\"https:\/\/mobilitatechisinau.md\/wp-content\/uploads\/2025\/02\/5-1.jpg\" alt=\"\" class=\"wp-image-13826\" srcset=\"https:\/\/mobilitatechisinau.md\/wp-content\/uploads\/2025\/02\/5-1.jpg 700w, https:\/\/mobilitatechisinau.md\/wp-content\/uploads\/2025\/02\/5-1-300x300.jpg 300w, https:\/\/mobilitatechisinau.md\/wp-content\/uploads\/2025\/02\/5-1-150x150.jpg 150w, https:\/\/mobilitatechisinau.md\/wp-content\/uploads\/2025\/02\/5-1-12x12.jpg 12w, https:\/\/mobilitatechisinau.md\/wp-content\/uploads\/2025\/02\/5-1-350x350.jpg 350w\" sizes=\"(max-width: 700px) 100vw, 700px\" \/><\/figure>\n\n\n\n<figure class=\"wp-block-image size-large\"><img loading=\"lazy\" decoding=\"async\" width=\"525\" height=\"700\" data-id=\"13831\" src=\"https:\/\/mobilitatechisinau.md\/wp-content\/uploads\/2025\/02\/6-1.jpg\" alt=\"\" class=\"wp-image-13831\" srcset=\"https:\/\/mobilitatechisinau.md\/wp-content\/uploads\/2025\/02\/6-1.jpg 525w, https:\/\/mobilitatechisinau.md\/wp-content\/uploads\/2025\/02\/6-1-225x300.jpg 225w, https:\/\/mobilitatechisinau.md\/wp-content\/uploads\/2025\/02\/6-1-9x12.jpg 9w, https:\/\/mobilitatechisinau.md\/wp-content\/uploads\/2025\/02\/6-1-262x350.jpg 262w\" sizes=\"(max-width: 525px) 100vw, 525px\" \/><\/figure>\n<\/figure>\n","protected":false},"excerpt":{"rendered":"<p>\u00cen perioada 03 \u2013 09 februarie 2025, drumarii Regiei \u201eExdrupo\u201d au executat lucr\u0103ri de repara\u021bie \u0219i \u00eentre\u021binere a mai multor drumuri publice din municipiul Chi\u0219in\u0103u. Astfel, au fost remediate avariile de pe zona carosabil\u0103 prin plomb\u0103ri cu beton asfaltic rece, \u00een peste 30 de loca\u021bii de pe teritoriul ora\u0219ului \u00cen acela\u0219i timp, au continuat lucr\u0103rile [&hellip;]<\/p>\n","protected":false},"author":1,"featured_media":13825,"comment_status":"closed","ping_status":"open","sticky":false,"template":"","format":"standard","meta":{"footnotes":""},"categories":[92],"tags":[],"class_list":["post-13824","post","type-post","status-publish","format-standard","has-post-thumbnail","hentry","category-comunicate"],"yoast_head":"<!-- This site is optimized with the Yoast SEO plugin v23.9 - https:\/\/yoast.com\/wordpress\/plugins\/seo\/ -->\n<title>Lucr\u0103ri de repara\u021bie \u0219i \u00eentre\u021binere a infrastructurii rutiere municipale executate pe parcursul s\u0103pt\u0103m\u00e2nii trecute - mobilitatechisinau.md<\/title>\n<meta name=\"robots\" content=\"index, follow, max-snippet:-1, max-image-preview:large, max-video-preview:-1\" \/>\n<link rel=\"canonical\" href=\"https:\/\/mobilitatechisinau.md\/?p=13824\" \/>\n<meta property=\"og:locale\" content=\"ro_RO\" \/>\n<meta property=\"og:type\" content=\"article\" \/>\n<meta property=\"og:title\" content=\"Lucr\u0103ri de repara\u021bie \u0219i \u00eentre\u021binere a infrastructurii rutiere municipale executate pe parcursul s\u0103pt\u0103m\u00e2nii trecute - mobilitatechisinau.md\" \/>\n<meta property=\"og:description\" content=\"\u00cen perioada 03 \u2013 09 februarie 2025, drumarii Regiei \u201eExdrupo\u201d au executat lucr\u0103ri de repara\u021bie \u0219i \u00eentre\u021binere a mai multor drumuri publice din municipiul Chi\u0219in\u0103u. Astfel, au fost remediate avariile de pe zona carosabil\u0103 prin plomb\u0103ri cu beton asfaltic rece, \u00een peste 30 de loca\u021bii de pe teritoriul ora\u0219ului \u00cen acela\u0219i timp, au continuat lucr\u0103rile [&hellip;]\" \/>\n<meta property=\"og:url\" content=\"https:\/\/mobilitatechisinau.md\/?p=13824\" \/>\n<meta property=\"og:site_name\" content=\"mobilitatechisinau.md\" \/>\n<meta property=\"article:publisher\" content=\"https:\/\/www.facebook.com\/DGTPCC\" \/>\n<meta property=\"article:published_time\" content=\"2025-02-10T06:25:30+00:00\" \/>\n<meta property=\"article:modified_time\" content=\"2025-02-18T06:29:13+00:00\" \/>\n<meta property=\"og:image\" content=\"https:\/\/mobilitatechisinau.md\/wp-content\/uploads\/2025\/02\/10-februarie.jpg\" \/>\n\t<meta property=\"og:image:width\" content=\"1200\" \/>\n\t<meta property=\"og:image:height\" content=\"700\" \/>\n\t<meta property=\"og:image:type\" content=\"image\/jpeg\" \/>\n<meta name=\"author\" content=\"dgtpcc.md\" \/>\n<meta name=\"twitter:card\" content=\"summary_large_image\" \/>\n<meta name=\"twitter:label1\" content=\"Scris de\" \/>\n\t<meta name=\"twitter:data1\" content=\"dgtpcc.md\" \/>\n\t<meta name=\"twitter:label2\" content=\"Timp estimat pentru citire\" \/>\n\t<meta name=\"twitter:data2\" content=\"3 minute\" \/>\n<script type=\"application\/ld+json\" class=\"yoast-schema-graph\">{\"@context\":\"https:\/\/schema.org\",\"@graph\":[{\"@type\":\"Article\",\"@id\":\"https:\/\/mobilitatechisinau.md\/?p=13824#article\",\"isPartOf\":{\"@id\":\"https:\/\/mobilitatechisinau.md\/?p=13824\"},\"author\":{\"name\":\"dgtpcc.md\",\"@id\":\"https:\/\/mobilitatechisinau.md\/#\/schema\/person\/c25d28ff5553bea759689e10224709c7\"},\"headline\":\"Lucr\u0103ri de repara\u021bie \u0219i \u00eentre\u021binere a infrastructurii rutiere municipale executate pe parcursul s\u0103pt\u0103m\u00e2nii trecute\",\"datePublished\":\"2025-02-10T06:25:30+00:00\",\"dateModified\":\"2025-02-18T06:29:13+00:00\",\"mainEntityOfPage\":{\"@id\":\"https:\/\/mobilitatechisinau.md\/?p=13824\"},\"wordCount\":334,\"publisher\":{\"@id\":\"https:\/\/mobilitatechisinau.md\/#organization\"},\"image\":{\"@id\":\"https:\/\/mobilitatechisinau.md\/?p=13824#primaryimage\"},\"thumbnailUrl\":\"https:\/\/mobilitatechisinau.md\/wp-content\/uploads\/2025\/02\/10-februarie.jpg\",\"articleSection\":[\"Comunicate de pres\u0103\"],\"inLanguage\":\"ro-RO\"},{\"@type\":\"WebPage\",\"@id\":\"https:\/\/mobilitatechisinau.md\/?p=13824\",\"url\":\"https:\/\/mobilitatechisinau.md\/?p=13824\",\"name\":\"Lucr\u0103ri de repara\u021bie \u0219i \u00eentre\u021binere a infrastructurii rutiere municipale executate pe parcursul s\u0103pt\u0103m\u00e2nii trecute - mobilitatechisinau.md\",\"isPartOf\":{\"@id\":\"https:\/\/mobilitatechisinau.md\/#website\"},\"primaryImageOfPage\":{\"@id\":\"https:\/\/mobilitatechisinau.md\/?p=13824#primaryimage\"},\"image\":{\"@id\":\"https:\/\/mobilitatechisinau.md\/?p=13824#primaryimage\"},\"thumbnailUrl\":\"https:\/\/mobilitatechisinau.md\/wp-content\/uploads\/2025\/02\/10-februarie.jpg\",\"datePublished\":\"2025-02-10T06:25:30+00:00\",\"dateModified\":\"2025-02-18T06:29:13+00:00\",\"breadcrumb\":{\"@id\":\"https:\/\/mobilitatechisinau.md\/?p=13824#breadcrumb\"},\"inLanguage\":\"ro-RO\",\"potentialAction\":[{\"@type\":\"ReadAction\",\"target\":[\"https:\/\/mobilitatechisinau.md\/?p=13824\"]}]},{\"@type\":\"ImageObject\",\"inLanguage\":\"ro-RO\",\"@id\":\"https:\/\/mobilitatechisinau.md\/?p=13824#primaryimage\",\"url\":\"https:\/\/mobilitatechisinau.md\/wp-content\/uploads\/2025\/02\/10-februarie.jpg\",\"contentUrl\":\"https:\/\/mobilitatechisinau.md\/wp-content\/uploads\/2025\/02\/10-februarie.jpg\",\"width\":1200,\"height\":700},{\"@type\":\"BreadcrumbList\",\"@id\":\"https:\/\/mobilitatechisinau.md\/?p=13824#breadcrumb\",\"itemListElement\":[{\"@type\":\"ListItem\",\"position\":1,\"name\":\"Prima pagin\u0103\",\"item\":\"https:\/\/mobilitatechisinau.md\/\"},{\"@type\":\"ListItem\",\"position\":2,\"name\":\"Lucr\u0103ri de repara\u021bie \u0219i \u00eentre\u021binere a infrastructurii rutiere municipale executate pe parcursul s\u0103pt\u0103m\u00e2nii trecute\"}]},{\"@type\":\"WebSite\",\"@id\":\"https:\/\/mobilitatechisinau.md\/#website\",\"url\":\"https:\/\/mobilitatechisinau.md\/\",\"name\":\"mobilitatechisinau.md\",\"description\":\"Direc\u0163ia General\u0103 Mobilitate Urban\u0103\",\"publisher\":{\"@id\":\"https:\/\/mobilitatechisinau.md\/#organization\"},\"potentialAction\":[{\"@type\":\"SearchAction\",\"target\":{\"@type\":\"EntryPoint\",\"urlTemplate\":\"https:\/\/mobilitatechisinau.md\/?s={search_term_string}\"},\"query-input\":{\"@type\":\"PropertyValueSpecification\",\"valueRequired\":true,\"valueName\":\"search_term_string\"}}],\"inLanguage\":\"ro-RO\"},{\"@type\":\"Organization\",\"@id\":\"https:\/\/mobilitatechisinau.md\/#organization\",\"name\":\"Direc\u0163ia general\u0103 transport public \u015fi c\u0103i de comunica\u0163ie\",\"url\":\"https:\/\/mobilitatechisinau.md\/\",\"logo\":{\"@type\":\"ImageObject\",\"inLanguage\":\"ro-RO\",\"@id\":\"https:\/\/mobilitatechisinau.md\/#\/schema\/logo\/image\/\",\"url\":\"https:\/\/dgtpcc.md\/wp-content\/uploads\/2022\/05\/DGTPCC-Chis\u0326ina\u0306u-new.jpg\",\"contentUrl\":\"https:\/\/dgtpcc.md\/wp-content\/uploads\/2022\/05\/DGTPCC-Chis\u0326ina\u0306u-new.jpg\",\"width\":304,\"height\":80,\"caption\":\"Direc\u0163ia general\u0103 transport public \u015fi c\u0103i de comunica\u0163ie\"},\"image\":{\"@id\":\"https:\/\/mobilitatechisinau.md\/#\/schema\/logo\/image\/\"},\"sameAs\":[\"https:\/\/www.facebook.com\/DGTPCC\"]},{\"@type\":\"Person\",\"@id\":\"https:\/\/mobilitatechisinau.md\/#\/schema\/person\/c25d28ff5553bea759689e10224709c7\",\"name\":\"dgtpcc.md\",\"image\":{\"@type\":\"ImageObject\",\"inLanguage\":\"ro-RO\",\"@id\":\"https:\/\/mobilitatechisinau.md\/#\/schema\/person\/image\/\",\"url\":\"https:\/\/secure.gravatar.com\/avatar\/9057a81ed6aa6c63f6d0d045749b3708fa15d612e3a388d9ac7b50072146c906?s=96&d=mm&r=g\",\"contentUrl\":\"https:\/\/secure.gravatar.com\/avatar\/9057a81ed6aa6c63f6d0d045749b3708fa15d612e3a388d9ac7b50072146c906?s=96&d=mm&r=g\",\"caption\":\"dgtpcc.md\"},\"sameAs\":[\"https:\/\/dgtpcc.md\"],\"url\":\"https:\/\/mobilitatechisinau.md\/?author=1\"}]}<\/script>\n<!-- \/ Yoast SEO plugin. -->","yoast_head_json":{"title":"Lucr\u0103ri de repara\u021bie \u0219i \u00eentre\u021binere a infrastructurii rutiere municipale executate pe parcursul s\u0103pt\u0103m\u00e2nii trecute - mobilitatechisinau.md","robots":{"index":"index","follow":"follow","max-snippet":"max-snippet:-1","max-image-preview":"max-image-preview:large","max-video-preview":"max-video-preview:-1"},"canonical":"https:\/\/mobilitatechisinau.md\/?p=13824","og_locale":"ro_RO","og_type":"article","og_title":"Lucr\u0103ri de repara\u021bie \u0219i \u00eentre\u021binere a infrastructurii rutiere municipale executate pe parcursul s\u0103pt\u0103m\u00e2nii trecute - mobilitatechisinau.md","og_description":"\u00cen perioada 03 \u2013 09 februarie 2025, drumarii Regiei \u201eExdrupo\u201d au executat lucr\u0103ri de repara\u021bie \u0219i \u00eentre\u021binere a mai multor drumuri publice din municipiul Chi\u0219in\u0103u. Astfel, au fost remediate avariile de pe zona carosabil\u0103 prin plomb\u0103ri cu beton asfaltic rece, \u00een peste 30 de loca\u021bii de pe teritoriul ora\u0219ului \u00cen acela\u0219i timp, au continuat lucr\u0103rile [&hellip;]","og_url":"https:\/\/mobilitatechisinau.md\/?p=13824","og_site_name":"mobilitatechisinau.md","article_publisher":"https:\/\/www.facebook.com\/DGTPCC","article_published_time":"2025-02-10T06:25:30+00:00","article_modified_time":"2025-02-18T06:29:13+00:00","og_image":[{"width":1200,"height":700,"url":"https:\/\/mobilitatechisinau.md\/wp-content\/uploads\/2025\/02\/10-februarie.jpg","type":"image\/jpeg"}],"author":"dgtpcc.md","twitter_card":"summary_large_image","twitter_misc":{"Scris de":"dgtpcc.md","Timp estimat pentru citire":"3 minute"},"schema":{"@context":"https:\/\/schema.org","@graph":[{"@type":"Article","@id":"https:\/\/mobilitatechisinau.md\/?p=13824#article","isPartOf":{"@id":"https:\/\/mobilitatechisinau.md\/?p=13824"},"author":{"name":"dgtpcc.md","@id":"https:\/\/mobilitatechisinau.md\/#\/schema\/person\/c25d28ff5553bea759689e10224709c7"},"headline":"Lucr\u0103ri de repara\u021bie \u0219i \u00eentre\u021binere a infrastructurii rutiere municipale executate pe parcursul s\u0103pt\u0103m\u00e2nii trecute","datePublished":"2025-02-10T06:25:30+00:00","dateModified":"2025-02-18T06:29:13+00:00","mainEntityOfPage":{"@id":"https:\/\/mobilitatechisinau.md\/?p=13824"},"wordCount":334,"publisher":{"@id":"https:\/\/mobilitatechisinau.md\/#organization"},"image":{"@id":"https:\/\/mobilitatechisinau.md\/?p=13824#primaryimage"},"thumbnailUrl":"https:\/\/mobilitatechisinau.md\/wp-content\/uploads\/2025\/02\/10-februarie.jpg","articleSection":["Comunicate de pres\u0103"],"inLanguage":"ro-RO"},{"@type":"WebPage","@id":"https:\/\/mobilitatechisinau.md\/?p=13824","url":"https:\/\/mobilitatechisinau.md\/?p=13824","name":"Lucr\u0103ri de repara\u021bie \u0219i \u00eentre\u021binere a infrastructurii rutiere municipale executate pe parcursul s\u0103pt\u0103m\u00e2nii trecute - mobilitatechisinau.md","isPartOf":{"@id":"https:\/\/mobilitatechisinau.md\/#website"},"primaryImageOfPage":{"@id":"https:\/\/mobilitatechisinau.md\/?p=13824#primaryimage"},"image":{"@id":"https:\/\/mobilitatechisinau.md\/?p=13824#primaryimage"},"thumbnailUrl":"https:\/\/mobilitatechisinau.md\/wp-content\/uploads\/2025\/02\/10-februarie.jpg","datePublished":"2025-02-10T06:25:30+00:00","dateModified":"2025-02-18T06:29:13+00:00","breadcrumb":{"@id":"https:\/\/mobilitatechisinau.md\/?p=13824#breadcrumb"},"inLanguage":"ro-RO","potentialAction":[{"@type":"ReadAction","target":["https:\/\/mobilitatechisinau.md\/?p=13824"]}]},{"@type":"ImageObject","inLanguage":"ro-RO","@id":"https:\/\/mobilitatechisinau.md\/?p=13824#primaryimage","url":"https:\/\/mobilitatechisinau.md\/wp-content\/uploads\/2025\/02\/10-februarie.jpg","contentUrl":"https:\/\/mobilitatechisinau.md\/wp-content\/uploads\/2025\/02\/10-februarie.jpg","width":1200,"height":700},{"@type":"BreadcrumbList","@id":"https:\/\/mobilitatechisinau.md\/?p=13824#breadcrumb","itemListElement":[{"@type":"ListItem","position":1,"name":"Prima pagin\u0103","item":"https:\/\/mobilitatechisinau.md\/"},{"@type":"ListItem","position":2,"name":"Lucr\u0103ri de repara\u021bie \u0219i \u00eentre\u021binere a infrastructurii rutiere municipale executate pe parcursul s\u0103pt\u0103m\u00e2nii trecute"}]},{"@type":"WebSite","@id":"https:\/\/mobilitatechisinau.md\/#website","url":"https:\/\/mobilitatechisinau.md\/","name":"mobilitatechisinau.md","description":"Direc\u0163ia General\u0103 Mobilitate Urban\u0103","publisher":{"@id":"https:\/\/mobilitatechisinau.md\/#organization"},"potentialAction":[{"@type":"SearchAction","target":{"@type":"EntryPoint","urlTemplate":"https:\/\/mobilitatechisinau.md\/?s={search_term_string}"},"query-input":{"@type":"PropertyValueSpecification","valueRequired":true,"valueName":"search_term_string"}}],"inLanguage":"ro-RO"},{"@type":"Organization","@id":"https:\/\/mobilitatechisinau.md\/#organization","name":"Direc\u0163ia general\u0103 transport public \u015fi c\u0103i de comunica\u0163ie","url":"https:\/\/mobilitatechisinau.md\/","logo":{"@type":"ImageObject","inLanguage":"ro-RO","@id":"https:\/\/mobilitatechisinau.md\/#\/schema\/logo\/image\/","url":"https:\/\/dgtpcc.md\/wp-content\/uploads\/2022\/05\/DGTPCC-Chis\u0326ina\u0306u-new.jpg","contentUrl":"https:\/\/dgtpcc.md\/wp-content\/uploads\/2022\/05\/DGTPCC-Chis\u0326ina\u0306u-new.jpg","width":304,"height":80,"caption":"Direc\u0163ia general\u0103 transport public \u015fi c\u0103i de comunica\u0163ie"},"image":{"@id":"https:\/\/mobilitatechisinau.md\/#\/schema\/logo\/image\/"},"sameAs":["https:\/\/www.facebook.com\/DGTPCC"]},{"@type":"Person","@id":"https:\/\/mobilitatechisinau.md\/#\/schema\/person\/c25d28ff5553bea759689e10224709c7","name":"dgtpcc.md","image":{"@type":"ImageObject","inLanguage":"ro-RO","@id":"https:\/\/mobilitatechisinau.md\/#\/schema\/person\/image\/","url":"https:\/\/secure.gravatar.com\/avatar\/9057a81ed6aa6c63f6d0d045749b3708fa15d612e3a388d9ac7b50072146c906?s=96&d=mm&r=g","contentUrl":"https:\/\/secure.gravatar.com\/avatar\/9057a81ed6aa6c63f6d0d045749b3708fa15d612e3a388d9ac7b50072146c906?s=96&d=mm&r=g","caption":"dgtpcc.md"},"sameAs":["https:\/\/dgtpcc.md"],"url":"https:\/\/mobilitatechisinau.md\/?author=1"}]}},"_links":{"self":[{"href":"https:\/\/mobilitatechisinau.md\/index.php?rest_route=\/wp\/v2\/posts\/13824","targetHints":{"allow":["GET"]}}],"collection":[{"href":"https:\/\/mobilitatechisinau.md\/index.php?rest_route=\/wp\/v2\/posts"}],"about":[{"href":"https:\/\/mobilitatechisinau.md\/index.php?rest_route=\/wp\/v2\/types\/post"}],"author":[{"embeddable":true,"href":"https:\/\/mobilitatechisinau.md\/index.php?rest_route=\/wp\/v2\/users\/1"}],"replies":[{"embeddable":true,"href":"https:\/\/mobilitatechisinau.md\/index.php?rest_route=%2Fwp%2Fv2%2Fcomments&post=13824"}],"version-history":[{"count":1,"href":"https:\/\/mobilitatechisinau.md\/index.php?rest_route=\/wp\/v2\/posts\/13824\/revisions"}],"predecessor-version":[{"id":13832,"href":"https:\/\/mobilitatechisinau.md\/index.php?rest_route=\/wp\/v2\/posts\/13824\/revisions\/13832"}],"wp:featuredmedia":[{"embeddable":true,"href":"https:\/\/mobilitatechisinau.md\/index.php?rest_route=\/wp\/v2\/media\/13825"}],"wp:attachment":[{"href":"https:\/\/mobilitatechisinau.md\/index.php?rest_route=%2Fwp%2Fv2%2Fmedia&parent=13824"}],"wp:term":[{"taxonomy":"category","embeddable":true,"href":"https:\/\/mobilitatechisinau.md\/index.php?rest_route=%2Fwp%2Fv2%2Fcategories&post=13824"},{"taxonomy":"post_tag","embeddable":true,"href":"https:\/\/mobilitatechisinau.md\/index.php?rest_route=%2Fwp%2Fv2%2Ftags&post=13824"}],"curies":[{"name":"wp","href":"https:\/\/api.w.org\/{rel}","templated":true}]}}