{"id":13833,"date":"2025-02-14T08:30:18","date_gmt":"2025-02-14T06:30:18","guid":{"rendered":"https:\/\/mobilitatechisinau.md\/?p=13833"},"modified":"2025-02-18T08:33:24","modified_gmt":"2025-02-18T06:33:24","slug":"%f0%9d%90%8e%f0%9d%90%9b%f0%9d%90%a2%f0%9d%90%9e%f0%9d%90%9c%f0%9d%90%ad%f0%9d%90%a2%f0%9d%90%af%f0%9d%90%ae%f0%9d%90%a5-%f0%9d%90%ac%f0%9d%90%9e%f0%9d%90%a6%f0%9d%90%9a%f0%9d%90%9f%f0%9d%90%a8","status":"publish","type":"post","link":"https:\/\/mobilitatechisinau.md\/?p=13833","title":{"rendered":"\ud835\udc0e\ud835\udc1b\ud835\udc22\ud835\udc1e\ud835\udc1c\ud835\udc2d\ud835\udc22\ud835\udc2f\ud835\udc2e\ud835\udc25 \ud835\udc2c\ud835\udc1e\ud835\udc26\ud835\udc1a\ud835\udc1f\ud835\udc28\ud835\udc2b\ud835\udc22\ud835\udc1c \ud835\udc1d\ud835\udc22\ud835\udc27 \ud835\udc22\ud835\udc27\ud835\udc2d\ud835\udc1e\ud835\udc2b\ud835\udc2c\ud835\udc1e\ud835\udc1c\ud835\udc2d\u0326\ud835\udc22\ud835\udc1a \ud835\udc2c\ud835\udc2d\ud835\udc2b\ud835\udc1a\u0306\ud835\udc33\ud835\udc22\ud835\udc25\ud835\udc28\ud835\udc2b \ud835\udc15\ud835\udc1a\ud835\udc2b\ud835\udc27\ud835\udc22\ud835\udc2d\u0326\ud835\udc1a &#8211; \ud835\udc02\ud835\udc1a\ud835\udc25\ud835\udc1e\ud835\udc1a \ud835\udc01\ud835\udc1a\ud835\udc2c\ud835\udc1a\ud835\udc2b\ud835\udc1a\ud835\udc1b\ud835\udc22\ud835\udc1e\ud835\udc22 &#8211; \ud835\udc08\ud835\udc2c\ud835\udc26\ud835\udc1a\ud835\udc22\ud835\udc25 \ud835\udc2f\ud835\udc1a \ud835\udc1f\ud835\udc22 \ud835\udc1c\ud835\udc28\ud835\udc27\ud835\udc1e\ud835\udc1c\ud835\udc2d\ud835\udc1a\ud835\udc2d \ud835\udc22\u0302\ud835\udc27 \ud835\udc2b\ud835\udc1e\ud835\udc20\ud835\udc22\ud835\udc26 \ud835\udc1d\ud835\udc1e \ud835\udc2d\ud835\udc1e\ud835\udc2c\ud835\udc2d\ud835\udc1a\ud835\udc2b\ud835\udc1e"},"content":{"rendered":"\n<p>Prim\u0103ria Municipiului Chi\u0219in\u0103u informeaz\u0103 c\u0103 s\u00e2mb\u0103t\u0103, 15 februarie, \u00een intervalul orelor 10:00 &#8211; 16:00, obiectivul semaforic din intersec\u021bia str\u0103zilor Varni\u021ba &#8211; Calea Basarabiei &#8211; Ismail va fi conectat \u00een regim de testare.<\/p>\n\n\n\n<p>Aceast\u0103 etap\u0103 este necesar\u0103 pentru identificarea solu\u021biei optime de organizare a circula\u021biei rutiere \u00een zon\u0103, ac\u021biunea fiind realizat\u0103 de angaja\u021bii Direc\u021biei Generale Mobilitate Urban\u0103 (DGMU) \u0219i ai Inspectoratului Na\u021bional de Securitate Public\u0103 (INSP).<\/p>\n\n\n\n<p>Poli\u021bi\u0219tii vor fi prezen\u021bi la dirijarea traficului pentru a fi evitat\u0103 crearea ambuteiajelor, iar participan\u021bii la trafic sunt ruga\u021bi s\u0103 circule cu pruden\u021b\u0103 \u0219i s\u0103 respecte noile reglement\u0103ri impuse de sistemul inteligent de semaforizare, pe perioada test\u0103rii.<\/p>\n\n\n\n<p>Obiectivul semaforic din intersec\u021bia str\u0103zilor Varni\u021ba &#8211; Calea Basarabiei &#8211; Ismail este parte a unui amplu proiect de modernizare a nodului rutier din strada Ismail, menit s\u0103 fluidizeze traficul, s\u0103 creasc\u0103 siguran\u021ba participan\u021bilor la trafic \u0219i s\u0103 reduc\u0103 timpul de deplasare. Proiectul presupune amenajarea a 7 intersec\u021bii moderne, dotate cu sisteme de semaforizare inteligent\u0103, o premier\u0103 at\u00e2t pentru Chi\u0219in\u0103u, c\u00e2t \u0219i pentru \u00eentreaga \u021bar\u0103.<\/p>\n\n\n\n<figure class=\"wp-block-gallery has-nested-images columns-default is-cropped wp-block-gallery-1 is-layout-flex wp-block-gallery-is-layout-flex\">\n<figure class=\"wp-block-image size-large\"><img fetchpriority=\"high\" decoding=\"async\" width=\"524\" height=\"700\" data-id=\"13837\" src=\"https:\/\/mobilitatechisinau.md\/wp-content\/uploads\/2025\/02\/2-3.jpg\" alt=\"\" class=\"wp-image-13837\" srcset=\"https:\/\/mobilitatechisinau.md\/wp-content\/uploads\/2025\/02\/2-3.jpg 524w, https:\/\/mobilitatechisinau.md\/wp-content\/uploads\/2025\/02\/2-3-225x300.jpg 225w, https:\/\/mobilitatechisinau.md\/wp-content\/uploads\/2025\/02\/2-3-9x12.jpg 9w, https:\/\/mobilitatechisinau.md\/wp-content\/uploads\/2025\/02\/2-3-262x350.jpg 262w\" sizes=\"(max-width: 524px) 100vw, 524px\" \/><\/figure>\n\n\n\n<figure class=\"wp-block-image size-large\"><img decoding=\"async\" width=\"934\" height=\"700\" data-id=\"13836\" src=\"https:\/\/mobilitatechisinau.md\/wp-content\/uploads\/2025\/02\/3-3.jpg\" alt=\"\" class=\"wp-image-13836\" srcset=\"https:\/\/mobilitatechisinau.md\/wp-content\/uploads\/2025\/02\/3-3.jpg 934w, https:\/\/mobilitatechisinau.md\/wp-content\/uploads\/2025\/02\/3-3-300x225.jpg 300w, https:\/\/mobilitatechisinau.md\/wp-content\/uploads\/2025\/02\/3-3-768x576.jpg 768w, https:\/\/mobilitatechisinau.md\/wp-content\/uploads\/2025\/02\/3-3-16x12.jpg 16w, https:\/\/mobilitatechisinau.md\/wp-content\/uploads\/2025\/02\/3-3-467x350.jpg 467w\" sizes=\"(max-width: 934px) 100vw, 934px\" \/><\/figure>\n\n\n\n<figure class=\"wp-block-image size-large\"><img decoding=\"async\" width=\"934\" height=\"700\" data-id=\"13835\" src=\"https:\/\/mobilitatechisinau.md\/wp-content\/uploads\/2025\/02\/480006326_614245481242511_1599258368330706025_n.jpg\" alt=\"\" class=\"wp-image-13835\" srcset=\"https:\/\/mobilitatechisinau.md\/wp-content\/uploads\/2025\/02\/480006326_614245481242511_1599258368330706025_n.jpg 934w, https:\/\/mobilitatechisinau.md\/wp-content\/uploads\/2025\/02\/480006326_614245481242511_1599258368330706025_n-300x225.jpg 300w, https:\/\/mobilitatechisinau.md\/wp-content\/uploads\/2025\/02\/480006326_614245481242511_1599258368330706025_n-768x576.jpg 768w, https:\/\/mobilitatechisinau.md\/wp-content\/uploads\/2025\/02\/480006326_614245481242511_1599258368330706025_n-16x12.jpg 16w, https:\/\/mobilitatechisinau.md\/wp-content\/uploads\/2025\/02\/480006326_614245481242511_1599258368330706025_n-467x350.jpg 467w\" sizes=\"(max-width: 934px) 100vw, 934px\" \/><\/figure>\n<\/figure>\n","protected":false},"excerpt":{"rendered":"<p>Prim\u0103ria Municipiului Chi\u0219in\u0103u informeaz\u0103 c\u0103 s\u00e2mb\u0103t\u0103, 15 februarie, \u00een intervalul orelor 10:00 &#8211; 16:00, obiectivul semaforic din intersec\u021bia str\u0103zilor Varni\u021ba &#8211; Calea Basarabiei &#8211; Ismail va fi conectat \u00een regim de testare. Aceast\u0103 etap\u0103 este necesar\u0103 pentru identificarea solu\u021biei optime de organizare a circula\u021biei rutiere \u00een zon\u0103, ac\u021biunea fiind realizat\u0103 de angaja\u021bii Direc\u021biei Generale Mobilitate [&hellip;]<\/p>\n","protected":false},"author":1,"featured_media":13834,"comment_status":"closed","ping_status":"open","sticky":false,"template":"","format":"standard","meta":{"footnotes":""},"categories":[92],"tags":[],"class_list":["post-13833","post","type-post","status-publish","format-standard","has-post-thumbnail","hentry","category-comunicate"],"yoast_head":"<!-- This site is optimized with the Yoast SEO plugin v23.9 - https:\/\/yoast.com\/wordpress\/plugins\/seo\/ -->\n<title>\ud835\udc0e\ud835\udc1b\ud835\udc22\ud835\udc1e\ud835\udc1c\ud835\udc2d\ud835\udc22\ud835\udc2f\ud835\udc2e\ud835\udc25 \ud835\udc2c\ud835\udc1e\ud835\udc26\ud835\udc1a\ud835\udc1f\ud835\udc28\ud835\udc2b\ud835\udc22\ud835\udc1c \ud835\udc1d\ud835\udc22\ud835\udc27 \ud835\udc22\ud835\udc27\ud835\udc2d\ud835\udc1e\ud835\udc2b\ud835\udc2c\ud835\udc1e\ud835\udc1c\ud835\udc2d\u0326\ud835\udc22\ud835\udc1a \ud835\udc2c\ud835\udc2d\ud835\udc2b\ud835\udc1a\u0306\ud835\udc33\ud835\udc22\ud835\udc25\ud835\udc28\ud835\udc2b \ud835\udc15\ud835\udc1a\ud835\udc2b\ud835\udc27\ud835\udc22\ud835\udc2d\u0326\ud835\udc1a - \ud835\udc02\ud835\udc1a\ud835\udc25\ud835\udc1e\ud835\udc1a \ud835\udc01\ud835\udc1a\ud835\udc2c\ud835\udc1a\ud835\udc2b\ud835\udc1a\ud835\udc1b\ud835\udc22\ud835\udc1e\ud835\udc22 - \ud835\udc08\ud835\udc2c\ud835\udc26\ud835\udc1a\ud835\udc22\ud835\udc25 \ud835\udc2f\ud835\udc1a \ud835\udc1f\ud835\udc22 \ud835\udc1c\ud835\udc28\ud835\udc27\ud835\udc1e\ud835\udc1c\ud835\udc2d\ud835\udc1a\ud835\udc2d \ud835\udc22\u0302\ud835\udc27 \ud835\udc2b\ud835\udc1e\ud835\udc20\ud835\udc22\ud835\udc26 \ud835\udc1d\ud835\udc1e \ud835\udc2d\ud835\udc1e\ud835\udc2c\ud835\udc2d\ud835\udc1a\ud835\udc2b\ud835\udc1e - mobilitatechisinau.md<\/title>\n<meta name=\"robots\" content=\"index, follow, max-snippet:-1, max-image-preview:large, max-video-preview:-1\" \/>\n<link rel=\"canonical\" href=\"https:\/\/mobilitatechisinau.md\/?p=13833\" \/>\n<meta property=\"og:locale\" content=\"ro_RO\" \/>\n<meta property=\"og:type\" content=\"article\" \/>\n<meta property=\"og:title\" content=\"\ud835\udc0e\ud835\udc1b\ud835\udc22\ud835\udc1e\ud835\udc1c\ud835\udc2d\ud835\udc22\ud835\udc2f\ud835\udc2e\ud835\udc25 \ud835\udc2c\ud835\udc1e\ud835\udc26\ud835\udc1a\ud835\udc1f\ud835\udc28\ud835\udc2b\ud835\udc22\ud835\udc1c \ud835\udc1d\ud835\udc22\ud835\udc27 \ud835\udc22\ud835\udc27\ud835\udc2d\ud835\udc1e\ud835\udc2b\ud835\udc2c\ud835\udc1e\ud835\udc1c\ud835\udc2d\u0326\ud835\udc22\ud835\udc1a \ud835\udc2c\ud835\udc2d\ud835\udc2b\ud835\udc1a\u0306\ud835\udc33\ud835\udc22\ud835\udc25\ud835\udc28\ud835\udc2b \ud835\udc15\ud835\udc1a\ud835\udc2b\ud835\udc27\ud835\udc22\ud835\udc2d\u0326\ud835\udc1a - \ud835\udc02\ud835\udc1a\ud835\udc25\ud835\udc1e\ud835\udc1a \ud835\udc01\ud835\udc1a\ud835\udc2c\ud835\udc1a\ud835\udc2b\ud835\udc1a\ud835\udc1b\ud835\udc22\ud835\udc1e\ud835\udc22 - \ud835\udc08\ud835\udc2c\ud835\udc26\ud835\udc1a\ud835\udc22\ud835\udc25 \ud835\udc2f\ud835\udc1a \ud835\udc1f\ud835\udc22 \ud835\udc1c\ud835\udc28\ud835\udc27\ud835\udc1e\ud835\udc1c\ud835\udc2d\ud835\udc1a\ud835\udc2d \ud835\udc22\u0302\ud835\udc27 \ud835\udc2b\ud835\udc1e\ud835\udc20\ud835\udc22\ud835\udc26 \ud835\udc1d\ud835\udc1e \ud835\udc2d\ud835\udc1e\ud835\udc2c\ud835\udc2d\ud835\udc1a\ud835\udc2b\ud835\udc1e - mobilitatechisinau.md\" \/>\n<meta property=\"og:description\" content=\"Prim\u0103ria Municipiului Chi\u0219in\u0103u informeaz\u0103 c\u0103 s\u00e2mb\u0103t\u0103, 15 februarie, \u00een intervalul orelor 10:00 &#8211; 16:00, obiectivul semaforic din intersec\u021bia str\u0103zilor Varni\u021ba &#8211; Calea Basarabiei &#8211; Ismail va fi conectat \u00een regim de testare. Aceast\u0103 etap\u0103 este necesar\u0103 pentru identificarea solu\u021biei optime de organizare a circula\u021biei rutiere \u00een zon\u0103, ac\u021biunea fiind realizat\u0103 de angaja\u021bii Direc\u021biei Generale Mobilitate [&hellip;]\" \/>\n<meta property=\"og:url\" content=\"https:\/\/mobilitatechisinau.md\/?p=13833\" \/>\n<meta property=\"og:site_name\" content=\"mobilitatechisinau.md\" \/>\n<meta property=\"article:publisher\" content=\"https:\/\/www.facebook.com\/DGTPCC\" \/>\n<meta property=\"article:published_time\" content=\"2025-02-14T06:30:18+00:00\" \/>\n<meta property=\"article:modified_time\" content=\"2025-02-18T06:33:24+00:00\" \/>\n<meta property=\"og:image\" content=\"https:\/\/mobilitatechisinau.md\/wp-content\/uploads\/2025\/02\/semafoare.jpg\" \/>\n\t<meta property=\"og:image:width\" content=\"1200\" \/>\n\t<meta property=\"og:image:height\" content=\"700\" \/>\n\t<meta property=\"og:image:type\" content=\"image\/jpeg\" \/>\n<meta name=\"author\" content=\"dgtpcc.md\" \/>\n<meta name=\"twitter:card\" content=\"summary_large_image\" \/>\n<meta name=\"twitter:label1\" content=\"Scris de\" \/>\n\t<meta name=\"twitter:data1\" content=\"dgtpcc.md\" \/>\n\t<meta name=\"twitter:label2\" content=\"Timp estimat pentru citire\" \/>\n\t<meta name=\"twitter:data2\" content=\"2 minute\" \/>\n<script type=\"application\/ld+json\" class=\"yoast-schema-graph\">{\"@context\":\"https:\/\/schema.org\",\"@graph\":[{\"@type\":\"Article\",\"@id\":\"https:\/\/mobilitatechisinau.md\/?p=13833#article\",\"isPartOf\":{\"@id\":\"https:\/\/mobilitatechisinau.md\/?p=13833\"},\"author\":{\"name\":\"dgtpcc.md\",\"@id\":\"https:\/\/mobilitatechisinau.md\/#\/schema\/person\/c25d28ff5553bea759689e10224709c7\"},\"headline\":\"\ud835\udc0e\ud835\udc1b\ud835\udc22\ud835\udc1e\ud835\udc1c\ud835\udc2d\ud835\udc22\ud835\udc2f\ud835\udc2e\ud835\udc25 \ud835\udc2c\ud835\udc1e\ud835\udc26\ud835\udc1a\ud835\udc1f\ud835\udc28\ud835\udc2b\ud835\udc22\ud835\udc1c \ud835\udc1d\ud835\udc22\ud835\udc27 \ud835\udc22\ud835\udc27\ud835\udc2d\ud835\udc1e\ud835\udc2b\ud835\udc2c\ud835\udc1e\ud835\udc1c\ud835\udc2d\u0326\ud835\udc22\ud835\udc1a \ud835\udc2c\ud835\udc2d\ud835\udc2b\ud835\udc1a\u0306\ud835\udc33\ud835\udc22\ud835\udc25\ud835\udc28\ud835\udc2b \ud835\udc15\ud835\udc1a\ud835\udc2b\ud835\udc27\ud835\udc22\ud835\udc2d\u0326\ud835\udc1a &#8211; \ud835\udc02\ud835\udc1a\ud835\udc25\ud835\udc1e\ud835\udc1a \ud835\udc01\ud835\udc1a\ud835\udc2c\ud835\udc1a\ud835\udc2b\ud835\udc1a\ud835\udc1b\ud835\udc22\ud835\udc1e\ud835\udc22 &#8211; \ud835\udc08\ud835\udc2c\ud835\udc26\ud835\udc1a\ud835\udc22\ud835\udc25 \ud835\udc2f\ud835\udc1a \ud835\udc1f\ud835\udc22 \ud835\udc1c\ud835\udc28\ud835\udc27\ud835\udc1e\ud835\udc1c\ud835\udc2d\ud835\udc1a\ud835\udc2d \ud835\udc22\u0302\ud835\udc27 \ud835\udc2b\ud835\udc1e\ud835\udc20\ud835\udc22\ud835\udc26 \ud835\udc1d\ud835\udc1e \ud835\udc2d\ud835\udc1e\ud835\udc2c\ud835\udc2d\ud835\udc1a\ud835\udc2b\ud835\udc1e\",\"datePublished\":\"2025-02-14T06:30:18+00:00\",\"dateModified\":\"2025-02-18T06:33:24+00:00\",\"mainEntityOfPage\":{\"@id\":\"https:\/\/mobilitatechisinau.md\/?p=13833\"},\"wordCount\":195,\"publisher\":{\"@id\":\"https:\/\/mobilitatechisinau.md\/#organization\"},\"image\":{\"@id\":\"https:\/\/mobilitatechisinau.md\/?p=13833#primaryimage\"},\"thumbnailUrl\":\"https:\/\/mobilitatechisinau.md\/wp-content\/uploads\/2025\/02\/semafoare.jpg\",\"articleSection\":[\"Comunicate de pres\u0103\"],\"inLanguage\":\"ro-RO\"},{\"@type\":\"WebPage\",\"@id\":\"https:\/\/mobilitatechisinau.md\/?p=13833\",\"url\":\"https:\/\/mobilitatechisinau.md\/?p=13833\",\"name\":\"\ud835\udc0e\ud835\udc1b\ud835\udc22\ud835\udc1e\ud835\udc1c\ud835\udc2d\ud835\udc22\ud835\udc2f\ud835\udc2e\ud835\udc25 \ud835\udc2c\ud835\udc1e\ud835\udc26\ud835\udc1a\ud835\udc1f\ud835\udc28\ud835\udc2b\ud835\udc22\ud835\udc1c \ud835\udc1d\ud835\udc22\ud835\udc27 \ud835\udc22\ud835\udc27\ud835\udc2d\ud835\udc1e\ud835\udc2b\ud835\udc2c\ud835\udc1e\ud835\udc1c\ud835\udc2d\u0326\ud835\udc22\ud835\udc1a \ud835\udc2c\ud835\udc2d\ud835\udc2b\ud835\udc1a\u0306\ud835\udc33\ud835\udc22\ud835\udc25\ud835\udc28\ud835\udc2b \ud835\udc15\ud835\udc1a\ud835\udc2b\ud835\udc27\ud835\udc22\ud835\udc2d\u0326\ud835\udc1a - \ud835\udc02\ud835\udc1a\ud835\udc25\ud835\udc1e\ud835\udc1a \ud835\udc01\ud835\udc1a\ud835\udc2c\ud835\udc1a\ud835\udc2b\ud835\udc1a\ud835\udc1b\ud835\udc22\ud835\udc1e\ud835\udc22 - \ud835\udc08\ud835\udc2c\ud835\udc26\ud835\udc1a\ud835\udc22\ud835\udc25 \ud835\udc2f\ud835\udc1a \ud835\udc1f\ud835\udc22 \ud835\udc1c\ud835\udc28\ud835\udc27\ud835\udc1e\ud835\udc1c\ud835\udc2d\ud835\udc1a\ud835\udc2d \ud835\udc22\u0302\ud835\udc27 \ud835\udc2b\ud835\udc1e\ud835\udc20\ud835\udc22\ud835\udc26 \ud835\udc1d\ud835\udc1e \ud835\udc2d\ud835\udc1e\ud835\udc2c\ud835\udc2d\ud835\udc1a\ud835\udc2b\ud835\udc1e - mobilitatechisinau.md\",\"isPartOf\":{\"@id\":\"https:\/\/mobilitatechisinau.md\/#website\"},\"primaryImageOfPage\":{\"@id\":\"https:\/\/mobilitatechisinau.md\/?p=13833#primaryimage\"},\"image\":{\"@id\":\"https:\/\/mobilitatechisinau.md\/?p=13833#primaryimage\"},\"thumbnailUrl\":\"https:\/\/mobilitatechisinau.md\/wp-content\/uploads\/2025\/02\/semafoare.jpg\",\"datePublished\":\"2025-02-14T06:30:18+00:00\",\"dateModified\":\"2025-02-18T06:33:24+00:00\",\"breadcrumb\":{\"@id\":\"https:\/\/mobilitatechisinau.md\/?p=13833#breadcrumb\"},\"inLanguage\":\"ro-RO\",\"potentialAction\":[{\"@type\":\"ReadAction\",\"target\":[\"https:\/\/mobilitatechisinau.md\/?p=13833\"]}]},{\"@type\":\"ImageObject\",\"inLanguage\":\"ro-RO\",\"@id\":\"https:\/\/mobilitatechisinau.md\/?p=13833#primaryimage\",\"url\":\"https:\/\/mobilitatechisinau.md\/wp-content\/uploads\/2025\/02\/semafoare.jpg\",\"contentUrl\":\"https:\/\/mobilitatechisinau.md\/wp-content\/uploads\/2025\/02\/semafoare.jpg\",\"width\":1200,\"height\":700},{\"@type\":\"BreadcrumbList\",\"@id\":\"https:\/\/mobilitatechisinau.md\/?p=13833#breadcrumb\",\"itemListElement\":[{\"@type\":\"ListItem\",\"position\":1,\"name\":\"Prima pagin\u0103\",\"item\":\"https:\/\/mobilitatechisinau.md\/\"},{\"@type\":\"ListItem\",\"position\":2,\"name\":\"\ud835\udc0e\ud835\udc1b\ud835\udc22\ud835\udc1e\ud835\udc1c\ud835\udc2d\ud835\udc22\ud835\udc2f\ud835\udc2e\ud835\udc25 \ud835\udc2c\ud835\udc1e\ud835\udc26\ud835\udc1a\ud835\udc1f\ud835\udc28\ud835\udc2b\ud835\udc22\ud835\udc1c \ud835\udc1d\ud835\udc22\ud835\udc27 \ud835\udc22\ud835\udc27\ud835\udc2d\ud835\udc1e\ud835\udc2b\ud835\udc2c\ud835\udc1e\ud835\udc1c\ud835\udc2d\u0326\ud835\udc22\ud835\udc1a \ud835\udc2c\ud835\udc2d\ud835\udc2b\ud835\udc1a\u0306\ud835\udc33\ud835\udc22\ud835\udc25\ud835\udc28\ud835\udc2b \ud835\udc15\ud835\udc1a\ud835\udc2b\ud835\udc27\ud835\udc22\ud835\udc2d\u0326\ud835\udc1a &#8211; \ud835\udc02\ud835\udc1a\ud835\udc25\ud835\udc1e\ud835\udc1a \ud835\udc01\ud835\udc1a\ud835\udc2c\ud835\udc1a\ud835\udc2b\ud835\udc1a\ud835\udc1b\ud835\udc22\ud835\udc1e\ud835\udc22 &#8211; \ud835\udc08\ud835\udc2c\ud835\udc26\ud835\udc1a\ud835\udc22\ud835\udc25 \ud835\udc2f\ud835\udc1a \ud835\udc1f\ud835\udc22 \ud835\udc1c\ud835\udc28\ud835\udc27\ud835\udc1e\ud835\udc1c\ud835\udc2d\ud835\udc1a\ud835\udc2d \ud835\udc22\u0302\ud835\udc27 \ud835\udc2b\ud835\udc1e\ud835\udc20\ud835\udc22\ud835\udc26 \ud835\udc1d\ud835\udc1e \ud835\udc2d\ud835\udc1e\ud835\udc2c\ud835\udc2d\ud835\udc1a\ud835\udc2b\ud835\udc1e\"}]},{\"@type\":\"WebSite\",\"@id\":\"https:\/\/mobilitatechisinau.md\/#website\",\"url\":\"https:\/\/mobilitatechisinau.md\/\",\"name\":\"mobilitatechisinau.md\",\"description\":\"Direc\u0163ia General\u0103 Mobilitate Urban\u0103\",\"publisher\":{\"@id\":\"https:\/\/mobilitatechisinau.md\/#organization\"},\"potentialAction\":[{\"@type\":\"SearchAction\",\"target\":{\"@type\":\"EntryPoint\",\"urlTemplate\":\"https:\/\/mobilitatechisinau.md\/?s={search_term_string}\"},\"query-input\":{\"@type\":\"PropertyValueSpecification\",\"valueRequired\":true,\"valueName\":\"search_term_string\"}}],\"inLanguage\":\"ro-RO\"},{\"@type\":\"Organization\",\"@id\":\"https:\/\/mobilitatechisinau.md\/#organization\",\"name\":\"Direc\u0163ia general\u0103 transport public \u015fi c\u0103i de comunica\u0163ie\",\"url\":\"https:\/\/mobilitatechisinau.md\/\",\"logo\":{\"@type\":\"ImageObject\",\"inLanguage\":\"ro-RO\",\"@id\":\"https:\/\/mobilitatechisinau.md\/#\/schema\/logo\/image\/\",\"url\":\"https:\/\/dgtpcc.md\/wp-content\/uploads\/2022\/05\/DGTPCC-Chis\u0326ina\u0306u-new.jpg\",\"contentUrl\":\"https:\/\/dgtpcc.md\/wp-content\/uploads\/2022\/05\/DGTPCC-Chis\u0326ina\u0306u-new.jpg\",\"width\":304,\"height\":80,\"caption\":\"Direc\u0163ia general\u0103 transport public \u015fi c\u0103i de comunica\u0163ie\"},\"image\":{\"@id\":\"https:\/\/mobilitatechisinau.md\/#\/schema\/logo\/image\/\"},\"sameAs\":[\"https:\/\/www.facebook.com\/DGTPCC\"]},{\"@type\":\"Person\",\"@id\":\"https:\/\/mobilitatechisinau.md\/#\/schema\/person\/c25d28ff5553bea759689e10224709c7\",\"name\":\"dgtpcc.md\",\"image\":{\"@type\":\"ImageObject\",\"inLanguage\":\"ro-RO\",\"@id\":\"https:\/\/mobilitatechisinau.md\/#\/schema\/person\/image\/\",\"url\":\"https:\/\/secure.gravatar.com\/avatar\/9057a81ed6aa6c63f6d0d045749b3708fa15d612e3a388d9ac7b50072146c906?s=96&d=mm&r=g\",\"contentUrl\":\"https:\/\/secure.gravatar.com\/avatar\/9057a81ed6aa6c63f6d0d045749b3708fa15d612e3a388d9ac7b50072146c906?s=96&d=mm&r=g\",\"caption\":\"dgtpcc.md\"},\"sameAs\":[\"https:\/\/dgtpcc.md\"],\"url\":\"https:\/\/mobilitatechisinau.md\/?author=1\"}]}<\/script>\n<!-- \/ Yoast SEO plugin. -->","yoast_head_json":{"title":"\ud835\udc0e\ud835\udc1b\ud835\udc22\ud835\udc1e\ud835\udc1c\ud835\udc2d\ud835\udc22\ud835\udc2f\ud835\udc2e\ud835\udc25 \ud835\udc2c\ud835\udc1e\ud835\udc26\ud835\udc1a\ud835\udc1f\ud835\udc28\ud835\udc2b\ud835\udc22\ud835\udc1c \ud835\udc1d\ud835\udc22\ud835\udc27 \ud835\udc22\ud835\udc27\ud835\udc2d\ud835\udc1e\ud835\udc2b\ud835\udc2c\ud835\udc1e\ud835\udc1c\ud835\udc2d\u0326\ud835\udc22\ud835\udc1a \ud835\udc2c\ud835\udc2d\ud835\udc2b\ud835\udc1a\u0306\ud835\udc33\ud835\udc22\ud835\udc25\ud835\udc28\ud835\udc2b \ud835\udc15\ud835\udc1a\ud835\udc2b\ud835\udc27\ud835\udc22\ud835\udc2d\u0326\ud835\udc1a - \ud835\udc02\ud835\udc1a\ud835\udc25\ud835\udc1e\ud835\udc1a \ud835\udc01\ud835\udc1a\ud835\udc2c\ud835\udc1a\ud835\udc2b\ud835\udc1a\ud835\udc1b\ud835\udc22\ud835\udc1e\ud835\udc22 - \ud835\udc08\ud835\udc2c\ud835\udc26\ud835\udc1a\ud835\udc22\ud835\udc25 \ud835\udc2f\ud835\udc1a \ud835\udc1f\ud835\udc22 \ud835\udc1c\ud835\udc28\ud835\udc27\ud835\udc1e\ud835\udc1c\ud835\udc2d\ud835\udc1a\ud835\udc2d \ud835\udc22\u0302\ud835\udc27 \ud835\udc2b\ud835\udc1e\ud835\udc20\ud835\udc22\ud835\udc26 \ud835\udc1d\ud835\udc1e \ud835\udc2d\ud835\udc1e\ud835\udc2c\ud835\udc2d\ud835\udc1a\ud835\udc2b\ud835\udc1e - mobilitatechisinau.md","robots":{"index":"index","follow":"follow","max-snippet":"max-snippet:-1","max-image-preview":"max-image-preview:large","max-video-preview":"max-video-preview:-1"},"canonical":"https:\/\/mobilitatechisinau.md\/?p=13833","og_locale":"ro_RO","og_type":"article","og_title":"\ud835\udc0e\ud835\udc1b\ud835\udc22\ud835\udc1e\ud835\udc1c\ud835\udc2d\ud835\udc22\ud835\udc2f\ud835\udc2e\ud835\udc25 \ud835\udc2c\ud835\udc1e\ud835\udc26\ud835\udc1a\ud835\udc1f\ud835\udc28\ud835\udc2b\ud835\udc22\ud835\udc1c \ud835\udc1d\ud835\udc22\ud835\udc27 \ud835\udc22\ud835\udc27\ud835\udc2d\ud835\udc1e\ud835\udc2b\ud835\udc2c\ud835\udc1e\ud835\udc1c\ud835\udc2d\u0326\ud835\udc22\ud835\udc1a \ud835\udc2c\ud835\udc2d\ud835\udc2b\ud835\udc1a\u0306\ud835\udc33\ud835\udc22\ud835\udc25\ud835\udc28\ud835\udc2b \ud835\udc15\ud835\udc1a\ud835\udc2b\ud835\udc27\ud835\udc22\ud835\udc2d\u0326\ud835\udc1a - \ud835\udc02\ud835\udc1a\ud835\udc25\ud835\udc1e\ud835\udc1a \ud835\udc01\ud835\udc1a\ud835\udc2c\ud835\udc1a\ud835\udc2b\ud835\udc1a\ud835\udc1b\ud835\udc22\ud835\udc1e\ud835\udc22 - \ud835\udc08\ud835\udc2c\ud835\udc26\ud835\udc1a\ud835\udc22\ud835\udc25 \ud835\udc2f\ud835\udc1a \ud835\udc1f\ud835\udc22 \ud835\udc1c\ud835\udc28\ud835\udc27\ud835\udc1e\ud835\udc1c\ud835\udc2d\ud835\udc1a\ud835\udc2d \ud835\udc22\u0302\ud835\udc27 \ud835\udc2b\ud835\udc1e\ud835\udc20\ud835\udc22\ud835\udc26 \ud835\udc1d\ud835\udc1e \ud835\udc2d\ud835\udc1e\ud835\udc2c\ud835\udc2d\ud835\udc1a\ud835\udc2b\ud835\udc1e - mobilitatechisinau.md","og_description":"Prim\u0103ria Municipiului Chi\u0219in\u0103u informeaz\u0103 c\u0103 s\u00e2mb\u0103t\u0103, 15 februarie, \u00een intervalul orelor 10:00 &#8211; 16:00, obiectivul semaforic din intersec\u021bia str\u0103zilor Varni\u021ba &#8211; Calea Basarabiei &#8211; Ismail va fi conectat \u00een regim de testare. Aceast\u0103 etap\u0103 este necesar\u0103 pentru identificarea solu\u021biei optime de organizare a circula\u021biei rutiere \u00een zon\u0103, ac\u021biunea fiind realizat\u0103 de angaja\u021bii Direc\u021biei Generale Mobilitate [&hellip;]","og_url":"https:\/\/mobilitatechisinau.md\/?p=13833","og_site_name":"mobilitatechisinau.md","article_publisher":"https:\/\/www.facebook.com\/DGTPCC","article_published_time":"2025-02-14T06:30:18+00:00","article_modified_time":"2025-02-18T06:33:24+00:00","og_image":[{"width":1200,"height":700,"url":"https:\/\/mobilitatechisinau.md\/wp-content\/uploads\/2025\/02\/semafoare.jpg","type":"image\/jpeg"}],"author":"dgtpcc.md","twitter_card":"summary_large_image","twitter_misc":{"Scris de":"dgtpcc.md","Timp estimat pentru citire":"2 minute"},"schema":{"@context":"https:\/\/schema.org","@graph":[{"@type":"Article","@id":"https:\/\/mobilitatechisinau.md\/?p=13833#article","isPartOf":{"@id":"https:\/\/mobilitatechisinau.md\/?p=13833"},"author":{"name":"dgtpcc.md","@id":"https:\/\/mobilitatechisinau.md\/#\/schema\/person\/c25d28ff5553bea759689e10224709c7"},"headline":"\ud835\udc0e\ud835\udc1b\ud835\udc22\ud835\udc1e\ud835\udc1c\ud835\udc2d\ud835\udc22\ud835\udc2f\ud835\udc2e\ud835\udc25 \ud835\udc2c\ud835\udc1e\ud835\udc26\ud835\udc1a\ud835\udc1f\ud835\udc28\ud835\udc2b\ud835\udc22\ud835\udc1c \ud835\udc1d\ud835\udc22\ud835\udc27 \ud835\udc22\ud835\udc27\ud835\udc2d\ud835\udc1e\ud835\udc2b\ud835\udc2c\ud835\udc1e\ud835\udc1c\ud835\udc2d\u0326\ud835\udc22\ud835\udc1a \ud835\udc2c\ud835\udc2d\ud835\udc2b\ud835\udc1a\u0306\ud835\udc33\ud835\udc22\ud835\udc25\ud835\udc28\ud835\udc2b \ud835\udc15\ud835\udc1a\ud835\udc2b\ud835\udc27\ud835\udc22\ud835\udc2d\u0326\ud835\udc1a &#8211; \ud835\udc02\ud835\udc1a\ud835\udc25\ud835\udc1e\ud835\udc1a \ud835\udc01\ud835\udc1a\ud835\udc2c\ud835\udc1a\ud835\udc2b\ud835\udc1a\ud835\udc1b\ud835\udc22\ud835\udc1e\ud835\udc22 &#8211; \ud835\udc08\ud835\udc2c\ud835\udc26\ud835\udc1a\ud835\udc22\ud835\udc25 \ud835\udc2f\ud835\udc1a \ud835\udc1f\ud835\udc22 \ud835\udc1c\ud835\udc28\ud835\udc27\ud835\udc1e\ud835\udc1c\ud835\udc2d\ud835\udc1a\ud835\udc2d \ud835\udc22\u0302\ud835\udc27 \ud835\udc2b\ud835\udc1e\ud835\udc20\ud835\udc22\ud835\udc26 \ud835\udc1d\ud835\udc1e \ud835\udc2d\ud835\udc1e\ud835\udc2c\ud835\udc2d\ud835\udc1a\ud835\udc2b\ud835\udc1e","datePublished":"2025-02-14T06:30:18+00:00","dateModified":"2025-02-18T06:33:24+00:00","mainEntityOfPage":{"@id":"https:\/\/mobilitatechisinau.md\/?p=13833"},"wordCount":195,"publisher":{"@id":"https:\/\/mobilitatechisinau.md\/#organization"},"image":{"@id":"https:\/\/mobilitatechisinau.md\/?p=13833#primaryimage"},"thumbnailUrl":"https:\/\/mobilitatechisinau.md\/wp-content\/uploads\/2025\/02\/semafoare.jpg","articleSection":["Comunicate de pres\u0103"],"inLanguage":"ro-RO"},{"@type":"WebPage","@id":"https:\/\/mobilitatechisinau.md\/?p=13833","url":"https:\/\/mobilitatechisinau.md\/?p=13833","name":"\ud835\udc0e\ud835\udc1b\ud835\udc22\ud835\udc1e\ud835\udc1c\ud835\udc2d\ud835\udc22\ud835\udc2f\ud835\udc2e\ud835\udc25 \ud835\udc2c\ud835\udc1e\ud835\udc26\ud835\udc1a\ud835\udc1f\ud835\udc28\ud835\udc2b\ud835\udc22\ud835\udc1c \ud835\udc1d\ud835\udc22\ud835\udc27 \ud835\udc22\ud835\udc27\ud835\udc2d\ud835\udc1e\ud835\udc2b\ud835\udc2c\ud835\udc1e\ud835\udc1c\ud835\udc2d\u0326\ud835\udc22\ud835\udc1a \ud835\udc2c\ud835\udc2d\ud835\udc2b\ud835\udc1a\u0306\ud835\udc33\ud835\udc22\ud835\udc25\ud835\udc28\ud835\udc2b \ud835\udc15\ud835\udc1a\ud835\udc2b\ud835\udc27\ud835\udc22\ud835\udc2d\u0326\ud835\udc1a - \ud835\udc02\ud835\udc1a\ud835\udc25\ud835\udc1e\ud835\udc1a \ud835\udc01\ud835\udc1a\ud835\udc2c\ud835\udc1a\ud835\udc2b\ud835\udc1a\ud835\udc1b\ud835\udc22\ud835\udc1e\ud835\udc22 - \ud835\udc08\ud835\udc2c\ud835\udc26\ud835\udc1a\ud835\udc22\ud835\udc25 \ud835\udc2f\ud835\udc1a \ud835\udc1f\ud835\udc22 \ud835\udc1c\ud835\udc28\ud835\udc27\ud835\udc1e\ud835\udc1c\ud835\udc2d\ud835\udc1a\ud835\udc2d \ud835\udc22\u0302\ud835\udc27 \ud835\udc2b\ud835\udc1e\ud835\udc20\ud835\udc22\ud835\udc26 \ud835\udc1d\ud835\udc1e \ud835\udc2d\ud835\udc1e\ud835\udc2c\ud835\udc2d\ud835\udc1a\ud835\udc2b\ud835\udc1e - mobilitatechisinau.md","isPartOf":{"@id":"https:\/\/mobilitatechisinau.md\/#website"},"primaryImageOfPage":{"@id":"https:\/\/mobilitatechisinau.md\/?p=13833#primaryimage"},"image":{"@id":"https:\/\/mobilitatechisinau.md\/?p=13833#primaryimage"},"thumbnailUrl":"https:\/\/mobilitatechisinau.md\/wp-content\/uploads\/2025\/02\/semafoare.jpg","datePublished":"2025-02-14T06:30:18+00:00","dateModified":"2025-02-18T06:33:24+00:00","breadcrumb":{"@id":"https:\/\/mobilitatechisinau.md\/?p=13833#breadcrumb"},"inLanguage":"ro-RO","potentialAction":[{"@type":"ReadAction","target":["https:\/\/mobilitatechisinau.md\/?p=13833"]}]},{"@type":"ImageObject","inLanguage":"ro-RO","@id":"https:\/\/mobilitatechisinau.md\/?p=13833#primaryimage","url":"https:\/\/mobilitatechisinau.md\/wp-content\/uploads\/2025\/02\/semafoare.jpg","contentUrl":"https:\/\/mobilitatechisinau.md\/wp-content\/uploads\/2025\/02\/semafoare.jpg","width":1200,"height":700},{"@type":"BreadcrumbList","@id":"https:\/\/mobilitatechisinau.md\/?p=13833#breadcrumb","itemListElement":[{"@type":"ListItem","position":1,"name":"Prima pagin\u0103","item":"https:\/\/mobilitatechisinau.md\/"},{"@type":"ListItem","position":2,"name":"\ud835\udc0e\ud835\udc1b\ud835\udc22\ud835\udc1e\ud835\udc1c\ud835\udc2d\ud835\udc22\ud835\udc2f\ud835\udc2e\ud835\udc25 \ud835\udc2c\ud835\udc1e\ud835\udc26\ud835\udc1a\ud835\udc1f\ud835\udc28\ud835\udc2b\ud835\udc22\ud835\udc1c \ud835\udc1d\ud835\udc22\ud835\udc27 \ud835\udc22\ud835\udc27\ud835\udc2d\ud835\udc1e\ud835\udc2b\ud835\udc2c\ud835\udc1e\ud835\udc1c\ud835\udc2d\u0326\ud835\udc22\ud835\udc1a \ud835\udc2c\ud835\udc2d\ud835\udc2b\ud835\udc1a\u0306\ud835\udc33\ud835\udc22\ud835\udc25\ud835\udc28\ud835\udc2b \ud835\udc15\ud835\udc1a\ud835\udc2b\ud835\udc27\ud835\udc22\ud835\udc2d\u0326\ud835\udc1a &#8211; \ud835\udc02\ud835\udc1a\ud835\udc25\ud835\udc1e\ud835\udc1a \ud835\udc01\ud835\udc1a\ud835\udc2c\ud835\udc1a\ud835\udc2b\ud835\udc1a\ud835\udc1b\ud835\udc22\ud835\udc1e\ud835\udc22 &#8211; \ud835\udc08\ud835\udc2c\ud835\udc26\ud835\udc1a\ud835\udc22\ud835\udc25 \ud835\udc2f\ud835\udc1a \ud835\udc1f\ud835\udc22 \ud835\udc1c\ud835\udc28\ud835\udc27\ud835\udc1e\ud835\udc1c\ud835\udc2d\ud835\udc1a\ud835\udc2d \ud835\udc22\u0302\ud835\udc27 \ud835\udc2b\ud835\udc1e\ud835\udc20\ud835\udc22\ud835\udc26 \ud835\udc1d\ud835\udc1e \ud835\udc2d\ud835\udc1e\ud835\udc2c\ud835\udc2d\ud835\udc1a\ud835\udc2b\ud835\udc1e"}]},{"@type":"WebSite","@id":"https:\/\/mobilitatechisinau.md\/#website","url":"https:\/\/mobilitatechisinau.md\/","name":"mobilitatechisinau.md","description":"Direc\u0163ia General\u0103 Mobilitate Urban\u0103","publisher":{"@id":"https:\/\/mobilitatechisinau.md\/#organization"},"potentialAction":[{"@type":"SearchAction","target":{"@type":"EntryPoint","urlTemplate":"https:\/\/mobilitatechisinau.md\/?s={search_term_string}"},"query-input":{"@type":"PropertyValueSpecification","valueRequired":true,"valueName":"search_term_string"}}],"inLanguage":"ro-RO"},{"@type":"Organization","@id":"https:\/\/mobilitatechisinau.md\/#organization","name":"Direc\u0163ia general\u0103 transport public \u015fi c\u0103i de comunica\u0163ie","url":"https:\/\/mobilitatechisinau.md\/","logo":{"@type":"ImageObject","inLanguage":"ro-RO","@id":"https:\/\/mobilitatechisinau.md\/#\/schema\/logo\/image\/","url":"https:\/\/dgtpcc.md\/wp-content\/uploads\/2022\/05\/DGTPCC-Chis\u0326ina\u0306u-new.jpg","contentUrl":"https:\/\/dgtpcc.md\/wp-content\/uploads\/2022\/05\/DGTPCC-Chis\u0326ina\u0306u-new.jpg","width":304,"height":80,"caption":"Direc\u0163ia general\u0103 transport public \u015fi c\u0103i de comunica\u0163ie"},"image":{"@id":"https:\/\/mobilitatechisinau.md\/#\/schema\/logo\/image\/"},"sameAs":["https:\/\/www.facebook.com\/DGTPCC"]},{"@type":"Person","@id":"https:\/\/mobilitatechisinau.md\/#\/schema\/person\/c25d28ff5553bea759689e10224709c7","name":"dgtpcc.md","image":{"@type":"ImageObject","inLanguage":"ro-RO","@id":"https:\/\/mobilitatechisinau.md\/#\/schema\/person\/image\/","url":"https:\/\/secure.gravatar.com\/avatar\/9057a81ed6aa6c63f6d0d045749b3708fa15d612e3a388d9ac7b50072146c906?s=96&d=mm&r=g","contentUrl":"https:\/\/secure.gravatar.com\/avatar\/9057a81ed6aa6c63f6d0d045749b3708fa15d612e3a388d9ac7b50072146c906?s=96&d=mm&r=g","caption":"dgtpcc.md"},"sameAs":["https:\/\/dgtpcc.md"],"url":"https:\/\/mobilitatechisinau.md\/?author=1"}]}},"_links":{"self":[{"href":"https:\/\/mobilitatechisinau.md\/index.php?rest_route=\/wp\/v2\/posts\/13833","targetHints":{"allow":["GET"]}}],"collection":[{"href":"https:\/\/mobilitatechisinau.md\/index.php?rest_route=\/wp\/v2\/posts"}],"about":[{"href":"https:\/\/mobilitatechisinau.md\/index.php?rest_route=\/wp\/v2\/types\/post"}],"author":[{"embeddable":true,"href":"https:\/\/mobilitatechisinau.md\/index.php?rest_route=\/wp\/v2\/users\/1"}],"replies":[{"embeddable":true,"href":"https:\/\/mobilitatechisinau.md\/index.php?rest_route=%2Fwp%2Fv2%2Fcomments&post=13833"}],"version-history":[{"count":1,"href":"https:\/\/mobilitatechisinau.md\/index.php?rest_route=\/wp\/v2\/posts\/13833\/revisions"}],"predecessor-version":[{"id":13838,"href":"https:\/\/mobilitatechisinau.md\/index.php?rest_route=\/wp\/v2\/posts\/13833\/revisions\/13838"}],"wp:featuredmedia":[{"embeddable":true,"href":"https:\/\/mobilitatechisinau.md\/index.php?rest_route=\/wp\/v2\/media\/13834"}],"wp:attachment":[{"href":"https:\/\/mobilitatechisinau.md\/index.php?rest_route=%2Fwp%2Fv2%2Fmedia&parent=13833"}],"wp:term":[{"taxonomy":"category","embeddable":true,"href":"https:\/\/mobilitatechisinau.md\/index.php?rest_route=%2Fwp%2Fv2%2Fcategories&post=13833"},{"taxonomy":"post_tag","embeddable":true,"href":"https:\/\/mobilitatechisinau.md\/index.php?rest_route=%2Fwp%2Fv2%2Ftags&post=13833"}],"curies":[{"name":"wp","href":"https:\/\/api.w.org\/{rel}","templated":true}]}}