{"id":13839,"date":"2025-02-17T08:34:17","date_gmt":"2025-02-17T06:34:17","guid":{"rendered":"https:\/\/mobilitatechisinau.md\/?p=13839"},"modified":"2025-02-26T15:07:37","modified_gmt":"2025-02-26T13:07:37","slug":"lucrari-de-reparatie-si-intretinere-a-infrastructurii-rutiere-municipale-executate-pe-parcursul-saptamanii-trecute-21","status":"publish","type":"post","link":"https:\/\/mobilitatechisinau.md\/?p=13839","title":{"rendered":"Lucr\u0103ri de repara\u021bie \u0219i \u00eentre\u021binere a infrastructurii rutiere municipale executate pe parcursul s\u0103pt\u0103m\u00e2nii trecute"},"content":{"rendered":"\n<p>\u00cen perioada 10-16 februarie 2025, drumarii Regiei \u201eExdrupo\u201d au executat lucr\u0103ri de repara\u021bie \u0219i \u00eentre\u021binere a infrastructurii rutiere din municipiul Chi\u0219in\u0103u.<\/p>\n\n\n\n<p>Astfel, au fost executate lucr\u0103ri de plombare a drumurilor cu beton asfaltic rece, acoperind o suprafa\u021b\u0103 total\u0103 de 450 m.p. pe str\u0103zile ora\u0219ului, aceste interven\u021bii av\u00e2nd ca scop asigurarea condi\u021biilor optime de deplasare.<\/p>\n\n\n\n<p>Pe drumul de acces spre comuna Bubuieci s-au efectuat 47 curse de excavare \u0219i transportare a solului, fiind amenajate 48 tone de pietri\u0219 pe zona acostamentului.<\/p>\n\n\n\n<p>Pentru buna func\u021bionare a sistemului de evacuare a apelor pluviale, echipele \u201eExdrupo\u201d au realizat peste 160 de interven\u021bii pe str\u0103zi din toate sectoarele ora\u0219ului.<\/p>\n\n\n\n<p>Str\u0103zile Capitalei au fost cur\u0103\u021bate at\u00e2t mecanic, c\u00e2t \u0219i manual, fiind organizate peste 65 de curse de evacuare a de\u0219eurilor \u0219i n\u0103molului. La fel, au fost cur\u0103\u021bate \u0219i igienizate mai multe pasaje subterane.<\/p>\n\n\n\n<p>Pentru sporirea siguran\u021bei circula\u021biei, au fost instalate 82 de indicatoare rutiere noi, iar alte 82 au fost reparate \u0219i repuse \u00een func\u021biune.<\/p>\n\n\n\n<p>\u00cen timpul nop\u021bilor, drumurile cu risc sporit de \u00eenghe\u021b au fost monitorizate \u0219i, la necesitate, s-a aplicat material antiderapant pentru prevenirea form\u0103rii ghe\u021bu\u0219ului. \u00cen noaptea de vineri spre s\u00e2mb\u0103t\u0103, pentru desz\u0103pezirea \u0219i combaterea poleiului pe str\u0103zile Capitalei \u0219i \u00een suburbii, au fost antrenate 16 unit\u0103\u021bi de tehnic\u0103. Pe traseele transportului public, interven\u021biile au fost realizate \u00een mod repetat pentru a asigura circula\u021bia optim\u0103 a vehiculelor.<\/p>\n\n\n\n<p>\u00cen acela\u0219i timp, electricienii \u00ceM REI \u201eLumteh\u201d au realizat lucr\u0103ri de \u00eentre\u021binere a sistemului de iluminat public, incluz\u00e2nd:<\/p>\n\n\n\n<ul class=\"wp-block-list\">\n<li>Interven\u021bii pentru remedierea avariilor la 12 km de cabluri electrice;<\/li>\n<\/ul>\n\n\n\n<ul class=\"wp-block-list\">\n<li>Repara\u021bia a peste 170 de corpuri de iluminat \u0219i \u00eenlocuirea altor 75;<\/li>\n<\/ul>\n\n\n\n<ul class=\"wp-block-list\">\n<li>Revizia \u0219i repara\u021bia a 18 puncte de aprindere;<\/li>\n<\/ul>\n\n\n\n<ul class=\"wp-block-list\">\n<li>Revizia vizual\u0103 a 3 km de re\u021bea electric\u0103.<\/li>\n<\/ul>\n\n\n\n<p>Lucr\u0103rile de \u00eentre\u021binere a infrastructurii vor continua.<\/p>\n\n\n\n<figure class=\"wp-block-gallery has-nested-images columns-default is-cropped wp-block-gallery-1 is-layout-flex wp-block-gallery-is-layout-flex\">\n<figure class=\"wp-block-image size-full\"><img fetchpriority=\"high\" decoding=\"async\" width=\"525\" height=\"700\" data-id=\"13841\" src=\"https:\/\/mobilitatechisinau.md\/wp-content\/uploads\/2025\/02\/1-3.jpg\" alt=\"\" class=\"wp-image-13841\" srcset=\"https:\/\/mobilitatechisinau.md\/wp-content\/uploads\/2025\/02\/1-3.jpg 525w, https:\/\/mobilitatechisinau.md\/wp-content\/uploads\/2025\/02\/1-3-225x300.jpg 225w, https:\/\/mobilitatechisinau.md\/wp-content\/uploads\/2025\/02\/1-3-9x12.jpg 9w, https:\/\/mobilitatechisinau.md\/wp-content\/uploads\/2025\/02\/1-3-262x350.jpg 262w\" sizes=\"(max-width: 525px) 100vw, 525px\" \/><\/figure>\n\n\n\n<figure class=\"wp-block-image size-full\"><img decoding=\"async\" width=\"525\" height=\"700\" data-id=\"13842\" src=\"https:\/\/mobilitatechisinau.md\/wp-content\/uploads\/2025\/02\/2-4.jpg\" alt=\"\" class=\"wp-image-13842\" srcset=\"https:\/\/mobilitatechisinau.md\/wp-content\/uploads\/2025\/02\/2-4.jpg 525w, https:\/\/mobilitatechisinau.md\/wp-content\/uploads\/2025\/02\/2-4-225x300.jpg 225w, https:\/\/mobilitatechisinau.md\/wp-content\/uploads\/2025\/02\/2-4-9x12.jpg 9w, https:\/\/mobilitatechisinau.md\/wp-content\/uploads\/2025\/02\/2-4-262x350.jpg 262w\" sizes=\"(max-width: 525px) 100vw, 525px\" \/><\/figure>\n\n\n\n<figure class=\"wp-block-image size-full\"><img decoding=\"async\" width=\"525\" height=\"700\" data-id=\"13843\" src=\"https:\/\/mobilitatechisinau.md\/wp-content\/uploads\/2025\/02\/3-4.jpg\" alt=\"\" class=\"wp-image-13843\" srcset=\"https:\/\/mobilitatechisinau.md\/wp-content\/uploads\/2025\/02\/3-4.jpg 525w, https:\/\/mobilitatechisinau.md\/wp-content\/uploads\/2025\/02\/3-4-225x300.jpg 225w, https:\/\/mobilitatechisinau.md\/wp-content\/uploads\/2025\/02\/3-4-9x12.jpg 9w, https:\/\/mobilitatechisinau.md\/wp-content\/uploads\/2025\/02\/3-4-262x350.jpg 262w\" sizes=\"(max-width: 525px) 100vw, 525px\" \/><\/figure>\n\n\n\n<figure class=\"wp-block-image size-full\"><img loading=\"lazy\" decoding=\"async\" width=\"525\" height=\"700\" data-id=\"13846\" src=\"https:\/\/mobilitatechisinau.md\/wp-content\/uploads\/2025\/02\/4-3.jpg\" alt=\"\" class=\"wp-image-13846\" srcset=\"https:\/\/mobilitatechisinau.md\/wp-content\/uploads\/2025\/02\/4-3.jpg 525w, https:\/\/mobilitatechisinau.md\/wp-content\/uploads\/2025\/02\/4-3-225x300.jpg 225w, https:\/\/mobilitatechisinau.md\/wp-content\/uploads\/2025\/02\/4-3-9x12.jpg 9w, https:\/\/mobilitatechisinau.md\/wp-content\/uploads\/2025\/02\/4-3-262x350.jpg 262w\" sizes=\"(max-width: 525px) 100vw, 525px\" \/><\/figure>\n\n\n\n<figure class=\"wp-block-image size-full\"><img loading=\"lazy\" decoding=\"async\" width=\"525\" height=\"700\" data-id=\"13844\" src=\"https:\/\/mobilitatechisinau.md\/wp-content\/uploads\/2025\/02\/5-2.jpg\" alt=\"\" class=\"wp-image-13844\" srcset=\"https:\/\/mobilitatechisinau.md\/wp-content\/uploads\/2025\/02\/5-2.jpg 525w, https:\/\/mobilitatechisinau.md\/wp-content\/uploads\/2025\/02\/5-2-225x300.jpg 225w, https:\/\/mobilitatechisinau.md\/wp-content\/uploads\/2025\/02\/5-2-9x12.jpg 9w, https:\/\/mobilitatechisinau.md\/wp-content\/uploads\/2025\/02\/5-2-262x350.jpg 262w\" sizes=\"(max-width: 525px) 100vw, 525px\" \/><\/figure>\n\n\n\n<figure class=\"wp-block-image size-full\"><img loading=\"lazy\" decoding=\"async\" width=\"526\" height=\"700\" data-id=\"13845\" src=\"https:\/\/mobilitatechisinau.md\/wp-content\/uploads\/2025\/02\/6-2.jpg\" alt=\"\" class=\"wp-image-13845\" srcset=\"https:\/\/mobilitatechisinau.md\/wp-content\/uploads\/2025\/02\/6-2.jpg 526w, https:\/\/mobilitatechisinau.md\/wp-content\/uploads\/2025\/02\/6-2-225x300.jpg 225w, https:\/\/mobilitatechisinau.md\/wp-content\/uploads\/2025\/02\/6-2-9x12.jpg 9w, https:\/\/mobilitatechisinau.md\/wp-content\/uploads\/2025\/02\/6-2-263x350.jpg 263w\" sizes=\"(max-width: 526px) 100vw, 526px\" \/><\/figure>\n<\/figure>\n","protected":false},"excerpt":{"rendered":"<p>\u00cen perioada 10-16 februarie 2025, drumarii Regiei \u201eExdrupo\u201d au executat lucr\u0103ri de repara\u021bie \u0219i \u00eentre\u021binere a infrastructurii rutiere din municipiul Chi\u0219in\u0103u. Astfel, au fost executate lucr\u0103ri de plombare a drumurilor cu beton asfaltic rece, acoperind o suprafa\u021b\u0103 total\u0103 de 450 m.p. pe str\u0103zile ora\u0219ului, aceste interven\u021bii av\u00e2nd ca scop asigurarea condi\u021biilor optime de deplasare. Pe [&hellip;]<\/p>\n","protected":false},"author":1,"featured_media":13840,"comment_status":"closed","ping_status":"open","sticky":false,"template":"","format":"standard","meta":{"footnotes":""},"categories":[92],"tags":[],"class_list":["post-13839","post","type-post","status-publish","format-standard","has-post-thumbnail","hentry","category-comunicate"],"yoast_head":"<!-- This site is optimized with the Yoast SEO plugin v23.9 - https:\/\/yoast.com\/wordpress\/plugins\/seo\/ -->\n<title>Lucr\u0103ri de repara\u021bie \u0219i \u00eentre\u021binere a infrastructurii rutiere municipale executate pe parcursul s\u0103pt\u0103m\u00e2nii trecute - mobilitatechisinau.md<\/title>\n<meta name=\"robots\" content=\"index, follow, max-snippet:-1, max-image-preview:large, max-video-preview:-1\" \/>\n<link rel=\"canonical\" href=\"https:\/\/mobilitatechisinau.md\/?p=13839\" \/>\n<meta property=\"og:locale\" content=\"ro_RO\" \/>\n<meta property=\"og:type\" content=\"article\" \/>\n<meta property=\"og:title\" content=\"Lucr\u0103ri de repara\u021bie \u0219i \u00eentre\u021binere a infrastructurii rutiere municipale executate pe parcursul s\u0103pt\u0103m\u00e2nii trecute - mobilitatechisinau.md\" \/>\n<meta property=\"og:description\" content=\"\u00cen perioada 10-16 februarie 2025, drumarii Regiei \u201eExdrupo\u201d au executat lucr\u0103ri de repara\u021bie \u0219i \u00eentre\u021binere a infrastructurii rutiere din municipiul Chi\u0219in\u0103u. Astfel, au fost executate lucr\u0103ri de plombare a drumurilor cu beton asfaltic rece, acoperind o suprafa\u021b\u0103 total\u0103 de 450 m.p. pe str\u0103zile ora\u0219ului, aceste interven\u021bii av\u00e2nd ca scop asigurarea condi\u021biilor optime de deplasare. Pe [&hellip;]\" \/>\n<meta property=\"og:url\" content=\"https:\/\/mobilitatechisinau.md\/?p=13839\" \/>\n<meta property=\"og:site_name\" content=\"mobilitatechisinau.md\" \/>\n<meta property=\"article:publisher\" content=\"https:\/\/www.facebook.com\/DGTPCC\" \/>\n<meta property=\"article:published_time\" content=\"2025-02-17T06:34:17+00:00\" \/>\n<meta property=\"article:modified_time\" content=\"2025-02-26T13:07:37+00:00\" \/>\n<meta property=\"og:image\" content=\"https:\/\/mobilitatechisinau.md\/wp-content\/uploads\/2025\/02\/17-februarie.jpg\" \/>\n\t<meta property=\"og:image:width\" content=\"1200\" \/>\n\t<meta property=\"og:image:height\" content=\"700\" \/>\n\t<meta property=\"og:image:type\" content=\"image\/jpeg\" \/>\n<meta name=\"author\" content=\"dgtpcc.md\" \/>\n<meta name=\"twitter:card\" content=\"summary_large_image\" \/>\n<meta name=\"twitter:label1\" content=\"Scris de\" \/>\n\t<meta name=\"twitter:data1\" content=\"dgtpcc.md\" \/>\n\t<meta name=\"twitter:label2\" content=\"Timp estimat pentru citire\" \/>\n\t<meta name=\"twitter:data2\" content=\"3 minute\" \/>\n<script type=\"application\/ld+json\" class=\"yoast-schema-graph\">{\"@context\":\"https:\/\/schema.org\",\"@graph\":[{\"@type\":\"Article\",\"@id\":\"https:\/\/mobilitatechisinau.md\/?p=13839#article\",\"isPartOf\":{\"@id\":\"https:\/\/mobilitatechisinau.md\/?p=13839\"},\"author\":{\"name\":\"dgtpcc.md\",\"@id\":\"https:\/\/mobilitatechisinau.md\/#\/schema\/person\/c25d28ff5553bea759689e10224709c7\"},\"headline\":\"Lucr\u0103ri de repara\u021bie \u0219i \u00eentre\u021binere a infrastructurii rutiere municipale executate pe parcursul s\u0103pt\u0103m\u00e2nii trecute\",\"datePublished\":\"2025-02-17T06:34:17+00:00\",\"dateModified\":\"2025-02-26T13:07:37+00:00\",\"mainEntityOfPage\":{\"@id\":\"https:\/\/mobilitatechisinau.md\/?p=13839\"},\"wordCount\":340,\"publisher\":{\"@id\":\"https:\/\/mobilitatechisinau.md\/#organization\"},\"image\":{\"@id\":\"https:\/\/mobilitatechisinau.md\/?p=13839#primaryimage\"},\"thumbnailUrl\":\"https:\/\/mobilitatechisinau.md\/wp-content\/uploads\/2025\/02\/17-februarie.jpg\",\"articleSection\":[\"Comunicate de pres\u0103\"],\"inLanguage\":\"ro-RO\"},{\"@type\":\"WebPage\",\"@id\":\"https:\/\/mobilitatechisinau.md\/?p=13839\",\"url\":\"https:\/\/mobilitatechisinau.md\/?p=13839\",\"name\":\"Lucr\u0103ri de repara\u021bie \u0219i \u00eentre\u021binere a infrastructurii rutiere municipale executate pe parcursul s\u0103pt\u0103m\u00e2nii trecute - mobilitatechisinau.md\",\"isPartOf\":{\"@id\":\"https:\/\/mobilitatechisinau.md\/#website\"},\"primaryImageOfPage\":{\"@id\":\"https:\/\/mobilitatechisinau.md\/?p=13839#primaryimage\"},\"image\":{\"@id\":\"https:\/\/mobilitatechisinau.md\/?p=13839#primaryimage\"},\"thumbnailUrl\":\"https:\/\/mobilitatechisinau.md\/wp-content\/uploads\/2025\/02\/17-februarie.jpg\",\"datePublished\":\"2025-02-17T06:34:17+00:00\",\"dateModified\":\"2025-02-26T13:07:37+00:00\",\"breadcrumb\":{\"@id\":\"https:\/\/mobilitatechisinau.md\/?p=13839#breadcrumb\"},\"inLanguage\":\"ro-RO\",\"potentialAction\":[{\"@type\":\"ReadAction\",\"target\":[\"https:\/\/mobilitatechisinau.md\/?p=13839\"]}]},{\"@type\":\"ImageObject\",\"inLanguage\":\"ro-RO\",\"@id\":\"https:\/\/mobilitatechisinau.md\/?p=13839#primaryimage\",\"url\":\"https:\/\/mobilitatechisinau.md\/wp-content\/uploads\/2025\/02\/17-februarie.jpg\",\"contentUrl\":\"https:\/\/mobilitatechisinau.md\/wp-content\/uploads\/2025\/02\/17-februarie.jpg\",\"width\":1200,\"height\":700},{\"@type\":\"BreadcrumbList\",\"@id\":\"https:\/\/mobilitatechisinau.md\/?p=13839#breadcrumb\",\"itemListElement\":[{\"@type\":\"ListItem\",\"position\":1,\"name\":\"Prima pagin\u0103\",\"item\":\"https:\/\/mobilitatechisinau.md\/\"},{\"@type\":\"ListItem\",\"position\":2,\"name\":\"Lucr\u0103ri de repara\u021bie \u0219i \u00eentre\u021binere a infrastructurii rutiere municipale executate pe parcursul s\u0103pt\u0103m\u00e2nii trecute\"}]},{\"@type\":\"WebSite\",\"@id\":\"https:\/\/mobilitatechisinau.md\/#website\",\"url\":\"https:\/\/mobilitatechisinau.md\/\",\"name\":\"mobilitatechisinau.md\",\"description\":\"Direc\u0163ia General\u0103 Mobilitate Urban\u0103\",\"publisher\":{\"@id\":\"https:\/\/mobilitatechisinau.md\/#organization\"},\"potentialAction\":[{\"@type\":\"SearchAction\",\"target\":{\"@type\":\"EntryPoint\",\"urlTemplate\":\"https:\/\/mobilitatechisinau.md\/?s={search_term_string}\"},\"query-input\":{\"@type\":\"PropertyValueSpecification\",\"valueRequired\":true,\"valueName\":\"search_term_string\"}}],\"inLanguage\":\"ro-RO\"},{\"@type\":\"Organization\",\"@id\":\"https:\/\/mobilitatechisinau.md\/#organization\",\"name\":\"Direc\u0163ia general\u0103 transport public \u015fi c\u0103i de comunica\u0163ie\",\"url\":\"https:\/\/mobilitatechisinau.md\/\",\"logo\":{\"@type\":\"ImageObject\",\"inLanguage\":\"ro-RO\",\"@id\":\"https:\/\/mobilitatechisinau.md\/#\/schema\/logo\/image\/\",\"url\":\"https:\/\/dgtpcc.md\/wp-content\/uploads\/2022\/05\/DGTPCC-Chis\u0326ina\u0306u-new.jpg\",\"contentUrl\":\"https:\/\/dgtpcc.md\/wp-content\/uploads\/2022\/05\/DGTPCC-Chis\u0326ina\u0306u-new.jpg\",\"width\":304,\"height\":80,\"caption\":\"Direc\u0163ia general\u0103 transport public \u015fi c\u0103i de comunica\u0163ie\"},\"image\":{\"@id\":\"https:\/\/mobilitatechisinau.md\/#\/schema\/logo\/image\/\"},\"sameAs\":[\"https:\/\/www.facebook.com\/DGTPCC\"]},{\"@type\":\"Person\",\"@id\":\"https:\/\/mobilitatechisinau.md\/#\/schema\/person\/c25d28ff5553bea759689e10224709c7\",\"name\":\"dgtpcc.md\",\"image\":{\"@type\":\"ImageObject\",\"inLanguage\":\"ro-RO\",\"@id\":\"https:\/\/mobilitatechisinau.md\/#\/schema\/person\/image\/\",\"url\":\"https:\/\/secure.gravatar.com\/avatar\/9057a81ed6aa6c63f6d0d045749b3708fa15d612e3a388d9ac7b50072146c906?s=96&d=mm&r=g\",\"contentUrl\":\"https:\/\/secure.gravatar.com\/avatar\/9057a81ed6aa6c63f6d0d045749b3708fa15d612e3a388d9ac7b50072146c906?s=96&d=mm&r=g\",\"caption\":\"dgtpcc.md\"},\"sameAs\":[\"https:\/\/dgtpcc.md\"],\"url\":\"https:\/\/mobilitatechisinau.md\/?author=1\"}]}<\/script>\n<!-- \/ Yoast SEO plugin. -->","yoast_head_json":{"title":"Lucr\u0103ri de repara\u021bie \u0219i \u00eentre\u021binere a infrastructurii rutiere municipale executate pe parcursul s\u0103pt\u0103m\u00e2nii trecute - mobilitatechisinau.md","robots":{"index":"index","follow":"follow","max-snippet":"max-snippet:-1","max-image-preview":"max-image-preview:large","max-video-preview":"max-video-preview:-1"},"canonical":"https:\/\/mobilitatechisinau.md\/?p=13839","og_locale":"ro_RO","og_type":"article","og_title":"Lucr\u0103ri de repara\u021bie \u0219i \u00eentre\u021binere a infrastructurii rutiere municipale executate pe parcursul s\u0103pt\u0103m\u00e2nii trecute - mobilitatechisinau.md","og_description":"\u00cen perioada 10-16 februarie 2025, drumarii Regiei \u201eExdrupo\u201d au executat lucr\u0103ri de repara\u021bie \u0219i \u00eentre\u021binere a infrastructurii rutiere din municipiul Chi\u0219in\u0103u. Astfel, au fost executate lucr\u0103ri de plombare a drumurilor cu beton asfaltic rece, acoperind o suprafa\u021b\u0103 total\u0103 de 450 m.p. pe str\u0103zile ora\u0219ului, aceste interven\u021bii av\u00e2nd ca scop asigurarea condi\u021biilor optime de deplasare. Pe [&hellip;]","og_url":"https:\/\/mobilitatechisinau.md\/?p=13839","og_site_name":"mobilitatechisinau.md","article_publisher":"https:\/\/www.facebook.com\/DGTPCC","article_published_time":"2025-02-17T06:34:17+00:00","article_modified_time":"2025-02-26T13:07:37+00:00","og_image":[{"width":1200,"height":700,"url":"https:\/\/mobilitatechisinau.md\/wp-content\/uploads\/2025\/02\/17-februarie.jpg","type":"image\/jpeg"}],"author":"dgtpcc.md","twitter_card":"summary_large_image","twitter_misc":{"Scris de":"dgtpcc.md","Timp estimat pentru citire":"3 minute"},"schema":{"@context":"https:\/\/schema.org","@graph":[{"@type":"Article","@id":"https:\/\/mobilitatechisinau.md\/?p=13839#article","isPartOf":{"@id":"https:\/\/mobilitatechisinau.md\/?p=13839"},"author":{"name":"dgtpcc.md","@id":"https:\/\/mobilitatechisinau.md\/#\/schema\/person\/c25d28ff5553bea759689e10224709c7"},"headline":"Lucr\u0103ri de repara\u021bie \u0219i \u00eentre\u021binere a infrastructurii rutiere municipale executate pe parcursul s\u0103pt\u0103m\u00e2nii trecute","datePublished":"2025-02-17T06:34:17+00:00","dateModified":"2025-02-26T13:07:37+00:00","mainEntityOfPage":{"@id":"https:\/\/mobilitatechisinau.md\/?p=13839"},"wordCount":340,"publisher":{"@id":"https:\/\/mobilitatechisinau.md\/#organization"},"image":{"@id":"https:\/\/mobilitatechisinau.md\/?p=13839#primaryimage"},"thumbnailUrl":"https:\/\/mobilitatechisinau.md\/wp-content\/uploads\/2025\/02\/17-februarie.jpg","articleSection":["Comunicate de pres\u0103"],"inLanguage":"ro-RO"},{"@type":"WebPage","@id":"https:\/\/mobilitatechisinau.md\/?p=13839","url":"https:\/\/mobilitatechisinau.md\/?p=13839","name":"Lucr\u0103ri de repara\u021bie \u0219i \u00eentre\u021binere a infrastructurii rutiere municipale executate pe parcursul s\u0103pt\u0103m\u00e2nii trecute - mobilitatechisinau.md","isPartOf":{"@id":"https:\/\/mobilitatechisinau.md\/#website"},"primaryImageOfPage":{"@id":"https:\/\/mobilitatechisinau.md\/?p=13839#primaryimage"},"image":{"@id":"https:\/\/mobilitatechisinau.md\/?p=13839#primaryimage"},"thumbnailUrl":"https:\/\/mobilitatechisinau.md\/wp-content\/uploads\/2025\/02\/17-februarie.jpg","datePublished":"2025-02-17T06:34:17+00:00","dateModified":"2025-02-26T13:07:37+00:00","breadcrumb":{"@id":"https:\/\/mobilitatechisinau.md\/?p=13839#breadcrumb"},"inLanguage":"ro-RO","potentialAction":[{"@type":"ReadAction","target":["https:\/\/mobilitatechisinau.md\/?p=13839"]}]},{"@type":"ImageObject","inLanguage":"ro-RO","@id":"https:\/\/mobilitatechisinau.md\/?p=13839#primaryimage","url":"https:\/\/mobilitatechisinau.md\/wp-content\/uploads\/2025\/02\/17-februarie.jpg","contentUrl":"https:\/\/mobilitatechisinau.md\/wp-content\/uploads\/2025\/02\/17-februarie.jpg","width":1200,"height":700},{"@type":"BreadcrumbList","@id":"https:\/\/mobilitatechisinau.md\/?p=13839#breadcrumb","itemListElement":[{"@type":"ListItem","position":1,"name":"Prima pagin\u0103","item":"https:\/\/mobilitatechisinau.md\/"},{"@type":"ListItem","position":2,"name":"Lucr\u0103ri de repara\u021bie \u0219i \u00eentre\u021binere a infrastructurii rutiere municipale executate pe parcursul s\u0103pt\u0103m\u00e2nii trecute"}]},{"@type":"WebSite","@id":"https:\/\/mobilitatechisinau.md\/#website","url":"https:\/\/mobilitatechisinau.md\/","name":"mobilitatechisinau.md","description":"Direc\u0163ia General\u0103 Mobilitate Urban\u0103","publisher":{"@id":"https:\/\/mobilitatechisinau.md\/#organization"},"potentialAction":[{"@type":"SearchAction","target":{"@type":"EntryPoint","urlTemplate":"https:\/\/mobilitatechisinau.md\/?s={search_term_string}"},"query-input":{"@type":"PropertyValueSpecification","valueRequired":true,"valueName":"search_term_string"}}],"inLanguage":"ro-RO"},{"@type":"Organization","@id":"https:\/\/mobilitatechisinau.md\/#organization","name":"Direc\u0163ia general\u0103 transport public \u015fi c\u0103i de comunica\u0163ie","url":"https:\/\/mobilitatechisinau.md\/","logo":{"@type":"ImageObject","inLanguage":"ro-RO","@id":"https:\/\/mobilitatechisinau.md\/#\/schema\/logo\/image\/","url":"https:\/\/dgtpcc.md\/wp-content\/uploads\/2022\/05\/DGTPCC-Chis\u0326ina\u0306u-new.jpg","contentUrl":"https:\/\/dgtpcc.md\/wp-content\/uploads\/2022\/05\/DGTPCC-Chis\u0326ina\u0306u-new.jpg","width":304,"height":80,"caption":"Direc\u0163ia general\u0103 transport public \u015fi c\u0103i de comunica\u0163ie"},"image":{"@id":"https:\/\/mobilitatechisinau.md\/#\/schema\/logo\/image\/"},"sameAs":["https:\/\/www.facebook.com\/DGTPCC"]},{"@type":"Person","@id":"https:\/\/mobilitatechisinau.md\/#\/schema\/person\/c25d28ff5553bea759689e10224709c7","name":"dgtpcc.md","image":{"@type":"ImageObject","inLanguage":"ro-RO","@id":"https:\/\/mobilitatechisinau.md\/#\/schema\/person\/image\/","url":"https:\/\/secure.gravatar.com\/avatar\/9057a81ed6aa6c63f6d0d045749b3708fa15d612e3a388d9ac7b50072146c906?s=96&d=mm&r=g","contentUrl":"https:\/\/secure.gravatar.com\/avatar\/9057a81ed6aa6c63f6d0d045749b3708fa15d612e3a388d9ac7b50072146c906?s=96&d=mm&r=g","caption":"dgtpcc.md"},"sameAs":["https:\/\/dgtpcc.md"],"url":"https:\/\/mobilitatechisinau.md\/?author=1"}]}},"_links":{"self":[{"href":"https:\/\/mobilitatechisinau.md\/index.php?rest_route=\/wp\/v2\/posts\/13839","targetHints":{"allow":["GET"]}}],"collection":[{"href":"https:\/\/mobilitatechisinau.md\/index.php?rest_route=\/wp\/v2\/posts"}],"about":[{"href":"https:\/\/mobilitatechisinau.md\/index.php?rest_route=\/wp\/v2\/types\/post"}],"author":[{"embeddable":true,"href":"https:\/\/mobilitatechisinau.md\/index.php?rest_route=\/wp\/v2\/users\/1"}],"replies":[{"embeddable":true,"href":"https:\/\/mobilitatechisinau.md\/index.php?rest_route=%2Fwp%2Fv2%2Fcomments&post=13839"}],"version-history":[{"count":2,"href":"https:\/\/mobilitatechisinau.md\/index.php?rest_route=\/wp\/v2\/posts\/13839\/revisions"}],"predecessor-version":[{"id":13877,"href":"https:\/\/mobilitatechisinau.md\/index.php?rest_route=\/wp\/v2\/posts\/13839\/revisions\/13877"}],"wp:featuredmedia":[{"embeddable":true,"href":"https:\/\/mobilitatechisinau.md\/index.php?rest_route=\/wp\/v2\/media\/13840"}],"wp:attachment":[{"href":"https:\/\/mobilitatechisinau.md\/index.php?rest_route=%2Fwp%2Fv2%2Fmedia&parent=13839"}],"wp:term":[{"taxonomy":"category","embeddable":true,"href":"https:\/\/mobilitatechisinau.md\/index.php?rest_route=%2Fwp%2Fv2%2Fcategories&post=13839"},{"taxonomy":"post_tag","embeddable":true,"href":"https:\/\/mobilitatechisinau.md\/index.php?rest_route=%2Fwp%2Fv2%2Ftags&post=13839"}],"curies":[{"name":"wp","href":"https:\/\/api.w.org\/{rel}","templated":true}]}}