{"id":13880,"date":"2025-02-24T15:15:40","date_gmt":"2025-02-24T13:15:40","guid":{"rendered":"https:\/\/mobilitatechisinau.md\/?p=13880"},"modified":"2025-02-26T15:21:13","modified_gmt":"2025-02-26T13:21:13","slug":"lucrari-de-reparatie-si-intretinere-a-infrastructurii-rutiere-municipale-executate-pe-parcursul-saptamanii-trecute-22","status":"publish","type":"post","link":"https:\/\/mobilitatechisinau.md\/?p=13880","title":{"rendered":"Lucr\u0103ri de repara\u021bie \u0219i \u00eentre\u021binere a infrastructurii rutiere municipale executate pe parcursul s\u0103pt\u0103m\u00e2nii trecute"},"content":{"rendered":"\n<p>\u00cen perioada 17 &#8211; 23 februarie, Regia \u201eExdrupo\u201d a realizat o serie de interven\u021bii esen\u021biale pentru men\u021binerea \u0219i \u00eembun\u0103t\u0103\u021birea condi\u021biilor de circula\u021bie.<\/p>\n\n\n\n<p>Astfel, por\u021biunile deteriorate de pe 60 de str\u0103zi din ora\u0219 au fost remediate prin plomb\u0103ri provizorii cu beton asfaltic rece. Aceast\u0103 metod\u0103 este utilizat\u0103 pentru a asigura temporar o circula\u021bie mai sigur\u0103 \u0219i confortabil\u0103 p\u00e2n\u0103 la reluarea lucr\u0103rilor cu asfalt fierbinte, odat\u0103 cu \u00eenc\u0103lzirea vremii.<\/p>\n\n\n\n<p>\u00cen perioada 17 &#8211; 23 februarie, Regia \u201eExdrupo\u201d a realizat o serie de interven\u021bii esen\u021biale pentru men\u021binerea \u0219i \u00eembun\u0103t\u0103\u021birea condi\u021biilor de circula\u021bie.<\/p>\n\n\n\n<p>Astfel, por\u021biunile deteriorate de pe 60 de str\u0103zi din ora\u0219 au fost remediate prin plomb\u0103ri provizorii cu beton asfaltic rece. Aceast\u0103 metod\u0103 este utilizat\u0103 pentru a asigura temporar o circula\u021bie mai sigur\u0103 \u0219i confortabil\u0103 p\u00e2n\u0103 la reluarea lucr\u0103rilor cu asfalt fierbinte, odat\u0103 cu \u00eenc\u0103lzirea vremii.<\/p>\n\n\n\n<p>Pentru prevenirea acumul\u0103rilor de ap\u0103 \u0219i men\u021binerea bunei func\u021bion\u0103ri a re\u021belei de canalizare pluvial\u0103, au fost efectuate 225 de interven\u021bii de cur\u0103\u021bare a gurilor de scurgere. Lucr\u0103rile masive s-au desf\u0103\u0219urat pe arterele intens circulate, printre care Calea Ie\u0219ilor, Liviu Deleanu, Nicolae Costin \u0219i Otovasca, dar \u0219i pe alte str\u0103zi unde s-au constatat necesit\u0103\u021bi urgente de interven\u021bie.<\/p>\n\n\n\n<p>La fel, echipele de muncitori au ac\u021bionat pentru men\u021binerea cur\u0103\u021beniei pe str\u0103zile ora\u0219ului, at\u00e2t prin salubrizare mecanizat\u0103, c\u00e2t \u0219i manual\u0103. \u00cen total, au fost realizate 64 de curse pentru evacuarea de\u0219eurilor, contribuind astfel la \u00eembun\u0103t\u0103\u021birea aspectului urban. \u00cen plus, mai multe pasaje subterane au fost cur\u0103\u021bate \u0219i igienizate pentru a asigura condi\u021bii decente pentru pietoni.<\/p>\n\n\n\n<p>Pentru sporirea siguran\u021bei \u00een trafic, s-au montat 80 de indicatoare rutiere noi, iar alte 80 au fost reparate \u0219i repuse \u00een func\u021biune.&nbsp;<\/p>\n\n\n\n<p>Echipele municipale sunt \u00een teren zilnic pentru a asigura \u00eentre\u021binerea \u0219i modernizarea infrastructurii ora\u0219ului.<\/p>\n\n\n\n<p>\u00cen acela\u0219i timp, pentru a asigura o vizibilitate optim\u0103 pe timp de noapte \u0219i a spori siguran\u021ba \u00een spa\u021biile publice, echipele \u00ce.M. REI \u201eLumteh\u201d au desf\u0103\u0219urat mai multe interven\u021bii la re\u021beaua de iluminat public, printre care:<\/p>\n\n\n\n<p>\u2022&nbsp; \u00cenlocuirea a 150 de corpuri de iluminat cu unele noi, mai eficiente din punct de vedere energetic;<\/p>\n\n\n\n<p>\u2022&nbsp; Repara\u021bia a 140 de corpuri de iluminat pentru restabilirea func\u021bionalit\u0103\u021bii acestora;<\/p>\n\n\n\n<p>\u2022&nbsp; Montarea a 124 de prize de p\u0103m\u00e2nt, necesare pentru siguran\u021ba sistemului electric;<\/p>\n\n\n\n<p>\u2022&nbsp; Revizia a 57 de cutii cu cleme, pentru verificarea \u0219i remedierea eventualelor defec\u021biuni;<\/p>\n\n\n\n<p>\u2022&nbsp; Inspec\u021bia a 10 km de linii electrice aeriene, \u00een vederea men\u021binerii func\u021bion\u0103rii optime a re\u021belei de iluminat public.<\/p>\n\n\n\n<iframe src=\"https:\/\/www.facebook.com\/plugins\/video.php?height=314&#038;href=https%3A%2F%2Fwww.facebook.com%2Fmobilitychisinau%2Fvideos%2F1151470469779332%2F&#038;show_text=false&#038;width=560&#038;t=0\" width=\"560\" height=\"314\" style=\"border:none;overflow:hidden\" scrolling=\"no\" frameborder=\"0\" allowfullscreen=\"true\" allow=\"autoplay; clipboard-write; encrypted-media; picture-in-picture; web-share\" allowFullScreen=\"true\"><\/iframe>\n\n\n\n<figure class=\"wp-block-gallery has-nested-images columns-default is-cropped wp-block-gallery-1 is-layout-flex wp-block-gallery-is-layout-flex\">\n<figure class=\"wp-block-image size-large\"><img fetchpriority=\"high\" decoding=\"async\" width=\"525\" height=\"700\" data-id=\"13885\" src=\"https:\/\/mobilitatechisinau.md\/wp-content\/uploads\/2025\/02\/1-4.jpg\" alt=\"\" class=\"wp-image-13885\" srcset=\"https:\/\/mobilitatechisinau.md\/wp-content\/uploads\/2025\/02\/1-4.jpg 525w, https:\/\/mobilitatechisinau.md\/wp-content\/uploads\/2025\/02\/1-4-225x300.jpg 225w, https:\/\/mobilitatechisinau.md\/wp-content\/uploads\/2025\/02\/1-4-9x12.jpg 9w, https:\/\/mobilitatechisinau.md\/wp-content\/uploads\/2025\/02\/1-4-262x350.jpg 262w\" sizes=\"(max-width: 525px) 100vw, 525px\" \/><\/figure>\n\n\n\n<figure class=\"wp-block-image size-large\"><img decoding=\"async\" width=\"525\" height=\"700\" data-id=\"13884\" src=\"https:\/\/mobilitatechisinau.md\/wp-content\/uploads\/2025\/02\/2-5.jpg\" alt=\"\" class=\"wp-image-13884\" srcset=\"https:\/\/mobilitatechisinau.md\/wp-content\/uploads\/2025\/02\/2-5.jpg 525w, https:\/\/mobilitatechisinau.md\/wp-content\/uploads\/2025\/02\/2-5-225x300.jpg 225w, https:\/\/mobilitatechisinau.md\/wp-content\/uploads\/2025\/02\/2-5-9x12.jpg 9w, https:\/\/mobilitatechisinau.md\/wp-content\/uploads\/2025\/02\/2-5-262x350.jpg 262w\" sizes=\"(max-width: 525px) 100vw, 525px\" \/><\/figure>\n\n\n\n<figure class=\"wp-block-image size-large\"><img decoding=\"async\" width=\"525\" height=\"700\" data-id=\"13883\" src=\"https:\/\/mobilitatechisinau.md\/wp-content\/uploads\/2025\/02\/3-5.jpg\" alt=\"\" class=\"wp-image-13883\" srcset=\"https:\/\/mobilitatechisinau.md\/wp-content\/uploads\/2025\/02\/3-5.jpg 525w, https:\/\/mobilitatechisinau.md\/wp-content\/uploads\/2025\/02\/3-5-225x300.jpg 225w, https:\/\/mobilitatechisinau.md\/wp-content\/uploads\/2025\/02\/3-5-9x12.jpg 9w, https:\/\/mobilitatechisinau.md\/wp-content\/uploads\/2025\/02\/3-5-262x350.jpg 262w\" sizes=\"(max-width: 525px) 100vw, 525px\" \/><\/figure>\n\n\n\n<figure class=\"wp-block-image size-large\"><img loading=\"lazy\" decoding=\"async\" width=\"525\" height=\"700\" data-id=\"13887\" src=\"https:\/\/mobilitatechisinau.md\/wp-content\/uploads\/2025\/02\/4-4.jpg\" alt=\"\" class=\"wp-image-13887\" srcset=\"https:\/\/mobilitatechisinau.md\/wp-content\/uploads\/2025\/02\/4-4.jpg 525w, https:\/\/mobilitatechisinau.md\/wp-content\/uploads\/2025\/02\/4-4-225x300.jpg 225w, https:\/\/mobilitatechisinau.md\/wp-content\/uploads\/2025\/02\/4-4-9x12.jpg 9w, https:\/\/mobilitatechisinau.md\/wp-content\/uploads\/2025\/02\/4-4-262x350.jpg 262w\" sizes=\"(max-width: 525px) 100vw, 525px\" \/><\/figure>\n\n\n\n<figure class=\"wp-block-image size-large\"><img loading=\"lazy\" decoding=\"async\" width=\"933\" height=\"700\" data-id=\"13886\" src=\"https:\/\/mobilitatechisinau.md\/wp-content\/uploads\/2025\/02\/5-3.jpg\" alt=\"\" class=\"wp-image-13886\" srcset=\"https:\/\/mobilitatechisinau.md\/wp-content\/uploads\/2025\/02\/5-3.jpg 933w, https:\/\/mobilitatechisinau.md\/wp-content\/uploads\/2025\/02\/5-3-300x225.jpg 300w, https:\/\/mobilitatechisinau.md\/wp-content\/uploads\/2025\/02\/5-3-768x576.jpg 768w, https:\/\/mobilitatechisinau.md\/wp-content\/uploads\/2025\/02\/5-3-16x12.jpg 16w, https:\/\/mobilitatechisinau.md\/wp-content\/uploads\/2025\/02\/5-3-466x350.jpg 466w\" sizes=\"(max-width: 933px) 100vw, 933px\" \/><\/figure>\n\n\n\n<figure class=\"wp-block-image size-large\"><img loading=\"lazy\" decoding=\"async\" width=\"525\" height=\"700\" data-id=\"13882\" src=\"https:\/\/mobilitatechisinau.md\/wp-content\/uploads\/2025\/02\/6-3.jpg\" alt=\"\" class=\"wp-image-13882\" srcset=\"https:\/\/mobilitatechisinau.md\/wp-content\/uploads\/2025\/02\/6-3.jpg 525w, https:\/\/mobilitatechisinau.md\/wp-content\/uploads\/2025\/02\/6-3-225x300.jpg 225w, https:\/\/mobilitatechisinau.md\/wp-content\/uploads\/2025\/02\/6-3-9x12.jpg 9w, https:\/\/mobilitatechisinau.md\/wp-content\/uploads\/2025\/02\/6-3-262x350.jpg 262w\" sizes=\"(max-width: 525px) 100vw, 525px\" \/><\/figure>\n<\/figure>\n","protected":false},"excerpt":{"rendered":"<p>\u00cen perioada 17 &#8211; 23 februarie, Regia \u201eExdrupo\u201d a realizat o serie de interven\u021bii esen\u021biale pentru men\u021binerea \u0219i \u00eembun\u0103t\u0103\u021birea condi\u021biilor de circula\u021bie. Astfel, por\u021biunile deteriorate de pe 60 de str\u0103zi din ora\u0219 au fost remediate prin plomb\u0103ri provizorii cu beton asfaltic rece. Aceast\u0103 metod\u0103 este utilizat\u0103 pentru a asigura temporar o circula\u021bie mai sigur\u0103 \u0219i [&hellip;]<\/p>\n","protected":false},"author":1,"featured_media":13881,"comment_status":"closed","ping_status":"open","sticky":false,"template":"","format":"standard","meta":{"footnotes":""},"categories":[92],"tags":[],"class_list":["post-13880","post","type-post","status-publish","format-standard","has-post-thumbnail","hentry","category-comunicate"],"yoast_head":"<!-- This site is optimized with the Yoast SEO plugin v23.9 - https:\/\/yoast.com\/wordpress\/plugins\/seo\/ -->\n<title>Lucr\u0103ri de repara\u021bie \u0219i \u00eentre\u021binere a infrastructurii rutiere municipale executate pe parcursul s\u0103pt\u0103m\u00e2nii trecute - mobilitatechisinau.md<\/title>\n<meta name=\"robots\" content=\"index, follow, max-snippet:-1, max-image-preview:large, max-video-preview:-1\" \/>\n<link rel=\"canonical\" href=\"https:\/\/mobilitatechisinau.md\/?p=13880\" \/>\n<meta property=\"og:locale\" content=\"ro_RO\" \/>\n<meta property=\"og:type\" content=\"article\" \/>\n<meta property=\"og:title\" content=\"Lucr\u0103ri de repara\u021bie \u0219i \u00eentre\u021binere a infrastructurii rutiere municipale executate pe parcursul s\u0103pt\u0103m\u00e2nii trecute - mobilitatechisinau.md\" \/>\n<meta property=\"og:description\" content=\"\u00cen perioada 17 &#8211; 23 februarie, Regia \u201eExdrupo\u201d a realizat o serie de interven\u021bii esen\u021biale pentru men\u021binerea \u0219i \u00eembun\u0103t\u0103\u021birea condi\u021biilor de circula\u021bie. Astfel, por\u021biunile deteriorate de pe 60 de str\u0103zi din ora\u0219 au fost remediate prin plomb\u0103ri provizorii cu beton asfaltic rece. Aceast\u0103 metod\u0103 este utilizat\u0103 pentru a asigura temporar o circula\u021bie mai sigur\u0103 \u0219i [&hellip;]\" \/>\n<meta property=\"og:url\" content=\"https:\/\/mobilitatechisinau.md\/?p=13880\" \/>\n<meta property=\"og:site_name\" content=\"mobilitatechisinau.md\" \/>\n<meta property=\"article:publisher\" content=\"https:\/\/www.facebook.com\/DGTPCC\" \/>\n<meta property=\"article:published_time\" content=\"2025-02-24T13:15:40+00:00\" \/>\n<meta property=\"article:modified_time\" content=\"2025-02-26T13:21:13+00:00\" \/>\n<meta property=\"og:image\" content=\"https:\/\/mobilitatechisinau.md\/wp-content\/uploads\/2025\/02\/26-februarie.jpg\" \/>\n\t<meta property=\"og:image:width\" content=\"1200\" \/>\n\t<meta property=\"og:image:height\" content=\"700\" \/>\n\t<meta property=\"og:image:type\" content=\"image\/jpeg\" \/>\n<meta name=\"author\" content=\"dgtpcc.md\" \/>\n<meta name=\"twitter:card\" content=\"summary_large_image\" \/>\n<meta name=\"twitter:label1\" content=\"Scris de\" \/>\n\t<meta name=\"twitter:data1\" content=\"dgtpcc.md\" \/>\n\t<meta name=\"twitter:label2\" content=\"Timp estimat pentru citire\" \/>\n\t<meta name=\"twitter:data2\" content=\"4 minute\" \/>\n<script type=\"application\/ld+json\" class=\"yoast-schema-graph\">{\"@context\":\"https:\/\/schema.org\",\"@graph\":[{\"@type\":\"Article\",\"@id\":\"https:\/\/mobilitatechisinau.md\/?p=13880#article\",\"isPartOf\":{\"@id\":\"https:\/\/mobilitatechisinau.md\/?p=13880\"},\"author\":{\"name\":\"dgtpcc.md\",\"@id\":\"https:\/\/mobilitatechisinau.md\/#\/schema\/person\/c25d28ff5553bea759689e10224709c7\"},\"headline\":\"Lucr\u0103ri de repara\u021bie \u0219i \u00eentre\u021binere a infrastructurii rutiere municipale executate pe parcursul s\u0103pt\u0103m\u00e2nii trecute\",\"datePublished\":\"2025-02-24T13:15:40+00:00\",\"dateModified\":\"2025-02-26T13:21:13+00:00\",\"mainEntityOfPage\":{\"@id\":\"https:\/\/mobilitatechisinau.md\/?p=13880\"},\"wordCount\":474,\"publisher\":{\"@id\":\"https:\/\/mobilitatechisinau.md\/#organization\"},\"image\":{\"@id\":\"https:\/\/mobilitatechisinau.md\/?p=13880#primaryimage\"},\"thumbnailUrl\":\"https:\/\/mobilitatechisinau.md\/wp-content\/uploads\/2025\/02\/26-februarie.jpg\",\"articleSection\":[\"Comunicate de pres\u0103\"],\"inLanguage\":\"ro-RO\"},{\"@type\":\"WebPage\",\"@id\":\"https:\/\/mobilitatechisinau.md\/?p=13880\",\"url\":\"https:\/\/mobilitatechisinau.md\/?p=13880\",\"name\":\"Lucr\u0103ri de repara\u021bie \u0219i \u00eentre\u021binere a infrastructurii rutiere municipale executate pe parcursul s\u0103pt\u0103m\u00e2nii trecute - mobilitatechisinau.md\",\"isPartOf\":{\"@id\":\"https:\/\/mobilitatechisinau.md\/#website\"},\"primaryImageOfPage\":{\"@id\":\"https:\/\/mobilitatechisinau.md\/?p=13880#primaryimage\"},\"image\":{\"@id\":\"https:\/\/mobilitatechisinau.md\/?p=13880#primaryimage\"},\"thumbnailUrl\":\"https:\/\/mobilitatechisinau.md\/wp-content\/uploads\/2025\/02\/26-februarie.jpg\",\"datePublished\":\"2025-02-24T13:15:40+00:00\",\"dateModified\":\"2025-02-26T13:21:13+00:00\",\"breadcrumb\":{\"@id\":\"https:\/\/mobilitatechisinau.md\/?p=13880#breadcrumb\"},\"inLanguage\":\"ro-RO\",\"potentialAction\":[{\"@type\":\"ReadAction\",\"target\":[\"https:\/\/mobilitatechisinau.md\/?p=13880\"]}]},{\"@type\":\"ImageObject\",\"inLanguage\":\"ro-RO\",\"@id\":\"https:\/\/mobilitatechisinau.md\/?p=13880#primaryimage\",\"url\":\"https:\/\/mobilitatechisinau.md\/wp-content\/uploads\/2025\/02\/26-februarie.jpg\",\"contentUrl\":\"https:\/\/mobilitatechisinau.md\/wp-content\/uploads\/2025\/02\/26-februarie.jpg\",\"width\":1200,\"height\":700},{\"@type\":\"BreadcrumbList\",\"@id\":\"https:\/\/mobilitatechisinau.md\/?p=13880#breadcrumb\",\"itemListElement\":[{\"@type\":\"ListItem\",\"position\":1,\"name\":\"Prima pagin\u0103\",\"item\":\"https:\/\/mobilitatechisinau.md\/\"},{\"@type\":\"ListItem\",\"position\":2,\"name\":\"Lucr\u0103ri de repara\u021bie \u0219i \u00eentre\u021binere a infrastructurii rutiere municipale executate pe parcursul s\u0103pt\u0103m\u00e2nii trecute\"}]},{\"@type\":\"WebSite\",\"@id\":\"https:\/\/mobilitatechisinau.md\/#website\",\"url\":\"https:\/\/mobilitatechisinau.md\/\",\"name\":\"mobilitatechisinau.md\",\"description\":\"Direc\u0163ia General\u0103 Mobilitate Urban\u0103\",\"publisher\":{\"@id\":\"https:\/\/mobilitatechisinau.md\/#organization\"},\"potentialAction\":[{\"@type\":\"SearchAction\",\"target\":{\"@type\":\"EntryPoint\",\"urlTemplate\":\"https:\/\/mobilitatechisinau.md\/?s={search_term_string}\"},\"query-input\":{\"@type\":\"PropertyValueSpecification\",\"valueRequired\":true,\"valueName\":\"search_term_string\"}}],\"inLanguage\":\"ro-RO\"},{\"@type\":\"Organization\",\"@id\":\"https:\/\/mobilitatechisinau.md\/#organization\",\"name\":\"Direc\u0163ia general\u0103 transport public \u015fi c\u0103i de comunica\u0163ie\",\"url\":\"https:\/\/mobilitatechisinau.md\/\",\"logo\":{\"@type\":\"ImageObject\",\"inLanguage\":\"ro-RO\",\"@id\":\"https:\/\/mobilitatechisinau.md\/#\/schema\/logo\/image\/\",\"url\":\"https:\/\/dgtpcc.md\/wp-content\/uploads\/2022\/05\/DGTPCC-Chis\u0326ina\u0306u-new.jpg\",\"contentUrl\":\"https:\/\/dgtpcc.md\/wp-content\/uploads\/2022\/05\/DGTPCC-Chis\u0326ina\u0306u-new.jpg\",\"width\":304,\"height\":80,\"caption\":\"Direc\u0163ia general\u0103 transport public \u015fi c\u0103i de comunica\u0163ie\"},\"image\":{\"@id\":\"https:\/\/mobilitatechisinau.md\/#\/schema\/logo\/image\/\"},\"sameAs\":[\"https:\/\/www.facebook.com\/DGTPCC\"]},{\"@type\":\"Person\",\"@id\":\"https:\/\/mobilitatechisinau.md\/#\/schema\/person\/c25d28ff5553bea759689e10224709c7\",\"name\":\"dgtpcc.md\",\"image\":{\"@type\":\"ImageObject\",\"inLanguage\":\"ro-RO\",\"@id\":\"https:\/\/mobilitatechisinau.md\/#\/schema\/person\/image\/\",\"url\":\"https:\/\/secure.gravatar.com\/avatar\/9057a81ed6aa6c63f6d0d045749b3708fa15d612e3a388d9ac7b50072146c906?s=96&d=mm&r=g\",\"contentUrl\":\"https:\/\/secure.gravatar.com\/avatar\/9057a81ed6aa6c63f6d0d045749b3708fa15d612e3a388d9ac7b50072146c906?s=96&d=mm&r=g\",\"caption\":\"dgtpcc.md\"},\"sameAs\":[\"https:\/\/dgtpcc.md\"],\"url\":\"https:\/\/mobilitatechisinau.md\/?author=1\"}]}<\/script>\n<!-- \/ Yoast SEO plugin. -->","yoast_head_json":{"title":"Lucr\u0103ri de repara\u021bie \u0219i \u00eentre\u021binere a infrastructurii rutiere municipale executate pe parcursul s\u0103pt\u0103m\u00e2nii trecute - mobilitatechisinau.md","robots":{"index":"index","follow":"follow","max-snippet":"max-snippet:-1","max-image-preview":"max-image-preview:large","max-video-preview":"max-video-preview:-1"},"canonical":"https:\/\/mobilitatechisinau.md\/?p=13880","og_locale":"ro_RO","og_type":"article","og_title":"Lucr\u0103ri de repara\u021bie \u0219i \u00eentre\u021binere a infrastructurii rutiere municipale executate pe parcursul s\u0103pt\u0103m\u00e2nii trecute - mobilitatechisinau.md","og_description":"\u00cen perioada 17 &#8211; 23 februarie, Regia \u201eExdrupo\u201d a realizat o serie de interven\u021bii esen\u021biale pentru men\u021binerea \u0219i \u00eembun\u0103t\u0103\u021birea condi\u021biilor de circula\u021bie. Astfel, por\u021biunile deteriorate de pe 60 de str\u0103zi din ora\u0219 au fost remediate prin plomb\u0103ri provizorii cu beton asfaltic rece. Aceast\u0103 metod\u0103 este utilizat\u0103 pentru a asigura temporar o circula\u021bie mai sigur\u0103 \u0219i [&hellip;]","og_url":"https:\/\/mobilitatechisinau.md\/?p=13880","og_site_name":"mobilitatechisinau.md","article_publisher":"https:\/\/www.facebook.com\/DGTPCC","article_published_time":"2025-02-24T13:15:40+00:00","article_modified_time":"2025-02-26T13:21:13+00:00","og_image":[{"width":1200,"height":700,"url":"https:\/\/mobilitatechisinau.md\/wp-content\/uploads\/2025\/02\/26-februarie.jpg","type":"image\/jpeg"}],"author":"dgtpcc.md","twitter_card":"summary_large_image","twitter_misc":{"Scris de":"dgtpcc.md","Timp estimat pentru citire":"4 minute"},"schema":{"@context":"https:\/\/schema.org","@graph":[{"@type":"Article","@id":"https:\/\/mobilitatechisinau.md\/?p=13880#article","isPartOf":{"@id":"https:\/\/mobilitatechisinau.md\/?p=13880"},"author":{"name":"dgtpcc.md","@id":"https:\/\/mobilitatechisinau.md\/#\/schema\/person\/c25d28ff5553bea759689e10224709c7"},"headline":"Lucr\u0103ri de repara\u021bie \u0219i \u00eentre\u021binere a infrastructurii rutiere municipale executate pe parcursul s\u0103pt\u0103m\u00e2nii trecute","datePublished":"2025-02-24T13:15:40+00:00","dateModified":"2025-02-26T13:21:13+00:00","mainEntityOfPage":{"@id":"https:\/\/mobilitatechisinau.md\/?p=13880"},"wordCount":474,"publisher":{"@id":"https:\/\/mobilitatechisinau.md\/#organization"},"image":{"@id":"https:\/\/mobilitatechisinau.md\/?p=13880#primaryimage"},"thumbnailUrl":"https:\/\/mobilitatechisinau.md\/wp-content\/uploads\/2025\/02\/26-februarie.jpg","articleSection":["Comunicate de pres\u0103"],"inLanguage":"ro-RO"},{"@type":"WebPage","@id":"https:\/\/mobilitatechisinau.md\/?p=13880","url":"https:\/\/mobilitatechisinau.md\/?p=13880","name":"Lucr\u0103ri de repara\u021bie \u0219i \u00eentre\u021binere a infrastructurii rutiere municipale executate pe parcursul s\u0103pt\u0103m\u00e2nii trecute - mobilitatechisinau.md","isPartOf":{"@id":"https:\/\/mobilitatechisinau.md\/#website"},"primaryImageOfPage":{"@id":"https:\/\/mobilitatechisinau.md\/?p=13880#primaryimage"},"image":{"@id":"https:\/\/mobilitatechisinau.md\/?p=13880#primaryimage"},"thumbnailUrl":"https:\/\/mobilitatechisinau.md\/wp-content\/uploads\/2025\/02\/26-februarie.jpg","datePublished":"2025-02-24T13:15:40+00:00","dateModified":"2025-02-26T13:21:13+00:00","breadcrumb":{"@id":"https:\/\/mobilitatechisinau.md\/?p=13880#breadcrumb"},"inLanguage":"ro-RO","potentialAction":[{"@type":"ReadAction","target":["https:\/\/mobilitatechisinau.md\/?p=13880"]}]},{"@type":"ImageObject","inLanguage":"ro-RO","@id":"https:\/\/mobilitatechisinau.md\/?p=13880#primaryimage","url":"https:\/\/mobilitatechisinau.md\/wp-content\/uploads\/2025\/02\/26-februarie.jpg","contentUrl":"https:\/\/mobilitatechisinau.md\/wp-content\/uploads\/2025\/02\/26-februarie.jpg","width":1200,"height":700},{"@type":"BreadcrumbList","@id":"https:\/\/mobilitatechisinau.md\/?p=13880#breadcrumb","itemListElement":[{"@type":"ListItem","position":1,"name":"Prima pagin\u0103","item":"https:\/\/mobilitatechisinau.md\/"},{"@type":"ListItem","position":2,"name":"Lucr\u0103ri de repara\u021bie \u0219i \u00eentre\u021binere a infrastructurii rutiere municipale executate pe parcursul s\u0103pt\u0103m\u00e2nii trecute"}]},{"@type":"WebSite","@id":"https:\/\/mobilitatechisinau.md\/#website","url":"https:\/\/mobilitatechisinau.md\/","name":"mobilitatechisinau.md","description":"Direc\u0163ia General\u0103 Mobilitate Urban\u0103","publisher":{"@id":"https:\/\/mobilitatechisinau.md\/#organization"},"potentialAction":[{"@type":"SearchAction","target":{"@type":"EntryPoint","urlTemplate":"https:\/\/mobilitatechisinau.md\/?s={search_term_string}"},"query-input":{"@type":"PropertyValueSpecification","valueRequired":true,"valueName":"search_term_string"}}],"inLanguage":"ro-RO"},{"@type":"Organization","@id":"https:\/\/mobilitatechisinau.md\/#organization","name":"Direc\u0163ia general\u0103 transport public \u015fi c\u0103i de comunica\u0163ie","url":"https:\/\/mobilitatechisinau.md\/","logo":{"@type":"ImageObject","inLanguage":"ro-RO","@id":"https:\/\/mobilitatechisinau.md\/#\/schema\/logo\/image\/","url":"https:\/\/dgtpcc.md\/wp-content\/uploads\/2022\/05\/DGTPCC-Chis\u0326ina\u0306u-new.jpg","contentUrl":"https:\/\/dgtpcc.md\/wp-content\/uploads\/2022\/05\/DGTPCC-Chis\u0326ina\u0306u-new.jpg","width":304,"height":80,"caption":"Direc\u0163ia general\u0103 transport public \u015fi c\u0103i de comunica\u0163ie"},"image":{"@id":"https:\/\/mobilitatechisinau.md\/#\/schema\/logo\/image\/"},"sameAs":["https:\/\/www.facebook.com\/DGTPCC"]},{"@type":"Person","@id":"https:\/\/mobilitatechisinau.md\/#\/schema\/person\/c25d28ff5553bea759689e10224709c7","name":"dgtpcc.md","image":{"@type":"ImageObject","inLanguage":"ro-RO","@id":"https:\/\/mobilitatechisinau.md\/#\/schema\/person\/image\/","url":"https:\/\/secure.gravatar.com\/avatar\/9057a81ed6aa6c63f6d0d045749b3708fa15d612e3a388d9ac7b50072146c906?s=96&d=mm&r=g","contentUrl":"https:\/\/secure.gravatar.com\/avatar\/9057a81ed6aa6c63f6d0d045749b3708fa15d612e3a388d9ac7b50072146c906?s=96&d=mm&r=g","caption":"dgtpcc.md"},"sameAs":["https:\/\/dgtpcc.md"],"url":"https:\/\/mobilitatechisinau.md\/?author=1"}]}},"_links":{"self":[{"href":"https:\/\/mobilitatechisinau.md\/index.php?rest_route=\/wp\/v2\/posts\/13880","targetHints":{"allow":["GET"]}}],"collection":[{"href":"https:\/\/mobilitatechisinau.md\/index.php?rest_route=\/wp\/v2\/posts"}],"about":[{"href":"https:\/\/mobilitatechisinau.md\/index.php?rest_route=\/wp\/v2\/types\/post"}],"author":[{"embeddable":true,"href":"https:\/\/mobilitatechisinau.md\/index.php?rest_route=\/wp\/v2\/users\/1"}],"replies":[{"embeddable":true,"href":"https:\/\/mobilitatechisinau.md\/index.php?rest_route=%2Fwp%2Fv2%2Fcomments&post=13880"}],"version-history":[{"count":1,"href":"https:\/\/mobilitatechisinau.md\/index.php?rest_route=\/wp\/v2\/posts\/13880\/revisions"}],"predecessor-version":[{"id":13888,"href":"https:\/\/mobilitatechisinau.md\/index.php?rest_route=\/wp\/v2\/posts\/13880\/revisions\/13888"}],"wp:featuredmedia":[{"embeddable":true,"href":"https:\/\/mobilitatechisinau.md\/index.php?rest_route=\/wp\/v2\/media\/13881"}],"wp:attachment":[{"href":"https:\/\/mobilitatechisinau.md\/index.php?rest_route=%2Fwp%2Fv2%2Fmedia&parent=13880"}],"wp:term":[{"taxonomy":"category","embeddable":true,"href":"https:\/\/mobilitatechisinau.md\/index.php?rest_route=%2Fwp%2Fv2%2Fcategories&post=13880"},{"taxonomy":"post_tag","embeddable":true,"href":"https:\/\/mobilitatechisinau.md\/index.php?rest_route=%2Fwp%2Fv2%2Ftags&post=13880"}],"curies":[{"name":"wp","href":"https:\/\/api.w.org\/{rel}","templated":true}]}}