{"id":13897,"date":"2025-02-26T14:06:33","date_gmt":"2025-02-26T12:06:33","guid":{"rendered":"https:\/\/mobilitatechisinau.md\/?p=13897"},"modified":"2025-02-28T14:39:43","modified_gmt":"2025-02-28T12:39:43","slug":"situatia-actuala-privind-restaurarea-si-punerea-in-valoare-a-monumentului-istoric-de-pavaj-din-strada-31-august-1989","status":"publish","type":"post","link":"https:\/\/mobilitatechisinau.md\/?p=13897","title":{"rendered":"Situa\u021bia actual\u0103 privind restaurarea \u0219i punerea \u00een valoare a monumentului istoric de pavaj din strada 31 August 1989"},"content":{"rendered":"\n<p>Direc\u021bia General\u0103 Mobilitate Urban\u0103 reitereaz\u0103 faptul c\u0103 toate demersurile necesare pentru restaurarea \u0219i punerea \u00een valoare a segmentului de caldar\u00e2m descoperit pe strada 31 August 1989 au fost realizate la nivel local.<\/p>\n\n\n\n<p>Pe parcursul ultimilor doi ani, \u00eempreun\u0103 cu IMP \u201eChi\u0219in\u0103uproiect\u201d, au fost elaborate \u0219i ajustate mai multe variante ale proiectului de restaurare, fiecare dintre acestea fiind revizuit\u0103 conform cerin\u021belor Consiliului Na\u021bional al Monumentelor Istorice (CNMI) \u0219i Ministerului Culturii. Cu toate acestea, procesul de avizare a fost \u00eent\u00e2rziat \u00een mod repetat din cauza unor solicit\u0103ri suplimentare de corectare, care, de multe ori, nu au \u021binut cont de fezabilitatea implement\u0103rii acestora \u00een teren.<\/p>\n\n\n\n<p>Astfel, \u00een cadrul \u0219edin\u021bei extinse din septembrie 2024, cu participarea ministrului Culturii, a pre\u0219edintelui CNMI \u0219i a reprezentan\u021bilor Prim\u0103riei, s-au convenit termenii de elaborare a documenta\u021biei tehnice, conform recomand\u0103rilor anterioare.<\/p>\n\n\n\n<p>Pentru a avansa \u00een acest proces, la 12 noiembrie 2024, a fost transmis c\u0103tre CNMI spre avizare planul general al solu\u021biei stabilite \u0219i documenta\u021bia de proiect. Ulterior, la expirarea a dou\u0103 s\u0103pt\u0103m\u00e2ni f\u0103r\u0103 r\u0103spuns, proiectantul a contactat telefonic secretarul CNMI, care a \u00eenaintat suplimentar o list\u0103 de recomand\u0103ri, discutate anterior pe intern \u00een cadrul CNMI. \u00cen rezultat, proiectul a fost revizuit conform solicit\u0103rilor \u0219i redepus pentru aprobare.<\/p>\n\n\n\n<p>\u00cen continuare, v\u0103 prezent\u0103m o sintez\u0103 cronologic\u0103 a ac\u021biunilor \u00eentreprinse de autoritatea public\u0103 local\u0103 pentru reconstruc\u021bia segmentului de pe strada 31 August 1989 \u0219i punerea \u00een valoare a monumentului istoric:<\/p>\n\n\n\n<p>La 18 martie 2023, la sesizarea antreprenorului care executa lucr\u0103rile de repara\u021bie capital\u0103 a str. 31 August 1989, DGMU a sistat ac\u021biunile \u0219i a informat Ministerul Culturii despre vestigiile descoperite pe tronsonul dat de strad\u0103;<\/p>\n\n\n\n<p>La 7 aprilie 2023, a fost efectuat\u0103 expertiza de c\u0103tre Agen\u021bia Na\u021bional\u0103 Arheologic\u0103, care s-a expus asupra st\u0103rii \u0219i valorii istorice a vestigiului \u0219i a emis certificat de desc\u0103rcare de sarcin\u0103 arheologic\u0103;<\/p>\n\n\n\n<p>La 23 noiembrie 2023, a fost luat\u0103 decizia de a exclude tronsonul dat din Pachetul II al proiectului \u201eReabilitarea str\u0103zilor centrale \u0219i modernizarea iluminatului public al centrului municipiului Chi\u0219in\u0103u\u201d, \u00een baza sesiz\u0103rii Ministerului Culturii, dup\u0103 care a fost emis\u0103 dispozi\u021bia Prim\u0103riei Chi\u0219in\u0103u cu privire la \u00eengr\u0103direa \u0219i conservarea zonei;<\/p>\n\n\n\n<p>Au fost purtate discu\u021bii, \u00een cadrul mai multor \u0219edin\u021be comune, privind op\u021biunile de conservare a monumentului istoric;<\/p>\n\n\n\n<p>DGMU a contractat servicii de elaborare a studiul istoric-cultural privind valoarea monumentului;<\/p>\n\n\n\n<p>DGMU a contractat servicii de elaborare a schi\u021bei de proiect;<\/p>\n\n\n\n<p>La 28 februarie 2024, schi\u021ba de proiect a fost depus\u0103 spre examinare la Consiliul Na\u021bional al Monumentelor Istorice (CNMI) pentru avizarea prealabil\u0103, conform legisla\u021biei \u00een vigoare, care a venit \u00een repetate r\u00e2nduri cu modific\u0103ri \u0219i clarific\u0103ri;<\/p>\n\n\n\n<p>Concomitent, s-a solicitat Direc\u021biei Generale Arhitectur\u0103, Urbanism \u015fi Rela\u021bii Funciare eliberarea certificatului de urbanism pentru proiectare;<\/p>\n\n\n\n<p>La 7 martie 2024, schi\u021ba de proiect modificat\u0103 a fost prezentat\u0103 repetat la CNMI;<\/p>\n\n\n\n<p>La 26 mai 2024, CNMI a eliberat avizul pozitiv prealabil \u00een vederea elabor\u0103rii documenta\u021biei de execu\u021bie;<\/p>\n\n\n\n<p>La 8 iulie 2024, a fost efectuat\u0103 o analiz\u0103 a elementelor tehnice a schi\u021bei arhitecturale;<\/p>\n\n\n\n<p>Tot setul de documente a fost depus la IMP \u201eChi\u0219in\u0103uproiect\u201d, care a demarat elaborarea proiectului de execu\u021bie;<\/p>\n\n\n\n<p>\u00cen luna septembrie 2024, a avut loc o \u0219edin\u021b\u0103 extins\u0103 cu participarea ministrului Culturii, a pre\u0219edintelui CNMI \u0219i a reprezentan\u021bilor Prim\u0103riei, unde s-au convenit termenii de elaborare a documenta\u021biei tehnice, conform recomand\u0103rilor anterioare;<\/p>\n\n\n\n<p>La 12 noiembrie 2024, a fost transmis c\u0103tre CNMI spre avizare planul general al solu\u021biei stabilite \u0219i documenta\u021bia de proiect;<\/p>\n\n\n\n<p>Proiectul a fost revizuit conform solicit\u0103rilor \u0219i depus repetat pentru aprobare.<\/p>\n","protected":false},"excerpt":{"rendered":"<p>Direc\u021bia General\u0103 Mobilitate Urban\u0103 reitereaz\u0103 faptul c\u0103 toate demersurile necesare pentru restaurarea \u0219i punerea \u00een valoare a segmentului de caldar\u00e2m descoperit pe strada 31 August 1989 au fost realizate la nivel local. Pe parcursul ultimilor doi ani, \u00eempreun\u0103 cu IMP \u201eChi\u0219in\u0103uproiect\u201d, au fost elaborate \u0219i ajustate mai multe variante ale proiectului de restaurare, fiecare dintre [&hellip;]<\/p>\n","protected":false},"author":1,"featured_media":13898,"comment_status":"closed","ping_status":"open","sticky":false,"template":"","format":"standard","meta":{"footnotes":""},"categories":[92],"tags":[],"class_list":["post-13897","post","type-post","status-publish","format-standard","has-post-thumbnail","hentry","category-comunicate"],"yoast_head":"<!-- This site is optimized with the Yoast SEO plugin v23.9 - https:\/\/yoast.com\/wordpress\/plugins\/seo\/ -->\n<title>Situa\u021bia actual\u0103 privind restaurarea \u0219i punerea \u00een valoare a monumentului istoric de pavaj din strada 31 August 1989 - mobilitatechisinau.md<\/title>\n<meta name=\"robots\" content=\"index, follow, max-snippet:-1, max-image-preview:large, max-video-preview:-1\" \/>\n<link rel=\"canonical\" href=\"https:\/\/mobilitatechisinau.md\/?p=13897\" \/>\n<meta property=\"og:locale\" content=\"ro_RO\" \/>\n<meta property=\"og:type\" content=\"article\" \/>\n<meta property=\"og:title\" content=\"Situa\u021bia actual\u0103 privind restaurarea \u0219i punerea \u00een valoare a monumentului istoric de pavaj din strada 31 August 1989 - mobilitatechisinau.md\" \/>\n<meta property=\"og:description\" content=\"Direc\u021bia General\u0103 Mobilitate Urban\u0103 reitereaz\u0103 faptul c\u0103 toate demersurile necesare pentru restaurarea \u0219i punerea \u00een valoare a segmentului de caldar\u00e2m descoperit pe strada 31 August 1989 au fost realizate la nivel local. Pe parcursul ultimilor doi ani, \u00eempreun\u0103 cu IMP \u201eChi\u0219in\u0103uproiect\u201d, au fost elaborate \u0219i ajustate mai multe variante ale proiectului de restaurare, fiecare dintre [&hellip;]\" \/>\n<meta property=\"og:url\" content=\"https:\/\/mobilitatechisinau.md\/?p=13897\" \/>\n<meta property=\"og:site_name\" content=\"mobilitatechisinau.md\" \/>\n<meta property=\"article:publisher\" content=\"https:\/\/www.facebook.com\/DGTPCC\" \/>\n<meta property=\"article:published_time\" content=\"2025-02-26T12:06:33+00:00\" \/>\n<meta property=\"article:modified_time\" content=\"2025-02-28T12:39:43+00:00\" \/>\n<meta property=\"og:image\" content=\"https:\/\/mobilitatechisinau.md\/wp-content\/uploads\/2025\/02\/26-februarie_pavaj.jpg\" \/>\n\t<meta property=\"og:image:width\" content=\"1200\" \/>\n\t<meta property=\"og:image:height\" content=\"700\" \/>\n\t<meta property=\"og:image:type\" content=\"image\/jpeg\" \/>\n<meta name=\"author\" content=\"dgtpcc.md\" \/>\n<meta name=\"twitter:card\" content=\"summary_large_image\" \/>\n<meta name=\"twitter:label1\" content=\"Scris de\" \/>\n\t<meta name=\"twitter:data1\" content=\"dgtpcc.md\" \/>\n\t<meta name=\"twitter:label2\" content=\"Timp estimat pentru citire\" \/>\n\t<meta name=\"twitter:data2\" content=\"4 minute\" \/>\n<script type=\"application\/ld+json\" class=\"yoast-schema-graph\">{\"@context\":\"https:\/\/schema.org\",\"@graph\":[{\"@type\":\"Article\",\"@id\":\"https:\/\/mobilitatechisinau.md\/?p=13897#article\",\"isPartOf\":{\"@id\":\"https:\/\/mobilitatechisinau.md\/?p=13897\"},\"author\":{\"name\":\"dgtpcc.md\",\"@id\":\"https:\/\/mobilitatechisinau.md\/#\/schema\/person\/c25d28ff5553bea759689e10224709c7\"},\"headline\":\"Situa\u021bia actual\u0103 privind restaurarea \u0219i punerea \u00een valoare a monumentului istoric de pavaj din strada 31 August 1989\",\"datePublished\":\"2025-02-26T12:06:33+00:00\",\"dateModified\":\"2025-02-28T12:39:43+00:00\",\"mainEntityOfPage\":{\"@id\":\"https:\/\/mobilitatechisinau.md\/?p=13897\"},\"wordCount\":627,\"publisher\":{\"@id\":\"https:\/\/mobilitatechisinau.md\/#organization\"},\"image\":{\"@id\":\"https:\/\/mobilitatechisinau.md\/?p=13897#primaryimage\"},\"thumbnailUrl\":\"https:\/\/mobilitatechisinau.md\/wp-content\/uploads\/2025\/02\/26-februarie_pavaj.jpg\",\"articleSection\":[\"Comunicate de pres\u0103\"],\"inLanguage\":\"ro-RO\"},{\"@type\":\"WebPage\",\"@id\":\"https:\/\/mobilitatechisinau.md\/?p=13897\",\"url\":\"https:\/\/mobilitatechisinau.md\/?p=13897\",\"name\":\"Situa\u021bia actual\u0103 privind restaurarea \u0219i punerea \u00een valoare a monumentului istoric de pavaj din strada 31 August 1989 - mobilitatechisinau.md\",\"isPartOf\":{\"@id\":\"https:\/\/mobilitatechisinau.md\/#website\"},\"primaryImageOfPage\":{\"@id\":\"https:\/\/mobilitatechisinau.md\/?p=13897#primaryimage\"},\"image\":{\"@id\":\"https:\/\/mobilitatechisinau.md\/?p=13897#primaryimage\"},\"thumbnailUrl\":\"https:\/\/mobilitatechisinau.md\/wp-content\/uploads\/2025\/02\/26-februarie_pavaj.jpg\",\"datePublished\":\"2025-02-26T12:06:33+00:00\",\"dateModified\":\"2025-02-28T12:39:43+00:00\",\"breadcrumb\":{\"@id\":\"https:\/\/mobilitatechisinau.md\/?p=13897#breadcrumb\"},\"inLanguage\":\"ro-RO\",\"potentialAction\":[{\"@type\":\"ReadAction\",\"target\":[\"https:\/\/mobilitatechisinau.md\/?p=13897\"]}]},{\"@type\":\"ImageObject\",\"inLanguage\":\"ro-RO\",\"@id\":\"https:\/\/mobilitatechisinau.md\/?p=13897#primaryimage\",\"url\":\"https:\/\/mobilitatechisinau.md\/wp-content\/uploads\/2025\/02\/26-februarie_pavaj.jpg\",\"contentUrl\":\"https:\/\/mobilitatechisinau.md\/wp-content\/uploads\/2025\/02\/26-februarie_pavaj.jpg\",\"width\":1200,\"height\":700},{\"@type\":\"BreadcrumbList\",\"@id\":\"https:\/\/mobilitatechisinau.md\/?p=13897#breadcrumb\",\"itemListElement\":[{\"@type\":\"ListItem\",\"position\":1,\"name\":\"Prima pagin\u0103\",\"item\":\"https:\/\/mobilitatechisinau.md\/\"},{\"@type\":\"ListItem\",\"position\":2,\"name\":\"Situa\u021bia actual\u0103 privind restaurarea \u0219i punerea \u00een valoare a monumentului istoric de pavaj din strada 31 August 1989\"}]},{\"@type\":\"WebSite\",\"@id\":\"https:\/\/mobilitatechisinau.md\/#website\",\"url\":\"https:\/\/mobilitatechisinau.md\/\",\"name\":\"mobilitatechisinau.md\",\"description\":\"Direc\u0163ia General\u0103 Mobilitate Urban\u0103\",\"publisher\":{\"@id\":\"https:\/\/mobilitatechisinau.md\/#organization\"},\"potentialAction\":[{\"@type\":\"SearchAction\",\"target\":{\"@type\":\"EntryPoint\",\"urlTemplate\":\"https:\/\/mobilitatechisinau.md\/?s={search_term_string}\"},\"query-input\":{\"@type\":\"PropertyValueSpecification\",\"valueRequired\":true,\"valueName\":\"search_term_string\"}}],\"inLanguage\":\"ro-RO\"},{\"@type\":\"Organization\",\"@id\":\"https:\/\/mobilitatechisinau.md\/#organization\",\"name\":\"Direc\u0163ia general\u0103 transport public \u015fi c\u0103i de comunica\u0163ie\",\"url\":\"https:\/\/mobilitatechisinau.md\/\",\"logo\":{\"@type\":\"ImageObject\",\"inLanguage\":\"ro-RO\",\"@id\":\"https:\/\/mobilitatechisinau.md\/#\/schema\/logo\/image\/\",\"url\":\"https:\/\/dgtpcc.md\/wp-content\/uploads\/2022\/05\/DGTPCC-Chis\u0326ina\u0306u-new.jpg\",\"contentUrl\":\"https:\/\/dgtpcc.md\/wp-content\/uploads\/2022\/05\/DGTPCC-Chis\u0326ina\u0306u-new.jpg\",\"width\":304,\"height\":80,\"caption\":\"Direc\u0163ia general\u0103 transport public \u015fi c\u0103i de comunica\u0163ie\"},\"image\":{\"@id\":\"https:\/\/mobilitatechisinau.md\/#\/schema\/logo\/image\/\"},\"sameAs\":[\"https:\/\/www.facebook.com\/DGTPCC\"]},{\"@type\":\"Person\",\"@id\":\"https:\/\/mobilitatechisinau.md\/#\/schema\/person\/c25d28ff5553bea759689e10224709c7\",\"name\":\"dgtpcc.md\",\"image\":{\"@type\":\"ImageObject\",\"inLanguage\":\"ro-RO\",\"@id\":\"https:\/\/mobilitatechisinau.md\/#\/schema\/person\/image\/\",\"url\":\"https:\/\/secure.gravatar.com\/avatar\/9057a81ed6aa6c63f6d0d045749b3708fa15d612e3a388d9ac7b50072146c906?s=96&d=mm&r=g\",\"contentUrl\":\"https:\/\/secure.gravatar.com\/avatar\/9057a81ed6aa6c63f6d0d045749b3708fa15d612e3a388d9ac7b50072146c906?s=96&d=mm&r=g\",\"caption\":\"dgtpcc.md\"},\"sameAs\":[\"https:\/\/dgtpcc.md\"],\"url\":\"https:\/\/mobilitatechisinau.md\/?author=1\"}]}<\/script>\n<!-- \/ Yoast SEO plugin. -->","yoast_head_json":{"title":"Situa\u021bia actual\u0103 privind restaurarea \u0219i punerea \u00een valoare a monumentului istoric de pavaj din strada 31 August 1989 - mobilitatechisinau.md","robots":{"index":"index","follow":"follow","max-snippet":"max-snippet:-1","max-image-preview":"max-image-preview:large","max-video-preview":"max-video-preview:-1"},"canonical":"https:\/\/mobilitatechisinau.md\/?p=13897","og_locale":"ro_RO","og_type":"article","og_title":"Situa\u021bia actual\u0103 privind restaurarea \u0219i punerea \u00een valoare a monumentului istoric de pavaj din strada 31 August 1989 - mobilitatechisinau.md","og_description":"Direc\u021bia General\u0103 Mobilitate Urban\u0103 reitereaz\u0103 faptul c\u0103 toate demersurile necesare pentru restaurarea \u0219i punerea \u00een valoare a segmentului de caldar\u00e2m descoperit pe strada 31 August 1989 au fost realizate la nivel local. Pe parcursul ultimilor doi ani, \u00eempreun\u0103 cu IMP \u201eChi\u0219in\u0103uproiect\u201d, au fost elaborate \u0219i ajustate mai multe variante ale proiectului de restaurare, fiecare dintre [&hellip;]","og_url":"https:\/\/mobilitatechisinau.md\/?p=13897","og_site_name":"mobilitatechisinau.md","article_publisher":"https:\/\/www.facebook.com\/DGTPCC","article_published_time":"2025-02-26T12:06:33+00:00","article_modified_time":"2025-02-28T12:39:43+00:00","og_image":[{"width":1200,"height":700,"url":"https:\/\/mobilitatechisinau.md\/wp-content\/uploads\/2025\/02\/26-februarie_pavaj.jpg","type":"image\/jpeg"}],"author":"dgtpcc.md","twitter_card":"summary_large_image","twitter_misc":{"Scris de":"dgtpcc.md","Timp estimat pentru citire":"4 minute"},"schema":{"@context":"https:\/\/schema.org","@graph":[{"@type":"Article","@id":"https:\/\/mobilitatechisinau.md\/?p=13897#article","isPartOf":{"@id":"https:\/\/mobilitatechisinau.md\/?p=13897"},"author":{"name":"dgtpcc.md","@id":"https:\/\/mobilitatechisinau.md\/#\/schema\/person\/c25d28ff5553bea759689e10224709c7"},"headline":"Situa\u021bia actual\u0103 privind restaurarea \u0219i punerea \u00een valoare a monumentului istoric de pavaj din strada 31 August 1989","datePublished":"2025-02-26T12:06:33+00:00","dateModified":"2025-02-28T12:39:43+00:00","mainEntityOfPage":{"@id":"https:\/\/mobilitatechisinau.md\/?p=13897"},"wordCount":627,"publisher":{"@id":"https:\/\/mobilitatechisinau.md\/#organization"},"image":{"@id":"https:\/\/mobilitatechisinau.md\/?p=13897#primaryimage"},"thumbnailUrl":"https:\/\/mobilitatechisinau.md\/wp-content\/uploads\/2025\/02\/26-februarie_pavaj.jpg","articleSection":["Comunicate de pres\u0103"],"inLanguage":"ro-RO"},{"@type":"WebPage","@id":"https:\/\/mobilitatechisinau.md\/?p=13897","url":"https:\/\/mobilitatechisinau.md\/?p=13897","name":"Situa\u021bia actual\u0103 privind restaurarea \u0219i punerea \u00een valoare a monumentului istoric de pavaj din strada 31 August 1989 - mobilitatechisinau.md","isPartOf":{"@id":"https:\/\/mobilitatechisinau.md\/#website"},"primaryImageOfPage":{"@id":"https:\/\/mobilitatechisinau.md\/?p=13897#primaryimage"},"image":{"@id":"https:\/\/mobilitatechisinau.md\/?p=13897#primaryimage"},"thumbnailUrl":"https:\/\/mobilitatechisinau.md\/wp-content\/uploads\/2025\/02\/26-februarie_pavaj.jpg","datePublished":"2025-02-26T12:06:33+00:00","dateModified":"2025-02-28T12:39:43+00:00","breadcrumb":{"@id":"https:\/\/mobilitatechisinau.md\/?p=13897#breadcrumb"},"inLanguage":"ro-RO","potentialAction":[{"@type":"ReadAction","target":["https:\/\/mobilitatechisinau.md\/?p=13897"]}]},{"@type":"ImageObject","inLanguage":"ro-RO","@id":"https:\/\/mobilitatechisinau.md\/?p=13897#primaryimage","url":"https:\/\/mobilitatechisinau.md\/wp-content\/uploads\/2025\/02\/26-februarie_pavaj.jpg","contentUrl":"https:\/\/mobilitatechisinau.md\/wp-content\/uploads\/2025\/02\/26-februarie_pavaj.jpg","width":1200,"height":700},{"@type":"BreadcrumbList","@id":"https:\/\/mobilitatechisinau.md\/?p=13897#breadcrumb","itemListElement":[{"@type":"ListItem","position":1,"name":"Prima pagin\u0103","item":"https:\/\/mobilitatechisinau.md\/"},{"@type":"ListItem","position":2,"name":"Situa\u021bia actual\u0103 privind restaurarea \u0219i punerea \u00een valoare a monumentului istoric de pavaj din strada 31 August 1989"}]},{"@type":"WebSite","@id":"https:\/\/mobilitatechisinau.md\/#website","url":"https:\/\/mobilitatechisinau.md\/","name":"mobilitatechisinau.md","description":"Direc\u0163ia General\u0103 Mobilitate Urban\u0103","publisher":{"@id":"https:\/\/mobilitatechisinau.md\/#organization"},"potentialAction":[{"@type":"SearchAction","target":{"@type":"EntryPoint","urlTemplate":"https:\/\/mobilitatechisinau.md\/?s={search_term_string}"},"query-input":{"@type":"PropertyValueSpecification","valueRequired":true,"valueName":"search_term_string"}}],"inLanguage":"ro-RO"},{"@type":"Organization","@id":"https:\/\/mobilitatechisinau.md\/#organization","name":"Direc\u0163ia general\u0103 transport public \u015fi c\u0103i de comunica\u0163ie","url":"https:\/\/mobilitatechisinau.md\/","logo":{"@type":"ImageObject","inLanguage":"ro-RO","@id":"https:\/\/mobilitatechisinau.md\/#\/schema\/logo\/image\/","url":"https:\/\/dgtpcc.md\/wp-content\/uploads\/2022\/05\/DGTPCC-Chis\u0326ina\u0306u-new.jpg","contentUrl":"https:\/\/dgtpcc.md\/wp-content\/uploads\/2022\/05\/DGTPCC-Chis\u0326ina\u0306u-new.jpg","width":304,"height":80,"caption":"Direc\u0163ia general\u0103 transport public \u015fi c\u0103i de comunica\u0163ie"},"image":{"@id":"https:\/\/mobilitatechisinau.md\/#\/schema\/logo\/image\/"},"sameAs":["https:\/\/www.facebook.com\/DGTPCC"]},{"@type":"Person","@id":"https:\/\/mobilitatechisinau.md\/#\/schema\/person\/c25d28ff5553bea759689e10224709c7","name":"dgtpcc.md","image":{"@type":"ImageObject","inLanguage":"ro-RO","@id":"https:\/\/mobilitatechisinau.md\/#\/schema\/person\/image\/","url":"https:\/\/secure.gravatar.com\/avatar\/9057a81ed6aa6c63f6d0d045749b3708fa15d612e3a388d9ac7b50072146c906?s=96&d=mm&r=g","contentUrl":"https:\/\/secure.gravatar.com\/avatar\/9057a81ed6aa6c63f6d0d045749b3708fa15d612e3a388d9ac7b50072146c906?s=96&d=mm&r=g","caption":"dgtpcc.md"},"sameAs":["https:\/\/dgtpcc.md"],"url":"https:\/\/mobilitatechisinau.md\/?author=1"}]}},"_links":{"self":[{"href":"https:\/\/mobilitatechisinau.md\/index.php?rest_route=\/wp\/v2\/posts\/13897","targetHints":{"allow":["GET"]}}],"collection":[{"href":"https:\/\/mobilitatechisinau.md\/index.php?rest_route=\/wp\/v2\/posts"}],"about":[{"href":"https:\/\/mobilitatechisinau.md\/index.php?rest_route=\/wp\/v2\/types\/post"}],"author":[{"embeddable":true,"href":"https:\/\/mobilitatechisinau.md\/index.php?rest_route=\/wp\/v2\/users\/1"}],"replies":[{"embeddable":true,"href":"https:\/\/mobilitatechisinau.md\/index.php?rest_route=%2Fwp%2Fv2%2Fcomments&post=13897"}],"version-history":[{"count":1,"href":"https:\/\/mobilitatechisinau.md\/index.php?rest_route=\/wp\/v2\/posts\/13897\/revisions"}],"predecessor-version":[{"id":13899,"href":"https:\/\/mobilitatechisinau.md\/index.php?rest_route=\/wp\/v2\/posts\/13897\/revisions\/13899"}],"wp:featuredmedia":[{"embeddable":true,"href":"https:\/\/mobilitatechisinau.md\/index.php?rest_route=\/wp\/v2\/media\/13898"}],"wp:attachment":[{"href":"https:\/\/mobilitatechisinau.md\/index.php?rest_route=%2Fwp%2Fv2%2Fmedia&parent=13897"}],"wp:term":[{"taxonomy":"category","embeddable":true,"href":"https:\/\/mobilitatechisinau.md\/index.php?rest_route=%2Fwp%2Fv2%2Fcategories&post=13897"},{"taxonomy":"post_tag","embeddable":true,"href":"https:\/\/mobilitatechisinau.md\/index.php?rest_route=%2Fwp%2Fv2%2Ftags&post=13897"}],"curies":[{"name":"wp","href":"https:\/\/api.w.org\/{rel}","templated":true}]}}