{"id":13962,"date":"2025-03-14T08:28:14","date_gmt":"2025-03-14T06:28:14","guid":{"rendered":"https:\/\/mobilitatechisinau.md\/?p=13962"},"modified":"2025-03-18T08:33:02","modified_gmt":"2025-03-18T06:33:02","slug":"lucrari-de-reconstructie-a-doua-intersectii-semaforizate-pe-strada-ceucari","status":"publish","type":"post","link":"https:\/\/mobilitatechisinau.md\/?p=13962","title":{"rendered":"Lucr\u0103ri de reconstruc\u021bie a dou\u0103 intersec\u021bii semaforizate pe strada Ceucari"},"content":{"rendered":"\n<p>Dou\u0103 intersec\u021bii semaforizate de pe strada Ceucari au fost supuse unor lucr\u0103ri de reconstruc\u021bie capital\u0103, acestea nefiind modernizate din anii &#8217;90, de la momentul d\u0103rii lor \u00een exploatare.<\/p>\n\n\n\n<p>Lucr\u0103rile au inclus schimbarea integral\u0103 a infrastructurii existente, prin montarea de noi cabluri, piloni, corpuri de semafoare \u0219i controlere moderne. Astfel, la fiecare intersec\u021bie au fost instalate c\u00e2te patru semafoare pentru transport \u0219i dou\u0103 semafoare pietonale, echipate cu buton pentru solicitarea travers\u0103rii. \u00cen perioada urm\u0103toare, acestea vor fi dotate \u0219i cu semnal sonor pentru a facilita accesul persoanelor cu deficien\u021be de vedere.<\/p>\n\n\n\n<p>\u00cen anul precedent, un alt obiectiv semaforizat cu trecere pietonal\u0103 de pe strada Ceucari a fost modernizat, iar pe parcursul acestui an urmeaz\u0103 reabilitarea capital\u0103 a altor dou\u0103 intersec\u021bii din zon\u0103, respectiv la intersec\u021biile str\u0103zilor Ceucari &#8211; Socoleni \u0219i Doina &#8211; Socoleni.<\/p>\n\n\n\n<p>Totodat\u0103, pentru anul curent este planificat\u0103 reabilitarea a altor nou\u0103 obiective semaforizate din ora\u0219. Toate vor fi echipate cu sistem sonor pentru sporirea siguran\u021bei pietonilor. Lucr\u0103rile vor demara imediat dup\u0103 finalizarea procesului de achizi\u021bie public\u0103 a echipamentelor necesare, pentru care documenta\u021bia se afl\u0103 \u00een prezent \u00een preg\u0103tire.<\/p>\n\n\n\n<figure class=\"wp-block-gallery has-nested-images columns-default is-cropped wp-block-gallery-1 is-layout-flex wp-block-gallery-is-layout-flex\">\n<figure class=\"wp-block-image size-large\"><img fetchpriority=\"high\" decoding=\"async\" width=\"525\" height=\"700\" data-id=\"13968\" src=\"https:\/\/mobilitatechisinau.md\/wp-content\/uploads\/2025\/03\/1.jpg\" alt=\"\" class=\"wp-image-13968\" srcset=\"https:\/\/mobilitatechisinau.md\/wp-content\/uploads\/2025\/03\/1.jpg 525w, https:\/\/mobilitatechisinau.md\/wp-content\/uploads\/2025\/03\/1-225x300.jpg 225w, https:\/\/mobilitatechisinau.md\/wp-content\/uploads\/2025\/03\/1-9x12.jpg 9w, https:\/\/mobilitatechisinau.md\/wp-content\/uploads\/2025\/03\/1-262x350.jpg 262w\" sizes=\"(max-width: 525px) 100vw, 525px\" \/><\/figure>\n\n\n\n<figure class=\"wp-block-image size-large\"><img decoding=\"async\" width=\"525\" height=\"700\" data-id=\"13965\" src=\"https:\/\/mobilitatechisinau.md\/wp-content\/uploads\/2025\/03\/2.jpg\" alt=\"\" class=\"wp-image-13965\" srcset=\"https:\/\/mobilitatechisinau.md\/wp-content\/uploads\/2025\/03\/2.jpg 525w, https:\/\/mobilitatechisinau.md\/wp-content\/uploads\/2025\/03\/2-225x300.jpg 225w, https:\/\/mobilitatechisinau.md\/wp-content\/uploads\/2025\/03\/2-9x12.jpg 9w, https:\/\/mobilitatechisinau.md\/wp-content\/uploads\/2025\/03\/2-262x350.jpg 262w\" sizes=\"(max-width: 525px) 100vw, 525px\" \/><\/figure>\n\n\n\n<figure class=\"wp-block-image size-large\"><img decoding=\"async\" width=\"525\" height=\"700\" data-id=\"13967\" src=\"https:\/\/mobilitatechisinau.md\/wp-content\/uploads\/2025\/03\/3.jpg\" alt=\"\" class=\"wp-image-13967\" srcset=\"https:\/\/mobilitatechisinau.md\/wp-content\/uploads\/2025\/03\/3.jpg 525w, https:\/\/mobilitatechisinau.md\/wp-content\/uploads\/2025\/03\/3-225x300.jpg 225w, https:\/\/mobilitatechisinau.md\/wp-content\/uploads\/2025\/03\/3-9x12.jpg 9w, https:\/\/mobilitatechisinau.md\/wp-content\/uploads\/2025\/03\/3-262x350.jpg 262w\" sizes=\"(max-width: 525px) 100vw, 525px\" \/><\/figure>\n\n\n\n<figure class=\"wp-block-image size-large\"><img loading=\"lazy\" decoding=\"async\" width=\"525\" height=\"700\" data-id=\"13969\" src=\"https:\/\/mobilitatechisinau.md\/wp-content\/uploads\/2025\/03\/5.jpg\" alt=\"\" class=\"wp-image-13969\" srcset=\"https:\/\/mobilitatechisinau.md\/wp-content\/uploads\/2025\/03\/5.jpg 525w, https:\/\/mobilitatechisinau.md\/wp-content\/uploads\/2025\/03\/5-225x300.jpg 225w, https:\/\/mobilitatechisinau.md\/wp-content\/uploads\/2025\/03\/5-9x12.jpg 9w, https:\/\/mobilitatechisinau.md\/wp-content\/uploads\/2025\/03\/5-262x350.jpg 262w\" sizes=\"(max-width: 525px) 100vw, 525px\" \/><\/figure>\n\n\n\n<figure class=\"wp-block-image size-large\"><img loading=\"lazy\" decoding=\"async\" width=\"525\" height=\"700\" data-id=\"13964\" src=\"https:\/\/mobilitatechisinau.md\/wp-content\/uploads\/2025\/03\/6.jpg\" alt=\"\" class=\"wp-image-13964\" srcset=\"https:\/\/mobilitatechisinau.md\/wp-content\/uploads\/2025\/03\/6.jpg 525w, https:\/\/mobilitatechisinau.md\/wp-content\/uploads\/2025\/03\/6-225x300.jpg 225w, https:\/\/mobilitatechisinau.md\/wp-content\/uploads\/2025\/03\/6-9x12.jpg 9w, https:\/\/mobilitatechisinau.md\/wp-content\/uploads\/2025\/03\/6-262x350.jpg 262w\" sizes=\"(max-width: 525px) 100vw, 525px\" \/><\/figure>\n\n\n\n<figure class=\"wp-block-image size-large\"><img loading=\"lazy\" decoding=\"async\" width=\"525\" height=\"700\" data-id=\"13966\" src=\"https:\/\/mobilitatechisinau.md\/wp-content\/uploads\/2025\/03\/7.jpg\" alt=\"\" class=\"wp-image-13966\" srcset=\"https:\/\/mobilitatechisinau.md\/wp-content\/uploads\/2025\/03\/7.jpg 525w, https:\/\/mobilitatechisinau.md\/wp-content\/uploads\/2025\/03\/7-225x300.jpg 225w, https:\/\/mobilitatechisinau.md\/wp-content\/uploads\/2025\/03\/7-9x12.jpg 9w, https:\/\/mobilitatechisinau.md\/wp-content\/uploads\/2025\/03\/7-262x350.jpg 262w\" sizes=\"(max-width: 525px) 100vw, 525px\" \/><\/figure>\n<\/figure>\n","protected":false},"excerpt":{"rendered":"<p>Dou\u0103 intersec\u021bii semaforizate de pe strada Ceucari au fost supuse unor lucr\u0103ri de reconstruc\u021bie capital\u0103, acestea nefiind modernizate din anii &#8217;90, de la momentul d\u0103rii lor \u00een exploatare. Lucr\u0103rile au inclus schimbarea integral\u0103 a infrastructurii existente, prin montarea de noi cabluri, piloni, corpuri de semafoare \u0219i controlere moderne. Astfel, la fiecare intersec\u021bie au fost instalate [&hellip;]<\/p>\n","protected":false},"author":1,"featured_media":13963,"comment_status":"closed","ping_status":"open","sticky":false,"template":"","format":"standard","meta":{"footnotes":""},"categories":[92],"tags":[],"class_list":["post-13962","post","type-post","status-publish","format-standard","has-post-thumbnail","hentry","category-comunicate"],"yoast_head":"<!-- This site is optimized with the Yoast SEO plugin v23.9 - https:\/\/yoast.com\/wordpress\/plugins\/seo\/ -->\n<title>Lucr\u0103ri de reconstruc\u021bie a dou\u0103 intersec\u021bii semaforizate pe strada Ceucari - mobilitatechisinau.md<\/title>\n<meta name=\"robots\" content=\"index, follow, max-snippet:-1, max-image-preview:large, max-video-preview:-1\" \/>\n<link rel=\"canonical\" href=\"https:\/\/mobilitatechisinau.md\/?p=13962\" \/>\n<meta property=\"og:locale\" content=\"ro_RO\" \/>\n<meta property=\"og:type\" content=\"article\" \/>\n<meta property=\"og:title\" content=\"Lucr\u0103ri de reconstruc\u021bie a dou\u0103 intersec\u021bii semaforizate pe strada Ceucari - mobilitatechisinau.md\" \/>\n<meta property=\"og:description\" content=\"Dou\u0103 intersec\u021bii semaforizate de pe strada Ceucari au fost supuse unor lucr\u0103ri de reconstruc\u021bie capital\u0103, acestea nefiind modernizate din anii &#8217;90, de la momentul d\u0103rii lor \u00een exploatare. Lucr\u0103rile au inclus schimbarea integral\u0103 a infrastructurii existente, prin montarea de noi cabluri, piloni, corpuri de semafoare \u0219i controlere moderne. Astfel, la fiecare intersec\u021bie au fost instalate [&hellip;]\" \/>\n<meta property=\"og:url\" content=\"https:\/\/mobilitatechisinau.md\/?p=13962\" \/>\n<meta property=\"og:site_name\" content=\"mobilitatechisinau.md\" \/>\n<meta property=\"article:publisher\" content=\"https:\/\/www.facebook.com\/DGTPCC\" \/>\n<meta property=\"article:published_time\" content=\"2025-03-14T06:28:14+00:00\" \/>\n<meta property=\"article:modified_time\" content=\"2025-03-18T06:33:02+00:00\" \/>\n<meta property=\"og:image\" content=\"https:\/\/mobilitatechisinau.md\/wp-content\/uploads\/2025\/03\/semafoare.png\" \/>\n\t<meta property=\"og:image:width\" content=\"1200\" \/>\n\t<meta property=\"og:image:height\" content=\"700\" \/>\n\t<meta property=\"og:image:type\" content=\"image\/png\" \/>\n<meta name=\"author\" content=\"dgtpcc.md\" \/>\n<meta name=\"twitter:card\" content=\"summary_large_image\" \/>\n<meta name=\"twitter:label1\" content=\"Scris de\" \/>\n\t<meta name=\"twitter:data1\" content=\"dgtpcc.md\" \/>\n\t<meta name=\"twitter:label2\" content=\"Timp estimat pentru citire\" \/>\n\t<meta name=\"twitter:data2\" content=\"3 minute\" \/>\n<script type=\"application\/ld+json\" class=\"yoast-schema-graph\">{\"@context\":\"https:\/\/schema.org\",\"@graph\":[{\"@type\":\"Article\",\"@id\":\"https:\/\/mobilitatechisinau.md\/?p=13962#article\",\"isPartOf\":{\"@id\":\"https:\/\/mobilitatechisinau.md\/?p=13962\"},\"author\":{\"name\":\"dgtpcc.md\",\"@id\":\"https:\/\/mobilitatechisinau.md\/#\/schema\/person\/c25d28ff5553bea759689e10224709c7\"},\"headline\":\"Lucr\u0103ri de reconstruc\u021bie a dou\u0103 intersec\u021bii semaforizate pe strada Ceucari\",\"datePublished\":\"2025-03-14T06:28:14+00:00\",\"dateModified\":\"2025-03-18T06:33:02+00:00\",\"mainEntityOfPage\":{\"@id\":\"https:\/\/mobilitatechisinau.md\/?p=13962\"},\"wordCount\":209,\"publisher\":{\"@id\":\"https:\/\/mobilitatechisinau.md\/#organization\"},\"image\":{\"@id\":\"https:\/\/mobilitatechisinau.md\/?p=13962#primaryimage\"},\"thumbnailUrl\":\"https:\/\/mobilitatechisinau.md\/wp-content\/uploads\/2025\/03\/semafoare.png\",\"articleSection\":[\"Comunicate de pres\u0103\"],\"inLanguage\":\"ro-RO\"},{\"@type\":\"WebPage\",\"@id\":\"https:\/\/mobilitatechisinau.md\/?p=13962\",\"url\":\"https:\/\/mobilitatechisinau.md\/?p=13962\",\"name\":\"Lucr\u0103ri de reconstruc\u021bie a dou\u0103 intersec\u021bii semaforizate pe strada Ceucari - mobilitatechisinau.md\",\"isPartOf\":{\"@id\":\"https:\/\/mobilitatechisinau.md\/#website\"},\"primaryImageOfPage\":{\"@id\":\"https:\/\/mobilitatechisinau.md\/?p=13962#primaryimage\"},\"image\":{\"@id\":\"https:\/\/mobilitatechisinau.md\/?p=13962#primaryimage\"},\"thumbnailUrl\":\"https:\/\/mobilitatechisinau.md\/wp-content\/uploads\/2025\/03\/semafoare.png\",\"datePublished\":\"2025-03-14T06:28:14+00:00\",\"dateModified\":\"2025-03-18T06:33:02+00:00\",\"breadcrumb\":{\"@id\":\"https:\/\/mobilitatechisinau.md\/?p=13962#breadcrumb\"},\"inLanguage\":\"ro-RO\",\"potentialAction\":[{\"@type\":\"ReadAction\",\"target\":[\"https:\/\/mobilitatechisinau.md\/?p=13962\"]}]},{\"@type\":\"ImageObject\",\"inLanguage\":\"ro-RO\",\"@id\":\"https:\/\/mobilitatechisinau.md\/?p=13962#primaryimage\",\"url\":\"https:\/\/mobilitatechisinau.md\/wp-content\/uploads\/2025\/03\/semafoare.png\",\"contentUrl\":\"https:\/\/mobilitatechisinau.md\/wp-content\/uploads\/2025\/03\/semafoare.png\",\"width\":1200,\"height\":700},{\"@type\":\"BreadcrumbList\",\"@id\":\"https:\/\/mobilitatechisinau.md\/?p=13962#breadcrumb\",\"itemListElement\":[{\"@type\":\"ListItem\",\"position\":1,\"name\":\"Prima pagin\u0103\",\"item\":\"https:\/\/mobilitatechisinau.md\/\"},{\"@type\":\"ListItem\",\"position\":2,\"name\":\"Lucr\u0103ri de reconstruc\u021bie a dou\u0103 intersec\u021bii semaforizate pe strada Ceucari\"}]},{\"@type\":\"WebSite\",\"@id\":\"https:\/\/mobilitatechisinau.md\/#website\",\"url\":\"https:\/\/mobilitatechisinau.md\/\",\"name\":\"mobilitatechisinau.md\",\"description\":\"Direc\u0163ia General\u0103 Mobilitate Urban\u0103\",\"publisher\":{\"@id\":\"https:\/\/mobilitatechisinau.md\/#organization\"},\"potentialAction\":[{\"@type\":\"SearchAction\",\"target\":{\"@type\":\"EntryPoint\",\"urlTemplate\":\"https:\/\/mobilitatechisinau.md\/?s={search_term_string}\"},\"query-input\":{\"@type\":\"PropertyValueSpecification\",\"valueRequired\":true,\"valueName\":\"search_term_string\"}}],\"inLanguage\":\"ro-RO\"},{\"@type\":\"Organization\",\"@id\":\"https:\/\/mobilitatechisinau.md\/#organization\",\"name\":\"Direc\u0163ia general\u0103 transport public \u015fi c\u0103i de comunica\u0163ie\",\"url\":\"https:\/\/mobilitatechisinau.md\/\",\"logo\":{\"@type\":\"ImageObject\",\"inLanguage\":\"ro-RO\",\"@id\":\"https:\/\/mobilitatechisinau.md\/#\/schema\/logo\/image\/\",\"url\":\"https:\/\/dgtpcc.md\/wp-content\/uploads\/2022\/05\/DGTPCC-Chis\u0326ina\u0306u-new.jpg\",\"contentUrl\":\"https:\/\/dgtpcc.md\/wp-content\/uploads\/2022\/05\/DGTPCC-Chis\u0326ina\u0306u-new.jpg\",\"width\":304,\"height\":80,\"caption\":\"Direc\u0163ia general\u0103 transport public \u015fi c\u0103i de comunica\u0163ie\"},\"image\":{\"@id\":\"https:\/\/mobilitatechisinau.md\/#\/schema\/logo\/image\/\"},\"sameAs\":[\"https:\/\/www.facebook.com\/DGTPCC\"]},{\"@type\":\"Person\",\"@id\":\"https:\/\/mobilitatechisinau.md\/#\/schema\/person\/c25d28ff5553bea759689e10224709c7\",\"name\":\"dgtpcc.md\",\"image\":{\"@type\":\"ImageObject\",\"inLanguage\":\"ro-RO\",\"@id\":\"https:\/\/mobilitatechisinau.md\/#\/schema\/person\/image\/\",\"url\":\"https:\/\/secure.gravatar.com\/avatar\/9057a81ed6aa6c63f6d0d045749b3708fa15d612e3a388d9ac7b50072146c906?s=96&d=mm&r=g\",\"contentUrl\":\"https:\/\/secure.gravatar.com\/avatar\/9057a81ed6aa6c63f6d0d045749b3708fa15d612e3a388d9ac7b50072146c906?s=96&d=mm&r=g\",\"caption\":\"dgtpcc.md\"},\"sameAs\":[\"https:\/\/dgtpcc.md\"],\"url\":\"https:\/\/mobilitatechisinau.md\/?author=1\"}]}<\/script>\n<!-- \/ Yoast SEO plugin. -->","yoast_head_json":{"title":"Lucr\u0103ri de reconstruc\u021bie a dou\u0103 intersec\u021bii semaforizate pe strada Ceucari - mobilitatechisinau.md","robots":{"index":"index","follow":"follow","max-snippet":"max-snippet:-1","max-image-preview":"max-image-preview:large","max-video-preview":"max-video-preview:-1"},"canonical":"https:\/\/mobilitatechisinau.md\/?p=13962","og_locale":"ro_RO","og_type":"article","og_title":"Lucr\u0103ri de reconstruc\u021bie a dou\u0103 intersec\u021bii semaforizate pe strada Ceucari - mobilitatechisinau.md","og_description":"Dou\u0103 intersec\u021bii semaforizate de pe strada Ceucari au fost supuse unor lucr\u0103ri de reconstruc\u021bie capital\u0103, acestea nefiind modernizate din anii &#8217;90, de la momentul d\u0103rii lor \u00een exploatare. Lucr\u0103rile au inclus schimbarea integral\u0103 a infrastructurii existente, prin montarea de noi cabluri, piloni, corpuri de semafoare \u0219i controlere moderne. Astfel, la fiecare intersec\u021bie au fost instalate [&hellip;]","og_url":"https:\/\/mobilitatechisinau.md\/?p=13962","og_site_name":"mobilitatechisinau.md","article_publisher":"https:\/\/www.facebook.com\/DGTPCC","article_published_time":"2025-03-14T06:28:14+00:00","article_modified_time":"2025-03-18T06:33:02+00:00","og_image":[{"width":1200,"height":700,"url":"https:\/\/mobilitatechisinau.md\/wp-content\/uploads\/2025\/03\/semafoare.png","type":"image\/png"}],"author":"dgtpcc.md","twitter_card":"summary_large_image","twitter_misc":{"Scris de":"dgtpcc.md","Timp estimat pentru citire":"3 minute"},"schema":{"@context":"https:\/\/schema.org","@graph":[{"@type":"Article","@id":"https:\/\/mobilitatechisinau.md\/?p=13962#article","isPartOf":{"@id":"https:\/\/mobilitatechisinau.md\/?p=13962"},"author":{"name":"dgtpcc.md","@id":"https:\/\/mobilitatechisinau.md\/#\/schema\/person\/c25d28ff5553bea759689e10224709c7"},"headline":"Lucr\u0103ri de reconstruc\u021bie a dou\u0103 intersec\u021bii semaforizate pe strada Ceucari","datePublished":"2025-03-14T06:28:14+00:00","dateModified":"2025-03-18T06:33:02+00:00","mainEntityOfPage":{"@id":"https:\/\/mobilitatechisinau.md\/?p=13962"},"wordCount":209,"publisher":{"@id":"https:\/\/mobilitatechisinau.md\/#organization"},"image":{"@id":"https:\/\/mobilitatechisinau.md\/?p=13962#primaryimage"},"thumbnailUrl":"https:\/\/mobilitatechisinau.md\/wp-content\/uploads\/2025\/03\/semafoare.png","articleSection":["Comunicate de pres\u0103"],"inLanguage":"ro-RO"},{"@type":"WebPage","@id":"https:\/\/mobilitatechisinau.md\/?p=13962","url":"https:\/\/mobilitatechisinau.md\/?p=13962","name":"Lucr\u0103ri de reconstruc\u021bie a dou\u0103 intersec\u021bii semaforizate pe strada Ceucari - mobilitatechisinau.md","isPartOf":{"@id":"https:\/\/mobilitatechisinau.md\/#website"},"primaryImageOfPage":{"@id":"https:\/\/mobilitatechisinau.md\/?p=13962#primaryimage"},"image":{"@id":"https:\/\/mobilitatechisinau.md\/?p=13962#primaryimage"},"thumbnailUrl":"https:\/\/mobilitatechisinau.md\/wp-content\/uploads\/2025\/03\/semafoare.png","datePublished":"2025-03-14T06:28:14+00:00","dateModified":"2025-03-18T06:33:02+00:00","breadcrumb":{"@id":"https:\/\/mobilitatechisinau.md\/?p=13962#breadcrumb"},"inLanguage":"ro-RO","potentialAction":[{"@type":"ReadAction","target":["https:\/\/mobilitatechisinau.md\/?p=13962"]}]},{"@type":"ImageObject","inLanguage":"ro-RO","@id":"https:\/\/mobilitatechisinau.md\/?p=13962#primaryimage","url":"https:\/\/mobilitatechisinau.md\/wp-content\/uploads\/2025\/03\/semafoare.png","contentUrl":"https:\/\/mobilitatechisinau.md\/wp-content\/uploads\/2025\/03\/semafoare.png","width":1200,"height":700},{"@type":"BreadcrumbList","@id":"https:\/\/mobilitatechisinau.md\/?p=13962#breadcrumb","itemListElement":[{"@type":"ListItem","position":1,"name":"Prima pagin\u0103","item":"https:\/\/mobilitatechisinau.md\/"},{"@type":"ListItem","position":2,"name":"Lucr\u0103ri de reconstruc\u021bie a dou\u0103 intersec\u021bii semaforizate pe strada Ceucari"}]},{"@type":"WebSite","@id":"https:\/\/mobilitatechisinau.md\/#website","url":"https:\/\/mobilitatechisinau.md\/","name":"mobilitatechisinau.md","description":"Direc\u0163ia General\u0103 Mobilitate Urban\u0103","publisher":{"@id":"https:\/\/mobilitatechisinau.md\/#organization"},"potentialAction":[{"@type":"SearchAction","target":{"@type":"EntryPoint","urlTemplate":"https:\/\/mobilitatechisinau.md\/?s={search_term_string}"},"query-input":{"@type":"PropertyValueSpecification","valueRequired":true,"valueName":"search_term_string"}}],"inLanguage":"ro-RO"},{"@type":"Organization","@id":"https:\/\/mobilitatechisinau.md\/#organization","name":"Direc\u0163ia general\u0103 transport public \u015fi c\u0103i de comunica\u0163ie","url":"https:\/\/mobilitatechisinau.md\/","logo":{"@type":"ImageObject","inLanguage":"ro-RO","@id":"https:\/\/mobilitatechisinau.md\/#\/schema\/logo\/image\/","url":"https:\/\/dgtpcc.md\/wp-content\/uploads\/2022\/05\/DGTPCC-Chis\u0326ina\u0306u-new.jpg","contentUrl":"https:\/\/dgtpcc.md\/wp-content\/uploads\/2022\/05\/DGTPCC-Chis\u0326ina\u0306u-new.jpg","width":304,"height":80,"caption":"Direc\u0163ia general\u0103 transport public \u015fi c\u0103i de comunica\u0163ie"},"image":{"@id":"https:\/\/mobilitatechisinau.md\/#\/schema\/logo\/image\/"},"sameAs":["https:\/\/www.facebook.com\/DGTPCC"]},{"@type":"Person","@id":"https:\/\/mobilitatechisinau.md\/#\/schema\/person\/c25d28ff5553bea759689e10224709c7","name":"dgtpcc.md","image":{"@type":"ImageObject","inLanguage":"ro-RO","@id":"https:\/\/mobilitatechisinau.md\/#\/schema\/person\/image\/","url":"https:\/\/secure.gravatar.com\/avatar\/9057a81ed6aa6c63f6d0d045749b3708fa15d612e3a388d9ac7b50072146c906?s=96&d=mm&r=g","contentUrl":"https:\/\/secure.gravatar.com\/avatar\/9057a81ed6aa6c63f6d0d045749b3708fa15d612e3a388d9ac7b50072146c906?s=96&d=mm&r=g","caption":"dgtpcc.md"},"sameAs":["https:\/\/dgtpcc.md"],"url":"https:\/\/mobilitatechisinau.md\/?author=1"}]}},"_links":{"self":[{"href":"https:\/\/mobilitatechisinau.md\/index.php?rest_route=\/wp\/v2\/posts\/13962","targetHints":{"allow":["GET"]}}],"collection":[{"href":"https:\/\/mobilitatechisinau.md\/index.php?rest_route=\/wp\/v2\/posts"}],"about":[{"href":"https:\/\/mobilitatechisinau.md\/index.php?rest_route=\/wp\/v2\/types\/post"}],"author":[{"embeddable":true,"href":"https:\/\/mobilitatechisinau.md\/index.php?rest_route=\/wp\/v2\/users\/1"}],"replies":[{"embeddable":true,"href":"https:\/\/mobilitatechisinau.md\/index.php?rest_route=%2Fwp%2Fv2%2Fcomments&post=13962"}],"version-history":[{"count":1,"href":"https:\/\/mobilitatechisinau.md\/index.php?rest_route=\/wp\/v2\/posts\/13962\/revisions"}],"predecessor-version":[{"id":13970,"href":"https:\/\/mobilitatechisinau.md\/index.php?rest_route=\/wp\/v2\/posts\/13962\/revisions\/13970"}],"wp:featuredmedia":[{"embeddable":true,"href":"https:\/\/mobilitatechisinau.md\/index.php?rest_route=\/wp\/v2\/media\/13963"}],"wp:attachment":[{"href":"https:\/\/mobilitatechisinau.md\/index.php?rest_route=%2Fwp%2Fv2%2Fmedia&parent=13962"}],"wp:term":[{"taxonomy":"category","embeddable":true,"href":"https:\/\/mobilitatechisinau.md\/index.php?rest_route=%2Fwp%2Fv2%2Fcategories&post=13962"},{"taxonomy":"post_tag","embeddable":true,"href":"https:\/\/mobilitatechisinau.md\/index.php?rest_route=%2Fwp%2Fv2%2Ftags&post=13962"}],"curies":[{"name":"wp","href":"https:\/\/api.w.org\/{rel}","templated":true}]}}