{"id":13971,"date":"2025-03-17T08:33:24","date_gmt":"2025-03-17T06:33:24","guid":{"rendered":"https:\/\/mobilitatechisinau.md\/?p=13971"},"modified":"2025-03-18T08:38:42","modified_gmt":"2025-03-18T06:38:42","slug":"lucrari-de-reparatie-si-intretinere-a-infrastructurii-rutiere-municipale-executate-pe-parcursul-saptamanii-trecute-23","status":"publish","type":"post","link":"https:\/\/mobilitatechisinau.md\/?p=13971","title":{"rendered":"Lucr\u0103ri de repara\u021bie \u0219i \u00eentre\u021binere a infrastructurii rutiere municipale executate pe parcursul s\u0103pt\u0103m\u00e2nii trecute"},"content":{"rendered":"\n<p>\u00cen perioada 10 \u2013 16 martie 2025, drumarii Regiei \u201eExdrupo\u201d au efectuat un \u0219ir de lucr\u0103ri de \u00eentre\u021binere a infrastructurii rutiere municipale.<\/p>\n\n\n\n<p>Astfel, s-a intervenit pe 58 de str\u0103zi din ora\u0219 \u0219i suburbii, prin plomb\u0103ri cu beton asfaltic rece a a po\u021biunilor afectate de drum, pe o suprafa\u021b\u0103 total\u0103 de 660 m.p. Totodat\u0103, pe unele str\u0103zi s-au frezat denivel\u0103rile de pe suprafa\u021ba carosabil\u0103.<\/p>\n\n\n\n<p>Pe stradela Gheorghe Cucereanu din sectorul Botanica s-au realizat lucr\u0103ri de amenajare a drumului cu beton asfaltic suprimat, dup\u0103 ce anterior s-a restabilit funda\u021bia \u0219i s-a a\u0219ternut pietri\u0219 pentru consolidarea acesteia.<\/p>\n\n\n\n<p>\u00cen acela\u0219i timp, pe strada Liviu Deleanu au demarat ac\u021biunile de preg\u0103tire pentru reabilitarea integral\u0103 a carosabilului, prin \u00eenlocuirea bordurilor uzate.<\/p>\n\n\n\n<p>De asemenea, lucr\u0103ri de restabilire a bordurilor au avut loc \u0219i la parcarea public\u0103 de pe str. Ghidichici.<\/p>\n\n\n\n<p>Pentru \u00eentre\u021binerea sistemului pluvial, au fost cur\u0103\u021bate peste 90 guri de scurgere, dar \u0219i trei canale pluviale, de pe str\u0103zile Andrei Doga, Uzinelor \u0219i Cornului. Alte elemente ale re\u021belei au fost reparate.<\/p>\n\n\n\n<p>\u00cen acela\u0219i timp, mai multe str\u0103zi din ora\u0219, precum \u0219i pasajele subterane, au fost salubrizare, iar pe 67 artere principale a fost sp\u0103lat carosabilul de praf, n\u0103mol \u0219i reziduuri de material antiderapant. La fel, au fost sp\u0103late parapetele de protec\u021bie de pe Viaduct \u0219i podul Ismail, dar \u0219i delimitatoarele \u0219i pilonii de dirijare a circula\u021biei, pentru sporirea vizibilit\u0103\u021bii acestora.<\/p>\n\n\n\n<p>Odat\u0103 cu \u00eembun\u0103t\u0103\u021birea vremii, au fost demarate lucr\u0103r\u0103rile de \u00eennoire a marcajelor rutiere, preponderent la trecerile pietonale din zonele institu\u021biilor de \u00eenv\u0103\u021b\u0103m\u00e2nt, dar \u0219i pe arterele cu trafic intens. Astfel, a fost aplicat\u0103 o suprafa\u021b\u0103 total\u0103 de 3 450 m.p. marcaje longitudinale, transversale \u0219i diverse pe bd. Dacia, Viaduct, dar \u0219i pe alte str\u0103zi din ora\u0219.<\/p>\n\n\n\n<p>Tot pentru sporirea siguran\u021bei \u00een trafic, au fost reparate 90 de indicatoare rutiere, iar \u00een locul celor deteriorate sau sustrase, au fost montate 32 indicatoare noi.<\/p>\n\n\n\n<p>Lucr\u0103rile de \u00eentre\u021binere a infrastructurii rutiere vor continua.<\/p>\n\n\n\n<iframe src=\"https:\/\/www.facebook.com\/plugins\/video.php?height=314&#038;href=https%3A%2F%2Fwww.facebook.com%2Fmobilitychisinau%2Fvideos%2F642299968714701%2F&#038;show_text=false&#038;width=560&#038;t=0\" width=\"560\" height=\"314\" style=\"border:none;overflow:hidden\" scrolling=\"no\" frameborder=\"0\" allowfullscreen=\"true\" allow=\"autoplay; clipboard-write; encrypted-media; picture-in-picture; web-share\" allowFullScreen=\"true\"><\/iframe>\n\n\n\n<figure class=\"wp-block-gallery has-nested-images columns-default is-cropped wp-block-gallery-1 is-layout-flex wp-block-gallery-is-layout-flex\">\n<figure class=\"wp-block-image size-large\"><img fetchpriority=\"high\" decoding=\"async\" width=\"525\" height=\"700\" data-id=\"13975\" src=\"https:\/\/mobilitatechisinau.md\/wp-content\/uploads\/2025\/03\/2-1.jpg\" alt=\"\" class=\"wp-image-13975\" srcset=\"https:\/\/mobilitatechisinau.md\/wp-content\/uploads\/2025\/03\/2-1.jpg 525w, https:\/\/mobilitatechisinau.md\/wp-content\/uploads\/2025\/03\/2-1-225x300.jpg 225w, https:\/\/mobilitatechisinau.md\/wp-content\/uploads\/2025\/03\/2-1-9x12.jpg 9w, https:\/\/mobilitatechisinau.md\/wp-content\/uploads\/2025\/03\/2-1-262x350.jpg 262w\" sizes=\"(max-width: 525px) 100vw, 525px\" \/><\/figure>\n\n\n\n<figure class=\"wp-block-image size-large\"><img decoding=\"async\" width=\"525\" height=\"700\" data-id=\"13977\" src=\"https:\/\/mobilitatechisinau.md\/wp-content\/uploads\/2025\/03\/3-1.jpg\" alt=\"\" class=\"wp-image-13977\" srcset=\"https:\/\/mobilitatechisinau.md\/wp-content\/uploads\/2025\/03\/3-1.jpg 525w, https:\/\/mobilitatechisinau.md\/wp-content\/uploads\/2025\/03\/3-1-225x300.jpg 225w, https:\/\/mobilitatechisinau.md\/wp-content\/uploads\/2025\/03\/3-1-9x12.jpg 9w, https:\/\/mobilitatechisinau.md\/wp-content\/uploads\/2025\/03\/3-1-262x350.jpg 262w\" sizes=\"(max-width: 525px) 100vw, 525px\" \/><\/figure>\n\n\n\n<figure class=\"wp-block-image size-large\"><img decoding=\"async\" width=\"525\" height=\"700\" data-id=\"13979\" src=\"https:\/\/mobilitatechisinau.md\/wp-content\/uploads\/2025\/03\/4.jpg\" alt=\"\" class=\"wp-image-13979\" srcset=\"https:\/\/mobilitatechisinau.md\/wp-content\/uploads\/2025\/03\/4.jpg 525w, https:\/\/mobilitatechisinau.md\/wp-content\/uploads\/2025\/03\/4-225x300.jpg 225w, https:\/\/mobilitatechisinau.md\/wp-content\/uploads\/2025\/03\/4-9x12.jpg 9w, https:\/\/mobilitatechisinau.md\/wp-content\/uploads\/2025\/03\/4-262x350.jpg 262w\" sizes=\"(max-width: 525px) 100vw, 525px\" \/><\/figure>\n\n\n\n<figure class=\"wp-block-image size-large\"><img loading=\"lazy\" decoding=\"async\" width=\"525\" height=\"700\" data-id=\"13976\" src=\"https:\/\/mobilitatechisinau.md\/wp-content\/uploads\/2025\/03\/5-1.jpg\" alt=\"\" class=\"wp-image-13976\" srcset=\"https:\/\/mobilitatechisinau.md\/wp-content\/uploads\/2025\/03\/5-1.jpg 525w, https:\/\/mobilitatechisinau.md\/wp-content\/uploads\/2025\/03\/5-1-225x300.jpg 225w, https:\/\/mobilitatechisinau.md\/wp-content\/uploads\/2025\/03\/5-1-9x12.jpg 9w, https:\/\/mobilitatechisinau.md\/wp-content\/uploads\/2025\/03\/5-1-262x350.jpg 262w\" sizes=\"(max-width: 525px) 100vw, 525px\" \/><\/figure>\n\n\n\n<figure class=\"wp-block-image size-large\"><img loading=\"lazy\" decoding=\"async\" width=\"525\" height=\"700\" data-id=\"13978\" src=\"https:\/\/mobilitatechisinau.md\/wp-content\/uploads\/2025\/03\/6-1.jpg\" alt=\"\" class=\"wp-image-13978\" srcset=\"https:\/\/mobilitatechisinau.md\/wp-content\/uploads\/2025\/03\/6-1.jpg 525w, https:\/\/mobilitatechisinau.md\/wp-content\/uploads\/2025\/03\/6-1-225x300.jpg 225w, https:\/\/mobilitatechisinau.md\/wp-content\/uploads\/2025\/03\/6-1-9x12.jpg 9w, https:\/\/mobilitatechisinau.md\/wp-content\/uploads\/2025\/03\/6-1-262x350.jpg 262w\" sizes=\"(max-width: 525px) 100vw, 525px\" \/><\/figure>\n\n\n\n<figure class=\"wp-block-image size-large\"><img loading=\"lazy\" decoding=\"async\" width=\"525\" height=\"700\" data-id=\"13974\" src=\"https:\/\/mobilitatechisinau.md\/wp-content\/uploads\/2025\/03\/7-1.jpg\" alt=\"\" class=\"wp-image-13974\" srcset=\"https:\/\/mobilitatechisinau.md\/wp-content\/uploads\/2025\/03\/7-1.jpg 525w, https:\/\/mobilitatechisinau.md\/wp-content\/uploads\/2025\/03\/7-1-225x300.jpg 225w, https:\/\/mobilitatechisinau.md\/wp-content\/uploads\/2025\/03\/7-1-9x12.jpg 9w, https:\/\/mobilitatechisinau.md\/wp-content\/uploads\/2025\/03\/7-1-262x350.jpg 262w\" sizes=\"(max-width: 525px) 100vw, 525px\" \/><\/figure>\n<\/figure>\n","protected":false},"excerpt":{"rendered":"<p>\u00cen perioada 10 \u2013 16 martie 2025, drumarii Regiei \u201eExdrupo\u201d au efectuat un \u0219ir de lucr\u0103ri de \u00eentre\u021binere a infrastructurii rutiere municipale. Astfel, s-a intervenit pe 58 de str\u0103zi din ora\u0219 \u0219i suburbii, prin plomb\u0103ri cu beton asfaltic rece a a po\u021biunilor afectate de drum, pe o suprafa\u021b\u0103 total\u0103 de 660 m.p. Totodat\u0103, pe unele [&hellip;]<\/p>\n","protected":false},"author":1,"featured_media":13973,"comment_status":"closed","ping_status":"open","sticky":false,"template":"","format":"standard","meta":{"footnotes":""},"categories":[92],"tags":[],"class_list":["post-13971","post","type-post","status-publish","format-standard","has-post-thumbnail","hentry","category-comunicate"],"yoast_head":"<!-- This site is optimized with the Yoast SEO plugin v23.9 - https:\/\/yoast.com\/wordpress\/plugins\/seo\/ -->\n<title>Lucr\u0103ri de repara\u021bie \u0219i \u00eentre\u021binere a infrastructurii rutiere municipale executate pe parcursul s\u0103pt\u0103m\u00e2nii trecute - mobilitatechisinau.md<\/title>\n<meta name=\"robots\" content=\"index, follow, max-snippet:-1, max-image-preview:large, max-video-preview:-1\" \/>\n<link rel=\"canonical\" href=\"https:\/\/mobilitatechisinau.md\/?p=13971\" \/>\n<meta property=\"og:locale\" content=\"ro_RO\" \/>\n<meta property=\"og:type\" content=\"article\" \/>\n<meta property=\"og:title\" content=\"Lucr\u0103ri de repara\u021bie \u0219i \u00eentre\u021binere a infrastructurii rutiere municipale executate pe parcursul s\u0103pt\u0103m\u00e2nii trecute - mobilitatechisinau.md\" \/>\n<meta property=\"og:description\" content=\"\u00cen perioada 10 \u2013 16 martie 2025, drumarii Regiei \u201eExdrupo\u201d au efectuat un \u0219ir de lucr\u0103ri de \u00eentre\u021binere a infrastructurii rutiere municipale. Astfel, s-a intervenit pe 58 de str\u0103zi din ora\u0219 \u0219i suburbii, prin plomb\u0103ri cu beton asfaltic rece a a po\u021biunilor afectate de drum, pe o suprafa\u021b\u0103 total\u0103 de 660 m.p. Totodat\u0103, pe unele [&hellip;]\" \/>\n<meta property=\"og:url\" content=\"https:\/\/mobilitatechisinau.md\/?p=13971\" \/>\n<meta property=\"og:site_name\" content=\"mobilitatechisinau.md\" \/>\n<meta property=\"article:publisher\" content=\"https:\/\/www.facebook.com\/DGTPCC\" \/>\n<meta property=\"article:published_time\" content=\"2025-03-17T06:33:24+00:00\" \/>\n<meta property=\"article:modified_time\" content=\"2025-03-18T06:38:42+00:00\" \/>\n<meta property=\"og:image\" content=\"https:\/\/mobilitatechisinau.md\/wp-content\/uploads\/2025\/03\/17-martie.png\" \/>\n\t<meta property=\"og:image:width\" content=\"1200\" \/>\n\t<meta property=\"og:image:height\" content=\"700\" \/>\n\t<meta property=\"og:image:type\" content=\"image\/png\" \/>\n<meta name=\"author\" content=\"dgtpcc.md\" \/>\n<meta name=\"twitter:card\" content=\"summary_large_image\" \/>\n<meta name=\"twitter:label1\" content=\"Scris de\" \/>\n\t<meta name=\"twitter:data1\" content=\"dgtpcc.md\" \/>\n\t<meta name=\"twitter:label2\" content=\"Timp estimat pentru citire\" \/>\n\t<meta name=\"twitter:data2\" content=\"4 minute\" \/>\n<script type=\"application\/ld+json\" class=\"yoast-schema-graph\">{\"@context\":\"https:\/\/schema.org\",\"@graph\":[{\"@type\":\"Article\",\"@id\":\"https:\/\/mobilitatechisinau.md\/?p=13971#article\",\"isPartOf\":{\"@id\":\"https:\/\/mobilitatechisinau.md\/?p=13971\"},\"author\":{\"name\":\"dgtpcc.md\",\"@id\":\"https:\/\/mobilitatechisinau.md\/#\/schema\/person\/c25d28ff5553bea759689e10224709c7\"},\"headline\":\"Lucr\u0103ri de repara\u021bie \u0219i \u00eentre\u021binere a infrastructurii rutiere municipale executate pe parcursul s\u0103pt\u0103m\u00e2nii trecute\",\"datePublished\":\"2025-03-17T06:33:24+00:00\",\"dateModified\":\"2025-03-18T06:38:42+00:00\",\"mainEntityOfPage\":{\"@id\":\"https:\/\/mobilitatechisinau.md\/?p=13971\"},\"wordCount\":362,\"publisher\":{\"@id\":\"https:\/\/mobilitatechisinau.md\/#organization\"},\"image\":{\"@id\":\"https:\/\/mobilitatechisinau.md\/?p=13971#primaryimage\"},\"thumbnailUrl\":\"https:\/\/mobilitatechisinau.md\/wp-content\/uploads\/2025\/03\/17-martie.png\",\"articleSection\":[\"Comunicate de pres\u0103\"],\"inLanguage\":\"ro-RO\"},{\"@type\":\"WebPage\",\"@id\":\"https:\/\/mobilitatechisinau.md\/?p=13971\",\"url\":\"https:\/\/mobilitatechisinau.md\/?p=13971\",\"name\":\"Lucr\u0103ri de repara\u021bie \u0219i \u00eentre\u021binere a infrastructurii rutiere municipale executate pe parcursul s\u0103pt\u0103m\u00e2nii trecute - mobilitatechisinau.md\",\"isPartOf\":{\"@id\":\"https:\/\/mobilitatechisinau.md\/#website\"},\"primaryImageOfPage\":{\"@id\":\"https:\/\/mobilitatechisinau.md\/?p=13971#primaryimage\"},\"image\":{\"@id\":\"https:\/\/mobilitatechisinau.md\/?p=13971#primaryimage\"},\"thumbnailUrl\":\"https:\/\/mobilitatechisinau.md\/wp-content\/uploads\/2025\/03\/17-martie.png\",\"datePublished\":\"2025-03-17T06:33:24+00:00\",\"dateModified\":\"2025-03-18T06:38:42+00:00\",\"breadcrumb\":{\"@id\":\"https:\/\/mobilitatechisinau.md\/?p=13971#breadcrumb\"},\"inLanguage\":\"ro-RO\",\"potentialAction\":[{\"@type\":\"ReadAction\",\"target\":[\"https:\/\/mobilitatechisinau.md\/?p=13971\"]}]},{\"@type\":\"ImageObject\",\"inLanguage\":\"ro-RO\",\"@id\":\"https:\/\/mobilitatechisinau.md\/?p=13971#primaryimage\",\"url\":\"https:\/\/mobilitatechisinau.md\/wp-content\/uploads\/2025\/03\/17-martie.png\",\"contentUrl\":\"https:\/\/mobilitatechisinau.md\/wp-content\/uploads\/2025\/03\/17-martie.png\",\"width\":1200,\"height\":700},{\"@type\":\"BreadcrumbList\",\"@id\":\"https:\/\/mobilitatechisinau.md\/?p=13971#breadcrumb\",\"itemListElement\":[{\"@type\":\"ListItem\",\"position\":1,\"name\":\"Prima pagin\u0103\",\"item\":\"https:\/\/mobilitatechisinau.md\/\"},{\"@type\":\"ListItem\",\"position\":2,\"name\":\"Lucr\u0103ri de repara\u021bie \u0219i \u00eentre\u021binere a infrastructurii rutiere municipale executate pe parcursul s\u0103pt\u0103m\u00e2nii trecute\"}]},{\"@type\":\"WebSite\",\"@id\":\"https:\/\/mobilitatechisinau.md\/#website\",\"url\":\"https:\/\/mobilitatechisinau.md\/\",\"name\":\"mobilitatechisinau.md\",\"description\":\"Direc\u0163ia General\u0103 Mobilitate Urban\u0103\",\"publisher\":{\"@id\":\"https:\/\/mobilitatechisinau.md\/#organization\"},\"potentialAction\":[{\"@type\":\"SearchAction\",\"target\":{\"@type\":\"EntryPoint\",\"urlTemplate\":\"https:\/\/mobilitatechisinau.md\/?s={search_term_string}\"},\"query-input\":{\"@type\":\"PropertyValueSpecification\",\"valueRequired\":true,\"valueName\":\"search_term_string\"}}],\"inLanguage\":\"ro-RO\"},{\"@type\":\"Organization\",\"@id\":\"https:\/\/mobilitatechisinau.md\/#organization\",\"name\":\"Direc\u0163ia general\u0103 transport public \u015fi c\u0103i de comunica\u0163ie\",\"url\":\"https:\/\/mobilitatechisinau.md\/\",\"logo\":{\"@type\":\"ImageObject\",\"inLanguage\":\"ro-RO\",\"@id\":\"https:\/\/mobilitatechisinau.md\/#\/schema\/logo\/image\/\",\"url\":\"https:\/\/dgtpcc.md\/wp-content\/uploads\/2022\/05\/DGTPCC-Chis\u0326ina\u0306u-new.jpg\",\"contentUrl\":\"https:\/\/dgtpcc.md\/wp-content\/uploads\/2022\/05\/DGTPCC-Chis\u0326ina\u0306u-new.jpg\",\"width\":304,\"height\":80,\"caption\":\"Direc\u0163ia general\u0103 transport public \u015fi c\u0103i de comunica\u0163ie\"},\"image\":{\"@id\":\"https:\/\/mobilitatechisinau.md\/#\/schema\/logo\/image\/\"},\"sameAs\":[\"https:\/\/www.facebook.com\/DGTPCC\"]},{\"@type\":\"Person\",\"@id\":\"https:\/\/mobilitatechisinau.md\/#\/schema\/person\/c25d28ff5553bea759689e10224709c7\",\"name\":\"dgtpcc.md\",\"image\":{\"@type\":\"ImageObject\",\"inLanguage\":\"ro-RO\",\"@id\":\"https:\/\/mobilitatechisinau.md\/#\/schema\/person\/image\/\",\"url\":\"https:\/\/secure.gravatar.com\/avatar\/9057a81ed6aa6c63f6d0d045749b3708fa15d612e3a388d9ac7b50072146c906?s=96&d=mm&r=g\",\"contentUrl\":\"https:\/\/secure.gravatar.com\/avatar\/9057a81ed6aa6c63f6d0d045749b3708fa15d612e3a388d9ac7b50072146c906?s=96&d=mm&r=g\",\"caption\":\"dgtpcc.md\"},\"sameAs\":[\"https:\/\/dgtpcc.md\"],\"url\":\"https:\/\/mobilitatechisinau.md\/?author=1\"}]}<\/script>\n<!-- \/ Yoast SEO plugin. -->","yoast_head_json":{"title":"Lucr\u0103ri de repara\u021bie \u0219i \u00eentre\u021binere a infrastructurii rutiere municipale executate pe parcursul s\u0103pt\u0103m\u00e2nii trecute - mobilitatechisinau.md","robots":{"index":"index","follow":"follow","max-snippet":"max-snippet:-1","max-image-preview":"max-image-preview:large","max-video-preview":"max-video-preview:-1"},"canonical":"https:\/\/mobilitatechisinau.md\/?p=13971","og_locale":"ro_RO","og_type":"article","og_title":"Lucr\u0103ri de repara\u021bie \u0219i \u00eentre\u021binere a infrastructurii rutiere municipale executate pe parcursul s\u0103pt\u0103m\u00e2nii trecute - mobilitatechisinau.md","og_description":"\u00cen perioada 10 \u2013 16 martie 2025, drumarii Regiei \u201eExdrupo\u201d au efectuat un \u0219ir de lucr\u0103ri de \u00eentre\u021binere a infrastructurii rutiere municipale. Astfel, s-a intervenit pe 58 de str\u0103zi din ora\u0219 \u0219i suburbii, prin plomb\u0103ri cu beton asfaltic rece a a po\u021biunilor afectate de drum, pe o suprafa\u021b\u0103 total\u0103 de 660 m.p. Totodat\u0103, pe unele [&hellip;]","og_url":"https:\/\/mobilitatechisinau.md\/?p=13971","og_site_name":"mobilitatechisinau.md","article_publisher":"https:\/\/www.facebook.com\/DGTPCC","article_published_time":"2025-03-17T06:33:24+00:00","article_modified_time":"2025-03-18T06:38:42+00:00","og_image":[{"width":1200,"height":700,"url":"https:\/\/mobilitatechisinau.md\/wp-content\/uploads\/2025\/03\/17-martie.png","type":"image\/png"}],"author":"dgtpcc.md","twitter_card":"summary_large_image","twitter_misc":{"Scris de":"dgtpcc.md","Timp estimat pentru citire":"4 minute"},"schema":{"@context":"https:\/\/schema.org","@graph":[{"@type":"Article","@id":"https:\/\/mobilitatechisinau.md\/?p=13971#article","isPartOf":{"@id":"https:\/\/mobilitatechisinau.md\/?p=13971"},"author":{"name":"dgtpcc.md","@id":"https:\/\/mobilitatechisinau.md\/#\/schema\/person\/c25d28ff5553bea759689e10224709c7"},"headline":"Lucr\u0103ri de repara\u021bie \u0219i \u00eentre\u021binere a infrastructurii rutiere municipale executate pe parcursul s\u0103pt\u0103m\u00e2nii trecute","datePublished":"2025-03-17T06:33:24+00:00","dateModified":"2025-03-18T06:38:42+00:00","mainEntityOfPage":{"@id":"https:\/\/mobilitatechisinau.md\/?p=13971"},"wordCount":362,"publisher":{"@id":"https:\/\/mobilitatechisinau.md\/#organization"},"image":{"@id":"https:\/\/mobilitatechisinau.md\/?p=13971#primaryimage"},"thumbnailUrl":"https:\/\/mobilitatechisinau.md\/wp-content\/uploads\/2025\/03\/17-martie.png","articleSection":["Comunicate de pres\u0103"],"inLanguage":"ro-RO"},{"@type":"WebPage","@id":"https:\/\/mobilitatechisinau.md\/?p=13971","url":"https:\/\/mobilitatechisinau.md\/?p=13971","name":"Lucr\u0103ri de repara\u021bie \u0219i \u00eentre\u021binere a infrastructurii rutiere municipale executate pe parcursul s\u0103pt\u0103m\u00e2nii trecute - mobilitatechisinau.md","isPartOf":{"@id":"https:\/\/mobilitatechisinau.md\/#website"},"primaryImageOfPage":{"@id":"https:\/\/mobilitatechisinau.md\/?p=13971#primaryimage"},"image":{"@id":"https:\/\/mobilitatechisinau.md\/?p=13971#primaryimage"},"thumbnailUrl":"https:\/\/mobilitatechisinau.md\/wp-content\/uploads\/2025\/03\/17-martie.png","datePublished":"2025-03-17T06:33:24+00:00","dateModified":"2025-03-18T06:38:42+00:00","breadcrumb":{"@id":"https:\/\/mobilitatechisinau.md\/?p=13971#breadcrumb"},"inLanguage":"ro-RO","potentialAction":[{"@type":"ReadAction","target":["https:\/\/mobilitatechisinau.md\/?p=13971"]}]},{"@type":"ImageObject","inLanguage":"ro-RO","@id":"https:\/\/mobilitatechisinau.md\/?p=13971#primaryimage","url":"https:\/\/mobilitatechisinau.md\/wp-content\/uploads\/2025\/03\/17-martie.png","contentUrl":"https:\/\/mobilitatechisinau.md\/wp-content\/uploads\/2025\/03\/17-martie.png","width":1200,"height":700},{"@type":"BreadcrumbList","@id":"https:\/\/mobilitatechisinau.md\/?p=13971#breadcrumb","itemListElement":[{"@type":"ListItem","position":1,"name":"Prima pagin\u0103","item":"https:\/\/mobilitatechisinau.md\/"},{"@type":"ListItem","position":2,"name":"Lucr\u0103ri de repara\u021bie \u0219i \u00eentre\u021binere a infrastructurii rutiere municipale executate pe parcursul s\u0103pt\u0103m\u00e2nii trecute"}]},{"@type":"WebSite","@id":"https:\/\/mobilitatechisinau.md\/#website","url":"https:\/\/mobilitatechisinau.md\/","name":"mobilitatechisinau.md","description":"Direc\u0163ia General\u0103 Mobilitate Urban\u0103","publisher":{"@id":"https:\/\/mobilitatechisinau.md\/#organization"},"potentialAction":[{"@type":"SearchAction","target":{"@type":"EntryPoint","urlTemplate":"https:\/\/mobilitatechisinau.md\/?s={search_term_string}"},"query-input":{"@type":"PropertyValueSpecification","valueRequired":true,"valueName":"search_term_string"}}],"inLanguage":"ro-RO"},{"@type":"Organization","@id":"https:\/\/mobilitatechisinau.md\/#organization","name":"Direc\u0163ia general\u0103 transport public \u015fi c\u0103i de comunica\u0163ie","url":"https:\/\/mobilitatechisinau.md\/","logo":{"@type":"ImageObject","inLanguage":"ro-RO","@id":"https:\/\/mobilitatechisinau.md\/#\/schema\/logo\/image\/","url":"https:\/\/dgtpcc.md\/wp-content\/uploads\/2022\/05\/DGTPCC-Chis\u0326ina\u0306u-new.jpg","contentUrl":"https:\/\/dgtpcc.md\/wp-content\/uploads\/2022\/05\/DGTPCC-Chis\u0326ina\u0306u-new.jpg","width":304,"height":80,"caption":"Direc\u0163ia general\u0103 transport public \u015fi c\u0103i de comunica\u0163ie"},"image":{"@id":"https:\/\/mobilitatechisinau.md\/#\/schema\/logo\/image\/"},"sameAs":["https:\/\/www.facebook.com\/DGTPCC"]},{"@type":"Person","@id":"https:\/\/mobilitatechisinau.md\/#\/schema\/person\/c25d28ff5553bea759689e10224709c7","name":"dgtpcc.md","image":{"@type":"ImageObject","inLanguage":"ro-RO","@id":"https:\/\/mobilitatechisinau.md\/#\/schema\/person\/image\/","url":"https:\/\/secure.gravatar.com\/avatar\/9057a81ed6aa6c63f6d0d045749b3708fa15d612e3a388d9ac7b50072146c906?s=96&d=mm&r=g","contentUrl":"https:\/\/secure.gravatar.com\/avatar\/9057a81ed6aa6c63f6d0d045749b3708fa15d612e3a388d9ac7b50072146c906?s=96&d=mm&r=g","caption":"dgtpcc.md"},"sameAs":["https:\/\/dgtpcc.md"],"url":"https:\/\/mobilitatechisinau.md\/?author=1"}]}},"_links":{"self":[{"href":"https:\/\/mobilitatechisinau.md\/index.php?rest_route=\/wp\/v2\/posts\/13971","targetHints":{"allow":["GET"]}}],"collection":[{"href":"https:\/\/mobilitatechisinau.md\/index.php?rest_route=\/wp\/v2\/posts"}],"about":[{"href":"https:\/\/mobilitatechisinau.md\/index.php?rest_route=\/wp\/v2\/types\/post"}],"author":[{"embeddable":true,"href":"https:\/\/mobilitatechisinau.md\/index.php?rest_route=\/wp\/v2\/users\/1"}],"replies":[{"embeddable":true,"href":"https:\/\/mobilitatechisinau.md\/index.php?rest_route=%2Fwp%2Fv2%2Fcomments&post=13971"}],"version-history":[{"count":1,"href":"https:\/\/mobilitatechisinau.md\/index.php?rest_route=\/wp\/v2\/posts\/13971\/revisions"}],"predecessor-version":[{"id":13980,"href":"https:\/\/mobilitatechisinau.md\/index.php?rest_route=\/wp\/v2\/posts\/13971\/revisions\/13980"}],"wp:featuredmedia":[{"embeddable":true,"href":"https:\/\/mobilitatechisinau.md\/index.php?rest_route=\/wp\/v2\/media\/13973"}],"wp:attachment":[{"href":"https:\/\/mobilitatechisinau.md\/index.php?rest_route=%2Fwp%2Fv2%2Fmedia&parent=13971"}],"wp:term":[{"taxonomy":"category","embeddable":true,"href":"https:\/\/mobilitatechisinau.md\/index.php?rest_route=%2Fwp%2Fv2%2Fcategories&post=13971"},{"taxonomy":"post_tag","embeddable":true,"href":"https:\/\/mobilitatechisinau.md\/index.php?rest_route=%2Fwp%2Fv2%2Ftags&post=13971"}],"curies":[{"name":"wp","href":"https:\/\/api.w.org\/{rel}","templated":true}]}}