{"id":14011,"date":"2025-03-24T08:06:12","date_gmt":"2025-03-24T06:06:12","guid":{"rendered":"https:\/\/mobilitatechisinau.md\/?p=14011"},"modified":"2025-03-28T08:10:55","modified_gmt":"2025-03-28T06:10:55","slug":"lucrari-de-reparatie-si-intretinere-a-infrastructurii-rutiere-municipale-executate-pe-parcursul-saptamanii-trecute-24","status":"publish","type":"post","link":"https:\/\/mobilitatechisinau.md\/?p=14011","title":{"rendered":"Lucr\u0103ri de repara\u021bie \u0219i \u00eentre\u021binere a infrastructurii rutiere municipale executate pe parcursul s\u0103pt\u0103m\u00e2nii trecute"},"content":{"rendered":"\n<p>\u00cen perioada 17 &#8211; 23 martie 2025, Regia \u201eExdrupo\u201d a continuat ac\u021biunile de \u00eentre\u021binere a infrastructurii rutiere municipale, intervenind pe mai multe artere principale \u0219i secundare din municipiu Chi\u0219in\u0103u.<\/p>\n\n\n\n<p>Astfel, au fost efectuate plomb\u0103ri cu beton asfaltic rece pe o suprafa\u021b\u0103 total\u0103 de 377 m.p., iar pe unele str\u0103zi s-au frezat denivel\u0103rile de pe partea carosabil\u0103.<\/p>\n\n\n\n<p>Pe drumul de acces spre com Bubuieci s-a lucrat la amenajarea acostamentului \u00een pietri\u0219, fiind monate \u0219i bare de protec\u021bie.<\/p>\n\n\n\n<p>Pe strada Liviu Deleanu au continuat lucr\u0103rile de repara\u021bie a bordurilor, fiind \u00eenlocuite peste 80 de borduri mari.<\/p>\n\n\n\n<p>Ac\u021biuni de restabilire a bordurilor au avut loc \u0219i pe str\u0103zile Ghidichici, Bucuriei, Ion Creang\u0103, 27 Martie 1918 \u0219i Albi\u0219oara.<\/p>\n\n\n\n<p>Pentru \u00eentre\u021binerea sistemului pluvial, au fost cur\u0103\u021bate 600 guri \u00een de scurgere \u00een diferite sectoare ale municipiului, iar pe unele str\u0103zi s-au executat lucr\u0103ri de repara\u021bie a canaliz\u0103rii pluviale, prin montarea de grilaje \u0219i elemente din beton.<\/p>\n\n\n\n<p>De asemenea, a fost efectuat\u0103 salubrizarea manual\u0103 a carosabilului \u0219i trotuarelor pe mai multe str\u0103zi, dar \u0219i a pasajelor subterane, iar parapetele de protec\u021bie de pe \u0218os. H\u00eence\u0219ti, Calea Mo\u0219ilor \u0219i Viaduct, dar \u0219i pilonii de protec\u021bie de pe str. Miori\u021ba, au fost sp\u0103la\u021bi pentru cre\u0219terea vizibilit\u0103\u021bii acestora.<\/p>\n\n\n\n<p>Pentru siguran\u021ba traficului, s-au executat lucr\u0103ri de refacere a marcajelor rutiere pe mai multe artere principale, inclusiv treceri de pietoni, linii de ghidare \u0219i separatoare de benzi. \u00cen total, s-au aplicat marcaje pe o suprafa\u021b\u0103 de peste 1900 m.p. pe str\u0103zile Dacia, Doina \u0219i Socoleni.<\/p>\n\n\n\n<p>Tot pentru sporirea siguran\u021bei rutiere, au fost reparate 132 de indicatoare rutiere, iar alte 74 au fost montate noi.<\/p>\n\n\n\n<p>Lucr\u0103rile de \u00eentre\u021binere a infrastructurii vor continua.<\/p>\n\n\n\n<figure class=\"wp-block-gallery has-nested-images columns-default is-cropped wp-block-gallery-1 is-layout-flex wp-block-gallery-is-layout-flex\">\n<figure class=\"wp-block-image size-full\"><img fetchpriority=\"high\" decoding=\"async\" width=\"525\" height=\"700\" data-id=\"14016\" src=\"https:\/\/mobilitatechisinau.md\/wp-content\/uploads\/2025\/03\/1-1.jpg\" alt=\"\" class=\"wp-image-14016\" srcset=\"https:\/\/mobilitatechisinau.md\/wp-content\/uploads\/2025\/03\/1-1.jpg 525w, https:\/\/mobilitatechisinau.md\/wp-content\/uploads\/2025\/03\/1-1-225x300.jpg 225w, https:\/\/mobilitatechisinau.md\/wp-content\/uploads\/2025\/03\/1-1-9x12.jpg 9w, https:\/\/mobilitatechisinau.md\/wp-content\/uploads\/2025\/03\/1-1-262x350.jpg 262w\" sizes=\"(max-width: 525px) 100vw, 525px\" \/><\/figure>\n\n\n\n<figure class=\"wp-block-image size-full\"><img decoding=\"async\" width=\"525\" height=\"700\" data-id=\"14018\" src=\"https:\/\/mobilitatechisinau.md\/wp-content\/uploads\/2025\/03\/2-2.jpg\" alt=\"\" class=\"wp-image-14018\" srcset=\"https:\/\/mobilitatechisinau.md\/wp-content\/uploads\/2025\/03\/2-2.jpg 525w, https:\/\/mobilitatechisinau.md\/wp-content\/uploads\/2025\/03\/2-2-225x300.jpg 225w, https:\/\/mobilitatechisinau.md\/wp-content\/uploads\/2025\/03\/2-2-9x12.jpg 9w, https:\/\/mobilitatechisinau.md\/wp-content\/uploads\/2025\/03\/2-2-262x350.jpg 262w\" sizes=\"(max-width: 525px) 100vw, 525px\" \/><\/figure>\n\n\n\n<figure class=\"wp-block-image size-full\"><img decoding=\"async\" width=\"525\" height=\"700\" data-id=\"14013\" src=\"https:\/\/mobilitatechisinau.md\/wp-content\/uploads\/2025\/03\/3-2.jpg\" alt=\"\" class=\"wp-image-14013\" srcset=\"https:\/\/mobilitatechisinau.md\/wp-content\/uploads\/2025\/03\/3-2.jpg 525w, https:\/\/mobilitatechisinau.md\/wp-content\/uploads\/2025\/03\/3-2-225x300.jpg 225w, https:\/\/mobilitatechisinau.md\/wp-content\/uploads\/2025\/03\/3-2-9x12.jpg 9w, https:\/\/mobilitatechisinau.md\/wp-content\/uploads\/2025\/03\/3-2-262x350.jpg 262w\" sizes=\"(max-width: 525px) 100vw, 525px\" \/><\/figure>\n\n\n\n<figure class=\"wp-block-image size-full\"><img loading=\"lazy\" decoding=\"async\" width=\"525\" height=\"700\" data-id=\"14015\" src=\"https:\/\/mobilitatechisinau.md\/wp-content\/uploads\/2025\/03\/4-1.jpg\" alt=\"\" class=\"wp-image-14015\" srcset=\"https:\/\/mobilitatechisinau.md\/wp-content\/uploads\/2025\/03\/4-1.jpg 525w, https:\/\/mobilitatechisinau.md\/wp-content\/uploads\/2025\/03\/4-1-225x300.jpg 225w, https:\/\/mobilitatechisinau.md\/wp-content\/uploads\/2025\/03\/4-1-9x12.jpg 9w, https:\/\/mobilitatechisinau.md\/wp-content\/uploads\/2025\/03\/4-1-262x350.jpg 262w\" sizes=\"(max-width: 525px) 100vw, 525px\" \/><\/figure>\n\n\n\n<figure class=\"wp-block-image size-full\"><img loading=\"lazy\" decoding=\"async\" width=\"525\" height=\"700\" data-id=\"14017\" src=\"https:\/\/mobilitatechisinau.md\/wp-content\/uploads\/2025\/03\/5-2.jpg\" alt=\"\" class=\"wp-image-14017\" srcset=\"https:\/\/mobilitatechisinau.md\/wp-content\/uploads\/2025\/03\/5-2.jpg 525w, https:\/\/mobilitatechisinau.md\/wp-content\/uploads\/2025\/03\/5-2-225x300.jpg 225w, https:\/\/mobilitatechisinau.md\/wp-content\/uploads\/2025\/03\/5-2-9x12.jpg 9w, https:\/\/mobilitatechisinau.md\/wp-content\/uploads\/2025\/03\/5-2-262x350.jpg 262w\" sizes=\"(max-width: 525px) 100vw, 525px\" \/><\/figure>\n\n\n\n<figure class=\"wp-block-image size-full\"><img loading=\"lazy\" decoding=\"async\" width=\"525\" height=\"700\" data-id=\"14014\" src=\"https:\/\/mobilitatechisinau.md\/wp-content\/uploads\/2025\/03\/6-2.jpg\" alt=\"\" class=\"wp-image-14014\" srcset=\"https:\/\/mobilitatechisinau.md\/wp-content\/uploads\/2025\/03\/6-2.jpg 525w, https:\/\/mobilitatechisinau.md\/wp-content\/uploads\/2025\/03\/6-2-225x300.jpg 225w, https:\/\/mobilitatechisinau.md\/wp-content\/uploads\/2025\/03\/6-2-9x12.jpg 9w, https:\/\/mobilitatechisinau.md\/wp-content\/uploads\/2025\/03\/6-2-262x350.jpg 262w\" sizes=\"(max-width: 525px) 100vw, 525px\" \/><\/figure>\n<\/figure>\n","protected":false},"excerpt":{"rendered":"<p>\u00cen perioada 17 &#8211; 23 martie 2025, Regia \u201eExdrupo\u201d a continuat ac\u021biunile de \u00eentre\u021binere a infrastructurii rutiere municipale, intervenind pe mai multe artere principale \u0219i secundare din municipiu Chi\u0219in\u0103u. Astfel, au fost efectuate plomb\u0103ri cu beton asfaltic rece pe o suprafa\u021b\u0103 total\u0103 de 377 m.p., iar pe unele str\u0103zi s-au frezat denivel\u0103rile de pe partea [&hellip;]<\/p>\n","protected":false},"author":1,"featured_media":14012,"comment_status":"closed","ping_status":"open","sticky":false,"template":"","format":"standard","meta":{"footnotes":""},"categories":[92],"tags":[],"class_list":["post-14011","post","type-post","status-publish","format-standard","has-post-thumbnail","hentry","category-comunicate"],"yoast_head":"<!-- This site is optimized with the Yoast SEO plugin v23.9 - https:\/\/yoast.com\/wordpress\/plugins\/seo\/ -->\n<title>Lucr\u0103ri de repara\u021bie \u0219i \u00eentre\u021binere a infrastructurii rutiere municipale executate pe parcursul s\u0103pt\u0103m\u00e2nii trecute - mobilitatechisinau.md<\/title>\n<meta name=\"robots\" content=\"index, follow, max-snippet:-1, max-image-preview:large, max-video-preview:-1\" \/>\n<link rel=\"canonical\" href=\"https:\/\/mobilitatechisinau.md\/?p=14011\" \/>\n<meta property=\"og:locale\" content=\"ro_RO\" \/>\n<meta property=\"og:type\" content=\"article\" \/>\n<meta property=\"og:title\" content=\"Lucr\u0103ri de repara\u021bie \u0219i \u00eentre\u021binere a infrastructurii rutiere municipale executate pe parcursul s\u0103pt\u0103m\u00e2nii trecute - mobilitatechisinau.md\" \/>\n<meta property=\"og:description\" content=\"\u00cen perioada 17 &#8211; 23 martie 2025, Regia \u201eExdrupo\u201d a continuat ac\u021biunile de \u00eentre\u021binere a infrastructurii rutiere municipale, intervenind pe mai multe artere principale \u0219i secundare din municipiu Chi\u0219in\u0103u. Astfel, au fost efectuate plomb\u0103ri cu beton asfaltic rece pe o suprafa\u021b\u0103 total\u0103 de 377 m.p., iar pe unele str\u0103zi s-au frezat denivel\u0103rile de pe partea [&hellip;]\" \/>\n<meta property=\"og:url\" content=\"https:\/\/mobilitatechisinau.md\/?p=14011\" \/>\n<meta property=\"og:site_name\" content=\"mobilitatechisinau.md\" \/>\n<meta property=\"article:publisher\" content=\"https:\/\/www.facebook.com\/DGTPCC\" \/>\n<meta property=\"article:published_time\" content=\"2025-03-24T06:06:12+00:00\" \/>\n<meta property=\"article:modified_time\" content=\"2025-03-28T06:10:55+00:00\" \/>\n<meta property=\"og:image\" content=\"https:\/\/mobilitatechisinau.md\/wp-content\/uploads\/2025\/03\/drum-in-lucru.jpg\" \/>\n\t<meta property=\"og:image:width\" content=\"1200\" \/>\n\t<meta property=\"og:image:height\" content=\"700\" \/>\n\t<meta property=\"og:image:type\" content=\"image\/jpeg\" \/>\n<meta name=\"author\" content=\"dgtpcc.md\" \/>\n<meta name=\"twitter:card\" content=\"summary_large_image\" \/>\n<meta name=\"twitter:label1\" content=\"Scris de\" \/>\n\t<meta name=\"twitter:data1\" content=\"dgtpcc.md\" \/>\n\t<meta name=\"twitter:label2\" content=\"Timp estimat pentru citire\" \/>\n\t<meta name=\"twitter:data2\" content=\"3 minute\" \/>\n<script type=\"application\/ld+json\" class=\"yoast-schema-graph\">{\"@context\":\"https:\/\/schema.org\",\"@graph\":[{\"@type\":\"Article\",\"@id\":\"https:\/\/mobilitatechisinau.md\/?p=14011#article\",\"isPartOf\":{\"@id\":\"https:\/\/mobilitatechisinau.md\/?p=14011\"},\"author\":{\"name\":\"dgtpcc.md\",\"@id\":\"https:\/\/mobilitatechisinau.md\/#\/schema\/person\/c25d28ff5553bea759689e10224709c7\"},\"headline\":\"Lucr\u0103ri de repara\u021bie \u0219i \u00eentre\u021binere a infrastructurii rutiere municipale executate pe parcursul s\u0103pt\u0103m\u00e2nii trecute\",\"datePublished\":\"2025-03-24T06:06:12+00:00\",\"dateModified\":\"2025-03-28T06:10:55+00:00\",\"mainEntityOfPage\":{\"@id\":\"https:\/\/mobilitatechisinau.md\/?p=14011\"},\"wordCount\":317,\"publisher\":{\"@id\":\"https:\/\/mobilitatechisinau.md\/#organization\"},\"image\":{\"@id\":\"https:\/\/mobilitatechisinau.md\/?p=14011#primaryimage\"},\"thumbnailUrl\":\"https:\/\/mobilitatechisinau.md\/wp-content\/uploads\/2025\/03\/drum-in-lucru.jpg\",\"articleSection\":[\"Comunicate de pres\u0103\"],\"inLanguage\":\"ro-RO\"},{\"@type\":\"WebPage\",\"@id\":\"https:\/\/mobilitatechisinau.md\/?p=14011\",\"url\":\"https:\/\/mobilitatechisinau.md\/?p=14011\",\"name\":\"Lucr\u0103ri de repara\u021bie \u0219i \u00eentre\u021binere a infrastructurii rutiere municipale executate pe parcursul s\u0103pt\u0103m\u00e2nii trecute - mobilitatechisinau.md\",\"isPartOf\":{\"@id\":\"https:\/\/mobilitatechisinau.md\/#website\"},\"primaryImageOfPage\":{\"@id\":\"https:\/\/mobilitatechisinau.md\/?p=14011#primaryimage\"},\"image\":{\"@id\":\"https:\/\/mobilitatechisinau.md\/?p=14011#primaryimage\"},\"thumbnailUrl\":\"https:\/\/mobilitatechisinau.md\/wp-content\/uploads\/2025\/03\/drum-in-lucru.jpg\",\"datePublished\":\"2025-03-24T06:06:12+00:00\",\"dateModified\":\"2025-03-28T06:10:55+00:00\",\"breadcrumb\":{\"@id\":\"https:\/\/mobilitatechisinau.md\/?p=14011#breadcrumb\"},\"inLanguage\":\"ro-RO\",\"potentialAction\":[{\"@type\":\"ReadAction\",\"target\":[\"https:\/\/mobilitatechisinau.md\/?p=14011\"]}]},{\"@type\":\"ImageObject\",\"inLanguage\":\"ro-RO\",\"@id\":\"https:\/\/mobilitatechisinau.md\/?p=14011#primaryimage\",\"url\":\"https:\/\/mobilitatechisinau.md\/wp-content\/uploads\/2025\/03\/drum-in-lucru.jpg\",\"contentUrl\":\"https:\/\/mobilitatechisinau.md\/wp-content\/uploads\/2025\/03\/drum-in-lucru.jpg\",\"width\":1200,\"height\":700},{\"@type\":\"BreadcrumbList\",\"@id\":\"https:\/\/mobilitatechisinau.md\/?p=14011#breadcrumb\",\"itemListElement\":[{\"@type\":\"ListItem\",\"position\":1,\"name\":\"Prima pagin\u0103\",\"item\":\"https:\/\/mobilitatechisinau.md\/\"},{\"@type\":\"ListItem\",\"position\":2,\"name\":\"Lucr\u0103ri de repara\u021bie \u0219i \u00eentre\u021binere a infrastructurii rutiere municipale executate pe parcursul s\u0103pt\u0103m\u00e2nii trecute\"}]},{\"@type\":\"WebSite\",\"@id\":\"https:\/\/mobilitatechisinau.md\/#website\",\"url\":\"https:\/\/mobilitatechisinau.md\/\",\"name\":\"mobilitatechisinau.md\",\"description\":\"Direc\u0163ia General\u0103 Mobilitate Urban\u0103\",\"publisher\":{\"@id\":\"https:\/\/mobilitatechisinau.md\/#organization\"},\"potentialAction\":[{\"@type\":\"SearchAction\",\"target\":{\"@type\":\"EntryPoint\",\"urlTemplate\":\"https:\/\/mobilitatechisinau.md\/?s={search_term_string}\"},\"query-input\":{\"@type\":\"PropertyValueSpecification\",\"valueRequired\":true,\"valueName\":\"search_term_string\"}}],\"inLanguage\":\"ro-RO\"},{\"@type\":\"Organization\",\"@id\":\"https:\/\/mobilitatechisinau.md\/#organization\",\"name\":\"Direc\u0163ia general\u0103 transport public \u015fi c\u0103i de comunica\u0163ie\",\"url\":\"https:\/\/mobilitatechisinau.md\/\",\"logo\":{\"@type\":\"ImageObject\",\"inLanguage\":\"ro-RO\",\"@id\":\"https:\/\/mobilitatechisinau.md\/#\/schema\/logo\/image\/\",\"url\":\"https:\/\/dgtpcc.md\/wp-content\/uploads\/2022\/05\/DGTPCC-Chis\u0326ina\u0306u-new.jpg\",\"contentUrl\":\"https:\/\/dgtpcc.md\/wp-content\/uploads\/2022\/05\/DGTPCC-Chis\u0326ina\u0306u-new.jpg\",\"width\":304,\"height\":80,\"caption\":\"Direc\u0163ia general\u0103 transport public \u015fi c\u0103i de comunica\u0163ie\"},\"image\":{\"@id\":\"https:\/\/mobilitatechisinau.md\/#\/schema\/logo\/image\/\"},\"sameAs\":[\"https:\/\/www.facebook.com\/DGTPCC\"]},{\"@type\":\"Person\",\"@id\":\"https:\/\/mobilitatechisinau.md\/#\/schema\/person\/c25d28ff5553bea759689e10224709c7\",\"name\":\"dgtpcc.md\",\"image\":{\"@type\":\"ImageObject\",\"inLanguage\":\"ro-RO\",\"@id\":\"https:\/\/mobilitatechisinau.md\/#\/schema\/person\/image\/\",\"url\":\"https:\/\/secure.gravatar.com\/avatar\/9057a81ed6aa6c63f6d0d045749b3708fa15d612e3a388d9ac7b50072146c906?s=96&d=mm&r=g\",\"contentUrl\":\"https:\/\/secure.gravatar.com\/avatar\/9057a81ed6aa6c63f6d0d045749b3708fa15d612e3a388d9ac7b50072146c906?s=96&d=mm&r=g\",\"caption\":\"dgtpcc.md\"},\"sameAs\":[\"https:\/\/dgtpcc.md\"],\"url\":\"https:\/\/mobilitatechisinau.md\/?author=1\"}]}<\/script>\n<!-- \/ Yoast SEO plugin. -->","yoast_head_json":{"title":"Lucr\u0103ri de repara\u021bie \u0219i \u00eentre\u021binere a infrastructurii rutiere municipale executate pe parcursul s\u0103pt\u0103m\u00e2nii trecute - mobilitatechisinau.md","robots":{"index":"index","follow":"follow","max-snippet":"max-snippet:-1","max-image-preview":"max-image-preview:large","max-video-preview":"max-video-preview:-1"},"canonical":"https:\/\/mobilitatechisinau.md\/?p=14011","og_locale":"ro_RO","og_type":"article","og_title":"Lucr\u0103ri de repara\u021bie \u0219i \u00eentre\u021binere a infrastructurii rutiere municipale executate pe parcursul s\u0103pt\u0103m\u00e2nii trecute - mobilitatechisinau.md","og_description":"\u00cen perioada 17 &#8211; 23 martie 2025, Regia \u201eExdrupo\u201d a continuat ac\u021biunile de \u00eentre\u021binere a infrastructurii rutiere municipale, intervenind pe mai multe artere principale \u0219i secundare din municipiu Chi\u0219in\u0103u. Astfel, au fost efectuate plomb\u0103ri cu beton asfaltic rece pe o suprafa\u021b\u0103 total\u0103 de 377 m.p., iar pe unele str\u0103zi s-au frezat denivel\u0103rile de pe partea [&hellip;]","og_url":"https:\/\/mobilitatechisinau.md\/?p=14011","og_site_name":"mobilitatechisinau.md","article_publisher":"https:\/\/www.facebook.com\/DGTPCC","article_published_time":"2025-03-24T06:06:12+00:00","article_modified_time":"2025-03-28T06:10:55+00:00","og_image":[{"width":1200,"height":700,"url":"https:\/\/mobilitatechisinau.md\/wp-content\/uploads\/2025\/03\/drum-in-lucru.jpg","type":"image\/jpeg"}],"author":"dgtpcc.md","twitter_card":"summary_large_image","twitter_misc":{"Scris de":"dgtpcc.md","Timp estimat pentru citire":"3 minute"},"schema":{"@context":"https:\/\/schema.org","@graph":[{"@type":"Article","@id":"https:\/\/mobilitatechisinau.md\/?p=14011#article","isPartOf":{"@id":"https:\/\/mobilitatechisinau.md\/?p=14011"},"author":{"name":"dgtpcc.md","@id":"https:\/\/mobilitatechisinau.md\/#\/schema\/person\/c25d28ff5553bea759689e10224709c7"},"headline":"Lucr\u0103ri de repara\u021bie \u0219i \u00eentre\u021binere a infrastructurii rutiere municipale executate pe parcursul s\u0103pt\u0103m\u00e2nii trecute","datePublished":"2025-03-24T06:06:12+00:00","dateModified":"2025-03-28T06:10:55+00:00","mainEntityOfPage":{"@id":"https:\/\/mobilitatechisinau.md\/?p=14011"},"wordCount":317,"publisher":{"@id":"https:\/\/mobilitatechisinau.md\/#organization"},"image":{"@id":"https:\/\/mobilitatechisinau.md\/?p=14011#primaryimage"},"thumbnailUrl":"https:\/\/mobilitatechisinau.md\/wp-content\/uploads\/2025\/03\/drum-in-lucru.jpg","articleSection":["Comunicate de pres\u0103"],"inLanguage":"ro-RO"},{"@type":"WebPage","@id":"https:\/\/mobilitatechisinau.md\/?p=14011","url":"https:\/\/mobilitatechisinau.md\/?p=14011","name":"Lucr\u0103ri de repara\u021bie \u0219i \u00eentre\u021binere a infrastructurii rutiere municipale executate pe parcursul s\u0103pt\u0103m\u00e2nii trecute - mobilitatechisinau.md","isPartOf":{"@id":"https:\/\/mobilitatechisinau.md\/#website"},"primaryImageOfPage":{"@id":"https:\/\/mobilitatechisinau.md\/?p=14011#primaryimage"},"image":{"@id":"https:\/\/mobilitatechisinau.md\/?p=14011#primaryimage"},"thumbnailUrl":"https:\/\/mobilitatechisinau.md\/wp-content\/uploads\/2025\/03\/drum-in-lucru.jpg","datePublished":"2025-03-24T06:06:12+00:00","dateModified":"2025-03-28T06:10:55+00:00","breadcrumb":{"@id":"https:\/\/mobilitatechisinau.md\/?p=14011#breadcrumb"},"inLanguage":"ro-RO","potentialAction":[{"@type":"ReadAction","target":["https:\/\/mobilitatechisinau.md\/?p=14011"]}]},{"@type":"ImageObject","inLanguage":"ro-RO","@id":"https:\/\/mobilitatechisinau.md\/?p=14011#primaryimage","url":"https:\/\/mobilitatechisinau.md\/wp-content\/uploads\/2025\/03\/drum-in-lucru.jpg","contentUrl":"https:\/\/mobilitatechisinau.md\/wp-content\/uploads\/2025\/03\/drum-in-lucru.jpg","width":1200,"height":700},{"@type":"BreadcrumbList","@id":"https:\/\/mobilitatechisinau.md\/?p=14011#breadcrumb","itemListElement":[{"@type":"ListItem","position":1,"name":"Prima pagin\u0103","item":"https:\/\/mobilitatechisinau.md\/"},{"@type":"ListItem","position":2,"name":"Lucr\u0103ri de repara\u021bie \u0219i \u00eentre\u021binere a infrastructurii rutiere municipale executate pe parcursul s\u0103pt\u0103m\u00e2nii trecute"}]},{"@type":"WebSite","@id":"https:\/\/mobilitatechisinau.md\/#website","url":"https:\/\/mobilitatechisinau.md\/","name":"mobilitatechisinau.md","description":"Direc\u0163ia General\u0103 Mobilitate Urban\u0103","publisher":{"@id":"https:\/\/mobilitatechisinau.md\/#organization"},"potentialAction":[{"@type":"SearchAction","target":{"@type":"EntryPoint","urlTemplate":"https:\/\/mobilitatechisinau.md\/?s={search_term_string}"},"query-input":{"@type":"PropertyValueSpecification","valueRequired":true,"valueName":"search_term_string"}}],"inLanguage":"ro-RO"},{"@type":"Organization","@id":"https:\/\/mobilitatechisinau.md\/#organization","name":"Direc\u0163ia general\u0103 transport public \u015fi c\u0103i de comunica\u0163ie","url":"https:\/\/mobilitatechisinau.md\/","logo":{"@type":"ImageObject","inLanguage":"ro-RO","@id":"https:\/\/mobilitatechisinau.md\/#\/schema\/logo\/image\/","url":"https:\/\/dgtpcc.md\/wp-content\/uploads\/2022\/05\/DGTPCC-Chis\u0326ina\u0306u-new.jpg","contentUrl":"https:\/\/dgtpcc.md\/wp-content\/uploads\/2022\/05\/DGTPCC-Chis\u0326ina\u0306u-new.jpg","width":304,"height":80,"caption":"Direc\u0163ia general\u0103 transport public \u015fi c\u0103i de comunica\u0163ie"},"image":{"@id":"https:\/\/mobilitatechisinau.md\/#\/schema\/logo\/image\/"},"sameAs":["https:\/\/www.facebook.com\/DGTPCC"]},{"@type":"Person","@id":"https:\/\/mobilitatechisinau.md\/#\/schema\/person\/c25d28ff5553bea759689e10224709c7","name":"dgtpcc.md","image":{"@type":"ImageObject","inLanguage":"ro-RO","@id":"https:\/\/mobilitatechisinau.md\/#\/schema\/person\/image\/","url":"https:\/\/secure.gravatar.com\/avatar\/9057a81ed6aa6c63f6d0d045749b3708fa15d612e3a388d9ac7b50072146c906?s=96&d=mm&r=g","contentUrl":"https:\/\/secure.gravatar.com\/avatar\/9057a81ed6aa6c63f6d0d045749b3708fa15d612e3a388d9ac7b50072146c906?s=96&d=mm&r=g","caption":"dgtpcc.md"},"sameAs":["https:\/\/dgtpcc.md"],"url":"https:\/\/mobilitatechisinau.md\/?author=1"}]}},"_links":{"self":[{"href":"https:\/\/mobilitatechisinau.md\/index.php?rest_route=\/wp\/v2\/posts\/14011","targetHints":{"allow":["GET"]}}],"collection":[{"href":"https:\/\/mobilitatechisinau.md\/index.php?rest_route=\/wp\/v2\/posts"}],"about":[{"href":"https:\/\/mobilitatechisinau.md\/index.php?rest_route=\/wp\/v2\/types\/post"}],"author":[{"embeddable":true,"href":"https:\/\/mobilitatechisinau.md\/index.php?rest_route=\/wp\/v2\/users\/1"}],"replies":[{"embeddable":true,"href":"https:\/\/mobilitatechisinau.md\/index.php?rest_route=%2Fwp%2Fv2%2Fcomments&post=14011"}],"version-history":[{"count":1,"href":"https:\/\/mobilitatechisinau.md\/index.php?rest_route=\/wp\/v2\/posts\/14011\/revisions"}],"predecessor-version":[{"id":14019,"href":"https:\/\/mobilitatechisinau.md\/index.php?rest_route=\/wp\/v2\/posts\/14011\/revisions\/14019"}],"wp:featuredmedia":[{"embeddable":true,"href":"https:\/\/mobilitatechisinau.md\/index.php?rest_route=\/wp\/v2\/media\/14012"}],"wp:attachment":[{"href":"https:\/\/mobilitatechisinau.md\/index.php?rest_route=%2Fwp%2Fv2%2Fmedia&parent=14011"}],"wp:term":[{"taxonomy":"category","embeddable":true,"href":"https:\/\/mobilitatechisinau.md\/index.php?rest_route=%2Fwp%2Fv2%2Fcategories&post=14011"},{"taxonomy":"post_tag","embeddable":true,"href":"https:\/\/mobilitatechisinau.md\/index.php?rest_route=%2Fwp%2Fv2%2Ftags&post=14011"}],"curies":[{"name":"wp","href":"https:\/\/api.w.org\/{rel}","templated":true}]}}