{"id":14027,"date":"2025-03-28T16:48:00","date_gmt":"2025-03-28T14:48:00","guid":{"rendered":"https:\/\/mobilitatechisinau.md\/?p=14027"},"modified":"2025-03-30T00:53:06","modified_gmt":"2025-03-29T22:53:06","slug":"continua-lucrarile-de-reparatie-a-sos-hincesti","status":"publish","type":"post","link":"https:\/\/mobilitatechisinau.md\/?p=14027","title":{"rendered":"Continu\u0103 lucr\u0103rile de repara\u021bie a \u0218os. H\u00eence\u0219ti"},"content":{"rendered":"\n<p>Pe \u0218oseaua H\u00eence\u0219ti se desf\u0103\u0219oar\u0103 lucr\u0103ri de betonare, dup\u0103 \u00eenl\u0103turarea dalelor de beton deteriorate.<\/p>\n\n\n\n<p>Anterior, pe \u00eentreg tronsonul din beton, au fost frezate straturile degradate de pe suprafa\u021ba carosabil\u0103 \u0219i ref\u0103cute rosturile de dilata\u021bie termic\u0103. Totodat\u0103, pentru cre\u0219terea rugozit\u0103\u021bii \u0219i \u00eembun\u0103t\u0103\u021birea planeit\u0103\u021bii drumului, suprafe\u021bele din beton au fost supuse unei frez\u0103ri fine prin metoda Grinding, aplicat\u0103 \u00een premier\u0103 \u00een Republica Moldova.<\/p>\n\n\n\n<p>Cu opt benzi de circula\u021bie \u0219i o lungime de 3,4 km, tronsonul din beton de pe \u0219oseaua H\u00eence\u0219ti este supus pentru prima dat\u0103 unei repara\u021bii capitale de la momentul construc\u021biei, reprezent\u00e2nd o leg\u0103tur\u0103 esen\u021bial\u0103 \u00eentre Capital\u0103 \u0219i sudul \u021b\u0103rii.<\/p>\n\n\n\n<p>Acest proiect constituie o premier\u0103 at\u00e2t pentru municipiul Chi\u0219in\u0103u, c\u00e2t \u0219i pentru \u00eentreaga \u021bar\u0103, datorit\u0103 utiliz\u0103rii unor tehnologii avansate de reabilitare a drumurilor din beton, menite s\u0103 asigure durabilitate \u0219i confort pentru participan\u021bii la trafic.<\/p>\n\n\n\n<figure class=\"wp-block-gallery has-nested-images columns-default is-cropped wp-block-gallery-1 is-layout-flex wp-block-gallery-is-layout-flex\">\n<figure class=\"wp-block-image size-large\"><img fetchpriority=\"high\" decoding=\"async\" width=\"1024\" height=\"461\" data-id=\"14029\" src=\"https:\/\/mobilitatechisinau.md\/wp-content\/uploads\/2025\/03\/2-3-1024x461.jpg\" alt=\"\" class=\"wp-image-14029\" srcset=\"https:\/\/mobilitatechisinau.md\/wp-content\/uploads\/2025\/03\/2-3-1024x461.jpg 1024w, https:\/\/mobilitatechisinau.md\/wp-content\/uploads\/2025\/03\/2-3-300x135.jpg 300w, https:\/\/mobilitatechisinau.md\/wp-content\/uploads\/2025\/03\/2-3-768x346.jpg 768w, https:\/\/mobilitatechisinau.md\/wp-content\/uploads\/2025\/03\/2-3-18x8.jpg 18w, https:\/\/mobilitatechisinau.md\/wp-content\/uploads\/2025\/03\/2-3-600x270.jpg 600w, https:\/\/mobilitatechisinau.md\/wp-content\/uploads\/2025\/03\/2-3.jpg 1200w\" sizes=\"(max-width: 1024px) 100vw, 1024px\" \/><\/figure>\n\n\n\n<figure class=\"wp-block-image size-large\"><img decoding=\"async\" width=\"1024\" height=\"576\" data-id=\"14030\" src=\"https:\/\/mobilitatechisinau.md\/wp-content\/uploads\/2025\/03\/3-3-1024x576.jpg\" alt=\"\" class=\"wp-image-14030\" srcset=\"https:\/\/mobilitatechisinau.md\/wp-content\/uploads\/2025\/03\/3-3-1024x576.jpg 1024w, https:\/\/mobilitatechisinau.md\/wp-content\/uploads\/2025\/03\/3-3-300x169.jpg 300w, https:\/\/mobilitatechisinau.md\/wp-content\/uploads\/2025\/03\/3-3-768x432.jpg 768w, https:\/\/mobilitatechisinau.md\/wp-content\/uploads\/2025\/03\/3-3-18x10.jpg 18w, https:\/\/mobilitatechisinau.md\/wp-content\/uploads\/2025\/03\/3-3-600x337.jpg 600w, https:\/\/mobilitatechisinau.md\/wp-content\/uploads\/2025\/03\/3-3.jpg 1200w\" sizes=\"(max-width: 1024px) 100vw, 1024px\" \/><\/figure>\n\n\n\n<figure class=\"wp-block-image size-large\"><img decoding=\"async\" width=\"933\" height=\"700\" data-id=\"14031\" src=\"https:\/\/mobilitatechisinau.md\/wp-content\/uploads\/2025\/03\/4-2.jpg\" alt=\"\" class=\"wp-image-14031\" srcset=\"https:\/\/mobilitatechisinau.md\/wp-content\/uploads\/2025\/03\/4-2.jpg 933w, https:\/\/mobilitatechisinau.md\/wp-content\/uploads\/2025\/03\/4-2-300x225.jpg 300w, https:\/\/mobilitatechisinau.md\/wp-content\/uploads\/2025\/03\/4-2-768x576.jpg 768w, https:\/\/mobilitatechisinau.md\/wp-content\/uploads\/2025\/03\/4-2-16x12.jpg 16w, https:\/\/mobilitatechisinau.md\/wp-content\/uploads\/2025\/03\/4-2-466x350.jpg 466w\" sizes=\"(max-width: 933px) 100vw, 933px\" \/><\/figure>\n\n\n\n<figure class=\"wp-block-image size-large\"><img loading=\"lazy\" decoding=\"async\" width=\"1024\" height=\"576\" data-id=\"14032\" src=\"https:\/\/mobilitatechisinau.md\/wp-content\/uploads\/2025\/03\/5-3-1024x576.jpg\" alt=\"\" class=\"wp-image-14032\" srcset=\"https:\/\/mobilitatechisinau.md\/wp-content\/uploads\/2025\/03\/5-3-1024x576.jpg 1024w, https:\/\/mobilitatechisinau.md\/wp-content\/uploads\/2025\/03\/5-3-300x169.jpg 300w, https:\/\/mobilitatechisinau.md\/wp-content\/uploads\/2025\/03\/5-3-768x432.jpg 768w, https:\/\/mobilitatechisinau.md\/wp-content\/uploads\/2025\/03\/5-3-18x10.jpg 18w, https:\/\/mobilitatechisinau.md\/wp-content\/uploads\/2025\/03\/5-3-600x337.jpg 600w, https:\/\/mobilitatechisinau.md\/wp-content\/uploads\/2025\/03\/5-3.jpg 1200w\" sizes=\"(max-width: 1024px) 100vw, 1024px\" \/><\/figure>\n\n\n\n<figure class=\"wp-block-image size-large\"><img loading=\"lazy\" decoding=\"async\" width=\"394\" height=\"700\" data-id=\"14033\" src=\"https:\/\/mobilitatechisinau.md\/wp-content\/uploads\/2025\/03\/6-3.jpg\" alt=\"\" class=\"wp-image-14033\" srcset=\"https:\/\/mobilitatechisinau.md\/wp-content\/uploads\/2025\/03\/6-3.jpg 394w, https:\/\/mobilitatechisinau.md\/wp-content\/uploads\/2025\/03\/6-3-169x300.jpg 169w, https:\/\/mobilitatechisinau.md\/wp-content\/uploads\/2025\/03\/6-3-7x12.jpg 7w, https:\/\/mobilitatechisinau.md\/wp-content\/uploads\/2025\/03\/6-3-197x350.jpg 197w\" sizes=\"(max-width: 394px) 100vw, 394px\" \/><\/figure>\n\n\n\n<figure class=\"wp-block-image size-large\"><img loading=\"lazy\" decoding=\"async\" width=\"933\" height=\"700\" data-id=\"14034\" src=\"https:\/\/mobilitatechisinau.md\/wp-content\/uploads\/2025\/03\/7-2.jpg\" alt=\"\" class=\"wp-image-14034\" srcset=\"https:\/\/mobilitatechisinau.md\/wp-content\/uploads\/2025\/03\/7-2.jpg 933w, https:\/\/mobilitatechisinau.md\/wp-content\/uploads\/2025\/03\/7-2-300x225.jpg 300w, https:\/\/mobilitatechisinau.md\/wp-content\/uploads\/2025\/03\/7-2-768x576.jpg 768w, https:\/\/mobilitatechisinau.md\/wp-content\/uploads\/2025\/03\/7-2-16x12.jpg 16w, https:\/\/mobilitatechisinau.md\/wp-content\/uploads\/2025\/03\/7-2-466x350.jpg 466w\" sizes=\"(max-width: 933px) 100vw, 933px\" \/><\/figure>\n<\/figure>\n","protected":false},"excerpt":{"rendered":"<p>Pe \u0218oseaua H\u00eence\u0219ti se desf\u0103\u0219oar\u0103 lucr\u0103ri de betonare, dup\u0103 \u00eenl\u0103turarea dalelor de beton deteriorate. Anterior, pe \u00eentreg tronsonul din beton, au fost frezate straturile degradate de pe suprafa\u021ba carosabil\u0103 \u0219i ref\u0103cute rosturile de dilata\u021bie termic\u0103. Totodat\u0103, pentru cre\u0219terea rugozit\u0103\u021bii \u0219i \u00eembun\u0103t\u0103\u021birea planeit\u0103\u021bii drumului, suprafe\u021bele din beton au fost supuse unei frez\u0103ri fine prin metoda Grinding, [&hellip;]<\/p>\n","protected":false},"author":1,"featured_media":14028,"comment_status":"closed","ping_status":"open","sticky":false,"template":"","format":"standard","meta":{"footnotes":""},"categories":[92],"tags":[],"class_list":["post-14027","post","type-post","status-publish","format-standard","has-post-thumbnail","hentry","category-comunicate"],"yoast_head":"<!-- This site is optimized with the Yoast SEO plugin v23.9 - https:\/\/yoast.com\/wordpress\/plugins\/seo\/ -->\n<title>Continu\u0103 lucr\u0103rile de repara\u021bie a \u0218os. H\u00eence\u0219ti - mobilitatechisinau.md<\/title>\n<meta name=\"robots\" content=\"index, follow, max-snippet:-1, max-image-preview:large, max-video-preview:-1\" \/>\n<link rel=\"canonical\" href=\"https:\/\/mobilitatechisinau.md\/?p=14027\" \/>\n<meta property=\"og:locale\" content=\"ro_RO\" \/>\n<meta property=\"og:type\" content=\"article\" \/>\n<meta property=\"og:title\" content=\"Continu\u0103 lucr\u0103rile de repara\u021bie a \u0218os. H\u00eence\u0219ti - mobilitatechisinau.md\" \/>\n<meta property=\"og:description\" content=\"Pe \u0218oseaua H\u00eence\u0219ti se desf\u0103\u0219oar\u0103 lucr\u0103ri de betonare, dup\u0103 \u00eenl\u0103turarea dalelor de beton deteriorate. Anterior, pe \u00eentreg tronsonul din beton, au fost frezate straturile degradate de pe suprafa\u021ba carosabil\u0103 \u0219i ref\u0103cute rosturile de dilata\u021bie termic\u0103. Totodat\u0103, pentru cre\u0219terea rugozit\u0103\u021bii \u0219i \u00eembun\u0103t\u0103\u021birea planeit\u0103\u021bii drumului, suprafe\u021bele din beton au fost supuse unei frez\u0103ri fine prin metoda Grinding, [&hellip;]\" \/>\n<meta property=\"og:url\" content=\"https:\/\/mobilitatechisinau.md\/?p=14027\" \/>\n<meta property=\"og:site_name\" content=\"mobilitatechisinau.md\" \/>\n<meta property=\"article:publisher\" content=\"https:\/\/www.facebook.com\/DGTPCC\" \/>\n<meta property=\"article:published_time\" content=\"2025-03-28T14:48:00+00:00\" \/>\n<meta property=\"article:modified_time\" content=\"2025-03-29T22:53:06+00:00\" \/>\n<meta property=\"og:image\" content=\"https:\/\/mobilitatechisinau.md\/wp-content\/uploads\/2025\/03\/soseaua-hancesti.jpg\" \/>\n\t<meta property=\"og:image:width\" content=\"1200\" \/>\n\t<meta property=\"og:image:height\" content=\"700\" \/>\n\t<meta property=\"og:image:type\" content=\"image\/jpeg\" \/>\n<meta name=\"author\" content=\"dgtpcc.md\" \/>\n<meta name=\"twitter:card\" content=\"summary_large_image\" \/>\n<meta name=\"twitter:label1\" content=\"Scris de\" \/>\n\t<meta name=\"twitter:data1\" content=\"dgtpcc.md\" \/>\n\t<meta name=\"twitter:label2\" content=\"Timp estimat pentru citire\" \/>\n\t<meta name=\"twitter:data2\" content=\"3 minute\" \/>\n<script type=\"application\/ld+json\" class=\"yoast-schema-graph\">{\"@context\":\"https:\/\/schema.org\",\"@graph\":[{\"@type\":\"Article\",\"@id\":\"https:\/\/mobilitatechisinau.md\/?p=14027#article\",\"isPartOf\":{\"@id\":\"https:\/\/mobilitatechisinau.md\/?p=14027\"},\"author\":{\"name\":\"dgtpcc.md\",\"@id\":\"https:\/\/mobilitatechisinau.md\/#\/schema\/person\/c25d28ff5553bea759689e10224709c7\"},\"headline\":\"Continu\u0103 lucr\u0103rile de repara\u021bie a \u0218os. H\u00eence\u0219ti\",\"datePublished\":\"2025-03-28T14:48:00+00:00\",\"dateModified\":\"2025-03-29T22:53:06+00:00\",\"mainEntityOfPage\":{\"@id\":\"https:\/\/mobilitatechisinau.md\/?p=14027\"},\"wordCount\":174,\"publisher\":{\"@id\":\"https:\/\/mobilitatechisinau.md\/#organization\"},\"image\":{\"@id\":\"https:\/\/mobilitatechisinau.md\/?p=14027#primaryimage\"},\"thumbnailUrl\":\"https:\/\/mobilitatechisinau.md\/wp-content\/uploads\/2025\/03\/soseaua-hancesti.jpg\",\"articleSection\":[\"Comunicate de pres\u0103\"],\"inLanguage\":\"ro-RO\"},{\"@type\":\"WebPage\",\"@id\":\"https:\/\/mobilitatechisinau.md\/?p=14027\",\"url\":\"https:\/\/mobilitatechisinau.md\/?p=14027\",\"name\":\"Continu\u0103 lucr\u0103rile de repara\u021bie a \u0218os. H\u00eence\u0219ti - mobilitatechisinau.md\",\"isPartOf\":{\"@id\":\"https:\/\/mobilitatechisinau.md\/#website\"},\"primaryImageOfPage\":{\"@id\":\"https:\/\/mobilitatechisinau.md\/?p=14027#primaryimage\"},\"image\":{\"@id\":\"https:\/\/mobilitatechisinau.md\/?p=14027#primaryimage\"},\"thumbnailUrl\":\"https:\/\/mobilitatechisinau.md\/wp-content\/uploads\/2025\/03\/soseaua-hancesti.jpg\",\"datePublished\":\"2025-03-28T14:48:00+00:00\",\"dateModified\":\"2025-03-29T22:53:06+00:00\",\"breadcrumb\":{\"@id\":\"https:\/\/mobilitatechisinau.md\/?p=14027#breadcrumb\"},\"inLanguage\":\"ro-RO\",\"potentialAction\":[{\"@type\":\"ReadAction\",\"target\":[\"https:\/\/mobilitatechisinau.md\/?p=14027\"]}]},{\"@type\":\"ImageObject\",\"inLanguage\":\"ro-RO\",\"@id\":\"https:\/\/mobilitatechisinau.md\/?p=14027#primaryimage\",\"url\":\"https:\/\/mobilitatechisinau.md\/wp-content\/uploads\/2025\/03\/soseaua-hancesti.jpg\",\"contentUrl\":\"https:\/\/mobilitatechisinau.md\/wp-content\/uploads\/2025\/03\/soseaua-hancesti.jpg\",\"width\":1200,\"height\":700},{\"@type\":\"BreadcrumbList\",\"@id\":\"https:\/\/mobilitatechisinau.md\/?p=14027#breadcrumb\",\"itemListElement\":[{\"@type\":\"ListItem\",\"position\":1,\"name\":\"Prima pagin\u0103\",\"item\":\"https:\/\/mobilitatechisinau.md\/\"},{\"@type\":\"ListItem\",\"position\":2,\"name\":\"Continu\u0103 lucr\u0103rile de repara\u021bie a \u0218os. H\u00eence\u0219ti\"}]},{\"@type\":\"WebSite\",\"@id\":\"https:\/\/mobilitatechisinau.md\/#website\",\"url\":\"https:\/\/mobilitatechisinau.md\/\",\"name\":\"mobilitatechisinau.md\",\"description\":\"Direc\u0163ia General\u0103 Mobilitate Urban\u0103\",\"publisher\":{\"@id\":\"https:\/\/mobilitatechisinau.md\/#organization\"},\"potentialAction\":[{\"@type\":\"SearchAction\",\"target\":{\"@type\":\"EntryPoint\",\"urlTemplate\":\"https:\/\/mobilitatechisinau.md\/?s={search_term_string}\"},\"query-input\":{\"@type\":\"PropertyValueSpecification\",\"valueRequired\":true,\"valueName\":\"search_term_string\"}}],\"inLanguage\":\"ro-RO\"},{\"@type\":\"Organization\",\"@id\":\"https:\/\/mobilitatechisinau.md\/#organization\",\"name\":\"Direc\u0163ia general\u0103 transport public \u015fi c\u0103i de comunica\u0163ie\",\"url\":\"https:\/\/mobilitatechisinau.md\/\",\"logo\":{\"@type\":\"ImageObject\",\"inLanguage\":\"ro-RO\",\"@id\":\"https:\/\/mobilitatechisinau.md\/#\/schema\/logo\/image\/\",\"url\":\"https:\/\/dgtpcc.md\/wp-content\/uploads\/2022\/05\/DGTPCC-Chis\u0326ina\u0306u-new.jpg\",\"contentUrl\":\"https:\/\/dgtpcc.md\/wp-content\/uploads\/2022\/05\/DGTPCC-Chis\u0326ina\u0306u-new.jpg\",\"width\":304,\"height\":80,\"caption\":\"Direc\u0163ia general\u0103 transport public \u015fi c\u0103i de comunica\u0163ie\"},\"image\":{\"@id\":\"https:\/\/mobilitatechisinau.md\/#\/schema\/logo\/image\/\"},\"sameAs\":[\"https:\/\/www.facebook.com\/DGTPCC\"]},{\"@type\":\"Person\",\"@id\":\"https:\/\/mobilitatechisinau.md\/#\/schema\/person\/c25d28ff5553bea759689e10224709c7\",\"name\":\"dgtpcc.md\",\"image\":{\"@type\":\"ImageObject\",\"inLanguage\":\"ro-RO\",\"@id\":\"https:\/\/mobilitatechisinau.md\/#\/schema\/person\/image\/\",\"url\":\"https:\/\/secure.gravatar.com\/avatar\/9057a81ed6aa6c63f6d0d045749b3708fa15d612e3a388d9ac7b50072146c906?s=96&d=mm&r=g\",\"contentUrl\":\"https:\/\/secure.gravatar.com\/avatar\/9057a81ed6aa6c63f6d0d045749b3708fa15d612e3a388d9ac7b50072146c906?s=96&d=mm&r=g\",\"caption\":\"dgtpcc.md\"},\"sameAs\":[\"https:\/\/dgtpcc.md\"],\"url\":\"https:\/\/mobilitatechisinau.md\/?author=1\"}]}<\/script>\n<!-- \/ Yoast SEO plugin. -->","yoast_head_json":{"title":"Continu\u0103 lucr\u0103rile de repara\u021bie a \u0218os. H\u00eence\u0219ti - mobilitatechisinau.md","robots":{"index":"index","follow":"follow","max-snippet":"max-snippet:-1","max-image-preview":"max-image-preview:large","max-video-preview":"max-video-preview:-1"},"canonical":"https:\/\/mobilitatechisinau.md\/?p=14027","og_locale":"ro_RO","og_type":"article","og_title":"Continu\u0103 lucr\u0103rile de repara\u021bie a \u0218os. H\u00eence\u0219ti - mobilitatechisinau.md","og_description":"Pe \u0218oseaua H\u00eence\u0219ti se desf\u0103\u0219oar\u0103 lucr\u0103ri de betonare, dup\u0103 \u00eenl\u0103turarea dalelor de beton deteriorate. Anterior, pe \u00eentreg tronsonul din beton, au fost frezate straturile degradate de pe suprafa\u021ba carosabil\u0103 \u0219i ref\u0103cute rosturile de dilata\u021bie termic\u0103. Totodat\u0103, pentru cre\u0219terea rugozit\u0103\u021bii \u0219i \u00eembun\u0103t\u0103\u021birea planeit\u0103\u021bii drumului, suprafe\u021bele din beton au fost supuse unei frez\u0103ri fine prin metoda Grinding, [&hellip;]","og_url":"https:\/\/mobilitatechisinau.md\/?p=14027","og_site_name":"mobilitatechisinau.md","article_publisher":"https:\/\/www.facebook.com\/DGTPCC","article_published_time":"2025-03-28T14:48:00+00:00","article_modified_time":"2025-03-29T22:53:06+00:00","og_image":[{"width":1200,"height":700,"url":"https:\/\/mobilitatechisinau.md\/wp-content\/uploads\/2025\/03\/soseaua-hancesti.jpg","type":"image\/jpeg"}],"author":"dgtpcc.md","twitter_card":"summary_large_image","twitter_misc":{"Scris de":"dgtpcc.md","Timp estimat pentru citire":"3 minute"},"schema":{"@context":"https:\/\/schema.org","@graph":[{"@type":"Article","@id":"https:\/\/mobilitatechisinau.md\/?p=14027#article","isPartOf":{"@id":"https:\/\/mobilitatechisinau.md\/?p=14027"},"author":{"name":"dgtpcc.md","@id":"https:\/\/mobilitatechisinau.md\/#\/schema\/person\/c25d28ff5553bea759689e10224709c7"},"headline":"Continu\u0103 lucr\u0103rile de repara\u021bie a \u0218os. H\u00eence\u0219ti","datePublished":"2025-03-28T14:48:00+00:00","dateModified":"2025-03-29T22:53:06+00:00","mainEntityOfPage":{"@id":"https:\/\/mobilitatechisinau.md\/?p=14027"},"wordCount":174,"publisher":{"@id":"https:\/\/mobilitatechisinau.md\/#organization"},"image":{"@id":"https:\/\/mobilitatechisinau.md\/?p=14027#primaryimage"},"thumbnailUrl":"https:\/\/mobilitatechisinau.md\/wp-content\/uploads\/2025\/03\/soseaua-hancesti.jpg","articleSection":["Comunicate de pres\u0103"],"inLanguage":"ro-RO"},{"@type":"WebPage","@id":"https:\/\/mobilitatechisinau.md\/?p=14027","url":"https:\/\/mobilitatechisinau.md\/?p=14027","name":"Continu\u0103 lucr\u0103rile de repara\u021bie a \u0218os. H\u00eence\u0219ti - mobilitatechisinau.md","isPartOf":{"@id":"https:\/\/mobilitatechisinau.md\/#website"},"primaryImageOfPage":{"@id":"https:\/\/mobilitatechisinau.md\/?p=14027#primaryimage"},"image":{"@id":"https:\/\/mobilitatechisinau.md\/?p=14027#primaryimage"},"thumbnailUrl":"https:\/\/mobilitatechisinau.md\/wp-content\/uploads\/2025\/03\/soseaua-hancesti.jpg","datePublished":"2025-03-28T14:48:00+00:00","dateModified":"2025-03-29T22:53:06+00:00","breadcrumb":{"@id":"https:\/\/mobilitatechisinau.md\/?p=14027#breadcrumb"},"inLanguage":"ro-RO","potentialAction":[{"@type":"ReadAction","target":["https:\/\/mobilitatechisinau.md\/?p=14027"]}]},{"@type":"ImageObject","inLanguage":"ro-RO","@id":"https:\/\/mobilitatechisinau.md\/?p=14027#primaryimage","url":"https:\/\/mobilitatechisinau.md\/wp-content\/uploads\/2025\/03\/soseaua-hancesti.jpg","contentUrl":"https:\/\/mobilitatechisinau.md\/wp-content\/uploads\/2025\/03\/soseaua-hancesti.jpg","width":1200,"height":700},{"@type":"BreadcrumbList","@id":"https:\/\/mobilitatechisinau.md\/?p=14027#breadcrumb","itemListElement":[{"@type":"ListItem","position":1,"name":"Prima pagin\u0103","item":"https:\/\/mobilitatechisinau.md\/"},{"@type":"ListItem","position":2,"name":"Continu\u0103 lucr\u0103rile de repara\u021bie a \u0218os. H\u00eence\u0219ti"}]},{"@type":"WebSite","@id":"https:\/\/mobilitatechisinau.md\/#website","url":"https:\/\/mobilitatechisinau.md\/","name":"mobilitatechisinau.md","description":"Direc\u0163ia General\u0103 Mobilitate Urban\u0103","publisher":{"@id":"https:\/\/mobilitatechisinau.md\/#organization"},"potentialAction":[{"@type":"SearchAction","target":{"@type":"EntryPoint","urlTemplate":"https:\/\/mobilitatechisinau.md\/?s={search_term_string}"},"query-input":{"@type":"PropertyValueSpecification","valueRequired":true,"valueName":"search_term_string"}}],"inLanguage":"ro-RO"},{"@type":"Organization","@id":"https:\/\/mobilitatechisinau.md\/#organization","name":"Direc\u0163ia general\u0103 transport public \u015fi c\u0103i de comunica\u0163ie","url":"https:\/\/mobilitatechisinau.md\/","logo":{"@type":"ImageObject","inLanguage":"ro-RO","@id":"https:\/\/mobilitatechisinau.md\/#\/schema\/logo\/image\/","url":"https:\/\/dgtpcc.md\/wp-content\/uploads\/2022\/05\/DGTPCC-Chis\u0326ina\u0306u-new.jpg","contentUrl":"https:\/\/dgtpcc.md\/wp-content\/uploads\/2022\/05\/DGTPCC-Chis\u0326ina\u0306u-new.jpg","width":304,"height":80,"caption":"Direc\u0163ia general\u0103 transport public \u015fi c\u0103i de comunica\u0163ie"},"image":{"@id":"https:\/\/mobilitatechisinau.md\/#\/schema\/logo\/image\/"},"sameAs":["https:\/\/www.facebook.com\/DGTPCC"]},{"@type":"Person","@id":"https:\/\/mobilitatechisinau.md\/#\/schema\/person\/c25d28ff5553bea759689e10224709c7","name":"dgtpcc.md","image":{"@type":"ImageObject","inLanguage":"ro-RO","@id":"https:\/\/mobilitatechisinau.md\/#\/schema\/person\/image\/","url":"https:\/\/secure.gravatar.com\/avatar\/9057a81ed6aa6c63f6d0d045749b3708fa15d612e3a388d9ac7b50072146c906?s=96&d=mm&r=g","contentUrl":"https:\/\/secure.gravatar.com\/avatar\/9057a81ed6aa6c63f6d0d045749b3708fa15d612e3a388d9ac7b50072146c906?s=96&d=mm&r=g","caption":"dgtpcc.md"},"sameAs":["https:\/\/dgtpcc.md"],"url":"https:\/\/mobilitatechisinau.md\/?author=1"}]}},"_links":{"self":[{"href":"https:\/\/mobilitatechisinau.md\/index.php?rest_route=\/wp\/v2\/posts\/14027","targetHints":{"allow":["GET"]}}],"collection":[{"href":"https:\/\/mobilitatechisinau.md\/index.php?rest_route=\/wp\/v2\/posts"}],"about":[{"href":"https:\/\/mobilitatechisinau.md\/index.php?rest_route=\/wp\/v2\/types\/post"}],"author":[{"embeddable":true,"href":"https:\/\/mobilitatechisinau.md\/index.php?rest_route=\/wp\/v2\/users\/1"}],"replies":[{"embeddable":true,"href":"https:\/\/mobilitatechisinau.md\/index.php?rest_route=%2Fwp%2Fv2%2Fcomments&post=14027"}],"version-history":[{"count":1,"href":"https:\/\/mobilitatechisinau.md\/index.php?rest_route=\/wp\/v2\/posts\/14027\/revisions"}],"predecessor-version":[{"id":14035,"href":"https:\/\/mobilitatechisinau.md\/index.php?rest_route=\/wp\/v2\/posts\/14027\/revisions\/14035"}],"wp:featuredmedia":[{"embeddable":true,"href":"https:\/\/mobilitatechisinau.md\/index.php?rest_route=\/wp\/v2\/media\/14028"}],"wp:attachment":[{"href":"https:\/\/mobilitatechisinau.md\/index.php?rest_route=%2Fwp%2Fv2%2Fmedia&parent=14027"}],"wp:term":[{"taxonomy":"category","embeddable":true,"href":"https:\/\/mobilitatechisinau.md\/index.php?rest_route=%2Fwp%2Fv2%2Fcategories&post=14027"},{"taxonomy":"post_tag","embeddable":true,"href":"https:\/\/mobilitatechisinau.md\/index.php?rest_route=%2Fwp%2Fv2%2Ftags&post=14027"}],"curies":[{"name":"wp","href":"https:\/\/api.w.org\/{rel}","templated":true}]}}