{"id":14059,"date":"2025-03-27T13:05:40","date_gmt":"2025-03-27T11:05:40","guid":{"rendered":"https:\/\/mobilitatechisinau.md\/?p=14059"},"modified":"2025-04-02T13:06:45","modified_gmt":"2025-04-02T11:06:45","slug":"studenti-ai-facultatii-de-urbanism-si-arhitectura-in-vizita-de-studiu-la-centrul-de-monitorizare-a-traficului-din-chisinau","status":"publish","type":"post","link":"https:\/\/mobilitatechisinau.md\/?p=14059","title":{"rendered":"Studen\u021bi ai Facult\u0103\u021bii de Urbanism \u0219i Arhitectur\u0103, \u00een vizit\u0103 de studiu la Centrul de Monitorizare a Traficului din Chi\u0219in\u0103u"},"content":{"rendered":"\n<p>Un grup de studen\u021bi de la Facultatea de Urbanism \u0219i Arhitectur\u0103 a Universit\u0103\u021bii Tehnice a Moldovei a efectuat ast\u0103zi, 27 martie 2025, o vizit\u0103 de studiu la Centrul de Monitorizare a Traficului din cadrul Direc\u021biei Generale Mobilitate Urban\u0103.<\/p>\n\n\n\n<p>La discu\u021bii au participat echipa proiectului \u201eMOVEIT like Lublin\u201d, studen\u021bii \u0219i profesorii Facult\u0103\u021bii de Urbanism \u0219i Arhitectur\u0103, al\u0103turi de decanul Eugeniu Bragu\u021ba \u0219i un reprezentant din cadrul Direc\u021biei Generale Mobilitate Urban\u0103.<\/p>\n\n\n\n<p>Aceast\u0103 vizit\u0103 le-a oferit studen\u021bilor ocazia de a \u00een\u021belege cum tehnologiile moderne \u0219i analiza datelor \u00een timp real sunt utilizate pentru a \u00eembun\u0103t\u0103\u021bi fluxul traficului urban.<\/p>\n\n\n\n<p>Olga Lozan, managerul proiectului \u201eMOVEIT like Lublin\u201d, le-a oferit studen\u021bilor o perspectiv\u0103 asupra moderniz\u0103rii transportului public din Chi\u0219in\u0103u, inspirat\u0103 din experien\u021ba ora\u0219ului polonez Lublin. Studen\u021bii au descoperit cum acest proiect contribuie la un ora\u0219 mai verde, mai accesibil \u0219i mai eficient.<\/p>\n\n\n\n<p>Vladimir But\u00eerschi, managerul CMT, a explicat cum func\u021bioneaz\u0103 sistemele de monitorizare a traficului, gestionarea<\/p>\n\n\n\n<p>semafoarelor \u0219i optimizarea transportului public. Studen\u021bii au aflat cum infrastructura digital\u0103 poate reduce blocajele din trafic \u0219i \u00eembun\u0103t\u0103\u021bi siguran\u021ba rutier\u0103.<\/p>\n\n\n\n<p>Ce au \u00eenv\u0103\u021bat studen\u021bii?<\/p>\n\n\n\n<p>Cum sunt colectate \u0219i analizate datele despre trafic \u00een timp real.<\/p>\n\n\n\n<p>Importan\u021ba utiliz\u0103rii sistemelor inteligente de semaforizare pentru reducerea ambuteiajelor.<\/p>\n\n\n\n<p>Rolul monitoriz\u0103rii video \u0219i GPS \u00een siguran\u021ba transportului public.<\/p>\n\n\n\n<p>Cum func\u021bioneaz\u0103 e-ticketing-ul \u0219i ce beneficii aduce c\u0103l\u0103torilor.<\/p>\n\n\n\n<p>Cum poate fi optimizat\u0103 conectivitatea \u00eentre suburbii \u0219i ora\u0219 printr-un sistem eficient de transport.<\/p>\n\n\n\n<p>Pe parcursul vizitei, studen\u021bii au fost implica\u021bi \u00eentr-o activitate practic\u0103, \u00een cadrul c\u0103reia au analizat exemple de situa\u021bii reale din domeniul mobilit\u0103\u021bii urbane, au identificat \u0219i formulat probleme legate de traficul urban, au determinat datele necesare pentru solu\u021bionarea acestora \u0219i au propus solu\u021bii pentru \u00eembun\u0103t\u0103\u021birea fluxului de trafic \u0219i a eficien\u021bei transportului public. Astfel, au simulat aplicarea \u00een practic\u0103 a cuno\u0219tin\u021belor acumulate.<\/p>\n\n\n\n<p>Vizita a fost posibil\u0103 datorit\u0103 proiectului \u201eMOVE IT like Lublin\u201d &#8211; Ini\u021biativa de dezvoltare durabil\u0103 a transportului public din mun. Chi\u0219in\u0103u, finan\u021bat de Uniunea European\u0103 \u0219i implementat de Prim\u0103ria Municipiului Chi\u0219in\u0103u \u00een parteneriat cu ora\u0219ul Lublin, Polonia.<\/p>\n\n\n\n<figure class=\"wp-block-gallery has-nested-images columns-default is-cropped wp-block-gallery-1 is-layout-flex wp-block-gallery-is-layout-flex\">\n<figure class=\"wp-block-image size-large\"><img fetchpriority=\"high\" decoding=\"async\" width=\"1024\" height=\"684\" data-id=\"14064\" src=\"https:\/\/mobilitatechisinau.md\/wp-content\/uploads\/2025\/04\/2-1024x684.jpg\" alt=\"\" class=\"wp-image-14064\" srcset=\"https:\/\/mobilitatechisinau.md\/wp-content\/uploads\/2025\/04\/2-1024x684.jpg 1024w, https:\/\/mobilitatechisinau.md\/wp-content\/uploads\/2025\/04\/2-300x200.jpg 300w, https:\/\/mobilitatechisinau.md\/wp-content\/uploads\/2025\/04\/2-768x513.jpg 768w, https:\/\/mobilitatechisinau.md\/wp-content\/uploads\/2025\/04\/2-18x12.jpg 18w, https:\/\/mobilitatechisinau.md\/wp-content\/uploads\/2025\/04\/2-524x350.jpg 524w, https:\/\/mobilitatechisinau.md\/wp-content\/uploads\/2025\/04\/2.jpg 1048w\" sizes=\"(max-width: 1024px) 100vw, 1024px\" \/><\/figure>\n\n\n\n<figure class=\"wp-block-image size-large\"><img decoding=\"async\" width=\"1024\" height=\"570\" data-id=\"14061\" src=\"https:\/\/mobilitatechisinau.md\/wp-content\/uploads\/2025\/04\/3-1024x570.jpg\" alt=\"\" class=\"wp-image-14061\" srcset=\"https:\/\/mobilitatechisinau.md\/wp-content\/uploads\/2025\/04\/3-1024x570.jpg 1024w, https:\/\/mobilitatechisinau.md\/wp-content\/uploads\/2025\/04\/3-300x167.jpg 300w, https:\/\/mobilitatechisinau.md\/wp-content\/uploads\/2025\/04\/3-768x427.jpg 768w, https:\/\/mobilitatechisinau.md\/wp-content\/uploads\/2025\/04\/3-18x10.jpg 18w, https:\/\/mobilitatechisinau.md\/wp-content\/uploads\/2025\/04\/3-520x289.jpg 520w, https:\/\/mobilitatechisinau.md\/wp-content\/uploads\/2025\/04\/3.jpg 1041w\" sizes=\"(max-width: 1024px) 100vw, 1024px\" \/><\/figure>\n\n\n\n<figure class=\"wp-block-image size-large\"><img decoding=\"async\" width=\"1048\" height=\"700\" data-id=\"14066\" src=\"https:\/\/mobilitatechisinau.md\/wp-content\/uploads\/2025\/04\/4-1024x684.jpg\" alt=\"\" class=\"wp-image-14066\" srcset=\"https:\/\/mobilitatechisinau.md\/wp-content\/uploads\/2025\/04\/4-1024x684.jpg 1024w, https:\/\/mobilitatechisinau.md\/wp-content\/uploads\/2025\/04\/4-300x200.jpg 300w, https:\/\/mobilitatechisinau.md\/wp-content\/uploads\/2025\/04\/4-768x513.jpg 768w, https:\/\/mobilitatechisinau.md\/wp-content\/uploads\/2025\/04\/4-18x12.jpg 18w, https:\/\/mobilitatechisinau.md\/wp-content\/uploads\/2025\/04\/4-524x350.jpg 524w, https:\/\/mobilitatechisinau.md\/wp-content\/uploads\/2025\/04\/4.jpg 1048w\" sizes=\"(max-width: 1048px) 100vw, 1048px\" \/><\/figure>\n\n\n\n<figure class=\"wp-block-image size-large\"><img loading=\"lazy\" decoding=\"async\" width=\"1024\" height=\"570\" data-id=\"14063\" src=\"https:\/\/mobilitatechisinau.md\/wp-content\/uploads\/2025\/04\/5-1024x570.jpg\" alt=\"\" class=\"wp-image-14063\" srcset=\"https:\/\/mobilitatechisinau.md\/wp-content\/uploads\/2025\/04\/5-1024x570.jpg 1024w, https:\/\/mobilitatechisinau.md\/wp-content\/uploads\/2025\/04\/5-300x167.jpg 300w, https:\/\/mobilitatechisinau.md\/wp-content\/uploads\/2025\/04\/5-768x428.jpg 768w, https:\/\/mobilitatechisinau.md\/wp-content\/uploads\/2025\/04\/5-18x10.jpg 18w, https:\/\/mobilitatechisinau.md\/wp-content\/uploads\/2025\/04\/5-600x334.jpg 600w, https:\/\/mobilitatechisinau.md\/wp-content\/uploads\/2025\/04\/5.jpg 1200w\" sizes=\"(max-width: 1024px) 100vw, 1024px\" \/><\/figure>\n\n\n\n<figure class=\"wp-block-image size-large\"><img loading=\"lazy\" decoding=\"async\" width=\"1024\" height=\"684\" data-id=\"14065\" src=\"https:\/\/mobilitatechisinau.md\/wp-content\/uploads\/2025\/04\/6-1024x684.jpg\" alt=\"\" class=\"wp-image-14065\" srcset=\"https:\/\/mobilitatechisinau.md\/wp-content\/uploads\/2025\/04\/6-1024x684.jpg 1024w, https:\/\/mobilitatechisinau.md\/wp-content\/uploads\/2025\/04\/6-300x200.jpg 300w, https:\/\/mobilitatechisinau.md\/wp-content\/uploads\/2025\/04\/6-768x513.jpg 768w, https:\/\/mobilitatechisinau.md\/wp-content\/uploads\/2025\/04\/6-18x12.jpg 18w, https:\/\/mobilitatechisinau.md\/wp-content\/uploads\/2025\/04\/6-524x350.jpg 524w, https:\/\/mobilitatechisinau.md\/wp-content\/uploads\/2025\/04\/6.jpg 1048w\" sizes=\"(max-width: 1024px) 100vw, 1024px\" \/><\/figure>\n\n\n\n<figure class=\"wp-block-image size-large\"><img loading=\"lazy\" decoding=\"async\" width=\"1024\" height=\"684\" data-id=\"14067\" src=\"https:\/\/mobilitatechisinau.md\/wp-content\/uploads\/2025\/04\/7-1024x684.jpg\" alt=\"\" class=\"wp-image-14067\" srcset=\"https:\/\/mobilitatechisinau.md\/wp-content\/uploads\/2025\/04\/7-1024x684.jpg 1024w, https:\/\/mobilitatechisinau.md\/wp-content\/uploads\/2025\/04\/7-300x200.jpg 300w, https:\/\/mobilitatechisinau.md\/wp-content\/uploads\/2025\/04\/7-768x513.jpg 768w, https:\/\/mobilitatechisinau.md\/wp-content\/uploads\/2025\/04\/7-18x12.jpg 18w, https:\/\/mobilitatechisinau.md\/wp-content\/uploads\/2025\/04\/7-524x350.jpg 524w, https:\/\/mobilitatechisinau.md\/wp-content\/uploads\/2025\/04\/7.jpg 1048w\" sizes=\"(max-width: 1024px) 100vw, 1024px\" \/><\/figure>\n\n\n\n<figure class=\"wp-block-image size-large\"><img loading=\"lazy\" decoding=\"async\" width=\"1024\" height=\"684\" data-id=\"14068\" src=\"https:\/\/mobilitatechisinau.md\/wp-content\/uploads\/2025\/04\/8-1024x684.jpg\" alt=\"\" class=\"wp-image-14068\" srcset=\"https:\/\/mobilitatechisinau.md\/wp-content\/uploads\/2025\/04\/8-1024x684.jpg 1024w, https:\/\/mobilitatechisinau.md\/wp-content\/uploads\/2025\/04\/8-300x200.jpg 300w, https:\/\/mobilitatechisinau.md\/wp-content\/uploads\/2025\/04\/8-768x513.jpg 768w, https:\/\/mobilitatechisinau.md\/wp-content\/uploads\/2025\/04\/8-18x12.jpg 18w, https:\/\/mobilitatechisinau.md\/wp-content\/uploads\/2025\/04\/8-524x350.jpg 524w, https:\/\/mobilitatechisinau.md\/wp-content\/uploads\/2025\/04\/8.jpg 1048w\" sizes=\"(max-width: 1024px) 100vw, 1024px\" \/><\/figure>\n\n\n\n<figure class=\"wp-block-image size-large\"><img loading=\"lazy\" decoding=\"async\" width=\"1024\" height=\"570\" data-id=\"14069\" src=\"https:\/\/mobilitatechisinau.md\/wp-content\/uploads\/2025\/04\/9-1024x570.jpg\" alt=\"\" class=\"wp-image-14069\" srcset=\"https:\/\/mobilitatechisinau.md\/wp-content\/uploads\/2025\/04\/9-1024x570.jpg 1024w, https:\/\/mobilitatechisinau.md\/wp-content\/uploads\/2025\/04\/9-300x167.jpg 300w, https:\/\/mobilitatechisinau.md\/wp-content\/uploads\/2025\/04\/9-768x428.jpg 768w, https:\/\/mobilitatechisinau.md\/wp-content\/uploads\/2025\/04\/9-18x10.jpg 18w, https:\/\/mobilitatechisinau.md\/wp-content\/uploads\/2025\/04\/9-600x334.jpg 600w, https:\/\/mobilitatechisinau.md\/wp-content\/uploads\/2025\/04\/9.jpg 1200w\" sizes=\"(max-width: 1024px) 100vw, 1024px\" \/><\/figure>\n\n\n\n<figure class=\"wp-block-image size-large\"><img loading=\"lazy\" decoding=\"async\" width=\"1024\" height=\"576\" data-id=\"14062\" src=\"https:\/\/mobilitatechisinau.md\/wp-content\/uploads\/2025\/04\/10-1024x576.jpg\" alt=\"\" class=\"wp-image-14062\" srcset=\"https:\/\/mobilitatechisinau.md\/wp-content\/uploads\/2025\/04\/10-1024x576.jpg 1024w, https:\/\/mobilitatechisinau.md\/wp-content\/uploads\/2025\/04\/10-300x169.jpg 300w, https:\/\/mobilitatechisinau.md\/wp-content\/uploads\/2025\/04\/10-768x432.jpg 768w, https:\/\/mobilitatechisinau.md\/wp-content\/uploads\/2025\/04\/10-18x10.jpg 18w, https:\/\/mobilitatechisinau.md\/wp-content\/uploads\/2025\/04\/10-600x337.jpg 600w, https:\/\/mobilitatechisinau.md\/wp-content\/uploads\/2025\/04\/10.jpg 1200w\" sizes=\"(max-width: 1024px) 100vw, 1024px\" \/><\/figure>\n<\/figure>\n","protected":false},"excerpt":{"rendered":"<p>Un grup de studen\u021bi de la Facultatea de Urbanism \u0219i Arhitectur\u0103 a Universit\u0103\u021bii Tehnice a Moldovei a efectuat ast\u0103zi, 27 martie 2025, o vizit\u0103 de studiu la Centrul de Monitorizare a Traficului din cadrul Direc\u021biei Generale Mobilitate Urban\u0103. La discu\u021bii au participat echipa proiectului \u201eMOVEIT like Lublin\u201d, studen\u021bii \u0219i profesorii Facult\u0103\u021bii de Urbanism \u0219i Arhitectur\u0103, [&hellip;]<\/p>\n","protected":false},"author":1,"featured_media":14060,"comment_status":"closed","ping_status":"open","sticky":false,"template":"","format":"standard","meta":{"footnotes":""},"categories":[92],"tags":[],"class_list":["post-14059","post","type-post","status-publish","format-standard","has-post-thumbnail","hentry","category-comunicate"],"yoast_head":"<!-- This site is optimized with the Yoast SEO plugin v23.9 - https:\/\/yoast.com\/wordpress\/plugins\/seo\/ -->\n<title>Studen\u021bi ai Facult\u0103\u021bii de Urbanism \u0219i Arhitectur\u0103, \u00een vizit\u0103 de studiu la Centrul de Monitorizare a Traficului din Chi\u0219in\u0103u - mobilitatechisinau.md<\/title>\n<meta name=\"robots\" content=\"index, follow, max-snippet:-1, max-image-preview:large, max-video-preview:-1\" \/>\n<link rel=\"canonical\" href=\"https:\/\/mobilitatechisinau.md\/?p=14059\" \/>\n<meta property=\"og:locale\" content=\"ro_RO\" \/>\n<meta property=\"og:type\" content=\"article\" \/>\n<meta property=\"og:title\" content=\"Studen\u021bi ai Facult\u0103\u021bii de Urbanism \u0219i Arhitectur\u0103, \u00een vizit\u0103 de studiu la Centrul de Monitorizare a Traficului din Chi\u0219in\u0103u - mobilitatechisinau.md\" \/>\n<meta property=\"og:description\" content=\"Un grup de studen\u021bi de la Facultatea de Urbanism \u0219i Arhitectur\u0103 a Universit\u0103\u021bii Tehnice a Moldovei a efectuat ast\u0103zi, 27 martie 2025, o vizit\u0103 de studiu la Centrul de Monitorizare a Traficului din cadrul Direc\u021biei Generale Mobilitate Urban\u0103. La discu\u021bii au participat echipa proiectului \u201eMOVEIT like Lublin\u201d, studen\u021bii \u0219i profesorii Facult\u0103\u021bii de Urbanism \u0219i Arhitectur\u0103, [&hellip;]\" \/>\n<meta property=\"og:url\" content=\"https:\/\/mobilitatechisinau.md\/?p=14059\" \/>\n<meta property=\"og:site_name\" content=\"mobilitatechisinau.md\" \/>\n<meta property=\"article:publisher\" content=\"https:\/\/www.facebook.com\/DGTPCC\" \/>\n<meta property=\"article:published_time\" content=\"2025-03-27T11:05:40+00:00\" \/>\n<meta property=\"article:modified_time\" content=\"2025-04-02T11:06:45+00:00\" \/>\n<meta property=\"og:image\" content=\"https:\/\/mobilitatechisinau.md\/wp-content\/uploads\/2025\/04\/grup-de-studenti.jpg\" \/>\n\t<meta property=\"og:image:width\" content=\"1200\" \/>\n\t<meta property=\"og:image:height\" content=\"700\" \/>\n\t<meta property=\"og:image:type\" content=\"image\/jpeg\" \/>\n<meta name=\"author\" content=\"dgtpcc.md\" \/>\n<meta name=\"twitter:card\" content=\"summary_large_image\" \/>\n<meta name=\"twitter:label1\" content=\"Scris de\" \/>\n\t<meta name=\"twitter:data1\" content=\"dgtpcc.md\" \/>\n\t<meta name=\"twitter:label2\" content=\"Timp estimat pentru citire\" \/>\n\t<meta name=\"twitter:data2\" content=\"4 minute\" \/>\n<script type=\"application\/ld+json\" class=\"yoast-schema-graph\">{\"@context\":\"https:\/\/schema.org\",\"@graph\":[{\"@type\":\"Article\",\"@id\":\"https:\/\/mobilitatechisinau.md\/?p=14059#article\",\"isPartOf\":{\"@id\":\"https:\/\/mobilitatechisinau.md\/?p=14059\"},\"author\":{\"name\":\"dgtpcc.md\",\"@id\":\"https:\/\/mobilitatechisinau.md\/#\/schema\/person\/c25d28ff5553bea759689e10224709c7\"},\"headline\":\"Studen\u021bi ai Facult\u0103\u021bii de Urbanism \u0219i Arhitectur\u0103, \u00een vizit\u0103 de studiu la Centrul de Monitorizare a Traficului din Chi\u0219in\u0103u\",\"datePublished\":\"2025-03-27T11:05:40+00:00\",\"dateModified\":\"2025-04-02T11:06:45+00:00\",\"mainEntityOfPage\":{\"@id\":\"https:\/\/mobilitatechisinau.md\/?p=14059\"},\"wordCount\":401,\"publisher\":{\"@id\":\"https:\/\/mobilitatechisinau.md\/#organization\"},\"image\":{\"@id\":\"https:\/\/mobilitatechisinau.md\/?p=14059#primaryimage\"},\"thumbnailUrl\":\"https:\/\/mobilitatechisinau.md\/wp-content\/uploads\/2025\/04\/grup-de-studenti.jpg\",\"articleSection\":[\"Comunicate de pres\u0103\"],\"inLanguage\":\"ro-RO\"},{\"@type\":\"WebPage\",\"@id\":\"https:\/\/mobilitatechisinau.md\/?p=14059\",\"url\":\"https:\/\/mobilitatechisinau.md\/?p=14059\",\"name\":\"Studen\u021bi ai Facult\u0103\u021bii de Urbanism \u0219i Arhitectur\u0103, \u00een vizit\u0103 de studiu la Centrul de Monitorizare a Traficului din Chi\u0219in\u0103u - mobilitatechisinau.md\",\"isPartOf\":{\"@id\":\"https:\/\/mobilitatechisinau.md\/#website\"},\"primaryImageOfPage\":{\"@id\":\"https:\/\/mobilitatechisinau.md\/?p=14059#primaryimage\"},\"image\":{\"@id\":\"https:\/\/mobilitatechisinau.md\/?p=14059#primaryimage\"},\"thumbnailUrl\":\"https:\/\/mobilitatechisinau.md\/wp-content\/uploads\/2025\/04\/grup-de-studenti.jpg\",\"datePublished\":\"2025-03-27T11:05:40+00:00\",\"dateModified\":\"2025-04-02T11:06:45+00:00\",\"breadcrumb\":{\"@id\":\"https:\/\/mobilitatechisinau.md\/?p=14059#breadcrumb\"},\"inLanguage\":\"ro-RO\",\"potentialAction\":[{\"@type\":\"ReadAction\",\"target\":[\"https:\/\/mobilitatechisinau.md\/?p=14059\"]}]},{\"@type\":\"ImageObject\",\"inLanguage\":\"ro-RO\",\"@id\":\"https:\/\/mobilitatechisinau.md\/?p=14059#primaryimage\",\"url\":\"https:\/\/mobilitatechisinau.md\/wp-content\/uploads\/2025\/04\/grup-de-studenti.jpg\",\"contentUrl\":\"https:\/\/mobilitatechisinau.md\/wp-content\/uploads\/2025\/04\/grup-de-studenti.jpg\",\"width\":1200,\"height\":700},{\"@type\":\"BreadcrumbList\",\"@id\":\"https:\/\/mobilitatechisinau.md\/?p=14059#breadcrumb\",\"itemListElement\":[{\"@type\":\"ListItem\",\"position\":1,\"name\":\"Prima pagin\u0103\",\"item\":\"https:\/\/mobilitatechisinau.md\/\"},{\"@type\":\"ListItem\",\"position\":2,\"name\":\"Studen\u021bi ai Facult\u0103\u021bii de Urbanism \u0219i Arhitectur\u0103, \u00een vizit\u0103 de studiu la Centrul de Monitorizare a Traficului din Chi\u0219in\u0103u\"}]},{\"@type\":\"WebSite\",\"@id\":\"https:\/\/mobilitatechisinau.md\/#website\",\"url\":\"https:\/\/mobilitatechisinau.md\/\",\"name\":\"mobilitatechisinau.md\",\"description\":\"Direc\u0163ia General\u0103 Mobilitate Urban\u0103\",\"publisher\":{\"@id\":\"https:\/\/mobilitatechisinau.md\/#organization\"},\"potentialAction\":[{\"@type\":\"SearchAction\",\"target\":{\"@type\":\"EntryPoint\",\"urlTemplate\":\"https:\/\/mobilitatechisinau.md\/?s={search_term_string}\"},\"query-input\":{\"@type\":\"PropertyValueSpecification\",\"valueRequired\":true,\"valueName\":\"search_term_string\"}}],\"inLanguage\":\"ro-RO\"},{\"@type\":\"Organization\",\"@id\":\"https:\/\/mobilitatechisinau.md\/#organization\",\"name\":\"Direc\u0163ia general\u0103 transport public \u015fi c\u0103i de comunica\u0163ie\",\"url\":\"https:\/\/mobilitatechisinau.md\/\",\"logo\":{\"@type\":\"ImageObject\",\"inLanguage\":\"ro-RO\",\"@id\":\"https:\/\/mobilitatechisinau.md\/#\/schema\/logo\/image\/\",\"url\":\"https:\/\/dgtpcc.md\/wp-content\/uploads\/2022\/05\/DGTPCC-Chis\u0326ina\u0306u-new.jpg\",\"contentUrl\":\"https:\/\/dgtpcc.md\/wp-content\/uploads\/2022\/05\/DGTPCC-Chis\u0326ina\u0306u-new.jpg\",\"width\":304,\"height\":80,\"caption\":\"Direc\u0163ia general\u0103 transport public \u015fi c\u0103i de comunica\u0163ie\"},\"image\":{\"@id\":\"https:\/\/mobilitatechisinau.md\/#\/schema\/logo\/image\/\"},\"sameAs\":[\"https:\/\/www.facebook.com\/DGTPCC\"]},{\"@type\":\"Person\",\"@id\":\"https:\/\/mobilitatechisinau.md\/#\/schema\/person\/c25d28ff5553bea759689e10224709c7\",\"name\":\"dgtpcc.md\",\"image\":{\"@type\":\"ImageObject\",\"inLanguage\":\"ro-RO\",\"@id\":\"https:\/\/mobilitatechisinau.md\/#\/schema\/person\/image\/\",\"url\":\"https:\/\/secure.gravatar.com\/avatar\/9057a81ed6aa6c63f6d0d045749b3708fa15d612e3a388d9ac7b50072146c906?s=96&d=mm&r=g\",\"contentUrl\":\"https:\/\/secure.gravatar.com\/avatar\/9057a81ed6aa6c63f6d0d045749b3708fa15d612e3a388d9ac7b50072146c906?s=96&d=mm&r=g\",\"caption\":\"dgtpcc.md\"},\"sameAs\":[\"https:\/\/dgtpcc.md\"],\"url\":\"https:\/\/mobilitatechisinau.md\/?author=1\"}]}<\/script>\n<!-- \/ Yoast SEO plugin. -->","yoast_head_json":{"title":"Studen\u021bi ai Facult\u0103\u021bii de Urbanism \u0219i Arhitectur\u0103, \u00een vizit\u0103 de studiu la Centrul de Monitorizare a Traficului din Chi\u0219in\u0103u - mobilitatechisinau.md","robots":{"index":"index","follow":"follow","max-snippet":"max-snippet:-1","max-image-preview":"max-image-preview:large","max-video-preview":"max-video-preview:-1"},"canonical":"https:\/\/mobilitatechisinau.md\/?p=14059","og_locale":"ro_RO","og_type":"article","og_title":"Studen\u021bi ai Facult\u0103\u021bii de Urbanism \u0219i Arhitectur\u0103, \u00een vizit\u0103 de studiu la Centrul de Monitorizare a Traficului din Chi\u0219in\u0103u - mobilitatechisinau.md","og_description":"Un grup de studen\u021bi de la Facultatea de Urbanism \u0219i Arhitectur\u0103 a Universit\u0103\u021bii Tehnice a Moldovei a efectuat ast\u0103zi, 27 martie 2025, o vizit\u0103 de studiu la Centrul de Monitorizare a Traficului din cadrul Direc\u021biei Generale Mobilitate Urban\u0103. La discu\u021bii au participat echipa proiectului \u201eMOVEIT like Lublin\u201d, studen\u021bii \u0219i profesorii Facult\u0103\u021bii de Urbanism \u0219i Arhitectur\u0103, [&hellip;]","og_url":"https:\/\/mobilitatechisinau.md\/?p=14059","og_site_name":"mobilitatechisinau.md","article_publisher":"https:\/\/www.facebook.com\/DGTPCC","article_published_time":"2025-03-27T11:05:40+00:00","article_modified_time":"2025-04-02T11:06:45+00:00","og_image":[{"width":1200,"height":700,"url":"https:\/\/mobilitatechisinau.md\/wp-content\/uploads\/2025\/04\/grup-de-studenti.jpg","type":"image\/jpeg"}],"author":"dgtpcc.md","twitter_card":"summary_large_image","twitter_misc":{"Scris de":"dgtpcc.md","Timp estimat pentru citire":"4 minute"},"schema":{"@context":"https:\/\/schema.org","@graph":[{"@type":"Article","@id":"https:\/\/mobilitatechisinau.md\/?p=14059#article","isPartOf":{"@id":"https:\/\/mobilitatechisinau.md\/?p=14059"},"author":{"name":"dgtpcc.md","@id":"https:\/\/mobilitatechisinau.md\/#\/schema\/person\/c25d28ff5553bea759689e10224709c7"},"headline":"Studen\u021bi ai Facult\u0103\u021bii de Urbanism \u0219i Arhitectur\u0103, \u00een vizit\u0103 de studiu la Centrul de Monitorizare a Traficului din Chi\u0219in\u0103u","datePublished":"2025-03-27T11:05:40+00:00","dateModified":"2025-04-02T11:06:45+00:00","mainEntityOfPage":{"@id":"https:\/\/mobilitatechisinau.md\/?p=14059"},"wordCount":401,"publisher":{"@id":"https:\/\/mobilitatechisinau.md\/#organization"},"image":{"@id":"https:\/\/mobilitatechisinau.md\/?p=14059#primaryimage"},"thumbnailUrl":"https:\/\/mobilitatechisinau.md\/wp-content\/uploads\/2025\/04\/grup-de-studenti.jpg","articleSection":["Comunicate de pres\u0103"],"inLanguage":"ro-RO"},{"@type":"WebPage","@id":"https:\/\/mobilitatechisinau.md\/?p=14059","url":"https:\/\/mobilitatechisinau.md\/?p=14059","name":"Studen\u021bi ai Facult\u0103\u021bii de Urbanism \u0219i Arhitectur\u0103, \u00een vizit\u0103 de studiu la Centrul de Monitorizare a Traficului din Chi\u0219in\u0103u - mobilitatechisinau.md","isPartOf":{"@id":"https:\/\/mobilitatechisinau.md\/#website"},"primaryImageOfPage":{"@id":"https:\/\/mobilitatechisinau.md\/?p=14059#primaryimage"},"image":{"@id":"https:\/\/mobilitatechisinau.md\/?p=14059#primaryimage"},"thumbnailUrl":"https:\/\/mobilitatechisinau.md\/wp-content\/uploads\/2025\/04\/grup-de-studenti.jpg","datePublished":"2025-03-27T11:05:40+00:00","dateModified":"2025-04-02T11:06:45+00:00","breadcrumb":{"@id":"https:\/\/mobilitatechisinau.md\/?p=14059#breadcrumb"},"inLanguage":"ro-RO","potentialAction":[{"@type":"ReadAction","target":["https:\/\/mobilitatechisinau.md\/?p=14059"]}]},{"@type":"ImageObject","inLanguage":"ro-RO","@id":"https:\/\/mobilitatechisinau.md\/?p=14059#primaryimage","url":"https:\/\/mobilitatechisinau.md\/wp-content\/uploads\/2025\/04\/grup-de-studenti.jpg","contentUrl":"https:\/\/mobilitatechisinau.md\/wp-content\/uploads\/2025\/04\/grup-de-studenti.jpg","width":1200,"height":700},{"@type":"BreadcrumbList","@id":"https:\/\/mobilitatechisinau.md\/?p=14059#breadcrumb","itemListElement":[{"@type":"ListItem","position":1,"name":"Prima pagin\u0103","item":"https:\/\/mobilitatechisinau.md\/"},{"@type":"ListItem","position":2,"name":"Studen\u021bi ai Facult\u0103\u021bii de Urbanism \u0219i Arhitectur\u0103, \u00een vizit\u0103 de studiu la Centrul de Monitorizare a Traficului din Chi\u0219in\u0103u"}]},{"@type":"WebSite","@id":"https:\/\/mobilitatechisinau.md\/#website","url":"https:\/\/mobilitatechisinau.md\/","name":"mobilitatechisinau.md","description":"Direc\u0163ia General\u0103 Mobilitate Urban\u0103","publisher":{"@id":"https:\/\/mobilitatechisinau.md\/#organization"},"potentialAction":[{"@type":"SearchAction","target":{"@type":"EntryPoint","urlTemplate":"https:\/\/mobilitatechisinau.md\/?s={search_term_string}"},"query-input":{"@type":"PropertyValueSpecification","valueRequired":true,"valueName":"search_term_string"}}],"inLanguage":"ro-RO"},{"@type":"Organization","@id":"https:\/\/mobilitatechisinau.md\/#organization","name":"Direc\u0163ia general\u0103 transport public \u015fi c\u0103i de comunica\u0163ie","url":"https:\/\/mobilitatechisinau.md\/","logo":{"@type":"ImageObject","inLanguage":"ro-RO","@id":"https:\/\/mobilitatechisinau.md\/#\/schema\/logo\/image\/","url":"https:\/\/dgtpcc.md\/wp-content\/uploads\/2022\/05\/DGTPCC-Chis\u0326ina\u0306u-new.jpg","contentUrl":"https:\/\/dgtpcc.md\/wp-content\/uploads\/2022\/05\/DGTPCC-Chis\u0326ina\u0306u-new.jpg","width":304,"height":80,"caption":"Direc\u0163ia general\u0103 transport public \u015fi c\u0103i de comunica\u0163ie"},"image":{"@id":"https:\/\/mobilitatechisinau.md\/#\/schema\/logo\/image\/"},"sameAs":["https:\/\/www.facebook.com\/DGTPCC"]},{"@type":"Person","@id":"https:\/\/mobilitatechisinau.md\/#\/schema\/person\/c25d28ff5553bea759689e10224709c7","name":"dgtpcc.md","image":{"@type":"ImageObject","inLanguage":"ro-RO","@id":"https:\/\/mobilitatechisinau.md\/#\/schema\/person\/image\/","url":"https:\/\/secure.gravatar.com\/avatar\/9057a81ed6aa6c63f6d0d045749b3708fa15d612e3a388d9ac7b50072146c906?s=96&d=mm&r=g","contentUrl":"https:\/\/secure.gravatar.com\/avatar\/9057a81ed6aa6c63f6d0d045749b3708fa15d612e3a388d9ac7b50072146c906?s=96&d=mm&r=g","caption":"dgtpcc.md"},"sameAs":["https:\/\/dgtpcc.md"],"url":"https:\/\/mobilitatechisinau.md\/?author=1"}]}},"_links":{"self":[{"href":"https:\/\/mobilitatechisinau.md\/index.php?rest_route=\/wp\/v2\/posts\/14059","targetHints":{"allow":["GET"]}}],"collection":[{"href":"https:\/\/mobilitatechisinau.md\/index.php?rest_route=\/wp\/v2\/posts"}],"about":[{"href":"https:\/\/mobilitatechisinau.md\/index.php?rest_route=\/wp\/v2\/types\/post"}],"author":[{"embeddable":true,"href":"https:\/\/mobilitatechisinau.md\/index.php?rest_route=\/wp\/v2\/users\/1"}],"replies":[{"embeddable":true,"href":"https:\/\/mobilitatechisinau.md\/index.php?rest_route=%2Fwp%2Fv2%2Fcomments&post=14059"}],"version-history":[{"count":1,"href":"https:\/\/mobilitatechisinau.md\/index.php?rest_route=\/wp\/v2\/posts\/14059\/revisions"}],"predecessor-version":[{"id":14070,"href":"https:\/\/mobilitatechisinau.md\/index.php?rest_route=\/wp\/v2\/posts\/14059\/revisions\/14070"}],"wp:featuredmedia":[{"embeddable":true,"href":"https:\/\/mobilitatechisinau.md\/index.php?rest_route=\/wp\/v2\/media\/14060"}],"wp:attachment":[{"href":"https:\/\/mobilitatechisinau.md\/index.php?rest_route=%2Fwp%2Fv2%2Fmedia&parent=14059"}],"wp:term":[{"taxonomy":"category","embeddable":true,"href":"https:\/\/mobilitatechisinau.md\/index.php?rest_route=%2Fwp%2Fv2%2Fcategories&post=14059"},{"taxonomy":"post_tag","embeddable":true,"href":"https:\/\/mobilitatechisinau.md\/index.php?rest_route=%2Fwp%2Fv2%2Ftags&post=14059"}],"curies":[{"name":"wp","href":"https:\/\/api.w.org\/{rel}","templated":true}]}}