{"id":14105,"date":"2025-04-07T16:09:00","date_gmt":"2025-04-07T14:09:00","guid":{"rendered":"https:\/\/mobilitatechisinau.md\/?p=14105"},"modified":"2025-04-07T23:16:52","modified_gmt":"2025-04-07T21:16:52","slug":"lucrari-de-reparatie-si-intretinere-a-infrastructurii-rutiere-municipale-executate-pe-parcursul-saptamanii-trecute-26","status":"publish","type":"post","link":"https:\/\/mobilitatechisinau.md\/?p=14105","title":{"rendered":"Lucr\u0103ri de repara\u021bie \u0219i \u00eentre\u021binere a infrastructurii rutiere municipale executate pe parcursul s\u0103pt\u0103m\u00e2nii trecute"},"content":{"rendered":"\n<p>\u00cen perioada 31 martie \u2013 06 aprilie 2025, Regia \u201eExdrupo\u201d a \u00eentreprins mai multe ac\u021biuni pentru \u00eentre\u021binere a infrastructurii rutiere municipale.<\/p>\n\n\n\n<p>Printre lucr\u0103rile executate pot fi men\u021bionate:<\/p>\n\n\n\n<p>\u00cenlocuirea bordurilor deteriorate pe str\u0103zile Liviu Deleanu, Constantin Stere, Maria Dr\u0103gan, Calea Orheiului \u0219i bd. Dacia;<\/p>\n\n\n\n<p>Cobor\u00e2rea bordurilor la cota drumului la mai multe treceri pietonale de pe str\u0103zile Vasile Alexandri \u0219i Ismail, pentru a cre\u0219te accesibilitatea \u0219i siguran\u021ba \u00een zonele respective.<\/p>\n\n\n\n<p>Frezarea denivel\u0103rilor de pe carosabil, formate din cauza tas\u0103rilor sau a degrad\u0103rii stratului de uzur\u0103;<\/p>\n\n\n\n<p>Supral\u0103rgirea unei sta\u021bii de transport public de pe strada Calea Ie\u0219ilor, prin amenajarea \u00een pavaj a zonei de a\u0219teptare;<\/p>\n\n\n\n<p>De asemenea, \u00een perioada de referin\u021b\u0103 au fost cur\u0103\u021bate circa 160 de re\u021bele \u0219i guri de captare de la sistemul pluvial, iar alte elemente au fost reparate;<\/p>\n\n\n\n<p>Mai multe str\u0103zi din ora\u0219 \u0219i pasajele subterane au fost salubrizate, iar pe 55 artere principale a fost sp\u0103lat carosabilul;<\/p>\n\n\n\n<p>La fel, a fost sp\u0103lat parapetul de protec\u021bie pe str\u0103zile Calea Mo\u0219ilor, Calea Basarabiei, Ismail, N. Milescu-Sp\u0103tarul, Mihail Sadoveanu, \u0218os. H\u00e2nce\u0219ti \u0219i Estacada S\u00eengera, pe o lungime total\u0103 de peste 3 600 metri lineari;<\/p>\n\n\n\n<p>Pentru sporirea siguran\u021bei \u00een trafic, au fost re\u00eennoite marcajele rutiere pe o suprafa\u021b\u0103 total\u0103 de peste 1300 m.p. \u00cen acela\u0219i timp,100 de indicatoare rutiere au fost reparate, iar alte 24 au fost noi montate.<\/p>\n\n\n\n<p>Lucr\u0103rile de \u00eentre\u021binere vor continua \u0219i \u00een s\u0103pt\u0103m\u00e2na curent\u0103.<\/p>\n\n\n\n<figure class=\"wp-block-gallery has-nested-images columns-default is-cropped wp-block-gallery-1 is-layout-flex wp-block-gallery-is-layout-flex\">\n<figure class=\"wp-block-image size-large\"><img fetchpriority=\"high\" decoding=\"async\" width=\"525\" height=\"700\" data-id=\"14110\" src=\"https:\/\/mobilitatechisinau.md\/wp-content\/uploads\/2025\/04\/2-2.jpg\" alt=\"\" class=\"wp-image-14110\" srcset=\"https:\/\/mobilitatechisinau.md\/wp-content\/uploads\/2025\/04\/2-2.jpg 525w, https:\/\/mobilitatechisinau.md\/wp-content\/uploads\/2025\/04\/2-2-225x300.jpg 225w, https:\/\/mobilitatechisinau.md\/wp-content\/uploads\/2025\/04\/2-2-9x12.jpg 9w, https:\/\/mobilitatechisinau.md\/wp-content\/uploads\/2025\/04\/2-2-262x350.jpg 262w\" sizes=\"(max-width: 525px) 100vw, 525px\" \/><\/figure>\n\n\n\n<figure class=\"wp-block-image size-large\"><img decoding=\"async\" width=\"394\" height=\"700\" data-id=\"14108\" src=\"https:\/\/mobilitatechisinau.md\/wp-content\/uploads\/2025\/04\/3-1.jpg\" alt=\"\" class=\"wp-image-14108\" srcset=\"https:\/\/mobilitatechisinau.md\/wp-content\/uploads\/2025\/04\/3-1.jpg 394w, https:\/\/mobilitatechisinau.md\/wp-content\/uploads\/2025\/04\/3-1-169x300.jpg 169w, https:\/\/mobilitatechisinau.md\/wp-content\/uploads\/2025\/04\/3-1-7x12.jpg 7w, https:\/\/mobilitatechisinau.md\/wp-content\/uploads\/2025\/04\/3-1-197x350.jpg 197w\" sizes=\"(max-width: 394px) 100vw, 394px\" \/><\/figure>\n\n\n\n<figure class=\"wp-block-image size-large\"><img decoding=\"async\" width=\"1024\" height=\"577\" data-id=\"14112\" src=\"https:\/\/mobilitatechisinau.md\/wp-content\/uploads\/2025\/04\/4-2-1024x577.jpg\" alt=\"\" class=\"wp-image-14112\" srcset=\"https:\/\/mobilitatechisinau.md\/wp-content\/uploads\/2025\/04\/4-2-1024x577.jpg 1024w, https:\/\/mobilitatechisinau.md\/wp-content\/uploads\/2025\/04\/4-2-300x169.jpg 300w, https:\/\/mobilitatechisinau.md\/wp-content\/uploads\/2025\/04\/4-2-768x433.jpg 768w, https:\/\/mobilitatechisinau.md\/wp-content\/uploads\/2025\/04\/4-2-18x10.jpg 18w, https:\/\/mobilitatechisinau.md\/wp-content\/uploads\/2025\/04\/4-2-600x338.jpg 600w, https:\/\/mobilitatechisinau.md\/wp-content\/uploads\/2025\/04\/4-2.jpg 1200w\" sizes=\"(max-width: 1024px) 100vw, 1024px\" \/><\/figure>\n\n\n\n<figure class=\"wp-block-image size-large\"><img loading=\"lazy\" decoding=\"async\" width=\"394\" height=\"700\" data-id=\"14107\" src=\"https:\/\/mobilitatechisinau.md\/wp-content\/uploads\/2025\/04\/5-2.jpg\" alt=\"\" class=\"wp-image-14107\" srcset=\"https:\/\/mobilitatechisinau.md\/wp-content\/uploads\/2025\/04\/5-2.jpg 394w, https:\/\/mobilitatechisinau.md\/wp-content\/uploads\/2025\/04\/5-2-169x300.jpg 169w, https:\/\/mobilitatechisinau.md\/wp-content\/uploads\/2025\/04\/5-2-7x12.jpg 7w, https:\/\/mobilitatechisinau.md\/wp-content\/uploads\/2025\/04\/5-2-197x350.jpg 197w\" sizes=\"(max-width: 394px) 100vw, 394px\" \/><\/figure>\n\n\n\n<figure class=\"wp-block-image size-large\"><img loading=\"lazy\" decoding=\"async\" width=\"933\" height=\"700\" data-id=\"14111\" src=\"https:\/\/mobilitatechisinau.md\/wp-content\/uploads\/2025\/04\/6-2.jpg\" alt=\"\" class=\"wp-image-14111\" srcset=\"https:\/\/mobilitatechisinau.md\/wp-content\/uploads\/2025\/04\/6-2.jpg 933w, https:\/\/mobilitatechisinau.md\/wp-content\/uploads\/2025\/04\/6-2-300x225.jpg 300w, https:\/\/mobilitatechisinau.md\/wp-content\/uploads\/2025\/04\/6-2-768x576.jpg 768w, https:\/\/mobilitatechisinau.md\/wp-content\/uploads\/2025\/04\/6-2-16x12.jpg 16w, https:\/\/mobilitatechisinau.md\/wp-content\/uploads\/2025\/04\/6-2-466x350.jpg 466w\" sizes=\"(max-width: 933px) 100vw, 933px\" \/><\/figure>\n\n\n\n<figure class=\"wp-block-image size-large\"><img loading=\"lazy\" decoding=\"async\" width=\"525\" height=\"700\" data-id=\"14109\" src=\"https:\/\/mobilitatechisinau.md\/wp-content\/uploads\/2025\/04\/7-2.jpg\" alt=\"\" class=\"wp-image-14109\" srcset=\"https:\/\/mobilitatechisinau.md\/wp-content\/uploads\/2025\/04\/7-2.jpg 525w, https:\/\/mobilitatechisinau.md\/wp-content\/uploads\/2025\/04\/7-2-225x300.jpg 225w, https:\/\/mobilitatechisinau.md\/wp-content\/uploads\/2025\/04\/7-2-9x12.jpg 9w, https:\/\/mobilitatechisinau.md\/wp-content\/uploads\/2025\/04\/7-2-262x350.jpg 262w\" sizes=\"(max-width: 525px) 100vw, 525px\" \/><\/figure>\n<\/figure>\n","protected":false},"excerpt":{"rendered":"<p>\u00cen perioada 31 martie \u2013 06 aprilie 2025, Regia \u201eExdrupo\u201d a \u00eentreprins mai multe ac\u021biuni pentru \u00eentre\u021binere a infrastructurii rutiere municipale. Printre lucr\u0103rile executate pot fi men\u021bionate: \u00cenlocuirea bordurilor deteriorate pe str\u0103zile Liviu Deleanu, Constantin Stere, Maria Dr\u0103gan, Calea Orheiului \u0219i bd. Dacia; Cobor\u00e2rea bordurilor la cota drumului la mai multe treceri pietonale de pe [&hellip;]<\/p>\n","protected":false},"author":1,"featured_media":14106,"comment_status":"closed","ping_status":"open","sticky":false,"template":"","format":"standard","meta":{"footnotes":""},"categories":[92],"tags":[],"class_list":["post-14105","post","type-post","status-publish","format-standard","has-post-thumbnail","hentry","category-comunicate"],"yoast_head":"<!-- This site is optimized with the Yoast SEO plugin v23.9 - https:\/\/yoast.com\/wordpress\/plugins\/seo\/ -->\n<title>Lucr\u0103ri de repara\u021bie \u0219i \u00eentre\u021binere a infrastructurii rutiere municipale executate pe parcursul s\u0103pt\u0103m\u00e2nii trecute - mobilitatechisinau.md<\/title>\n<meta name=\"robots\" content=\"index, follow, max-snippet:-1, max-image-preview:large, max-video-preview:-1\" \/>\n<link rel=\"canonical\" href=\"https:\/\/mobilitatechisinau.md\/?p=14105\" \/>\n<meta property=\"og:locale\" content=\"ro_RO\" \/>\n<meta property=\"og:type\" content=\"article\" \/>\n<meta property=\"og:title\" content=\"Lucr\u0103ri de repara\u021bie \u0219i \u00eentre\u021binere a infrastructurii rutiere municipale executate pe parcursul s\u0103pt\u0103m\u00e2nii trecute - mobilitatechisinau.md\" \/>\n<meta property=\"og:description\" content=\"\u00cen perioada 31 martie \u2013 06 aprilie 2025, Regia \u201eExdrupo\u201d a \u00eentreprins mai multe ac\u021biuni pentru \u00eentre\u021binere a infrastructurii rutiere municipale. Printre lucr\u0103rile executate pot fi men\u021bionate: \u00cenlocuirea bordurilor deteriorate pe str\u0103zile Liviu Deleanu, Constantin Stere, Maria Dr\u0103gan, Calea Orheiului \u0219i bd. Dacia; Cobor\u00e2rea bordurilor la cota drumului la mai multe treceri pietonale de pe [&hellip;]\" \/>\n<meta property=\"og:url\" content=\"https:\/\/mobilitatechisinau.md\/?p=14105\" \/>\n<meta property=\"og:site_name\" content=\"mobilitatechisinau.md\" \/>\n<meta property=\"article:publisher\" content=\"https:\/\/www.facebook.com\/DGTPCC\" \/>\n<meta property=\"article:published_time\" content=\"2025-04-07T14:09:00+00:00\" \/>\n<meta property=\"article:modified_time\" content=\"2025-04-07T21:16:52+00:00\" \/>\n<meta property=\"og:image\" content=\"https:\/\/mobilitatechisinau.md\/wp-content\/uploads\/2025\/04\/7-aprilie.jpg\" \/>\n\t<meta property=\"og:image:width\" content=\"1200\" \/>\n\t<meta property=\"og:image:height\" content=\"700\" \/>\n\t<meta property=\"og:image:type\" content=\"image\/jpeg\" \/>\n<meta name=\"author\" content=\"dgtpcc.md\" \/>\n<meta name=\"twitter:card\" content=\"summary_large_image\" \/>\n<meta name=\"twitter:label1\" content=\"Scris de\" \/>\n\t<meta name=\"twitter:data1\" content=\"dgtpcc.md\" \/>\n\t<meta name=\"twitter:label2\" content=\"Timp estimat pentru citire\" \/>\n\t<meta name=\"twitter:data2\" content=\"3 minute\" \/>\n<script type=\"application\/ld+json\" class=\"yoast-schema-graph\">{\"@context\":\"https:\/\/schema.org\",\"@graph\":[{\"@type\":\"Article\",\"@id\":\"https:\/\/mobilitatechisinau.md\/?p=14105#article\",\"isPartOf\":{\"@id\":\"https:\/\/mobilitatechisinau.md\/?p=14105\"},\"author\":{\"name\":\"dgtpcc.md\",\"@id\":\"https:\/\/mobilitatechisinau.md\/#\/schema\/person\/c25d28ff5553bea759689e10224709c7\"},\"headline\":\"Lucr\u0103ri de repara\u021bie \u0219i \u00eentre\u021binere a infrastructurii rutiere municipale executate pe parcursul s\u0103pt\u0103m\u00e2nii trecute\",\"datePublished\":\"2025-04-07T14:09:00+00:00\",\"dateModified\":\"2025-04-07T21:16:52+00:00\",\"mainEntityOfPage\":{\"@id\":\"https:\/\/mobilitatechisinau.md\/?p=14105\"},\"wordCount\":275,\"publisher\":{\"@id\":\"https:\/\/mobilitatechisinau.md\/#organization\"},\"image\":{\"@id\":\"https:\/\/mobilitatechisinau.md\/?p=14105#primaryimage\"},\"thumbnailUrl\":\"https:\/\/mobilitatechisinau.md\/wp-content\/uploads\/2025\/04\/7-aprilie.jpg\",\"articleSection\":[\"Comunicate de pres\u0103\"],\"inLanguage\":\"ro-RO\"},{\"@type\":\"WebPage\",\"@id\":\"https:\/\/mobilitatechisinau.md\/?p=14105\",\"url\":\"https:\/\/mobilitatechisinau.md\/?p=14105\",\"name\":\"Lucr\u0103ri de repara\u021bie \u0219i \u00eentre\u021binere a infrastructurii rutiere municipale executate pe parcursul s\u0103pt\u0103m\u00e2nii trecute - mobilitatechisinau.md\",\"isPartOf\":{\"@id\":\"https:\/\/mobilitatechisinau.md\/#website\"},\"primaryImageOfPage\":{\"@id\":\"https:\/\/mobilitatechisinau.md\/?p=14105#primaryimage\"},\"image\":{\"@id\":\"https:\/\/mobilitatechisinau.md\/?p=14105#primaryimage\"},\"thumbnailUrl\":\"https:\/\/mobilitatechisinau.md\/wp-content\/uploads\/2025\/04\/7-aprilie.jpg\",\"datePublished\":\"2025-04-07T14:09:00+00:00\",\"dateModified\":\"2025-04-07T21:16:52+00:00\",\"breadcrumb\":{\"@id\":\"https:\/\/mobilitatechisinau.md\/?p=14105#breadcrumb\"},\"inLanguage\":\"ro-RO\",\"potentialAction\":[{\"@type\":\"ReadAction\",\"target\":[\"https:\/\/mobilitatechisinau.md\/?p=14105\"]}]},{\"@type\":\"ImageObject\",\"inLanguage\":\"ro-RO\",\"@id\":\"https:\/\/mobilitatechisinau.md\/?p=14105#primaryimage\",\"url\":\"https:\/\/mobilitatechisinau.md\/wp-content\/uploads\/2025\/04\/7-aprilie.jpg\",\"contentUrl\":\"https:\/\/mobilitatechisinau.md\/wp-content\/uploads\/2025\/04\/7-aprilie.jpg\",\"width\":1200,\"height\":700},{\"@type\":\"BreadcrumbList\",\"@id\":\"https:\/\/mobilitatechisinau.md\/?p=14105#breadcrumb\",\"itemListElement\":[{\"@type\":\"ListItem\",\"position\":1,\"name\":\"Prima pagin\u0103\",\"item\":\"https:\/\/mobilitatechisinau.md\/\"},{\"@type\":\"ListItem\",\"position\":2,\"name\":\"Lucr\u0103ri de repara\u021bie \u0219i \u00eentre\u021binere a infrastructurii rutiere municipale executate pe parcursul s\u0103pt\u0103m\u00e2nii trecute\"}]},{\"@type\":\"WebSite\",\"@id\":\"https:\/\/mobilitatechisinau.md\/#website\",\"url\":\"https:\/\/mobilitatechisinau.md\/\",\"name\":\"mobilitatechisinau.md\",\"description\":\"Direc\u0163ia General\u0103 Mobilitate Urban\u0103\",\"publisher\":{\"@id\":\"https:\/\/mobilitatechisinau.md\/#organization\"},\"potentialAction\":[{\"@type\":\"SearchAction\",\"target\":{\"@type\":\"EntryPoint\",\"urlTemplate\":\"https:\/\/mobilitatechisinau.md\/?s={search_term_string}\"},\"query-input\":{\"@type\":\"PropertyValueSpecification\",\"valueRequired\":true,\"valueName\":\"search_term_string\"}}],\"inLanguage\":\"ro-RO\"},{\"@type\":\"Organization\",\"@id\":\"https:\/\/mobilitatechisinau.md\/#organization\",\"name\":\"Direc\u0163ia general\u0103 transport public \u015fi c\u0103i de comunica\u0163ie\",\"url\":\"https:\/\/mobilitatechisinau.md\/\",\"logo\":{\"@type\":\"ImageObject\",\"inLanguage\":\"ro-RO\",\"@id\":\"https:\/\/mobilitatechisinau.md\/#\/schema\/logo\/image\/\",\"url\":\"https:\/\/dgtpcc.md\/wp-content\/uploads\/2022\/05\/DGTPCC-Chis\u0326ina\u0306u-new.jpg\",\"contentUrl\":\"https:\/\/dgtpcc.md\/wp-content\/uploads\/2022\/05\/DGTPCC-Chis\u0326ina\u0306u-new.jpg\",\"width\":304,\"height\":80,\"caption\":\"Direc\u0163ia general\u0103 transport public \u015fi c\u0103i de comunica\u0163ie\"},\"image\":{\"@id\":\"https:\/\/mobilitatechisinau.md\/#\/schema\/logo\/image\/\"},\"sameAs\":[\"https:\/\/www.facebook.com\/DGTPCC\"]},{\"@type\":\"Person\",\"@id\":\"https:\/\/mobilitatechisinau.md\/#\/schema\/person\/c25d28ff5553bea759689e10224709c7\",\"name\":\"dgtpcc.md\",\"image\":{\"@type\":\"ImageObject\",\"inLanguage\":\"ro-RO\",\"@id\":\"https:\/\/mobilitatechisinau.md\/#\/schema\/person\/image\/\",\"url\":\"https:\/\/secure.gravatar.com\/avatar\/9057a81ed6aa6c63f6d0d045749b3708fa15d612e3a388d9ac7b50072146c906?s=96&d=mm&r=g\",\"contentUrl\":\"https:\/\/secure.gravatar.com\/avatar\/9057a81ed6aa6c63f6d0d045749b3708fa15d612e3a388d9ac7b50072146c906?s=96&d=mm&r=g\",\"caption\":\"dgtpcc.md\"},\"sameAs\":[\"https:\/\/dgtpcc.md\"],\"url\":\"https:\/\/mobilitatechisinau.md\/?author=1\"}]}<\/script>\n<!-- \/ Yoast SEO plugin. -->","yoast_head_json":{"title":"Lucr\u0103ri de repara\u021bie \u0219i \u00eentre\u021binere a infrastructurii rutiere municipale executate pe parcursul s\u0103pt\u0103m\u00e2nii trecute - mobilitatechisinau.md","robots":{"index":"index","follow":"follow","max-snippet":"max-snippet:-1","max-image-preview":"max-image-preview:large","max-video-preview":"max-video-preview:-1"},"canonical":"https:\/\/mobilitatechisinau.md\/?p=14105","og_locale":"ro_RO","og_type":"article","og_title":"Lucr\u0103ri de repara\u021bie \u0219i \u00eentre\u021binere a infrastructurii rutiere municipale executate pe parcursul s\u0103pt\u0103m\u00e2nii trecute - mobilitatechisinau.md","og_description":"\u00cen perioada 31 martie \u2013 06 aprilie 2025, Regia \u201eExdrupo\u201d a \u00eentreprins mai multe ac\u021biuni pentru \u00eentre\u021binere a infrastructurii rutiere municipale. Printre lucr\u0103rile executate pot fi men\u021bionate: \u00cenlocuirea bordurilor deteriorate pe str\u0103zile Liviu Deleanu, Constantin Stere, Maria Dr\u0103gan, Calea Orheiului \u0219i bd. Dacia; Cobor\u00e2rea bordurilor la cota drumului la mai multe treceri pietonale de pe [&hellip;]","og_url":"https:\/\/mobilitatechisinau.md\/?p=14105","og_site_name":"mobilitatechisinau.md","article_publisher":"https:\/\/www.facebook.com\/DGTPCC","article_published_time":"2025-04-07T14:09:00+00:00","article_modified_time":"2025-04-07T21:16:52+00:00","og_image":[{"width":1200,"height":700,"url":"https:\/\/mobilitatechisinau.md\/wp-content\/uploads\/2025\/04\/7-aprilie.jpg","type":"image\/jpeg"}],"author":"dgtpcc.md","twitter_card":"summary_large_image","twitter_misc":{"Scris de":"dgtpcc.md","Timp estimat pentru citire":"3 minute"},"schema":{"@context":"https:\/\/schema.org","@graph":[{"@type":"Article","@id":"https:\/\/mobilitatechisinau.md\/?p=14105#article","isPartOf":{"@id":"https:\/\/mobilitatechisinau.md\/?p=14105"},"author":{"name":"dgtpcc.md","@id":"https:\/\/mobilitatechisinau.md\/#\/schema\/person\/c25d28ff5553bea759689e10224709c7"},"headline":"Lucr\u0103ri de repara\u021bie \u0219i \u00eentre\u021binere a infrastructurii rutiere municipale executate pe parcursul s\u0103pt\u0103m\u00e2nii trecute","datePublished":"2025-04-07T14:09:00+00:00","dateModified":"2025-04-07T21:16:52+00:00","mainEntityOfPage":{"@id":"https:\/\/mobilitatechisinau.md\/?p=14105"},"wordCount":275,"publisher":{"@id":"https:\/\/mobilitatechisinau.md\/#organization"},"image":{"@id":"https:\/\/mobilitatechisinau.md\/?p=14105#primaryimage"},"thumbnailUrl":"https:\/\/mobilitatechisinau.md\/wp-content\/uploads\/2025\/04\/7-aprilie.jpg","articleSection":["Comunicate de pres\u0103"],"inLanguage":"ro-RO"},{"@type":"WebPage","@id":"https:\/\/mobilitatechisinau.md\/?p=14105","url":"https:\/\/mobilitatechisinau.md\/?p=14105","name":"Lucr\u0103ri de repara\u021bie \u0219i \u00eentre\u021binere a infrastructurii rutiere municipale executate pe parcursul s\u0103pt\u0103m\u00e2nii trecute - mobilitatechisinau.md","isPartOf":{"@id":"https:\/\/mobilitatechisinau.md\/#website"},"primaryImageOfPage":{"@id":"https:\/\/mobilitatechisinau.md\/?p=14105#primaryimage"},"image":{"@id":"https:\/\/mobilitatechisinau.md\/?p=14105#primaryimage"},"thumbnailUrl":"https:\/\/mobilitatechisinau.md\/wp-content\/uploads\/2025\/04\/7-aprilie.jpg","datePublished":"2025-04-07T14:09:00+00:00","dateModified":"2025-04-07T21:16:52+00:00","breadcrumb":{"@id":"https:\/\/mobilitatechisinau.md\/?p=14105#breadcrumb"},"inLanguage":"ro-RO","potentialAction":[{"@type":"ReadAction","target":["https:\/\/mobilitatechisinau.md\/?p=14105"]}]},{"@type":"ImageObject","inLanguage":"ro-RO","@id":"https:\/\/mobilitatechisinau.md\/?p=14105#primaryimage","url":"https:\/\/mobilitatechisinau.md\/wp-content\/uploads\/2025\/04\/7-aprilie.jpg","contentUrl":"https:\/\/mobilitatechisinau.md\/wp-content\/uploads\/2025\/04\/7-aprilie.jpg","width":1200,"height":700},{"@type":"BreadcrumbList","@id":"https:\/\/mobilitatechisinau.md\/?p=14105#breadcrumb","itemListElement":[{"@type":"ListItem","position":1,"name":"Prima pagin\u0103","item":"https:\/\/mobilitatechisinau.md\/"},{"@type":"ListItem","position":2,"name":"Lucr\u0103ri de repara\u021bie \u0219i \u00eentre\u021binere a infrastructurii rutiere municipale executate pe parcursul s\u0103pt\u0103m\u00e2nii trecute"}]},{"@type":"WebSite","@id":"https:\/\/mobilitatechisinau.md\/#website","url":"https:\/\/mobilitatechisinau.md\/","name":"mobilitatechisinau.md","description":"Direc\u0163ia General\u0103 Mobilitate Urban\u0103","publisher":{"@id":"https:\/\/mobilitatechisinau.md\/#organization"},"potentialAction":[{"@type":"SearchAction","target":{"@type":"EntryPoint","urlTemplate":"https:\/\/mobilitatechisinau.md\/?s={search_term_string}"},"query-input":{"@type":"PropertyValueSpecification","valueRequired":true,"valueName":"search_term_string"}}],"inLanguage":"ro-RO"},{"@type":"Organization","@id":"https:\/\/mobilitatechisinau.md\/#organization","name":"Direc\u0163ia general\u0103 transport public \u015fi c\u0103i de comunica\u0163ie","url":"https:\/\/mobilitatechisinau.md\/","logo":{"@type":"ImageObject","inLanguage":"ro-RO","@id":"https:\/\/mobilitatechisinau.md\/#\/schema\/logo\/image\/","url":"https:\/\/dgtpcc.md\/wp-content\/uploads\/2022\/05\/DGTPCC-Chis\u0326ina\u0306u-new.jpg","contentUrl":"https:\/\/dgtpcc.md\/wp-content\/uploads\/2022\/05\/DGTPCC-Chis\u0326ina\u0306u-new.jpg","width":304,"height":80,"caption":"Direc\u0163ia general\u0103 transport public \u015fi c\u0103i de comunica\u0163ie"},"image":{"@id":"https:\/\/mobilitatechisinau.md\/#\/schema\/logo\/image\/"},"sameAs":["https:\/\/www.facebook.com\/DGTPCC"]},{"@type":"Person","@id":"https:\/\/mobilitatechisinau.md\/#\/schema\/person\/c25d28ff5553bea759689e10224709c7","name":"dgtpcc.md","image":{"@type":"ImageObject","inLanguage":"ro-RO","@id":"https:\/\/mobilitatechisinau.md\/#\/schema\/person\/image\/","url":"https:\/\/secure.gravatar.com\/avatar\/9057a81ed6aa6c63f6d0d045749b3708fa15d612e3a388d9ac7b50072146c906?s=96&d=mm&r=g","contentUrl":"https:\/\/secure.gravatar.com\/avatar\/9057a81ed6aa6c63f6d0d045749b3708fa15d612e3a388d9ac7b50072146c906?s=96&d=mm&r=g","caption":"dgtpcc.md"},"sameAs":["https:\/\/dgtpcc.md"],"url":"https:\/\/mobilitatechisinau.md\/?author=1"}]}},"_links":{"self":[{"href":"https:\/\/mobilitatechisinau.md\/index.php?rest_route=\/wp\/v2\/posts\/14105","targetHints":{"allow":["GET"]}}],"collection":[{"href":"https:\/\/mobilitatechisinau.md\/index.php?rest_route=\/wp\/v2\/posts"}],"about":[{"href":"https:\/\/mobilitatechisinau.md\/index.php?rest_route=\/wp\/v2\/types\/post"}],"author":[{"embeddable":true,"href":"https:\/\/mobilitatechisinau.md\/index.php?rest_route=\/wp\/v2\/users\/1"}],"replies":[{"embeddable":true,"href":"https:\/\/mobilitatechisinau.md\/index.php?rest_route=%2Fwp%2Fv2%2Fcomments&post=14105"}],"version-history":[{"count":1,"href":"https:\/\/mobilitatechisinau.md\/index.php?rest_route=\/wp\/v2\/posts\/14105\/revisions"}],"predecessor-version":[{"id":14113,"href":"https:\/\/mobilitatechisinau.md\/index.php?rest_route=\/wp\/v2\/posts\/14105\/revisions\/14113"}],"wp:featuredmedia":[{"embeddable":true,"href":"https:\/\/mobilitatechisinau.md\/index.php?rest_route=\/wp\/v2\/media\/14106"}],"wp:attachment":[{"href":"https:\/\/mobilitatechisinau.md\/index.php?rest_route=%2Fwp%2Fv2%2Fmedia&parent=14105"}],"wp:term":[{"taxonomy":"category","embeddable":true,"href":"https:\/\/mobilitatechisinau.md\/index.php?rest_route=%2Fwp%2Fv2%2Fcategories&post=14105"},{"taxonomy":"post_tag","embeddable":true,"href":"https:\/\/mobilitatechisinau.md\/index.php?rest_route=%2Fwp%2Fv2%2Ftags&post=14105"}],"curies":[{"name":"wp","href":"https:\/\/api.w.org\/{rel}","templated":true}]}}