{"id":14215,"date":"2025-04-03T10:06:32","date_gmt":"2025-04-03T08:06:32","guid":{"rendered":"https:\/\/mobilitatechisinau.md\/?p=14215"},"modified":"2025-04-24T13:39:07","modified_gmt":"2025-04-24T11:39:07","slug":"restrictionarea-traficului-pe-strada-alexandru-cel-bun-din-or-durlesti","status":"publish","type":"post","link":"https:\/\/mobilitatechisinau.md\/?p=14215","title":{"rendered":"Restric\u021bionarea traficului pe strada Alexandru cel Bun din or. Durle\u0219ti"},"content":{"rendered":"\n<p>Prim\u0103ria Chi\u0219in\u0103u informeaz\u0103 c\u0103, \u00een zilele de 4, 5, 6, 11 \u0219i 12 aprilie 2025, traficul rutier va fi suspendat pe str. Alexandru cel Bun, pe tronsonul cuprins \u00eentre str. Livezilor \u0219i Nicolae Testemi\u021banu din ora\u0219ul Durle\u0219ti.<\/p>\n\n\n\n<p>Ca urmare, itinerarele rutelor de autobuz nr. 11 \u0219i nr. 12 din ora\u0219ul Durle\u0219ti vor fi redirec\u021bionate dup\u0103 cum urmeaz\u0103:<\/p>\n\n\n\n<ul class=\"wp-block-list\">\n<li>Ruta de autobuz nr. 11<\/li>\n<\/ul>\n\n\n\n<p><strong>Tur:<\/strong> str. Ismail \u2013 bd. Dimitrie Cantemir \u2013 bd. Constantin Negruzzi \u2013 str. Ciuflea \u2013 str. Bucure\u0219ti \u2013 str. Ismail \u2013 str. Pantelimon Halippa \u2013 \u0219os. H\u00e2nce\u0219ti \u2013 str. Spicului \u2013 str. Ialoveni, \u00een raza ora\u0219ului Durle\u0219ti: str. Nicolae Dimo (\u00eentoarcere la rondul din intersec\u021bia str. Nicolae Dimo \u0219i str. C\u0103tu\u0219a).<\/p>\n\n\n\n<p><strong>Retur:<\/strong> str. Nicolae Dimo \u2013 str. Ialoveni \u2013 str. Spicului \u2013 \u0219os. H\u00e2nce\u0219ti \u2013 str. Miori\u021ba \u2013 str. Gheorghe Asachi \u2013 str. Pantelimon Halippa \u2013 str. Ismail.<\/p>\n\n\n\n<ul class=\"wp-block-list\">\n<li>Ruta de autobuz nr. 12<\/li>\n<\/ul>\n\n\n\n<p><strong>Tur:<\/strong> Pia\u021ba Dimitrie Cantemir \u2013 str. Ion Creang\u0103, \u00een raza ora\u0219ului Durle\u0219ti: str. Tudor Vladimirescu \u2013 str. \u0218tefan Vod\u0103 (\u00eentoarcere la intersec\u021bia str. \u0218tefan Vod\u0103 \u0219i str. Rediul Mare);<\/p>\n\n\n\n<p><strong>Retur<\/strong>: str. \u0218tefan Vod\u0103 \u2013 str. Tudor Vladimirescu \u2013 str. Ion Creang\u0103 \u2013 Pia\u021ba Dimitrie Cantemir.<\/p>\n\n\n\n<ul class=\"wp-block-list\">\n<li>Ruta de autobuz nr. 11<\/li>\n<\/ul>\n\n\n\n<p><strong>Tur<\/strong>: Pia\u021ba Pantelimon Halippa \u2013 \u0219os. H\u00e2nce\u0219ti \u2013 str. Spicului \u2013 str. Ialoveni, \u00een raza ora\u0219ului Durle\u0219ti: str. Nicolae Dimo (\u00eentoarcere la rondul din intersec\u021bia str. Nicolae Dimo \u0219i str. C\u0103tu\u0219a);<\/p>\n\n\n\n<p><strong>Retur<\/strong>: str. Nicolae Dimo \u2013 str. Ialoveni \u2013 str. Spicului \u2013 \u0219os. H\u00e2nce\u0219ti \u2013 str. Miori\u021ba \u2013 str. Gheorghe Asachi \u2013 str. Pantelimon Halippa.<\/p>\n\n\n\n<ul class=\"wp-block-list\">\n<li>Ruta de autobuz nr. 12<\/li>\n<\/ul>\n\n\n\n<p><strong>Tur<\/strong>: Pia\u021ba Dimitrie Cantemir \u2013 str. Ion Creang\u0103. \u00cen raza ora\u0219ului Durle\u0219ti: str. Tudor Vladimirescu \u2013 str. \u0218tefan Vod\u0103 (\u00eentoarcere la intersec\u021bia str. \u0218tefan Vod\u0103 \u0219i str. Rediul Mare);<\/p>\n\n\n\n<p><strong>Retur<\/strong>: str. \u0218tefan Vod\u0103 \u2013 str. Tudor Vladimirescu \u2013 str. Ion Creang\u0103 \u2013 Pia\u021ba Dimitrie Cantemir.<\/p>\n\n\n\n<p>M\u0103sura a fost luat\u0103 in leg\u0103tur\u0103 cu necesitatea execut\u0103rii lucr\u0103rilor de repara\u021bie a p\u0103r\u021bii carosabile \u0219i pietonale.<\/p>\n\n\n\n<figure class=\"wp-block-image size-large\"><img fetchpriority=\"high\" decoding=\"async\" width=\"1024\" height=\"576\" src=\"https:\/\/mobilitatechisinau.md\/wp-content\/uploads\/2025\/04\/1-1-1024x576.jpg\" alt=\"\" class=\"wp-image-14220\" srcset=\"https:\/\/mobilitatechisinau.md\/wp-content\/uploads\/2025\/04\/1-1-1024x576.jpg 1024w, https:\/\/mobilitatechisinau.md\/wp-content\/uploads\/2025\/04\/1-1-300x169.jpg 300w, https:\/\/mobilitatechisinau.md\/wp-content\/uploads\/2025\/04\/1-1-768x432.jpg 768w, https:\/\/mobilitatechisinau.md\/wp-content\/uploads\/2025\/04\/1-1-18x10.jpg 18w, https:\/\/mobilitatechisinau.md\/wp-content\/uploads\/2025\/04\/1-1-600x337.jpg 600w, https:\/\/mobilitatechisinau.md\/wp-content\/uploads\/2025\/04\/1-1.jpg 1200w\" sizes=\"(max-width: 1024px) 100vw, 1024px\" \/><\/figure>\n\n\n\n<figure class=\"wp-block-gallery has-nested-images columns-default is-cropped wp-block-gallery-1 is-layout-flex wp-block-gallery-is-layout-flex\">\n<figure class=\"wp-block-image size-large\"><img decoding=\"async\" width=\"509\" height=\"700\" data-id=\"14221\" src=\"https:\/\/mobilitatechisinau.md\/wp-content\/uploads\/2025\/04\/2-5.jpg\" alt=\"\" class=\"wp-image-14221\" srcset=\"https:\/\/mobilitatechisinau.md\/wp-content\/uploads\/2025\/04\/2-5.jpg 509w, https:\/\/mobilitatechisinau.md\/wp-content\/uploads\/2025\/04\/2-5-218x300.jpg 218w, https:\/\/mobilitatechisinau.md\/wp-content\/uploads\/2025\/04\/2-5-9x12.jpg 9w, https:\/\/mobilitatechisinau.md\/wp-content\/uploads\/2025\/04\/2-5-254x350.jpg 254w\" sizes=\"(max-width: 509px) 100vw, 509px\" \/><\/figure>\n\n\n\n<figure class=\"wp-block-image size-large\"><img decoding=\"async\" width=\"495\" height=\"700\" data-id=\"14219\" src=\"https:\/\/mobilitatechisinau.md\/wp-content\/uploads\/2025\/04\/3-4.jpg\" alt=\"\" class=\"wp-image-14219\" srcset=\"https:\/\/mobilitatechisinau.md\/wp-content\/uploads\/2025\/04\/3-4.jpg 495w, https:\/\/mobilitatechisinau.md\/wp-content\/uploads\/2025\/04\/3-4-212x300.jpg 212w, https:\/\/mobilitatechisinau.md\/wp-content\/uploads\/2025\/04\/3-4-8x12.jpg 8w, https:\/\/mobilitatechisinau.md\/wp-content\/uploads\/2025\/04\/3-4-247x350.jpg 247w\" sizes=\"(max-width: 495px) 100vw, 495px\" \/><\/figure>\n<\/figure>\n","protected":false},"excerpt":{"rendered":"<p>Prim\u0103ria Chi\u0219in\u0103u informeaz\u0103 c\u0103, \u00een zilele de 4, 5, 6, 11 \u0219i 12 aprilie 2025, traficul rutier va fi suspendat pe str. Alexandru cel Bun, pe tronsonul cuprins \u00eentre str. Livezilor \u0219i Nicolae Testemi\u021banu din ora\u0219ul Durle\u0219ti. Ca urmare, itinerarele rutelor de autobuz nr. 11 \u0219i nr. 12 din ora\u0219ul Durle\u0219ti vor fi redirec\u021bionate dup\u0103 [&hellip;]<\/p>\n","protected":false},"author":1,"featured_media":14222,"comment_status":"closed","ping_status":"open","sticky":false,"template":"","format":"standard","meta":{"footnotes":""},"categories":[92],"tags":[],"class_list":["post-14215","post","type-post","status-publish","format-standard","has-post-thumbnail","hentry","category-comunicate"],"yoast_head":"<!-- This site is optimized with the Yoast SEO plugin v23.9 - https:\/\/yoast.com\/wordpress\/plugins\/seo\/ -->\n<title>Restric\u021bionarea traficului pe strada Alexandru cel Bun din or. Durle\u0219ti - mobilitatechisinau.md<\/title>\n<meta name=\"robots\" content=\"index, follow, max-snippet:-1, max-image-preview:large, max-video-preview:-1\" \/>\n<link rel=\"canonical\" href=\"https:\/\/mobilitatechisinau.md\/?p=14215\" \/>\n<meta property=\"og:locale\" content=\"ro_RO\" \/>\n<meta property=\"og:type\" content=\"article\" \/>\n<meta property=\"og:title\" content=\"Restric\u021bionarea traficului pe strada Alexandru cel Bun din or. Durle\u0219ti - mobilitatechisinau.md\" \/>\n<meta property=\"og:description\" content=\"Prim\u0103ria Chi\u0219in\u0103u informeaz\u0103 c\u0103, \u00een zilele de 4, 5, 6, 11 \u0219i 12 aprilie 2025, traficul rutier va fi suspendat pe str. Alexandru cel Bun, pe tronsonul cuprins \u00eentre str. Livezilor \u0219i Nicolae Testemi\u021banu din ora\u0219ul Durle\u0219ti. Ca urmare, itinerarele rutelor de autobuz nr. 11 \u0219i nr. 12 din ora\u0219ul Durle\u0219ti vor fi redirec\u021bionate dup\u0103 [&hellip;]\" \/>\n<meta property=\"og:url\" content=\"https:\/\/mobilitatechisinau.md\/?p=14215\" \/>\n<meta property=\"og:site_name\" content=\"mobilitatechisinau.md\" \/>\n<meta property=\"article:publisher\" content=\"https:\/\/www.facebook.com\/DGTPCC\" \/>\n<meta property=\"article:published_time\" content=\"2025-04-03T08:06:32+00:00\" \/>\n<meta property=\"article:modified_time\" content=\"2025-04-24T11:39:07+00:00\" \/>\n<meta property=\"og:image\" content=\"https:\/\/mobilitatechisinau.md\/wp-content\/uploads\/2025\/04\/Alexandru-cel-Bun-Durlesti.png\" \/>\n\t<meta property=\"og:image:width\" content=\"1200\" \/>\n\t<meta property=\"og:image:height\" content=\"700\" \/>\n\t<meta property=\"og:image:type\" content=\"image\/png\" \/>\n<meta name=\"author\" content=\"dgtpcc.md\" \/>\n<meta name=\"twitter:card\" content=\"summary_large_image\" \/>\n<meta name=\"twitter:label1\" content=\"Scris de\" \/>\n\t<meta name=\"twitter:data1\" content=\"dgtpcc.md\" \/>\n\t<meta name=\"twitter:label2\" content=\"Timp estimat pentru citire\" \/>\n\t<meta name=\"twitter:data2\" content=\"3 minute\" \/>\n<script type=\"application\/ld+json\" class=\"yoast-schema-graph\">{\"@context\":\"https:\/\/schema.org\",\"@graph\":[{\"@type\":\"Article\",\"@id\":\"https:\/\/mobilitatechisinau.md\/?p=14215#article\",\"isPartOf\":{\"@id\":\"https:\/\/mobilitatechisinau.md\/?p=14215\"},\"author\":{\"name\":\"dgtpcc.md\",\"@id\":\"https:\/\/mobilitatechisinau.md\/#\/schema\/person\/c25d28ff5553bea759689e10224709c7\"},\"headline\":\"Restric\u021bionarea traficului pe strada Alexandru cel Bun din or. Durle\u0219ti\",\"datePublished\":\"2025-04-03T08:06:32+00:00\",\"dateModified\":\"2025-04-24T11:39:07+00:00\",\"mainEntityOfPage\":{\"@id\":\"https:\/\/mobilitatechisinau.md\/?p=14215\"},\"wordCount\":330,\"publisher\":{\"@id\":\"https:\/\/mobilitatechisinau.md\/#organization\"},\"image\":{\"@id\":\"https:\/\/mobilitatechisinau.md\/?p=14215#primaryimage\"},\"thumbnailUrl\":\"https:\/\/mobilitatechisinau.md\/wp-content\/uploads\/2025\/04\/Alexandru-cel-Bun-Durlesti.png\",\"articleSection\":[\"Comunicate de pres\u0103\"],\"inLanguage\":\"ro-RO\"},{\"@type\":\"WebPage\",\"@id\":\"https:\/\/mobilitatechisinau.md\/?p=14215\",\"url\":\"https:\/\/mobilitatechisinau.md\/?p=14215\",\"name\":\"Restric\u021bionarea traficului pe strada Alexandru cel Bun din or. Durle\u0219ti - mobilitatechisinau.md\",\"isPartOf\":{\"@id\":\"https:\/\/mobilitatechisinau.md\/#website\"},\"primaryImageOfPage\":{\"@id\":\"https:\/\/mobilitatechisinau.md\/?p=14215#primaryimage\"},\"image\":{\"@id\":\"https:\/\/mobilitatechisinau.md\/?p=14215#primaryimage\"},\"thumbnailUrl\":\"https:\/\/mobilitatechisinau.md\/wp-content\/uploads\/2025\/04\/Alexandru-cel-Bun-Durlesti.png\",\"datePublished\":\"2025-04-03T08:06:32+00:00\",\"dateModified\":\"2025-04-24T11:39:07+00:00\",\"breadcrumb\":{\"@id\":\"https:\/\/mobilitatechisinau.md\/?p=14215#breadcrumb\"},\"inLanguage\":\"ro-RO\",\"potentialAction\":[{\"@type\":\"ReadAction\",\"target\":[\"https:\/\/mobilitatechisinau.md\/?p=14215\"]}]},{\"@type\":\"ImageObject\",\"inLanguage\":\"ro-RO\",\"@id\":\"https:\/\/mobilitatechisinau.md\/?p=14215#primaryimage\",\"url\":\"https:\/\/mobilitatechisinau.md\/wp-content\/uploads\/2025\/04\/Alexandru-cel-Bun-Durlesti.png\",\"contentUrl\":\"https:\/\/mobilitatechisinau.md\/wp-content\/uploads\/2025\/04\/Alexandru-cel-Bun-Durlesti.png\",\"width\":1200,\"height\":700},{\"@type\":\"BreadcrumbList\",\"@id\":\"https:\/\/mobilitatechisinau.md\/?p=14215#breadcrumb\",\"itemListElement\":[{\"@type\":\"ListItem\",\"position\":1,\"name\":\"Prima pagin\u0103\",\"item\":\"https:\/\/mobilitatechisinau.md\/\"},{\"@type\":\"ListItem\",\"position\":2,\"name\":\"Restric\u021bionarea traficului pe strada Alexandru cel Bun din or. Durle\u0219ti\"}]},{\"@type\":\"WebSite\",\"@id\":\"https:\/\/mobilitatechisinau.md\/#website\",\"url\":\"https:\/\/mobilitatechisinau.md\/\",\"name\":\"mobilitatechisinau.md\",\"description\":\"Direc\u0163ia General\u0103 Mobilitate Urban\u0103\",\"publisher\":{\"@id\":\"https:\/\/mobilitatechisinau.md\/#organization\"},\"potentialAction\":[{\"@type\":\"SearchAction\",\"target\":{\"@type\":\"EntryPoint\",\"urlTemplate\":\"https:\/\/mobilitatechisinau.md\/?s={search_term_string}\"},\"query-input\":{\"@type\":\"PropertyValueSpecification\",\"valueRequired\":true,\"valueName\":\"search_term_string\"}}],\"inLanguage\":\"ro-RO\"},{\"@type\":\"Organization\",\"@id\":\"https:\/\/mobilitatechisinau.md\/#organization\",\"name\":\"Direc\u0163ia general\u0103 transport public \u015fi c\u0103i de comunica\u0163ie\",\"url\":\"https:\/\/mobilitatechisinau.md\/\",\"logo\":{\"@type\":\"ImageObject\",\"inLanguage\":\"ro-RO\",\"@id\":\"https:\/\/mobilitatechisinau.md\/#\/schema\/logo\/image\/\",\"url\":\"https:\/\/dgtpcc.md\/wp-content\/uploads\/2022\/05\/DGTPCC-Chis\u0326ina\u0306u-new.jpg\",\"contentUrl\":\"https:\/\/dgtpcc.md\/wp-content\/uploads\/2022\/05\/DGTPCC-Chis\u0326ina\u0306u-new.jpg\",\"width\":304,\"height\":80,\"caption\":\"Direc\u0163ia general\u0103 transport public \u015fi c\u0103i de comunica\u0163ie\"},\"image\":{\"@id\":\"https:\/\/mobilitatechisinau.md\/#\/schema\/logo\/image\/\"},\"sameAs\":[\"https:\/\/www.facebook.com\/DGTPCC\"]},{\"@type\":\"Person\",\"@id\":\"https:\/\/mobilitatechisinau.md\/#\/schema\/person\/c25d28ff5553bea759689e10224709c7\",\"name\":\"dgtpcc.md\",\"image\":{\"@type\":\"ImageObject\",\"inLanguage\":\"ro-RO\",\"@id\":\"https:\/\/mobilitatechisinau.md\/#\/schema\/person\/image\/\",\"url\":\"https:\/\/secure.gravatar.com\/avatar\/9057a81ed6aa6c63f6d0d045749b3708fa15d612e3a388d9ac7b50072146c906?s=96&d=mm&r=g\",\"contentUrl\":\"https:\/\/secure.gravatar.com\/avatar\/9057a81ed6aa6c63f6d0d045749b3708fa15d612e3a388d9ac7b50072146c906?s=96&d=mm&r=g\",\"caption\":\"dgtpcc.md\"},\"sameAs\":[\"https:\/\/dgtpcc.md\"],\"url\":\"https:\/\/mobilitatechisinau.md\/?author=1\"}]}<\/script>\n<!-- \/ Yoast SEO plugin. -->","yoast_head_json":{"title":"Restric\u021bionarea traficului pe strada Alexandru cel Bun din or. Durle\u0219ti - mobilitatechisinau.md","robots":{"index":"index","follow":"follow","max-snippet":"max-snippet:-1","max-image-preview":"max-image-preview:large","max-video-preview":"max-video-preview:-1"},"canonical":"https:\/\/mobilitatechisinau.md\/?p=14215","og_locale":"ro_RO","og_type":"article","og_title":"Restric\u021bionarea traficului pe strada Alexandru cel Bun din or. Durle\u0219ti - mobilitatechisinau.md","og_description":"Prim\u0103ria Chi\u0219in\u0103u informeaz\u0103 c\u0103, \u00een zilele de 4, 5, 6, 11 \u0219i 12 aprilie 2025, traficul rutier va fi suspendat pe str. Alexandru cel Bun, pe tronsonul cuprins \u00eentre str. Livezilor \u0219i Nicolae Testemi\u021banu din ora\u0219ul Durle\u0219ti. Ca urmare, itinerarele rutelor de autobuz nr. 11 \u0219i nr. 12 din ora\u0219ul Durle\u0219ti vor fi redirec\u021bionate dup\u0103 [&hellip;]","og_url":"https:\/\/mobilitatechisinau.md\/?p=14215","og_site_name":"mobilitatechisinau.md","article_publisher":"https:\/\/www.facebook.com\/DGTPCC","article_published_time":"2025-04-03T08:06:32+00:00","article_modified_time":"2025-04-24T11:39:07+00:00","og_image":[{"width":1200,"height":700,"url":"https:\/\/mobilitatechisinau.md\/wp-content\/uploads\/2025\/04\/Alexandru-cel-Bun-Durlesti.png","type":"image\/png"}],"author":"dgtpcc.md","twitter_card":"summary_large_image","twitter_misc":{"Scris de":"dgtpcc.md","Timp estimat pentru citire":"3 minute"},"schema":{"@context":"https:\/\/schema.org","@graph":[{"@type":"Article","@id":"https:\/\/mobilitatechisinau.md\/?p=14215#article","isPartOf":{"@id":"https:\/\/mobilitatechisinau.md\/?p=14215"},"author":{"name":"dgtpcc.md","@id":"https:\/\/mobilitatechisinau.md\/#\/schema\/person\/c25d28ff5553bea759689e10224709c7"},"headline":"Restric\u021bionarea traficului pe strada Alexandru cel Bun din or. Durle\u0219ti","datePublished":"2025-04-03T08:06:32+00:00","dateModified":"2025-04-24T11:39:07+00:00","mainEntityOfPage":{"@id":"https:\/\/mobilitatechisinau.md\/?p=14215"},"wordCount":330,"publisher":{"@id":"https:\/\/mobilitatechisinau.md\/#organization"},"image":{"@id":"https:\/\/mobilitatechisinau.md\/?p=14215#primaryimage"},"thumbnailUrl":"https:\/\/mobilitatechisinau.md\/wp-content\/uploads\/2025\/04\/Alexandru-cel-Bun-Durlesti.png","articleSection":["Comunicate de pres\u0103"],"inLanguage":"ro-RO"},{"@type":"WebPage","@id":"https:\/\/mobilitatechisinau.md\/?p=14215","url":"https:\/\/mobilitatechisinau.md\/?p=14215","name":"Restric\u021bionarea traficului pe strada Alexandru cel Bun din or. Durle\u0219ti - mobilitatechisinau.md","isPartOf":{"@id":"https:\/\/mobilitatechisinau.md\/#website"},"primaryImageOfPage":{"@id":"https:\/\/mobilitatechisinau.md\/?p=14215#primaryimage"},"image":{"@id":"https:\/\/mobilitatechisinau.md\/?p=14215#primaryimage"},"thumbnailUrl":"https:\/\/mobilitatechisinau.md\/wp-content\/uploads\/2025\/04\/Alexandru-cel-Bun-Durlesti.png","datePublished":"2025-04-03T08:06:32+00:00","dateModified":"2025-04-24T11:39:07+00:00","breadcrumb":{"@id":"https:\/\/mobilitatechisinau.md\/?p=14215#breadcrumb"},"inLanguage":"ro-RO","potentialAction":[{"@type":"ReadAction","target":["https:\/\/mobilitatechisinau.md\/?p=14215"]}]},{"@type":"ImageObject","inLanguage":"ro-RO","@id":"https:\/\/mobilitatechisinau.md\/?p=14215#primaryimage","url":"https:\/\/mobilitatechisinau.md\/wp-content\/uploads\/2025\/04\/Alexandru-cel-Bun-Durlesti.png","contentUrl":"https:\/\/mobilitatechisinau.md\/wp-content\/uploads\/2025\/04\/Alexandru-cel-Bun-Durlesti.png","width":1200,"height":700},{"@type":"BreadcrumbList","@id":"https:\/\/mobilitatechisinau.md\/?p=14215#breadcrumb","itemListElement":[{"@type":"ListItem","position":1,"name":"Prima pagin\u0103","item":"https:\/\/mobilitatechisinau.md\/"},{"@type":"ListItem","position":2,"name":"Restric\u021bionarea traficului pe strada Alexandru cel Bun din or. Durle\u0219ti"}]},{"@type":"WebSite","@id":"https:\/\/mobilitatechisinau.md\/#website","url":"https:\/\/mobilitatechisinau.md\/","name":"mobilitatechisinau.md","description":"Direc\u0163ia General\u0103 Mobilitate Urban\u0103","publisher":{"@id":"https:\/\/mobilitatechisinau.md\/#organization"},"potentialAction":[{"@type":"SearchAction","target":{"@type":"EntryPoint","urlTemplate":"https:\/\/mobilitatechisinau.md\/?s={search_term_string}"},"query-input":{"@type":"PropertyValueSpecification","valueRequired":true,"valueName":"search_term_string"}}],"inLanguage":"ro-RO"},{"@type":"Organization","@id":"https:\/\/mobilitatechisinau.md\/#organization","name":"Direc\u0163ia general\u0103 transport public \u015fi c\u0103i de comunica\u0163ie","url":"https:\/\/mobilitatechisinau.md\/","logo":{"@type":"ImageObject","inLanguage":"ro-RO","@id":"https:\/\/mobilitatechisinau.md\/#\/schema\/logo\/image\/","url":"https:\/\/dgtpcc.md\/wp-content\/uploads\/2022\/05\/DGTPCC-Chis\u0326ina\u0306u-new.jpg","contentUrl":"https:\/\/dgtpcc.md\/wp-content\/uploads\/2022\/05\/DGTPCC-Chis\u0326ina\u0306u-new.jpg","width":304,"height":80,"caption":"Direc\u0163ia general\u0103 transport public \u015fi c\u0103i de comunica\u0163ie"},"image":{"@id":"https:\/\/mobilitatechisinau.md\/#\/schema\/logo\/image\/"},"sameAs":["https:\/\/www.facebook.com\/DGTPCC"]},{"@type":"Person","@id":"https:\/\/mobilitatechisinau.md\/#\/schema\/person\/c25d28ff5553bea759689e10224709c7","name":"dgtpcc.md","image":{"@type":"ImageObject","inLanguage":"ro-RO","@id":"https:\/\/mobilitatechisinau.md\/#\/schema\/person\/image\/","url":"https:\/\/secure.gravatar.com\/avatar\/9057a81ed6aa6c63f6d0d045749b3708fa15d612e3a388d9ac7b50072146c906?s=96&d=mm&r=g","contentUrl":"https:\/\/secure.gravatar.com\/avatar\/9057a81ed6aa6c63f6d0d045749b3708fa15d612e3a388d9ac7b50072146c906?s=96&d=mm&r=g","caption":"dgtpcc.md"},"sameAs":["https:\/\/dgtpcc.md"],"url":"https:\/\/mobilitatechisinau.md\/?author=1"}]}},"_links":{"self":[{"href":"https:\/\/mobilitatechisinau.md\/index.php?rest_route=\/wp\/v2\/posts\/14215","targetHints":{"allow":["GET"]}}],"collection":[{"href":"https:\/\/mobilitatechisinau.md\/index.php?rest_route=\/wp\/v2\/posts"}],"about":[{"href":"https:\/\/mobilitatechisinau.md\/index.php?rest_route=\/wp\/v2\/types\/post"}],"author":[{"embeddable":true,"href":"https:\/\/mobilitatechisinau.md\/index.php?rest_route=\/wp\/v2\/users\/1"}],"replies":[{"embeddable":true,"href":"https:\/\/mobilitatechisinau.md\/index.php?rest_route=%2Fwp%2Fv2%2Fcomments&post=14215"}],"version-history":[{"count":1,"href":"https:\/\/mobilitatechisinau.md\/index.php?rest_route=\/wp\/v2\/posts\/14215\/revisions"}],"predecessor-version":[{"id":14223,"href":"https:\/\/mobilitatechisinau.md\/index.php?rest_route=\/wp\/v2\/posts\/14215\/revisions\/14223"}],"wp:featuredmedia":[{"embeddable":true,"href":"https:\/\/mobilitatechisinau.md\/index.php?rest_route=\/wp\/v2\/media\/14222"}],"wp:attachment":[{"href":"https:\/\/mobilitatechisinau.md\/index.php?rest_route=%2Fwp%2Fv2%2Fmedia&parent=14215"}],"wp:term":[{"taxonomy":"category","embeddable":true,"href":"https:\/\/mobilitatechisinau.md\/index.php?rest_route=%2Fwp%2Fv2%2Fcategories&post=14215"},{"taxonomy":"post_tag","embeddable":true,"href":"https:\/\/mobilitatechisinau.md\/index.php?rest_route=%2Fwp%2Fv2%2Ftags&post=14215"}],"curies":[{"name":"wp","href":"https:\/\/api.w.org\/{rel}","templated":true}]}}