{"id":16199,"date":"2025-10-22T08:44:14","date_gmt":"2025-10-22T06:44:14","guid":{"rendered":"https:\/\/mobilitatechisinau.md\/?p=16199"},"modified":"2025-10-31T09:02:03","modified_gmt":"2025-10-31T07:02:03","slug":"pe-strada-maria-dragan-se-desfasoara-etapa-finala-a-lucrarilor-de-reparatie","status":"publish","type":"post","link":"https:\/\/mobilitatechisinau.md\/?p=16199","title":{"rendered":"Pe strada Maria Dr\u0103gan se desf\u0103\u0219oar\u0103 etapa final\u0103 a lucr\u0103rilor de repara\u021bie"},"content":{"rendered":"\n<p>Prim\u0103ria Municipiului Chi\u0219in\u0103u, prin intermediul Direc\u021biei Generale Mobilitate Urban\u0103 \u0219i \u00ce.M. \u201eExdrupo\u201d, desf\u0103\u0219oar\u0103 lucr\u0103rile de reabilitare a str\u0103zii <strong>Maria Dr\u0103gan<\/strong>, pe segmentul cuprins \u00eentre str\u0103zile <strong>Vadul lui Vod\u0103<\/strong> \u0219i <strong>Ciocana<\/strong>.<\/p>\n\n\n\n<p>\u00cen prezent, se aplic\u0103 <strong>stratul final de uzur\u0103 din asfalt<\/strong>, marc\u00e2nd astfel etapa final\u0103 a proiectului de modernizare a arterei.<\/p>\n\n\n\n<p>Tronsonul men\u021bionat a fost supus unor <strong>lucr\u0103ri complexe de reabilitare<\/strong>, care au inclus:<\/p>\n\n\n\n<p>&nbsp;\u2022 frezarea stratului de asfalt uzat;<\/p>\n\n\n\n<p>&nbsp;\u2022 montarea bordurilor noi;<\/p>\n\n\n\n<p>&nbsp;\u2022 repara\u021bia \u0219i aducerea la cot\u0103 a f\u00e2nt\u00e2nilor de vizitare \u0219i a receptoarelor pluviale;<\/p>\n\n\n\n<p>&nbsp;\u2022 consolidarea funda\u021biei drumului \u00een zonele cu degrad\u0103ri majore.<\/p>\n\n\n\n<p>\u00cen perioada urm\u0103toare, vor fi executate lucr\u0103rile de <strong>amenajare a racord\u0103rilor la str\u0103zile adiacente<\/strong> \u0219i <strong>aplicare a marcajelor rutiere<\/strong>, pentru a definitiva infrastructura \u0219i a restabili integral circula\u021bia \u00een zon\u0103.<\/p>\n\n\n\n<figure class=\"wp-block-gallery has-nested-images columns-default is-cropped wp-block-gallery-1 is-layout-flex wp-block-gallery-is-layout-flex\">\n<figure class=\"wp-block-image size-full\"><img fetchpriority=\"high\" decoding=\"async\" width=\"525\" height=\"700\" data-id=\"16201\" src=\"https:\/\/mobilitatechisinau.md\/wp-content\/uploads\/2025\/10\/1-6.jpg\" alt=\"\" class=\"wp-image-16201\" srcset=\"https:\/\/mobilitatechisinau.md\/wp-content\/uploads\/2025\/10\/1-6.jpg 525w, https:\/\/mobilitatechisinau.md\/wp-content\/uploads\/2025\/10\/1-6-225x300.jpg 225w, https:\/\/mobilitatechisinau.md\/wp-content\/uploads\/2025\/10\/1-6-9x12.jpg 9w, https:\/\/mobilitatechisinau.md\/wp-content\/uploads\/2025\/10\/1-6-262x350.jpg 262w\" sizes=\"(max-width: 525px) 100vw, 525px\" \/><\/figure>\n\n\n\n<figure class=\"wp-block-image size-full\"><img decoding=\"async\" width=\"525\" height=\"700\" data-id=\"16202\" src=\"https:\/\/mobilitatechisinau.md\/wp-content\/uploads\/2025\/10\/2-5.jpg\" alt=\"\" class=\"wp-image-16202\" srcset=\"https:\/\/mobilitatechisinau.md\/wp-content\/uploads\/2025\/10\/2-5.jpg 525w, https:\/\/mobilitatechisinau.md\/wp-content\/uploads\/2025\/10\/2-5-225x300.jpg 225w, https:\/\/mobilitatechisinau.md\/wp-content\/uploads\/2025\/10\/2-5-9x12.jpg 9w, https:\/\/mobilitatechisinau.md\/wp-content\/uploads\/2025\/10\/2-5-262x350.jpg 262w\" sizes=\"(max-width: 525px) 100vw, 525px\" \/><\/figure>\n\n\n\n<figure class=\"wp-block-image size-full\"><img decoding=\"async\" width=\"933\" height=\"700\" data-id=\"16203\" src=\"https:\/\/mobilitatechisinau.md\/wp-content\/uploads\/2025\/10\/3-5.jpg\" alt=\"\" class=\"wp-image-16203\" srcset=\"https:\/\/mobilitatechisinau.md\/wp-content\/uploads\/2025\/10\/3-5.jpg 933w, https:\/\/mobilitatechisinau.md\/wp-content\/uploads\/2025\/10\/3-5-300x225.jpg 300w, https:\/\/mobilitatechisinau.md\/wp-content\/uploads\/2025\/10\/3-5-768x576.jpg 768w, https:\/\/mobilitatechisinau.md\/wp-content\/uploads\/2025\/10\/3-5-16x12.jpg 16w, https:\/\/mobilitatechisinau.md\/wp-content\/uploads\/2025\/10\/3-5-466x350.jpg 466w\" sizes=\"(max-width: 933px) 100vw, 933px\" \/><\/figure>\n\n\n\n<figure class=\"wp-block-image size-full\"><img loading=\"lazy\" decoding=\"async\" width=\"933\" height=\"700\" data-id=\"16204\" src=\"https:\/\/mobilitatechisinau.md\/wp-content\/uploads\/2025\/10\/4-4.jpg\" alt=\"\" class=\"wp-image-16204\" srcset=\"https:\/\/mobilitatechisinau.md\/wp-content\/uploads\/2025\/10\/4-4.jpg 933w, https:\/\/mobilitatechisinau.md\/wp-content\/uploads\/2025\/10\/4-4-300x225.jpg 300w, https:\/\/mobilitatechisinau.md\/wp-content\/uploads\/2025\/10\/4-4-768x576.jpg 768w, https:\/\/mobilitatechisinau.md\/wp-content\/uploads\/2025\/10\/4-4-16x12.jpg 16w, https:\/\/mobilitatechisinau.md\/wp-content\/uploads\/2025\/10\/4-4-466x350.jpg 466w\" sizes=\"(max-width: 933px) 100vw, 933px\" \/><\/figure>\n\n\n\n<figure class=\"wp-block-image size-full\"><img loading=\"lazy\" decoding=\"async\" width=\"933\" height=\"700\" data-id=\"16205\" src=\"https:\/\/mobilitatechisinau.md\/wp-content\/uploads\/2025\/10\/5-6.jpg\" alt=\"\" class=\"wp-image-16205\" srcset=\"https:\/\/mobilitatechisinau.md\/wp-content\/uploads\/2025\/10\/5-6.jpg 933w, https:\/\/mobilitatechisinau.md\/wp-content\/uploads\/2025\/10\/5-6-300x225.jpg 300w, https:\/\/mobilitatechisinau.md\/wp-content\/uploads\/2025\/10\/5-6-768x576.jpg 768w, https:\/\/mobilitatechisinau.md\/wp-content\/uploads\/2025\/10\/5-6-16x12.jpg 16w, https:\/\/mobilitatechisinau.md\/wp-content\/uploads\/2025\/10\/5-6-466x350.jpg 466w\" sizes=\"(max-width: 933px) 100vw, 933px\" \/><\/figure>\n\n\n\n<figure class=\"wp-block-image size-full\"><img loading=\"lazy\" decoding=\"async\" width=\"525\" height=\"700\" data-id=\"16206\" src=\"https:\/\/mobilitatechisinau.md\/wp-content\/uploads\/2025\/10\/6-5.jpg\" alt=\"\" class=\"wp-image-16206\" srcset=\"https:\/\/mobilitatechisinau.md\/wp-content\/uploads\/2025\/10\/6-5.jpg 525w, https:\/\/mobilitatechisinau.md\/wp-content\/uploads\/2025\/10\/6-5-225x300.jpg 225w, https:\/\/mobilitatechisinau.md\/wp-content\/uploads\/2025\/10\/6-5-9x12.jpg 9w, https:\/\/mobilitatechisinau.md\/wp-content\/uploads\/2025\/10\/6-5-262x350.jpg 262w\" sizes=\"(max-width: 525px) 100vw, 525px\" \/><\/figure>\n<\/figure>\n","protected":false},"excerpt":{"rendered":"<p>Prim\u0103ria Municipiului Chi\u0219in\u0103u, prin intermediul Direc\u021biei Generale Mobilitate Urban\u0103 \u0219i \u00ce.M. \u201eExdrupo\u201d, desf\u0103\u0219oar\u0103 lucr\u0103rile de reabilitare a str\u0103zii Maria Dr\u0103gan, pe segmentul cuprins \u00eentre str\u0103zile Vadul lui Vod\u0103 \u0219i Ciocana. \u00cen prezent, se aplic\u0103 stratul final de uzur\u0103 din asfalt, marc\u00e2nd astfel etapa final\u0103 a proiectului de modernizare a arterei. Tronsonul men\u021bionat a fost supus [&hellip;]<\/p>\n","protected":false},"author":1,"featured_media":16200,"comment_status":"closed","ping_status":"open","sticky":false,"template":"","format":"standard","meta":{"footnotes":""},"categories":[92],"tags":[],"class_list":["post-16199","post","type-post","status-publish","format-standard","has-post-thumbnail","hentry","category-comunicate"],"yoast_head":"<!-- This site is optimized with the Yoast SEO plugin v23.9 - https:\/\/yoast.com\/wordpress\/plugins\/seo\/ -->\n<title>Pe strada Maria Dr\u0103gan se desf\u0103\u0219oar\u0103 etapa final\u0103 a lucr\u0103rilor de repara\u021bie - mobilitatechisinau.md<\/title>\n<meta name=\"robots\" content=\"index, follow, max-snippet:-1, max-image-preview:large, max-video-preview:-1\" \/>\n<link rel=\"canonical\" href=\"https:\/\/mobilitatechisinau.md\/?p=16199\" \/>\n<meta property=\"og:locale\" content=\"ro_RO\" \/>\n<meta property=\"og:type\" content=\"article\" \/>\n<meta property=\"og:title\" content=\"Pe strada Maria Dr\u0103gan se desf\u0103\u0219oar\u0103 etapa final\u0103 a lucr\u0103rilor de repara\u021bie - mobilitatechisinau.md\" \/>\n<meta property=\"og:description\" content=\"Prim\u0103ria Municipiului Chi\u0219in\u0103u, prin intermediul Direc\u021biei Generale Mobilitate Urban\u0103 \u0219i \u00ce.M. \u201eExdrupo\u201d, desf\u0103\u0219oar\u0103 lucr\u0103rile de reabilitare a str\u0103zii Maria Dr\u0103gan, pe segmentul cuprins \u00eentre str\u0103zile Vadul lui Vod\u0103 \u0219i Ciocana. \u00cen prezent, se aplic\u0103 stratul final de uzur\u0103 din asfalt, marc\u00e2nd astfel etapa final\u0103 a proiectului de modernizare a arterei. Tronsonul men\u021bionat a fost supus [&hellip;]\" \/>\n<meta property=\"og:url\" content=\"https:\/\/mobilitatechisinau.md\/?p=16199\" \/>\n<meta property=\"og:site_name\" content=\"mobilitatechisinau.md\" \/>\n<meta property=\"article:publisher\" content=\"https:\/\/www.facebook.com\/DGTPCC\" \/>\n<meta property=\"article:published_time\" content=\"2025-10-22T06:44:14+00:00\" \/>\n<meta property=\"article:modified_time\" content=\"2025-10-31T07:02:03+00:00\" \/>\n<meta property=\"og:image\" content=\"https:\/\/mobilitatechisinau.md\/wp-content\/uploads\/2025\/10\/22-octombrie.jpg\" \/>\n\t<meta property=\"og:image:width\" content=\"1200\" \/>\n\t<meta property=\"og:image:height\" content=\"700\" \/>\n\t<meta property=\"og:image:type\" content=\"image\/jpeg\" \/>\n<meta name=\"author\" content=\"dgtpcc.md\" \/>\n<meta name=\"twitter:card\" content=\"summary_large_image\" \/>\n<meta name=\"twitter:label1\" content=\"Scris de\" \/>\n\t<meta name=\"twitter:data1\" content=\"dgtpcc.md\" \/>\n\t<meta name=\"twitter:label2\" content=\"Timp estimat pentru citire\" \/>\n\t<meta name=\"twitter:data2\" content=\"3 minute\" \/>\n<script type=\"application\/ld+json\" class=\"yoast-schema-graph\">{\"@context\":\"https:\/\/schema.org\",\"@graph\":[{\"@type\":\"Article\",\"@id\":\"https:\/\/mobilitatechisinau.md\/?p=16199#article\",\"isPartOf\":{\"@id\":\"https:\/\/mobilitatechisinau.md\/?p=16199\"},\"author\":{\"name\":\"dgtpcc.md\",\"@id\":\"https:\/\/mobilitatechisinau.md\/#\/schema\/person\/c25d28ff5553bea759689e10224709c7\"},\"headline\":\"Pe strada Maria Dr\u0103gan se desf\u0103\u0219oar\u0103 etapa final\u0103 a lucr\u0103rilor de repara\u021bie\",\"datePublished\":\"2025-10-22T06:44:14+00:00\",\"dateModified\":\"2025-10-31T07:02:03+00:00\",\"mainEntityOfPage\":{\"@id\":\"https:\/\/mobilitatechisinau.md\/?p=16199\"},\"wordCount\":164,\"publisher\":{\"@id\":\"https:\/\/mobilitatechisinau.md\/#organization\"},\"image\":{\"@id\":\"https:\/\/mobilitatechisinau.md\/?p=16199#primaryimage\"},\"thumbnailUrl\":\"https:\/\/mobilitatechisinau.md\/wp-content\/uploads\/2025\/10\/22-octombrie.jpg\",\"articleSection\":[\"Comunicate de pres\u0103\"],\"inLanguage\":\"ro-RO\"},{\"@type\":\"WebPage\",\"@id\":\"https:\/\/mobilitatechisinau.md\/?p=16199\",\"url\":\"https:\/\/mobilitatechisinau.md\/?p=16199\",\"name\":\"Pe strada Maria Dr\u0103gan se desf\u0103\u0219oar\u0103 etapa final\u0103 a lucr\u0103rilor de repara\u021bie - mobilitatechisinau.md\",\"isPartOf\":{\"@id\":\"https:\/\/mobilitatechisinau.md\/#website\"},\"primaryImageOfPage\":{\"@id\":\"https:\/\/mobilitatechisinau.md\/?p=16199#primaryimage\"},\"image\":{\"@id\":\"https:\/\/mobilitatechisinau.md\/?p=16199#primaryimage\"},\"thumbnailUrl\":\"https:\/\/mobilitatechisinau.md\/wp-content\/uploads\/2025\/10\/22-octombrie.jpg\",\"datePublished\":\"2025-10-22T06:44:14+00:00\",\"dateModified\":\"2025-10-31T07:02:03+00:00\",\"breadcrumb\":{\"@id\":\"https:\/\/mobilitatechisinau.md\/?p=16199#breadcrumb\"},\"inLanguage\":\"ro-RO\",\"potentialAction\":[{\"@type\":\"ReadAction\",\"target\":[\"https:\/\/mobilitatechisinau.md\/?p=16199\"]}]},{\"@type\":\"ImageObject\",\"inLanguage\":\"ro-RO\",\"@id\":\"https:\/\/mobilitatechisinau.md\/?p=16199#primaryimage\",\"url\":\"https:\/\/mobilitatechisinau.md\/wp-content\/uploads\/2025\/10\/22-octombrie.jpg\",\"contentUrl\":\"https:\/\/mobilitatechisinau.md\/wp-content\/uploads\/2025\/10\/22-octombrie.jpg\",\"width\":1200,\"height\":700},{\"@type\":\"BreadcrumbList\",\"@id\":\"https:\/\/mobilitatechisinau.md\/?p=16199#breadcrumb\",\"itemListElement\":[{\"@type\":\"ListItem\",\"position\":1,\"name\":\"Prima pagin\u0103\",\"item\":\"https:\/\/mobilitatechisinau.md\/\"},{\"@type\":\"ListItem\",\"position\":2,\"name\":\"Pe strada Maria Dr\u0103gan se desf\u0103\u0219oar\u0103 etapa final\u0103 a lucr\u0103rilor de repara\u021bie\"}]},{\"@type\":\"WebSite\",\"@id\":\"https:\/\/mobilitatechisinau.md\/#website\",\"url\":\"https:\/\/mobilitatechisinau.md\/\",\"name\":\"mobilitatechisinau.md\",\"description\":\"Direc\u0163ia General\u0103 Mobilitate Urban\u0103\",\"publisher\":{\"@id\":\"https:\/\/mobilitatechisinau.md\/#organization\"},\"potentialAction\":[{\"@type\":\"SearchAction\",\"target\":{\"@type\":\"EntryPoint\",\"urlTemplate\":\"https:\/\/mobilitatechisinau.md\/?s={search_term_string}\"},\"query-input\":{\"@type\":\"PropertyValueSpecification\",\"valueRequired\":true,\"valueName\":\"search_term_string\"}}],\"inLanguage\":\"ro-RO\"},{\"@type\":\"Organization\",\"@id\":\"https:\/\/mobilitatechisinau.md\/#organization\",\"name\":\"Direc\u0163ia general\u0103 transport public \u015fi c\u0103i de comunica\u0163ie\",\"url\":\"https:\/\/mobilitatechisinau.md\/\",\"logo\":{\"@type\":\"ImageObject\",\"inLanguage\":\"ro-RO\",\"@id\":\"https:\/\/mobilitatechisinau.md\/#\/schema\/logo\/image\/\",\"url\":\"https:\/\/dgtpcc.md\/wp-content\/uploads\/2022\/05\/DGTPCC-Chis\u0326ina\u0306u-new.jpg\",\"contentUrl\":\"https:\/\/dgtpcc.md\/wp-content\/uploads\/2022\/05\/DGTPCC-Chis\u0326ina\u0306u-new.jpg\",\"width\":304,\"height\":80,\"caption\":\"Direc\u0163ia general\u0103 transport public \u015fi c\u0103i de comunica\u0163ie\"},\"image\":{\"@id\":\"https:\/\/mobilitatechisinau.md\/#\/schema\/logo\/image\/\"},\"sameAs\":[\"https:\/\/www.facebook.com\/DGTPCC\"]},{\"@type\":\"Person\",\"@id\":\"https:\/\/mobilitatechisinau.md\/#\/schema\/person\/c25d28ff5553bea759689e10224709c7\",\"name\":\"dgtpcc.md\",\"image\":{\"@type\":\"ImageObject\",\"inLanguage\":\"ro-RO\",\"@id\":\"https:\/\/mobilitatechisinau.md\/#\/schema\/person\/image\/\",\"url\":\"https:\/\/secure.gravatar.com\/avatar\/9057a81ed6aa6c63f6d0d045749b3708fa15d612e3a388d9ac7b50072146c906?s=96&d=mm&r=g\",\"contentUrl\":\"https:\/\/secure.gravatar.com\/avatar\/9057a81ed6aa6c63f6d0d045749b3708fa15d612e3a388d9ac7b50072146c906?s=96&d=mm&r=g\",\"caption\":\"dgtpcc.md\"},\"sameAs\":[\"https:\/\/dgtpcc.md\"],\"url\":\"https:\/\/mobilitatechisinau.md\/?author=1\"}]}<\/script>\n<!-- \/ Yoast SEO plugin. -->","yoast_head_json":{"title":"Pe strada Maria Dr\u0103gan se desf\u0103\u0219oar\u0103 etapa final\u0103 a lucr\u0103rilor de repara\u021bie - mobilitatechisinau.md","robots":{"index":"index","follow":"follow","max-snippet":"max-snippet:-1","max-image-preview":"max-image-preview:large","max-video-preview":"max-video-preview:-1"},"canonical":"https:\/\/mobilitatechisinau.md\/?p=16199","og_locale":"ro_RO","og_type":"article","og_title":"Pe strada Maria Dr\u0103gan se desf\u0103\u0219oar\u0103 etapa final\u0103 a lucr\u0103rilor de repara\u021bie - mobilitatechisinau.md","og_description":"Prim\u0103ria Municipiului Chi\u0219in\u0103u, prin intermediul Direc\u021biei Generale Mobilitate Urban\u0103 \u0219i \u00ce.M. \u201eExdrupo\u201d, desf\u0103\u0219oar\u0103 lucr\u0103rile de reabilitare a str\u0103zii Maria Dr\u0103gan, pe segmentul cuprins \u00eentre str\u0103zile Vadul lui Vod\u0103 \u0219i Ciocana. \u00cen prezent, se aplic\u0103 stratul final de uzur\u0103 din asfalt, marc\u00e2nd astfel etapa final\u0103 a proiectului de modernizare a arterei. Tronsonul men\u021bionat a fost supus [&hellip;]","og_url":"https:\/\/mobilitatechisinau.md\/?p=16199","og_site_name":"mobilitatechisinau.md","article_publisher":"https:\/\/www.facebook.com\/DGTPCC","article_published_time":"2025-10-22T06:44:14+00:00","article_modified_time":"2025-10-31T07:02:03+00:00","og_image":[{"width":1200,"height":700,"url":"https:\/\/mobilitatechisinau.md\/wp-content\/uploads\/2025\/10\/22-octombrie.jpg","type":"image\/jpeg"}],"author":"dgtpcc.md","twitter_card":"summary_large_image","twitter_misc":{"Scris de":"dgtpcc.md","Timp estimat pentru citire":"3 minute"},"schema":{"@context":"https:\/\/schema.org","@graph":[{"@type":"Article","@id":"https:\/\/mobilitatechisinau.md\/?p=16199#article","isPartOf":{"@id":"https:\/\/mobilitatechisinau.md\/?p=16199"},"author":{"name":"dgtpcc.md","@id":"https:\/\/mobilitatechisinau.md\/#\/schema\/person\/c25d28ff5553bea759689e10224709c7"},"headline":"Pe strada Maria Dr\u0103gan se desf\u0103\u0219oar\u0103 etapa final\u0103 a lucr\u0103rilor de repara\u021bie","datePublished":"2025-10-22T06:44:14+00:00","dateModified":"2025-10-31T07:02:03+00:00","mainEntityOfPage":{"@id":"https:\/\/mobilitatechisinau.md\/?p=16199"},"wordCount":164,"publisher":{"@id":"https:\/\/mobilitatechisinau.md\/#organization"},"image":{"@id":"https:\/\/mobilitatechisinau.md\/?p=16199#primaryimage"},"thumbnailUrl":"https:\/\/mobilitatechisinau.md\/wp-content\/uploads\/2025\/10\/22-octombrie.jpg","articleSection":["Comunicate de pres\u0103"],"inLanguage":"ro-RO"},{"@type":"WebPage","@id":"https:\/\/mobilitatechisinau.md\/?p=16199","url":"https:\/\/mobilitatechisinau.md\/?p=16199","name":"Pe strada Maria Dr\u0103gan se desf\u0103\u0219oar\u0103 etapa final\u0103 a lucr\u0103rilor de repara\u021bie - mobilitatechisinau.md","isPartOf":{"@id":"https:\/\/mobilitatechisinau.md\/#website"},"primaryImageOfPage":{"@id":"https:\/\/mobilitatechisinau.md\/?p=16199#primaryimage"},"image":{"@id":"https:\/\/mobilitatechisinau.md\/?p=16199#primaryimage"},"thumbnailUrl":"https:\/\/mobilitatechisinau.md\/wp-content\/uploads\/2025\/10\/22-octombrie.jpg","datePublished":"2025-10-22T06:44:14+00:00","dateModified":"2025-10-31T07:02:03+00:00","breadcrumb":{"@id":"https:\/\/mobilitatechisinau.md\/?p=16199#breadcrumb"},"inLanguage":"ro-RO","potentialAction":[{"@type":"ReadAction","target":["https:\/\/mobilitatechisinau.md\/?p=16199"]}]},{"@type":"ImageObject","inLanguage":"ro-RO","@id":"https:\/\/mobilitatechisinau.md\/?p=16199#primaryimage","url":"https:\/\/mobilitatechisinau.md\/wp-content\/uploads\/2025\/10\/22-octombrie.jpg","contentUrl":"https:\/\/mobilitatechisinau.md\/wp-content\/uploads\/2025\/10\/22-octombrie.jpg","width":1200,"height":700},{"@type":"BreadcrumbList","@id":"https:\/\/mobilitatechisinau.md\/?p=16199#breadcrumb","itemListElement":[{"@type":"ListItem","position":1,"name":"Prima pagin\u0103","item":"https:\/\/mobilitatechisinau.md\/"},{"@type":"ListItem","position":2,"name":"Pe strada Maria Dr\u0103gan se desf\u0103\u0219oar\u0103 etapa final\u0103 a lucr\u0103rilor de repara\u021bie"}]},{"@type":"WebSite","@id":"https:\/\/mobilitatechisinau.md\/#website","url":"https:\/\/mobilitatechisinau.md\/","name":"mobilitatechisinau.md","description":"Direc\u0163ia General\u0103 Mobilitate Urban\u0103","publisher":{"@id":"https:\/\/mobilitatechisinau.md\/#organization"},"potentialAction":[{"@type":"SearchAction","target":{"@type":"EntryPoint","urlTemplate":"https:\/\/mobilitatechisinau.md\/?s={search_term_string}"},"query-input":{"@type":"PropertyValueSpecification","valueRequired":true,"valueName":"search_term_string"}}],"inLanguage":"ro-RO"},{"@type":"Organization","@id":"https:\/\/mobilitatechisinau.md\/#organization","name":"Direc\u0163ia general\u0103 transport public \u015fi c\u0103i de comunica\u0163ie","url":"https:\/\/mobilitatechisinau.md\/","logo":{"@type":"ImageObject","inLanguage":"ro-RO","@id":"https:\/\/mobilitatechisinau.md\/#\/schema\/logo\/image\/","url":"https:\/\/dgtpcc.md\/wp-content\/uploads\/2022\/05\/DGTPCC-Chis\u0326ina\u0306u-new.jpg","contentUrl":"https:\/\/dgtpcc.md\/wp-content\/uploads\/2022\/05\/DGTPCC-Chis\u0326ina\u0306u-new.jpg","width":304,"height":80,"caption":"Direc\u0163ia general\u0103 transport public \u015fi c\u0103i de comunica\u0163ie"},"image":{"@id":"https:\/\/mobilitatechisinau.md\/#\/schema\/logo\/image\/"},"sameAs":["https:\/\/www.facebook.com\/DGTPCC"]},{"@type":"Person","@id":"https:\/\/mobilitatechisinau.md\/#\/schema\/person\/c25d28ff5553bea759689e10224709c7","name":"dgtpcc.md","image":{"@type":"ImageObject","inLanguage":"ro-RO","@id":"https:\/\/mobilitatechisinau.md\/#\/schema\/person\/image\/","url":"https:\/\/secure.gravatar.com\/avatar\/9057a81ed6aa6c63f6d0d045749b3708fa15d612e3a388d9ac7b50072146c906?s=96&d=mm&r=g","contentUrl":"https:\/\/secure.gravatar.com\/avatar\/9057a81ed6aa6c63f6d0d045749b3708fa15d612e3a388d9ac7b50072146c906?s=96&d=mm&r=g","caption":"dgtpcc.md"},"sameAs":["https:\/\/dgtpcc.md"],"url":"https:\/\/mobilitatechisinau.md\/?author=1"}]}},"_links":{"self":[{"href":"https:\/\/mobilitatechisinau.md\/index.php?rest_route=\/wp\/v2\/posts\/16199","targetHints":{"allow":["GET"]}}],"collection":[{"href":"https:\/\/mobilitatechisinau.md\/index.php?rest_route=\/wp\/v2\/posts"}],"about":[{"href":"https:\/\/mobilitatechisinau.md\/index.php?rest_route=\/wp\/v2\/types\/post"}],"author":[{"embeddable":true,"href":"https:\/\/mobilitatechisinau.md\/index.php?rest_route=\/wp\/v2\/users\/1"}],"replies":[{"embeddable":true,"href":"https:\/\/mobilitatechisinau.md\/index.php?rest_route=%2Fwp%2Fv2%2Fcomments&post=16199"}],"version-history":[{"count":1,"href":"https:\/\/mobilitatechisinau.md\/index.php?rest_route=\/wp\/v2\/posts\/16199\/revisions"}],"predecessor-version":[{"id":16207,"href":"https:\/\/mobilitatechisinau.md\/index.php?rest_route=\/wp\/v2\/posts\/16199\/revisions\/16207"}],"wp:featuredmedia":[{"embeddable":true,"href":"https:\/\/mobilitatechisinau.md\/index.php?rest_route=\/wp\/v2\/media\/16200"}],"wp:attachment":[{"href":"https:\/\/mobilitatechisinau.md\/index.php?rest_route=%2Fwp%2Fv2%2Fmedia&parent=16199"}],"wp:term":[{"taxonomy":"category","embeddable":true,"href":"https:\/\/mobilitatechisinau.md\/index.php?rest_route=%2Fwp%2Fv2%2Fcategories&post=16199"},{"taxonomy":"post_tag","embeddable":true,"href":"https:\/\/mobilitatechisinau.md\/index.php?rest_route=%2Fwp%2Fv2%2Ftags&post=16199"}],"curies":[{"name":"wp","href":"https:\/\/api.w.org\/{rel}","templated":true}]}}