{"id":16215,"date":"2025-10-29T15:27:19","date_gmt":"2025-10-29T13:27:19","guid":{"rendered":"https:\/\/mobilitatechisinau.md\/?p=16215"},"modified":"2025-10-31T15:28:30","modified_gmt":"2025-10-31T13:28:30","slug":"chisinaul-prezent-la-laboratorul-european-al-oraselor-dedicat-mobilitatii-active-de-la-hamburg","status":"publish","type":"post","link":"https:\/\/mobilitatechisinau.md\/?p=16215","title":{"rendered":"Chi\u0219in\u0103ul, prezent la Laboratorul European al Ora\u0219elor dedicat Mobilit\u0103\u021bii Active de la Hamburg"},"content":{"rendered":"\n<p>O delega\u021bie a municipiului Chi\u0219in\u0103u a participat, \u00een perioada 28\u201329 octombrie 2025, la Hamburg, Germania, la Laboratorul European al Ora\u0219elor dedicat Mobilit\u0103\u021bii Active.<\/p>\n\n\n\n<p>Delega\u021bia a fost format\u0103 din reprezentan\u021bi ai Direc\u021biei generale arhitectur\u0103, urbanism \u0219i rela\u021bii funciare (DGAURF), condu\u0219i de arhitecta-\u0219ef\u0103 a municipiului, Svetlana Dogotaru, \u0219i ai Direc\u021biei generale mobilitate urban\u0103 (DGMU), condu\u0219i de \u0219eful interimar al Direc\u021biei, Dorin Ciorn\u00eei.<\/p>\n\n\n\n<p>Evenimentul, organizat de URBACT \u0219i Ini\u021biativa Urban\u0103 European\u0103 (EUI), cu sprijinul ora\u0219ului Hamburg, a urm\u0103rit promovarea mersului pe jos, a utiliz\u0103rii bicicletei \u0219i a altor forme de transport ecologic, pentru crearea unor ora\u0219e mai sustenabile, sigure \u0219i prietenoase pentru oameni.<\/p>\n\n\n\n<p>La reuniune au participat reprezentan\u021bi ai ora\u0219elor europene, speciali\u0219ti \u0219i exper\u021bi \u00een mobilitate urban\u0103, care au \u00eemp\u0103rt\u0103\u0219it experien\u021be \u0219i solu\u021bii pentru ora\u0219e mai verzi \u0219i mai accesibile.<\/p>\n\n\n\n<p>Participarea delega\u021biei Chi\u0219in\u0103ului a fost important\u0103 pentru integrarea bunelor practici europene \u00een planurile urbane ale municipiului, \u00een special \u00een contextul:<\/p>\n\n\n\n<ul class=\"wp-block-list\">\n<li>reactualiz\u0103rii Planului Urbanistic General (PUG);<\/li>\n\n\n\n<li>elabor\u0103rii Planului de Referin\u021b\u0103 Istorico-Arhitectural (PRIA);<\/li>\n\n\n\n<li>elabor\u0103rii Planului de Mobilitate Urban\u0103 Durabil\u0103 pentru zona central\u0103.<\/li>\n<\/ul>\n\n\n\n<p>Solu\u021biile \u0219i exemplele prezentate la Hamburg au ajutat la identificarea unor m\u0103suri pentru un ora\u0219 mai u\u0219or de parcurs, accesibil \u0219i durabil, respect\u00e2nd cl\u0103dirile \u0219i zona istoric\u0103.<\/p>\n\n\n\n<p>Programul evenimentului a inclus prezent\u0103ri ale exper\u021bilor, vizite pe teren \u00een zone destinate pietonilor \u0219i bicicletelor din Hamburg, demonstra\u021bii de tehnologii digitale pentru mobilitate accesibil\u0103 \u0219i sesiuni de networking \u00eentre profesioni\u0219ti.<\/p>\n\n\n\n<figure class=\"wp-block-gallery has-nested-images columns-default is-cropped wp-block-gallery-1 is-layout-flex wp-block-gallery-is-layout-flex\">\n<figure class=\"wp-block-image size-large\"><img fetchpriority=\"high\" decoding=\"async\" width=\"933\" height=\"700\" data-id=\"16219\" src=\"https:\/\/mobilitatechisinau.md\/wp-content\/uploads\/2025\/10\/2-6.jpg\" alt=\"\" class=\"wp-image-16219\" srcset=\"https:\/\/mobilitatechisinau.md\/wp-content\/uploads\/2025\/10\/2-6.jpg 933w, https:\/\/mobilitatechisinau.md\/wp-content\/uploads\/2025\/10\/2-6-300x225.jpg 300w, https:\/\/mobilitatechisinau.md\/wp-content\/uploads\/2025\/10\/2-6-768x576.jpg 768w, https:\/\/mobilitatechisinau.md\/wp-content\/uploads\/2025\/10\/2-6-16x12.jpg 16w, https:\/\/mobilitatechisinau.md\/wp-content\/uploads\/2025\/10\/2-6-466x350.jpg 466w\" sizes=\"(max-width: 933px) 100vw, 933px\" \/><\/figure>\n\n\n\n<figure class=\"wp-block-image size-large\"><img decoding=\"async\" width=\"933\" height=\"700\" data-id=\"16217\" src=\"https:\/\/mobilitatechisinau.md\/wp-content\/uploads\/2025\/10\/3-6.jpg\" alt=\"\" class=\"wp-image-16217\" srcset=\"https:\/\/mobilitatechisinau.md\/wp-content\/uploads\/2025\/10\/3-6.jpg 933w, https:\/\/mobilitatechisinau.md\/wp-content\/uploads\/2025\/10\/3-6-300x225.jpg 300w, https:\/\/mobilitatechisinau.md\/wp-content\/uploads\/2025\/10\/3-6-768x576.jpg 768w, https:\/\/mobilitatechisinau.md\/wp-content\/uploads\/2025\/10\/3-6-16x12.jpg 16w, https:\/\/mobilitatechisinau.md\/wp-content\/uploads\/2025\/10\/3-6-466x350.jpg 466w\" sizes=\"(max-width: 933px) 100vw, 933px\" \/><\/figure>\n\n\n\n<figure class=\"wp-block-image size-large\"><img decoding=\"async\" width=\"933\" height=\"700\" data-id=\"16220\" src=\"https:\/\/mobilitatechisinau.md\/wp-content\/uploads\/2025\/10\/4-5.jpg\" alt=\"\" class=\"wp-image-16220\" srcset=\"https:\/\/mobilitatechisinau.md\/wp-content\/uploads\/2025\/10\/4-5.jpg 933w, https:\/\/mobilitatechisinau.md\/wp-content\/uploads\/2025\/10\/4-5-300x225.jpg 300w, https:\/\/mobilitatechisinau.md\/wp-content\/uploads\/2025\/10\/4-5-768x576.jpg 768w, https:\/\/mobilitatechisinau.md\/wp-content\/uploads\/2025\/10\/4-5-16x12.jpg 16w, https:\/\/mobilitatechisinau.md\/wp-content\/uploads\/2025\/10\/4-5-466x350.jpg 466w\" sizes=\"(max-width: 933px) 100vw, 933px\" \/><\/figure>\n<\/figure>\n\n\n\n<p><\/p>\n","protected":false},"excerpt":{"rendered":"<p>O delega\u021bie a municipiului Chi\u0219in\u0103u a participat, \u00een perioada 28\u201329 octombrie 2025, la Hamburg, Germania, la Laboratorul European al Ora\u0219elor dedicat Mobilit\u0103\u021bii Active. Delega\u021bia a fost format\u0103 din reprezentan\u021bi ai Direc\u021biei generale arhitectur\u0103, urbanism \u0219i rela\u021bii funciare (DGAURF), condu\u0219i de arhitecta-\u0219ef\u0103 a municipiului, Svetlana Dogotaru, \u0219i ai Direc\u021biei generale mobilitate urban\u0103 (DGMU), condu\u0219i de \u0219eful [&hellip;]<\/p>\n","protected":false},"author":1,"featured_media":16216,"comment_status":"closed","ping_status":"open","sticky":false,"template":"","format":"standard","meta":{"footnotes":""},"categories":[92],"tags":[],"class_list":["post-16215","post","type-post","status-publish","format-standard","has-post-thumbnail","hentry","category-comunicate"],"yoast_head":"<!-- This site is optimized with the Yoast SEO plugin v23.9 - https:\/\/yoast.com\/wordpress\/plugins\/seo\/ -->\n<title>Chi\u0219in\u0103ul, prezent la Laboratorul European al Ora\u0219elor dedicat Mobilit\u0103\u021bii Active de la Hamburg - mobilitatechisinau.md<\/title>\n<meta name=\"robots\" content=\"index, follow, max-snippet:-1, max-image-preview:large, max-video-preview:-1\" \/>\n<link rel=\"canonical\" href=\"https:\/\/mobilitatechisinau.md\/?p=16215\" \/>\n<meta property=\"og:locale\" content=\"ro_RO\" \/>\n<meta property=\"og:type\" content=\"article\" \/>\n<meta property=\"og:title\" content=\"Chi\u0219in\u0103ul, prezent la Laboratorul European al Ora\u0219elor dedicat Mobilit\u0103\u021bii Active de la Hamburg - mobilitatechisinau.md\" \/>\n<meta property=\"og:description\" content=\"O delega\u021bie a municipiului Chi\u0219in\u0103u a participat, \u00een perioada 28\u201329 octombrie 2025, la Hamburg, Germania, la Laboratorul European al Ora\u0219elor dedicat Mobilit\u0103\u021bii Active. Delega\u021bia a fost format\u0103 din reprezentan\u021bi ai Direc\u021biei generale arhitectur\u0103, urbanism \u0219i rela\u021bii funciare (DGAURF), condu\u0219i de arhitecta-\u0219ef\u0103 a municipiului, Svetlana Dogotaru, \u0219i ai Direc\u021biei generale mobilitate urban\u0103 (DGMU), condu\u0219i de \u0219eful [&hellip;]\" \/>\n<meta property=\"og:url\" content=\"https:\/\/mobilitatechisinau.md\/?p=16215\" \/>\n<meta property=\"og:site_name\" content=\"mobilitatechisinau.md\" \/>\n<meta property=\"article:publisher\" content=\"https:\/\/www.facebook.com\/DGTPCC\" \/>\n<meta property=\"article:published_time\" content=\"2025-10-29T13:27:19+00:00\" \/>\n<meta property=\"article:modified_time\" content=\"2025-10-31T13:28:30+00:00\" \/>\n<meta property=\"og:image\" content=\"https:\/\/mobilitatechisinau.md\/wp-content\/uploads\/2025\/10\/Hamburg.jpg\" \/>\n\t<meta property=\"og:image:width\" content=\"1200\" \/>\n\t<meta property=\"og:image:height\" content=\"700\" \/>\n\t<meta property=\"og:image:type\" content=\"image\/jpeg\" \/>\n<meta name=\"author\" content=\"dgtpcc.md\" \/>\n<meta name=\"twitter:card\" content=\"summary_large_image\" \/>\n<meta name=\"twitter:label1\" content=\"Scris de\" \/>\n\t<meta name=\"twitter:data1\" content=\"dgtpcc.md\" \/>\n\t<meta name=\"twitter:label2\" content=\"Timp estimat pentru citire\" \/>\n\t<meta name=\"twitter:data2\" content=\"3 minute\" \/>\n<script type=\"application\/ld+json\" class=\"yoast-schema-graph\">{\"@context\":\"https:\/\/schema.org\",\"@graph\":[{\"@type\":\"Article\",\"@id\":\"https:\/\/mobilitatechisinau.md\/?p=16215#article\",\"isPartOf\":{\"@id\":\"https:\/\/mobilitatechisinau.md\/?p=16215\"},\"author\":{\"name\":\"dgtpcc.md\",\"@id\":\"https:\/\/mobilitatechisinau.md\/#\/schema\/person\/c25d28ff5553bea759689e10224709c7\"},\"headline\":\"Chi\u0219in\u0103ul, prezent la Laboratorul European al Ora\u0219elor dedicat Mobilit\u0103\u021bii Active de la Hamburg\",\"datePublished\":\"2025-10-29T13:27:19+00:00\",\"dateModified\":\"2025-10-31T13:28:30+00:00\",\"mainEntityOfPage\":{\"@id\":\"https:\/\/mobilitatechisinau.md\/?p=16215\"},\"wordCount\":284,\"publisher\":{\"@id\":\"https:\/\/mobilitatechisinau.md\/#organization\"},\"image\":{\"@id\":\"https:\/\/mobilitatechisinau.md\/?p=16215#primaryimage\"},\"thumbnailUrl\":\"https:\/\/mobilitatechisinau.md\/wp-content\/uploads\/2025\/10\/Hamburg.jpg\",\"articleSection\":[\"Comunicate de pres\u0103\"],\"inLanguage\":\"ro-RO\"},{\"@type\":\"WebPage\",\"@id\":\"https:\/\/mobilitatechisinau.md\/?p=16215\",\"url\":\"https:\/\/mobilitatechisinau.md\/?p=16215\",\"name\":\"Chi\u0219in\u0103ul, prezent la Laboratorul European al Ora\u0219elor dedicat Mobilit\u0103\u021bii Active de la Hamburg - mobilitatechisinau.md\",\"isPartOf\":{\"@id\":\"https:\/\/mobilitatechisinau.md\/#website\"},\"primaryImageOfPage\":{\"@id\":\"https:\/\/mobilitatechisinau.md\/?p=16215#primaryimage\"},\"image\":{\"@id\":\"https:\/\/mobilitatechisinau.md\/?p=16215#primaryimage\"},\"thumbnailUrl\":\"https:\/\/mobilitatechisinau.md\/wp-content\/uploads\/2025\/10\/Hamburg.jpg\",\"datePublished\":\"2025-10-29T13:27:19+00:00\",\"dateModified\":\"2025-10-31T13:28:30+00:00\",\"breadcrumb\":{\"@id\":\"https:\/\/mobilitatechisinau.md\/?p=16215#breadcrumb\"},\"inLanguage\":\"ro-RO\",\"potentialAction\":[{\"@type\":\"ReadAction\",\"target\":[\"https:\/\/mobilitatechisinau.md\/?p=16215\"]}]},{\"@type\":\"ImageObject\",\"inLanguage\":\"ro-RO\",\"@id\":\"https:\/\/mobilitatechisinau.md\/?p=16215#primaryimage\",\"url\":\"https:\/\/mobilitatechisinau.md\/wp-content\/uploads\/2025\/10\/Hamburg.jpg\",\"contentUrl\":\"https:\/\/mobilitatechisinau.md\/wp-content\/uploads\/2025\/10\/Hamburg.jpg\",\"width\":1200,\"height\":700},{\"@type\":\"BreadcrumbList\",\"@id\":\"https:\/\/mobilitatechisinau.md\/?p=16215#breadcrumb\",\"itemListElement\":[{\"@type\":\"ListItem\",\"position\":1,\"name\":\"Prima pagin\u0103\",\"item\":\"https:\/\/mobilitatechisinau.md\/\"},{\"@type\":\"ListItem\",\"position\":2,\"name\":\"Chi\u0219in\u0103ul, prezent la Laboratorul European al Ora\u0219elor dedicat Mobilit\u0103\u021bii Active de la Hamburg\"}]},{\"@type\":\"WebSite\",\"@id\":\"https:\/\/mobilitatechisinau.md\/#website\",\"url\":\"https:\/\/mobilitatechisinau.md\/\",\"name\":\"mobilitatechisinau.md\",\"description\":\"Direc\u0163ia General\u0103 Mobilitate Urban\u0103\",\"publisher\":{\"@id\":\"https:\/\/mobilitatechisinau.md\/#organization\"},\"potentialAction\":[{\"@type\":\"SearchAction\",\"target\":{\"@type\":\"EntryPoint\",\"urlTemplate\":\"https:\/\/mobilitatechisinau.md\/?s={search_term_string}\"},\"query-input\":{\"@type\":\"PropertyValueSpecification\",\"valueRequired\":true,\"valueName\":\"search_term_string\"}}],\"inLanguage\":\"ro-RO\"},{\"@type\":\"Organization\",\"@id\":\"https:\/\/mobilitatechisinau.md\/#organization\",\"name\":\"Direc\u0163ia general\u0103 transport public \u015fi c\u0103i de comunica\u0163ie\",\"url\":\"https:\/\/mobilitatechisinau.md\/\",\"logo\":{\"@type\":\"ImageObject\",\"inLanguage\":\"ro-RO\",\"@id\":\"https:\/\/mobilitatechisinau.md\/#\/schema\/logo\/image\/\",\"url\":\"https:\/\/dgtpcc.md\/wp-content\/uploads\/2022\/05\/DGTPCC-Chis\u0326ina\u0306u-new.jpg\",\"contentUrl\":\"https:\/\/dgtpcc.md\/wp-content\/uploads\/2022\/05\/DGTPCC-Chis\u0326ina\u0306u-new.jpg\",\"width\":304,\"height\":80,\"caption\":\"Direc\u0163ia general\u0103 transport public \u015fi c\u0103i de comunica\u0163ie\"},\"image\":{\"@id\":\"https:\/\/mobilitatechisinau.md\/#\/schema\/logo\/image\/\"},\"sameAs\":[\"https:\/\/www.facebook.com\/DGTPCC\"]},{\"@type\":\"Person\",\"@id\":\"https:\/\/mobilitatechisinau.md\/#\/schema\/person\/c25d28ff5553bea759689e10224709c7\",\"name\":\"dgtpcc.md\",\"image\":{\"@type\":\"ImageObject\",\"inLanguage\":\"ro-RO\",\"@id\":\"https:\/\/mobilitatechisinau.md\/#\/schema\/person\/image\/\",\"url\":\"https:\/\/secure.gravatar.com\/avatar\/9057a81ed6aa6c63f6d0d045749b3708fa15d612e3a388d9ac7b50072146c906?s=96&d=mm&r=g\",\"contentUrl\":\"https:\/\/secure.gravatar.com\/avatar\/9057a81ed6aa6c63f6d0d045749b3708fa15d612e3a388d9ac7b50072146c906?s=96&d=mm&r=g\",\"caption\":\"dgtpcc.md\"},\"sameAs\":[\"https:\/\/dgtpcc.md\"],\"url\":\"https:\/\/mobilitatechisinau.md\/?author=1\"}]}<\/script>\n<!-- \/ Yoast SEO plugin. -->","yoast_head_json":{"title":"Chi\u0219in\u0103ul, prezent la Laboratorul European al Ora\u0219elor dedicat Mobilit\u0103\u021bii Active de la Hamburg - mobilitatechisinau.md","robots":{"index":"index","follow":"follow","max-snippet":"max-snippet:-1","max-image-preview":"max-image-preview:large","max-video-preview":"max-video-preview:-1"},"canonical":"https:\/\/mobilitatechisinau.md\/?p=16215","og_locale":"ro_RO","og_type":"article","og_title":"Chi\u0219in\u0103ul, prezent la Laboratorul European al Ora\u0219elor dedicat Mobilit\u0103\u021bii Active de la Hamburg - mobilitatechisinau.md","og_description":"O delega\u021bie a municipiului Chi\u0219in\u0103u a participat, \u00een perioada 28\u201329 octombrie 2025, la Hamburg, Germania, la Laboratorul European al Ora\u0219elor dedicat Mobilit\u0103\u021bii Active. Delega\u021bia a fost format\u0103 din reprezentan\u021bi ai Direc\u021biei generale arhitectur\u0103, urbanism \u0219i rela\u021bii funciare (DGAURF), condu\u0219i de arhitecta-\u0219ef\u0103 a municipiului, Svetlana Dogotaru, \u0219i ai Direc\u021biei generale mobilitate urban\u0103 (DGMU), condu\u0219i de \u0219eful [&hellip;]","og_url":"https:\/\/mobilitatechisinau.md\/?p=16215","og_site_name":"mobilitatechisinau.md","article_publisher":"https:\/\/www.facebook.com\/DGTPCC","article_published_time":"2025-10-29T13:27:19+00:00","article_modified_time":"2025-10-31T13:28:30+00:00","og_image":[{"width":1200,"height":700,"url":"https:\/\/mobilitatechisinau.md\/wp-content\/uploads\/2025\/10\/Hamburg.jpg","type":"image\/jpeg"}],"author":"dgtpcc.md","twitter_card":"summary_large_image","twitter_misc":{"Scris de":"dgtpcc.md","Timp estimat pentru citire":"3 minute"},"schema":{"@context":"https:\/\/schema.org","@graph":[{"@type":"Article","@id":"https:\/\/mobilitatechisinau.md\/?p=16215#article","isPartOf":{"@id":"https:\/\/mobilitatechisinau.md\/?p=16215"},"author":{"name":"dgtpcc.md","@id":"https:\/\/mobilitatechisinau.md\/#\/schema\/person\/c25d28ff5553bea759689e10224709c7"},"headline":"Chi\u0219in\u0103ul, prezent la Laboratorul European al Ora\u0219elor dedicat Mobilit\u0103\u021bii Active de la Hamburg","datePublished":"2025-10-29T13:27:19+00:00","dateModified":"2025-10-31T13:28:30+00:00","mainEntityOfPage":{"@id":"https:\/\/mobilitatechisinau.md\/?p=16215"},"wordCount":284,"publisher":{"@id":"https:\/\/mobilitatechisinau.md\/#organization"},"image":{"@id":"https:\/\/mobilitatechisinau.md\/?p=16215#primaryimage"},"thumbnailUrl":"https:\/\/mobilitatechisinau.md\/wp-content\/uploads\/2025\/10\/Hamburg.jpg","articleSection":["Comunicate de pres\u0103"],"inLanguage":"ro-RO"},{"@type":"WebPage","@id":"https:\/\/mobilitatechisinau.md\/?p=16215","url":"https:\/\/mobilitatechisinau.md\/?p=16215","name":"Chi\u0219in\u0103ul, prezent la Laboratorul European al Ora\u0219elor dedicat Mobilit\u0103\u021bii Active de la Hamburg - mobilitatechisinau.md","isPartOf":{"@id":"https:\/\/mobilitatechisinau.md\/#website"},"primaryImageOfPage":{"@id":"https:\/\/mobilitatechisinau.md\/?p=16215#primaryimage"},"image":{"@id":"https:\/\/mobilitatechisinau.md\/?p=16215#primaryimage"},"thumbnailUrl":"https:\/\/mobilitatechisinau.md\/wp-content\/uploads\/2025\/10\/Hamburg.jpg","datePublished":"2025-10-29T13:27:19+00:00","dateModified":"2025-10-31T13:28:30+00:00","breadcrumb":{"@id":"https:\/\/mobilitatechisinau.md\/?p=16215#breadcrumb"},"inLanguage":"ro-RO","potentialAction":[{"@type":"ReadAction","target":["https:\/\/mobilitatechisinau.md\/?p=16215"]}]},{"@type":"ImageObject","inLanguage":"ro-RO","@id":"https:\/\/mobilitatechisinau.md\/?p=16215#primaryimage","url":"https:\/\/mobilitatechisinau.md\/wp-content\/uploads\/2025\/10\/Hamburg.jpg","contentUrl":"https:\/\/mobilitatechisinau.md\/wp-content\/uploads\/2025\/10\/Hamburg.jpg","width":1200,"height":700},{"@type":"BreadcrumbList","@id":"https:\/\/mobilitatechisinau.md\/?p=16215#breadcrumb","itemListElement":[{"@type":"ListItem","position":1,"name":"Prima pagin\u0103","item":"https:\/\/mobilitatechisinau.md\/"},{"@type":"ListItem","position":2,"name":"Chi\u0219in\u0103ul, prezent la Laboratorul European al Ora\u0219elor dedicat Mobilit\u0103\u021bii Active de la Hamburg"}]},{"@type":"WebSite","@id":"https:\/\/mobilitatechisinau.md\/#website","url":"https:\/\/mobilitatechisinau.md\/","name":"mobilitatechisinau.md","description":"Direc\u0163ia General\u0103 Mobilitate Urban\u0103","publisher":{"@id":"https:\/\/mobilitatechisinau.md\/#organization"},"potentialAction":[{"@type":"SearchAction","target":{"@type":"EntryPoint","urlTemplate":"https:\/\/mobilitatechisinau.md\/?s={search_term_string}"},"query-input":{"@type":"PropertyValueSpecification","valueRequired":true,"valueName":"search_term_string"}}],"inLanguage":"ro-RO"},{"@type":"Organization","@id":"https:\/\/mobilitatechisinau.md\/#organization","name":"Direc\u0163ia general\u0103 transport public \u015fi c\u0103i de comunica\u0163ie","url":"https:\/\/mobilitatechisinau.md\/","logo":{"@type":"ImageObject","inLanguage":"ro-RO","@id":"https:\/\/mobilitatechisinau.md\/#\/schema\/logo\/image\/","url":"https:\/\/dgtpcc.md\/wp-content\/uploads\/2022\/05\/DGTPCC-Chis\u0326ina\u0306u-new.jpg","contentUrl":"https:\/\/dgtpcc.md\/wp-content\/uploads\/2022\/05\/DGTPCC-Chis\u0326ina\u0306u-new.jpg","width":304,"height":80,"caption":"Direc\u0163ia general\u0103 transport public \u015fi c\u0103i de comunica\u0163ie"},"image":{"@id":"https:\/\/mobilitatechisinau.md\/#\/schema\/logo\/image\/"},"sameAs":["https:\/\/www.facebook.com\/DGTPCC"]},{"@type":"Person","@id":"https:\/\/mobilitatechisinau.md\/#\/schema\/person\/c25d28ff5553bea759689e10224709c7","name":"dgtpcc.md","image":{"@type":"ImageObject","inLanguage":"ro-RO","@id":"https:\/\/mobilitatechisinau.md\/#\/schema\/person\/image\/","url":"https:\/\/secure.gravatar.com\/avatar\/9057a81ed6aa6c63f6d0d045749b3708fa15d612e3a388d9ac7b50072146c906?s=96&d=mm&r=g","contentUrl":"https:\/\/secure.gravatar.com\/avatar\/9057a81ed6aa6c63f6d0d045749b3708fa15d612e3a388d9ac7b50072146c906?s=96&d=mm&r=g","caption":"dgtpcc.md"},"sameAs":["https:\/\/dgtpcc.md"],"url":"https:\/\/mobilitatechisinau.md\/?author=1"}]}},"_links":{"self":[{"href":"https:\/\/mobilitatechisinau.md\/index.php?rest_route=\/wp\/v2\/posts\/16215","targetHints":{"allow":["GET"]}}],"collection":[{"href":"https:\/\/mobilitatechisinau.md\/index.php?rest_route=\/wp\/v2\/posts"}],"about":[{"href":"https:\/\/mobilitatechisinau.md\/index.php?rest_route=\/wp\/v2\/types\/post"}],"author":[{"embeddable":true,"href":"https:\/\/mobilitatechisinau.md\/index.php?rest_route=\/wp\/v2\/users\/1"}],"replies":[{"embeddable":true,"href":"https:\/\/mobilitatechisinau.md\/index.php?rest_route=%2Fwp%2Fv2%2Fcomments&post=16215"}],"version-history":[{"count":1,"href":"https:\/\/mobilitatechisinau.md\/index.php?rest_route=\/wp\/v2\/posts\/16215\/revisions"}],"predecessor-version":[{"id":16221,"href":"https:\/\/mobilitatechisinau.md\/index.php?rest_route=\/wp\/v2\/posts\/16215\/revisions\/16221"}],"wp:featuredmedia":[{"embeddable":true,"href":"https:\/\/mobilitatechisinau.md\/index.php?rest_route=\/wp\/v2\/media\/16216"}],"wp:attachment":[{"href":"https:\/\/mobilitatechisinau.md\/index.php?rest_route=%2Fwp%2Fv2%2Fmedia&parent=16215"}],"wp:term":[{"taxonomy":"category","embeddable":true,"href":"https:\/\/mobilitatechisinau.md\/index.php?rest_route=%2Fwp%2Fv2%2Fcategories&post=16215"},{"taxonomy":"post_tag","embeddable":true,"href":"https:\/\/mobilitatechisinau.md\/index.php?rest_route=%2Fwp%2Fv2%2Ftags&post=16215"}],"curies":[{"name":"wp","href":"https:\/\/api.w.org\/{rel}","templated":true}]}}