{"id":16337,"date":"2025-11-10T19:07:24","date_gmt":"2025-11-10T17:07:24","guid":{"rendered":"https:\/\/mobilitatechisinau.md\/?p=16337"},"modified":"2025-11-19T19:25:55","modified_gmt":"2025-11-19T17:25:55","slug":"lucrari-de-reparatie-si-intretinere-a-infrastructurii-rutiere-municipale-executate-pe-parcursul-saptamanii-trecute-61","status":"publish","type":"post","link":"https:\/\/mobilitatechisinau.md\/?p=16337","title":{"rendered":"Lucr\u0103ri de repara\u021bie \u0219i \u00eentre\u021binere a infrastructurii rutiere municipale executate pe parcursul s\u0103pt\u0103m\u00e2nii trecute"},"content":{"rendered":"\n<p>\u00cen perioada 3 &#8211; 9 noiembrie 2025, Regia \u201eExdrupo\u201d a executat un \u0219ir de lucr\u0103ri de repara\u021bie \u0219i \u00eentre\u021binere a drumurilor publice municipale, pentru \u00eembun\u0103t\u0103\u021birea condi\u021biilor de circula\u021bie.<\/p>\n\n\n\n<p>A finalizat ac\u021biunile de asfaltare cu stratul de uzur\u0103 pe \u0219oseaua H\u00e2nce\u0219ti, \u00een continuare urm\u00e2nd a fi aplicate marcajele rutiere.<\/p>\n\n\n\n<p>Pe strada Nicolae Costin au continuat lucr\u0103rile de amenajare a racord\u0103rilor.<\/p>\n\n\n\n<p>Pe str. Industrial\u0103 s-a lucrat la profilarea p\u0103r\u021bii carosabile cu autogrederul, amenajarea pietri\u0219ului \u0219i betonului asfaltic suprimat, pe o suprafa\u021b\u0103 total\u0103 de 11 500 m.p. P\u00e2n\u0103 la demararea lucr\u0103rilor de repara\u021bie capital\u0103, strada Industrial\u0103 se afl\u0103 \u00een \u00eentre\u021binere curent\u0103 permanent\u0103, astfel \u00eenc\u00e2t traficul rutier s\u0103 se desf\u0103\u0219oare \u00een condi\u021bii satisf\u0103c\u0103toare.<\/p>\n\n\n\n<p>De asemenea, s-a intervenit pe mai multe str\u0103zi din ora\u0219 pentru lichidarea situa\u021biilor de avariere prin plomb\u0103ri.<\/p>\n\n\n\n<p>\u00cen acela\u0219i timp, s-a lucrat la repara\u021bia \u0219i \u00eentre\u021binerea canaliz\u0103rii pluviale, dar \u0219i la salubrizarea str\u0103zilor \u0219i pasajelor subterane.<\/p>\n\n\n\n<p>Pentru sporirea siguran\u021bei \u00een trafic, s\u0103pt\u0103m\u00e2na trecut\u0103 au fost aplicate circa 2 700 m\u00b2 de marcaje rutiere, iar peste 130 de indicatoare au fost reparate sau \u00eenlocuite. La fel, au fost \u00eenlocui\u021bi mai mul\u021bi piloni de protec\u021bie deteriora\u021bi de pe strada 31 August 1989.<\/p>\n\n\n\n<p>Lucr\u0103rile de \u00eentre\u021binere vor continua \u0219i \u00een s\u0103pt\u0103m\u00e2na curent\u0103.<\/p>\n\n\n\n<p><a href=\"https:\/\/mobilitatechisinau.md\/?p=16338\">Galerie foto<\/a><\/p>\n","protected":false},"excerpt":{"rendered":"<p>\u00cen perioada 3 &#8211; 9 noiembrie 2025, Regia \u201eExdrupo\u201d a executat un \u0219ir de lucr\u0103ri de repara\u021bie \u0219i \u00eentre\u021binere a drumurilor publice municipale, pentru \u00eembun\u0103t\u0103\u021birea condi\u021biilor de circula\u021bie. A finalizat ac\u021biunile de asfaltare cu stratul de uzur\u0103 pe \u0219oseaua H\u00e2nce\u0219ti, \u00een continuare urm\u00e2nd a fi aplicate marcajele rutiere. Pe strada Nicolae Costin au continuat lucr\u0103rile [&hellip;]<\/p>\n","protected":false},"author":1,"featured_media":16339,"comment_status":"closed","ping_status":"open","sticky":false,"template":"","format":"standard","meta":{"footnotes":""},"categories":[92],"tags":[],"class_list":["post-16337","post","type-post","status-publish","format-standard","has-post-thumbnail","hentry","category-comunicate"],"yoast_head":"<!-- This site is optimized with the Yoast SEO plugin v23.9 - https:\/\/yoast.com\/wordpress\/plugins\/seo\/ -->\n<title>Lucr\u0103ri de repara\u021bie \u0219i \u00eentre\u021binere a infrastructurii rutiere municipale executate pe parcursul s\u0103pt\u0103m\u00e2nii trecute - mobilitatechisinau.md<\/title>\n<meta name=\"robots\" content=\"index, follow, max-snippet:-1, max-image-preview:large, max-video-preview:-1\" \/>\n<link rel=\"canonical\" href=\"https:\/\/mobilitatechisinau.md\/?p=16337\" \/>\n<meta property=\"og:locale\" content=\"ro_RO\" \/>\n<meta property=\"og:type\" content=\"article\" \/>\n<meta property=\"og:title\" content=\"Lucr\u0103ri de repara\u021bie \u0219i \u00eentre\u021binere a infrastructurii rutiere municipale executate pe parcursul s\u0103pt\u0103m\u00e2nii trecute - mobilitatechisinau.md\" \/>\n<meta property=\"og:description\" content=\"\u00cen perioada 3 &#8211; 9 noiembrie 2025, Regia \u201eExdrupo\u201d a executat un \u0219ir de lucr\u0103ri de repara\u021bie \u0219i \u00eentre\u021binere a drumurilor publice municipale, pentru \u00eembun\u0103t\u0103\u021birea condi\u021biilor de circula\u021bie. A finalizat ac\u021biunile de asfaltare cu stratul de uzur\u0103 pe \u0219oseaua H\u00e2nce\u0219ti, \u00een continuare urm\u00e2nd a fi aplicate marcajele rutiere. Pe strada Nicolae Costin au continuat lucr\u0103rile [&hellip;]\" \/>\n<meta property=\"og:url\" content=\"https:\/\/mobilitatechisinau.md\/?p=16337\" \/>\n<meta property=\"og:site_name\" content=\"mobilitatechisinau.md\" \/>\n<meta property=\"article:publisher\" content=\"https:\/\/www.facebook.com\/DGTPCC\" \/>\n<meta property=\"article:published_time\" content=\"2025-11-10T17:07:24+00:00\" \/>\n<meta property=\"article:modified_time\" content=\"2025-11-19T17:25:55+00:00\" \/>\n<meta property=\"og:image\" content=\"https:\/\/mobilitatechisinau.md\/wp-content\/uploads\/2025\/11\/10-noiembrie.jpg\" \/>\n\t<meta property=\"og:image:width\" content=\"1200\" \/>\n\t<meta property=\"og:image:height\" content=\"700\" \/>\n\t<meta property=\"og:image:type\" content=\"image\/jpeg\" \/>\n<meta name=\"author\" content=\"dgtpcc.md\" \/>\n<meta name=\"twitter:card\" content=\"summary_large_image\" \/>\n<meta name=\"twitter:label1\" content=\"Scris de\" \/>\n\t<meta name=\"twitter:data1\" content=\"dgtpcc.md\" \/>\n\t<meta name=\"twitter:label2\" content=\"Timp estimat pentru citire\" \/>\n\t<meta name=\"twitter:data2\" content=\"2 minute\" \/>\n<script type=\"application\/ld+json\" class=\"yoast-schema-graph\">{\"@context\":\"https:\/\/schema.org\",\"@graph\":[{\"@type\":\"Article\",\"@id\":\"https:\/\/mobilitatechisinau.md\/?p=16337#article\",\"isPartOf\":{\"@id\":\"https:\/\/mobilitatechisinau.md\/?p=16337\"},\"author\":{\"name\":\"dgtpcc.md\",\"@id\":\"https:\/\/mobilitatechisinau.md\/#\/schema\/person\/c25d28ff5553bea759689e10224709c7\"},\"headline\":\"Lucr\u0103ri de repara\u021bie \u0219i \u00eentre\u021binere a infrastructurii rutiere municipale executate pe parcursul s\u0103pt\u0103m\u00e2nii trecute\",\"datePublished\":\"2025-11-10T17:07:24+00:00\",\"dateModified\":\"2025-11-19T17:25:55+00:00\",\"mainEntityOfPage\":{\"@id\":\"https:\/\/mobilitatechisinau.md\/?p=16337\"},\"wordCount\":257,\"publisher\":{\"@id\":\"https:\/\/mobilitatechisinau.md\/#organization\"},\"image\":{\"@id\":\"https:\/\/mobilitatechisinau.md\/?p=16337#primaryimage\"},\"thumbnailUrl\":\"https:\/\/mobilitatechisinau.md\/wp-content\/uploads\/2025\/11\/10-noiembrie.jpg\",\"articleSection\":[\"Comunicate de pres\u0103\"],\"inLanguage\":\"ro-RO\"},{\"@type\":\"WebPage\",\"@id\":\"https:\/\/mobilitatechisinau.md\/?p=16337\",\"url\":\"https:\/\/mobilitatechisinau.md\/?p=16337\",\"name\":\"Lucr\u0103ri de repara\u021bie \u0219i \u00eentre\u021binere a infrastructurii rutiere municipale executate pe parcursul s\u0103pt\u0103m\u00e2nii trecute - mobilitatechisinau.md\",\"isPartOf\":{\"@id\":\"https:\/\/mobilitatechisinau.md\/#website\"},\"primaryImageOfPage\":{\"@id\":\"https:\/\/mobilitatechisinau.md\/?p=16337#primaryimage\"},\"image\":{\"@id\":\"https:\/\/mobilitatechisinau.md\/?p=16337#primaryimage\"},\"thumbnailUrl\":\"https:\/\/mobilitatechisinau.md\/wp-content\/uploads\/2025\/11\/10-noiembrie.jpg\",\"datePublished\":\"2025-11-10T17:07:24+00:00\",\"dateModified\":\"2025-11-19T17:25:55+00:00\",\"breadcrumb\":{\"@id\":\"https:\/\/mobilitatechisinau.md\/?p=16337#breadcrumb\"},\"inLanguage\":\"ro-RO\",\"potentialAction\":[{\"@type\":\"ReadAction\",\"target\":[\"https:\/\/mobilitatechisinau.md\/?p=16337\"]}]},{\"@type\":\"ImageObject\",\"inLanguage\":\"ro-RO\",\"@id\":\"https:\/\/mobilitatechisinau.md\/?p=16337#primaryimage\",\"url\":\"https:\/\/mobilitatechisinau.md\/wp-content\/uploads\/2025\/11\/10-noiembrie.jpg\",\"contentUrl\":\"https:\/\/mobilitatechisinau.md\/wp-content\/uploads\/2025\/11\/10-noiembrie.jpg\",\"width\":1200,\"height\":700},{\"@type\":\"BreadcrumbList\",\"@id\":\"https:\/\/mobilitatechisinau.md\/?p=16337#breadcrumb\",\"itemListElement\":[{\"@type\":\"ListItem\",\"position\":1,\"name\":\"Prima pagin\u0103\",\"item\":\"https:\/\/mobilitatechisinau.md\/\"},{\"@type\":\"ListItem\",\"position\":2,\"name\":\"Lucr\u0103ri de repara\u021bie \u0219i \u00eentre\u021binere a infrastructurii rutiere municipale executate pe parcursul s\u0103pt\u0103m\u00e2nii trecute\"}]},{\"@type\":\"WebSite\",\"@id\":\"https:\/\/mobilitatechisinau.md\/#website\",\"url\":\"https:\/\/mobilitatechisinau.md\/\",\"name\":\"mobilitatechisinau.md\",\"description\":\"Direc\u0163ia General\u0103 Mobilitate Urban\u0103\",\"publisher\":{\"@id\":\"https:\/\/mobilitatechisinau.md\/#organization\"},\"potentialAction\":[{\"@type\":\"SearchAction\",\"target\":{\"@type\":\"EntryPoint\",\"urlTemplate\":\"https:\/\/mobilitatechisinau.md\/?s={search_term_string}\"},\"query-input\":{\"@type\":\"PropertyValueSpecification\",\"valueRequired\":true,\"valueName\":\"search_term_string\"}}],\"inLanguage\":\"ro-RO\"},{\"@type\":\"Organization\",\"@id\":\"https:\/\/mobilitatechisinau.md\/#organization\",\"name\":\"Direc\u0163ia general\u0103 transport public \u015fi c\u0103i de comunica\u0163ie\",\"url\":\"https:\/\/mobilitatechisinau.md\/\",\"logo\":{\"@type\":\"ImageObject\",\"inLanguage\":\"ro-RO\",\"@id\":\"https:\/\/mobilitatechisinau.md\/#\/schema\/logo\/image\/\",\"url\":\"https:\/\/dgtpcc.md\/wp-content\/uploads\/2022\/05\/DGTPCC-Chis\u0326ina\u0306u-new.jpg\",\"contentUrl\":\"https:\/\/dgtpcc.md\/wp-content\/uploads\/2022\/05\/DGTPCC-Chis\u0326ina\u0306u-new.jpg\",\"width\":304,\"height\":80,\"caption\":\"Direc\u0163ia general\u0103 transport public \u015fi c\u0103i de comunica\u0163ie\"},\"image\":{\"@id\":\"https:\/\/mobilitatechisinau.md\/#\/schema\/logo\/image\/\"},\"sameAs\":[\"https:\/\/www.facebook.com\/DGTPCC\"]},{\"@type\":\"Person\",\"@id\":\"https:\/\/mobilitatechisinau.md\/#\/schema\/person\/c25d28ff5553bea759689e10224709c7\",\"name\":\"dgtpcc.md\",\"image\":{\"@type\":\"ImageObject\",\"inLanguage\":\"ro-RO\",\"@id\":\"https:\/\/mobilitatechisinau.md\/#\/schema\/person\/image\/\",\"url\":\"https:\/\/secure.gravatar.com\/avatar\/9057a81ed6aa6c63f6d0d045749b3708fa15d612e3a388d9ac7b50072146c906?s=96&d=mm&r=g\",\"contentUrl\":\"https:\/\/secure.gravatar.com\/avatar\/9057a81ed6aa6c63f6d0d045749b3708fa15d612e3a388d9ac7b50072146c906?s=96&d=mm&r=g\",\"caption\":\"dgtpcc.md\"},\"sameAs\":[\"https:\/\/dgtpcc.md\"],\"url\":\"https:\/\/mobilitatechisinau.md\/?author=1\"}]}<\/script>\n<!-- \/ Yoast SEO plugin. -->","yoast_head_json":{"title":"Lucr\u0103ri de repara\u021bie \u0219i \u00eentre\u021binere a infrastructurii rutiere municipale executate pe parcursul s\u0103pt\u0103m\u00e2nii trecute - mobilitatechisinau.md","robots":{"index":"index","follow":"follow","max-snippet":"max-snippet:-1","max-image-preview":"max-image-preview:large","max-video-preview":"max-video-preview:-1"},"canonical":"https:\/\/mobilitatechisinau.md\/?p=16337","og_locale":"ro_RO","og_type":"article","og_title":"Lucr\u0103ri de repara\u021bie \u0219i \u00eentre\u021binere a infrastructurii rutiere municipale executate pe parcursul s\u0103pt\u0103m\u00e2nii trecute - mobilitatechisinau.md","og_description":"\u00cen perioada 3 &#8211; 9 noiembrie 2025, Regia \u201eExdrupo\u201d a executat un \u0219ir de lucr\u0103ri de repara\u021bie \u0219i \u00eentre\u021binere a drumurilor publice municipale, pentru \u00eembun\u0103t\u0103\u021birea condi\u021biilor de circula\u021bie. A finalizat ac\u021biunile de asfaltare cu stratul de uzur\u0103 pe \u0219oseaua H\u00e2nce\u0219ti, \u00een continuare urm\u00e2nd a fi aplicate marcajele rutiere. Pe strada Nicolae Costin au continuat lucr\u0103rile [&hellip;]","og_url":"https:\/\/mobilitatechisinau.md\/?p=16337","og_site_name":"mobilitatechisinau.md","article_publisher":"https:\/\/www.facebook.com\/DGTPCC","article_published_time":"2025-11-10T17:07:24+00:00","article_modified_time":"2025-11-19T17:25:55+00:00","og_image":[{"width":1200,"height":700,"url":"https:\/\/mobilitatechisinau.md\/wp-content\/uploads\/2025\/11\/10-noiembrie.jpg","type":"image\/jpeg"}],"author":"dgtpcc.md","twitter_card":"summary_large_image","twitter_misc":{"Scris de":"dgtpcc.md","Timp estimat pentru citire":"2 minute"},"schema":{"@context":"https:\/\/schema.org","@graph":[{"@type":"Article","@id":"https:\/\/mobilitatechisinau.md\/?p=16337#article","isPartOf":{"@id":"https:\/\/mobilitatechisinau.md\/?p=16337"},"author":{"name":"dgtpcc.md","@id":"https:\/\/mobilitatechisinau.md\/#\/schema\/person\/c25d28ff5553bea759689e10224709c7"},"headline":"Lucr\u0103ri de repara\u021bie \u0219i \u00eentre\u021binere a infrastructurii rutiere municipale executate pe parcursul s\u0103pt\u0103m\u00e2nii trecute","datePublished":"2025-11-10T17:07:24+00:00","dateModified":"2025-11-19T17:25:55+00:00","mainEntityOfPage":{"@id":"https:\/\/mobilitatechisinau.md\/?p=16337"},"wordCount":257,"publisher":{"@id":"https:\/\/mobilitatechisinau.md\/#organization"},"image":{"@id":"https:\/\/mobilitatechisinau.md\/?p=16337#primaryimage"},"thumbnailUrl":"https:\/\/mobilitatechisinau.md\/wp-content\/uploads\/2025\/11\/10-noiembrie.jpg","articleSection":["Comunicate de pres\u0103"],"inLanguage":"ro-RO"},{"@type":"WebPage","@id":"https:\/\/mobilitatechisinau.md\/?p=16337","url":"https:\/\/mobilitatechisinau.md\/?p=16337","name":"Lucr\u0103ri de repara\u021bie \u0219i \u00eentre\u021binere a infrastructurii rutiere municipale executate pe parcursul s\u0103pt\u0103m\u00e2nii trecute - mobilitatechisinau.md","isPartOf":{"@id":"https:\/\/mobilitatechisinau.md\/#website"},"primaryImageOfPage":{"@id":"https:\/\/mobilitatechisinau.md\/?p=16337#primaryimage"},"image":{"@id":"https:\/\/mobilitatechisinau.md\/?p=16337#primaryimage"},"thumbnailUrl":"https:\/\/mobilitatechisinau.md\/wp-content\/uploads\/2025\/11\/10-noiembrie.jpg","datePublished":"2025-11-10T17:07:24+00:00","dateModified":"2025-11-19T17:25:55+00:00","breadcrumb":{"@id":"https:\/\/mobilitatechisinau.md\/?p=16337#breadcrumb"},"inLanguage":"ro-RO","potentialAction":[{"@type":"ReadAction","target":["https:\/\/mobilitatechisinau.md\/?p=16337"]}]},{"@type":"ImageObject","inLanguage":"ro-RO","@id":"https:\/\/mobilitatechisinau.md\/?p=16337#primaryimage","url":"https:\/\/mobilitatechisinau.md\/wp-content\/uploads\/2025\/11\/10-noiembrie.jpg","contentUrl":"https:\/\/mobilitatechisinau.md\/wp-content\/uploads\/2025\/11\/10-noiembrie.jpg","width":1200,"height":700},{"@type":"BreadcrumbList","@id":"https:\/\/mobilitatechisinau.md\/?p=16337#breadcrumb","itemListElement":[{"@type":"ListItem","position":1,"name":"Prima pagin\u0103","item":"https:\/\/mobilitatechisinau.md\/"},{"@type":"ListItem","position":2,"name":"Lucr\u0103ri de repara\u021bie \u0219i \u00eentre\u021binere a infrastructurii rutiere municipale executate pe parcursul s\u0103pt\u0103m\u00e2nii trecute"}]},{"@type":"WebSite","@id":"https:\/\/mobilitatechisinau.md\/#website","url":"https:\/\/mobilitatechisinau.md\/","name":"mobilitatechisinau.md","description":"Direc\u0163ia General\u0103 Mobilitate Urban\u0103","publisher":{"@id":"https:\/\/mobilitatechisinau.md\/#organization"},"potentialAction":[{"@type":"SearchAction","target":{"@type":"EntryPoint","urlTemplate":"https:\/\/mobilitatechisinau.md\/?s={search_term_string}"},"query-input":{"@type":"PropertyValueSpecification","valueRequired":true,"valueName":"search_term_string"}}],"inLanguage":"ro-RO"},{"@type":"Organization","@id":"https:\/\/mobilitatechisinau.md\/#organization","name":"Direc\u0163ia general\u0103 transport public \u015fi c\u0103i de comunica\u0163ie","url":"https:\/\/mobilitatechisinau.md\/","logo":{"@type":"ImageObject","inLanguage":"ro-RO","@id":"https:\/\/mobilitatechisinau.md\/#\/schema\/logo\/image\/","url":"https:\/\/dgtpcc.md\/wp-content\/uploads\/2022\/05\/DGTPCC-Chis\u0326ina\u0306u-new.jpg","contentUrl":"https:\/\/dgtpcc.md\/wp-content\/uploads\/2022\/05\/DGTPCC-Chis\u0326ina\u0306u-new.jpg","width":304,"height":80,"caption":"Direc\u0163ia general\u0103 transport public \u015fi c\u0103i de comunica\u0163ie"},"image":{"@id":"https:\/\/mobilitatechisinau.md\/#\/schema\/logo\/image\/"},"sameAs":["https:\/\/www.facebook.com\/DGTPCC"]},{"@type":"Person","@id":"https:\/\/mobilitatechisinau.md\/#\/schema\/person\/c25d28ff5553bea759689e10224709c7","name":"dgtpcc.md","image":{"@type":"ImageObject","inLanguage":"ro-RO","@id":"https:\/\/mobilitatechisinau.md\/#\/schema\/person\/image\/","url":"https:\/\/secure.gravatar.com\/avatar\/9057a81ed6aa6c63f6d0d045749b3708fa15d612e3a388d9ac7b50072146c906?s=96&d=mm&r=g","contentUrl":"https:\/\/secure.gravatar.com\/avatar\/9057a81ed6aa6c63f6d0d045749b3708fa15d612e3a388d9ac7b50072146c906?s=96&d=mm&r=g","caption":"dgtpcc.md"},"sameAs":["https:\/\/dgtpcc.md"],"url":"https:\/\/mobilitatechisinau.md\/?author=1"}]}},"_links":{"self":[{"href":"https:\/\/mobilitatechisinau.md\/index.php?rest_route=\/wp\/v2\/posts\/16337","targetHints":{"allow":["GET"]}}],"collection":[{"href":"https:\/\/mobilitatechisinau.md\/index.php?rest_route=\/wp\/v2\/posts"}],"about":[{"href":"https:\/\/mobilitatechisinau.md\/index.php?rest_route=\/wp\/v2\/types\/post"}],"author":[{"embeddable":true,"href":"https:\/\/mobilitatechisinau.md\/index.php?rest_route=\/wp\/v2\/users\/1"}],"replies":[{"embeddable":true,"href":"https:\/\/mobilitatechisinau.md\/index.php?rest_route=%2Fwp%2Fv2%2Fcomments&post=16337"}],"version-history":[{"count":1,"href":"https:\/\/mobilitatechisinau.md\/index.php?rest_route=\/wp\/v2\/posts\/16337\/revisions"}],"predecessor-version":[{"id":16361,"href":"https:\/\/mobilitatechisinau.md\/index.php?rest_route=\/wp\/v2\/posts\/16337\/revisions\/16361"}],"wp:featuredmedia":[{"embeddable":true,"href":"https:\/\/mobilitatechisinau.md\/index.php?rest_route=\/wp\/v2\/media\/16339"}],"wp:attachment":[{"href":"https:\/\/mobilitatechisinau.md\/index.php?rest_route=%2Fwp%2Fv2%2Fmedia&parent=16337"}],"wp:term":[{"taxonomy":"category","embeddable":true,"href":"https:\/\/mobilitatechisinau.md\/index.php?rest_route=%2Fwp%2Fv2%2Fcategories&post=16337"},{"taxonomy":"post_tag","embeddable":true,"href":"https:\/\/mobilitatechisinau.md\/index.php?rest_route=%2Fwp%2Fv2%2Ftags&post=16337"}],"curies":[{"name":"wp","href":"https:\/\/api.w.org\/{rel}","templated":true}]}}