{"id":16375,"date":"2025-11-14T19:41:30","date_gmt":"2025-11-14T17:41:30","guid":{"rendered":"https:\/\/mobilitatechisinau.md\/?p=16375"},"modified":"2025-11-19T20:11:45","modified_gmt":"2025-11-19T18:11:45","slug":"masuri-noi-pentru-siguranta-pietonilor-pe-strada-nicolae-costin","status":"publish","type":"post","link":"https:\/\/mobilitatechisinau.md\/?p=16375","title":{"rendered":"M\u0103suri noi pentru siguran\u021ba pietonilor pe strada Nicolae Costin"},"content":{"rendered":"\n<p>Patru treceri pietonale supra\u00een\u0103l\u021bate sunt \u00een curs de amenajare pe strada Nicolae Costin din sectorul Buiucani, reabilitat\u0103 recent. Lucr\u0103rile au \u00eenceput deja, iar primele dou\u0103 treceri sunt \u00een proces \u00een execu\u021bie.<\/p>\n\n\n\n<p>\u00cen ultima perioad\u0103, alte patru treceri pietonale supra\u00een\u0103l\u021bate au fost construite pe str. Liviu Deleanu, la fel reabilit\u0103 integral \u00een acest an.<\/p>\n\n\n\n<p>Odat\u0103 cu modernizarea str\u0103zilor, a fost reconfigurat \u0219i fluxul de circula\u021bie din intersec\u021bia str\u0103zilor Nicolae Costin \u0219i Liviu Deleanu, iar sistemul de semaforizare a fost actualizat. Trecerea pietonal\u0103 dirijat\u0103 de pe str. Liviu Deleanu a fost str\u0103mutat\u0103 \u00een interiorul str\u0103zii Nicolae Costin, pentru a cre\u0219te nivelul de siguran\u021b\u0103 la traversare. \u00cen acela\u0219i timp, semafoarele au fost relocate \u0219i modernizate conform standardelor actuale.<\/p>\n\n\n\n<p>De asemenea, \u00een cartier a fost amenajat\u0103 \u0219i o nou\u0103 trecere pietonal\u0103 dirijat\u0103, care ofer\u0103 acces direct c\u0103tre dou\u0103 institu\u021bii de \u00eenv\u0103\u021b\u0103m\u00e2nt, contribuind la siguran\u021ba elevilor \u0219i locuitorilor din zon\u0103.<\/p>\n\n\n\n<p>Tot pentru sporirea siguran\u021bei participan\u021bilor la trafic, pe str\u0103zile recent reparate a fost aplicat marcaj rutier din vopsea bicomponent\u0103 \u0219i termoplast, pentru o vizibilitate sporit\u0103 \u0219i o durabilitate mai mare a semnaliz\u0103rii rutiere.<\/p>\n\n\n\n<figure class=\"wp-block-gallery has-nested-images columns-default is-cropped wp-block-gallery-1 is-layout-flex wp-block-gallery-is-layout-flex\">\n<figure class=\"wp-block-image size-large\"><img fetchpriority=\"high\" decoding=\"async\" width=\"532\" height=\"700\" data-id=\"16377\" src=\"https:\/\/mobilitatechisinau.md\/wp-content\/uploads\/2025\/11\/1-2.jpg\" alt=\"\" class=\"wp-image-16377\" srcset=\"https:\/\/mobilitatechisinau.md\/wp-content\/uploads\/2025\/11\/1-2.jpg 532w, https:\/\/mobilitatechisinau.md\/wp-content\/uploads\/2025\/11\/1-2-228x300.jpg 228w, https:\/\/mobilitatechisinau.md\/wp-content\/uploads\/2025\/11\/1-2-9x12.jpg 9w, https:\/\/mobilitatechisinau.md\/wp-content\/uploads\/2025\/11\/1-2-266x350.jpg 266w\" sizes=\"(max-width: 532px) 100vw, 532px\" \/><\/figure>\n\n\n\n<figure class=\"wp-block-image size-large\"><img decoding=\"async\" width=\"549\" height=\"700\" data-id=\"16379\" src=\"https:\/\/mobilitatechisinau.md\/wp-content\/uploads\/2025\/11\/2-5.jpg\" alt=\"\" class=\"wp-image-16379\" srcset=\"https:\/\/mobilitatechisinau.md\/wp-content\/uploads\/2025\/11\/2-5.jpg 549w, https:\/\/mobilitatechisinau.md\/wp-content\/uploads\/2025\/11\/2-5-235x300.jpg 235w, https:\/\/mobilitatechisinau.md\/wp-content\/uploads\/2025\/11\/2-5-9x12.jpg 9w, https:\/\/mobilitatechisinau.md\/wp-content\/uploads\/2025\/11\/2-5-274x350.jpg 274w\" sizes=\"(max-width: 549px) 100vw, 549px\" \/><\/figure>\n\n\n\n<figure class=\"wp-block-image size-large\"><img decoding=\"async\" width=\"1024\" height=\"627\" data-id=\"16380\" src=\"https:\/\/mobilitatechisinau.md\/wp-content\/uploads\/2025\/11\/3-5-1024x627.jpg\" alt=\"\" class=\"wp-image-16380\" srcset=\"https:\/\/mobilitatechisinau.md\/wp-content\/uploads\/2025\/11\/3-5-1024x627.jpg 1024w, https:\/\/mobilitatechisinau.md\/wp-content\/uploads\/2025\/11\/3-5-300x184.jpg 300w, https:\/\/mobilitatechisinau.md\/wp-content\/uploads\/2025\/11\/3-5-768x470.jpg 768w, https:\/\/mobilitatechisinau.md\/wp-content\/uploads\/2025\/11\/3-5-18x12.jpg 18w, https:\/\/mobilitatechisinau.md\/wp-content\/uploads\/2025\/11\/3-5-571x350.jpg 571w, https:\/\/mobilitatechisinau.md\/wp-content\/uploads\/2025\/11\/3-5.jpg 1143w\" sizes=\"(max-width: 1024px) 100vw, 1024px\" \/><\/figure>\n\n\n\n<figure class=\"wp-block-image size-large\"><img loading=\"lazy\" decoding=\"async\" width=\"1024\" height=\"627\" data-id=\"16378\" src=\"https:\/\/mobilitatechisinau.md\/wp-content\/uploads\/2025\/11\/4-5-1024x627.jpg\" alt=\"\" class=\"wp-image-16378\" srcset=\"https:\/\/mobilitatechisinau.md\/wp-content\/uploads\/2025\/11\/4-5-1024x627.jpg 1024w, https:\/\/mobilitatechisinau.md\/wp-content\/uploads\/2025\/11\/4-5-300x184.jpg 300w, https:\/\/mobilitatechisinau.md\/wp-content\/uploads\/2025\/11\/4-5-768x470.jpg 768w, https:\/\/mobilitatechisinau.md\/wp-content\/uploads\/2025\/11\/4-5-18x12.jpg 18w, https:\/\/mobilitatechisinau.md\/wp-content\/uploads\/2025\/11\/4-5-551x337.jpg 551w, https:\/\/mobilitatechisinau.md\/wp-content\/uploads\/2025\/11\/4-5.jpg 1103w\" sizes=\"(max-width: 1024px) 100vw, 1024px\" \/><\/figure>\n\n\n\n<figure class=\"wp-block-image size-large\"><img loading=\"lazy\" decoding=\"async\" width=\"1024\" height=\"461\" data-id=\"16381\" src=\"https:\/\/mobilitatechisinau.md\/wp-content\/uploads\/2025\/11\/6-3-1024x461.jpg\" alt=\"\" class=\"wp-image-16381\" srcset=\"https:\/\/mobilitatechisinau.md\/wp-content\/uploads\/2025\/11\/6-3-1024x461.jpg 1024w, https:\/\/mobilitatechisinau.md\/wp-content\/uploads\/2025\/11\/6-3-300x135.jpg 300w, https:\/\/mobilitatechisinau.md\/wp-content\/uploads\/2025\/11\/6-3-768x346.jpg 768w, https:\/\/mobilitatechisinau.md\/wp-content\/uploads\/2025\/11\/6-3-18x8.jpg 18w, https:\/\/mobilitatechisinau.md\/wp-content\/uploads\/2025\/11\/6-3-600x270.jpg 600w, https:\/\/mobilitatechisinau.md\/wp-content\/uploads\/2025\/11\/6-3.jpg 1200w\" sizes=\"(max-width: 1024px) 100vw, 1024px\" \/><\/figure>\n<\/figure>\n","protected":false},"excerpt":{"rendered":"<p>Patru treceri pietonale supra\u00een\u0103l\u021bate sunt \u00een curs de amenajare pe strada Nicolae Costin din sectorul Buiucani, reabilitat\u0103 recent. Lucr\u0103rile au \u00eenceput deja, iar primele dou\u0103 treceri sunt \u00een proces \u00een execu\u021bie. \u00cen ultima perioad\u0103, alte patru treceri pietonale supra\u00een\u0103l\u021bate au fost construite pe str. Liviu Deleanu, la fel reabilit\u0103 integral \u00een acest an. Odat\u0103 cu [&hellip;]<\/p>\n","protected":false},"author":1,"featured_media":16376,"comment_status":"closed","ping_status":"open","sticky":false,"template":"","format":"standard","meta":{"footnotes":""},"categories":[92],"tags":[],"class_list":["post-16375","post","type-post","status-publish","format-standard","has-post-thumbnail","hentry","category-comunicate"],"yoast_head":"<!-- This site is optimized with the Yoast SEO plugin v23.9 - https:\/\/yoast.com\/wordpress\/plugins\/seo\/ -->\n<title>M\u0103suri noi pentru siguran\u021ba pietonilor pe strada Nicolae Costin - mobilitatechisinau.md<\/title>\n<meta name=\"robots\" content=\"index, follow, max-snippet:-1, max-image-preview:large, max-video-preview:-1\" \/>\n<link rel=\"canonical\" href=\"https:\/\/mobilitatechisinau.md\/?p=16375\" \/>\n<meta property=\"og:locale\" content=\"ro_RO\" \/>\n<meta property=\"og:type\" content=\"article\" \/>\n<meta property=\"og:title\" content=\"M\u0103suri noi pentru siguran\u021ba pietonilor pe strada Nicolae Costin - mobilitatechisinau.md\" \/>\n<meta property=\"og:description\" content=\"Patru treceri pietonale supra\u00een\u0103l\u021bate sunt \u00een curs de amenajare pe strada Nicolae Costin din sectorul Buiucani, reabilitat\u0103 recent. Lucr\u0103rile au \u00eenceput deja, iar primele dou\u0103 treceri sunt \u00een proces \u00een execu\u021bie. \u00cen ultima perioad\u0103, alte patru treceri pietonale supra\u00een\u0103l\u021bate au fost construite pe str. Liviu Deleanu, la fel reabilit\u0103 integral \u00een acest an. Odat\u0103 cu [&hellip;]\" \/>\n<meta property=\"og:url\" content=\"https:\/\/mobilitatechisinau.md\/?p=16375\" \/>\n<meta property=\"og:site_name\" content=\"mobilitatechisinau.md\" \/>\n<meta property=\"article:publisher\" content=\"https:\/\/www.facebook.com\/DGTPCC\" \/>\n<meta property=\"article:published_time\" content=\"2025-11-14T17:41:30+00:00\" \/>\n<meta property=\"article:modified_time\" content=\"2025-11-19T18:11:45+00:00\" \/>\n<meta property=\"og:image\" content=\"https:\/\/mobilitatechisinau.md\/wp-content\/uploads\/2025\/11\/strada-Nicolae-Costin.jpg\" \/>\n\t<meta property=\"og:image:width\" content=\"1200\" \/>\n\t<meta property=\"og:image:height\" content=\"700\" \/>\n\t<meta property=\"og:image:type\" content=\"image\/jpeg\" \/>\n<meta name=\"author\" content=\"dgtpcc.md\" \/>\n<meta name=\"twitter:card\" content=\"summary_large_image\" \/>\n<meta name=\"twitter:label1\" content=\"Scris de\" \/>\n\t<meta name=\"twitter:data1\" content=\"dgtpcc.md\" \/>\n\t<meta name=\"twitter:label2\" content=\"Timp estimat pentru citire\" \/>\n\t<meta name=\"twitter:data2\" content=\"3 minute\" \/>\n<script type=\"application\/ld+json\" class=\"yoast-schema-graph\">{\"@context\":\"https:\/\/schema.org\",\"@graph\":[{\"@type\":\"Article\",\"@id\":\"https:\/\/mobilitatechisinau.md\/?p=16375#article\",\"isPartOf\":{\"@id\":\"https:\/\/mobilitatechisinau.md\/?p=16375\"},\"author\":{\"name\":\"dgtpcc.md\",\"@id\":\"https:\/\/mobilitatechisinau.md\/#\/schema\/person\/c25d28ff5553bea759689e10224709c7\"},\"headline\":\"M\u0103suri noi pentru siguran\u021ba pietonilor pe strada Nicolae Costin\",\"datePublished\":\"2025-11-14T17:41:30+00:00\",\"dateModified\":\"2025-11-19T18:11:45+00:00\",\"mainEntityOfPage\":{\"@id\":\"https:\/\/mobilitatechisinau.md\/?p=16375\"},\"wordCount\":214,\"publisher\":{\"@id\":\"https:\/\/mobilitatechisinau.md\/#organization\"},\"image\":{\"@id\":\"https:\/\/mobilitatechisinau.md\/?p=16375#primaryimage\"},\"thumbnailUrl\":\"https:\/\/mobilitatechisinau.md\/wp-content\/uploads\/2025\/11\/strada-Nicolae-Costin.jpg\",\"articleSection\":[\"Comunicate de pres\u0103\"],\"inLanguage\":\"ro-RO\"},{\"@type\":\"WebPage\",\"@id\":\"https:\/\/mobilitatechisinau.md\/?p=16375\",\"url\":\"https:\/\/mobilitatechisinau.md\/?p=16375\",\"name\":\"M\u0103suri noi pentru siguran\u021ba pietonilor pe strada Nicolae Costin - mobilitatechisinau.md\",\"isPartOf\":{\"@id\":\"https:\/\/mobilitatechisinau.md\/#website\"},\"primaryImageOfPage\":{\"@id\":\"https:\/\/mobilitatechisinau.md\/?p=16375#primaryimage\"},\"image\":{\"@id\":\"https:\/\/mobilitatechisinau.md\/?p=16375#primaryimage\"},\"thumbnailUrl\":\"https:\/\/mobilitatechisinau.md\/wp-content\/uploads\/2025\/11\/strada-Nicolae-Costin.jpg\",\"datePublished\":\"2025-11-14T17:41:30+00:00\",\"dateModified\":\"2025-11-19T18:11:45+00:00\",\"breadcrumb\":{\"@id\":\"https:\/\/mobilitatechisinau.md\/?p=16375#breadcrumb\"},\"inLanguage\":\"ro-RO\",\"potentialAction\":[{\"@type\":\"ReadAction\",\"target\":[\"https:\/\/mobilitatechisinau.md\/?p=16375\"]}]},{\"@type\":\"ImageObject\",\"inLanguage\":\"ro-RO\",\"@id\":\"https:\/\/mobilitatechisinau.md\/?p=16375#primaryimage\",\"url\":\"https:\/\/mobilitatechisinau.md\/wp-content\/uploads\/2025\/11\/strada-Nicolae-Costin.jpg\",\"contentUrl\":\"https:\/\/mobilitatechisinau.md\/wp-content\/uploads\/2025\/11\/strada-Nicolae-Costin.jpg\",\"width\":1200,\"height\":700},{\"@type\":\"BreadcrumbList\",\"@id\":\"https:\/\/mobilitatechisinau.md\/?p=16375#breadcrumb\",\"itemListElement\":[{\"@type\":\"ListItem\",\"position\":1,\"name\":\"Prima pagin\u0103\",\"item\":\"https:\/\/mobilitatechisinau.md\/\"},{\"@type\":\"ListItem\",\"position\":2,\"name\":\"M\u0103suri noi pentru siguran\u021ba pietonilor pe strada Nicolae Costin\"}]},{\"@type\":\"WebSite\",\"@id\":\"https:\/\/mobilitatechisinau.md\/#website\",\"url\":\"https:\/\/mobilitatechisinau.md\/\",\"name\":\"mobilitatechisinau.md\",\"description\":\"Direc\u0163ia General\u0103 Mobilitate Urban\u0103\",\"publisher\":{\"@id\":\"https:\/\/mobilitatechisinau.md\/#organization\"},\"potentialAction\":[{\"@type\":\"SearchAction\",\"target\":{\"@type\":\"EntryPoint\",\"urlTemplate\":\"https:\/\/mobilitatechisinau.md\/?s={search_term_string}\"},\"query-input\":{\"@type\":\"PropertyValueSpecification\",\"valueRequired\":true,\"valueName\":\"search_term_string\"}}],\"inLanguage\":\"ro-RO\"},{\"@type\":\"Organization\",\"@id\":\"https:\/\/mobilitatechisinau.md\/#organization\",\"name\":\"Direc\u0163ia general\u0103 transport public \u015fi c\u0103i de comunica\u0163ie\",\"url\":\"https:\/\/mobilitatechisinau.md\/\",\"logo\":{\"@type\":\"ImageObject\",\"inLanguage\":\"ro-RO\",\"@id\":\"https:\/\/mobilitatechisinau.md\/#\/schema\/logo\/image\/\",\"url\":\"https:\/\/dgtpcc.md\/wp-content\/uploads\/2022\/05\/DGTPCC-Chis\u0326ina\u0306u-new.jpg\",\"contentUrl\":\"https:\/\/dgtpcc.md\/wp-content\/uploads\/2022\/05\/DGTPCC-Chis\u0326ina\u0306u-new.jpg\",\"width\":304,\"height\":80,\"caption\":\"Direc\u0163ia general\u0103 transport public \u015fi c\u0103i de comunica\u0163ie\"},\"image\":{\"@id\":\"https:\/\/mobilitatechisinau.md\/#\/schema\/logo\/image\/\"},\"sameAs\":[\"https:\/\/www.facebook.com\/DGTPCC\"]},{\"@type\":\"Person\",\"@id\":\"https:\/\/mobilitatechisinau.md\/#\/schema\/person\/c25d28ff5553bea759689e10224709c7\",\"name\":\"dgtpcc.md\",\"image\":{\"@type\":\"ImageObject\",\"inLanguage\":\"ro-RO\",\"@id\":\"https:\/\/mobilitatechisinau.md\/#\/schema\/person\/image\/\",\"url\":\"https:\/\/secure.gravatar.com\/avatar\/9057a81ed6aa6c63f6d0d045749b3708fa15d612e3a388d9ac7b50072146c906?s=96&d=mm&r=g\",\"contentUrl\":\"https:\/\/secure.gravatar.com\/avatar\/9057a81ed6aa6c63f6d0d045749b3708fa15d612e3a388d9ac7b50072146c906?s=96&d=mm&r=g\",\"caption\":\"dgtpcc.md\"},\"sameAs\":[\"https:\/\/dgtpcc.md\"],\"url\":\"https:\/\/mobilitatechisinau.md\/?author=1\"}]}<\/script>\n<!-- \/ Yoast SEO plugin. -->","yoast_head_json":{"title":"M\u0103suri noi pentru siguran\u021ba pietonilor pe strada Nicolae Costin - mobilitatechisinau.md","robots":{"index":"index","follow":"follow","max-snippet":"max-snippet:-1","max-image-preview":"max-image-preview:large","max-video-preview":"max-video-preview:-1"},"canonical":"https:\/\/mobilitatechisinau.md\/?p=16375","og_locale":"ro_RO","og_type":"article","og_title":"M\u0103suri noi pentru siguran\u021ba pietonilor pe strada Nicolae Costin - mobilitatechisinau.md","og_description":"Patru treceri pietonale supra\u00een\u0103l\u021bate sunt \u00een curs de amenajare pe strada Nicolae Costin din sectorul Buiucani, reabilitat\u0103 recent. Lucr\u0103rile au \u00eenceput deja, iar primele dou\u0103 treceri sunt \u00een proces \u00een execu\u021bie. \u00cen ultima perioad\u0103, alte patru treceri pietonale supra\u00een\u0103l\u021bate au fost construite pe str. Liviu Deleanu, la fel reabilit\u0103 integral \u00een acest an. Odat\u0103 cu [&hellip;]","og_url":"https:\/\/mobilitatechisinau.md\/?p=16375","og_site_name":"mobilitatechisinau.md","article_publisher":"https:\/\/www.facebook.com\/DGTPCC","article_published_time":"2025-11-14T17:41:30+00:00","article_modified_time":"2025-11-19T18:11:45+00:00","og_image":[{"width":1200,"height":700,"url":"https:\/\/mobilitatechisinau.md\/wp-content\/uploads\/2025\/11\/strada-Nicolae-Costin.jpg","type":"image\/jpeg"}],"author":"dgtpcc.md","twitter_card":"summary_large_image","twitter_misc":{"Scris de":"dgtpcc.md","Timp estimat pentru citire":"3 minute"},"schema":{"@context":"https:\/\/schema.org","@graph":[{"@type":"Article","@id":"https:\/\/mobilitatechisinau.md\/?p=16375#article","isPartOf":{"@id":"https:\/\/mobilitatechisinau.md\/?p=16375"},"author":{"name":"dgtpcc.md","@id":"https:\/\/mobilitatechisinau.md\/#\/schema\/person\/c25d28ff5553bea759689e10224709c7"},"headline":"M\u0103suri noi pentru siguran\u021ba pietonilor pe strada Nicolae Costin","datePublished":"2025-11-14T17:41:30+00:00","dateModified":"2025-11-19T18:11:45+00:00","mainEntityOfPage":{"@id":"https:\/\/mobilitatechisinau.md\/?p=16375"},"wordCount":214,"publisher":{"@id":"https:\/\/mobilitatechisinau.md\/#organization"},"image":{"@id":"https:\/\/mobilitatechisinau.md\/?p=16375#primaryimage"},"thumbnailUrl":"https:\/\/mobilitatechisinau.md\/wp-content\/uploads\/2025\/11\/strada-Nicolae-Costin.jpg","articleSection":["Comunicate de pres\u0103"],"inLanguage":"ro-RO"},{"@type":"WebPage","@id":"https:\/\/mobilitatechisinau.md\/?p=16375","url":"https:\/\/mobilitatechisinau.md\/?p=16375","name":"M\u0103suri noi pentru siguran\u021ba pietonilor pe strada Nicolae Costin - mobilitatechisinau.md","isPartOf":{"@id":"https:\/\/mobilitatechisinau.md\/#website"},"primaryImageOfPage":{"@id":"https:\/\/mobilitatechisinau.md\/?p=16375#primaryimage"},"image":{"@id":"https:\/\/mobilitatechisinau.md\/?p=16375#primaryimage"},"thumbnailUrl":"https:\/\/mobilitatechisinau.md\/wp-content\/uploads\/2025\/11\/strada-Nicolae-Costin.jpg","datePublished":"2025-11-14T17:41:30+00:00","dateModified":"2025-11-19T18:11:45+00:00","breadcrumb":{"@id":"https:\/\/mobilitatechisinau.md\/?p=16375#breadcrumb"},"inLanguage":"ro-RO","potentialAction":[{"@type":"ReadAction","target":["https:\/\/mobilitatechisinau.md\/?p=16375"]}]},{"@type":"ImageObject","inLanguage":"ro-RO","@id":"https:\/\/mobilitatechisinau.md\/?p=16375#primaryimage","url":"https:\/\/mobilitatechisinau.md\/wp-content\/uploads\/2025\/11\/strada-Nicolae-Costin.jpg","contentUrl":"https:\/\/mobilitatechisinau.md\/wp-content\/uploads\/2025\/11\/strada-Nicolae-Costin.jpg","width":1200,"height":700},{"@type":"BreadcrumbList","@id":"https:\/\/mobilitatechisinau.md\/?p=16375#breadcrumb","itemListElement":[{"@type":"ListItem","position":1,"name":"Prima pagin\u0103","item":"https:\/\/mobilitatechisinau.md\/"},{"@type":"ListItem","position":2,"name":"M\u0103suri noi pentru siguran\u021ba pietonilor pe strada Nicolae Costin"}]},{"@type":"WebSite","@id":"https:\/\/mobilitatechisinau.md\/#website","url":"https:\/\/mobilitatechisinau.md\/","name":"mobilitatechisinau.md","description":"Direc\u0163ia General\u0103 Mobilitate Urban\u0103","publisher":{"@id":"https:\/\/mobilitatechisinau.md\/#organization"},"potentialAction":[{"@type":"SearchAction","target":{"@type":"EntryPoint","urlTemplate":"https:\/\/mobilitatechisinau.md\/?s={search_term_string}"},"query-input":{"@type":"PropertyValueSpecification","valueRequired":true,"valueName":"search_term_string"}}],"inLanguage":"ro-RO"},{"@type":"Organization","@id":"https:\/\/mobilitatechisinau.md\/#organization","name":"Direc\u0163ia general\u0103 transport public \u015fi c\u0103i de comunica\u0163ie","url":"https:\/\/mobilitatechisinau.md\/","logo":{"@type":"ImageObject","inLanguage":"ro-RO","@id":"https:\/\/mobilitatechisinau.md\/#\/schema\/logo\/image\/","url":"https:\/\/dgtpcc.md\/wp-content\/uploads\/2022\/05\/DGTPCC-Chis\u0326ina\u0306u-new.jpg","contentUrl":"https:\/\/dgtpcc.md\/wp-content\/uploads\/2022\/05\/DGTPCC-Chis\u0326ina\u0306u-new.jpg","width":304,"height":80,"caption":"Direc\u0163ia general\u0103 transport public \u015fi c\u0103i de comunica\u0163ie"},"image":{"@id":"https:\/\/mobilitatechisinau.md\/#\/schema\/logo\/image\/"},"sameAs":["https:\/\/www.facebook.com\/DGTPCC"]},{"@type":"Person","@id":"https:\/\/mobilitatechisinau.md\/#\/schema\/person\/c25d28ff5553bea759689e10224709c7","name":"dgtpcc.md","image":{"@type":"ImageObject","inLanguage":"ro-RO","@id":"https:\/\/mobilitatechisinau.md\/#\/schema\/person\/image\/","url":"https:\/\/secure.gravatar.com\/avatar\/9057a81ed6aa6c63f6d0d045749b3708fa15d612e3a388d9ac7b50072146c906?s=96&d=mm&r=g","contentUrl":"https:\/\/secure.gravatar.com\/avatar\/9057a81ed6aa6c63f6d0d045749b3708fa15d612e3a388d9ac7b50072146c906?s=96&d=mm&r=g","caption":"dgtpcc.md"},"sameAs":["https:\/\/dgtpcc.md"],"url":"https:\/\/mobilitatechisinau.md\/?author=1"}]}},"_links":{"self":[{"href":"https:\/\/mobilitatechisinau.md\/index.php?rest_route=\/wp\/v2\/posts\/16375","targetHints":{"allow":["GET"]}}],"collection":[{"href":"https:\/\/mobilitatechisinau.md\/index.php?rest_route=\/wp\/v2\/posts"}],"about":[{"href":"https:\/\/mobilitatechisinau.md\/index.php?rest_route=\/wp\/v2\/types\/post"}],"author":[{"embeddable":true,"href":"https:\/\/mobilitatechisinau.md\/index.php?rest_route=\/wp\/v2\/users\/1"}],"replies":[{"embeddable":true,"href":"https:\/\/mobilitatechisinau.md\/index.php?rest_route=%2Fwp%2Fv2%2Fcomments&post=16375"}],"version-history":[{"count":1,"href":"https:\/\/mobilitatechisinau.md\/index.php?rest_route=\/wp\/v2\/posts\/16375\/revisions"}],"predecessor-version":[{"id":16382,"href":"https:\/\/mobilitatechisinau.md\/index.php?rest_route=\/wp\/v2\/posts\/16375\/revisions\/16382"}],"wp:featuredmedia":[{"embeddable":true,"href":"https:\/\/mobilitatechisinau.md\/index.php?rest_route=\/wp\/v2\/media\/16376"}],"wp:attachment":[{"href":"https:\/\/mobilitatechisinau.md\/index.php?rest_route=%2Fwp%2Fv2%2Fmedia&parent=16375"}],"wp:term":[{"taxonomy":"category","embeddable":true,"href":"https:\/\/mobilitatechisinau.md\/index.php?rest_route=%2Fwp%2Fv2%2Fcategories&post=16375"},{"taxonomy":"post_tag","embeddable":true,"href":"https:\/\/mobilitatechisinau.md\/index.php?rest_route=%2Fwp%2Fv2%2Ftags&post=16375"}],"curies":[{"name":"wp","href":"https:\/\/api.w.org\/{rel}","templated":true}]}}