{"id":16383,"date":"2025-11-17T20:14:46","date_gmt":"2025-11-17T18:14:46","guid":{"rendered":"https:\/\/mobilitatechisinau.md\/?p=16383"},"modified":"2025-11-19T20:23:46","modified_gmt":"2025-11-19T18:23:46","slug":"lucrari-de-reparatie-si-intretinere-a-infrastructurii-rutiere-municipale-executate-pe-parcursul-saptamanii-trecute-63","status":"publish","type":"post","link":"https:\/\/mobilitatechisinau.md\/?p=16383","title":{"rendered":"Lucr\u0103ri de repara\u021bie \u0219i \u00eentre\u021binere a infrastructurii rutiere municipale executate pe parcursul s\u0103pt\u0103m\u00e2nii trecute"},"content":{"rendered":"\n<p>\u00cen perioada 10 -16 noiembrie 2025, Regia \u201eExdrupo\u201d a desf\u0103\u0219urat mai multe lucr\u0103ri de repara\u021bie \u0219i \u00eentre\u021binere a infrastructurii rutiere \u0219i pietonale, \u00een diferite sectoare ale ora\u0219ului.<\/p>\n\n\n\n<p>Astfel, drumarii au lucrat la amenajarea c\u0103ii de acces spre Liceul Teoretic \u201eGeorge Meniuc\u201d, prin schimbarea bordurilor deteriorate \u0219i decaparea asfaltului vechi, urm\u00e2nd a fi aplicat un nou strat de asfalt.<\/p>\n\n\n\n<p>Pe str. Industrial\u0103 au continuat ac\u021biunile de profilare a p\u0103r\u021bii carosabile, a\u0219ternerea pietri\u0219ului \u0219i a betonului asfaltic suprimat, pe o suprafa\u021b\u0103 total\u0103 de circa 17 000 m.p.<\/p>\n\n\n\n<p>Pe strada Nicolae Costin au fost construite dou\u0103 treceri pietonale supra\u00een\u0103l\u021bate, iar \u00een s\u0103pt\u0103m\u00e2n\u0103 curent\u0103 urmeaz\u0103 a fi amenajate altele dou\u0103, pentru a spori siguran\u021ba pietonilor care traverseaz\u0103 zona.<\/p>\n\n\n\n<p>Tot pentru confortul pietonilor, pe str. Pietrarilor s-a lucrat la construc\u021bia trotuarului care asigur\u0103 accesul spre sta\u021bia de a\u0219teptare, fiind montate borduri, aplicat stratul de piatr\u0103 spart\u0103 \u0219i asfalt.<\/p>\n\n\n\n<p>De asemenea, pentru \u00eembun\u0103t\u0103\u021birea condi\u021biilor de circula\u021bie, au continuat ac\u021biunile de plombare pe mai multe str\u0103zi din ora\u0219, \u00een scopul lichid\u0103rii situa\u021biilor de avariere de pe suprafa\u021ba carosabil\u0103.<\/p>\n\n\n\n<p>\u00cen acela\u0219i timp, au fost executate lucr\u0103ri de \u00eentre\u021binere a canaliz\u0103rii pluviale, fiind instalate grilaje noi \u0219i reabilitate altele vechi, montate elemente \u0219i rigole de beton, iar la nivelul \u00eentregului ora\u0219 au fost cur\u0103\u021bate de frunze \u0219i depuneri circa 1700 de receptoare pluviale.<\/p>\n\n\n\n<p>Pentru sporirea siguran\u021bei \u00een trafic, s\u0103pt\u0103m\u00e2na trecut\u0103 au fost aplicate circa 1 100 m.p. de marcaje rutiere, iar peste 230 de indicatoare au fost reparate sau \u00eenlocuite. La fel, au fost \u00eenlocui\u021bi sau repara\u021bi \u00een jur de 40 de piloni de protec\u021bie.<\/p>\n\n\n\n<p>\u00cen cadrul proiectelor contractate de Direc\u021bia General\u0103 Mobilitate Urban\u0103, s\u0103pt\u0103m\u00e2na trecut\u0103 s-a lucrat la:<\/p>\n\n\n\n<p>Finalizarea proiectului de reconstruc\u021bie a drumului de acces spre comuna Bude\u0219ti, fiind a\u0219ternut stratul de uzur\u0103.<\/p>\n\n\n\n<p>De asemenea, s-au executat asfalt\u0103ri la accese \u0219i \u00een cur\u021bile blocurilor de locuit de pe strada Florilor 16\/1 \u0219i 18\/1, dup\u0103 ce anterior a fost efectuat\u0103 decaparea asfaltului uzat \u0219i a\u0219ternerea stratului de piatr\u0103 spart\u0103.<\/p>\n\n\n\n<p>Lucr\u0103rile de \u00eentre\u021binere vor continua \u0219i \u00een s\u0103pt\u0103m\u00e2na curent\u0103.<\/p>\n\n\n\n<p><a href=\"https:\/\/mobilitatechisinau.md\/?p=16385\">Galerie foto<\/a><\/p>\n","protected":false},"excerpt":{"rendered":"<p>\u00cen perioada 10 -16 noiembrie 2025, Regia \u201eExdrupo\u201d a desf\u0103\u0219urat mai multe lucr\u0103ri de repara\u021bie \u0219i \u00eentre\u021binere a infrastructurii rutiere \u0219i pietonale, \u00een diferite sectoare ale ora\u0219ului. Astfel, drumarii au lucrat la amenajarea c\u0103ii de acces spre Liceul Teoretic \u201eGeorge Meniuc\u201d, prin schimbarea bordurilor deteriorate \u0219i decaparea asfaltului vechi, urm\u00e2nd a fi aplicat un nou [&hellip;]<\/p>\n","protected":false},"author":1,"featured_media":16384,"comment_status":"closed","ping_status":"open","sticky":false,"template":"","format":"standard","meta":{"footnotes":""},"categories":[92],"tags":[],"class_list":["post-16383","post","type-post","status-publish","format-standard","has-post-thumbnail","hentry","category-comunicate"],"yoast_head":"<!-- This site is optimized with the Yoast SEO plugin v23.9 - https:\/\/yoast.com\/wordpress\/plugins\/seo\/ -->\n<title>Lucr\u0103ri de repara\u021bie \u0219i \u00eentre\u021binere a infrastructurii rutiere municipale executate pe parcursul s\u0103pt\u0103m\u00e2nii trecute - mobilitatechisinau.md<\/title>\n<meta name=\"robots\" content=\"index, follow, max-snippet:-1, max-image-preview:large, max-video-preview:-1\" \/>\n<link rel=\"canonical\" href=\"https:\/\/mobilitatechisinau.md\/?p=16383\" \/>\n<meta property=\"og:locale\" content=\"ro_RO\" \/>\n<meta property=\"og:type\" content=\"article\" \/>\n<meta property=\"og:title\" content=\"Lucr\u0103ri de repara\u021bie \u0219i \u00eentre\u021binere a infrastructurii rutiere municipale executate pe parcursul s\u0103pt\u0103m\u00e2nii trecute - mobilitatechisinau.md\" \/>\n<meta property=\"og:description\" content=\"\u00cen perioada 10 -16 noiembrie 2025, Regia \u201eExdrupo\u201d a desf\u0103\u0219urat mai multe lucr\u0103ri de repara\u021bie \u0219i \u00eentre\u021binere a infrastructurii rutiere \u0219i pietonale, \u00een diferite sectoare ale ora\u0219ului. Astfel, drumarii au lucrat la amenajarea c\u0103ii de acces spre Liceul Teoretic \u201eGeorge Meniuc\u201d, prin schimbarea bordurilor deteriorate \u0219i decaparea asfaltului vechi, urm\u00e2nd a fi aplicat un nou [&hellip;]\" \/>\n<meta property=\"og:url\" content=\"https:\/\/mobilitatechisinau.md\/?p=16383\" \/>\n<meta property=\"og:site_name\" content=\"mobilitatechisinau.md\" \/>\n<meta property=\"article:publisher\" content=\"https:\/\/www.facebook.com\/DGTPCC\" \/>\n<meta property=\"article:published_time\" content=\"2025-11-17T18:14:46+00:00\" \/>\n<meta property=\"article:modified_time\" content=\"2025-11-19T18:23:46+00:00\" \/>\n<meta property=\"og:image\" content=\"https:\/\/mobilitatechisinau.md\/wp-content\/uploads\/2025\/11\/17-noiembrie.jpg\" \/>\n\t<meta property=\"og:image:width\" content=\"1200\" \/>\n\t<meta property=\"og:image:height\" content=\"700\" \/>\n\t<meta property=\"og:image:type\" content=\"image\/jpeg\" \/>\n<meta name=\"author\" content=\"dgtpcc.md\" \/>\n<meta name=\"twitter:card\" content=\"summary_large_image\" \/>\n<meta name=\"twitter:label1\" content=\"Scris de\" \/>\n\t<meta name=\"twitter:data1\" content=\"dgtpcc.md\" \/>\n\t<meta name=\"twitter:label2\" content=\"Timp estimat pentru citire\" \/>\n\t<meta name=\"twitter:data2\" content=\"3 minute\" \/>\n<script type=\"application\/ld+json\" class=\"yoast-schema-graph\">{\"@context\":\"https:\/\/schema.org\",\"@graph\":[{\"@type\":\"Article\",\"@id\":\"https:\/\/mobilitatechisinau.md\/?p=16383#article\",\"isPartOf\":{\"@id\":\"https:\/\/mobilitatechisinau.md\/?p=16383\"},\"author\":{\"name\":\"dgtpcc.md\",\"@id\":\"https:\/\/mobilitatechisinau.md\/#\/schema\/person\/c25d28ff5553bea759689e10224709c7\"},\"headline\":\"Lucr\u0103ri de repara\u021bie \u0219i \u00eentre\u021binere a infrastructurii rutiere municipale executate pe parcursul s\u0103pt\u0103m\u00e2nii trecute\",\"datePublished\":\"2025-11-17T18:14:46+00:00\",\"dateModified\":\"2025-11-19T18:23:46+00:00\",\"mainEntityOfPage\":{\"@id\":\"https:\/\/mobilitatechisinau.md\/?p=16383\"},\"wordCount\":401,\"publisher\":{\"@id\":\"https:\/\/mobilitatechisinau.md\/#organization\"},\"image\":{\"@id\":\"https:\/\/mobilitatechisinau.md\/?p=16383#primaryimage\"},\"thumbnailUrl\":\"https:\/\/mobilitatechisinau.md\/wp-content\/uploads\/2025\/11\/17-noiembrie.jpg\",\"articleSection\":[\"Comunicate de pres\u0103\"],\"inLanguage\":\"ro-RO\"},{\"@type\":\"WebPage\",\"@id\":\"https:\/\/mobilitatechisinau.md\/?p=16383\",\"url\":\"https:\/\/mobilitatechisinau.md\/?p=16383\",\"name\":\"Lucr\u0103ri de repara\u021bie \u0219i \u00eentre\u021binere a infrastructurii rutiere municipale executate pe parcursul s\u0103pt\u0103m\u00e2nii trecute - mobilitatechisinau.md\",\"isPartOf\":{\"@id\":\"https:\/\/mobilitatechisinau.md\/#website\"},\"primaryImageOfPage\":{\"@id\":\"https:\/\/mobilitatechisinau.md\/?p=16383#primaryimage\"},\"image\":{\"@id\":\"https:\/\/mobilitatechisinau.md\/?p=16383#primaryimage\"},\"thumbnailUrl\":\"https:\/\/mobilitatechisinau.md\/wp-content\/uploads\/2025\/11\/17-noiembrie.jpg\",\"datePublished\":\"2025-11-17T18:14:46+00:00\",\"dateModified\":\"2025-11-19T18:23:46+00:00\",\"breadcrumb\":{\"@id\":\"https:\/\/mobilitatechisinau.md\/?p=16383#breadcrumb\"},\"inLanguage\":\"ro-RO\",\"potentialAction\":[{\"@type\":\"ReadAction\",\"target\":[\"https:\/\/mobilitatechisinau.md\/?p=16383\"]}]},{\"@type\":\"ImageObject\",\"inLanguage\":\"ro-RO\",\"@id\":\"https:\/\/mobilitatechisinau.md\/?p=16383#primaryimage\",\"url\":\"https:\/\/mobilitatechisinau.md\/wp-content\/uploads\/2025\/11\/17-noiembrie.jpg\",\"contentUrl\":\"https:\/\/mobilitatechisinau.md\/wp-content\/uploads\/2025\/11\/17-noiembrie.jpg\",\"width\":1200,\"height\":700},{\"@type\":\"BreadcrumbList\",\"@id\":\"https:\/\/mobilitatechisinau.md\/?p=16383#breadcrumb\",\"itemListElement\":[{\"@type\":\"ListItem\",\"position\":1,\"name\":\"Prima pagin\u0103\",\"item\":\"https:\/\/mobilitatechisinau.md\/\"},{\"@type\":\"ListItem\",\"position\":2,\"name\":\"Lucr\u0103ri de repara\u021bie \u0219i \u00eentre\u021binere a infrastructurii rutiere municipale executate pe parcursul s\u0103pt\u0103m\u00e2nii trecute\"}]},{\"@type\":\"WebSite\",\"@id\":\"https:\/\/mobilitatechisinau.md\/#website\",\"url\":\"https:\/\/mobilitatechisinau.md\/\",\"name\":\"mobilitatechisinau.md\",\"description\":\"Direc\u0163ia General\u0103 Mobilitate Urban\u0103\",\"publisher\":{\"@id\":\"https:\/\/mobilitatechisinau.md\/#organization\"},\"potentialAction\":[{\"@type\":\"SearchAction\",\"target\":{\"@type\":\"EntryPoint\",\"urlTemplate\":\"https:\/\/mobilitatechisinau.md\/?s={search_term_string}\"},\"query-input\":{\"@type\":\"PropertyValueSpecification\",\"valueRequired\":true,\"valueName\":\"search_term_string\"}}],\"inLanguage\":\"ro-RO\"},{\"@type\":\"Organization\",\"@id\":\"https:\/\/mobilitatechisinau.md\/#organization\",\"name\":\"Direc\u0163ia general\u0103 transport public \u015fi c\u0103i de comunica\u0163ie\",\"url\":\"https:\/\/mobilitatechisinau.md\/\",\"logo\":{\"@type\":\"ImageObject\",\"inLanguage\":\"ro-RO\",\"@id\":\"https:\/\/mobilitatechisinau.md\/#\/schema\/logo\/image\/\",\"url\":\"https:\/\/dgtpcc.md\/wp-content\/uploads\/2022\/05\/DGTPCC-Chis\u0326ina\u0306u-new.jpg\",\"contentUrl\":\"https:\/\/dgtpcc.md\/wp-content\/uploads\/2022\/05\/DGTPCC-Chis\u0326ina\u0306u-new.jpg\",\"width\":304,\"height\":80,\"caption\":\"Direc\u0163ia general\u0103 transport public \u015fi c\u0103i de comunica\u0163ie\"},\"image\":{\"@id\":\"https:\/\/mobilitatechisinau.md\/#\/schema\/logo\/image\/\"},\"sameAs\":[\"https:\/\/www.facebook.com\/DGTPCC\"]},{\"@type\":\"Person\",\"@id\":\"https:\/\/mobilitatechisinau.md\/#\/schema\/person\/c25d28ff5553bea759689e10224709c7\",\"name\":\"dgtpcc.md\",\"image\":{\"@type\":\"ImageObject\",\"inLanguage\":\"ro-RO\",\"@id\":\"https:\/\/mobilitatechisinau.md\/#\/schema\/person\/image\/\",\"url\":\"https:\/\/secure.gravatar.com\/avatar\/9057a81ed6aa6c63f6d0d045749b3708fa15d612e3a388d9ac7b50072146c906?s=96&d=mm&r=g\",\"contentUrl\":\"https:\/\/secure.gravatar.com\/avatar\/9057a81ed6aa6c63f6d0d045749b3708fa15d612e3a388d9ac7b50072146c906?s=96&d=mm&r=g\",\"caption\":\"dgtpcc.md\"},\"sameAs\":[\"https:\/\/dgtpcc.md\"],\"url\":\"https:\/\/mobilitatechisinau.md\/?author=1\"}]}<\/script>\n<!-- \/ Yoast SEO plugin. -->","yoast_head_json":{"title":"Lucr\u0103ri de repara\u021bie \u0219i \u00eentre\u021binere a infrastructurii rutiere municipale executate pe parcursul s\u0103pt\u0103m\u00e2nii trecute - mobilitatechisinau.md","robots":{"index":"index","follow":"follow","max-snippet":"max-snippet:-1","max-image-preview":"max-image-preview:large","max-video-preview":"max-video-preview:-1"},"canonical":"https:\/\/mobilitatechisinau.md\/?p=16383","og_locale":"ro_RO","og_type":"article","og_title":"Lucr\u0103ri de repara\u021bie \u0219i \u00eentre\u021binere a infrastructurii rutiere municipale executate pe parcursul s\u0103pt\u0103m\u00e2nii trecute - mobilitatechisinau.md","og_description":"\u00cen perioada 10 -16 noiembrie 2025, Regia \u201eExdrupo\u201d a desf\u0103\u0219urat mai multe lucr\u0103ri de repara\u021bie \u0219i \u00eentre\u021binere a infrastructurii rutiere \u0219i pietonale, \u00een diferite sectoare ale ora\u0219ului. Astfel, drumarii au lucrat la amenajarea c\u0103ii de acces spre Liceul Teoretic \u201eGeorge Meniuc\u201d, prin schimbarea bordurilor deteriorate \u0219i decaparea asfaltului vechi, urm\u00e2nd a fi aplicat un nou [&hellip;]","og_url":"https:\/\/mobilitatechisinau.md\/?p=16383","og_site_name":"mobilitatechisinau.md","article_publisher":"https:\/\/www.facebook.com\/DGTPCC","article_published_time":"2025-11-17T18:14:46+00:00","article_modified_time":"2025-11-19T18:23:46+00:00","og_image":[{"width":1200,"height":700,"url":"https:\/\/mobilitatechisinau.md\/wp-content\/uploads\/2025\/11\/17-noiembrie.jpg","type":"image\/jpeg"}],"author":"dgtpcc.md","twitter_card":"summary_large_image","twitter_misc":{"Scris de":"dgtpcc.md","Timp estimat pentru citire":"3 minute"},"schema":{"@context":"https:\/\/schema.org","@graph":[{"@type":"Article","@id":"https:\/\/mobilitatechisinau.md\/?p=16383#article","isPartOf":{"@id":"https:\/\/mobilitatechisinau.md\/?p=16383"},"author":{"name":"dgtpcc.md","@id":"https:\/\/mobilitatechisinau.md\/#\/schema\/person\/c25d28ff5553bea759689e10224709c7"},"headline":"Lucr\u0103ri de repara\u021bie \u0219i \u00eentre\u021binere a infrastructurii rutiere municipale executate pe parcursul s\u0103pt\u0103m\u00e2nii trecute","datePublished":"2025-11-17T18:14:46+00:00","dateModified":"2025-11-19T18:23:46+00:00","mainEntityOfPage":{"@id":"https:\/\/mobilitatechisinau.md\/?p=16383"},"wordCount":401,"publisher":{"@id":"https:\/\/mobilitatechisinau.md\/#organization"},"image":{"@id":"https:\/\/mobilitatechisinau.md\/?p=16383#primaryimage"},"thumbnailUrl":"https:\/\/mobilitatechisinau.md\/wp-content\/uploads\/2025\/11\/17-noiembrie.jpg","articleSection":["Comunicate de pres\u0103"],"inLanguage":"ro-RO"},{"@type":"WebPage","@id":"https:\/\/mobilitatechisinau.md\/?p=16383","url":"https:\/\/mobilitatechisinau.md\/?p=16383","name":"Lucr\u0103ri de repara\u021bie \u0219i \u00eentre\u021binere a infrastructurii rutiere municipale executate pe parcursul s\u0103pt\u0103m\u00e2nii trecute - mobilitatechisinau.md","isPartOf":{"@id":"https:\/\/mobilitatechisinau.md\/#website"},"primaryImageOfPage":{"@id":"https:\/\/mobilitatechisinau.md\/?p=16383#primaryimage"},"image":{"@id":"https:\/\/mobilitatechisinau.md\/?p=16383#primaryimage"},"thumbnailUrl":"https:\/\/mobilitatechisinau.md\/wp-content\/uploads\/2025\/11\/17-noiembrie.jpg","datePublished":"2025-11-17T18:14:46+00:00","dateModified":"2025-11-19T18:23:46+00:00","breadcrumb":{"@id":"https:\/\/mobilitatechisinau.md\/?p=16383#breadcrumb"},"inLanguage":"ro-RO","potentialAction":[{"@type":"ReadAction","target":["https:\/\/mobilitatechisinau.md\/?p=16383"]}]},{"@type":"ImageObject","inLanguage":"ro-RO","@id":"https:\/\/mobilitatechisinau.md\/?p=16383#primaryimage","url":"https:\/\/mobilitatechisinau.md\/wp-content\/uploads\/2025\/11\/17-noiembrie.jpg","contentUrl":"https:\/\/mobilitatechisinau.md\/wp-content\/uploads\/2025\/11\/17-noiembrie.jpg","width":1200,"height":700},{"@type":"BreadcrumbList","@id":"https:\/\/mobilitatechisinau.md\/?p=16383#breadcrumb","itemListElement":[{"@type":"ListItem","position":1,"name":"Prima pagin\u0103","item":"https:\/\/mobilitatechisinau.md\/"},{"@type":"ListItem","position":2,"name":"Lucr\u0103ri de repara\u021bie \u0219i \u00eentre\u021binere a infrastructurii rutiere municipale executate pe parcursul s\u0103pt\u0103m\u00e2nii trecute"}]},{"@type":"WebSite","@id":"https:\/\/mobilitatechisinau.md\/#website","url":"https:\/\/mobilitatechisinau.md\/","name":"mobilitatechisinau.md","description":"Direc\u0163ia General\u0103 Mobilitate Urban\u0103","publisher":{"@id":"https:\/\/mobilitatechisinau.md\/#organization"},"potentialAction":[{"@type":"SearchAction","target":{"@type":"EntryPoint","urlTemplate":"https:\/\/mobilitatechisinau.md\/?s={search_term_string}"},"query-input":{"@type":"PropertyValueSpecification","valueRequired":true,"valueName":"search_term_string"}}],"inLanguage":"ro-RO"},{"@type":"Organization","@id":"https:\/\/mobilitatechisinau.md\/#organization","name":"Direc\u0163ia general\u0103 transport public \u015fi c\u0103i de comunica\u0163ie","url":"https:\/\/mobilitatechisinau.md\/","logo":{"@type":"ImageObject","inLanguage":"ro-RO","@id":"https:\/\/mobilitatechisinau.md\/#\/schema\/logo\/image\/","url":"https:\/\/dgtpcc.md\/wp-content\/uploads\/2022\/05\/DGTPCC-Chis\u0326ina\u0306u-new.jpg","contentUrl":"https:\/\/dgtpcc.md\/wp-content\/uploads\/2022\/05\/DGTPCC-Chis\u0326ina\u0306u-new.jpg","width":304,"height":80,"caption":"Direc\u0163ia general\u0103 transport public \u015fi c\u0103i de comunica\u0163ie"},"image":{"@id":"https:\/\/mobilitatechisinau.md\/#\/schema\/logo\/image\/"},"sameAs":["https:\/\/www.facebook.com\/DGTPCC"]},{"@type":"Person","@id":"https:\/\/mobilitatechisinau.md\/#\/schema\/person\/c25d28ff5553bea759689e10224709c7","name":"dgtpcc.md","image":{"@type":"ImageObject","inLanguage":"ro-RO","@id":"https:\/\/mobilitatechisinau.md\/#\/schema\/person\/image\/","url":"https:\/\/secure.gravatar.com\/avatar\/9057a81ed6aa6c63f6d0d045749b3708fa15d612e3a388d9ac7b50072146c906?s=96&d=mm&r=g","contentUrl":"https:\/\/secure.gravatar.com\/avatar\/9057a81ed6aa6c63f6d0d045749b3708fa15d612e3a388d9ac7b50072146c906?s=96&d=mm&r=g","caption":"dgtpcc.md"},"sameAs":["https:\/\/dgtpcc.md"],"url":"https:\/\/mobilitatechisinau.md\/?author=1"}]}},"_links":{"self":[{"href":"https:\/\/mobilitatechisinau.md\/index.php?rest_route=\/wp\/v2\/posts\/16383","targetHints":{"allow":["GET"]}}],"collection":[{"href":"https:\/\/mobilitatechisinau.md\/index.php?rest_route=\/wp\/v2\/posts"}],"about":[{"href":"https:\/\/mobilitatechisinau.md\/index.php?rest_route=\/wp\/v2\/types\/post"}],"author":[{"embeddable":true,"href":"https:\/\/mobilitatechisinau.md\/index.php?rest_route=\/wp\/v2\/users\/1"}],"replies":[{"embeddable":true,"href":"https:\/\/mobilitatechisinau.md\/index.php?rest_route=%2Fwp%2Fv2%2Fcomments&post=16383"}],"version-history":[{"count":1,"href":"https:\/\/mobilitatechisinau.md\/index.php?rest_route=\/wp\/v2\/posts\/16383\/revisions"}],"predecessor-version":[{"id":16404,"href":"https:\/\/mobilitatechisinau.md\/index.php?rest_route=\/wp\/v2\/posts\/16383\/revisions\/16404"}],"wp:featuredmedia":[{"embeddable":true,"href":"https:\/\/mobilitatechisinau.md\/index.php?rest_route=\/wp\/v2\/media\/16384"}],"wp:attachment":[{"href":"https:\/\/mobilitatechisinau.md\/index.php?rest_route=%2Fwp%2Fv2%2Fmedia&parent=16383"}],"wp:term":[{"taxonomy":"category","embeddable":true,"href":"https:\/\/mobilitatechisinau.md\/index.php?rest_route=%2Fwp%2Fv2%2Fcategories&post=16383"},{"taxonomy":"post_tag","embeddable":true,"href":"https:\/\/mobilitatechisinau.md\/index.php?rest_route=%2Fwp%2Fv2%2Ftags&post=16383"}],"curies":[{"name":"wp","href":"https:\/\/api.w.org\/{rel}","templated":true}]}}