{"id":16424,"date":"2025-11-18T13:59:37","date_gmt":"2025-11-18T11:59:37","guid":{"rendered":"https:\/\/mobilitatechisinau.md\/?p=16424"},"modified":"2025-11-24T14:06:01","modified_gmt":"2025-11-24T12:06:01","slug":"acces-mai-sigur-si-mai-comod-catre-liceul-teoretic-george-meniuc","status":"publish","type":"post","link":"https:\/\/mobilitatechisinau.md\/?p=16424","title":{"rendered":"Acces mai sigur \u0219i mai comod c\u0103tre Liceul Teoretic \u201eGeorge Meniuc\u201d"},"content":{"rendered":"\n<p>Direc\u021bia General\u0103 Mobilitate Urban\u0103 informeaz\u0103 c\u0103 drumul de acces c\u0103tre Liceul Teoretic \u201eGeorge Meniuc\u201d din municipiul Chi\u0219in\u0103u se afl\u0103 \u00een proces de reabilitare. Interven\u021biile fac parte din programul municipal de modernizare a infrastructurii din jurul institu\u021biilor de \u00eenv\u0103\u021b\u0103m\u00e2nt, av\u00e2nd drept obiectiv crearea unor condi\u021bii sigure \u0219i confortabile pentru deplasarea elevilor \u0219i a locuitorilor din zon\u0103.<\/p>\n\n\n\n<p>\u00cen ultimele zile, muncitorii au desf\u0103\u0219urat opera\u021biuni de preg\u0103tire a traseului, care au inclus \u00eenlocuirea bordurilor deteriorate \u0219i decaparea stratului de asfalt uzat. \u00cen prezent, se desf\u0103\u0219oar\u0103 lucr\u0103rile de asfaltare a carosabilului, urm\u00e2nd ca ulterior s\u0103 fie finalizate detaliile tehnice necesare pentru redarea drumului \u00een exploatare.<\/p>\n\n\n\n<p>Reabilitarea accesului c\u0103tre liceu va contribui la cre\u0219terea siguran\u021bei rutiere, la fluidizarea circula\u021biei pietonale \u0219i auto, precum \u0219i la asigurarea unui parcurs mai comod pentru elevi, p\u0103rin\u021bi \u0219i cadrele didactice. Totodat\u0103, aceast\u0103 interven\u021bie se \u00eenscrie \u00een angajamentul municipalit\u0103\u021bii de a investi constant \u00een infrastructura educa\u021bional\u0103 \u0219i \u00een accesibilitatea zonelor frecventate zilnic de copii.<\/p>\n\n\n\n<figure class=\"wp-block-gallery has-nested-images columns-default is-cropped wp-block-gallery-1 is-layout-flex wp-block-gallery-is-layout-flex\">\n<figure class=\"wp-block-image size-large\"><img fetchpriority=\"high\" decoding=\"async\" width=\"525\" height=\"700\" data-id=\"16431\" src=\"https:\/\/mobilitatechisinau.md\/wp-content\/uploads\/2025\/11\/1-4.jpg\" alt=\"\" class=\"wp-image-16431\" srcset=\"https:\/\/mobilitatechisinau.md\/wp-content\/uploads\/2025\/11\/1-4.jpg 525w, https:\/\/mobilitatechisinau.md\/wp-content\/uploads\/2025\/11\/1-4-225x300.jpg 225w, https:\/\/mobilitatechisinau.md\/wp-content\/uploads\/2025\/11\/1-4-9x12.jpg 9w, https:\/\/mobilitatechisinau.md\/wp-content\/uploads\/2025\/11\/1-4-262x350.jpg 262w\" sizes=\"(max-width: 525px) 100vw, 525px\" \/><\/figure>\n\n\n\n<figure class=\"wp-block-image size-large\"><img decoding=\"async\" width=\"525\" height=\"700\" data-id=\"16430\" src=\"https:\/\/mobilitatechisinau.md\/wp-content\/uploads\/2025\/11\/3-7.jpg\" alt=\"\" class=\"wp-image-16430\" srcset=\"https:\/\/mobilitatechisinau.md\/wp-content\/uploads\/2025\/11\/3-7.jpg 525w, https:\/\/mobilitatechisinau.md\/wp-content\/uploads\/2025\/11\/3-7-225x300.jpg 225w, https:\/\/mobilitatechisinau.md\/wp-content\/uploads\/2025\/11\/3-7-9x12.jpg 9w, https:\/\/mobilitatechisinau.md\/wp-content\/uploads\/2025\/11\/3-7-262x350.jpg 262w\" sizes=\"(max-width: 525px) 100vw, 525px\" \/><\/figure>\n\n\n\n<figure class=\"wp-block-image size-large\"><img decoding=\"async\" width=\"525\" height=\"700\" data-id=\"16428\" src=\"https:\/\/mobilitatechisinau.md\/wp-content\/uploads\/2025\/11\/4-7.jpg\" alt=\"\" class=\"wp-image-16428\" srcset=\"https:\/\/mobilitatechisinau.md\/wp-content\/uploads\/2025\/11\/4-7.jpg 525w, https:\/\/mobilitatechisinau.md\/wp-content\/uploads\/2025\/11\/4-7-225x300.jpg 225w, https:\/\/mobilitatechisinau.md\/wp-content\/uploads\/2025\/11\/4-7-9x12.jpg 9w, https:\/\/mobilitatechisinau.md\/wp-content\/uploads\/2025\/11\/4-7-262x350.jpg 262w\" sizes=\"(max-width: 525px) 100vw, 525px\" \/><\/figure>\n\n\n\n<figure class=\"wp-block-image size-large\"><img loading=\"lazy\" decoding=\"async\" width=\"525\" height=\"700\" data-id=\"16429\" src=\"https:\/\/mobilitatechisinau.md\/wp-content\/uploads\/2025\/11\/5-5.jpg\" alt=\"\" class=\"wp-image-16429\" srcset=\"https:\/\/mobilitatechisinau.md\/wp-content\/uploads\/2025\/11\/5-5.jpg 525w, https:\/\/mobilitatechisinau.md\/wp-content\/uploads\/2025\/11\/5-5-225x300.jpg 225w, https:\/\/mobilitatechisinau.md\/wp-content\/uploads\/2025\/11\/5-5-9x12.jpg 9w, https:\/\/mobilitatechisinau.md\/wp-content\/uploads\/2025\/11\/5-5-262x350.jpg 262w\" sizes=\"(max-width: 525px) 100vw, 525px\" \/><\/figure>\n\n\n\n<figure class=\"wp-block-image size-large\"><img loading=\"lazy\" decoding=\"async\" width=\"525\" height=\"700\" data-id=\"16432\" src=\"https:\/\/mobilitatechisinau.md\/wp-content\/uploads\/2025\/11\/6-5.jpg\" alt=\"\" class=\"wp-image-16432\" srcset=\"https:\/\/mobilitatechisinau.md\/wp-content\/uploads\/2025\/11\/6-5.jpg 525w, https:\/\/mobilitatechisinau.md\/wp-content\/uploads\/2025\/11\/6-5-225x300.jpg 225w, https:\/\/mobilitatechisinau.md\/wp-content\/uploads\/2025\/11\/6-5-9x12.jpg 9w, https:\/\/mobilitatechisinau.md\/wp-content\/uploads\/2025\/11\/6-5-262x350.jpg 262w\" sizes=\"(max-width: 525px) 100vw, 525px\" \/><\/figure>\n\n\n\n<figure class=\"wp-block-image size-large\"><img loading=\"lazy\" decoding=\"async\" width=\"525\" height=\"700\" data-id=\"16427\" src=\"https:\/\/mobilitatechisinau.md\/wp-content\/uploads\/2025\/11\/7-3.jpg\" alt=\"\" class=\"wp-image-16427\" srcset=\"https:\/\/mobilitatechisinau.md\/wp-content\/uploads\/2025\/11\/7-3.jpg 525w, https:\/\/mobilitatechisinau.md\/wp-content\/uploads\/2025\/11\/7-3-225x300.jpg 225w, https:\/\/mobilitatechisinau.md\/wp-content\/uploads\/2025\/11\/7-3-9x12.jpg 9w, https:\/\/mobilitatechisinau.md\/wp-content\/uploads\/2025\/11\/7-3-262x350.jpg 262w\" sizes=\"(max-width: 525px) 100vw, 525px\" \/><\/figure>\n\n\n\n<figure class=\"wp-block-image size-large\"><img loading=\"lazy\" decoding=\"async\" width=\"525\" height=\"700\" data-id=\"16426\" src=\"https:\/\/mobilitatechisinau.md\/wp-content\/uploads\/2025\/11\/582934479_827876886546035_7549632895549513527_n.jpg\" alt=\"\" class=\"wp-image-16426\" srcset=\"https:\/\/mobilitatechisinau.md\/wp-content\/uploads\/2025\/11\/582934479_827876886546035_7549632895549513527_n.jpg 525w, https:\/\/mobilitatechisinau.md\/wp-content\/uploads\/2025\/11\/582934479_827876886546035_7549632895549513527_n-225x300.jpg 225w, https:\/\/mobilitatechisinau.md\/wp-content\/uploads\/2025\/11\/582934479_827876886546035_7549632895549513527_n-9x12.jpg 9w, https:\/\/mobilitatechisinau.md\/wp-content\/uploads\/2025\/11\/582934479_827876886546035_7549632895549513527_n-262x350.jpg 262w\" sizes=\"(max-width: 525px) 100vw, 525px\" \/><\/figure>\n<\/figure>\n","protected":false},"excerpt":{"rendered":"<p>Direc\u021bia General\u0103 Mobilitate Urban\u0103 informeaz\u0103 c\u0103 drumul de acces c\u0103tre Liceul Teoretic \u201eGeorge Meniuc\u201d din municipiul Chi\u0219in\u0103u se afl\u0103 \u00een proces de reabilitare. Interven\u021biile fac parte din programul municipal de modernizare a infrastructurii din jurul institu\u021biilor de \u00eenv\u0103\u021b\u0103m\u00e2nt, av\u00e2nd drept obiectiv crearea unor condi\u021bii sigure \u0219i confortabile pentru deplasarea elevilor \u0219i a locuitorilor din zon\u0103. [&hellip;]<\/p>\n","protected":false},"author":1,"featured_media":16425,"comment_status":"closed","ping_status":"open","sticky":false,"template":"","format":"standard","meta":{"footnotes":""},"categories":[92],"tags":[],"class_list":["post-16424","post","type-post","status-publish","format-standard","has-post-thumbnail","hentry","category-comunicate"],"yoast_head":"<!-- This site is optimized with the Yoast SEO plugin v23.9 - https:\/\/yoast.com\/wordpress\/plugins\/seo\/ -->\n<title>Acces mai sigur \u0219i mai comod c\u0103tre Liceul Teoretic \u201eGeorge Meniuc\u201d - mobilitatechisinau.md<\/title>\n<meta name=\"robots\" content=\"index, follow, max-snippet:-1, max-image-preview:large, max-video-preview:-1\" \/>\n<link rel=\"canonical\" href=\"https:\/\/mobilitatechisinau.md\/?p=16424\" \/>\n<meta property=\"og:locale\" content=\"ro_RO\" \/>\n<meta property=\"og:type\" content=\"article\" \/>\n<meta property=\"og:title\" content=\"Acces mai sigur \u0219i mai comod c\u0103tre Liceul Teoretic \u201eGeorge Meniuc\u201d - mobilitatechisinau.md\" \/>\n<meta property=\"og:description\" content=\"Direc\u021bia General\u0103 Mobilitate Urban\u0103 informeaz\u0103 c\u0103 drumul de acces c\u0103tre Liceul Teoretic \u201eGeorge Meniuc\u201d din municipiul Chi\u0219in\u0103u se afl\u0103 \u00een proces de reabilitare. Interven\u021biile fac parte din programul municipal de modernizare a infrastructurii din jurul institu\u021biilor de \u00eenv\u0103\u021b\u0103m\u00e2nt, av\u00e2nd drept obiectiv crearea unor condi\u021bii sigure \u0219i confortabile pentru deplasarea elevilor \u0219i a locuitorilor din zon\u0103. [&hellip;]\" \/>\n<meta property=\"og:url\" content=\"https:\/\/mobilitatechisinau.md\/?p=16424\" \/>\n<meta property=\"og:site_name\" content=\"mobilitatechisinau.md\" \/>\n<meta property=\"article:publisher\" content=\"https:\/\/www.facebook.com\/DGTPCC\" \/>\n<meta property=\"article:published_time\" content=\"2025-11-18T11:59:37+00:00\" \/>\n<meta property=\"article:modified_time\" content=\"2025-11-24T12:06:01+00:00\" \/>\n<meta property=\"og:image\" content=\"https:\/\/mobilitatechisinau.md\/wp-content\/uploads\/2025\/11\/Acces-liceu.jpg\" \/>\n\t<meta property=\"og:image:width\" content=\"1200\" \/>\n\t<meta property=\"og:image:height\" content=\"700\" \/>\n\t<meta property=\"og:image:type\" content=\"image\/jpeg\" \/>\n<meta name=\"author\" content=\"dgtpcc.md\" \/>\n<meta name=\"twitter:card\" content=\"summary_large_image\" \/>\n<meta name=\"twitter:label1\" content=\"Scris de\" \/>\n\t<meta name=\"twitter:data1\" content=\"dgtpcc.md\" \/>\n\t<meta name=\"twitter:label2\" content=\"Timp estimat pentru citire\" \/>\n\t<meta name=\"twitter:data2\" content=\"3 minute\" \/>\n<script type=\"application\/ld+json\" class=\"yoast-schema-graph\">{\"@context\":\"https:\/\/schema.org\",\"@graph\":[{\"@type\":\"Article\",\"@id\":\"https:\/\/mobilitatechisinau.md\/?p=16424#article\",\"isPartOf\":{\"@id\":\"https:\/\/mobilitatechisinau.md\/?p=16424\"},\"author\":{\"name\":\"dgtpcc.md\",\"@id\":\"https:\/\/mobilitatechisinau.md\/#\/schema\/person\/c25d28ff5553bea759689e10224709c7\"},\"headline\":\"Acces mai sigur \u0219i mai comod c\u0103tre Liceul Teoretic \u201eGeorge Meniuc\u201d\",\"datePublished\":\"2025-11-18T11:59:37+00:00\",\"dateModified\":\"2025-11-24T12:06:01+00:00\",\"mainEntityOfPage\":{\"@id\":\"https:\/\/mobilitatechisinau.md\/?p=16424\"},\"wordCount\":191,\"publisher\":{\"@id\":\"https:\/\/mobilitatechisinau.md\/#organization\"},\"image\":{\"@id\":\"https:\/\/mobilitatechisinau.md\/?p=16424#primaryimage\"},\"thumbnailUrl\":\"https:\/\/mobilitatechisinau.md\/wp-content\/uploads\/2025\/11\/Acces-liceu.jpg\",\"articleSection\":[\"Comunicate de pres\u0103\"],\"inLanguage\":\"ro-RO\"},{\"@type\":\"WebPage\",\"@id\":\"https:\/\/mobilitatechisinau.md\/?p=16424\",\"url\":\"https:\/\/mobilitatechisinau.md\/?p=16424\",\"name\":\"Acces mai sigur \u0219i mai comod c\u0103tre Liceul Teoretic \u201eGeorge Meniuc\u201d - mobilitatechisinau.md\",\"isPartOf\":{\"@id\":\"https:\/\/mobilitatechisinau.md\/#website\"},\"primaryImageOfPage\":{\"@id\":\"https:\/\/mobilitatechisinau.md\/?p=16424#primaryimage\"},\"image\":{\"@id\":\"https:\/\/mobilitatechisinau.md\/?p=16424#primaryimage\"},\"thumbnailUrl\":\"https:\/\/mobilitatechisinau.md\/wp-content\/uploads\/2025\/11\/Acces-liceu.jpg\",\"datePublished\":\"2025-11-18T11:59:37+00:00\",\"dateModified\":\"2025-11-24T12:06:01+00:00\",\"breadcrumb\":{\"@id\":\"https:\/\/mobilitatechisinau.md\/?p=16424#breadcrumb\"},\"inLanguage\":\"ro-RO\",\"potentialAction\":[{\"@type\":\"ReadAction\",\"target\":[\"https:\/\/mobilitatechisinau.md\/?p=16424\"]}]},{\"@type\":\"ImageObject\",\"inLanguage\":\"ro-RO\",\"@id\":\"https:\/\/mobilitatechisinau.md\/?p=16424#primaryimage\",\"url\":\"https:\/\/mobilitatechisinau.md\/wp-content\/uploads\/2025\/11\/Acces-liceu.jpg\",\"contentUrl\":\"https:\/\/mobilitatechisinau.md\/wp-content\/uploads\/2025\/11\/Acces-liceu.jpg\",\"width\":1200,\"height\":700},{\"@type\":\"BreadcrumbList\",\"@id\":\"https:\/\/mobilitatechisinau.md\/?p=16424#breadcrumb\",\"itemListElement\":[{\"@type\":\"ListItem\",\"position\":1,\"name\":\"Prima pagin\u0103\",\"item\":\"https:\/\/mobilitatechisinau.md\/\"},{\"@type\":\"ListItem\",\"position\":2,\"name\":\"Acces mai sigur \u0219i mai comod c\u0103tre Liceul Teoretic \u201eGeorge Meniuc\u201d\"}]},{\"@type\":\"WebSite\",\"@id\":\"https:\/\/mobilitatechisinau.md\/#website\",\"url\":\"https:\/\/mobilitatechisinau.md\/\",\"name\":\"mobilitatechisinau.md\",\"description\":\"Direc\u0163ia General\u0103 Mobilitate Urban\u0103\",\"publisher\":{\"@id\":\"https:\/\/mobilitatechisinau.md\/#organization\"},\"potentialAction\":[{\"@type\":\"SearchAction\",\"target\":{\"@type\":\"EntryPoint\",\"urlTemplate\":\"https:\/\/mobilitatechisinau.md\/?s={search_term_string}\"},\"query-input\":{\"@type\":\"PropertyValueSpecification\",\"valueRequired\":true,\"valueName\":\"search_term_string\"}}],\"inLanguage\":\"ro-RO\"},{\"@type\":\"Organization\",\"@id\":\"https:\/\/mobilitatechisinau.md\/#organization\",\"name\":\"Direc\u0163ia general\u0103 transport public \u015fi c\u0103i de comunica\u0163ie\",\"url\":\"https:\/\/mobilitatechisinau.md\/\",\"logo\":{\"@type\":\"ImageObject\",\"inLanguage\":\"ro-RO\",\"@id\":\"https:\/\/mobilitatechisinau.md\/#\/schema\/logo\/image\/\",\"url\":\"https:\/\/dgtpcc.md\/wp-content\/uploads\/2022\/05\/DGTPCC-Chis\u0326ina\u0306u-new.jpg\",\"contentUrl\":\"https:\/\/dgtpcc.md\/wp-content\/uploads\/2022\/05\/DGTPCC-Chis\u0326ina\u0306u-new.jpg\",\"width\":304,\"height\":80,\"caption\":\"Direc\u0163ia general\u0103 transport public \u015fi c\u0103i de comunica\u0163ie\"},\"image\":{\"@id\":\"https:\/\/mobilitatechisinau.md\/#\/schema\/logo\/image\/\"},\"sameAs\":[\"https:\/\/www.facebook.com\/DGTPCC\"]},{\"@type\":\"Person\",\"@id\":\"https:\/\/mobilitatechisinau.md\/#\/schema\/person\/c25d28ff5553bea759689e10224709c7\",\"name\":\"dgtpcc.md\",\"image\":{\"@type\":\"ImageObject\",\"inLanguage\":\"ro-RO\",\"@id\":\"https:\/\/mobilitatechisinau.md\/#\/schema\/person\/image\/\",\"url\":\"https:\/\/secure.gravatar.com\/avatar\/9057a81ed6aa6c63f6d0d045749b3708fa15d612e3a388d9ac7b50072146c906?s=96&d=mm&r=g\",\"contentUrl\":\"https:\/\/secure.gravatar.com\/avatar\/9057a81ed6aa6c63f6d0d045749b3708fa15d612e3a388d9ac7b50072146c906?s=96&d=mm&r=g\",\"caption\":\"dgtpcc.md\"},\"sameAs\":[\"https:\/\/dgtpcc.md\"],\"url\":\"https:\/\/mobilitatechisinau.md\/?author=1\"}]}<\/script>\n<!-- \/ Yoast SEO plugin. -->","yoast_head_json":{"title":"Acces mai sigur \u0219i mai comod c\u0103tre Liceul Teoretic \u201eGeorge Meniuc\u201d - mobilitatechisinau.md","robots":{"index":"index","follow":"follow","max-snippet":"max-snippet:-1","max-image-preview":"max-image-preview:large","max-video-preview":"max-video-preview:-1"},"canonical":"https:\/\/mobilitatechisinau.md\/?p=16424","og_locale":"ro_RO","og_type":"article","og_title":"Acces mai sigur \u0219i mai comod c\u0103tre Liceul Teoretic \u201eGeorge Meniuc\u201d - mobilitatechisinau.md","og_description":"Direc\u021bia General\u0103 Mobilitate Urban\u0103 informeaz\u0103 c\u0103 drumul de acces c\u0103tre Liceul Teoretic \u201eGeorge Meniuc\u201d din municipiul Chi\u0219in\u0103u se afl\u0103 \u00een proces de reabilitare. Interven\u021biile fac parte din programul municipal de modernizare a infrastructurii din jurul institu\u021biilor de \u00eenv\u0103\u021b\u0103m\u00e2nt, av\u00e2nd drept obiectiv crearea unor condi\u021bii sigure \u0219i confortabile pentru deplasarea elevilor \u0219i a locuitorilor din zon\u0103. [&hellip;]","og_url":"https:\/\/mobilitatechisinau.md\/?p=16424","og_site_name":"mobilitatechisinau.md","article_publisher":"https:\/\/www.facebook.com\/DGTPCC","article_published_time":"2025-11-18T11:59:37+00:00","article_modified_time":"2025-11-24T12:06:01+00:00","og_image":[{"width":1200,"height":700,"url":"https:\/\/mobilitatechisinau.md\/wp-content\/uploads\/2025\/11\/Acces-liceu.jpg","type":"image\/jpeg"}],"author":"dgtpcc.md","twitter_card":"summary_large_image","twitter_misc":{"Scris de":"dgtpcc.md","Timp estimat pentru citire":"3 minute"},"schema":{"@context":"https:\/\/schema.org","@graph":[{"@type":"Article","@id":"https:\/\/mobilitatechisinau.md\/?p=16424#article","isPartOf":{"@id":"https:\/\/mobilitatechisinau.md\/?p=16424"},"author":{"name":"dgtpcc.md","@id":"https:\/\/mobilitatechisinau.md\/#\/schema\/person\/c25d28ff5553bea759689e10224709c7"},"headline":"Acces mai sigur \u0219i mai comod c\u0103tre Liceul Teoretic \u201eGeorge Meniuc\u201d","datePublished":"2025-11-18T11:59:37+00:00","dateModified":"2025-11-24T12:06:01+00:00","mainEntityOfPage":{"@id":"https:\/\/mobilitatechisinau.md\/?p=16424"},"wordCount":191,"publisher":{"@id":"https:\/\/mobilitatechisinau.md\/#organization"},"image":{"@id":"https:\/\/mobilitatechisinau.md\/?p=16424#primaryimage"},"thumbnailUrl":"https:\/\/mobilitatechisinau.md\/wp-content\/uploads\/2025\/11\/Acces-liceu.jpg","articleSection":["Comunicate de pres\u0103"],"inLanguage":"ro-RO"},{"@type":"WebPage","@id":"https:\/\/mobilitatechisinau.md\/?p=16424","url":"https:\/\/mobilitatechisinau.md\/?p=16424","name":"Acces mai sigur \u0219i mai comod c\u0103tre Liceul Teoretic \u201eGeorge Meniuc\u201d - mobilitatechisinau.md","isPartOf":{"@id":"https:\/\/mobilitatechisinau.md\/#website"},"primaryImageOfPage":{"@id":"https:\/\/mobilitatechisinau.md\/?p=16424#primaryimage"},"image":{"@id":"https:\/\/mobilitatechisinau.md\/?p=16424#primaryimage"},"thumbnailUrl":"https:\/\/mobilitatechisinau.md\/wp-content\/uploads\/2025\/11\/Acces-liceu.jpg","datePublished":"2025-11-18T11:59:37+00:00","dateModified":"2025-11-24T12:06:01+00:00","breadcrumb":{"@id":"https:\/\/mobilitatechisinau.md\/?p=16424#breadcrumb"},"inLanguage":"ro-RO","potentialAction":[{"@type":"ReadAction","target":["https:\/\/mobilitatechisinau.md\/?p=16424"]}]},{"@type":"ImageObject","inLanguage":"ro-RO","@id":"https:\/\/mobilitatechisinau.md\/?p=16424#primaryimage","url":"https:\/\/mobilitatechisinau.md\/wp-content\/uploads\/2025\/11\/Acces-liceu.jpg","contentUrl":"https:\/\/mobilitatechisinau.md\/wp-content\/uploads\/2025\/11\/Acces-liceu.jpg","width":1200,"height":700},{"@type":"BreadcrumbList","@id":"https:\/\/mobilitatechisinau.md\/?p=16424#breadcrumb","itemListElement":[{"@type":"ListItem","position":1,"name":"Prima pagin\u0103","item":"https:\/\/mobilitatechisinau.md\/"},{"@type":"ListItem","position":2,"name":"Acces mai sigur \u0219i mai comod c\u0103tre Liceul Teoretic \u201eGeorge Meniuc\u201d"}]},{"@type":"WebSite","@id":"https:\/\/mobilitatechisinau.md\/#website","url":"https:\/\/mobilitatechisinau.md\/","name":"mobilitatechisinau.md","description":"Direc\u0163ia General\u0103 Mobilitate Urban\u0103","publisher":{"@id":"https:\/\/mobilitatechisinau.md\/#organization"},"potentialAction":[{"@type":"SearchAction","target":{"@type":"EntryPoint","urlTemplate":"https:\/\/mobilitatechisinau.md\/?s={search_term_string}"},"query-input":{"@type":"PropertyValueSpecification","valueRequired":true,"valueName":"search_term_string"}}],"inLanguage":"ro-RO"},{"@type":"Organization","@id":"https:\/\/mobilitatechisinau.md\/#organization","name":"Direc\u0163ia general\u0103 transport public \u015fi c\u0103i de comunica\u0163ie","url":"https:\/\/mobilitatechisinau.md\/","logo":{"@type":"ImageObject","inLanguage":"ro-RO","@id":"https:\/\/mobilitatechisinau.md\/#\/schema\/logo\/image\/","url":"https:\/\/dgtpcc.md\/wp-content\/uploads\/2022\/05\/DGTPCC-Chis\u0326ina\u0306u-new.jpg","contentUrl":"https:\/\/dgtpcc.md\/wp-content\/uploads\/2022\/05\/DGTPCC-Chis\u0326ina\u0306u-new.jpg","width":304,"height":80,"caption":"Direc\u0163ia general\u0103 transport public \u015fi c\u0103i de comunica\u0163ie"},"image":{"@id":"https:\/\/mobilitatechisinau.md\/#\/schema\/logo\/image\/"},"sameAs":["https:\/\/www.facebook.com\/DGTPCC"]},{"@type":"Person","@id":"https:\/\/mobilitatechisinau.md\/#\/schema\/person\/c25d28ff5553bea759689e10224709c7","name":"dgtpcc.md","image":{"@type":"ImageObject","inLanguage":"ro-RO","@id":"https:\/\/mobilitatechisinau.md\/#\/schema\/person\/image\/","url":"https:\/\/secure.gravatar.com\/avatar\/9057a81ed6aa6c63f6d0d045749b3708fa15d612e3a388d9ac7b50072146c906?s=96&d=mm&r=g","contentUrl":"https:\/\/secure.gravatar.com\/avatar\/9057a81ed6aa6c63f6d0d045749b3708fa15d612e3a388d9ac7b50072146c906?s=96&d=mm&r=g","caption":"dgtpcc.md"},"sameAs":["https:\/\/dgtpcc.md"],"url":"https:\/\/mobilitatechisinau.md\/?author=1"}]}},"_links":{"self":[{"href":"https:\/\/mobilitatechisinau.md\/index.php?rest_route=\/wp\/v2\/posts\/16424","targetHints":{"allow":["GET"]}}],"collection":[{"href":"https:\/\/mobilitatechisinau.md\/index.php?rest_route=\/wp\/v2\/posts"}],"about":[{"href":"https:\/\/mobilitatechisinau.md\/index.php?rest_route=\/wp\/v2\/types\/post"}],"author":[{"embeddable":true,"href":"https:\/\/mobilitatechisinau.md\/index.php?rest_route=\/wp\/v2\/users\/1"}],"replies":[{"embeddable":true,"href":"https:\/\/mobilitatechisinau.md\/index.php?rest_route=%2Fwp%2Fv2%2Fcomments&post=16424"}],"version-history":[{"count":1,"href":"https:\/\/mobilitatechisinau.md\/index.php?rest_route=\/wp\/v2\/posts\/16424\/revisions"}],"predecessor-version":[{"id":16433,"href":"https:\/\/mobilitatechisinau.md\/index.php?rest_route=\/wp\/v2\/posts\/16424\/revisions\/16433"}],"wp:featuredmedia":[{"embeddable":true,"href":"https:\/\/mobilitatechisinau.md\/index.php?rest_route=\/wp\/v2\/media\/16425"}],"wp:attachment":[{"href":"https:\/\/mobilitatechisinau.md\/index.php?rest_route=%2Fwp%2Fv2%2Fmedia&parent=16424"}],"wp:term":[{"taxonomy":"category","embeddable":true,"href":"https:\/\/mobilitatechisinau.md\/index.php?rest_route=%2Fwp%2Fv2%2Fcategories&post=16424"},{"taxonomy":"post_tag","embeddable":true,"href":"https:\/\/mobilitatechisinau.md\/index.php?rest_route=%2Fwp%2Fv2%2Ftags&post=16424"}],"curies":[{"name":"wp","href":"https:\/\/api.w.org\/{rel}","templated":true}]}}