{"id":16674,"date":"2026-01-12T20:59:00","date_gmt":"2026-01-12T18:59:00","guid":{"rendered":"https:\/\/mobilitatechisinau.md\/?p=16674"},"modified":"2026-01-19T21:01:25","modified_gmt":"2026-01-19T19:01:25","slug":"primaria-chisinau-a-lansat-licitatia-internationala-pentru-extinderea-bulevardului-mircea-cel-batran","status":"publish","type":"post","link":"https:\/\/mobilitatechisinau.md\/?p=16674","title":{"rendered":"Prim\u0103ria Chi\u0219in\u0103u a lansat licita\u021bia interna\u021bional\u0103 pentru extinderea bulevardului Mircea cel B\u0103tr\u00e2n"},"content":{"rendered":"\n<p>Vineri, 9 ianuarie, Prim\u0103ria municipiului Chi\u0219in\u0103u a lansat licita\u021bia public\u0103 interna\u021bional\u0103 pentru contractarea execu\u021biei lucr\u0103rilor de construc\u021bie privind extinderea bulevardului Mircea cel B\u0103tr\u00e2n din sectorul Ciocana al Capitalei.<\/p>\n\n\n\n<p>Proiectul prevede realizarea unui nou tronson de bulevard cu o lungime de aproximativ un kilometru, cu dou\u0103 direc\u021bii de deplasare, respectiv dou\u0103 carosabile cu sens unic, fiecare cu c\u00e2te trei benzi de circula\u021bie.<\/p>\n\n\n\n<p>\u201eEste un proiect mult a\u0219teptat, despre care am vorbit \u00een ultima perioad\u0103 \u0219i la care am muncit foarte mult \u00eempreun\u0103 cu colegii \u0219i partenerii Uniunii Europene\u201d, a declarat Primarul General, Ion Ceban.<\/p>\n\n\n\n<p>Extinderea bulevardului Mircea cel B\u0103tr\u00e2n va contribui la fluidizarea traficului rutier \u00een sectorul Ciocana \u0219i la \u00eembun\u0103t\u0103\u021birea conectivit\u0103\u021bii cu principalele artere ale ora\u0219ului.<\/p>\n","protected":false},"excerpt":{"rendered":"<p>Vineri, 9 ianuarie, Prim\u0103ria municipiului Chi\u0219in\u0103u a lansat licita\u021bia public\u0103 interna\u021bional\u0103 pentru contractarea execu\u021biei lucr\u0103rilor de construc\u021bie privind extinderea bulevardului Mircea cel B\u0103tr\u00e2n din sectorul Ciocana al Capitalei. Proiectul prevede realizarea unui nou tronson de bulevard cu o lungime de aproximativ un kilometru, cu dou\u0103 direc\u021bii de deplasare, respectiv dou\u0103 carosabile cu sens unic, fiecare [&hellip;]<\/p>\n","protected":false},"author":1,"featured_media":0,"comment_status":"closed","ping_status":"open","sticky":false,"template":"","format":"video","meta":{"footnotes":""},"categories":[92],"tags":[],"class_list":["post-16674","post","type-post","status-publish","format-video","hentry","category-comunicate","post_format-post-format-video"],"yoast_head":"<!-- This site is optimized with the Yoast SEO plugin v23.9 - https:\/\/yoast.com\/wordpress\/plugins\/seo\/ -->\n<title>Prim\u0103ria Chi\u0219in\u0103u a lansat licita\u021bia interna\u021bional\u0103 pentru extinderea bulevardului Mircea cel B\u0103tr\u00e2n - mobilitatechisinau.md<\/title>\n<meta name=\"robots\" content=\"index, follow, max-snippet:-1, max-image-preview:large, max-video-preview:-1\" \/>\n<link rel=\"canonical\" href=\"https:\/\/mobilitatechisinau.md\/?p=16674\" \/>\n<meta property=\"og:locale\" content=\"ro_RO\" \/>\n<meta property=\"og:type\" content=\"article\" \/>\n<meta property=\"og:title\" content=\"Prim\u0103ria Chi\u0219in\u0103u a lansat licita\u021bia interna\u021bional\u0103 pentru extinderea bulevardului Mircea cel B\u0103tr\u00e2n - mobilitatechisinau.md\" \/>\n<meta property=\"og:description\" content=\"Vineri, 9 ianuarie, Prim\u0103ria municipiului Chi\u0219in\u0103u a lansat licita\u021bia public\u0103 interna\u021bional\u0103 pentru contractarea execu\u021biei lucr\u0103rilor de construc\u021bie privind extinderea bulevardului Mircea cel B\u0103tr\u00e2n din sectorul Ciocana al Capitalei. Proiectul prevede realizarea unui nou tronson de bulevard cu o lungime de aproximativ un kilometru, cu dou\u0103 direc\u021bii de deplasare, respectiv dou\u0103 carosabile cu sens unic, fiecare [&hellip;]\" \/>\n<meta property=\"og:url\" content=\"https:\/\/mobilitatechisinau.md\/?p=16674\" \/>\n<meta property=\"og:site_name\" content=\"mobilitatechisinau.md\" \/>\n<meta property=\"article:publisher\" content=\"https:\/\/www.facebook.com\/DGTPCC\" \/>\n<meta property=\"article:published_time\" content=\"2026-01-12T18:59:00+00:00\" \/>\n<meta property=\"article:modified_time\" content=\"2026-01-19T19:01:25+00:00\" \/>\n<meta name=\"author\" content=\"dgtpcc.md\" \/>\n<meta name=\"twitter:card\" content=\"summary_large_image\" \/>\n<meta name=\"twitter:label1\" content=\"Scris de\" \/>\n\t<meta name=\"twitter:data1\" content=\"dgtpcc.md\" \/>\n\t<meta name=\"twitter:label2\" content=\"Timp estimat pentru citire\" \/>\n\t<meta name=\"twitter:data2\" content=\"1 minut\" \/>\n<script type=\"application\/ld+json\" class=\"yoast-schema-graph\">{\"@context\":\"https:\/\/schema.org\",\"@graph\":[{\"@type\":\"Article\",\"@id\":\"https:\/\/mobilitatechisinau.md\/?p=16674#article\",\"isPartOf\":{\"@id\":\"https:\/\/mobilitatechisinau.md\/?p=16674\"},\"author\":{\"name\":\"dgtpcc.md\",\"@id\":\"https:\/\/mobilitatechisinau.md\/#\/schema\/person\/c25d28ff5553bea759689e10224709c7\"},\"headline\":\"Prim\u0103ria Chi\u0219in\u0103u a lansat licita\u021bia interna\u021bional\u0103 pentru extinderea bulevardului Mircea cel B\u0103tr\u00e2n\",\"datePublished\":\"2026-01-12T18:59:00+00:00\",\"dateModified\":\"2026-01-19T19:01:25+00:00\",\"mainEntityOfPage\":{\"@id\":\"https:\/\/mobilitatechisinau.md\/?p=16674\"},\"wordCount\":154,\"publisher\":{\"@id\":\"https:\/\/mobilitatechisinau.md\/#organization\"},\"articleSection\":[\"Comunicate de pres\u0103\"],\"inLanguage\":\"ro-RO\"},{\"@type\":\"WebPage\",\"@id\":\"https:\/\/mobilitatechisinau.md\/?p=16674\",\"url\":\"https:\/\/mobilitatechisinau.md\/?p=16674\",\"name\":\"Prim\u0103ria Chi\u0219in\u0103u a lansat licita\u021bia interna\u021bional\u0103 pentru extinderea bulevardului Mircea cel B\u0103tr\u00e2n - mobilitatechisinau.md\",\"isPartOf\":{\"@id\":\"https:\/\/mobilitatechisinau.md\/#website\"},\"datePublished\":\"2026-01-12T18:59:00+00:00\",\"dateModified\":\"2026-01-19T19:01:25+00:00\",\"breadcrumb\":{\"@id\":\"https:\/\/mobilitatechisinau.md\/?p=16674#breadcrumb\"},\"inLanguage\":\"ro-RO\",\"potentialAction\":[{\"@type\":\"ReadAction\",\"target\":[\"https:\/\/mobilitatechisinau.md\/?p=16674\"]}]},{\"@type\":\"BreadcrumbList\",\"@id\":\"https:\/\/mobilitatechisinau.md\/?p=16674#breadcrumb\",\"itemListElement\":[{\"@type\":\"ListItem\",\"position\":1,\"name\":\"Prima pagin\u0103\",\"item\":\"https:\/\/mobilitatechisinau.md\/\"},{\"@type\":\"ListItem\",\"position\":2,\"name\":\"Prim\u0103ria Chi\u0219in\u0103u a lansat licita\u021bia interna\u021bional\u0103 pentru extinderea bulevardului Mircea cel B\u0103tr\u00e2n\"}]},{\"@type\":\"WebSite\",\"@id\":\"https:\/\/mobilitatechisinau.md\/#website\",\"url\":\"https:\/\/mobilitatechisinau.md\/\",\"name\":\"mobilitatechisinau.md\",\"description\":\"Direc\u0163ia General\u0103 Mobilitate Urban\u0103\",\"publisher\":{\"@id\":\"https:\/\/mobilitatechisinau.md\/#organization\"},\"potentialAction\":[{\"@type\":\"SearchAction\",\"target\":{\"@type\":\"EntryPoint\",\"urlTemplate\":\"https:\/\/mobilitatechisinau.md\/?s={search_term_string}\"},\"query-input\":{\"@type\":\"PropertyValueSpecification\",\"valueRequired\":true,\"valueName\":\"search_term_string\"}}],\"inLanguage\":\"ro-RO\"},{\"@type\":\"Organization\",\"@id\":\"https:\/\/mobilitatechisinau.md\/#organization\",\"name\":\"Direc\u0163ia general\u0103 transport public \u015fi c\u0103i de comunica\u0163ie\",\"url\":\"https:\/\/mobilitatechisinau.md\/\",\"logo\":{\"@type\":\"ImageObject\",\"inLanguage\":\"ro-RO\",\"@id\":\"https:\/\/mobilitatechisinau.md\/#\/schema\/logo\/image\/\",\"url\":\"https:\/\/dgtpcc.md\/wp-content\/uploads\/2022\/05\/DGTPCC-Chis\u0326ina\u0306u-new.jpg\",\"contentUrl\":\"https:\/\/dgtpcc.md\/wp-content\/uploads\/2022\/05\/DGTPCC-Chis\u0326ina\u0306u-new.jpg\",\"width\":304,\"height\":80,\"caption\":\"Direc\u0163ia general\u0103 transport public \u015fi c\u0103i de comunica\u0163ie\"},\"image\":{\"@id\":\"https:\/\/mobilitatechisinau.md\/#\/schema\/logo\/image\/\"},\"sameAs\":[\"https:\/\/www.facebook.com\/DGTPCC\"]},{\"@type\":\"Person\",\"@id\":\"https:\/\/mobilitatechisinau.md\/#\/schema\/person\/c25d28ff5553bea759689e10224709c7\",\"name\":\"dgtpcc.md\",\"image\":{\"@type\":\"ImageObject\",\"inLanguage\":\"ro-RO\",\"@id\":\"https:\/\/mobilitatechisinau.md\/#\/schema\/person\/image\/\",\"url\":\"https:\/\/secure.gravatar.com\/avatar\/9057a81ed6aa6c63f6d0d045749b3708fa15d612e3a388d9ac7b50072146c906?s=96&d=mm&r=g\",\"contentUrl\":\"https:\/\/secure.gravatar.com\/avatar\/9057a81ed6aa6c63f6d0d045749b3708fa15d612e3a388d9ac7b50072146c906?s=96&d=mm&r=g\",\"caption\":\"dgtpcc.md\"},\"sameAs\":[\"https:\/\/dgtpcc.md\"],\"url\":\"https:\/\/mobilitatechisinau.md\/?author=1\"}]}<\/script>\n<!-- \/ Yoast SEO plugin. -->","yoast_head_json":{"title":"Prim\u0103ria Chi\u0219in\u0103u a lansat licita\u021bia interna\u021bional\u0103 pentru extinderea bulevardului Mircea cel B\u0103tr\u00e2n - mobilitatechisinau.md","robots":{"index":"index","follow":"follow","max-snippet":"max-snippet:-1","max-image-preview":"max-image-preview:large","max-video-preview":"max-video-preview:-1"},"canonical":"https:\/\/mobilitatechisinau.md\/?p=16674","og_locale":"ro_RO","og_type":"article","og_title":"Prim\u0103ria Chi\u0219in\u0103u a lansat licita\u021bia interna\u021bional\u0103 pentru extinderea bulevardului Mircea cel B\u0103tr\u00e2n - mobilitatechisinau.md","og_description":"Vineri, 9 ianuarie, Prim\u0103ria municipiului Chi\u0219in\u0103u a lansat licita\u021bia public\u0103 interna\u021bional\u0103 pentru contractarea execu\u021biei lucr\u0103rilor de construc\u021bie privind extinderea bulevardului Mircea cel B\u0103tr\u00e2n din sectorul Ciocana al Capitalei. Proiectul prevede realizarea unui nou tronson de bulevard cu o lungime de aproximativ un kilometru, cu dou\u0103 direc\u021bii de deplasare, respectiv dou\u0103 carosabile cu sens unic, fiecare [&hellip;]","og_url":"https:\/\/mobilitatechisinau.md\/?p=16674","og_site_name":"mobilitatechisinau.md","article_publisher":"https:\/\/www.facebook.com\/DGTPCC","article_published_time":"2026-01-12T18:59:00+00:00","article_modified_time":"2026-01-19T19:01:25+00:00","author":"dgtpcc.md","twitter_card":"summary_large_image","twitter_misc":{"Scris de":"dgtpcc.md","Timp estimat pentru citire":"1 minut"},"schema":{"@context":"https:\/\/schema.org","@graph":[{"@type":"Article","@id":"https:\/\/mobilitatechisinau.md\/?p=16674#article","isPartOf":{"@id":"https:\/\/mobilitatechisinau.md\/?p=16674"},"author":{"name":"dgtpcc.md","@id":"https:\/\/mobilitatechisinau.md\/#\/schema\/person\/c25d28ff5553bea759689e10224709c7"},"headline":"Prim\u0103ria Chi\u0219in\u0103u a lansat licita\u021bia interna\u021bional\u0103 pentru extinderea bulevardului Mircea cel B\u0103tr\u00e2n","datePublished":"2026-01-12T18:59:00+00:00","dateModified":"2026-01-19T19:01:25+00:00","mainEntityOfPage":{"@id":"https:\/\/mobilitatechisinau.md\/?p=16674"},"wordCount":154,"publisher":{"@id":"https:\/\/mobilitatechisinau.md\/#organization"},"articleSection":["Comunicate de pres\u0103"],"inLanguage":"ro-RO"},{"@type":"WebPage","@id":"https:\/\/mobilitatechisinau.md\/?p=16674","url":"https:\/\/mobilitatechisinau.md\/?p=16674","name":"Prim\u0103ria Chi\u0219in\u0103u a lansat licita\u021bia interna\u021bional\u0103 pentru extinderea bulevardului Mircea cel B\u0103tr\u00e2n - mobilitatechisinau.md","isPartOf":{"@id":"https:\/\/mobilitatechisinau.md\/#website"},"datePublished":"2026-01-12T18:59:00+00:00","dateModified":"2026-01-19T19:01:25+00:00","breadcrumb":{"@id":"https:\/\/mobilitatechisinau.md\/?p=16674#breadcrumb"},"inLanguage":"ro-RO","potentialAction":[{"@type":"ReadAction","target":["https:\/\/mobilitatechisinau.md\/?p=16674"]}]},{"@type":"BreadcrumbList","@id":"https:\/\/mobilitatechisinau.md\/?p=16674#breadcrumb","itemListElement":[{"@type":"ListItem","position":1,"name":"Prima pagin\u0103","item":"https:\/\/mobilitatechisinau.md\/"},{"@type":"ListItem","position":2,"name":"Prim\u0103ria Chi\u0219in\u0103u a lansat licita\u021bia interna\u021bional\u0103 pentru extinderea bulevardului Mircea cel B\u0103tr\u00e2n"}]},{"@type":"WebSite","@id":"https:\/\/mobilitatechisinau.md\/#website","url":"https:\/\/mobilitatechisinau.md\/","name":"mobilitatechisinau.md","description":"Direc\u0163ia General\u0103 Mobilitate Urban\u0103","publisher":{"@id":"https:\/\/mobilitatechisinau.md\/#organization"},"potentialAction":[{"@type":"SearchAction","target":{"@type":"EntryPoint","urlTemplate":"https:\/\/mobilitatechisinau.md\/?s={search_term_string}"},"query-input":{"@type":"PropertyValueSpecification","valueRequired":true,"valueName":"search_term_string"}}],"inLanguage":"ro-RO"},{"@type":"Organization","@id":"https:\/\/mobilitatechisinau.md\/#organization","name":"Direc\u0163ia general\u0103 transport public \u015fi c\u0103i de comunica\u0163ie","url":"https:\/\/mobilitatechisinau.md\/","logo":{"@type":"ImageObject","inLanguage":"ro-RO","@id":"https:\/\/mobilitatechisinau.md\/#\/schema\/logo\/image\/","url":"https:\/\/dgtpcc.md\/wp-content\/uploads\/2022\/05\/DGTPCC-Chis\u0326ina\u0306u-new.jpg","contentUrl":"https:\/\/dgtpcc.md\/wp-content\/uploads\/2022\/05\/DGTPCC-Chis\u0326ina\u0306u-new.jpg","width":304,"height":80,"caption":"Direc\u0163ia general\u0103 transport public \u015fi c\u0103i de comunica\u0163ie"},"image":{"@id":"https:\/\/mobilitatechisinau.md\/#\/schema\/logo\/image\/"},"sameAs":["https:\/\/www.facebook.com\/DGTPCC"]},{"@type":"Person","@id":"https:\/\/mobilitatechisinau.md\/#\/schema\/person\/c25d28ff5553bea759689e10224709c7","name":"dgtpcc.md","image":{"@type":"ImageObject","inLanguage":"ro-RO","@id":"https:\/\/mobilitatechisinau.md\/#\/schema\/person\/image\/","url":"https:\/\/secure.gravatar.com\/avatar\/9057a81ed6aa6c63f6d0d045749b3708fa15d612e3a388d9ac7b50072146c906?s=96&d=mm&r=g","contentUrl":"https:\/\/secure.gravatar.com\/avatar\/9057a81ed6aa6c63f6d0d045749b3708fa15d612e3a388d9ac7b50072146c906?s=96&d=mm&r=g","caption":"dgtpcc.md"},"sameAs":["https:\/\/dgtpcc.md"],"url":"https:\/\/mobilitatechisinau.md\/?author=1"}]}},"_links":{"self":[{"href":"https:\/\/mobilitatechisinau.md\/index.php?rest_route=\/wp\/v2\/posts\/16674","targetHints":{"allow":["GET"]}}],"collection":[{"href":"https:\/\/mobilitatechisinau.md\/index.php?rest_route=\/wp\/v2\/posts"}],"about":[{"href":"https:\/\/mobilitatechisinau.md\/index.php?rest_route=\/wp\/v2\/types\/post"}],"author":[{"embeddable":true,"href":"https:\/\/mobilitatechisinau.md\/index.php?rest_route=\/wp\/v2\/users\/1"}],"replies":[{"embeddable":true,"href":"https:\/\/mobilitatechisinau.md\/index.php?rest_route=%2Fwp%2Fv2%2Fcomments&post=16674"}],"version-history":[{"count":1,"href":"https:\/\/mobilitatechisinau.md\/index.php?rest_route=\/wp\/v2\/posts\/16674\/revisions"}],"predecessor-version":[{"id":16676,"href":"https:\/\/mobilitatechisinau.md\/index.php?rest_route=\/wp\/v2\/posts\/16674\/revisions\/16676"}],"wp:attachment":[{"href":"https:\/\/mobilitatechisinau.md\/index.php?rest_route=%2Fwp%2Fv2%2Fmedia&parent=16674"}],"wp:term":[{"taxonomy":"category","embeddable":true,"href":"https:\/\/mobilitatechisinau.md\/index.php?rest_route=%2Fwp%2Fv2%2Fcategories&post=16674"},{"taxonomy":"post_tag","embeddable":true,"href":"https:\/\/mobilitatechisinau.md\/index.php?rest_route=%2Fwp%2Fv2%2Ftags&post=16674"}],"curies":[{"name":"wp","href":"https:\/\/api.w.org\/{rel}","templated":true}]}}