{"id":16677,"date":"2026-01-19T21:12:09","date_gmt":"2026-01-19T19:12:09","guid":{"rendered":"https:\/\/mobilitatechisinau.md\/?p=16677"},"modified":"2026-01-19T21:12:48","modified_gmt":"2026-01-19T19:12:48","slug":"lucrari-de-reparatie-si-intretinere-a-infrastructurii-rutiere-municipale-executate-pe-parcursul-saptamanii-trecute-72","status":"publish","type":"post","link":"https:\/\/mobilitatechisinau.md\/?p=16677","title":{"rendered":"Lucr\u0103ri de repara\u021bie \u0219i \u00eentre\u021binere a infrastructurii rutiere municipale executate pe parcursul s\u0103pt\u0103m\u00e2nii trecute"},"content":{"rendered":"\n<p>\u00cen perioada 12\u201318 ianuarie 2026, Regia \u201eExdrupo\u201d a desf\u0103\u0219urat interven\u021bii zilnice pentru \u00eentre\u021binerea infrastructurii rutiere, \u00een condi\u021bii specifice sezonului de iarn\u0103. Lucr\u0103rile au vizat at\u00e2t men\u021binerea circula\u021biei \u00een siguran\u021b\u0103, c\u00e2t \u0219i remedierea operativ\u0103 a degrad\u0103rilor ap\u0103rute \u00een urma ninsorii, \u00eenghe\u021bului \u0219i utiliz\u0103rii materialului antiderapant.<\/p>\n\n\n\n<p>\u00cen procesul de desz\u0103pezire \u0219i combatere a poleiului:<\/p>\n\n\n\n<p>Au fost cur\u0103\u021bate \u0219i pres\u0103rate cu material antiderapant str\u0103zile principale \u0219i secundare din ora\u0219, podurile rutiere, dar \u0219i drumurile de acces \u00een suburbii, pentru a asigura circula\u021bia normal\u0103 a transportului public \u0219i a celui privat.<\/p>\n\n\n\n<p>Manual, au fost cur\u0103\u021bate \u0219i pres\u0103rate cu sare \u0219i nisip accesele \u00een pasaje subterane, trotuarele, trecerile pietonale \u0219i zonele sta\u021biilor de a\u0219teptare.<\/p>\n\n\n\n<p>Au fost efectuate 14 curse de evacuare a z\u0103pezii din zona drumului.<\/p>\n\n\n\n<p>\u00cen procesul tehnologic au fost antrenat tot efectivul de tehnic\u0103 disponibil, dar \u0219i muncitori rutieri.<\/p>\n\n\n\n<p>Pentru siguran\u021ba rutier\u0103 \u0219i men\u021binerea st\u0103rii func\u021bionale a carosabilului:<\/p>\n\n\n\n<p>Au fost executate lucr\u0103ri provizorii de plombare a gropilor cu beton asfaltic rece, pe mai multe str\u0103zi principale \u0219i secundare. Interven\u021biile sunt solu\u021bii temporare \u0219i asigur\u0103 circula\u021bia \u00een condi\u021bii satisf\u0103c\u0103toare p\u00e2n\u0103 la reluarea lucr\u0103rilor cu asfalt fierbinte.<\/p>\n\n\n\n<p>La canalizarea pluvial\u0103, au fost executate lucr\u0103ri de cur\u0103\u021bare \u0219i desfundare a circa 270 guri de captare, pentru a preveni acumul\u0103rile de ap\u0103 \u00een zona drumurilor, dup\u0103 topirea z\u0103pezii.<\/p>\n\n\n\n<p>Au fot reparate 75 indicatoare rutiere \u0219i au fost instalate alte 65 indicatoare noi.<\/p>\n\n\n\n<p>Lucr\u0103rile de \u00eentre\u021binere a infrastructurii rutiere municipale vor continua \u0219i \u00een s\u0103pt\u0103m\u00e2na curent\u0103.<\/p>\n\n\n\n<figure class=\"wp-block-gallery has-nested-images columns-default is-cropped wp-block-gallery-1 is-layout-flex wp-block-gallery-is-layout-flex\">\n<figure class=\"wp-block-image size-large\"><img fetchpriority=\"high\" decoding=\"async\" width=\"525\" height=\"700\" data-id=\"16679\" src=\"https:\/\/mobilitatechisinau.md\/wp-content\/uploads\/2026\/01\/1-1.jpg\" alt=\"\" class=\"wp-image-16679\" srcset=\"https:\/\/mobilitatechisinau.md\/wp-content\/uploads\/2026\/01\/1-1.jpg 525w, https:\/\/mobilitatechisinau.md\/wp-content\/uploads\/2026\/01\/1-1-225x300.jpg 225w, https:\/\/mobilitatechisinau.md\/wp-content\/uploads\/2026\/01\/1-1-9x12.jpg 9w, https:\/\/mobilitatechisinau.md\/wp-content\/uploads\/2026\/01\/1-1-262x350.jpg 262w\" sizes=\"(max-width: 525px) 100vw, 525px\" \/><\/figure>\n\n\n\n<figure class=\"wp-block-image size-large\"><img decoding=\"async\" width=\"525\" height=\"700\" data-id=\"16685\" src=\"https:\/\/mobilitatechisinau.md\/wp-content\/uploads\/2026\/01\/2-2.jpg\" alt=\"\" class=\"wp-image-16685\" srcset=\"https:\/\/mobilitatechisinau.md\/wp-content\/uploads\/2026\/01\/2-2.jpg 525w, https:\/\/mobilitatechisinau.md\/wp-content\/uploads\/2026\/01\/2-2-225x300.jpg 225w, https:\/\/mobilitatechisinau.md\/wp-content\/uploads\/2026\/01\/2-2-9x12.jpg 9w, https:\/\/mobilitatechisinau.md\/wp-content\/uploads\/2026\/01\/2-2-262x350.jpg 262w\" sizes=\"(max-width: 525px) 100vw, 525px\" \/><\/figure>\n\n\n\n<figure class=\"wp-block-image size-large\"><img decoding=\"async\" width=\"525\" height=\"700\" data-id=\"16684\" src=\"https:\/\/mobilitatechisinau.md\/wp-content\/uploads\/2026\/01\/3-2.jpg\" alt=\"\" class=\"wp-image-16684\" srcset=\"https:\/\/mobilitatechisinau.md\/wp-content\/uploads\/2026\/01\/3-2.jpg 525w, https:\/\/mobilitatechisinau.md\/wp-content\/uploads\/2026\/01\/3-2-225x300.jpg 225w, https:\/\/mobilitatechisinau.md\/wp-content\/uploads\/2026\/01\/3-2-9x12.jpg 9w, https:\/\/mobilitatechisinau.md\/wp-content\/uploads\/2026\/01\/3-2-262x350.jpg 262w\" sizes=\"(max-width: 525px) 100vw, 525px\" \/><\/figure>\n\n\n\n<figure class=\"wp-block-image size-large\"><img loading=\"lazy\" decoding=\"async\" width=\"525\" height=\"700\" data-id=\"16683\" src=\"https:\/\/mobilitatechisinau.md\/wp-content\/uploads\/2026\/01\/4-2.jpg\" alt=\"\" class=\"wp-image-16683\" srcset=\"https:\/\/mobilitatechisinau.md\/wp-content\/uploads\/2026\/01\/4-2.jpg 525w, https:\/\/mobilitatechisinau.md\/wp-content\/uploads\/2026\/01\/4-2-225x300.jpg 225w, https:\/\/mobilitatechisinau.md\/wp-content\/uploads\/2026\/01\/4-2-9x12.jpg 9w, https:\/\/mobilitatechisinau.md\/wp-content\/uploads\/2026\/01\/4-2-262x350.jpg 262w\" sizes=\"(max-width: 525px) 100vw, 525px\" \/><\/figure>\n\n\n\n<figure class=\"wp-block-image size-large\"><img loading=\"lazy\" decoding=\"async\" width=\"525\" height=\"700\" data-id=\"16680\" src=\"https:\/\/mobilitatechisinau.md\/wp-content\/uploads\/2026\/01\/5-2.jpg\" alt=\"\" class=\"wp-image-16680\" srcset=\"https:\/\/mobilitatechisinau.md\/wp-content\/uploads\/2026\/01\/5-2.jpg 525w, https:\/\/mobilitatechisinau.md\/wp-content\/uploads\/2026\/01\/5-2-225x300.jpg 225w, https:\/\/mobilitatechisinau.md\/wp-content\/uploads\/2026\/01\/5-2-9x12.jpg 9w, https:\/\/mobilitatechisinau.md\/wp-content\/uploads\/2026\/01\/5-2-262x350.jpg 262w\" sizes=\"(max-width: 525px) 100vw, 525px\" \/><\/figure>\n\n\n\n<figure class=\"wp-block-image size-large\"><img loading=\"lazy\" decoding=\"async\" width=\"525\" height=\"700\" data-id=\"16682\" src=\"https:\/\/mobilitatechisinau.md\/wp-content\/uploads\/2026\/01\/6-2.jpg\" alt=\"\" class=\"wp-image-16682\" srcset=\"https:\/\/mobilitatechisinau.md\/wp-content\/uploads\/2026\/01\/6-2.jpg 525w, https:\/\/mobilitatechisinau.md\/wp-content\/uploads\/2026\/01\/6-2-225x300.jpg 225w, https:\/\/mobilitatechisinau.md\/wp-content\/uploads\/2026\/01\/6-2-9x12.jpg 9w, https:\/\/mobilitatechisinau.md\/wp-content\/uploads\/2026\/01\/6-2-262x350.jpg 262w\" sizes=\"(max-width: 525px) 100vw, 525px\" \/><\/figure>\n\n\n\n<figure class=\"wp-block-image size-large\"><img loading=\"lazy\" decoding=\"async\" width=\"933\" height=\"700\" data-id=\"16687\" src=\"https:\/\/mobilitatechisinau.md\/wp-content\/uploads\/2026\/01\/7-2.jpg\" alt=\"\" class=\"wp-image-16687\" srcset=\"https:\/\/mobilitatechisinau.md\/wp-content\/uploads\/2026\/01\/7-2.jpg 933w, https:\/\/mobilitatechisinau.md\/wp-content\/uploads\/2026\/01\/7-2-300x225.jpg 300w, https:\/\/mobilitatechisinau.md\/wp-content\/uploads\/2026\/01\/7-2-768x576.jpg 768w, https:\/\/mobilitatechisinau.md\/wp-content\/uploads\/2026\/01\/7-2-16x12.jpg 16w, https:\/\/mobilitatechisinau.md\/wp-content\/uploads\/2026\/01\/7-2-466x350.jpg 466w\" sizes=\"(max-width: 933px) 100vw, 933px\" \/><\/figure>\n\n\n\n<figure class=\"wp-block-image size-large\"><img loading=\"lazy\" decoding=\"async\" width=\"525\" height=\"700\" data-id=\"16686\" src=\"https:\/\/mobilitatechisinau.md\/wp-content\/uploads\/2026\/01\/8-1.jpg\" alt=\"\" class=\"wp-image-16686\" srcset=\"https:\/\/mobilitatechisinau.md\/wp-content\/uploads\/2026\/01\/8-1.jpg 525w, https:\/\/mobilitatechisinau.md\/wp-content\/uploads\/2026\/01\/8-1-225x300.jpg 225w, https:\/\/mobilitatechisinau.md\/wp-content\/uploads\/2026\/01\/8-1-9x12.jpg 9w, https:\/\/mobilitatechisinau.md\/wp-content\/uploads\/2026\/01\/8-1-262x350.jpg 262w\" sizes=\"(max-width: 525px) 100vw, 525px\" \/><\/figure>\n\n\n\n<figure class=\"wp-block-image size-large\"><img loading=\"lazy\" decoding=\"async\" width=\"525\" height=\"700\" data-id=\"16681\" src=\"https:\/\/mobilitatechisinau.md\/wp-content\/uploads\/2026\/01\/9-1.jpg\" alt=\"\" class=\"wp-image-16681\" srcset=\"https:\/\/mobilitatechisinau.md\/wp-content\/uploads\/2026\/01\/9-1.jpg 525w, https:\/\/mobilitatechisinau.md\/wp-content\/uploads\/2026\/01\/9-1-225x300.jpg 225w, https:\/\/mobilitatechisinau.md\/wp-content\/uploads\/2026\/01\/9-1-9x12.jpg 9w, https:\/\/mobilitatechisinau.md\/wp-content\/uploads\/2026\/01\/9-1-262x350.jpg 262w\" sizes=\"(max-width: 525px) 100vw, 525px\" \/><\/figure>\n<\/figure>\n","protected":false},"excerpt":{"rendered":"<p>\u00cen perioada 12\u201318 ianuarie 2026, Regia \u201eExdrupo\u201d a desf\u0103\u0219urat interven\u021bii zilnice pentru \u00eentre\u021binerea infrastructurii rutiere, \u00een condi\u021bii specifice sezonului de iarn\u0103. Lucr\u0103rile au vizat at\u00e2t men\u021binerea circula\u021biei \u00een siguran\u021b\u0103, c\u00e2t \u0219i remedierea operativ\u0103 a degrad\u0103rilor ap\u0103rute \u00een urma ninsorii, \u00eenghe\u021bului \u0219i utiliz\u0103rii materialului antiderapant. \u00cen procesul de desz\u0103pezire \u0219i combatere a poleiului: Au fost cur\u0103\u021bate [&hellip;]<\/p>\n","protected":false},"author":1,"featured_media":16678,"comment_status":"closed","ping_status":"open","sticky":false,"template":"","format":"standard","meta":{"footnotes":""},"categories":[92],"tags":[],"class_list":["post-16677","post","type-post","status-publish","format-standard","has-post-thumbnail","hentry","category-comunicate"],"yoast_head":"<!-- This site is optimized with the Yoast SEO plugin v23.9 - https:\/\/yoast.com\/wordpress\/plugins\/seo\/ -->\n<title>Lucr\u0103ri de repara\u021bie \u0219i \u00eentre\u021binere a infrastructurii rutiere municipale executate pe parcursul s\u0103pt\u0103m\u00e2nii trecute - mobilitatechisinau.md<\/title>\n<meta name=\"robots\" content=\"index, follow, max-snippet:-1, max-image-preview:large, max-video-preview:-1\" \/>\n<link rel=\"canonical\" href=\"https:\/\/mobilitatechisinau.md\/?p=16677\" \/>\n<meta property=\"og:locale\" content=\"ro_RO\" \/>\n<meta property=\"og:type\" content=\"article\" \/>\n<meta property=\"og:title\" content=\"Lucr\u0103ri de repara\u021bie \u0219i \u00eentre\u021binere a infrastructurii rutiere municipale executate pe parcursul s\u0103pt\u0103m\u00e2nii trecute - mobilitatechisinau.md\" \/>\n<meta property=\"og:description\" content=\"\u00cen perioada 12\u201318 ianuarie 2026, Regia \u201eExdrupo\u201d a desf\u0103\u0219urat interven\u021bii zilnice pentru \u00eentre\u021binerea infrastructurii rutiere, \u00een condi\u021bii specifice sezonului de iarn\u0103. Lucr\u0103rile au vizat at\u00e2t men\u021binerea circula\u021biei \u00een siguran\u021b\u0103, c\u00e2t \u0219i remedierea operativ\u0103 a degrad\u0103rilor ap\u0103rute \u00een urma ninsorii, \u00eenghe\u021bului \u0219i utiliz\u0103rii materialului antiderapant. \u00cen procesul de desz\u0103pezire \u0219i combatere a poleiului: Au fost cur\u0103\u021bate [&hellip;]\" \/>\n<meta property=\"og:url\" content=\"https:\/\/mobilitatechisinau.md\/?p=16677\" \/>\n<meta property=\"og:site_name\" content=\"mobilitatechisinau.md\" \/>\n<meta property=\"article:publisher\" content=\"https:\/\/www.facebook.com\/DGTPCC\" \/>\n<meta property=\"article:published_time\" content=\"2026-01-19T19:12:09+00:00\" \/>\n<meta property=\"article:modified_time\" content=\"2026-01-19T19:12:48+00:00\" \/>\n<meta property=\"og:image\" content=\"https:\/\/mobilitatechisinau.md\/wp-content\/uploads\/2026\/01\/19-ianuarie.jpg\" \/>\n\t<meta property=\"og:image:width\" content=\"1200\" \/>\n\t<meta property=\"og:image:height\" content=\"700\" \/>\n\t<meta property=\"og:image:type\" content=\"image\/jpeg\" \/>\n<meta name=\"author\" content=\"dgtpcc.md\" \/>\n<meta name=\"twitter:card\" content=\"summary_large_image\" \/>\n<meta name=\"twitter:label1\" content=\"Scris de\" \/>\n\t<meta name=\"twitter:data1\" content=\"dgtpcc.md\" \/>\n\t<meta name=\"twitter:label2\" content=\"Timp estimat pentru citire\" \/>\n\t<meta name=\"twitter:data2\" content=\"4 minute\" \/>\n<script type=\"application\/ld+json\" class=\"yoast-schema-graph\">{\"@context\":\"https:\/\/schema.org\",\"@graph\":[{\"@type\":\"Article\",\"@id\":\"https:\/\/mobilitatechisinau.md\/?p=16677#article\",\"isPartOf\":{\"@id\":\"https:\/\/mobilitatechisinau.md\/?p=16677\"},\"author\":{\"name\":\"dgtpcc.md\",\"@id\":\"https:\/\/mobilitatechisinau.md\/#\/schema\/person\/c25d28ff5553bea759689e10224709c7\"},\"headline\":\"Lucr\u0103ri de repara\u021bie \u0219i \u00eentre\u021binere a infrastructurii rutiere municipale executate pe parcursul s\u0103pt\u0103m\u00e2nii trecute\",\"datePublished\":\"2026-01-19T19:12:09+00:00\",\"dateModified\":\"2026-01-19T19:12:48+00:00\",\"mainEntityOfPage\":{\"@id\":\"https:\/\/mobilitatechisinau.md\/?p=16677\"},\"wordCount\":298,\"publisher\":{\"@id\":\"https:\/\/mobilitatechisinau.md\/#organization\"},\"image\":{\"@id\":\"https:\/\/mobilitatechisinau.md\/?p=16677#primaryimage\"},\"thumbnailUrl\":\"https:\/\/mobilitatechisinau.md\/wp-content\/uploads\/2026\/01\/19-ianuarie.jpg\",\"articleSection\":[\"Comunicate de pres\u0103\"],\"inLanguage\":\"ro-RO\"},{\"@type\":\"WebPage\",\"@id\":\"https:\/\/mobilitatechisinau.md\/?p=16677\",\"url\":\"https:\/\/mobilitatechisinau.md\/?p=16677\",\"name\":\"Lucr\u0103ri de repara\u021bie \u0219i \u00eentre\u021binere a infrastructurii rutiere municipale executate pe parcursul s\u0103pt\u0103m\u00e2nii trecute - mobilitatechisinau.md\",\"isPartOf\":{\"@id\":\"https:\/\/mobilitatechisinau.md\/#website\"},\"primaryImageOfPage\":{\"@id\":\"https:\/\/mobilitatechisinau.md\/?p=16677#primaryimage\"},\"image\":{\"@id\":\"https:\/\/mobilitatechisinau.md\/?p=16677#primaryimage\"},\"thumbnailUrl\":\"https:\/\/mobilitatechisinau.md\/wp-content\/uploads\/2026\/01\/19-ianuarie.jpg\",\"datePublished\":\"2026-01-19T19:12:09+00:00\",\"dateModified\":\"2026-01-19T19:12:48+00:00\",\"breadcrumb\":{\"@id\":\"https:\/\/mobilitatechisinau.md\/?p=16677#breadcrumb\"},\"inLanguage\":\"ro-RO\",\"potentialAction\":[{\"@type\":\"ReadAction\",\"target\":[\"https:\/\/mobilitatechisinau.md\/?p=16677\"]}]},{\"@type\":\"ImageObject\",\"inLanguage\":\"ro-RO\",\"@id\":\"https:\/\/mobilitatechisinau.md\/?p=16677#primaryimage\",\"url\":\"https:\/\/mobilitatechisinau.md\/wp-content\/uploads\/2026\/01\/19-ianuarie.jpg\",\"contentUrl\":\"https:\/\/mobilitatechisinau.md\/wp-content\/uploads\/2026\/01\/19-ianuarie.jpg\",\"width\":1200,\"height\":700},{\"@type\":\"BreadcrumbList\",\"@id\":\"https:\/\/mobilitatechisinau.md\/?p=16677#breadcrumb\",\"itemListElement\":[{\"@type\":\"ListItem\",\"position\":1,\"name\":\"Prima pagin\u0103\",\"item\":\"https:\/\/mobilitatechisinau.md\/\"},{\"@type\":\"ListItem\",\"position\":2,\"name\":\"Lucr\u0103ri de repara\u021bie \u0219i \u00eentre\u021binere a infrastructurii rutiere municipale executate pe parcursul s\u0103pt\u0103m\u00e2nii trecute\"}]},{\"@type\":\"WebSite\",\"@id\":\"https:\/\/mobilitatechisinau.md\/#website\",\"url\":\"https:\/\/mobilitatechisinau.md\/\",\"name\":\"mobilitatechisinau.md\",\"description\":\"Direc\u0163ia General\u0103 Mobilitate Urban\u0103\",\"publisher\":{\"@id\":\"https:\/\/mobilitatechisinau.md\/#organization\"},\"potentialAction\":[{\"@type\":\"SearchAction\",\"target\":{\"@type\":\"EntryPoint\",\"urlTemplate\":\"https:\/\/mobilitatechisinau.md\/?s={search_term_string}\"},\"query-input\":{\"@type\":\"PropertyValueSpecification\",\"valueRequired\":true,\"valueName\":\"search_term_string\"}}],\"inLanguage\":\"ro-RO\"},{\"@type\":\"Organization\",\"@id\":\"https:\/\/mobilitatechisinau.md\/#organization\",\"name\":\"Direc\u0163ia general\u0103 transport public \u015fi c\u0103i de comunica\u0163ie\",\"url\":\"https:\/\/mobilitatechisinau.md\/\",\"logo\":{\"@type\":\"ImageObject\",\"inLanguage\":\"ro-RO\",\"@id\":\"https:\/\/mobilitatechisinau.md\/#\/schema\/logo\/image\/\",\"url\":\"https:\/\/dgtpcc.md\/wp-content\/uploads\/2022\/05\/DGTPCC-Chis\u0326ina\u0306u-new.jpg\",\"contentUrl\":\"https:\/\/dgtpcc.md\/wp-content\/uploads\/2022\/05\/DGTPCC-Chis\u0326ina\u0306u-new.jpg\",\"width\":304,\"height\":80,\"caption\":\"Direc\u0163ia general\u0103 transport public \u015fi c\u0103i de comunica\u0163ie\"},\"image\":{\"@id\":\"https:\/\/mobilitatechisinau.md\/#\/schema\/logo\/image\/\"},\"sameAs\":[\"https:\/\/www.facebook.com\/DGTPCC\"]},{\"@type\":\"Person\",\"@id\":\"https:\/\/mobilitatechisinau.md\/#\/schema\/person\/c25d28ff5553bea759689e10224709c7\",\"name\":\"dgtpcc.md\",\"image\":{\"@type\":\"ImageObject\",\"inLanguage\":\"ro-RO\",\"@id\":\"https:\/\/mobilitatechisinau.md\/#\/schema\/person\/image\/\",\"url\":\"https:\/\/secure.gravatar.com\/avatar\/9057a81ed6aa6c63f6d0d045749b3708fa15d612e3a388d9ac7b50072146c906?s=96&d=mm&r=g\",\"contentUrl\":\"https:\/\/secure.gravatar.com\/avatar\/9057a81ed6aa6c63f6d0d045749b3708fa15d612e3a388d9ac7b50072146c906?s=96&d=mm&r=g\",\"caption\":\"dgtpcc.md\"},\"sameAs\":[\"https:\/\/dgtpcc.md\"],\"url\":\"https:\/\/mobilitatechisinau.md\/?author=1\"}]}<\/script>\n<!-- \/ Yoast SEO plugin. -->","yoast_head_json":{"title":"Lucr\u0103ri de repara\u021bie \u0219i \u00eentre\u021binere a infrastructurii rutiere municipale executate pe parcursul s\u0103pt\u0103m\u00e2nii trecute - mobilitatechisinau.md","robots":{"index":"index","follow":"follow","max-snippet":"max-snippet:-1","max-image-preview":"max-image-preview:large","max-video-preview":"max-video-preview:-1"},"canonical":"https:\/\/mobilitatechisinau.md\/?p=16677","og_locale":"ro_RO","og_type":"article","og_title":"Lucr\u0103ri de repara\u021bie \u0219i \u00eentre\u021binere a infrastructurii rutiere municipale executate pe parcursul s\u0103pt\u0103m\u00e2nii trecute - mobilitatechisinau.md","og_description":"\u00cen perioada 12\u201318 ianuarie 2026, Regia \u201eExdrupo\u201d a desf\u0103\u0219urat interven\u021bii zilnice pentru \u00eentre\u021binerea infrastructurii rutiere, \u00een condi\u021bii specifice sezonului de iarn\u0103. Lucr\u0103rile au vizat at\u00e2t men\u021binerea circula\u021biei \u00een siguran\u021b\u0103, c\u00e2t \u0219i remedierea operativ\u0103 a degrad\u0103rilor ap\u0103rute \u00een urma ninsorii, \u00eenghe\u021bului \u0219i utiliz\u0103rii materialului antiderapant. \u00cen procesul de desz\u0103pezire \u0219i combatere a poleiului: Au fost cur\u0103\u021bate [&hellip;]","og_url":"https:\/\/mobilitatechisinau.md\/?p=16677","og_site_name":"mobilitatechisinau.md","article_publisher":"https:\/\/www.facebook.com\/DGTPCC","article_published_time":"2026-01-19T19:12:09+00:00","article_modified_time":"2026-01-19T19:12:48+00:00","og_image":[{"width":1200,"height":700,"url":"https:\/\/mobilitatechisinau.md\/wp-content\/uploads\/2026\/01\/19-ianuarie.jpg","type":"image\/jpeg"}],"author":"dgtpcc.md","twitter_card":"summary_large_image","twitter_misc":{"Scris de":"dgtpcc.md","Timp estimat pentru citire":"4 minute"},"schema":{"@context":"https:\/\/schema.org","@graph":[{"@type":"Article","@id":"https:\/\/mobilitatechisinau.md\/?p=16677#article","isPartOf":{"@id":"https:\/\/mobilitatechisinau.md\/?p=16677"},"author":{"name":"dgtpcc.md","@id":"https:\/\/mobilitatechisinau.md\/#\/schema\/person\/c25d28ff5553bea759689e10224709c7"},"headline":"Lucr\u0103ri de repara\u021bie \u0219i \u00eentre\u021binere a infrastructurii rutiere municipale executate pe parcursul s\u0103pt\u0103m\u00e2nii trecute","datePublished":"2026-01-19T19:12:09+00:00","dateModified":"2026-01-19T19:12:48+00:00","mainEntityOfPage":{"@id":"https:\/\/mobilitatechisinau.md\/?p=16677"},"wordCount":298,"publisher":{"@id":"https:\/\/mobilitatechisinau.md\/#organization"},"image":{"@id":"https:\/\/mobilitatechisinau.md\/?p=16677#primaryimage"},"thumbnailUrl":"https:\/\/mobilitatechisinau.md\/wp-content\/uploads\/2026\/01\/19-ianuarie.jpg","articleSection":["Comunicate de pres\u0103"],"inLanguage":"ro-RO"},{"@type":"WebPage","@id":"https:\/\/mobilitatechisinau.md\/?p=16677","url":"https:\/\/mobilitatechisinau.md\/?p=16677","name":"Lucr\u0103ri de repara\u021bie \u0219i \u00eentre\u021binere a infrastructurii rutiere municipale executate pe parcursul s\u0103pt\u0103m\u00e2nii trecute - mobilitatechisinau.md","isPartOf":{"@id":"https:\/\/mobilitatechisinau.md\/#website"},"primaryImageOfPage":{"@id":"https:\/\/mobilitatechisinau.md\/?p=16677#primaryimage"},"image":{"@id":"https:\/\/mobilitatechisinau.md\/?p=16677#primaryimage"},"thumbnailUrl":"https:\/\/mobilitatechisinau.md\/wp-content\/uploads\/2026\/01\/19-ianuarie.jpg","datePublished":"2026-01-19T19:12:09+00:00","dateModified":"2026-01-19T19:12:48+00:00","breadcrumb":{"@id":"https:\/\/mobilitatechisinau.md\/?p=16677#breadcrumb"},"inLanguage":"ro-RO","potentialAction":[{"@type":"ReadAction","target":["https:\/\/mobilitatechisinau.md\/?p=16677"]}]},{"@type":"ImageObject","inLanguage":"ro-RO","@id":"https:\/\/mobilitatechisinau.md\/?p=16677#primaryimage","url":"https:\/\/mobilitatechisinau.md\/wp-content\/uploads\/2026\/01\/19-ianuarie.jpg","contentUrl":"https:\/\/mobilitatechisinau.md\/wp-content\/uploads\/2026\/01\/19-ianuarie.jpg","width":1200,"height":700},{"@type":"BreadcrumbList","@id":"https:\/\/mobilitatechisinau.md\/?p=16677#breadcrumb","itemListElement":[{"@type":"ListItem","position":1,"name":"Prima pagin\u0103","item":"https:\/\/mobilitatechisinau.md\/"},{"@type":"ListItem","position":2,"name":"Lucr\u0103ri de repara\u021bie \u0219i \u00eentre\u021binere a infrastructurii rutiere municipale executate pe parcursul s\u0103pt\u0103m\u00e2nii trecute"}]},{"@type":"WebSite","@id":"https:\/\/mobilitatechisinau.md\/#website","url":"https:\/\/mobilitatechisinau.md\/","name":"mobilitatechisinau.md","description":"Direc\u0163ia General\u0103 Mobilitate Urban\u0103","publisher":{"@id":"https:\/\/mobilitatechisinau.md\/#organization"},"potentialAction":[{"@type":"SearchAction","target":{"@type":"EntryPoint","urlTemplate":"https:\/\/mobilitatechisinau.md\/?s={search_term_string}"},"query-input":{"@type":"PropertyValueSpecification","valueRequired":true,"valueName":"search_term_string"}}],"inLanguage":"ro-RO"},{"@type":"Organization","@id":"https:\/\/mobilitatechisinau.md\/#organization","name":"Direc\u0163ia general\u0103 transport public \u015fi c\u0103i de comunica\u0163ie","url":"https:\/\/mobilitatechisinau.md\/","logo":{"@type":"ImageObject","inLanguage":"ro-RO","@id":"https:\/\/mobilitatechisinau.md\/#\/schema\/logo\/image\/","url":"https:\/\/dgtpcc.md\/wp-content\/uploads\/2022\/05\/DGTPCC-Chis\u0326ina\u0306u-new.jpg","contentUrl":"https:\/\/dgtpcc.md\/wp-content\/uploads\/2022\/05\/DGTPCC-Chis\u0326ina\u0306u-new.jpg","width":304,"height":80,"caption":"Direc\u0163ia general\u0103 transport public \u015fi c\u0103i de comunica\u0163ie"},"image":{"@id":"https:\/\/mobilitatechisinau.md\/#\/schema\/logo\/image\/"},"sameAs":["https:\/\/www.facebook.com\/DGTPCC"]},{"@type":"Person","@id":"https:\/\/mobilitatechisinau.md\/#\/schema\/person\/c25d28ff5553bea759689e10224709c7","name":"dgtpcc.md","image":{"@type":"ImageObject","inLanguage":"ro-RO","@id":"https:\/\/mobilitatechisinau.md\/#\/schema\/person\/image\/","url":"https:\/\/secure.gravatar.com\/avatar\/9057a81ed6aa6c63f6d0d045749b3708fa15d612e3a388d9ac7b50072146c906?s=96&d=mm&r=g","contentUrl":"https:\/\/secure.gravatar.com\/avatar\/9057a81ed6aa6c63f6d0d045749b3708fa15d612e3a388d9ac7b50072146c906?s=96&d=mm&r=g","caption":"dgtpcc.md"},"sameAs":["https:\/\/dgtpcc.md"],"url":"https:\/\/mobilitatechisinau.md\/?author=1"}]}},"_links":{"self":[{"href":"https:\/\/mobilitatechisinau.md\/index.php?rest_route=\/wp\/v2\/posts\/16677","targetHints":{"allow":["GET"]}}],"collection":[{"href":"https:\/\/mobilitatechisinau.md\/index.php?rest_route=\/wp\/v2\/posts"}],"about":[{"href":"https:\/\/mobilitatechisinau.md\/index.php?rest_route=\/wp\/v2\/types\/post"}],"author":[{"embeddable":true,"href":"https:\/\/mobilitatechisinau.md\/index.php?rest_route=\/wp\/v2\/users\/1"}],"replies":[{"embeddable":true,"href":"https:\/\/mobilitatechisinau.md\/index.php?rest_route=%2Fwp%2Fv2%2Fcomments&post=16677"}],"version-history":[{"count":1,"href":"https:\/\/mobilitatechisinau.md\/index.php?rest_route=\/wp\/v2\/posts\/16677\/revisions"}],"predecessor-version":[{"id":16688,"href":"https:\/\/mobilitatechisinau.md\/index.php?rest_route=\/wp\/v2\/posts\/16677\/revisions\/16688"}],"wp:featuredmedia":[{"embeddable":true,"href":"https:\/\/mobilitatechisinau.md\/index.php?rest_route=\/wp\/v2\/media\/16678"}],"wp:attachment":[{"href":"https:\/\/mobilitatechisinau.md\/index.php?rest_route=%2Fwp%2Fv2%2Fmedia&parent=16677"}],"wp:term":[{"taxonomy":"category","embeddable":true,"href":"https:\/\/mobilitatechisinau.md\/index.php?rest_route=%2Fwp%2Fv2%2Fcategories&post=16677"},{"taxonomy":"post_tag","embeddable":true,"href":"https:\/\/mobilitatechisinau.md\/index.php?rest_route=%2Fwp%2Fv2%2Ftags&post=16677"}],"curies":[{"name":"wp","href":"https:\/\/api.w.org\/{rel}","templated":true}]}}