{"id":16689,"date":"2026-01-19T15:24:46","date_gmt":"2026-01-19T13:24:46","guid":{"rendered":"https:\/\/mobilitatechisinau.md\/?p=16689"},"modified":"2026-01-20T15:30:20","modified_gmt":"2026-01-20T13:30:20","slug":"anul-mobilitatii-urbane-in-municipiul-chisinau","status":"publish","type":"post","link":"https:\/\/mobilitatechisinau.md\/?p=16689","title":{"rendered":"Anul mobilit\u0103\u021bii urbane \u00een municipiul Chi\u0219in\u0103u"},"content":{"rendered":"\n<p>\u00cen municipiul Chi\u0219in\u0103u, 2026 va fi declarat anul mobilit\u0103\u021bii urbane.<\/p>\n\n\n\n<p>Un anun\u021b \u00een acest sens fost f\u0103cut de Primarul General, Ion Ceban, \u00een cadrul \u0219edin\u021bei operative s\u0103pt\u0103m\u00e2nale.<\/p>\n\n\n\n<p>Edilul a \u021binut s\u0103 precizeze c\u0103 municipalitatea este pe final cu multe studii \u0219i strategii pe domenii privind mobilitatea, inclusiv viziunea de dezvoltare a mobilit\u0103\u021bii urbane sustenabile \u00een municipiul Chi\u0219in\u0103u, elaborat\u0103 \u00eempreun\u0103 cu partenerii europeni.<\/p>\n\n\n\n<p>Potrivit lui Ion Ceban, toate ac\u021biunile care se impun, legate de reabilitarea infrastructurii urbane de mobilitate, drumuri, trotuare, transport alternativ, parc\u0103ri, trafic \u0219i alte subiecte conexe, trebuie s\u0103 fie luate \u00een vizor \u0219i puse ca prioritate.<\/p>\n\n\n\n<blockquote class=\"wp-block-quote is-layout-flow wp-block-quote-is-layout-flow\">\n<p>\u201eAvem nevoie de perfec\u021bionarea legisla\u021biei la nivel na\u021bional. Acest lucru, cu mare regret, nu depinde de noi. Am \u00eenaintat proiectul cu privire la organizarea \u0219i desf\u0103\u0219urarea tuturor celor necesare pentru parc\u0103ri \u0219i parcaje, nu doar \u00een municipiul Chi\u0219in\u0103u, dar \u0219i pe \u00eentreg teritoriul Republicii Moldova, \u00eens\u0103, nu avem \u00eenc\u0103 un r\u0103spuns clar. Cu regret, la nivel central \u00eenc\u0103 exist\u0103 o discu\u021bie \u00een acest sens, cu explica\u021bii \u0219i am\u00e2n\u0103ri. Parcheaz\u0103 \u0219i deputa\u021bii, parcheaz\u0103 \u0219i mini\u0219trii, fie c\u0103 sunt \u00een complexe reziden\u021biale, la institu\u021bii sau \u00een spa\u021biile publice, fie c\u0103 sunt \u00een Chi\u0219in\u0103u, la B\u0103l\u021bi sau la Comrat\u201d, a spus Primarul General.<\/p>\n<\/blockquote>\n\n\n\n<p>Totodat\u0103, edilul a subliniat c\u0103 municipalitatea are multe activit\u0103\u021bi pe agenda de lucru, indiferent dac\u0103 bugetul este aprobat sau nu.<\/p>\n\n\n\n<blockquote class=\"wp-block-quote is-layout-flow wp-block-quote-is-layout-flow\">\n<p>\u201ePrim\u0103ria Chi\u0219in\u0103u \u00ee\u0219i onoreaz\u0103 toate angajamentele fa\u021b\u0103 de locuitorii capitalei. Tot ceea ce facem, facem pentru oameni. Ne asum\u0103m toate aceste angajamente \u0219i le vom realiza. A\u0219tept ca, \u00eentr-un termen de cel mult dou\u0103 s\u0103pt\u0103m\u00e2ni, s\u0103 fie finalizate toate procesele interne, iar noi s\u0103 ne putem concentra pe parc\u0103ri, trafic, tichetare, drumuri, trotuare, transport alternativ \u0219i alte elemente care sunt p\u0103r\u021bi componente ale acestei viziuni de mobilitate\u201d, a punctat Ion Ceban.<\/p>\n<\/blockquote>\n","protected":false},"excerpt":{"rendered":"<p>\u00cen municipiul Chi\u0219in\u0103u, 2026 va fi declarat anul mobilit\u0103\u021bii urbane. Un anun\u021b \u00een acest sens fost f\u0103cut de Primarul General, Ion Ceban, \u00een cadrul \u0219edin\u021bei operative s\u0103pt\u0103m\u00e2nale. Edilul a \u021binut s\u0103 precizeze c\u0103 municipalitatea este pe final cu multe studii \u0219i strategii pe domenii privind mobilitatea, inclusiv viziunea de dezvoltare a mobilit\u0103\u021bii urbane sustenabile \u00een [&hellip;]<\/p>\n","protected":false},"author":1,"featured_media":0,"comment_status":"closed","ping_status":"open","sticky":false,"template":"","format":"video","meta":{"footnotes":""},"categories":[92],"tags":[],"class_list":["post-16689","post","type-post","status-publish","format-video","hentry","category-comunicate","post_format-post-format-video"],"yoast_head":"<!-- This site is optimized with the Yoast SEO plugin v23.9 - https:\/\/yoast.com\/wordpress\/plugins\/seo\/ -->\n<title>Anul mobilit\u0103\u021bii urbane \u00een municipiul Chi\u0219in\u0103u - mobilitatechisinau.md<\/title>\n<meta name=\"robots\" content=\"index, follow, max-snippet:-1, max-image-preview:large, max-video-preview:-1\" \/>\n<link rel=\"canonical\" href=\"https:\/\/mobilitatechisinau.md\/?p=16689\" \/>\n<meta property=\"og:locale\" content=\"ro_RO\" \/>\n<meta property=\"og:type\" content=\"article\" \/>\n<meta property=\"og:title\" content=\"Anul mobilit\u0103\u021bii urbane \u00een municipiul Chi\u0219in\u0103u - mobilitatechisinau.md\" \/>\n<meta property=\"og:description\" content=\"\u00cen municipiul Chi\u0219in\u0103u, 2026 va fi declarat anul mobilit\u0103\u021bii urbane. Un anun\u021b \u00een acest sens fost f\u0103cut de Primarul General, Ion Ceban, \u00een cadrul \u0219edin\u021bei operative s\u0103pt\u0103m\u00e2nale. Edilul a \u021binut s\u0103 precizeze c\u0103 municipalitatea este pe final cu multe studii \u0219i strategii pe domenii privind mobilitatea, inclusiv viziunea de dezvoltare a mobilit\u0103\u021bii urbane sustenabile \u00een [&hellip;]\" \/>\n<meta property=\"og:url\" content=\"https:\/\/mobilitatechisinau.md\/?p=16689\" \/>\n<meta property=\"og:site_name\" content=\"mobilitatechisinau.md\" \/>\n<meta property=\"article:publisher\" content=\"https:\/\/www.facebook.com\/DGTPCC\" \/>\n<meta property=\"article:published_time\" content=\"2026-01-19T13:24:46+00:00\" \/>\n<meta property=\"article:modified_time\" content=\"2026-01-20T13:30:20+00:00\" \/>\n<meta name=\"author\" content=\"dgtpcc.md\" \/>\n<meta name=\"twitter:card\" content=\"summary_large_image\" \/>\n<meta name=\"twitter:label1\" content=\"Scris de\" \/>\n\t<meta name=\"twitter:data1\" content=\"dgtpcc.md\" \/>\n\t<meta name=\"twitter:label2\" content=\"Timp estimat pentru citire\" \/>\n\t<meta name=\"twitter:data2\" content=\"1 minut\" \/>\n<script type=\"application\/ld+json\" class=\"yoast-schema-graph\">{\"@context\":\"https:\/\/schema.org\",\"@graph\":[{\"@type\":\"Article\",\"@id\":\"https:\/\/mobilitatechisinau.md\/?p=16689#article\",\"isPartOf\":{\"@id\":\"https:\/\/mobilitatechisinau.md\/?p=16689\"},\"author\":{\"name\":\"dgtpcc.md\",\"@id\":\"https:\/\/mobilitatechisinau.md\/#\/schema\/person\/c25d28ff5553bea759689e10224709c7\"},\"headline\":\"Anul mobilit\u0103\u021bii urbane \u00een municipiul Chi\u0219in\u0103u\",\"datePublished\":\"2026-01-19T13:24:46+00:00\",\"dateModified\":\"2026-01-20T13:30:20+00:00\",\"mainEntityOfPage\":{\"@id\":\"https:\/\/mobilitatechisinau.md\/?p=16689\"},\"wordCount\":343,\"publisher\":{\"@id\":\"https:\/\/mobilitatechisinau.md\/#organization\"},\"articleSection\":[\"Comunicate de pres\u0103\"],\"inLanguage\":\"ro-RO\"},{\"@type\":\"WebPage\",\"@id\":\"https:\/\/mobilitatechisinau.md\/?p=16689\",\"url\":\"https:\/\/mobilitatechisinau.md\/?p=16689\",\"name\":\"Anul mobilit\u0103\u021bii urbane \u00een municipiul Chi\u0219in\u0103u - mobilitatechisinau.md\",\"isPartOf\":{\"@id\":\"https:\/\/mobilitatechisinau.md\/#website\"},\"datePublished\":\"2026-01-19T13:24:46+00:00\",\"dateModified\":\"2026-01-20T13:30:20+00:00\",\"breadcrumb\":{\"@id\":\"https:\/\/mobilitatechisinau.md\/?p=16689#breadcrumb\"},\"inLanguage\":\"ro-RO\",\"potentialAction\":[{\"@type\":\"ReadAction\",\"target\":[\"https:\/\/mobilitatechisinau.md\/?p=16689\"]}]},{\"@type\":\"BreadcrumbList\",\"@id\":\"https:\/\/mobilitatechisinau.md\/?p=16689#breadcrumb\",\"itemListElement\":[{\"@type\":\"ListItem\",\"position\":1,\"name\":\"Prima pagin\u0103\",\"item\":\"https:\/\/mobilitatechisinau.md\/\"},{\"@type\":\"ListItem\",\"position\":2,\"name\":\"Anul mobilit\u0103\u021bii urbane \u00een municipiul Chi\u0219in\u0103u\"}]},{\"@type\":\"WebSite\",\"@id\":\"https:\/\/mobilitatechisinau.md\/#website\",\"url\":\"https:\/\/mobilitatechisinau.md\/\",\"name\":\"mobilitatechisinau.md\",\"description\":\"Direc\u0163ia General\u0103 Mobilitate Urban\u0103\",\"publisher\":{\"@id\":\"https:\/\/mobilitatechisinau.md\/#organization\"},\"potentialAction\":[{\"@type\":\"SearchAction\",\"target\":{\"@type\":\"EntryPoint\",\"urlTemplate\":\"https:\/\/mobilitatechisinau.md\/?s={search_term_string}\"},\"query-input\":{\"@type\":\"PropertyValueSpecification\",\"valueRequired\":true,\"valueName\":\"search_term_string\"}}],\"inLanguage\":\"ro-RO\"},{\"@type\":\"Organization\",\"@id\":\"https:\/\/mobilitatechisinau.md\/#organization\",\"name\":\"Direc\u0163ia general\u0103 transport public \u015fi c\u0103i de comunica\u0163ie\",\"url\":\"https:\/\/mobilitatechisinau.md\/\",\"logo\":{\"@type\":\"ImageObject\",\"inLanguage\":\"ro-RO\",\"@id\":\"https:\/\/mobilitatechisinau.md\/#\/schema\/logo\/image\/\",\"url\":\"https:\/\/dgtpcc.md\/wp-content\/uploads\/2022\/05\/DGTPCC-Chis\u0326ina\u0306u-new.jpg\",\"contentUrl\":\"https:\/\/dgtpcc.md\/wp-content\/uploads\/2022\/05\/DGTPCC-Chis\u0326ina\u0306u-new.jpg\",\"width\":304,\"height\":80,\"caption\":\"Direc\u0163ia general\u0103 transport public \u015fi c\u0103i de comunica\u0163ie\"},\"image\":{\"@id\":\"https:\/\/mobilitatechisinau.md\/#\/schema\/logo\/image\/\"},\"sameAs\":[\"https:\/\/www.facebook.com\/DGTPCC\"]},{\"@type\":\"Person\",\"@id\":\"https:\/\/mobilitatechisinau.md\/#\/schema\/person\/c25d28ff5553bea759689e10224709c7\",\"name\":\"dgtpcc.md\",\"image\":{\"@type\":\"ImageObject\",\"inLanguage\":\"ro-RO\",\"@id\":\"https:\/\/mobilitatechisinau.md\/#\/schema\/person\/image\/\",\"url\":\"https:\/\/secure.gravatar.com\/avatar\/9057a81ed6aa6c63f6d0d045749b3708fa15d612e3a388d9ac7b50072146c906?s=96&d=mm&r=g\",\"contentUrl\":\"https:\/\/secure.gravatar.com\/avatar\/9057a81ed6aa6c63f6d0d045749b3708fa15d612e3a388d9ac7b50072146c906?s=96&d=mm&r=g\",\"caption\":\"dgtpcc.md\"},\"sameAs\":[\"https:\/\/dgtpcc.md\"],\"url\":\"https:\/\/mobilitatechisinau.md\/?author=1\"}]}<\/script>\n<!-- \/ Yoast SEO plugin. -->","yoast_head_json":{"title":"Anul mobilit\u0103\u021bii urbane \u00een municipiul Chi\u0219in\u0103u - mobilitatechisinau.md","robots":{"index":"index","follow":"follow","max-snippet":"max-snippet:-1","max-image-preview":"max-image-preview:large","max-video-preview":"max-video-preview:-1"},"canonical":"https:\/\/mobilitatechisinau.md\/?p=16689","og_locale":"ro_RO","og_type":"article","og_title":"Anul mobilit\u0103\u021bii urbane \u00een municipiul Chi\u0219in\u0103u - mobilitatechisinau.md","og_description":"\u00cen municipiul Chi\u0219in\u0103u, 2026 va fi declarat anul mobilit\u0103\u021bii urbane. Un anun\u021b \u00een acest sens fost f\u0103cut de Primarul General, Ion Ceban, \u00een cadrul \u0219edin\u021bei operative s\u0103pt\u0103m\u00e2nale. Edilul a \u021binut s\u0103 precizeze c\u0103 municipalitatea este pe final cu multe studii \u0219i strategii pe domenii privind mobilitatea, inclusiv viziunea de dezvoltare a mobilit\u0103\u021bii urbane sustenabile \u00een [&hellip;]","og_url":"https:\/\/mobilitatechisinau.md\/?p=16689","og_site_name":"mobilitatechisinau.md","article_publisher":"https:\/\/www.facebook.com\/DGTPCC","article_published_time":"2026-01-19T13:24:46+00:00","article_modified_time":"2026-01-20T13:30:20+00:00","author":"dgtpcc.md","twitter_card":"summary_large_image","twitter_misc":{"Scris de":"dgtpcc.md","Timp estimat pentru citire":"1 minut"},"schema":{"@context":"https:\/\/schema.org","@graph":[{"@type":"Article","@id":"https:\/\/mobilitatechisinau.md\/?p=16689#article","isPartOf":{"@id":"https:\/\/mobilitatechisinau.md\/?p=16689"},"author":{"name":"dgtpcc.md","@id":"https:\/\/mobilitatechisinau.md\/#\/schema\/person\/c25d28ff5553bea759689e10224709c7"},"headline":"Anul mobilit\u0103\u021bii urbane \u00een municipiul Chi\u0219in\u0103u","datePublished":"2026-01-19T13:24:46+00:00","dateModified":"2026-01-20T13:30:20+00:00","mainEntityOfPage":{"@id":"https:\/\/mobilitatechisinau.md\/?p=16689"},"wordCount":343,"publisher":{"@id":"https:\/\/mobilitatechisinau.md\/#organization"},"articleSection":["Comunicate de pres\u0103"],"inLanguage":"ro-RO"},{"@type":"WebPage","@id":"https:\/\/mobilitatechisinau.md\/?p=16689","url":"https:\/\/mobilitatechisinau.md\/?p=16689","name":"Anul mobilit\u0103\u021bii urbane \u00een municipiul Chi\u0219in\u0103u - mobilitatechisinau.md","isPartOf":{"@id":"https:\/\/mobilitatechisinau.md\/#website"},"datePublished":"2026-01-19T13:24:46+00:00","dateModified":"2026-01-20T13:30:20+00:00","breadcrumb":{"@id":"https:\/\/mobilitatechisinau.md\/?p=16689#breadcrumb"},"inLanguage":"ro-RO","potentialAction":[{"@type":"ReadAction","target":["https:\/\/mobilitatechisinau.md\/?p=16689"]}]},{"@type":"BreadcrumbList","@id":"https:\/\/mobilitatechisinau.md\/?p=16689#breadcrumb","itemListElement":[{"@type":"ListItem","position":1,"name":"Prima pagin\u0103","item":"https:\/\/mobilitatechisinau.md\/"},{"@type":"ListItem","position":2,"name":"Anul mobilit\u0103\u021bii urbane \u00een municipiul Chi\u0219in\u0103u"}]},{"@type":"WebSite","@id":"https:\/\/mobilitatechisinau.md\/#website","url":"https:\/\/mobilitatechisinau.md\/","name":"mobilitatechisinau.md","description":"Direc\u0163ia General\u0103 Mobilitate Urban\u0103","publisher":{"@id":"https:\/\/mobilitatechisinau.md\/#organization"},"potentialAction":[{"@type":"SearchAction","target":{"@type":"EntryPoint","urlTemplate":"https:\/\/mobilitatechisinau.md\/?s={search_term_string}"},"query-input":{"@type":"PropertyValueSpecification","valueRequired":true,"valueName":"search_term_string"}}],"inLanguage":"ro-RO"},{"@type":"Organization","@id":"https:\/\/mobilitatechisinau.md\/#organization","name":"Direc\u0163ia general\u0103 transport public \u015fi c\u0103i de comunica\u0163ie","url":"https:\/\/mobilitatechisinau.md\/","logo":{"@type":"ImageObject","inLanguage":"ro-RO","@id":"https:\/\/mobilitatechisinau.md\/#\/schema\/logo\/image\/","url":"https:\/\/dgtpcc.md\/wp-content\/uploads\/2022\/05\/DGTPCC-Chis\u0326ina\u0306u-new.jpg","contentUrl":"https:\/\/dgtpcc.md\/wp-content\/uploads\/2022\/05\/DGTPCC-Chis\u0326ina\u0306u-new.jpg","width":304,"height":80,"caption":"Direc\u0163ia general\u0103 transport public \u015fi c\u0103i de comunica\u0163ie"},"image":{"@id":"https:\/\/mobilitatechisinau.md\/#\/schema\/logo\/image\/"},"sameAs":["https:\/\/www.facebook.com\/DGTPCC"]},{"@type":"Person","@id":"https:\/\/mobilitatechisinau.md\/#\/schema\/person\/c25d28ff5553bea759689e10224709c7","name":"dgtpcc.md","image":{"@type":"ImageObject","inLanguage":"ro-RO","@id":"https:\/\/mobilitatechisinau.md\/#\/schema\/person\/image\/","url":"https:\/\/secure.gravatar.com\/avatar\/9057a81ed6aa6c63f6d0d045749b3708fa15d612e3a388d9ac7b50072146c906?s=96&d=mm&r=g","contentUrl":"https:\/\/secure.gravatar.com\/avatar\/9057a81ed6aa6c63f6d0d045749b3708fa15d612e3a388d9ac7b50072146c906?s=96&d=mm&r=g","caption":"dgtpcc.md"},"sameAs":["https:\/\/dgtpcc.md"],"url":"https:\/\/mobilitatechisinau.md\/?author=1"}]}},"_links":{"self":[{"href":"https:\/\/mobilitatechisinau.md\/index.php?rest_route=\/wp\/v2\/posts\/16689","targetHints":{"allow":["GET"]}}],"collection":[{"href":"https:\/\/mobilitatechisinau.md\/index.php?rest_route=\/wp\/v2\/posts"}],"about":[{"href":"https:\/\/mobilitatechisinau.md\/index.php?rest_route=\/wp\/v2\/types\/post"}],"author":[{"embeddable":true,"href":"https:\/\/mobilitatechisinau.md\/index.php?rest_route=\/wp\/v2\/users\/1"}],"replies":[{"embeddable":true,"href":"https:\/\/mobilitatechisinau.md\/index.php?rest_route=%2Fwp%2Fv2%2Fcomments&post=16689"}],"version-history":[{"count":1,"href":"https:\/\/mobilitatechisinau.md\/index.php?rest_route=\/wp\/v2\/posts\/16689\/revisions"}],"predecessor-version":[{"id":16691,"href":"https:\/\/mobilitatechisinau.md\/index.php?rest_route=\/wp\/v2\/posts\/16689\/revisions\/16691"}],"wp:attachment":[{"href":"https:\/\/mobilitatechisinau.md\/index.php?rest_route=%2Fwp%2Fv2%2Fmedia&parent=16689"}],"wp:term":[{"taxonomy":"category","embeddable":true,"href":"https:\/\/mobilitatechisinau.md\/index.php?rest_route=%2Fwp%2Fv2%2Fcategories&post=16689"},{"taxonomy":"post_tag","embeddable":true,"href":"https:\/\/mobilitatechisinau.md\/index.php?rest_route=%2Fwp%2Fv2%2Ftags&post=16689"}],"curies":[{"name":"wp","href":"https:\/\/api.w.org\/{rel}","templated":true}]}}