{"id":16756,"date":"2026-01-30T13:34:58","date_gmt":"2026-01-30T11:34:58","guid":{"rendered":"https:\/\/mobilitatechisinau.md\/?p=16756"},"modified":"2026-02-02T13:41:20","modified_gmt":"2026-02-02T11:41:20","slug":"drumarii-intervin-pentru-siguranta-circulatiei-in-pofida-conditiilor-meteo-nefavorabile","status":"publish","type":"post","link":"https:\/\/mobilitatechisinau.md\/?p=16756","title":{"rendered":"Drumarii intervin pentru siguran\u021ba circula\u021biei, \u00een pofida condi\u021biilor meteo nefavorabile"},"content":{"rendered":"\n<p>\u00cen ultimele 48 de ore, drumarii au intervenit intensiv pentru remedierea degrad\u0103rilor ap\u0103rute pe suprafa\u021ba carosabil\u0103, ca urmare a poleiului \u0219i a ciclurilor repetate de \u00eenghe\u021b\u2013dezghe\u021b. Astfel de lucr\u0103ri sunt realizate anual, ulterior ac\u021biunilor de desz\u0103pezire \u0219i utiliz\u0103rii materialului antiderapant, factori care accelereaz\u0103 uzura asfaltului.<\/p>\n\n\n\n<p>\u00cen prezent, condi\u021biile meteorologice sunt nefavorabile desf\u0103\u0219ur\u0103rii lucr\u0103rilor de amploare, din cauza precipita\u021biilor sub form\u0103 de ploaie \u0219i lapovi\u021b\u0103. Totodat\u0103, Serviciul Hidrometeorologic de Stat a emis pentru aceste zile cod galben de lapovi\u021b\u0103, polei \u0219i sc\u0103dere brusc\u0103 a temperaturilor, situa\u021bie care limiteaz\u0103 interven\u021biile tehnice de durat\u0103.<\/p>\n\n\n\n<p>\u00cen aceste condi\u021bii, se intervine punctual, \u00een zonele cu risc sporit pentru siguran\u021ba circula\u021biei, prin executarea lichid\u0103rilor provizorii cu asfalt frezat, cu scopul de a reduce pericolele pentru participan\u021bii la trafic.<\/p>\n\n\n\n<p>Interven\u021biile ample de remediere a carosabilului vor fi reluate imediat dup\u0103 ameliorarea vremii, odat\u0103 cu revenirea condi\u021biilor tehnice necesare desf\u0103\u0219ur\u0103rii lucr\u0103rilor \u00een condi\u021bii optime.<\/p>\n\n\n\n<figure class=\"wp-block-gallery has-nested-images columns-default is-cropped wp-block-gallery-1 is-layout-flex wp-block-gallery-is-layout-flex\">\n<figure class=\"wp-block-image size-large\"><img fetchpriority=\"high\" decoding=\"async\" width=\"525\" height=\"700\" data-id=\"16751\" src=\"https:\/\/mobilitatechisinau.md\/wp-content\/uploads\/2026\/02\/2-2.jpg\" alt=\"\" class=\"wp-image-16751\" srcset=\"https:\/\/mobilitatechisinau.md\/wp-content\/uploads\/2026\/02\/2-2.jpg 525w, https:\/\/mobilitatechisinau.md\/wp-content\/uploads\/2026\/02\/2-2-225x300.jpg 225w, https:\/\/mobilitatechisinau.md\/wp-content\/uploads\/2026\/02\/2-2-9x12.jpg 9w, https:\/\/mobilitatechisinau.md\/wp-content\/uploads\/2026\/02\/2-2-262x350.jpg 262w\" sizes=\"(max-width: 525px) 100vw, 525px\" \/><\/figure>\n\n\n\n<figure class=\"wp-block-image size-large\"><img decoding=\"async\" width=\"525\" height=\"700\" data-id=\"16750\" src=\"https:\/\/mobilitatechisinau.md\/wp-content\/uploads\/2026\/02\/3-3.jpg\" alt=\"\" class=\"wp-image-16750\" srcset=\"https:\/\/mobilitatechisinau.md\/wp-content\/uploads\/2026\/02\/3-3.jpg 525w, https:\/\/mobilitatechisinau.md\/wp-content\/uploads\/2026\/02\/3-3-225x300.jpg 225w, https:\/\/mobilitatechisinau.md\/wp-content\/uploads\/2026\/02\/3-3-9x12.jpg 9w, https:\/\/mobilitatechisinau.md\/wp-content\/uploads\/2026\/02\/3-3-262x350.jpg 262w\" sizes=\"(max-width: 525px) 100vw, 525px\" \/><\/figure>\n\n\n\n<figure class=\"wp-block-image size-large\"><img decoding=\"async\" width=\"525\" height=\"700\" data-id=\"16749\" src=\"https:\/\/mobilitatechisinau.md\/wp-content\/uploads\/2026\/02\/4-3.jpg\" alt=\"\" class=\"wp-image-16749\" srcset=\"https:\/\/mobilitatechisinau.md\/wp-content\/uploads\/2026\/02\/4-3.jpg 525w, https:\/\/mobilitatechisinau.md\/wp-content\/uploads\/2026\/02\/4-3-225x300.jpg 225w, https:\/\/mobilitatechisinau.md\/wp-content\/uploads\/2026\/02\/4-3-9x12.jpg 9w, https:\/\/mobilitatechisinau.md\/wp-content\/uploads\/2026\/02\/4-3-262x350.jpg 262w\" sizes=\"(max-width: 525px) 100vw, 525px\" \/><\/figure>\n<\/figure>\n","protected":false},"excerpt":{"rendered":"<p>\u00cen ultimele 48 de ore, drumarii au intervenit intensiv pentru remedierea degrad\u0103rilor ap\u0103rute pe suprafa\u021ba carosabil\u0103, ca urmare a poleiului \u0219i a ciclurilor repetate de \u00eenghe\u021b\u2013dezghe\u021b. Astfel de lucr\u0103ri sunt realizate anual, ulterior ac\u021biunilor de desz\u0103pezire \u0219i utiliz\u0103rii materialului antiderapant, factori care accelereaz\u0103 uzura asfaltului. \u00cen prezent, condi\u021biile meteorologice sunt nefavorabile desf\u0103\u0219ur\u0103rii lucr\u0103rilor de amploare, [&hellip;]<\/p>\n","protected":false},"author":1,"featured_media":16752,"comment_status":"closed","ping_status":"open","sticky":false,"template":"","format":"standard","meta":{"footnotes":""},"categories":[92],"tags":[],"class_list":["post-16756","post","type-post","status-publish","format-standard","has-post-thumbnail","hentry","category-comunicate"],"yoast_head":"<!-- This site is optimized with the Yoast SEO plugin v23.9 - https:\/\/yoast.com\/wordpress\/plugins\/seo\/ -->\n<title>Drumarii intervin pentru siguran\u021ba circula\u021biei, \u00een pofida condi\u021biilor meteo nefavorabile - mobilitatechisinau.md<\/title>\n<meta name=\"robots\" content=\"index, follow, max-snippet:-1, max-image-preview:large, max-video-preview:-1\" \/>\n<link rel=\"canonical\" href=\"https:\/\/mobilitatechisinau.md\/?p=16756\" \/>\n<meta property=\"og:locale\" content=\"ro_RO\" \/>\n<meta property=\"og:type\" content=\"article\" \/>\n<meta property=\"og:title\" content=\"Drumarii intervin pentru siguran\u021ba circula\u021biei, \u00een pofida condi\u021biilor meteo nefavorabile - mobilitatechisinau.md\" \/>\n<meta property=\"og:description\" content=\"\u00cen ultimele 48 de ore, drumarii au intervenit intensiv pentru remedierea degrad\u0103rilor ap\u0103rute pe suprafa\u021ba carosabil\u0103, ca urmare a poleiului \u0219i a ciclurilor repetate de \u00eenghe\u021b\u2013dezghe\u021b. Astfel de lucr\u0103ri sunt realizate anual, ulterior ac\u021biunilor de desz\u0103pezire \u0219i utiliz\u0103rii materialului antiderapant, factori care accelereaz\u0103 uzura asfaltului. \u00cen prezent, condi\u021biile meteorologice sunt nefavorabile desf\u0103\u0219ur\u0103rii lucr\u0103rilor de amploare, [&hellip;]\" \/>\n<meta property=\"og:url\" content=\"https:\/\/mobilitatechisinau.md\/?p=16756\" \/>\n<meta property=\"og:site_name\" content=\"mobilitatechisinau.md\" \/>\n<meta property=\"article:publisher\" content=\"https:\/\/www.facebook.com\/DGTPCC\" \/>\n<meta property=\"article:published_time\" content=\"2026-01-30T11:34:58+00:00\" \/>\n<meta property=\"article:modified_time\" content=\"2026-02-02T11:41:20+00:00\" \/>\n<meta property=\"og:image\" content=\"https:\/\/mobilitatechisinau.md\/wp-content\/uploads\/2026\/02\/30.01.jpg\" \/>\n\t<meta property=\"og:image:width\" content=\"1200\" \/>\n\t<meta property=\"og:image:height\" content=\"700\" \/>\n\t<meta property=\"og:image:type\" content=\"image\/jpeg\" \/>\n<meta name=\"author\" content=\"dgtpcc.md\" \/>\n<meta name=\"twitter:card\" content=\"summary_large_image\" \/>\n<meta name=\"twitter:label1\" content=\"Scris de\" \/>\n\t<meta name=\"twitter:data1\" content=\"dgtpcc.md\" \/>\n\t<meta name=\"twitter:label2\" content=\"Timp estimat pentru citire\" \/>\n\t<meta name=\"twitter:data2\" content=\"2 minute\" \/>\n<script type=\"application\/ld+json\" class=\"yoast-schema-graph\">{\"@context\":\"https:\/\/schema.org\",\"@graph\":[{\"@type\":\"Article\",\"@id\":\"https:\/\/mobilitatechisinau.md\/?p=16756#article\",\"isPartOf\":{\"@id\":\"https:\/\/mobilitatechisinau.md\/?p=16756\"},\"author\":{\"name\":\"dgtpcc.md\",\"@id\":\"https:\/\/mobilitatechisinau.md\/#\/schema\/person\/c25d28ff5553bea759689e10224709c7\"},\"headline\":\"Drumarii intervin pentru siguran\u021ba circula\u021biei, \u00een pofida condi\u021biilor meteo nefavorabile\",\"datePublished\":\"2026-01-30T11:34:58+00:00\",\"dateModified\":\"2026-02-02T11:41:20+00:00\",\"mainEntityOfPage\":{\"@id\":\"https:\/\/mobilitatechisinau.md\/?p=16756\"},\"wordCount\":185,\"publisher\":{\"@id\":\"https:\/\/mobilitatechisinau.md\/#organization\"},\"image\":{\"@id\":\"https:\/\/mobilitatechisinau.md\/?p=16756#primaryimage\"},\"thumbnailUrl\":\"https:\/\/mobilitatechisinau.md\/wp-content\/uploads\/2026\/02\/30.01.jpg\",\"articleSection\":[\"Comunicate de pres\u0103\"],\"inLanguage\":\"ro-RO\"},{\"@type\":\"WebPage\",\"@id\":\"https:\/\/mobilitatechisinau.md\/?p=16756\",\"url\":\"https:\/\/mobilitatechisinau.md\/?p=16756\",\"name\":\"Drumarii intervin pentru siguran\u021ba circula\u021biei, \u00een pofida condi\u021biilor meteo nefavorabile - mobilitatechisinau.md\",\"isPartOf\":{\"@id\":\"https:\/\/mobilitatechisinau.md\/#website\"},\"primaryImageOfPage\":{\"@id\":\"https:\/\/mobilitatechisinau.md\/?p=16756#primaryimage\"},\"image\":{\"@id\":\"https:\/\/mobilitatechisinau.md\/?p=16756#primaryimage\"},\"thumbnailUrl\":\"https:\/\/mobilitatechisinau.md\/wp-content\/uploads\/2026\/02\/30.01.jpg\",\"datePublished\":\"2026-01-30T11:34:58+00:00\",\"dateModified\":\"2026-02-02T11:41:20+00:00\",\"breadcrumb\":{\"@id\":\"https:\/\/mobilitatechisinau.md\/?p=16756#breadcrumb\"},\"inLanguage\":\"ro-RO\",\"potentialAction\":[{\"@type\":\"ReadAction\",\"target\":[\"https:\/\/mobilitatechisinau.md\/?p=16756\"]}]},{\"@type\":\"ImageObject\",\"inLanguage\":\"ro-RO\",\"@id\":\"https:\/\/mobilitatechisinau.md\/?p=16756#primaryimage\",\"url\":\"https:\/\/mobilitatechisinau.md\/wp-content\/uploads\/2026\/02\/30.01.jpg\",\"contentUrl\":\"https:\/\/mobilitatechisinau.md\/wp-content\/uploads\/2026\/02\/30.01.jpg\",\"width\":1200,\"height\":700},{\"@type\":\"BreadcrumbList\",\"@id\":\"https:\/\/mobilitatechisinau.md\/?p=16756#breadcrumb\",\"itemListElement\":[{\"@type\":\"ListItem\",\"position\":1,\"name\":\"Prima pagin\u0103\",\"item\":\"https:\/\/mobilitatechisinau.md\/\"},{\"@type\":\"ListItem\",\"position\":2,\"name\":\"Drumarii intervin pentru siguran\u021ba circula\u021biei, \u00een pofida condi\u021biilor meteo nefavorabile\"}]},{\"@type\":\"WebSite\",\"@id\":\"https:\/\/mobilitatechisinau.md\/#website\",\"url\":\"https:\/\/mobilitatechisinau.md\/\",\"name\":\"mobilitatechisinau.md\",\"description\":\"Direc\u0163ia General\u0103 Mobilitate Urban\u0103\",\"publisher\":{\"@id\":\"https:\/\/mobilitatechisinau.md\/#organization\"},\"potentialAction\":[{\"@type\":\"SearchAction\",\"target\":{\"@type\":\"EntryPoint\",\"urlTemplate\":\"https:\/\/mobilitatechisinau.md\/?s={search_term_string}\"},\"query-input\":{\"@type\":\"PropertyValueSpecification\",\"valueRequired\":true,\"valueName\":\"search_term_string\"}}],\"inLanguage\":\"ro-RO\"},{\"@type\":\"Organization\",\"@id\":\"https:\/\/mobilitatechisinau.md\/#organization\",\"name\":\"Direc\u0163ia general\u0103 transport public \u015fi c\u0103i de comunica\u0163ie\",\"url\":\"https:\/\/mobilitatechisinau.md\/\",\"logo\":{\"@type\":\"ImageObject\",\"inLanguage\":\"ro-RO\",\"@id\":\"https:\/\/mobilitatechisinau.md\/#\/schema\/logo\/image\/\",\"url\":\"https:\/\/dgtpcc.md\/wp-content\/uploads\/2022\/05\/DGTPCC-Chis\u0326ina\u0306u-new.jpg\",\"contentUrl\":\"https:\/\/dgtpcc.md\/wp-content\/uploads\/2022\/05\/DGTPCC-Chis\u0326ina\u0306u-new.jpg\",\"width\":304,\"height\":80,\"caption\":\"Direc\u0163ia general\u0103 transport public \u015fi c\u0103i de comunica\u0163ie\"},\"image\":{\"@id\":\"https:\/\/mobilitatechisinau.md\/#\/schema\/logo\/image\/\"},\"sameAs\":[\"https:\/\/www.facebook.com\/DGTPCC\"]},{\"@type\":\"Person\",\"@id\":\"https:\/\/mobilitatechisinau.md\/#\/schema\/person\/c25d28ff5553bea759689e10224709c7\",\"name\":\"dgtpcc.md\",\"image\":{\"@type\":\"ImageObject\",\"inLanguage\":\"ro-RO\",\"@id\":\"https:\/\/mobilitatechisinau.md\/#\/schema\/person\/image\/\",\"url\":\"https:\/\/secure.gravatar.com\/avatar\/9057a81ed6aa6c63f6d0d045749b3708fa15d612e3a388d9ac7b50072146c906?s=96&d=mm&r=g\",\"contentUrl\":\"https:\/\/secure.gravatar.com\/avatar\/9057a81ed6aa6c63f6d0d045749b3708fa15d612e3a388d9ac7b50072146c906?s=96&d=mm&r=g\",\"caption\":\"dgtpcc.md\"},\"sameAs\":[\"https:\/\/dgtpcc.md\"],\"url\":\"https:\/\/mobilitatechisinau.md\/?author=1\"}]}<\/script>\n<!-- \/ Yoast SEO plugin. -->","yoast_head_json":{"title":"Drumarii intervin pentru siguran\u021ba circula\u021biei, \u00een pofida condi\u021biilor meteo nefavorabile - mobilitatechisinau.md","robots":{"index":"index","follow":"follow","max-snippet":"max-snippet:-1","max-image-preview":"max-image-preview:large","max-video-preview":"max-video-preview:-1"},"canonical":"https:\/\/mobilitatechisinau.md\/?p=16756","og_locale":"ro_RO","og_type":"article","og_title":"Drumarii intervin pentru siguran\u021ba circula\u021biei, \u00een pofida condi\u021biilor meteo nefavorabile - mobilitatechisinau.md","og_description":"\u00cen ultimele 48 de ore, drumarii au intervenit intensiv pentru remedierea degrad\u0103rilor ap\u0103rute pe suprafa\u021ba carosabil\u0103, ca urmare a poleiului \u0219i a ciclurilor repetate de \u00eenghe\u021b\u2013dezghe\u021b. Astfel de lucr\u0103ri sunt realizate anual, ulterior ac\u021biunilor de desz\u0103pezire \u0219i utiliz\u0103rii materialului antiderapant, factori care accelereaz\u0103 uzura asfaltului. \u00cen prezent, condi\u021biile meteorologice sunt nefavorabile desf\u0103\u0219ur\u0103rii lucr\u0103rilor de amploare, [&hellip;]","og_url":"https:\/\/mobilitatechisinau.md\/?p=16756","og_site_name":"mobilitatechisinau.md","article_publisher":"https:\/\/www.facebook.com\/DGTPCC","article_published_time":"2026-01-30T11:34:58+00:00","article_modified_time":"2026-02-02T11:41:20+00:00","og_image":[{"width":1200,"height":700,"url":"https:\/\/mobilitatechisinau.md\/wp-content\/uploads\/2026\/02\/30.01.jpg","type":"image\/jpeg"}],"author":"dgtpcc.md","twitter_card":"summary_large_image","twitter_misc":{"Scris de":"dgtpcc.md","Timp estimat pentru citire":"2 minute"},"schema":{"@context":"https:\/\/schema.org","@graph":[{"@type":"Article","@id":"https:\/\/mobilitatechisinau.md\/?p=16756#article","isPartOf":{"@id":"https:\/\/mobilitatechisinau.md\/?p=16756"},"author":{"name":"dgtpcc.md","@id":"https:\/\/mobilitatechisinau.md\/#\/schema\/person\/c25d28ff5553bea759689e10224709c7"},"headline":"Drumarii intervin pentru siguran\u021ba circula\u021biei, \u00een pofida condi\u021biilor meteo nefavorabile","datePublished":"2026-01-30T11:34:58+00:00","dateModified":"2026-02-02T11:41:20+00:00","mainEntityOfPage":{"@id":"https:\/\/mobilitatechisinau.md\/?p=16756"},"wordCount":185,"publisher":{"@id":"https:\/\/mobilitatechisinau.md\/#organization"},"image":{"@id":"https:\/\/mobilitatechisinau.md\/?p=16756#primaryimage"},"thumbnailUrl":"https:\/\/mobilitatechisinau.md\/wp-content\/uploads\/2026\/02\/30.01.jpg","articleSection":["Comunicate de pres\u0103"],"inLanguage":"ro-RO"},{"@type":"WebPage","@id":"https:\/\/mobilitatechisinau.md\/?p=16756","url":"https:\/\/mobilitatechisinau.md\/?p=16756","name":"Drumarii intervin pentru siguran\u021ba circula\u021biei, \u00een pofida condi\u021biilor meteo nefavorabile - mobilitatechisinau.md","isPartOf":{"@id":"https:\/\/mobilitatechisinau.md\/#website"},"primaryImageOfPage":{"@id":"https:\/\/mobilitatechisinau.md\/?p=16756#primaryimage"},"image":{"@id":"https:\/\/mobilitatechisinau.md\/?p=16756#primaryimage"},"thumbnailUrl":"https:\/\/mobilitatechisinau.md\/wp-content\/uploads\/2026\/02\/30.01.jpg","datePublished":"2026-01-30T11:34:58+00:00","dateModified":"2026-02-02T11:41:20+00:00","breadcrumb":{"@id":"https:\/\/mobilitatechisinau.md\/?p=16756#breadcrumb"},"inLanguage":"ro-RO","potentialAction":[{"@type":"ReadAction","target":["https:\/\/mobilitatechisinau.md\/?p=16756"]}]},{"@type":"ImageObject","inLanguage":"ro-RO","@id":"https:\/\/mobilitatechisinau.md\/?p=16756#primaryimage","url":"https:\/\/mobilitatechisinau.md\/wp-content\/uploads\/2026\/02\/30.01.jpg","contentUrl":"https:\/\/mobilitatechisinau.md\/wp-content\/uploads\/2026\/02\/30.01.jpg","width":1200,"height":700},{"@type":"BreadcrumbList","@id":"https:\/\/mobilitatechisinau.md\/?p=16756#breadcrumb","itemListElement":[{"@type":"ListItem","position":1,"name":"Prima pagin\u0103","item":"https:\/\/mobilitatechisinau.md\/"},{"@type":"ListItem","position":2,"name":"Drumarii intervin pentru siguran\u021ba circula\u021biei, \u00een pofida condi\u021biilor meteo nefavorabile"}]},{"@type":"WebSite","@id":"https:\/\/mobilitatechisinau.md\/#website","url":"https:\/\/mobilitatechisinau.md\/","name":"mobilitatechisinau.md","description":"Direc\u0163ia General\u0103 Mobilitate Urban\u0103","publisher":{"@id":"https:\/\/mobilitatechisinau.md\/#organization"},"potentialAction":[{"@type":"SearchAction","target":{"@type":"EntryPoint","urlTemplate":"https:\/\/mobilitatechisinau.md\/?s={search_term_string}"},"query-input":{"@type":"PropertyValueSpecification","valueRequired":true,"valueName":"search_term_string"}}],"inLanguage":"ro-RO"},{"@type":"Organization","@id":"https:\/\/mobilitatechisinau.md\/#organization","name":"Direc\u0163ia general\u0103 transport public \u015fi c\u0103i de comunica\u0163ie","url":"https:\/\/mobilitatechisinau.md\/","logo":{"@type":"ImageObject","inLanguage":"ro-RO","@id":"https:\/\/mobilitatechisinau.md\/#\/schema\/logo\/image\/","url":"https:\/\/dgtpcc.md\/wp-content\/uploads\/2022\/05\/DGTPCC-Chis\u0326ina\u0306u-new.jpg","contentUrl":"https:\/\/dgtpcc.md\/wp-content\/uploads\/2022\/05\/DGTPCC-Chis\u0326ina\u0306u-new.jpg","width":304,"height":80,"caption":"Direc\u0163ia general\u0103 transport public \u015fi c\u0103i de comunica\u0163ie"},"image":{"@id":"https:\/\/mobilitatechisinau.md\/#\/schema\/logo\/image\/"},"sameAs":["https:\/\/www.facebook.com\/DGTPCC"]},{"@type":"Person","@id":"https:\/\/mobilitatechisinau.md\/#\/schema\/person\/c25d28ff5553bea759689e10224709c7","name":"dgtpcc.md","image":{"@type":"ImageObject","inLanguage":"ro-RO","@id":"https:\/\/mobilitatechisinau.md\/#\/schema\/person\/image\/","url":"https:\/\/secure.gravatar.com\/avatar\/9057a81ed6aa6c63f6d0d045749b3708fa15d612e3a388d9ac7b50072146c906?s=96&d=mm&r=g","contentUrl":"https:\/\/secure.gravatar.com\/avatar\/9057a81ed6aa6c63f6d0d045749b3708fa15d612e3a388d9ac7b50072146c906?s=96&d=mm&r=g","caption":"dgtpcc.md"},"sameAs":["https:\/\/dgtpcc.md"],"url":"https:\/\/mobilitatechisinau.md\/?author=1"}]}},"_links":{"self":[{"href":"https:\/\/mobilitatechisinau.md\/index.php?rest_route=\/wp\/v2\/posts\/16756","targetHints":{"allow":["GET"]}}],"collection":[{"href":"https:\/\/mobilitatechisinau.md\/index.php?rest_route=\/wp\/v2\/posts"}],"about":[{"href":"https:\/\/mobilitatechisinau.md\/index.php?rest_route=\/wp\/v2\/types\/post"}],"author":[{"embeddable":true,"href":"https:\/\/mobilitatechisinau.md\/index.php?rest_route=\/wp\/v2\/users\/1"}],"replies":[{"embeddable":true,"href":"https:\/\/mobilitatechisinau.md\/index.php?rest_route=%2Fwp%2Fv2%2Fcomments&post=16756"}],"version-history":[{"count":1,"href":"https:\/\/mobilitatechisinau.md\/index.php?rest_route=\/wp\/v2\/posts\/16756\/revisions"}],"predecessor-version":[{"id":16757,"href":"https:\/\/mobilitatechisinau.md\/index.php?rest_route=\/wp\/v2\/posts\/16756\/revisions\/16757"}],"wp:featuredmedia":[{"embeddable":true,"href":"https:\/\/mobilitatechisinau.md\/index.php?rest_route=\/wp\/v2\/media\/16752"}],"wp:attachment":[{"href":"https:\/\/mobilitatechisinau.md\/index.php?rest_route=%2Fwp%2Fv2%2Fmedia&parent=16756"}],"wp:term":[{"taxonomy":"category","embeddable":true,"href":"https:\/\/mobilitatechisinau.md\/index.php?rest_route=%2Fwp%2Fv2%2Fcategories&post=16756"},{"taxonomy":"post_tag","embeddable":true,"href":"https:\/\/mobilitatechisinau.md\/index.php?rest_route=%2Fwp%2Fv2%2Ftags&post=16756"}],"curies":[{"name":"wp","href":"https:\/\/api.w.org\/{rel}","templated":true}]}}