{"id":16762,"date":"2026-02-02T11:11:35","date_gmt":"2026-02-02T09:11:35","guid":{"rendered":"https:\/\/mobilitatechisinau.md\/?p=16762"},"modified":"2026-02-03T11:25:35","modified_gmt":"2026-02-03T09:25:35","slug":"lucrari-de-reparatie-si-intretinere-a-infrastructurii-rutiere-municipale-executate-pe-parcursul-saptamanii-trecute-75","status":"publish","type":"post","link":"https:\/\/mobilitatechisinau.md\/?p=16762","title":{"rendered":"Lucr\u0103ri de repara\u021bie \u0219i \u00eentre\u021binere a infrastructurii rutiere municipale executate pe parcursul s\u0103pt\u0103m\u00e2nii trecute"},"content":{"rendered":"\n<p>\u00cen perioada 26 ianuarie \u2013 1 februarie, Regia \u201eExdrupo\u201d a desf\u0103\u0219urat zilnic lucr\u0103ri de \u00eentre\u021binere a infrastructurii rutiere, cu scopul reducerii efectelor sezonului rece asupra carosabilului \u0219i men\u021binerii circula\u021biei \u00een condi\u021bii de siguran\u021b\u0103. Interven\u021biile au vizat remedierea operativ\u0103 a degrad\u0103rilor ap\u0103rute pe drumuri, ca urmare a poleiului \u0219i a ciclurilor repetate de \u00eenghe\u021b\u2013dezghe\u021b, fenomene care, anual, genereaz\u0103 deterior\u0103ri ale suprafe\u021bei carosabile dup\u0103 ac\u021biunile de desz\u0103pezire \u0219i utilizarea materialului antiderapant.<\/p>\n\n\n\n<p>Lucr\u0103rile au fost executate pe 24 de str\u0103zi din toate sectoarele municipiului, incluz\u00e2nd artere intens circulate \u0219i c\u0103i de acces importante, iar \u00een s\u0103pt\u0103m\u00e2na curent\u0103 acestea se vor desf\u0103\u0219ura cu program extins, \u015fi pe timp de noapte, dar \u0219i \u00een weekend. Totodat\u0103, au fost desf\u0103\u0219urate ac\u021biuni de salubrizare manual\u0103, prin cur\u0103\u021barea carosabilului de z\u0103pad\u0103, ghea\u021b\u0103 \u0219i material antiderapant acumulat.<\/p>\n\n\n\n<p>Pentru asigurarea scurgerii apelor meteorice, au fost realizate lucr\u0103ri de cur\u0103\u021bare a canaliz\u0103rii pluviale \u0219i de \u00eenl\u0103turare a dopurilor de z\u0103pad\u0103, fiind supuse interven\u021biilor aproximativ 300 de receptoare \u0219i guri de captare, iar alte elemente ale re\u021belei au fost reparate. \u00cen vederea men\u021binerii siguran\u021bei traficului rutier, au fost deservite circa 100 de indicatoare rutiere \u0219i instalate 40 de indicatoare noi, fiind totodat\u0103 \u00eendrepta\u021bi sau \u00eenlocui\u021bi mai mul\u021bi piloni de protec\u021bie, de delimitare a accesului \u0219i deliniatori.<\/p>\n\n\n\n<p>\u00cen paralel, \u00een cadrul ac\u021biunilor de desz\u0103pezire \u0219i prevenire a form\u0103rii poleiului, au fost monitorizate constant arterele principale \u0219i secundare, podurile rutiere \u0219i c\u0103ile de acces spre suburbii, intervenindu-se operativ prin cur\u0103\u021bare \u0219i aplicarea materialului antiderapant, pentru men\u021binerea fluen\u021bei traficului. Lucr\u0103ri manuale de cur\u0103\u021bare \u0219i pres\u0103rare cu sare \u0219i nisip au fost efectuate \u00een pasajele subterane, pe trotuarele podurilor, la trecerile pentru pietoni \u0219i \u00een perimetrele sta\u021biilor de transport public, cu reveniri repetate \u00een zonele cu risc sporit.<\/p>\n\n\n\n<p>Pentru realizarea tuturor interven\u021biilor au fost mobilizate integral utilajele disponibile, precum \u0219i echipele de muncitori rutieri. Lucr\u0103rile de \u00eentre\u021binere a infrastructurii rutiere vor continua \u0219i pe parcursul s\u0103pt\u0103m\u00e2nii curente.<\/p>\n\n\n\n<figure class=\"wp-block-gallery has-nested-images columns-default is-cropped wp-block-gallery-1 is-layout-flex wp-block-gallery-is-layout-flex\">\n<figure class=\"wp-block-image size-large\"><img fetchpriority=\"high\" decoding=\"async\" width=\"525\" height=\"700\" data-id=\"16764\" src=\"https:\/\/mobilitatechisinau.md\/wp-content\/uploads\/2026\/02\/1-3.jpg\" alt=\"\" class=\"wp-image-16764\" srcset=\"https:\/\/mobilitatechisinau.md\/wp-content\/uploads\/2026\/02\/1-3.jpg 525w, https:\/\/mobilitatechisinau.md\/wp-content\/uploads\/2026\/02\/1-3-225x300.jpg 225w, https:\/\/mobilitatechisinau.md\/wp-content\/uploads\/2026\/02\/1-3-9x12.jpg 9w, https:\/\/mobilitatechisinau.md\/wp-content\/uploads\/2026\/02\/1-3-262x350.jpg 262w\" sizes=\"(max-width: 525px) 100vw, 525px\" \/><\/figure>\n\n\n\n<figure class=\"wp-block-image size-large\"><img decoding=\"async\" width=\"525\" height=\"700\" data-id=\"16768\" src=\"https:\/\/mobilitatechisinau.md\/wp-content\/uploads\/2026\/02\/2-3.jpg\" alt=\"\" class=\"wp-image-16768\" srcset=\"https:\/\/mobilitatechisinau.md\/wp-content\/uploads\/2026\/02\/2-3.jpg 525w, https:\/\/mobilitatechisinau.md\/wp-content\/uploads\/2026\/02\/2-3-225x300.jpg 225w, https:\/\/mobilitatechisinau.md\/wp-content\/uploads\/2026\/02\/2-3-9x12.jpg 9w, https:\/\/mobilitatechisinau.md\/wp-content\/uploads\/2026\/02\/2-3-262x350.jpg 262w\" sizes=\"(max-width: 525px) 100vw, 525px\" \/><\/figure>\n\n\n\n<figure class=\"wp-block-image size-large\"><img decoding=\"async\" width=\"525\" height=\"700\" data-id=\"16766\" src=\"https:\/\/mobilitatechisinau.md\/wp-content\/uploads\/2026\/02\/3-4.jpg\" alt=\"\" class=\"wp-image-16766\" srcset=\"https:\/\/mobilitatechisinau.md\/wp-content\/uploads\/2026\/02\/3-4.jpg 525w, https:\/\/mobilitatechisinau.md\/wp-content\/uploads\/2026\/02\/3-4-225x300.jpg 225w, https:\/\/mobilitatechisinau.md\/wp-content\/uploads\/2026\/02\/3-4-9x12.jpg 9w, https:\/\/mobilitatechisinau.md\/wp-content\/uploads\/2026\/02\/3-4-262x350.jpg 262w\" sizes=\"(max-width: 525px) 100vw, 525px\" \/><\/figure>\n\n\n\n<figure class=\"wp-block-image size-large\"><img loading=\"lazy\" decoding=\"async\" width=\"1024\" height=\"577\" data-id=\"16771\" src=\"https:\/\/mobilitatechisinau.md\/wp-content\/uploads\/2026\/02\/4-4-1024x577.jpg\" alt=\"\" class=\"wp-image-16771\" srcset=\"https:\/\/mobilitatechisinau.md\/wp-content\/uploads\/2026\/02\/4-4-1024x577.jpg 1024w, https:\/\/mobilitatechisinau.md\/wp-content\/uploads\/2026\/02\/4-4-300x169.jpg 300w, https:\/\/mobilitatechisinau.md\/wp-content\/uploads\/2026\/02\/4-4-768x433.jpg 768w, https:\/\/mobilitatechisinau.md\/wp-content\/uploads\/2026\/02\/4-4-18x10.jpg 18w, https:\/\/mobilitatechisinau.md\/wp-content\/uploads\/2026\/02\/4-4-600x338.jpg 600w, https:\/\/mobilitatechisinau.md\/wp-content\/uploads\/2026\/02\/4-4.jpg 1200w\" sizes=\"(max-width: 1024px) 100vw, 1024px\" \/><\/figure>\n\n\n\n<figure class=\"wp-block-image size-large\"><img loading=\"lazy\" decoding=\"async\" width=\"525\" height=\"700\" data-id=\"16765\" src=\"https:\/\/mobilitatechisinau.md\/wp-content\/uploads\/2026\/02\/5-3.jpg\" alt=\"\" class=\"wp-image-16765\" srcset=\"https:\/\/mobilitatechisinau.md\/wp-content\/uploads\/2026\/02\/5-3.jpg 525w, https:\/\/mobilitatechisinau.md\/wp-content\/uploads\/2026\/02\/5-3-225x300.jpg 225w, https:\/\/mobilitatechisinau.md\/wp-content\/uploads\/2026\/02\/5-3-9x12.jpg 9w, https:\/\/mobilitatechisinau.md\/wp-content\/uploads\/2026\/02\/5-3-262x350.jpg 262w\" sizes=\"(max-width: 525px) 100vw, 525px\" \/><\/figure>\n\n\n\n<figure class=\"wp-block-image size-large\"><img loading=\"lazy\" decoding=\"async\" width=\"525\" height=\"700\" data-id=\"16772\" src=\"https:\/\/mobilitatechisinau.md\/wp-content\/uploads\/2026\/02\/6-3.jpg\" alt=\"\" class=\"wp-image-16772\" srcset=\"https:\/\/mobilitatechisinau.md\/wp-content\/uploads\/2026\/02\/6-3.jpg 525w, https:\/\/mobilitatechisinau.md\/wp-content\/uploads\/2026\/02\/6-3-225x300.jpg 225w, https:\/\/mobilitatechisinau.md\/wp-content\/uploads\/2026\/02\/6-3-9x12.jpg 9w, https:\/\/mobilitatechisinau.md\/wp-content\/uploads\/2026\/02\/6-3-262x350.jpg 262w\" sizes=\"(max-width: 525px) 100vw, 525px\" \/><\/figure>\n\n\n\n<figure class=\"wp-block-image size-large\"><img loading=\"lazy\" decoding=\"async\" width=\"525\" height=\"700\" data-id=\"16770\" src=\"https:\/\/mobilitatechisinau.md\/wp-content\/uploads\/2026\/02\/7-3.jpg\" alt=\"\" class=\"wp-image-16770\" srcset=\"https:\/\/mobilitatechisinau.md\/wp-content\/uploads\/2026\/02\/7-3.jpg 525w, https:\/\/mobilitatechisinau.md\/wp-content\/uploads\/2026\/02\/7-3-225x300.jpg 225w, https:\/\/mobilitatechisinau.md\/wp-content\/uploads\/2026\/02\/7-3-9x12.jpg 9w, https:\/\/mobilitatechisinau.md\/wp-content\/uploads\/2026\/02\/7-3-262x350.jpg 262w\" sizes=\"(max-width: 525px) 100vw, 525px\" \/><\/figure>\n\n\n\n<figure class=\"wp-block-image size-large\"><img loading=\"lazy\" decoding=\"async\" width=\"525\" height=\"700\" data-id=\"16769\" src=\"https:\/\/mobilitatechisinau.md\/wp-content\/uploads\/2026\/02\/8-2.jpg\" alt=\"\" class=\"wp-image-16769\" srcset=\"https:\/\/mobilitatechisinau.md\/wp-content\/uploads\/2026\/02\/8-2.jpg 525w, https:\/\/mobilitatechisinau.md\/wp-content\/uploads\/2026\/02\/8-2-225x300.jpg 225w, https:\/\/mobilitatechisinau.md\/wp-content\/uploads\/2026\/02\/8-2-9x12.jpg 9w, https:\/\/mobilitatechisinau.md\/wp-content\/uploads\/2026\/02\/8-2-262x350.jpg 262w\" sizes=\"(max-width: 525px) 100vw, 525px\" \/><\/figure>\n\n\n\n<figure class=\"wp-block-image size-large\"><img loading=\"lazy\" decoding=\"async\" width=\"525\" height=\"700\" data-id=\"16767\" src=\"https:\/\/mobilitatechisinau.md\/wp-content\/uploads\/2026\/02\/11-2.jpg\" alt=\"\" class=\"wp-image-16767\" srcset=\"https:\/\/mobilitatechisinau.md\/wp-content\/uploads\/2026\/02\/11-2.jpg 525w, https:\/\/mobilitatechisinau.md\/wp-content\/uploads\/2026\/02\/11-2-225x300.jpg 225w, https:\/\/mobilitatechisinau.md\/wp-content\/uploads\/2026\/02\/11-2-9x12.jpg 9w, https:\/\/mobilitatechisinau.md\/wp-content\/uploads\/2026\/02\/11-2-262x350.jpg 262w\" sizes=\"(max-width: 525px) 100vw, 525px\" \/><\/figure>\n<\/figure>\n","protected":false},"excerpt":{"rendered":"<p>\u00cen perioada 26 ianuarie \u2013 1 februarie, Regia \u201eExdrupo\u201d a desf\u0103\u0219urat zilnic lucr\u0103ri de \u00eentre\u021binere a infrastructurii rutiere, cu scopul reducerii efectelor sezonului rece asupra carosabilului \u0219i men\u021binerii circula\u021biei \u00een condi\u021bii de siguran\u021b\u0103. Interven\u021biile au vizat remedierea operativ\u0103 a degrad\u0103rilor ap\u0103rute pe drumuri, ca urmare a poleiului \u0219i a ciclurilor repetate de \u00eenghe\u021b\u2013dezghe\u021b, fenomene care, [&hellip;]<\/p>\n","protected":false},"author":1,"featured_media":16763,"comment_status":"closed","ping_status":"open","sticky":false,"template":"","format":"standard","meta":{"footnotes":""},"categories":[92],"tags":[],"class_list":["post-16762","post","type-post","status-publish","format-standard","has-post-thumbnail","hentry","category-comunicate"],"yoast_head":"<!-- This site is optimized with the Yoast SEO plugin v23.9 - https:\/\/yoast.com\/wordpress\/plugins\/seo\/ -->\n<title>Lucr\u0103ri de repara\u021bie \u0219i \u00eentre\u021binere a infrastructurii rutiere municipale executate pe parcursul s\u0103pt\u0103m\u00e2nii trecute - mobilitatechisinau.md<\/title>\n<meta name=\"robots\" content=\"index, follow, max-snippet:-1, max-image-preview:large, max-video-preview:-1\" \/>\n<link rel=\"canonical\" href=\"https:\/\/mobilitatechisinau.md\/?p=16762\" \/>\n<meta property=\"og:locale\" content=\"ro_RO\" \/>\n<meta property=\"og:type\" content=\"article\" \/>\n<meta property=\"og:title\" content=\"Lucr\u0103ri de repara\u021bie \u0219i \u00eentre\u021binere a infrastructurii rutiere municipale executate pe parcursul s\u0103pt\u0103m\u00e2nii trecute - mobilitatechisinau.md\" \/>\n<meta property=\"og:description\" content=\"\u00cen perioada 26 ianuarie \u2013 1 februarie, Regia \u201eExdrupo\u201d a desf\u0103\u0219urat zilnic lucr\u0103ri de \u00eentre\u021binere a infrastructurii rutiere, cu scopul reducerii efectelor sezonului rece asupra carosabilului \u0219i men\u021binerii circula\u021biei \u00een condi\u021bii de siguran\u021b\u0103. Interven\u021biile au vizat remedierea operativ\u0103 a degrad\u0103rilor ap\u0103rute pe drumuri, ca urmare a poleiului \u0219i a ciclurilor repetate de \u00eenghe\u021b\u2013dezghe\u021b, fenomene care, [&hellip;]\" \/>\n<meta property=\"og:url\" content=\"https:\/\/mobilitatechisinau.md\/?p=16762\" \/>\n<meta property=\"og:site_name\" content=\"mobilitatechisinau.md\" \/>\n<meta property=\"article:publisher\" content=\"https:\/\/www.facebook.com\/DGTPCC\" \/>\n<meta property=\"article:published_time\" content=\"2026-02-02T09:11:35+00:00\" \/>\n<meta property=\"article:modified_time\" content=\"2026-02-03T09:25:35+00:00\" \/>\n<meta property=\"og:image\" content=\"https:\/\/mobilitatechisinau.md\/wp-content\/uploads\/2026\/02\/02.02.jpg\" \/>\n\t<meta property=\"og:image:width\" content=\"1200\" \/>\n\t<meta property=\"og:image:height\" content=\"700\" \/>\n\t<meta property=\"og:image:type\" content=\"image\/jpeg\" \/>\n<meta name=\"author\" content=\"dgtpcc.md\" \/>\n<meta name=\"twitter:card\" content=\"summary_large_image\" \/>\n<meta name=\"twitter:label1\" content=\"Scris de\" \/>\n\t<meta name=\"twitter:data1\" content=\"dgtpcc.md\" \/>\n\t<meta name=\"twitter:label2\" content=\"Timp estimat pentru citire\" \/>\n\t<meta name=\"twitter:data2\" content=\"4 minute\" \/>\n<script type=\"application\/ld+json\" class=\"yoast-schema-graph\">{\"@context\":\"https:\/\/schema.org\",\"@graph\":[{\"@type\":\"Article\",\"@id\":\"https:\/\/mobilitatechisinau.md\/?p=16762#article\",\"isPartOf\":{\"@id\":\"https:\/\/mobilitatechisinau.md\/?p=16762\"},\"author\":{\"name\":\"dgtpcc.md\",\"@id\":\"https:\/\/mobilitatechisinau.md\/#\/schema\/person\/c25d28ff5553bea759689e10224709c7\"},\"headline\":\"Lucr\u0103ri de repara\u021bie \u0219i \u00eentre\u021binere a infrastructurii rutiere municipale executate pe parcursul s\u0103pt\u0103m\u00e2nii trecute\",\"datePublished\":\"2026-02-02T09:11:35+00:00\",\"dateModified\":\"2026-02-03T09:25:35+00:00\",\"mainEntityOfPage\":{\"@id\":\"https:\/\/mobilitatechisinau.md\/?p=16762\"},\"wordCount\":380,\"publisher\":{\"@id\":\"https:\/\/mobilitatechisinau.md\/#organization\"},\"image\":{\"@id\":\"https:\/\/mobilitatechisinau.md\/?p=16762#primaryimage\"},\"thumbnailUrl\":\"https:\/\/mobilitatechisinau.md\/wp-content\/uploads\/2026\/02\/02.02.jpg\",\"articleSection\":[\"Comunicate de pres\u0103\"],\"inLanguage\":\"ro-RO\"},{\"@type\":\"WebPage\",\"@id\":\"https:\/\/mobilitatechisinau.md\/?p=16762\",\"url\":\"https:\/\/mobilitatechisinau.md\/?p=16762\",\"name\":\"Lucr\u0103ri de repara\u021bie \u0219i \u00eentre\u021binere a infrastructurii rutiere municipale executate pe parcursul s\u0103pt\u0103m\u00e2nii trecute - mobilitatechisinau.md\",\"isPartOf\":{\"@id\":\"https:\/\/mobilitatechisinau.md\/#website\"},\"primaryImageOfPage\":{\"@id\":\"https:\/\/mobilitatechisinau.md\/?p=16762#primaryimage\"},\"image\":{\"@id\":\"https:\/\/mobilitatechisinau.md\/?p=16762#primaryimage\"},\"thumbnailUrl\":\"https:\/\/mobilitatechisinau.md\/wp-content\/uploads\/2026\/02\/02.02.jpg\",\"datePublished\":\"2026-02-02T09:11:35+00:00\",\"dateModified\":\"2026-02-03T09:25:35+00:00\",\"breadcrumb\":{\"@id\":\"https:\/\/mobilitatechisinau.md\/?p=16762#breadcrumb\"},\"inLanguage\":\"ro-RO\",\"potentialAction\":[{\"@type\":\"ReadAction\",\"target\":[\"https:\/\/mobilitatechisinau.md\/?p=16762\"]}]},{\"@type\":\"ImageObject\",\"inLanguage\":\"ro-RO\",\"@id\":\"https:\/\/mobilitatechisinau.md\/?p=16762#primaryimage\",\"url\":\"https:\/\/mobilitatechisinau.md\/wp-content\/uploads\/2026\/02\/02.02.jpg\",\"contentUrl\":\"https:\/\/mobilitatechisinau.md\/wp-content\/uploads\/2026\/02\/02.02.jpg\",\"width\":1200,\"height\":700},{\"@type\":\"BreadcrumbList\",\"@id\":\"https:\/\/mobilitatechisinau.md\/?p=16762#breadcrumb\",\"itemListElement\":[{\"@type\":\"ListItem\",\"position\":1,\"name\":\"Prima pagin\u0103\",\"item\":\"https:\/\/mobilitatechisinau.md\/\"},{\"@type\":\"ListItem\",\"position\":2,\"name\":\"Lucr\u0103ri de repara\u021bie \u0219i \u00eentre\u021binere a infrastructurii rutiere municipale executate pe parcursul s\u0103pt\u0103m\u00e2nii trecute\"}]},{\"@type\":\"WebSite\",\"@id\":\"https:\/\/mobilitatechisinau.md\/#website\",\"url\":\"https:\/\/mobilitatechisinau.md\/\",\"name\":\"mobilitatechisinau.md\",\"description\":\"Direc\u0163ia General\u0103 Mobilitate Urban\u0103\",\"publisher\":{\"@id\":\"https:\/\/mobilitatechisinau.md\/#organization\"},\"potentialAction\":[{\"@type\":\"SearchAction\",\"target\":{\"@type\":\"EntryPoint\",\"urlTemplate\":\"https:\/\/mobilitatechisinau.md\/?s={search_term_string}\"},\"query-input\":{\"@type\":\"PropertyValueSpecification\",\"valueRequired\":true,\"valueName\":\"search_term_string\"}}],\"inLanguage\":\"ro-RO\"},{\"@type\":\"Organization\",\"@id\":\"https:\/\/mobilitatechisinau.md\/#organization\",\"name\":\"Direc\u0163ia general\u0103 transport public \u015fi c\u0103i de comunica\u0163ie\",\"url\":\"https:\/\/mobilitatechisinau.md\/\",\"logo\":{\"@type\":\"ImageObject\",\"inLanguage\":\"ro-RO\",\"@id\":\"https:\/\/mobilitatechisinau.md\/#\/schema\/logo\/image\/\",\"url\":\"https:\/\/dgtpcc.md\/wp-content\/uploads\/2022\/05\/DGTPCC-Chis\u0326ina\u0306u-new.jpg\",\"contentUrl\":\"https:\/\/dgtpcc.md\/wp-content\/uploads\/2022\/05\/DGTPCC-Chis\u0326ina\u0306u-new.jpg\",\"width\":304,\"height\":80,\"caption\":\"Direc\u0163ia general\u0103 transport public \u015fi c\u0103i de comunica\u0163ie\"},\"image\":{\"@id\":\"https:\/\/mobilitatechisinau.md\/#\/schema\/logo\/image\/\"},\"sameAs\":[\"https:\/\/www.facebook.com\/DGTPCC\"]},{\"@type\":\"Person\",\"@id\":\"https:\/\/mobilitatechisinau.md\/#\/schema\/person\/c25d28ff5553bea759689e10224709c7\",\"name\":\"dgtpcc.md\",\"image\":{\"@type\":\"ImageObject\",\"inLanguage\":\"ro-RO\",\"@id\":\"https:\/\/mobilitatechisinau.md\/#\/schema\/person\/image\/\",\"url\":\"https:\/\/secure.gravatar.com\/avatar\/9057a81ed6aa6c63f6d0d045749b3708fa15d612e3a388d9ac7b50072146c906?s=96&d=mm&r=g\",\"contentUrl\":\"https:\/\/secure.gravatar.com\/avatar\/9057a81ed6aa6c63f6d0d045749b3708fa15d612e3a388d9ac7b50072146c906?s=96&d=mm&r=g\",\"caption\":\"dgtpcc.md\"},\"sameAs\":[\"https:\/\/dgtpcc.md\"],\"url\":\"https:\/\/mobilitatechisinau.md\/?author=1\"}]}<\/script>\n<!-- \/ Yoast SEO plugin. -->","yoast_head_json":{"title":"Lucr\u0103ri de repara\u021bie \u0219i \u00eentre\u021binere a infrastructurii rutiere municipale executate pe parcursul s\u0103pt\u0103m\u00e2nii trecute - mobilitatechisinau.md","robots":{"index":"index","follow":"follow","max-snippet":"max-snippet:-1","max-image-preview":"max-image-preview:large","max-video-preview":"max-video-preview:-1"},"canonical":"https:\/\/mobilitatechisinau.md\/?p=16762","og_locale":"ro_RO","og_type":"article","og_title":"Lucr\u0103ri de repara\u021bie \u0219i \u00eentre\u021binere a infrastructurii rutiere municipale executate pe parcursul s\u0103pt\u0103m\u00e2nii trecute - mobilitatechisinau.md","og_description":"\u00cen perioada 26 ianuarie \u2013 1 februarie, Regia \u201eExdrupo\u201d a desf\u0103\u0219urat zilnic lucr\u0103ri de \u00eentre\u021binere a infrastructurii rutiere, cu scopul reducerii efectelor sezonului rece asupra carosabilului \u0219i men\u021binerii circula\u021biei \u00een condi\u021bii de siguran\u021b\u0103. Interven\u021biile au vizat remedierea operativ\u0103 a degrad\u0103rilor ap\u0103rute pe drumuri, ca urmare a poleiului \u0219i a ciclurilor repetate de \u00eenghe\u021b\u2013dezghe\u021b, fenomene care, [&hellip;]","og_url":"https:\/\/mobilitatechisinau.md\/?p=16762","og_site_name":"mobilitatechisinau.md","article_publisher":"https:\/\/www.facebook.com\/DGTPCC","article_published_time":"2026-02-02T09:11:35+00:00","article_modified_time":"2026-02-03T09:25:35+00:00","og_image":[{"width":1200,"height":700,"url":"https:\/\/mobilitatechisinau.md\/wp-content\/uploads\/2026\/02\/02.02.jpg","type":"image\/jpeg"}],"author":"dgtpcc.md","twitter_card":"summary_large_image","twitter_misc":{"Scris de":"dgtpcc.md","Timp estimat pentru citire":"4 minute"},"schema":{"@context":"https:\/\/schema.org","@graph":[{"@type":"Article","@id":"https:\/\/mobilitatechisinau.md\/?p=16762#article","isPartOf":{"@id":"https:\/\/mobilitatechisinau.md\/?p=16762"},"author":{"name":"dgtpcc.md","@id":"https:\/\/mobilitatechisinau.md\/#\/schema\/person\/c25d28ff5553bea759689e10224709c7"},"headline":"Lucr\u0103ri de repara\u021bie \u0219i \u00eentre\u021binere a infrastructurii rutiere municipale executate pe parcursul s\u0103pt\u0103m\u00e2nii trecute","datePublished":"2026-02-02T09:11:35+00:00","dateModified":"2026-02-03T09:25:35+00:00","mainEntityOfPage":{"@id":"https:\/\/mobilitatechisinau.md\/?p=16762"},"wordCount":380,"publisher":{"@id":"https:\/\/mobilitatechisinau.md\/#organization"},"image":{"@id":"https:\/\/mobilitatechisinau.md\/?p=16762#primaryimage"},"thumbnailUrl":"https:\/\/mobilitatechisinau.md\/wp-content\/uploads\/2026\/02\/02.02.jpg","articleSection":["Comunicate de pres\u0103"],"inLanguage":"ro-RO"},{"@type":"WebPage","@id":"https:\/\/mobilitatechisinau.md\/?p=16762","url":"https:\/\/mobilitatechisinau.md\/?p=16762","name":"Lucr\u0103ri de repara\u021bie \u0219i \u00eentre\u021binere a infrastructurii rutiere municipale executate pe parcursul s\u0103pt\u0103m\u00e2nii trecute - mobilitatechisinau.md","isPartOf":{"@id":"https:\/\/mobilitatechisinau.md\/#website"},"primaryImageOfPage":{"@id":"https:\/\/mobilitatechisinau.md\/?p=16762#primaryimage"},"image":{"@id":"https:\/\/mobilitatechisinau.md\/?p=16762#primaryimage"},"thumbnailUrl":"https:\/\/mobilitatechisinau.md\/wp-content\/uploads\/2026\/02\/02.02.jpg","datePublished":"2026-02-02T09:11:35+00:00","dateModified":"2026-02-03T09:25:35+00:00","breadcrumb":{"@id":"https:\/\/mobilitatechisinau.md\/?p=16762#breadcrumb"},"inLanguage":"ro-RO","potentialAction":[{"@type":"ReadAction","target":["https:\/\/mobilitatechisinau.md\/?p=16762"]}]},{"@type":"ImageObject","inLanguage":"ro-RO","@id":"https:\/\/mobilitatechisinau.md\/?p=16762#primaryimage","url":"https:\/\/mobilitatechisinau.md\/wp-content\/uploads\/2026\/02\/02.02.jpg","contentUrl":"https:\/\/mobilitatechisinau.md\/wp-content\/uploads\/2026\/02\/02.02.jpg","width":1200,"height":700},{"@type":"BreadcrumbList","@id":"https:\/\/mobilitatechisinau.md\/?p=16762#breadcrumb","itemListElement":[{"@type":"ListItem","position":1,"name":"Prima pagin\u0103","item":"https:\/\/mobilitatechisinau.md\/"},{"@type":"ListItem","position":2,"name":"Lucr\u0103ri de repara\u021bie \u0219i \u00eentre\u021binere a infrastructurii rutiere municipale executate pe parcursul s\u0103pt\u0103m\u00e2nii trecute"}]},{"@type":"WebSite","@id":"https:\/\/mobilitatechisinau.md\/#website","url":"https:\/\/mobilitatechisinau.md\/","name":"mobilitatechisinau.md","description":"Direc\u0163ia General\u0103 Mobilitate Urban\u0103","publisher":{"@id":"https:\/\/mobilitatechisinau.md\/#organization"},"potentialAction":[{"@type":"SearchAction","target":{"@type":"EntryPoint","urlTemplate":"https:\/\/mobilitatechisinau.md\/?s={search_term_string}"},"query-input":{"@type":"PropertyValueSpecification","valueRequired":true,"valueName":"search_term_string"}}],"inLanguage":"ro-RO"},{"@type":"Organization","@id":"https:\/\/mobilitatechisinau.md\/#organization","name":"Direc\u0163ia general\u0103 transport public \u015fi c\u0103i de comunica\u0163ie","url":"https:\/\/mobilitatechisinau.md\/","logo":{"@type":"ImageObject","inLanguage":"ro-RO","@id":"https:\/\/mobilitatechisinau.md\/#\/schema\/logo\/image\/","url":"https:\/\/dgtpcc.md\/wp-content\/uploads\/2022\/05\/DGTPCC-Chis\u0326ina\u0306u-new.jpg","contentUrl":"https:\/\/dgtpcc.md\/wp-content\/uploads\/2022\/05\/DGTPCC-Chis\u0326ina\u0306u-new.jpg","width":304,"height":80,"caption":"Direc\u0163ia general\u0103 transport public \u015fi c\u0103i de comunica\u0163ie"},"image":{"@id":"https:\/\/mobilitatechisinau.md\/#\/schema\/logo\/image\/"},"sameAs":["https:\/\/www.facebook.com\/DGTPCC"]},{"@type":"Person","@id":"https:\/\/mobilitatechisinau.md\/#\/schema\/person\/c25d28ff5553bea759689e10224709c7","name":"dgtpcc.md","image":{"@type":"ImageObject","inLanguage":"ro-RO","@id":"https:\/\/mobilitatechisinau.md\/#\/schema\/person\/image\/","url":"https:\/\/secure.gravatar.com\/avatar\/9057a81ed6aa6c63f6d0d045749b3708fa15d612e3a388d9ac7b50072146c906?s=96&d=mm&r=g","contentUrl":"https:\/\/secure.gravatar.com\/avatar\/9057a81ed6aa6c63f6d0d045749b3708fa15d612e3a388d9ac7b50072146c906?s=96&d=mm&r=g","caption":"dgtpcc.md"},"sameAs":["https:\/\/dgtpcc.md"],"url":"https:\/\/mobilitatechisinau.md\/?author=1"}]}},"_links":{"self":[{"href":"https:\/\/mobilitatechisinau.md\/index.php?rest_route=\/wp\/v2\/posts\/16762","targetHints":{"allow":["GET"]}}],"collection":[{"href":"https:\/\/mobilitatechisinau.md\/index.php?rest_route=\/wp\/v2\/posts"}],"about":[{"href":"https:\/\/mobilitatechisinau.md\/index.php?rest_route=\/wp\/v2\/types\/post"}],"author":[{"embeddable":true,"href":"https:\/\/mobilitatechisinau.md\/index.php?rest_route=\/wp\/v2\/users\/1"}],"replies":[{"embeddable":true,"href":"https:\/\/mobilitatechisinau.md\/index.php?rest_route=%2Fwp%2Fv2%2Fcomments&post=16762"}],"version-history":[{"count":1,"href":"https:\/\/mobilitatechisinau.md\/index.php?rest_route=\/wp\/v2\/posts\/16762\/revisions"}],"predecessor-version":[{"id":16773,"href":"https:\/\/mobilitatechisinau.md\/index.php?rest_route=\/wp\/v2\/posts\/16762\/revisions\/16773"}],"wp:featuredmedia":[{"embeddable":true,"href":"https:\/\/mobilitatechisinau.md\/index.php?rest_route=\/wp\/v2\/media\/16763"}],"wp:attachment":[{"href":"https:\/\/mobilitatechisinau.md\/index.php?rest_route=%2Fwp%2Fv2%2Fmedia&parent=16762"}],"wp:term":[{"taxonomy":"category","embeddable":true,"href":"https:\/\/mobilitatechisinau.md\/index.php?rest_route=%2Fwp%2Fv2%2Fcategories&post=16762"},{"taxonomy":"post_tag","embeddable":true,"href":"https:\/\/mobilitatechisinau.md\/index.php?rest_route=%2Fwp%2Fv2%2Ftags&post=16762"}],"curies":[{"name":"wp","href":"https:\/\/api.w.org\/{rel}","templated":true}]}}