{"id":16788,"date":"2026-02-03T10:21:20","date_gmt":"2026-02-03T08:21:20","guid":{"rendered":"https:\/\/mobilitatechisinau.md\/?p=16788"},"modified":"2026-02-11T11:18:09","modified_gmt":"2026-02-11T09:18:09","slug":"lucrari-continue-de-remediere-a-avarierilor-pe-drumurile-publice-municipale-2","status":"publish","type":"post","link":"https:\/\/mobilitatechisinau.md\/?p=16788","title":{"rendered":"Lucr\u0103ri continue de remediere a avarierilor pe drumurile publice municipale"},"content":{"rendered":"\n<p>Direc\u021bia General\u0103 Mobilitate Urban\u0103 informeaz\u0103 c\u0103, pe fondul condi\u021biilor meteorologice specifice sezonului rece, pe drumurile publice municipale sunt desf\u0103\u0219urate lucr\u0103ri continue de lichidare a situa\u021biilor de avariere a carosabilului. Degrad\u0103rile ap\u0103rute sunt generate, \u00een principal, de ciclurile repetate de \u00eenghe\u021b\u2013dezghe\u021b, precipita\u021bii, precum \u0219i de utilizarea materialului antiderapant \u00een cadrul ac\u021biunilor de desz\u0103pezire.<\/p>\n\n\n\n<p>Interven\u021biile sunt realizate de Regia \u201eExdrupo\u201d, prin plomb\u0103ri provizorii cu beton asfaltic rece, o solu\u021bie tehnologic\u0103 aplicabil\u0103 \u00een sezonul rece, menit\u0103 s\u0103 asigure condi\u021bii sigure de circula\u021bie p\u00e2n\u0103 la reluarea lucr\u0103rilor cu asfalt fierbinte. Lucr\u0103rile se execut\u0103 ori de c\u00e2te ori condi\u021biile meteo permit, dup\u0103 desz\u0103pezire \u0219i \u00een lipsa poleiului pe carosabil.<\/p>\n\n\n\n<p>\u00cen aceast\u0103 perioad\u0103, echipele ac\u021bioneaz\u0103 \u00een regim intens, inclusiv cu program extins, pe timp de noapte \u0219i \u00een weekend, intervenind cu prioritate \u00een zonele cu trafic sporit \u0219i pe arterele deservite de transportul public municipal. \u00cen situa\u021biile \u00een care condi\u021biile meteo nu permit aplicarea asfaltului rece, se intervine punctual, \u00een zonele cu risc sporit, prin m\u0103suri temporare de siguran\u021b\u0103 rutier\u0103.<\/p>\n\n\n\n<p>Direc\u021bia General\u0103 Mobilitate Urban\u0103 subliniaz\u0103 c\u0103 aceste interven\u021bii au caracter provizoriu, iar lucr\u0103rile ample de reabilitare a carosabilului vor fi reluate<\/p>\n\n\n\n<p><a href=\"https:\/\/mobilitatechisinau.md\/?p=16790\">Galerie foto<\/a><\/p>\n","protected":false},"excerpt":{"rendered":"<p>Direc\u021bia General\u0103 Mobilitate Urban\u0103 informeaz\u0103 c\u0103, pe fondul condi\u021biilor meteorologice specifice sezonului rece, pe drumurile publice municipale sunt desf\u0103\u0219urate lucr\u0103ri continue de lichidare a situa\u021biilor de avariere a carosabilului. Degrad\u0103rile ap\u0103rute sunt generate, \u00een principal, de ciclurile repetate de \u00eenghe\u021b\u2013dezghe\u021b, precipita\u021bii, precum \u0219i de utilizarea materialului antiderapant \u00een cadrul ac\u021biunilor de desz\u0103pezire. Interven\u021biile sunt realizate [&hellip;]<\/p>\n","protected":false},"author":1,"featured_media":16789,"comment_status":"closed","ping_status":"open","sticky":false,"template":"","format":"standard","meta":{"footnotes":""},"categories":[92],"tags":[],"class_list":["post-16788","post","type-post","status-publish","format-standard","has-post-thumbnail","hentry","category-comunicate"],"yoast_head":"<!-- This site is optimized with the Yoast SEO plugin v23.9 - https:\/\/yoast.com\/wordpress\/plugins\/seo\/ -->\n<title>Lucr\u0103ri continue de remediere a avarierilor pe drumurile publice municipale - mobilitatechisinau.md<\/title>\n<meta name=\"robots\" content=\"index, follow, max-snippet:-1, max-image-preview:large, max-video-preview:-1\" \/>\n<link rel=\"canonical\" href=\"https:\/\/mobilitatechisinau.md\/?p=16788\" \/>\n<meta property=\"og:locale\" content=\"ro_RO\" \/>\n<meta property=\"og:type\" content=\"article\" \/>\n<meta property=\"og:title\" content=\"Lucr\u0103ri continue de remediere a avarierilor pe drumurile publice municipale - mobilitatechisinau.md\" \/>\n<meta property=\"og:description\" content=\"Direc\u021bia General\u0103 Mobilitate Urban\u0103 informeaz\u0103 c\u0103, pe fondul condi\u021biilor meteorologice specifice sezonului rece, pe drumurile publice municipale sunt desf\u0103\u0219urate lucr\u0103ri continue de lichidare a situa\u021biilor de avariere a carosabilului. Degrad\u0103rile ap\u0103rute sunt generate, \u00een principal, de ciclurile repetate de \u00eenghe\u021b\u2013dezghe\u021b, precipita\u021bii, precum \u0219i de utilizarea materialului antiderapant \u00een cadrul ac\u021biunilor de desz\u0103pezire. Interven\u021biile sunt realizate [&hellip;]\" \/>\n<meta property=\"og:url\" content=\"https:\/\/mobilitatechisinau.md\/?p=16788\" \/>\n<meta property=\"og:site_name\" content=\"mobilitatechisinau.md\" \/>\n<meta property=\"article:publisher\" content=\"https:\/\/www.facebook.com\/DGTPCC\" \/>\n<meta property=\"article:published_time\" content=\"2026-02-03T08:21:20+00:00\" \/>\n<meta property=\"article:modified_time\" content=\"2026-02-11T09:18:09+00:00\" \/>\n<meta property=\"og:image\" content=\"https:\/\/mobilitatechisinau.md\/wp-content\/uploads\/2026\/02\/03-februarie.jpg\" \/>\n\t<meta property=\"og:image:width\" content=\"1200\" \/>\n\t<meta property=\"og:image:height\" content=\"700\" \/>\n\t<meta property=\"og:image:type\" content=\"image\/jpeg\" \/>\n<meta name=\"author\" content=\"dgtpcc.md\" \/>\n<meta name=\"twitter:card\" content=\"summary_large_image\" \/>\n<meta name=\"twitter:label1\" content=\"Scris de\" \/>\n\t<meta name=\"twitter:data1\" content=\"dgtpcc.md\" \/>\n\t<meta name=\"twitter:label2\" content=\"Timp estimat pentru citire\" \/>\n\t<meta name=\"twitter:data2\" content=\"2 minute\" \/>\n<script type=\"application\/ld+json\" class=\"yoast-schema-graph\">{\"@context\":\"https:\/\/schema.org\",\"@graph\":[{\"@type\":\"Article\",\"@id\":\"https:\/\/mobilitatechisinau.md\/?p=16788#article\",\"isPartOf\":{\"@id\":\"https:\/\/mobilitatechisinau.md\/?p=16788\"},\"author\":{\"name\":\"dgtpcc.md\",\"@id\":\"https:\/\/mobilitatechisinau.md\/#\/schema\/person\/c25d28ff5553bea759689e10224709c7\"},\"headline\":\"Lucr\u0103ri continue de remediere a avarierilor pe drumurile publice municipale\",\"datePublished\":\"2026-02-03T08:21:20+00:00\",\"dateModified\":\"2026-02-11T09:18:09+00:00\",\"mainEntityOfPage\":{\"@id\":\"https:\/\/mobilitatechisinau.md\/?p=16788\"},\"wordCount\":227,\"publisher\":{\"@id\":\"https:\/\/mobilitatechisinau.md\/#organization\"},\"image\":{\"@id\":\"https:\/\/mobilitatechisinau.md\/?p=16788#primaryimage\"},\"thumbnailUrl\":\"https:\/\/mobilitatechisinau.md\/wp-content\/uploads\/2026\/02\/03-februarie.jpg\",\"articleSection\":[\"Comunicate de pres\u0103\"],\"inLanguage\":\"ro-RO\"},{\"@type\":\"WebPage\",\"@id\":\"https:\/\/mobilitatechisinau.md\/?p=16788\",\"url\":\"https:\/\/mobilitatechisinau.md\/?p=16788\",\"name\":\"Lucr\u0103ri continue de remediere a avarierilor pe drumurile publice municipale - mobilitatechisinau.md\",\"isPartOf\":{\"@id\":\"https:\/\/mobilitatechisinau.md\/#website\"},\"primaryImageOfPage\":{\"@id\":\"https:\/\/mobilitatechisinau.md\/?p=16788#primaryimage\"},\"image\":{\"@id\":\"https:\/\/mobilitatechisinau.md\/?p=16788#primaryimage\"},\"thumbnailUrl\":\"https:\/\/mobilitatechisinau.md\/wp-content\/uploads\/2026\/02\/03-februarie.jpg\",\"datePublished\":\"2026-02-03T08:21:20+00:00\",\"dateModified\":\"2026-02-11T09:18:09+00:00\",\"breadcrumb\":{\"@id\":\"https:\/\/mobilitatechisinau.md\/?p=16788#breadcrumb\"},\"inLanguage\":\"ro-RO\",\"potentialAction\":[{\"@type\":\"ReadAction\",\"target\":[\"https:\/\/mobilitatechisinau.md\/?p=16788\"]}]},{\"@type\":\"ImageObject\",\"inLanguage\":\"ro-RO\",\"@id\":\"https:\/\/mobilitatechisinau.md\/?p=16788#primaryimage\",\"url\":\"https:\/\/mobilitatechisinau.md\/wp-content\/uploads\/2026\/02\/03-februarie.jpg\",\"contentUrl\":\"https:\/\/mobilitatechisinau.md\/wp-content\/uploads\/2026\/02\/03-februarie.jpg\",\"width\":1200,\"height\":700},{\"@type\":\"BreadcrumbList\",\"@id\":\"https:\/\/mobilitatechisinau.md\/?p=16788#breadcrumb\",\"itemListElement\":[{\"@type\":\"ListItem\",\"position\":1,\"name\":\"Prima pagin\u0103\",\"item\":\"https:\/\/mobilitatechisinau.md\/\"},{\"@type\":\"ListItem\",\"position\":2,\"name\":\"Lucr\u0103ri continue de remediere a avarierilor pe drumurile publice municipale\"}]},{\"@type\":\"WebSite\",\"@id\":\"https:\/\/mobilitatechisinau.md\/#website\",\"url\":\"https:\/\/mobilitatechisinau.md\/\",\"name\":\"mobilitatechisinau.md\",\"description\":\"Direc\u0163ia General\u0103 Mobilitate Urban\u0103\",\"publisher\":{\"@id\":\"https:\/\/mobilitatechisinau.md\/#organization\"},\"potentialAction\":[{\"@type\":\"SearchAction\",\"target\":{\"@type\":\"EntryPoint\",\"urlTemplate\":\"https:\/\/mobilitatechisinau.md\/?s={search_term_string}\"},\"query-input\":{\"@type\":\"PropertyValueSpecification\",\"valueRequired\":true,\"valueName\":\"search_term_string\"}}],\"inLanguage\":\"ro-RO\"},{\"@type\":\"Organization\",\"@id\":\"https:\/\/mobilitatechisinau.md\/#organization\",\"name\":\"Direc\u0163ia general\u0103 transport public \u015fi c\u0103i de comunica\u0163ie\",\"url\":\"https:\/\/mobilitatechisinau.md\/\",\"logo\":{\"@type\":\"ImageObject\",\"inLanguage\":\"ro-RO\",\"@id\":\"https:\/\/mobilitatechisinau.md\/#\/schema\/logo\/image\/\",\"url\":\"https:\/\/dgtpcc.md\/wp-content\/uploads\/2022\/05\/DGTPCC-Chis\u0326ina\u0306u-new.jpg\",\"contentUrl\":\"https:\/\/dgtpcc.md\/wp-content\/uploads\/2022\/05\/DGTPCC-Chis\u0326ina\u0306u-new.jpg\",\"width\":304,\"height\":80,\"caption\":\"Direc\u0163ia general\u0103 transport public \u015fi c\u0103i de comunica\u0163ie\"},\"image\":{\"@id\":\"https:\/\/mobilitatechisinau.md\/#\/schema\/logo\/image\/\"},\"sameAs\":[\"https:\/\/www.facebook.com\/DGTPCC\"]},{\"@type\":\"Person\",\"@id\":\"https:\/\/mobilitatechisinau.md\/#\/schema\/person\/c25d28ff5553bea759689e10224709c7\",\"name\":\"dgtpcc.md\",\"image\":{\"@type\":\"ImageObject\",\"inLanguage\":\"ro-RO\",\"@id\":\"https:\/\/mobilitatechisinau.md\/#\/schema\/person\/image\/\",\"url\":\"https:\/\/secure.gravatar.com\/avatar\/9057a81ed6aa6c63f6d0d045749b3708fa15d612e3a388d9ac7b50072146c906?s=96&d=mm&r=g\",\"contentUrl\":\"https:\/\/secure.gravatar.com\/avatar\/9057a81ed6aa6c63f6d0d045749b3708fa15d612e3a388d9ac7b50072146c906?s=96&d=mm&r=g\",\"caption\":\"dgtpcc.md\"},\"sameAs\":[\"https:\/\/dgtpcc.md\"],\"url\":\"https:\/\/mobilitatechisinau.md\/?author=1\"}]}<\/script>\n<!-- \/ Yoast SEO plugin. -->","yoast_head_json":{"title":"Lucr\u0103ri continue de remediere a avarierilor pe drumurile publice municipale - mobilitatechisinau.md","robots":{"index":"index","follow":"follow","max-snippet":"max-snippet:-1","max-image-preview":"max-image-preview:large","max-video-preview":"max-video-preview:-1"},"canonical":"https:\/\/mobilitatechisinau.md\/?p=16788","og_locale":"ro_RO","og_type":"article","og_title":"Lucr\u0103ri continue de remediere a avarierilor pe drumurile publice municipale - mobilitatechisinau.md","og_description":"Direc\u021bia General\u0103 Mobilitate Urban\u0103 informeaz\u0103 c\u0103, pe fondul condi\u021biilor meteorologice specifice sezonului rece, pe drumurile publice municipale sunt desf\u0103\u0219urate lucr\u0103ri continue de lichidare a situa\u021biilor de avariere a carosabilului. Degrad\u0103rile ap\u0103rute sunt generate, \u00een principal, de ciclurile repetate de \u00eenghe\u021b\u2013dezghe\u021b, precipita\u021bii, precum \u0219i de utilizarea materialului antiderapant \u00een cadrul ac\u021biunilor de desz\u0103pezire. Interven\u021biile sunt realizate [&hellip;]","og_url":"https:\/\/mobilitatechisinau.md\/?p=16788","og_site_name":"mobilitatechisinau.md","article_publisher":"https:\/\/www.facebook.com\/DGTPCC","article_published_time":"2026-02-03T08:21:20+00:00","article_modified_time":"2026-02-11T09:18:09+00:00","og_image":[{"width":1200,"height":700,"url":"https:\/\/mobilitatechisinau.md\/wp-content\/uploads\/2026\/02\/03-februarie.jpg","type":"image\/jpeg"}],"author":"dgtpcc.md","twitter_card":"summary_large_image","twitter_misc":{"Scris de":"dgtpcc.md","Timp estimat pentru citire":"2 minute"},"schema":{"@context":"https:\/\/schema.org","@graph":[{"@type":"Article","@id":"https:\/\/mobilitatechisinau.md\/?p=16788#article","isPartOf":{"@id":"https:\/\/mobilitatechisinau.md\/?p=16788"},"author":{"name":"dgtpcc.md","@id":"https:\/\/mobilitatechisinau.md\/#\/schema\/person\/c25d28ff5553bea759689e10224709c7"},"headline":"Lucr\u0103ri continue de remediere a avarierilor pe drumurile publice municipale","datePublished":"2026-02-03T08:21:20+00:00","dateModified":"2026-02-11T09:18:09+00:00","mainEntityOfPage":{"@id":"https:\/\/mobilitatechisinau.md\/?p=16788"},"wordCount":227,"publisher":{"@id":"https:\/\/mobilitatechisinau.md\/#organization"},"image":{"@id":"https:\/\/mobilitatechisinau.md\/?p=16788#primaryimage"},"thumbnailUrl":"https:\/\/mobilitatechisinau.md\/wp-content\/uploads\/2026\/02\/03-februarie.jpg","articleSection":["Comunicate de pres\u0103"],"inLanguage":"ro-RO"},{"@type":"WebPage","@id":"https:\/\/mobilitatechisinau.md\/?p=16788","url":"https:\/\/mobilitatechisinau.md\/?p=16788","name":"Lucr\u0103ri continue de remediere a avarierilor pe drumurile publice municipale - mobilitatechisinau.md","isPartOf":{"@id":"https:\/\/mobilitatechisinau.md\/#website"},"primaryImageOfPage":{"@id":"https:\/\/mobilitatechisinau.md\/?p=16788#primaryimage"},"image":{"@id":"https:\/\/mobilitatechisinau.md\/?p=16788#primaryimage"},"thumbnailUrl":"https:\/\/mobilitatechisinau.md\/wp-content\/uploads\/2026\/02\/03-februarie.jpg","datePublished":"2026-02-03T08:21:20+00:00","dateModified":"2026-02-11T09:18:09+00:00","breadcrumb":{"@id":"https:\/\/mobilitatechisinau.md\/?p=16788#breadcrumb"},"inLanguage":"ro-RO","potentialAction":[{"@type":"ReadAction","target":["https:\/\/mobilitatechisinau.md\/?p=16788"]}]},{"@type":"ImageObject","inLanguage":"ro-RO","@id":"https:\/\/mobilitatechisinau.md\/?p=16788#primaryimage","url":"https:\/\/mobilitatechisinau.md\/wp-content\/uploads\/2026\/02\/03-februarie.jpg","contentUrl":"https:\/\/mobilitatechisinau.md\/wp-content\/uploads\/2026\/02\/03-februarie.jpg","width":1200,"height":700},{"@type":"BreadcrumbList","@id":"https:\/\/mobilitatechisinau.md\/?p=16788#breadcrumb","itemListElement":[{"@type":"ListItem","position":1,"name":"Prima pagin\u0103","item":"https:\/\/mobilitatechisinau.md\/"},{"@type":"ListItem","position":2,"name":"Lucr\u0103ri continue de remediere a avarierilor pe drumurile publice municipale"}]},{"@type":"WebSite","@id":"https:\/\/mobilitatechisinau.md\/#website","url":"https:\/\/mobilitatechisinau.md\/","name":"mobilitatechisinau.md","description":"Direc\u0163ia General\u0103 Mobilitate Urban\u0103","publisher":{"@id":"https:\/\/mobilitatechisinau.md\/#organization"},"potentialAction":[{"@type":"SearchAction","target":{"@type":"EntryPoint","urlTemplate":"https:\/\/mobilitatechisinau.md\/?s={search_term_string}"},"query-input":{"@type":"PropertyValueSpecification","valueRequired":true,"valueName":"search_term_string"}}],"inLanguage":"ro-RO"},{"@type":"Organization","@id":"https:\/\/mobilitatechisinau.md\/#organization","name":"Direc\u0163ia general\u0103 transport public \u015fi c\u0103i de comunica\u0163ie","url":"https:\/\/mobilitatechisinau.md\/","logo":{"@type":"ImageObject","inLanguage":"ro-RO","@id":"https:\/\/mobilitatechisinau.md\/#\/schema\/logo\/image\/","url":"https:\/\/dgtpcc.md\/wp-content\/uploads\/2022\/05\/DGTPCC-Chis\u0326ina\u0306u-new.jpg","contentUrl":"https:\/\/dgtpcc.md\/wp-content\/uploads\/2022\/05\/DGTPCC-Chis\u0326ina\u0306u-new.jpg","width":304,"height":80,"caption":"Direc\u0163ia general\u0103 transport public \u015fi c\u0103i de comunica\u0163ie"},"image":{"@id":"https:\/\/mobilitatechisinau.md\/#\/schema\/logo\/image\/"},"sameAs":["https:\/\/www.facebook.com\/DGTPCC"]},{"@type":"Person","@id":"https:\/\/mobilitatechisinau.md\/#\/schema\/person\/c25d28ff5553bea759689e10224709c7","name":"dgtpcc.md","image":{"@type":"ImageObject","inLanguage":"ro-RO","@id":"https:\/\/mobilitatechisinau.md\/#\/schema\/person\/image\/","url":"https:\/\/secure.gravatar.com\/avatar\/9057a81ed6aa6c63f6d0d045749b3708fa15d612e3a388d9ac7b50072146c906?s=96&d=mm&r=g","contentUrl":"https:\/\/secure.gravatar.com\/avatar\/9057a81ed6aa6c63f6d0d045749b3708fa15d612e3a388d9ac7b50072146c906?s=96&d=mm&r=g","caption":"dgtpcc.md"},"sameAs":["https:\/\/dgtpcc.md"],"url":"https:\/\/mobilitatechisinau.md\/?author=1"}]}},"_links":{"self":[{"href":"https:\/\/mobilitatechisinau.md\/index.php?rest_route=\/wp\/v2\/posts\/16788","targetHints":{"allow":["GET"]}}],"collection":[{"href":"https:\/\/mobilitatechisinau.md\/index.php?rest_route=\/wp\/v2\/posts"}],"about":[{"href":"https:\/\/mobilitatechisinau.md\/index.php?rest_route=\/wp\/v2\/types\/post"}],"author":[{"embeddable":true,"href":"https:\/\/mobilitatechisinau.md\/index.php?rest_route=\/wp\/v2\/users\/1"}],"replies":[{"embeddable":true,"href":"https:\/\/mobilitatechisinau.md\/index.php?rest_route=%2Fwp%2Fv2%2Fcomments&post=16788"}],"version-history":[{"count":1,"href":"https:\/\/mobilitatechisinau.md\/index.php?rest_route=\/wp\/v2\/posts\/16788\/revisions"}],"predecessor-version":[{"id":16804,"href":"https:\/\/mobilitatechisinau.md\/index.php?rest_route=\/wp\/v2\/posts\/16788\/revisions\/16804"}],"wp:featuredmedia":[{"embeddable":true,"href":"https:\/\/mobilitatechisinau.md\/index.php?rest_route=\/wp\/v2\/media\/16789"}],"wp:attachment":[{"href":"https:\/\/mobilitatechisinau.md\/index.php?rest_route=%2Fwp%2Fv2%2Fmedia&parent=16788"}],"wp:term":[{"taxonomy":"category","embeddable":true,"href":"https:\/\/mobilitatechisinau.md\/index.php?rest_route=%2Fwp%2Fv2%2Fcategories&post=16788"},{"taxonomy":"post_tag","embeddable":true,"href":"https:\/\/mobilitatechisinau.md\/index.php?rest_route=%2Fwp%2Fv2%2Ftags&post=16788"}],"curies":[{"name":"wp","href":"https:\/\/api.w.org\/{rel}","templated":true}]}}