{"id":16805,"date":"2026-02-04T11:18:57","date_gmt":"2026-02-04T09:18:57","guid":{"rendered":"https:\/\/mobilitatechisinau.md\/?p=16805"},"modified":"2026-02-11T11:58:32","modified_gmt":"2026-02-11T09:58:32","slug":"interventii-municipale-in-toate-sectoarele-capitalei-in-contextul-codului-galben-de-polei","status":"publish","type":"post","link":"https:\/\/mobilitatechisinau.md\/?p=16805","title":{"rendered":"Interven\u021bii municipale \u00een toate sectoarele Capitalei, \u00een contextul Codului Galben de polei"},"content":{"rendered":"\n<p>Prim\u0103ria Chi\u0219in\u0103u informeaz\u0103 c\u0103, \u00een contextul avertiz\u0103rii meteorologice Cod Galben de polei \u0219i ghe\u021bu\u0219, serviciile municipale specializate au ie\u0219it \u00een teren pentru a preveni siguran\u021ba cet\u0103\u021benilor \u0219i fluidizarea traficului.<br>Autospecialele \u0219i muncitorii ac\u021bioneaz\u0103 prompt \u00een toate sectoarele Capitalei, utiliz\u00e2nd utilaje speciale \u0219i intervenind manual acolo unde tehnica nu are acces.<br>\u00cen prezent, se \u00eempr\u0103\u0219tie material antiderapant pe arterele principale \u0219i pe rutele transportului public. \u00cen paralel, se intervine prioritar pe trotuare, \u00een sta\u021bii, \u00een preajma institu\u021biilor sociale, precum \u0219i la sc\u0103ri, treceri subterane \u0219i str\u0103zi \u00een pant\u0103.<br>Municipalitatea \u00eendeamn\u0103 conduc\u0103torii auto \u0219i pietonii s\u0103 manifeste pruden\u021b\u0103 maxim\u0103 \u00een deplas\u0103ri.<br>Prim\u0103ria Chi\u0219in\u0103u monitorizeaz\u0103 permanent situa\u021bia din ora\u0219. \u00cen cazul \u00een care \u00eent\u00e2mpina\u021bi situa\u021bii problematice din cauza condi\u021biilor meteo, pute\u021bi apela Dispeceratul Central Municipal la numerele de telefon: (022) 22-22-67, (022) 22-26-04 sau la 112.<br>Siguran\u021ba dumneavoastr\u0103 este prioritatea noastr\u0103! V\u0103 mul\u021bumim pentru \u00een\u021belegere \u0219i cooperare.<\/p>\n\n\n\n<iframe src=\"https:\/\/www.facebook.com\/plugins\/video.php?height=306&#038;href=https%3A%2F%2Fwww.facebook.com%2Freel%2F1436316671212017%2F&#038;show_text=false&#038;width=560&#038;t=0\" width=\"560\" height=\"306\" style=\"border:none;overflow:hidden\" scrolling=\"no\" frameborder=\"0\" allowfullscreen=\"true\" allow=\"autoplay; clipboard-write; encrypted-media; picture-in-picture; web-share\" allowFullScreen=\"true\"><\/iframe>\n\n\n\n<figure class=\"wp-block-gallery has-nested-images columns-default is-cropped wp-block-gallery-1 is-layout-flex wp-block-gallery-is-layout-flex\">\n<figure class=\"wp-block-image size-full\"><img fetchpriority=\"high\" decoding=\"async\" width=\"933\" height=\"700\" data-id=\"16808\" src=\"https:\/\/mobilitatechisinau.md\/wp-content\/uploads\/2026\/02\/1-5.jpg\" alt=\"\" class=\"wp-image-16808\" srcset=\"https:\/\/mobilitatechisinau.md\/wp-content\/uploads\/2026\/02\/1-5.jpg 933w, https:\/\/mobilitatechisinau.md\/wp-content\/uploads\/2026\/02\/1-5-300x225.jpg 300w, https:\/\/mobilitatechisinau.md\/wp-content\/uploads\/2026\/02\/1-5-768x576.jpg 768w, https:\/\/mobilitatechisinau.md\/wp-content\/uploads\/2026\/02\/1-5-16x12.jpg 16w, https:\/\/mobilitatechisinau.md\/wp-content\/uploads\/2026\/02\/1-5-466x350.jpg 466w\" sizes=\"(max-width: 933px) 100vw, 933px\" \/><\/figure>\n\n\n\n<figure class=\"wp-block-image size-full\"><img decoding=\"async\" width=\"700\" height=\"700\" data-id=\"16809\" src=\"https:\/\/mobilitatechisinau.md\/wp-content\/uploads\/2026\/02\/2-5.jpg\" alt=\"\" class=\"wp-image-16809\" srcset=\"https:\/\/mobilitatechisinau.md\/wp-content\/uploads\/2026\/02\/2-5.jpg 700w, https:\/\/mobilitatechisinau.md\/wp-content\/uploads\/2026\/02\/2-5-300x300.jpg 300w, https:\/\/mobilitatechisinau.md\/wp-content\/uploads\/2026\/02\/2-5-150x150.jpg 150w, https:\/\/mobilitatechisinau.md\/wp-content\/uploads\/2026\/02\/2-5-12x12.jpg 12w, https:\/\/mobilitatechisinau.md\/wp-content\/uploads\/2026\/02\/2-5-350x350.jpg 350w\" sizes=\"(max-width: 700px) 100vw, 700px\" \/><\/figure>\n\n\n\n<figure class=\"wp-block-image size-full\"><img decoding=\"async\" width=\"525\" height=\"700\" data-id=\"16810\" src=\"https:\/\/mobilitatechisinau.md\/wp-content\/uploads\/2026\/02\/3-6.jpg\" alt=\"\" class=\"wp-image-16810\" srcset=\"https:\/\/mobilitatechisinau.md\/wp-content\/uploads\/2026\/02\/3-6.jpg 525w, https:\/\/mobilitatechisinau.md\/wp-content\/uploads\/2026\/02\/3-6-225x300.jpg 225w, https:\/\/mobilitatechisinau.md\/wp-content\/uploads\/2026\/02\/3-6-9x12.jpg 9w, https:\/\/mobilitatechisinau.md\/wp-content\/uploads\/2026\/02\/3-6-262x350.jpg 262w\" sizes=\"(max-width: 525px) 100vw, 525px\" \/><\/figure>\n\n\n\n<figure class=\"wp-block-image size-large\"><img loading=\"lazy\" decoding=\"async\" width=\"1024\" height=\"461\" data-id=\"16814\" src=\"https:\/\/mobilitatechisinau.md\/wp-content\/uploads\/2026\/02\/4-6-1024x461.jpg\" alt=\"\" class=\"wp-image-16814\" srcset=\"https:\/\/mobilitatechisinau.md\/wp-content\/uploads\/2026\/02\/4-6-1024x461.jpg 1024w, https:\/\/mobilitatechisinau.md\/wp-content\/uploads\/2026\/02\/4-6-300x135.jpg 300w, https:\/\/mobilitatechisinau.md\/wp-content\/uploads\/2026\/02\/4-6-768x346.jpg 768w, https:\/\/mobilitatechisinau.md\/wp-content\/uploads\/2026\/02\/4-6-18x8.jpg 18w, https:\/\/mobilitatechisinau.md\/wp-content\/uploads\/2026\/02\/4-6-600x270.jpg 600w, https:\/\/mobilitatechisinau.md\/wp-content\/uploads\/2026\/02\/4-6.jpg 1200w\" sizes=\"(max-width: 1024px) 100vw, 1024px\" \/><\/figure>\n\n\n\n<figure class=\"wp-block-image size-full\"><img loading=\"lazy\" decoding=\"async\" width=\"933\" height=\"700\" data-id=\"16812\" src=\"https:\/\/mobilitatechisinau.md\/wp-content\/uploads\/2026\/02\/5-5.jpg\" alt=\"\" class=\"wp-image-16812\" srcset=\"https:\/\/mobilitatechisinau.md\/wp-content\/uploads\/2026\/02\/5-5.jpg 933w, https:\/\/mobilitatechisinau.md\/wp-content\/uploads\/2026\/02\/5-5-300x225.jpg 300w, https:\/\/mobilitatechisinau.md\/wp-content\/uploads\/2026\/02\/5-5-768x576.jpg 768w, https:\/\/mobilitatechisinau.md\/wp-content\/uploads\/2026\/02\/5-5-16x12.jpg 16w, https:\/\/mobilitatechisinau.md\/wp-content\/uploads\/2026\/02\/5-5-466x350.jpg 466w\" sizes=\"(max-width: 933px) 100vw, 933px\" \/><\/figure>\n\n\n\n<figure class=\"wp-block-image size-full\"><img loading=\"lazy\" decoding=\"async\" width=\"933\" height=\"700\" data-id=\"16813\" src=\"https:\/\/mobilitatechisinau.md\/wp-content\/uploads\/2026\/02\/6-5.jpg\" alt=\"\" class=\"wp-image-16813\" srcset=\"https:\/\/mobilitatechisinau.md\/wp-content\/uploads\/2026\/02\/6-5.jpg 933w, https:\/\/mobilitatechisinau.md\/wp-content\/uploads\/2026\/02\/6-5-300x225.jpg 300w, https:\/\/mobilitatechisinau.md\/wp-content\/uploads\/2026\/02\/6-5-768x576.jpg 768w, https:\/\/mobilitatechisinau.md\/wp-content\/uploads\/2026\/02\/6-5-16x12.jpg 16w, https:\/\/mobilitatechisinau.md\/wp-content\/uploads\/2026\/02\/6-5-466x350.jpg 466w\" sizes=\"(max-width: 933px) 100vw, 933px\" \/><\/figure>\n<\/figure>\n","protected":false},"excerpt":{"rendered":"<p>Prim\u0103ria Chi\u0219in\u0103u informeaz\u0103 c\u0103, \u00een contextul avertiz\u0103rii meteorologice Cod Galben de polei \u0219i ghe\u021bu\u0219, serviciile municipale specializate au ie\u0219it \u00een teren pentru a preveni siguran\u021ba cet\u0103\u021benilor \u0219i fluidizarea traficului.Autospecialele \u0219i muncitorii ac\u021bioneaz\u0103 prompt \u00een toate sectoarele Capitalei, utiliz\u00e2nd utilaje speciale \u0219i intervenind manual acolo unde tehnica nu are acces.\u00cen prezent, se \u00eempr\u0103\u0219tie material antiderapant pe [&hellip;]<\/p>\n","protected":false},"author":1,"featured_media":16806,"comment_status":"closed","ping_status":"open","sticky":false,"template":"","format":"standard","meta":{"footnotes":""},"categories":[92],"tags":[],"class_list":["post-16805","post","type-post","status-publish","format-standard","has-post-thumbnail","hentry","category-comunicate"],"yoast_head":"<!-- This site is optimized with the Yoast SEO plugin v23.9 - https:\/\/yoast.com\/wordpress\/plugins\/seo\/ -->\n<title>Interven\u021bii municipale \u00een toate sectoarele Capitalei, \u00een contextul Codului Galben de polei - mobilitatechisinau.md<\/title>\n<meta name=\"robots\" content=\"index, follow, max-snippet:-1, max-image-preview:large, max-video-preview:-1\" \/>\n<link rel=\"canonical\" href=\"https:\/\/mobilitatechisinau.md\/?p=16805\" \/>\n<meta property=\"og:locale\" content=\"ro_RO\" \/>\n<meta property=\"og:type\" content=\"article\" \/>\n<meta property=\"og:title\" content=\"Interven\u021bii municipale \u00een toate sectoarele Capitalei, \u00een contextul Codului Galben de polei - mobilitatechisinau.md\" \/>\n<meta property=\"og:description\" content=\"Prim\u0103ria Chi\u0219in\u0103u informeaz\u0103 c\u0103, \u00een contextul avertiz\u0103rii meteorologice Cod Galben de polei \u0219i ghe\u021bu\u0219, serviciile municipale specializate au ie\u0219it \u00een teren pentru a preveni siguran\u021ba cet\u0103\u021benilor \u0219i fluidizarea traficului.Autospecialele \u0219i muncitorii ac\u021bioneaz\u0103 prompt \u00een toate sectoarele Capitalei, utiliz\u00e2nd utilaje speciale \u0219i intervenind manual acolo unde tehnica nu are acces.\u00cen prezent, se \u00eempr\u0103\u0219tie material antiderapant pe [&hellip;]\" \/>\n<meta property=\"og:url\" content=\"https:\/\/mobilitatechisinau.md\/?p=16805\" \/>\n<meta property=\"og:site_name\" content=\"mobilitatechisinau.md\" \/>\n<meta property=\"article:publisher\" content=\"https:\/\/www.facebook.com\/DGTPCC\" \/>\n<meta property=\"article:published_time\" content=\"2026-02-04T09:18:57+00:00\" \/>\n<meta property=\"article:modified_time\" content=\"2026-02-11T09:58:32+00:00\" \/>\n<meta property=\"og:image\" content=\"https:\/\/mobilitatechisinau.md\/wp-content\/uploads\/2026\/02\/04-februarie.jpg\" \/>\n\t<meta property=\"og:image:width\" content=\"1200\" \/>\n\t<meta property=\"og:image:height\" content=\"700\" \/>\n\t<meta property=\"og:image:type\" content=\"image\/jpeg\" \/>\n<meta name=\"author\" content=\"dgtpcc.md\" \/>\n<meta name=\"twitter:card\" content=\"summary_large_image\" \/>\n<meta name=\"twitter:label1\" content=\"Scris de\" \/>\n\t<meta name=\"twitter:data1\" content=\"dgtpcc.md\" \/>\n\t<meta name=\"twitter:label2\" content=\"Timp estimat pentru citire\" \/>\n\t<meta name=\"twitter:data2\" content=\"3 minute\" \/>\n<script type=\"application\/ld+json\" class=\"yoast-schema-graph\">{\"@context\":\"https:\/\/schema.org\",\"@graph\":[{\"@type\":\"Article\",\"@id\":\"https:\/\/mobilitatechisinau.md\/?p=16805#article\",\"isPartOf\":{\"@id\":\"https:\/\/mobilitatechisinau.md\/?p=16805\"},\"author\":{\"name\":\"dgtpcc.md\",\"@id\":\"https:\/\/mobilitatechisinau.md\/#\/schema\/person\/c25d28ff5553bea759689e10224709c7\"},\"headline\":\"Interven\u021bii municipale \u00een toate sectoarele Capitalei, \u00een contextul Codului Galben de polei\",\"datePublished\":\"2026-02-04T09:18:57+00:00\",\"dateModified\":\"2026-02-11T09:58:32+00:00\",\"mainEntityOfPage\":{\"@id\":\"https:\/\/mobilitatechisinau.md\/?p=16805\"},\"wordCount\":185,\"publisher\":{\"@id\":\"https:\/\/mobilitatechisinau.md\/#organization\"},\"image\":{\"@id\":\"https:\/\/mobilitatechisinau.md\/?p=16805#primaryimage\"},\"thumbnailUrl\":\"https:\/\/mobilitatechisinau.md\/wp-content\/uploads\/2026\/02\/04-februarie.jpg\",\"articleSection\":[\"Comunicate de pres\u0103\"],\"inLanguage\":\"ro-RO\"},{\"@type\":\"WebPage\",\"@id\":\"https:\/\/mobilitatechisinau.md\/?p=16805\",\"url\":\"https:\/\/mobilitatechisinau.md\/?p=16805\",\"name\":\"Interven\u021bii municipale \u00een toate sectoarele Capitalei, \u00een contextul Codului Galben de polei - mobilitatechisinau.md\",\"isPartOf\":{\"@id\":\"https:\/\/mobilitatechisinau.md\/#website\"},\"primaryImageOfPage\":{\"@id\":\"https:\/\/mobilitatechisinau.md\/?p=16805#primaryimage\"},\"image\":{\"@id\":\"https:\/\/mobilitatechisinau.md\/?p=16805#primaryimage\"},\"thumbnailUrl\":\"https:\/\/mobilitatechisinau.md\/wp-content\/uploads\/2026\/02\/04-februarie.jpg\",\"datePublished\":\"2026-02-04T09:18:57+00:00\",\"dateModified\":\"2026-02-11T09:58:32+00:00\",\"breadcrumb\":{\"@id\":\"https:\/\/mobilitatechisinau.md\/?p=16805#breadcrumb\"},\"inLanguage\":\"ro-RO\",\"potentialAction\":[{\"@type\":\"ReadAction\",\"target\":[\"https:\/\/mobilitatechisinau.md\/?p=16805\"]}]},{\"@type\":\"ImageObject\",\"inLanguage\":\"ro-RO\",\"@id\":\"https:\/\/mobilitatechisinau.md\/?p=16805#primaryimage\",\"url\":\"https:\/\/mobilitatechisinau.md\/wp-content\/uploads\/2026\/02\/04-februarie.jpg\",\"contentUrl\":\"https:\/\/mobilitatechisinau.md\/wp-content\/uploads\/2026\/02\/04-februarie.jpg\",\"width\":1200,\"height\":700},{\"@type\":\"BreadcrumbList\",\"@id\":\"https:\/\/mobilitatechisinau.md\/?p=16805#breadcrumb\",\"itemListElement\":[{\"@type\":\"ListItem\",\"position\":1,\"name\":\"Prima pagin\u0103\",\"item\":\"https:\/\/mobilitatechisinau.md\/\"},{\"@type\":\"ListItem\",\"position\":2,\"name\":\"Interven\u021bii municipale \u00een toate sectoarele Capitalei, \u00een contextul Codului Galben de polei\"}]},{\"@type\":\"WebSite\",\"@id\":\"https:\/\/mobilitatechisinau.md\/#website\",\"url\":\"https:\/\/mobilitatechisinau.md\/\",\"name\":\"mobilitatechisinau.md\",\"description\":\"Direc\u0163ia General\u0103 Mobilitate Urban\u0103\",\"publisher\":{\"@id\":\"https:\/\/mobilitatechisinau.md\/#organization\"},\"potentialAction\":[{\"@type\":\"SearchAction\",\"target\":{\"@type\":\"EntryPoint\",\"urlTemplate\":\"https:\/\/mobilitatechisinau.md\/?s={search_term_string}\"},\"query-input\":{\"@type\":\"PropertyValueSpecification\",\"valueRequired\":true,\"valueName\":\"search_term_string\"}}],\"inLanguage\":\"ro-RO\"},{\"@type\":\"Organization\",\"@id\":\"https:\/\/mobilitatechisinau.md\/#organization\",\"name\":\"Direc\u0163ia general\u0103 transport public \u015fi c\u0103i de comunica\u0163ie\",\"url\":\"https:\/\/mobilitatechisinau.md\/\",\"logo\":{\"@type\":\"ImageObject\",\"inLanguage\":\"ro-RO\",\"@id\":\"https:\/\/mobilitatechisinau.md\/#\/schema\/logo\/image\/\",\"url\":\"https:\/\/dgtpcc.md\/wp-content\/uploads\/2022\/05\/DGTPCC-Chis\u0326ina\u0306u-new.jpg\",\"contentUrl\":\"https:\/\/dgtpcc.md\/wp-content\/uploads\/2022\/05\/DGTPCC-Chis\u0326ina\u0306u-new.jpg\",\"width\":304,\"height\":80,\"caption\":\"Direc\u0163ia general\u0103 transport public \u015fi c\u0103i de comunica\u0163ie\"},\"image\":{\"@id\":\"https:\/\/mobilitatechisinau.md\/#\/schema\/logo\/image\/\"},\"sameAs\":[\"https:\/\/www.facebook.com\/DGTPCC\"]},{\"@type\":\"Person\",\"@id\":\"https:\/\/mobilitatechisinau.md\/#\/schema\/person\/c25d28ff5553bea759689e10224709c7\",\"name\":\"dgtpcc.md\",\"image\":{\"@type\":\"ImageObject\",\"inLanguage\":\"ro-RO\",\"@id\":\"https:\/\/mobilitatechisinau.md\/#\/schema\/person\/image\/\",\"url\":\"https:\/\/secure.gravatar.com\/avatar\/9057a81ed6aa6c63f6d0d045749b3708fa15d612e3a388d9ac7b50072146c906?s=96&d=mm&r=g\",\"contentUrl\":\"https:\/\/secure.gravatar.com\/avatar\/9057a81ed6aa6c63f6d0d045749b3708fa15d612e3a388d9ac7b50072146c906?s=96&d=mm&r=g\",\"caption\":\"dgtpcc.md\"},\"sameAs\":[\"https:\/\/dgtpcc.md\"],\"url\":\"https:\/\/mobilitatechisinau.md\/?author=1\"}]}<\/script>\n<!-- \/ Yoast SEO plugin. -->","yoast_head_json":{"title":"Interven\u021bii municipale \u00een toate sectoarele Capitalei, \u00een contextul Codului Galben de polei - mobilitatechisinau.md","robots":{"index":"index","follow":"follow","max-snippet":"max-snippet:-1","max-image-preview":"max-image-preview:large","max-video-preview":"max-video-preview:-1"},"canonical":"https:\/\/mobilitatechisinau.md\/?p=16805","og_locale":"ro_RO","og_type":"article","og_title":"Interven\u021bii municipale \u00een toate sectoarele Capitalei, \u00een contextul Codului Galben de polei - mobilitatechisinau.md","og_description":"Prim\u0103ria Chi\u0219in\u0103u informeaz\u0103 c\u0103, \u00een contextul avertiz\u0103rii meteorologice Cod Galben de polei \u0219i ghe\u021bu\u0219, serviciile municipale specializate au ie\u0219it \u00een teren pentru a preveni siguran\u021ba cet\u0103\u021benilor \u0219i fluidizarea traficului.Autospecialele \u0219i muncitorii ac\u021bioneaz\u0103 prompt \u00een toate sectoarele Capitalei, utiliz\u00e2nd utilaje speciale \u0219i intervenind manual acolo unde tehnica nu are acces.\u00cen prezent, se \u00eempr\u0103\u0219tie material antiderapant pe [&hellip;]","og_url":"https:\/\/mobilitatechisinau.md\/?p=16805","og_site_name":"mobilitatechisinau.md","article_publisher":"https:\/\/www.facebook.com\/DGTPCC","article_published_time":"2026-02-04T09:18:57+00:00","article_modified_time":"2026-02-11T09:58:32+00:00","og_image":[{"width":1200,"height":700,"url":"https:\/\/mobilitatechisinau.md\/wp-content\/uploads\/2026\/02\/04-februarie.jpg","type":"image\/jpeg"}],"author":"dgtpcc.md","twitter_card":"summary_large_image","twitter_misc":{"Scris de":"dgtpcc.md","Timp estimat pentru citire":"3 minute"},"schema":{"@context":"https:\/\/schema.org","@graph":[{"@type":"Article","@id":"https:\/\/mobilitatechisinau.md\/?p=16805#article","isPartOf":{"@id":"https:\/\/mobilitatechisinau.md\/?p=16805"},"author":{"name":"dgtpcc.md","@id":"https:\/\/mobilitatechisinau.md\/#\/schema\/person\/c25d28ff5553bea759689e10224709c7"},"headline":"Interven\u021bii municipale \u00een toate sectoarele Capitalei, \u00een contextul Codului Galben de polei","datePublished":"2026-02-04T09:18:57+00:00","dateModified":"2026-02-11T09:58:32+00:00","mainEntityOfPage":{"@id":"https:\/\/mobilitatechisinau.md\/?p=16805"},"wordCount":185,"publisher":{"@id":"https:\/\/mobilitatechisinau.md\/#organization"},"image":{"@id":"https:\/\/mobilitatechisinau.md\/?p=16805#primaryimage"},"thumbnailUrl":"https:\/\/mobilitatechisinau.md\/wp-content\/uploads\/2026\/02\/04-februarie.jpg","articleSection":["Comunicate de pres\u0103"],"inLanguage":"ro-RO"},{"@type":"WebPage","@id":"https:\/\/mobilitatechisinau.md\/?p=16805","url":"https:\/\/mobilitatechisinau.md\/?p=16805","name":"Interven\u021bii municipale \u00een toate sectoarele Capitalei, \u00een contextul Codului Galben de polei - mobilitatechisinau.md","isPartOf":{"@id":"https:\/\/mobilitatechisinau.md\/#website"},"primaryImageOfPage":{"@id":"https:\/\/mobilitatechisinau.md\/?p=16805#primaryimage"},"image":{"@id":"https:\/\/mobilitatechisinau.md\/?p=16805#primaryimage"},"thumbnailUrl":"https:\/\/mobilitatechisinau.md\/wp-content\/uploads\/2026\/02\/04-februarie.jpg","datePublished":"2026-02-04T09:18:57+00:00","dateModified":"2026-02-11T09:58:32+00:00","breadcrumb":{"@id":"https:\/\/mobilitatechisinau.md\/?p=16805#breadcrumb"},"inLanguage":"ro-RO","potentialAction":[{"@type":"ReadAction","target":["https:\/\/mobilitatechisinau.md\/?p=16805"]}]},{"@type":"ImageObject","inLanguage":"ro-RO","@id":"https:\/\/mobilitatechisinau.md\/?p=16805#primaryimage","url":"https:\/\/mobilitatechisinau.md\/wp-content\/uploads\/2026\/02\/04-februarie.jpg","contentUrl":"https:\/\/mobilitatechisinau.md\/wp-content\/uploads\/2026\/02\/04-februarie.jpg","width":1200,"height":700},{"@type":"BreadcrumbList","@id":"https:\/\/mobilitatechisinau.md\/?p=16805#breadcrumb","itemListElement":[{"@type":"ListItem","position":1,"name":"Prima pagin\u0103","item":"https:\/\/mobilitatechisinau.md\/"},{"@type":"ListItem","position":2,"name":"Interven\u021bii municipale \u00een toate sectoarele Capitalei, \u00een contextul Codului Galben de polei"}]},{"@type":"WebSite","@id":"https:\/\/mobilitatechisinau.md\/#website","url":"https:\/\/mobilitatechisinau.md\/","name":"mobilitatechisinau.md","description":"Direc\u0163ia General\u0103 Mobilitate Urban\u0103","publisher":{"@id":"https:\/\/mobilitatechisinau.md\/#organization"},"potentialAction":[{"@type":"SearchAction","target":{"@type":"EntryPoint","urlTemplate":"https:\/\/mobilitatechisinau.md\/?s={search_term_string}"},"query-input":{"@type":"PropertyValueSpecification","valueRequired":true,"valueName":"search_term_string"}}],"inLanguage":"ro-RO"},{"@type":"Organization","@id":"https:\/\/mobilitatechisinau.md\/#organization","name":"Direc\u0163ia general\u0103 transport public \u015fi c\u0103i de comunica\u0163ie","url":"https:\/\/mobilitatechisinau.md\/","logo":{"@type":"ImageObject","inLanguage":"ro-RO","@id":"https:\/\/mobilitatechisinau.md\/#\/schema\/logo\/image\/","url":"https:\/\/dgtpcc.md\/wp-content\/uploads\/2022\/05\/DGTPCC-Chis\u0326ina\u0306u-new.jpg","contentUrl":"https:\/\/dgtpcc.md\/wp-content\/uploads\/2022\/05\/DGTPCC-Chis\u0326ina\u0306u-new.jpg","width":304,"height":80,"caption":"Direc\u0163ia general\u0103 transport public \u015fi c\u0103i de comunica\u0163ie"},"image":{"@id":"https:\/\/mobilitatechisinau.md\/#\/schema\/logo\/image\/"},"sameAs":["https:\/\/www.facebook.com\/DGTPCC"]},{"@type":"Person","@id":"https:\/\/mobilitatechisinau.md\/#\/schema\/person\/c25d28ff5553bea759689e10224709c7","name":"dgtpcc.md","image":{"@type":"ImageObject","inLanguage":"ro-RO","@id":"https:\/\/mobilitatechisinau.md\/#\/schema\/person\/image\/","url":"https:\/\/secure.gravatar.com\/avatar\/9057a81ed6aa6c63f6d0d045749b3708fa15d612e3a388d9ac7b50072146c906?s=96&d=mm&r=g","contentUrl":"https:\/\/secure.gravatar.com\/avatar\/9057a81ed6aa6c63f6d0d045749b3708fa15d612e3a388d9ac7b50072146c906?s=96&d=mm&r=g","caption":"dgtpcc.md"},"sameAs":["https:\/\/dgtpcc.md"],"url":"https:\/\/mobilitatechisinau.md\/?author=1"}]}},"_links":{"self":[{"href":"https:\/\/mobilitatechisinau.md\/index.php?rest_route=\/wp\/v2\/posts\/16805","targetHints":{"allow":["GET"]}}],"collection":[{"href":"https:\/\/mobilitatechisinau.md\/index.php?rest_route=\/wp\/v2\/posts"}],"about":[{"href":"https:\/\/mobilitatechisinau.md\/index.php?rest_route=\/wp\/v2\/types\/post"}],"author":[{"embeddable":true,"href":"https:\/\/mobilitatechisinau.md\/index.php?rest_route=\/wp\/v2\/users\/1"}],"replies":[{"embeddable":true,"href":"https:\/\/mobilitatechisinau.md\/index.php?rest_route=%2Fwp%2Fv2%2Fcomments&post=16805"}],"version-history":[{"count":2,"href":"https:\/\/mobilitatechisinau.md\/index.php?rest_route=\/wp\/v2\/posts\/16805\/revisions"}],"predecessor-version":[{"id":16815,"href":"https:\/\/mobilitatechisinau.md\/index.php?rest_route=\/wp\/v2\/posts\/16805\/revisions\/16815"}],"wp:featuredmedia":[{"embeddable":true,"href":"https:\/\/mobilitatechisinau.md\/index.php?rest_route=\/wp\/v2\/media\/16806"}],"wp:attachment":[{"href":"https:\/\/mobilitatechisinau.md\/index.php?rest_route=%2Fwp%2Fv2%2Fmedia&parent=16805"}],"wp:term":[{"taxonomy":"category","embeddable":true,"href":"https:\/\/mobilitatechisinau.md\/index.php?rest_route=%2Fwp%2Fv2%2Fcategories&post=16805"},{"taxonomy":"post_tag","embeddable":true,"href":"https:\/\/mobilitatechisinau.md\/index.php?rest_route=%2Fwp%2Fv2%2Ftags&post=16805"}],"curies":[{"name":"wp","href":"https:\/\/api.w.org\/{rel}","templated":true}]}}