{"id":16828,"date":"2026-02-09T14:32:21","date_gmt":"2026-02-09T12:32:21","guid":{"rendered":"https:\/\/mobilitatechisinau.md\/?p=16828"},"modified":"2026-02-11T14:37:22","modified_gmt":"2026-02-11T12:37:22","slug":"lucrari-de-reparatie-si-intretinere-a-infrastructurii-rutiere-municipale-executate-pe-parcursul-saptamanii-trecute-76","status":"publish","type":"post","link":"https:\/\/mobilitatechisinau.md\/?p=16828","title":{"rendered":"Lucr\u0103ri de repara\u021bie \u0219i \u00eentre\u021binere a infrastructurii rutiere municipale executate pe parcursul s\u0103pt\u0103m\u00e2nii trecute"},"content":{"rendered":"\n<p>\u00cen perioada 2\u20138 februarie 2026, Regia \u201eExdrupo\u201d a desf\u0103\u0219urat interven\u021bii pentru remedierea avariilor ap\u0103rute pe carosabil, precum \u0219i ac\u021biuni de desz\u0103pezire \u0219i combatere a poleiului pe drumurile publice municipale.<\/p>\n\n\n\n<p>\u00cen prima parte a s\u0103pt\u0103m\u00e2nii, c\u00e2nd condi\u021biile meteorologice au permis desf\u0103\u0219urarea lucr\u0103rilor, echipele au intervenit \u00een regim extins, inclusiv pe timp de zi \u0219i noapte, efectu\u00e2nd plomb\u0103ri cu asfalt rece pe 36 de str\u0103zi din municipiu. Totodat\u0103, pentru prevenirea acumul\u0103rilor de ap\u0103 pe carosabil, au fost cur\u0103\u021bate sau reparate circa 60 de guri de captare ale canaliz\u0103rii pluviale.<\/p>\n\n\n\n<p>Pe parcursul aceleia\u0219i perioade, au fost realizate lucr\u0103ri de salubrizare manual\u0103 pe carosabil, trotuare \u0219i \u00een pasaje subterane, fiind efectuate 35 de curse de evacuare a de\u0219eurilor. Pentru sporirea siguran\u021bei circula\u021biei rutiere, au fost deservite sau \u00eenlocuite 170 de indicatoare rutiere.<\/p>\n\n\n\n<p>\u00cen paralel, \u00een contextul condi\u021biilor de iarn\u0103, Regia \u201eExdrupo\u201d a desf\u0103\u0219urat zilnic ac\u021biuni de desz\u0103pezire \u0219i prevenire a form\u0103rii poleiului. Str\u0103zile principale \u0219i secundare, podurile rutiere, precum \u0219i drumurile de acces c\u0103tre suburbii au fost patrulate, cur\u0103\u021bate \u0219i pres\u0103rate repetat cu material antiderapant, pentru a asigura circula\u021bia \u00een condi\u021bii de siguran\u021b\u0103 a transportului public \u0219i privat. Interven\u021biile au fost reluate de mai multe ori, din cauza lapovi\u021bei \u0219i a varia\u021biilor de temperatur\u0103, care au favorizat formarea rapid\u0103 a unor noi straturi de ghea\u021b\u0103.<\/p>\n\n\n\n<p>De asemenea, au fost cur\u0103\u021bate \u0219i pres\u0103rate manual, cu sare \u0219i nisip, accesele \u00een pasaje subterane, trotuarele de pe poduri, trecerile pietonale \u0219i zonele sta\u021biilor de a\u0219teptare. Pentru realizarea acestor interven\u021bii au fost mobilizate toate utilajele disponibile, precum \u0219i echipele de muncitori rutieri.<\/p>\n\n\n\n<p>Lucr\u0103rile de \u00eentre\u021binere a infrastructurii rutiere vor continua \u0219i pe parcursul s\u0103pt\u0103m\u00e2nii curente, \u00een func\u021bie de evolu\u021bia condi\u021biilor meteorologice.<\/p>\n\n\n\n<figure class=\"wp-block-gallery has-nested-images columns-default is-cropped wp-block-gallery-1 is-layout-flex wp-block-gallery-is-layout-flex\">\n<figure class=\"wp-block-image size-large\"><img fetchpriority=\"high\" decoding=\"async\" width=\"525\" height=\"700\" data-id=\"16830\" src=\"https:\/\/mobilitatechisinau.md\/wp-content\/uploads\/2026\/02\/1-7.jpg\" alt=\"\" class=\"wp-image-16830\" srcset=\"https:\/\/mobilitatechisinau.md\/wp-content\/uploads\/2026\/02\/1-7.jpg 525w, https:\/\/mobilitatechisinau.md\/wp-content\/uploads\/2026\/02\/1-7-225x300.jpg 225w, https:\/\/mobilitatechisinau.md\/wp-content\/uploads\/2026\/02\/1-7-9x12.jpg 9w, https:\/\/mobilitatechisinau.md\/wp-content\/uploads\/2026\/02\/1-7-262x350.jpg 262w\" sizes=\"(max-width: 525px) 100vw, 525px\" \/><\/figure>\n\n\n\n<figure class=\"wp-block-image size-large\"><img decoding=\"async\" width=\"1024\" height=\"577\" data-id=\"16831\" src=\"https:\/\/mobilitatechisinau.md\/wp-content\/uploads\/2026\/02\/2-7-1024x577.jpg\" alt=\"\" class=\"wp-image-16831\" srcset=\"https:\/\/mobilitatechisinau.md\/wp-content\/uploads\/2026\/02\/2-7-1024x577.jpg 1024w, https:\/\/mobilitatechisinau.md\/wp-content\/uploads\/2026\/02\/2-7-300x169.jpg 300w, https:\/\/mobilitatechisinau.md\/wp-content\/uploads\/2026\/02\/2-7-768x433.jpg 768w, https:\/\/mobilitatechisinau.md\/wp-content\/uploads\/2026\/02\/2-7-18x10.jpg 18w, https:\/\/mobilitatechisinau.md\/wp-content\/uploads\/2026\/02\/2-7-600x338.jpg 600w, https:\/\/mobilitatechisinau.md\/wp-content\/uploads\/2026\/02\/2-7.jpg 1200w\" sizes=\"(max-width: 1024px) 100vw, 1024px\" \/><\/figure>\n\n\n\n<figure class=\"wp-block-image size-large\"><img decoding=\"async\" width=\"525\" height=\"700\" data-id=\"16832\" src=\"https:\/\/mobilitatechisinau.md\/wp-content\/uploads\/2026\/02\/3-8.jpg\" alt=\"\" class=\"wp-image-16832\" srcset=\"https:\/\/mobilitatechisinau.md\/wp-content\/uploads\/2026\/02\/3-8.jpg 525w, https:\/\/mobilitatechisinau.md\/wp-content\/uploads\/2026\/02\/3-8-225x300.jpg 225w, https:\/\/mobilitatechisinau.md\/wp-content\/uploads\/2026\/02\/3-8-9x12.jpg 9w, https:\/\/mobilitatechisinau.md\/wp-content\/uploads\/2026\/02\/3-8-262x350.jpg 262w\" sizes=\"(max-width: 525px) 100vw, 525px\" \/><\/figure>\n\n\n\n<figure class=\"wp-block-image size-large\"><img loading=\"lazy\" decoding=\"async\" width=\"394\" height=\"700\" data-id=\"16833\" src=\"https:\/\/mobilitatechisinau.md\/wp-content\/uploads\/2026\/02\/4-8.jpg\" alt=\"\" class=\"wp-image-16833\" srcset=\"https:\/\/mobilitatechisinau.md\/wp-content\/uploads\/2026\/02\/4-8.jpg 394w, https:\/\/mobilitatechisinau.md\/wp-content\/uploads\/2026\/02\/4-8-169x300.jpg 169w, https:\/\/mobilitatechisinau.md\/wp-content\/uploads\/2026\/02\/4-8-7x12.jpg 7w, https:\/\/mobilitatechisinau.md\/wp-content\/uploads\/2026\/02\/4-8-197x350.jpg 197w\" sizes=\"(max-width: 394px) 100vw, 394px\" \/><\/figure>\n\n\n\n<figure class=\"wp-block-image size-large\"><img loading=\"lazy\" decoding=\"async\" width=\"525\" height=\"700\" data-id=\"16834\" src=\"https:\/\/mobilitatechisinau.md\/wp-content\/uploads\/2026\/02\/6-7.jpg\" alt=\"\" class=\"wp-image-16834\" srcset=\"https:\/\/mobilitatechisinau.md\/wp-content\/uploads\/2026\/02\/6-7.jpg 525w, https:\/\/mobilitatechisinau.md\/wp-content\/uploads\/2026\/02\/6-7-225x300.jpg 225w, https:\/\/mobilitatechisinau.md\/wp-content\/uploads\/2026\/02\/6-7-9x12.jpg 9w, https:\/\/mobilitatechisinau.md\/wp-content\/uploads\/2026\/02\/6-7-262x350.jpg 262w\" sizes=\"(max-width: 525px) 100vw, 525px\" \/><\/figure>\n\n\n\n<figure class=\"wp-block-image size-large\"><img loading=\"lazy\" decoding=\"async\" width=\"1024\" height=\"577\" data-id=\"16835\" src=\"https:\/\/mobilitatechisinau.md\/wp-content\/uploads\/2026\/02\/7-7-1024x577.jpg\" alt=\"\" class=\"wp-image-16835\" srcset=\"https:\/\/mobilitatechisinau.md\/wp-content\/uploads\/2026\/02\/7-7-1024x577.jpg 1024w, https:\/\/mobilitatechisinau.md\/wp-content\/uploads\/2026\/02\/7-7-300x169.jpg 300w, https:\/\/mobilitatechisinau.md\/wp-content\/uploads\/2026\/02\/7-7-768x433.jpg 768w, https:\/\/mobilitatechisinau.md\/wp-content\/uploads\/2026\/02\/7-7-18x10.jpg 18w, https:\/\/mobilitatechisinau.md\/wp-content\/uploads\/2026\/02\/7-7-600x338.jpg 600w, https:\/\/mobilitatechisinau.md\/wp-content\/uploads\/2026\/02\/7-7.jpg 1200w\" sizes=\"(max-width: 1024px) 100vw, 1024px\" \/><\/figure>\n\n\n\n<figure class=\"wp-block-image size-large\"><img loading=\"lazy\" decoding=\"async\" width=\"933\" height=\"700\" data-id=\"16836\" src=\"https:\/\/mobilitatechisinau.md\/wp-content\/uploads\/2026\/02\/8-5.jpg\" alt=\"\" class=\"wp-image-16836\" srcset=\"https:\/\/mobilitatechisinau.md\/wp-content\/uploads\/2026\/02\/8-5.jpg 933w, https:\/\/mobilitatechisinau.md\/wp-content\/uploads\/2026\/02\/8-5-300x225.jpg 300w, https:\/\/mobilitatechisinau.md\/wp-content\/uploads\/2026\/02\/8-5-768x576.jpg 768w, https:\/\/mobilitatechisinau.md\/wp-content\/uploads\/2026\/02\/8-5-16x12.jpg 16w, https:\/\/mobilitatechisinau.md\/wp-content\/uploads\/2026\/02\/8-5-466x350.jpg 466w\" sizes=\"(max-width: 933px) 100vw, 933px\" \/><\/figure>\n\n\n\n<figure class=\"wp-block-image size-large\"><img loading=\"lazy\" decoding=\"async\" width=\"525\" height=\"700\" data-id=\"16837\" src=\"https:\/\/mobilitatechisinau.md\/wp-content\/uploads\/2026\/02\/9-4.jpg\" alt=\"\" class=\"wp-image-16837\" srcset=\"https:\/\/mobilitatechisinau.md\/wp-content\/uploads\/2026\/02\/9-4.jpg 525w, https:\/\/mobilitatechisinau.md\/wp-content\/uploads\/2026\/02\/9-4-225x300.jpg 225w, https:\/\/mobilitatechisinau.md\/wp-content\/uploads\/2026\/02\/9-4-9x12.jpg 9w, https:\/\/mobilitatechisinau.md\/wp-content\/uploads\/2026\/02\/9-4-262x350.jpg 262w\" sizes=\"(max-width: 525px) 100vw, 525px\" \/><\/figure>\n\n\n\n<figure class=\"wp-block-image size-large\"><img loading=\"lazy\" decoding=\"async\" width=\"525\" height=\"700\" data-id=\"16838\" src=\"https:\/\/mobilitatechisinau.md\/wp-content\/uploads\/2026\/02\/10-3.jpg\" alt=\"\" class=\"wp-image-16838\" srcset=\"https:\/\/mobilitatechisinau.md\/wp-content\/uploads\/2026\/02\/10-3.jpg 525w, https:\/\/mobilitatechisinau.md\/wp-content\/uploads\/2026\/02\/10-3-225x300.jpg 225w, https:\/\/mobilitatechisinau.md\/wp-content\/uploads\/2026\/02\/10-3-9x12.jpg 9w, https:\/\/mobilitatechisinau.md\/wp-content\/uploads\/2026\/02\/10-3-262x350.jpg 262w\" sizes=\"(max-width: 525px) 100vw, 525px\" \/><\/figure>\n\n\n\n<figure class=\"wp-block-image size-large\"><img loading=\"lazy\" decoding=\"async\" width=\"525\" height=\"700\" data-id=\"16839\" src=\"https:\/\/mobilitatechisinau.md\/wp-content\/uploads\/2026\/02\/11-4.jpg\" alt=\"\" class=\"wp-image-16839\" srcset=\"https:\/\/mobilitatechisinau.md\/wp-content\/uploads\/2026\/02\/11-4.jpg 525w, https:\/\/mobilitatechisinau.md\/wp-content\/uploads\/2026\/02\/11-4-225x300.jpg 225w, https:\/\/mobilitatechisinau.md\/wp-content\/uploads\/2026\/02\/11-4-9x12.jpg 9w, https:\/\/mobilitatechisinau.md\/wp-content\/uploads\/2026\/02\/11-4-262x350.jpg 262w\" sizes=\"(max-width: 525px) 100vw, 525px\" \/><\/figure>\n\n\n\n<figure class=\"wp-block-image size-large\"><img loading=\"lazy\" decoding=\"async\" width=\"525\" height=\"700\" data-id=\"16840\" src=\"https:\/\/mobilitatechisinau.md\/wp-content\/uploads\/2026\/02\/12-3.jpg\" alt=\"\" class=\"wp-image-16840\" srcset=\"https:\/\/mobilitatechisinau.md\/wp-content\/uploads\/2026\/02\/12-3.jpg 525w, https:\/\/mobilitatechisinau.md\/wp-content\/uploads\/2026\/02\/12-3-225x300.jpg 225w, https:\/\/mobilitatechisinau.md\/wp-content\/uploads\/2026\/02\/12-3-9x12.jpg 9w, https:\/\/mobilitatechisinau.md\/wp-content\/uploads\/2026\/02\/12-3-262x350.jpg 262w\" sizes=\"(max-width: 525px) 100vw, 525px\" \/><\/figure>\n\n\n\n<figure class=\"wp-block-image size-large\"><img loading=\"lazy\" decoding=\"async\" width=\"394\" height=\"700\" data-id=\"16841\" src=\"https:\/\/mobilitatechisinau.md\/wp-content\/uploads\/2026\/02\/13-2.jpg\" alt=\"\" class=\"wp-image-16841\" srcset=\"https:\/\/mobilitatechisinau.md\/wp-content\/uploads\/2026\/02\/13-2.jpg 394w, https:\/\/mobilitatechisinau.md\/wp-content\/uploads\/2026\/02\/13-2-169x300.jpg 169w, https:\/\/mobilitatechisinau.md\/wp-content\/uploads\/2026\/02\/13-2-7x12.jpg 7w, https:\/\/mobilitatechisinau.md\/wp-content\/uploads\/2026\/02\/13-2-197x350.jpg 197w\" sizes=\"(max-width: 394px) 100vw, 394px\" \/><\/figure>\n\n\n\n<figure class=\"wp-block-image size-large\"><img loading=\"lazy\" decoding=\"async\" width=\"525\" height=\"700\" data-id=\"16842\" src=\"https:\/\/mobilitatechisinau.md\/wp-content\/uploads\/2026\/02\/14-2.jpg\" alt=\"\" class=\"wp-image-16842\" srcset=\"https:\/\/mobilitatechisinau.md\/wp-content\/uploads\/2026\/02\/14-2.jpg 525w, https:\/\/mobilitatechisinau.md\/wp-content\/uploads\/2026\/02\/14-2-225x300.jpg 225w, https:\/\/mobilitatechisinau.md\/wp-content\/uploads\/2026\/02\/14-2-9x12.jpg 9w, https:\/\/mobilitatechisinau.md\/wp-content\/uploads\/2026\/02\/14-2-262x350.jpg 262w\" sizes=\"(max-width: 525px) 100vw, 525px\" \/><\/figure>\n\n\n\n<figure class=\"wp-block-image size-large\"><img loading=\"lazy\" decoding=\"async\" width=\"525\" height=\"700\" data-id=\"16843\" src=\"https:\/\/mobilitatechisinau.md\/wp-content\/uploads\/2026\/02\/15-2.jpg\" alt=\"\" class=\"wp-image-16843\" srcset=\"https:\/\/mobilitatechisinau.md\/wp-content\/uploads\/2026\/02\/15-2.jpg 525w, https:\/\/mobilitatechisinau.md\/wp-content\/uploads\/2026\/02\/15-2-225x300.jpg 225w, https:\/\/mobilitatechisinau.md\/wp-content\/uploads\/2026\/02\/15-2-9x12.jpg 9w, https:\/\/mobilitatechisinau.md\/wp-content\/uploads\/2026\/02\/15-2-262x350.jpg 262w\" sizes=\"(max-width: 525px) 100vw, 525px\" \/><\/figure>\n<\/figure>\n","protected":false},"excerpt":{"rendered":"<p>\u00cen perioada 2\u20138 februarie 2026, Regia \u201eExdrupo\u201d a desf\u0103\u0219urat interven\u021bii pentru remedierea avariilor ap\u0103rute pe carosabil, precum \u0219i ac\u021biuni de desz\u0103pezire \u0219i combatere a poleiului pe drumurile publice municipale. \u00cen prima parte a s\u0103pt\u0103m\u00e2nii, c\u00e2nd condi\u021biile meteorologice au permis desf\u0103\u0219urarea lucr\u0103rilor, echipele au intervenit \u00een regim extins, inclusiv pe timp de zi \u0219i noapte, efectu\u00e2nd [&hellip;]<\/p>\n","protected":false},"author":1,"featured_media":16829,"comment_status":"closed","ping_status":"open","sticky":false,"template":"","format":"standard","meta":{"footnotes":""},"categories":[92],"tags":[],"class_list":["post-16828","post","type-post","status-publish","format-standard","has-post-thumbnail","hentry","category-comunicate"],"yoast_head":"<!-- This site is optimized with the Yoast SEO plugin v23.9 - https:\/\/yoast.com\/wordpress\/plugins\/seo\/ -->\n<title>Lucr\u0103ri de repara\u021bie \u0219i \u00eentre\u021binere a infrastructurii rutiere municipale executate pe parcursul s\u0103pt\u0103m\u00e2nii trecute - mobilitatechisinau.md<\/title>\n<meta name=\"robots\" content=\"index, follow, max-snippet:-1, max-image-preview:large, max-video-preview:-1\" \/>\n<link rel=\"canonical\" href=\"https:\/\/mobilitatechisinau.md\/?p=16828\" \/>\n<meta property=\"og:locale\" content=\"ro_RO\" \/>\n<meta property=\"og:type\" content=\"article\" \/>\n<meta property=\"og:title\" content=\"Lucr\u0103ri de repara\u021bie \u0219i \u00eentre\u021binere a infrastructurii rutiere municipale executate pe parcursul s\u0103pt\u0103m\u00e2nii trecute - mobilitatechisinau.md\" \/>\n<meta property=\"og:description\" content=\"\u00cen perioada 2\u20138 februarie 2026, Regia \u201eExdrupo\u201d a desf\u0103\u0219urat interven\u021bii pentru remedierea avariilor ap\u0103rute pe carosabil, precum \u0219i ac\u021biuni de desz\u0103pezire \u0219i combatere a poleiului pe drumurile publice municipale. \u00cen prima parte a s\u0103pt\u0103m\u00e2nii, c\u00e2nd condi\u021biile meteorologice au permis desf\u0103\u0219urarea lucr\u0103rilor, echipele au intervenit \u00een regim extins, inclusiv pe timp de zi \u0219i noapte, efectu\u00e2nd [&hellip;]\" \/>\n<meta property=\"og:url\" content=\"https:\/\/mobilitatechisinau.md\/?p=16828\" \/>\n<meta property=\"og:site_name\" content=\"mobilitatechisinau.md\" \/>\n<meta property=\"article:publisher\" content=\"https:\/\/www.facebook.com\/DGTPCC\" \/>\n<meta property=\"article:published_time\" content=\"2026-02-09T12:32:21+00:00\" \/>\n<meta property=\"article:modified_time\" content=\"2026-02-11T12:37:22+00:00\" \/>\n<meta property=\"og:image\" content=\"https:\/\/mobilitatechisinau.md\/wp-content\/uploads\/2026\/02\/09-februarie.jpg\" \/>\n\t<meta property=\"og:image:width\" content=\"1200\" \/>\n\t<meta property=\"og:image:height\" content=\"700\" \/>\n\t<meta property=\"og:image:type\" content=\"image\/jpeg\" \/>\n<meta name=\"author\" content=\"dgtpcc.md\" \/>\n<meta name=\"twitter:card\" content=\"summary_large_image\" \/>\n<meta name=\"twitter:label1\" content=\"Scris de\" \/>\n\t<meta name=\"twitter:data1\" content=\"dgtpcc.md\" \/>\n\t<meta name=\"twitter:label2\" content=\"Timp estimat pentru citire\" \/>\n\t<meta name=\"twitter:data2\" content=\"5 minute\" \/>\n<script type=\"application\/ld+json\" class=\"yoast-schema-graph\">{\"@context\":\"https:\/\/schema.org\",\"@graph\":[{\"@type\":\"Article\",\"@id\":\"https:\/\/mobilitatechisinau.md\/?p=16828#article\",\"isPartOf\":{\"@id\":\"https:\/\/mobilitatechisinau.md\/?p=16828\"},\"author\":{\"name\":\"dgtpcc.md\",\"@id\":\"https:\/\/mobilitatechisinau.md\/#\/schema\/person\/c25d28ff5553bea759689e10224709c7\"},\"headline\":\"Lucr\u0103ri de repara\u021bie \u0219i \u00eentre\u021binere a infrastructurii rutiere municipale executate pe parcursul s\u0103pt\u0103m\u00e2nii trecute\",\"datePublished\":\"2026-02-09T12:32:21+00:00\",\"dateModified\":\"2026-02-11T12:37:22+00:00\",\"mainEntityOfPage\":{\"@id\":\"https:\/\/mobilitatechisinau.md\/?p=16828\"},\"wordCount\":337,\"publisher\":{\"@id\":\"https:\/\/mobilitatechisinau.md\/#organization\"},\"image\":{\"@id\":\"https:\/\/mobilitatechisinau.md\/?p=16828#primaryimage\"},\"thumbnailUrl\":\"https:\/\/mobilitatechisinau.md\/wp-content\/uploads\/2026\/02\/09-februarie.jpg\",\"articleSection\":[\"Comunicate de pres\u0103\"],\"inLanguage\":\"ro-RO\"},{\"@type\":\"WebPage\",\"@id\":\"https:\/\/mobilitatechisinau.md\/?p=16828\",\"url\":\"https:\/\/mobilitatechisinau.md\/?p=16828\",\"name\":\"Lucr\u0103ri de repara\u021bie \u0219i \u00eentre\u021binere a infrastructurii rutiere municipale executate pe parcursul s\u0103pt\u0103m\u00e2nii trecute - mobilitatechisinau.md\",\"isPartOf\":{\"@id\":\"https:\/\/mobilitatechisinau.md\/#website\"},\"primaryImageOfPage\":{\"@id\":\"https:\/\/mobilitatechisinau.md\/?p=16828#primaryimage\"},\"image\":{\"@id\":\"https:\/\/mobilitatechisinau.md\/?p=16828#primaryimage\"},\"thumbnailUrl\":\"https:\/\/mobilitatechisinau.md\/wp-content\/uploads\/2026\/02\/09-februarie.jpg\",\"datePublished\":\"2026-02-09T12:32:21+00:00\",\"dateModified\":\"2026-02-11T12:37:22+00:00\",\"breadcrumb\":{\"@id\":\"https:\/\/mobilitatechisinau.md\/?p=16828#breadcrumb\"},\"inLanguage\":\"ro-RO\",\"potentialAction\":[{\"@type\":\"ReadAction\",\"target\":[\"https:\/\/mobilitatechisinau.md\/?p=16828\"]}]},{\"@type\":\"ImageObject\",\"inLanguage\":\"ro-RO\",\"@id\":\"https:\/\/mobilitatechisinau.md\/?p=16828#primaryimage\",\"url\":\"https:\/\/mobilitatechisinau.md\/wp-content\/uploads\/2026\/02\/09-februarie.jpg\",\"contentUrl\":\"https:\/\/mobilitatechisinau.md\/wp-content\/uploads\/2026\/02\/09-februarie.jpg\",\"width\":1200,\"height\":700},{\"@type\":\"BreadcrumbList\",\"@id\":\"https:\/\/mobilitatechisinau.md\/?p=16828#breadcrumb\",\"itemListElement\":[{\"@type\":\"ListItem\",\"position\":1,\"name\":\"Prima pagin\u0103\",\"item\":\"https:\/\/mobilitatechisinau.md\/\"},{\"@type\":\"ListItem\",\"position\":2,\"name\":\"Lucr\u0103ri de repara\u021bie \u0219i \u00eentre\u021binere a infrastructurii rutiere municipale executate pe parcursul s\u0103pt\u0103m\u00e2nii trecute\"}]},{\"@type\":\"WebSite\",\"@id\":\"https:\/\/mobilitatechisinau.md\/#website\",\"url\":\"https:\/\/mobilitatechisinau.md\/\",\"name\":\"mobilitatechisinau.md\",\"description\":\"Direc\u0163ia General\u0103 Mobilitate Urban\u0103\",\"publisher\":{\"@id\":\"https:\/\/mobilitatechisinau.md\/#organization\"},\"potentialAction\":[{\"@type\":\"SearchAction\",\"target\":{\"@type\":\"EntryPoint\",\"urlTemplate\":\"https:\/\/mobilitatechisinau.md\/?s={search_term_string}\"},\"query-input\":{\"@type\":\"PropertyValueSpecification\",\"valueRequired\":true,\"valueName\":\"search_term_string\"}}],\"inLanguage\":\"ro-RO\"},{\"@type\":\"Organization\",\"@id\":\"https:\/\/mobilitatechisinau.md\/#organization\",\"name\":\"Direc\u0163ia general\u0103 transport public \u015fi c\u0103i de comunica\u0163ie\",\"url\":\"https:\/\/mobilitatechisinau.md\/\",\"logo\":{\"@type\":\"ImageObject\",\"inLanguage\":\"ro-RO\",\"@id\":\"https:\/\/mobilitatechisinau.md\/#\/schema\/logo\/image\/\",\"url\":\"https:\/\/dgtpcc.md\/wp-content\/uploads\/2022\/05\/DGTPCC-Chis\u0326ina\u0306u-new.jpg\",\"contentUrl\":\"https:\/\/dgtpcc.md\/wp-content\/uploads\/2022\/05\/DGTPCC-Chis\u0326ina\u0306u-new.jpg\",\"width\":304,\"height\":80,\"caption\":\"Direc\u0163ia general\u0103 transport public \u015fi c\u0103i de comunica\u0163ie\"},\"image\":{\"@id\":\"https:\/\/mobilitatechisinau.md\/#\/schema\/logo\/image\/\"},\"sameAs\":[\"https:\/\/www.facebook.com\/DGTPCC\"]},{\"@type\":\"Person\",\"@id\":\"https:\/\/mobilitatechisinau.md\/#\/schema\/person\/c25d28ff5553bea759689e10224709c7\",\"name\":\"dgtpcc.md\",\"image\":{\"@type\":\"ImageObject\",\"inLanguage\":\"ro-RO\",\"@id\":\"https:\/\/mobilitatechisinau.md\/#\/schema\/person\/image\/\",\"url\":\"https:\/\/secure.gravatar.com\/avatar\/9057a81ed6aa6c63f6d0d045749b3708fa15d612e3a388d9ac7b50072146c906?s=96&d=mm&r=g\",\"contentUrl\":\"https:\/\/secure.gravatar.com\/avatar\/9057a81ed6aa6c63f6d0d045749b3708fa15d612e3a388d9ac7b50072146c906?s=96&d=mm&r=g\",\"caption\":\"dgtpcc.md\"},\"sameAs\":[\"https:\/\/dgtpcc.md\"],\"url\":\"https:\/\/mobilitatechisinau.md\/?author=1\"}]}<\/script>\n<!-- \/ Yoast SEO plugin. -->","yoast_head_json":{"title":"Lucr\u0103ri de repara\u021bie \u0219i \u00eentre\u021binere a infrastructurii rutiere municipale executate pe parcursul s\u0103pt\u0103m\u00e2nii trecute - mobilitatechisinau.md","robots":{"index":"index","follow":"follow","max-snippet":"max-snippet:-1","max-image-preview":"max-image-preview:large","max-video-preview":"max-video-preview:-1"},"canonical":"https:\/\/mobilitatechisinau.md\/?p=16828","og_locale":"ro_RO","og_type":"article","og_title":"Lucr\u0103ri de repara\u021bie \u0219i \u00eentre\u021binere a infrastructurii rutiere municipale executate pe parcursul s\u0103pt\u0103m\u00e2nii trecute - mobilitatechisinau.md","og_description":"\u00cen perioada 2\u20138 februarie 2026, Regia \u201eExdrupo\u201d a desf\u0103\u0219urat interven\u021bii pentru remedierea avariilor ap\u0103rute pe carosabil, precum \u0219i ac\u021biuni de desz\u0103pezire \u0219i combatere a poleiului pe drumurile publice municipale. \u00cen prima parte a s\u0103pt\u0103m\u00e2nii, c\u00e2nd condi\u021biile meteorologice au permis desf\u0103\u0219urarea lucr\u0103rilor, echipele au intervenit \u00een regim extins, inclusiv pe timp de zi \u0219i noapte, efectu\u00e2nd [&hellip;]","og_url":"https:\/\/mobilitatechisinau.md\/?p=16828","og_site_name":"mobilitatechisinau.md","article_publisher":"https:\/\/www.facebook.com\/DGTPCC","article_published_time":"2026-02-09T12:32:21+00:00","article_modified_time":"2026-02-11T12:37:22+00:00","og_image":[{"width":1200,"height":700,"url":"https:\/\/mobilitatechisinau.md\/wp-content\/uploads\/2026\/02\/09-februarie.jpg","type":"image\/jpeg"}],"author":"dgtpcc.md","twitter_card":"summary_large_image","twitter_misc":{"Scris de":"dgtpcc.md","Timp estimat pentru citire":"5 minute"},"schema":{"@context":"https:\/\/schema.org","@graph":[{"@type":"Article","@id":"https:\/\/mobilitatechisinau.md\/?p=16828#article","isPartOf":{"@id":"https:\/\/mobilitatechisinau.md\/?p=16828"},"author":{"name":"dgtpcc.md","@id":"https:\/\/mobilitatechisinau.md\/#\/schema\/person\/c25d28ff5553bea759689e10224709c7"},"headline":"Lucr\u0103ri de repara\u021bie \u0219i \u00eentre\u021binere a infrastructurii rutiere municipale executate pe parcursul s\u0103pt\u0103m\u00e2nii trecute","datePublished":"2026-02-09T12:32:21+00:00","dateModified":"2026-02-11T12:37:22+00:00","mainEntityOfPage":{"@id":"https:\/\/mobilitatechisinau.md\/?p=16828"},"wordCount":337,"publisher":{"@id":"https:\/\/mobilitatechisinau.md\/#organization"},"image":{"@id":"https:\/\/mobilitatechisinau.md\/?p=16828#primaryimage"},"thumbnailUrl":"https:\/\/mobilitatechisinau.md\/wp-content\/uploads\/2026\/02\/09-februarie.jpg","articleSection":["Comunicate de pres\u0103"],"inLanguage":"ro-RO"},{"@type":"WebPage","@id":"https:\/\/mobilitatechisinau.md\/?p=16828","url":"https:\/\/mobilitatechisinau.md\/?p=16828","name":"Lucr\u0103ri de repara\u021bie \u0219i \u00eentre\u021binere a infrastructurii rutiere municipale executate pe parcursul s\u0103pt\u0103m\u00e2nii trecute - mobilitatechisinau.md","isPartOf":{"@id":"https:\/\/mobilitatechisinau.md\/#website"},"primaryImageOfPage":{"@id":"https:\/\/mobilitatechisinau.md\/?p=16828#primaryimage"},"image":{"@id":"https:\/\/mobilitatechisinau.md\/?p=16828#primaryimage"},"thumbnailUrl":"https:\/\/mobilitatechisinau.md\/wp-content\/uploads\/2026\/02\/09-februarie.jpg","datePublished":"2026-02-09T12:32:21+00:00","dateModified":"2026-02-11T12:37:22+00:00","breadcrumb":{"@id":"https:\/\/mobilitatechisinau.md\/?p=16828#breadcrumb"},"inLanguage":"ro-RO","potentialAction":[{"@type":"ReadAction","target":["https:\/\/mobilitatechisinau.md\/?p=16828"]}]},{"@type":"ImageObject","inLanguage":"ro-RO","@id":"https:\/\/mobilitatechisinau.md\/?p=16828#primaryimage","url":"https:\/\/mobilitatechisinau.md\/wp-content\/uploads\/2026\/02\/09-februarie.jpg","contentUrl":"https:\/\/mobilitatechisinau.md\/wp-content\/uploads\/2026\/02\/09-februarie.jpg","width":1200,"height":700},{"@type":"BreadcrumbList","@id":"https:\/\/mobilitatechisinau.md\/?p=16828#breadcrumb","itemListElement":[{"@type":"ListItem","position":1,"name":"Prima pagin\u0103","item":"https:\/\/mobilitatechisinau.md\/"},{"@type":"ListItem","position":2,"name":"Lucr\u0103ri de repara\u021bie \u0219i \u00eentre\u021binere a infrastructurii rutiere municipale executate pe parcursul s\u0103pt\u0103m\u00e2nii trecute"}]},{"@type":"WebSite","@id":"https:\/\/mobilitatechisinau.md\/#website","url":"https:\/\/mobilitatechisinau.md\/","name":"mobilitatechisinau.md","description":"Direc\u0163ia General\u0103 Mobilitate Urban\u0103","publisher":{"@id":"https:\/\/mobilitatechisinau.md\/#organization"},"potentialAction":[{"@type":"SearchAction","target":{"@type":"EntryPoint","urlTemplate":"https:\/\/mobilitatechisinau.md\/?s={search_term_string}"},"query-input":{"@type":"PropertyValueSpecification","valueRequired":true,"valueName":"search_term_string"}}],"inLanguage":"ro-RO"},{"@type":"Organization","@id":"https:\/\/mobilitatechisinau.md\/#organization","name":"Direc\u0163ia general\u0103 transport public \u015fi c\u0103i de comunica\u0163ie","url":"https:\/\/mobilitatechisinau.md\/","logo":{"@type":"ImageObject","inLanguage":"ro-RO","@id":"https:\/\/mobilitatechisinau.md\/#\/schema\/logo\/image\/","url":"https:\/\/dgtpcc.md\/wp-content\/uploads\/2022\/05\/DGTPCC-Chis\u0326ina\u0306u-new.jpg","contentUrl":"https:\/\/dgtpcc.md\/wp-content\/uploads\/2022\/05\/DGTPCC-Chis\u0326ina\u0306u-new.jpg","width":304,"height":80,"caption":"Direc\u0163ia general\u0103 transport public \u015fi c\u0103i de comunica\u0163ie"},"image":{"@id":"https:\/\/mobilitatechisinau.md\/#\/schema\/logo\/image\/"},"sameAs":["https:\/\/www.facebook.com\/DGTPCC"]},{"@type":"Person","@id":"https:\/\/mobilitatechisinau.md\/#\/schema\/person\/c25d28ff5553bea759689e10224709c7","name":"dgtpcc.md","image":{"@type":"ImageObject","inLanguage":"ro-RO","@id":"https:\/\/mobilitatechisinau.md\/#\/schema\/person\/image\/","url":"https:\/\/secure.gravatar.com\/avatar\/9057a81ed6aa6c63f6d0d045749b3708fa15d612e3a388d9ac7b50072146c906?s=96&d=mm&r=g","contentUrl":"https:\/\/secure.gravatar.com\/avatar\/9057a81ed6aa6c63f6d0d045749b3708fa15d612e3a388d9ac7b50072146c906?s=96&d=mm&r=g","caption":"dgtpcc.md"},"sameAs":["https:\/\/dgtpcc.md"],"url":"https:\/\/mobilitatechisinau.md\/?author=1"}]}},"_links":{"self":[{"href":"https:\/\/mobilitatechisinau.md\/index.php?rest_route=\/wp\/v2\/posts\/16828","targetHints":{"allow":["GET"]}}],"collection":[{"href":"https:\/\/mobilitatechisinau.md\/index.php?rest_route=\/wp\/v2\/posts"}],"about":[{"href":"https:\/\/mobilitatechisinau.md\/index.php?rest_route=\/wp\/v2\/types\/post"}],"author":[{"embeddable":true,"href":"https:\/\/mobilitatechisinau.md\/index.php?rest_route=\/wp\/v2\/users\/1"}],"replies":[{"embeddable":true,"href":"https:\/\/mobilitatechisinau.md\/index.php?rest_route=%2Fwp%2Fv2%2Fcomments&post=16828"}],"version-history":[{"count":1,"href":"https:\/\/mobilitatechisinau.md\/index.php?rest_route=\/wp\/v2\/posts\/16828\/revisions"}],"predecessor-version":[{"id":16844,"href":"https:\/\/mobilitatechisinau.md\/index.php?rest_route=\/wp\/v2\/posts\/16828\/revisions\/16844"}],"wp:featuredmedia":[{"embeddable":true,"href":"https:\/\/mobilitatechisinau.md\/index.php?rest_route=\/wp\/v2\/media\/16829"}],"wp:attachment":[{"href":"https:\/\/mobilitatechisinau.md\/index.php?rest_route=%2Fwp%2Fv2%2Fmedia&parent=16828"}],"wp:term":[{"taxonomy":"category","embeddable":true,"href":"https:\/\/mobilitatechisinau.md\/index.php?rest_route=%2Fwp%2Fv2%2Fcategories&post=16828"},{"taxonomy":"post_tag","embeddable":true,"href":"https:\/\/mobilitatechisinau.md\/index.php?rest_route=%2Fwp%2Fv2%2Ftags&post=16828"}],"curies":[{"name":"wp","href":"https:\/\/api.w.org\/{rel}","templated":true}]}}