{"id":16859,"date":"2026-02-10T15:06:10","date_gmt":"2026-02-10T13:06:10","guid":{"rendered":"https:\/\/mobilitatechisinau.md\/?p=16859"},"modified":"2026-02-16T15:18:23","modified_gmt":"2026-02-16T13:18:23","slug":"interventii-continue-pentru-remedierea-degradarilor-carosabilului-in-municipiul-chisinau","status":"publish","type":"post","link":"https:\/\/mobilitatechisinau.md\/?p=16859","title":{"rendered":"Interven\u021bii continue pentru remedierea degrad\u0103rilor carosabilului \u00een municipiul Chi\u0219in\u0103u"},"content":{"rendered":"\n<p>Direc\u021bia General\u0103 Mobilitate Urban\u0103 informeaz\u0103 c\u0103 lucr\u0103rile de remediere a degrad\u0103rilor ap\u0103rute pe carosabil continu\u0103 pe str\u0103zile Capitalei, \u00een contextul condi\u021biilor meteorologice specifice sezonului rece.<\/p>\n\n\n\n<p>Echipele intervin constant, \u00een func\u021bie de evolu\u021bia vremii, pentru \u00eembun\u0103t\u0103\u021birea condi\u021biilor de circula\u021bie \u0219i reducerea riscurilor \u00een trafic. Prioritate au arterele intens circulate \u0219i traseele transportului public, unde degrad\u0103rile afecteaz\u0103 direct siguran\u021ba deplas\u0103rii.<\/p>\n\n\n\n<p>Interven\u021biile sunt realizate prin solu\u021bii provizorii adaptate perioadei de iarn\u0103, menite s\u0103 men\u021bin\u0103 carosabilul practicabil p\u00e2n\u0103 la stabilizarea temperaturilor. Odat\u0103 cu ameliorarea condi\u021biilor meteo, vor fi reluate lucr\u0103rile de repara\u021bie durabil\u0103, conform normativelor tehnice aplicabile.<\/p>\n\n\n\n<figure class=\"wp-block-gallery has-nested-images columns-default is-cropped wp-block-gallery-1 is-layout-flex wp-block-gallery-is-layout-flex\">\n<figure class=\"wp-block-image size-large\"><img fetchpriority=\"high\" decoding=\"async\" width=\"525\" height=\"700\" data-id=\"16861\" src=\"https:\/\/mobilitatechisinau.md\/wp-content\/uploads\/2026\/02\/1-8.jpg\" alt=\"\" class=\"wp-image-16861\" srcset=\"https:\/\/mobilitatechisinau.md\/wp-content\/uploads\/2026\/02\/1-8.jpg 525w, https:\/\/mobilitatechisinau.md\/wp-content\/uploads\/2026\/02\/1-8-225x300.jpg 225w, https:\/\/mobilitatechisinau.md\/wp-content\/uploads\/2026\/02\/1-8-9x12.jpg 9w, https:\/\/mobilitatechisinau.md\/wp-content\/uploads\/2026\/02\/1-8-262x350.jpg 262w\" sizes=\"(max-width: 525px) 100vw, 525px\" \/><\/figure>\n\n\n\n<figure class=\"wp-block-image size-large\"><img decoding=\"async\" width=\"525\" height=\"700\" data-id=\"16866\" src=\"https:\/\/mobilitatechisinau.md\/wp-content\/uploads\/2026\/02\/2-8.jpg\" alt=\"\" class=\"wp-image-16866\" srcset=\"https:\/\/mobilitatechisinau.md\/wp-content\/uploads\/2026\/02\/2-8.jpg 525w, https:\/\/mobilitatechisinau.md\/wp-content\/uploads\/2026\/02\/2-8-225x300.jpg 225w, https:\/\/mobilitatechisinau.md\/wp-content\/uploads\/2026\/02\/2-8-9x12.jpg 9w, https:\/\/mobilitatechisinau.md\/wp-content\/uploads\/2026\/02\/2-8-262x350.jpg 262w\" sizes=\"(max-width: 525px) 100vw, 525px\" \/><\/figure>\n\n\n\n<figure class=\"wp-block-image size-large\"><img decoding=\"async\" width=\"525\" height=\"700\" data-id=\"16869\" src=\"https:\/\/mobilitatechisinau.md\/wp-content\/uploads\/2026\/02\/3-9.jpg\" alt=\"\" class=\"wp-image-16869\" srcset=\"https:\/\/mobilitatechisinau.md\/wp-content\/uploads\/2026\/02\/3-9.jpg 525w, https:\/\/mobilitatechisinau.md\/wp-content\/uploads\/2026\/02\/3-9-225x300.jpg 225w, https:\/\/mobilitatechisinau.md\/wp-content\/uploads\/2026\/02\/3-9-9x12.jpg 9w, https:\/\/mobilitatechisinau.md\/wp-content\/uploads\/2026\/02\/3-9-262x350.jpg 262w\" sizes=\"(max-width: 525px) 100vw, 525px\" \/><\/figure>\n\n\n\n<figure class=\"wp-block-image size-large\"><img loading=\"lazy\" decoding=\"async\" width=\"525\" height=\"700\" data-id=\"16872\" src=\"https:\/\/mobilitatechisinau.md\/wp-content\/uploads\/2026\/02\/4-9.jpg\" alt=\"\" class=\"wp-image-16872\" srcset=\"https:\/\/mobilitatechisinau.md\/wp-content\/uploads\/2026\/02\/4-9.jpg 525w, https:\/\/mobilitatechisinau.md\/wp-content\/uploads\/2026\/02\/4-9-225x300.jpg 225w, https:\/\/mobilitatechisinau.md\/wp-content\/uploads\/2026\/02\/4-9-9x12.jpg 9w, https:\/\/mobilitatechisinau.md\/wp-content\/uploads\/2026\/02\/4-9-262x350.jpg 262w\" sizes=\"(max-width: 525px) 100vw, 525px\" \/><\/figure>\n\n\n\n<figure class=\"wp-block-image size-large\"><img loading=\"lazy\" decoding=\"async\" width=\"525\" height=\"700\" data-id=\"16867\" src=\"https:\/\/mobilitatechisinau.md\/wp-content\/uploads\/2026\/02\/5-7.jpg\" alt=\"\" class=\"wp-image-16867\" srcset=\"https:\/\/mobilitatechisinau.md\/wp-content\/uploads\/2026\/02\/5-7.jpg 525w, https:\/\/mobilitatechisinau.md\/wp-content\/uploads\/2026\/02\/5-7-225x300.jpg 225w, https:\/\/mobilitatechisinau.md\/wp-content\/uploads\/2026\/02\/5-7-9x12.jpg 9w, https:\/\/mobilitatechisinau.md\/wp-content\/uploads\/2026\/02\/5-7-262x350.jpg 262w\" sizes=\"(max-width: 525px) 100vw, 525px\" \/><\/figure>\n\n\n\n<figure class=\"wp-block-image size-large\"><img loading=\"lazy\" decoding=\"async\" width=\"933\" height=\"700\" data-id=\"16864\" src=\"https:\/\/mobilitatechisinau.md\/wp-content\/uploads\/2026\/02\/6-8.jpg\" alt=\"\" class=\"wp-image-16864\" srcset=\"https:\/\/mobilitatechisinau.md\/wp-content\/uploads\/2026\/02\/6-8.jpg 933w, https:\/\/mobilitatechisinau.md\/wp-content\/uploads\/2026\/02\/6-8-300x225.jpg 300w, https:\/\/mobilitatechisinau.md\/wp-content\/uploads\/2026\/02\/6-8-768x576.jpg 768w, https:\/\/mobilitatechisinau.md\/wp-content\/uploads\/2026\/02\/6-8-16x12.jpg 16w, https:\/\/mobilitatechisinau.md\/wp-content\/uploads\/2026\/02\/6-8-466x350.jpg 466w\" sizes=\"(max-width: 933px) 100vw, 933px\" \/><\/figure>\n\n\n\n<figure class=\"wp-block-image size-large\"><img loading=\"lazy\" decoding=\"async\" width=\"525\" height=\"700\" data-id=\"16862\" src=\"https:\/\/mobilitatechisinau.md\/wp-content\/uploads\/2026\/02\/7-8.jpg\" alt=\"\" class=\"wp-image-16862\" srcset=\"https:\/\/mobilitatechisinau.md\/wp-content\/uploads\/2026\/02\/7-8.jpg 525w, https:\/\/mobilitatechisinau.md\/wp-content\/uploads\/2026\/02\/7-8-225x300.jpg 225w, https:\/\/mobilitatechisinau.md\/wp-content\/uploads\/2026\/02\/7-8-9x12.jpg 9w, https:\/\/mobilitatechisinau.md\/wp-content\/uploads\/2026\/02\/7-8-262x350.jpg 262w\" sizes=\"(max-width: 525px) 100vw, 525px\" \/><\/figure>\n\n\n\n<figure class=\"wp-block-image size-large\"><img loading=\"lazy\" decoding=\"async\" width=\"525\" height=\"700\" data-id=\"16873\" src=\"https:\/\/mobilitatechisinau.md\/wp-content\/uploads\/2026\/02\/8-6.jpg\" alt=\"\" class=\"wp-image-16873\" srcset=\"https:\/\/mobilitatechisinau.md\/wp-content\/uploads\/2026\/02\/8-6.jpg 525w, https:\/\/mobilitatechisinau.md\/wp-content\/uploads\/2026\/02\/8-6-225x300.jpg 225w, https:\/\/mobilitatechisinau.md\/wp-content\/uploads\/2026\/02\/8-6-9x12.jpg 9w, https:\/\/mobilitatechisinau.md\/wp-content\/uploads\/2026\/02\/8-6-262x350.jpg 262w\" sizes=\"(max-width: 525px) 100vw, 525px\" \/><\/figure>\n\n\n\n<figure class=\"wp-block-image size-large\"><img loading=\"lazy\" decoding=\"async\" width=\"525\" height=\"700\" data-id=\"16868\" src=\"https:\/\/mobilitatechisinau.md\/wp-content\/uploads\/2026\/02\/9-5.jpg\" alt=\"\" class=\"wp-image-16868\" srcset=\"https:\/\/mobilitatechisinau.md\/wp-content\/uploads\/2026\/02\/9-5.jpg 525w, https:\/\/mobilitatechisinau.md\/wp-content\/uploads\/2026\/02\/9-5-225x300.jpg 225w, https:\/\/mobilitatechisinau.md\/wp-content\/uploads\/2026\/02\/9-5-9x12.jpg 9w, https:\/\/mobilitatechisinau.md\/wp-content\/uploads\/2026\/02\/9-5-262x350.jpg 262w\" sizes=\"(max-width: 525px) 100vw, 525px\" \/><\/figure>\n\n\n\n<figure class=\"wp-block-image size-large\"><img loading=\"lazy\" decoding=\"async\" width=\"933\" height=\"700\" data-id=\"16863\" src=\"https:\/\/mobilitatechisinau.md\/wp-content\/uploads\/2026\/02\/10-4.jpg\" alt=\"\" class=\"wp-image-16863\" srcset=\"https:\/\/mobilitatechisinau.md\/wp-content\/uploads\/2026\/02\/10-4.jpg 933w, https:\/\/mobilitatechisinau.md\/wp-content\/uploads\/2026\/02\/10-4-300x225.jpg 300w, https:\/\/mobilitatechisinau.md\/wp-content\/uploads\/2026\/02\/10-4-768x576.jpg 768w, https:\/\/mobilitatechisinau.md\/wp-content\/uploads\/2026\/02\/10-4-16x12.jpg 16w, https:\/\/mobilitatechisinau.md\/wp-content\/uploads\/2026\/02\/10-4-466x350.jpg 466w\" sizes=\"(max-width: 933px) 100vw, 933px\" \/><\/figure>\n\n\n\n<figure class=\"wp-block-image size-large\"><img loading=\"lazy\" decoding=\"async\" width=\"525\" height=\"700\" data-id=\"16865\" src=\"https:\/\/mobilitatechisinau.md\/wp-content\/uploads\/2026\/02\/11-5.jpg\" alt=\"\" class=\"wp-image-16865\" srcset=\"https:\/\/mobilitatechisinau.md\/wp-content\/uploads\/2026\/02\/11-5.jpg 525w, https:\/\/mobilitatechisinau.md\/wp-content\/uploads\/2026\/02\/11-5-225x300.jpg 225w, https:\/\/mobilitatechisinau.md\/wp-content\/uploads\/2026\/02\/11-5-9x12.jpg 9w, https:\/\/mobilitatechisinau.md\/wp-content\/uploads\/2026\/02\/11-5-262x350.jpg 262w\" sizes=\"(max-width: 525px) 100vw, 525px\" \/><\/figure>\n\n\n\n<figure class=\"wp-block-image size-large\"><img loading=\"lazy\" decoding=\"async\" width=\"525\" height=\"700\" data-id=\"16871\" src=\"https:\/\/mobilitatechisinau.md\/wp-content\/uploads\/2026\/02\/12-4.jpg\" alt=\"\" class=\"wp-image-16871\" srcset=\"https:\/\/mobilitatechisinau.md\/wp-content\/uploads\/2026\/02\/12-4.jpg 525w, https:\/\/mobilitatechisinau.md\/wp-content\/uploads\/2026\/02\/12-4-225x300.jpg 225w, https:\/\/mobilitatechisinau.md\/wp-content\/uploads\/2026\/02\/12-4-9x12.jpg 9w, https:\/\/mobilitatechisinau.md\/wp-content\/uploads\/2026\/02\/12-4-262x350.jpg 262w\" sizes=\"(max-width: 525px) 100vw, 525px\" \/><\/figure>\n<\/figure>\n","protected":false},"excerpt":{"rendered":"<p>Direc\u021bia General\u0103 Mobilitate Urban\u0103 informeaz\u0103 c\u0103 lucr\u0103rile de remediere a degrad\u0103rilor ap\u0103rute pe carosabil continu\u0103 pe str\u0103zile Capitalei, \u00een contextul condi\u021biilor meteorologice specifice sezonului rece. Echipele intervin constant, \u00een func\u021bie de evolu\u021bia vremii, pentru \u00eembun\u0103t\u0103\u021birea condi\u021biilor de circula\u021bie \u0219i reducerea riscurilor \u00een trafic. Prioritate au arterele intens circulate \u0219i traseele transportului public, unde degrad\u0103rile afecteaz\u0103 [&hellip;]<\/p>\n","protected":false},"author":1,"featured_media":16860,"comment_status":"closed","ping_status":"open","sticky":false,"template":"","format":"standard","meta":{"footnotes":""},"categories":[92],"tags":[],"class_list":["post-16859","post","type-post","status-publish","format-standard","has-post-thumbnail","hentry","category-comunicate"],"yoast_head":"<!-- This site is optimized with the Yoast SEO plugin v23.9 - https:\/\/yoast.com\/wordpress\/plugins\/seo\/ -->\n<title>Interven\u021bii continue pentru remedierea degrad\u0103rilor carosabilului \u00een municipiul Chi\u0219in\u0103u - mobilitatechisinau.md<\/title>\n<meta name=\"robots\" content=\"index, follow, max-snippet:-1, max-image-preview:large, max-video-preview:-1\" \/>\n<link rel=\"canonical\" href=\"https:\/\/mobilitatechisinau.md\/?p=16859\" \/>\n<meta property=\"og:locale\" content=\"ro_RO\" \/>\n<meta property=\"og:type\" content=\"article\" \/>\n<meta property=\"og:title\" content=\"Interven\u021bii continue pentru remedierea degrad\u0103rilor carosabilului \u00een municipiul Chi\u0219in\u0103u - mobilitatechisinau.md\" \/>\n<meta property=\"og:description\" content=\"Direc\u021bia General\u0103 Mobilitate Urban\u0103 informeaz\u0103 c\u0103 lucr\u0103rile de remediere a degrad\u0103rilor ap\u0103rute pe carosabil continu\u0103 pe str\u0103zile Capitalei, \u00een contextul condi\u021biilor meteorologice specifice sezonului rece. Echipele intervin constant, \u00een func\u021bie de evolu\u021bia vremii, pentru \u00eembun\u0103t\u0103\u021birea condi\u021biilor de circula\u021bie \u0219i reducerea riscurilor \u00een trafic. Prioritate au arterele intens circulate \u0219i traseele transportului public, unde degrad\u0103rile afecteaz\u0103 [&hellip;]\" \/>\n<meta property=\"og:url\" content=\"https:\/\/mobilitatechisinau.md\/?p=16859\" \/>\n<meta property=\"og:site_name\" content=\"mobilitatechisinau.md\" \/>\n<meta property=\"article:publisher\" content=\"https:\/\/www.facebook.com\/DGTPCC\" \/>\n<meta property=\"article:published_time\" content=\"2026-02-10T13:06:10+00:00\" \/>\n<meta property=\"article:modified_time\" content=\"2026-02-16T13:18:23+00:00\" \/>\n<meta property=\"og:image\" content=\"https:\/\/mobilitatechisinau.md\/wp-content\/uploads\/2026\/02\/10-feb.jpg\" \/>\n\t<meta property=\"og:image:width\" content=\"1200\" \/>\n\t<meta property=\"og:image:height\" content=\"700\" \/>\n\t<meta property=\"og:image:type\" content=\"image\/jpeg\" \/>\n<meta name=\"author\" content=\"dgtpcc.md\" \/>\n<meta name=\"twitter:card\" content=\"summary_large_image\" \/>\n<meta name=\"twitter:label1\" content=\"Scris de\" \/>\n\t<meta name=\"twitter:data1\" content=\"dgtpcc.md\" \/>\n\t<meta name=\"twitter:label2\" content=\"Timp estimat pentru citire\" \/>\n\t<meta name=\"twitter:data2\" content=\"4 minute\" \/>\n<script type=\"application\/ld+json\" class=\"yoast-schema-graph\">{\"@context\":\"https:\/\/schema.org\",\"@graph\":[{\"@type\":\"Article\",\"@id\":\"https:\/\/mobilitatechisinau.md\/?p=16859#article\",\"isPartOf\":{\"@id\":\"https:\/\/mobilitatechisinau.md\/?p=16859\"},\"author\":{\"name\":\"dgtpcc.md\",\"@id\":\"https:\/\/mobilitatechisinau.md\/#\/schema\/person\/c25d28ff5553bea759689e10224709c7\"},\"headline\":\"Interven\u021bii continue pentru remedierea degrad\u0103rilor carosabilului \u00een municipiul Chi\u0219in\u0103u\",\"datePublished\":\"2026-02-10T13:06:10+00:00\",\"dateModified\":\"2026-02-16T13:18:23+00:00\",\"mainEntityOfPage\":{\"@id\":\"https:\/\/mobilitatechisinau.md\/?p=16859\"},\"wordCount\":128,\"publisher\":{\"@id\":\"https:\/\/mobilitatechisinau.md\/#organization\"},\"image\":{\"@id\":\"https:\/\/mobilitatechisinau.md\/?p=16859#primaryimage\"},\"thumbnailUrl\":\"https:\/\/mobilitatechisinau.md\/wp-content\/uploads\/2026\/02\/10-feb.jpg\",\"articleSection\":[\"Comunicate de pres\u0103\"],\"inLanguage\":\"ro-RO\"},{\"@type\":\"WebPage\",\"@id\":\"https:\/\/mobilitatechisinau.md\/?p=16859\",\"url\":\"https:\/\/mobilitatechisinau.md\/?p=16859\",\"name\":\"Interven\u021bii continue pentru remedierea degrad\u0103rilor carosabilului \u00een municipiul Chi\u0219in\u0103u - mobilitatechisinau.md\",\"isPartOf\":{\"@id\":\"https:\/\/mobilitatechisinau.md\/#website\"},\"primaryImageOfPage\":{\"@id\":\"https:\/\/mobilitatechisinau.md\/?p=16859#primaryimage\"},\"image\":{\"@id\":\"https:\/\/mobilitatechisinau.md\/?p=16859#primaryimage\"},\"thumbnailUrl\":\"https:\/\/mobilitatechisinau.md\/wp-content\/uploads\/2026\/02\/10-feb.jpg\",\"datePublished\":\"2026-02-10T13:06:10+00:00\",\"dateModified\":\"2026-02-16T13:18:23+00:00\",\"breadcrumb\":{\"@id\":\"https:\/\/mobilitatechisinau.md\/?p=16859#breadcrumb\"},\"inLanguage\":\"ro-RO\",\"potentialAction\":[{\"@type\":\"ReadAction\",\"target\":[\"https:\/\/mobilitatechisinau.md\/?p=16859\"]}]},{\"@type\":\"ImageObject\",\"inLanguage\":\"ro-RO\",\"@id\":\"https:\/\/mobilitatechisinau.md\/?p=16859#primaryimage\",\"url\":\"https:\/\/mobilitatechisinau.md\/wp-content\/uploads\/2026\/02\/10-feb.jpg\",\"contentUrl\":\"https:\/\/mobilitatechisinau.md\/wp-content\/uploads\/2026\/02\/10-feb.jpg\",\"width\":1200,\"height\":700},{\"@type\":\"BreadcrumbList\",\"@id\":\"https:\/\/mobilitatechisinau.md\/?p=16859#breadcrumb\",\"itemListElement\":[{\"@type\":\"ListItem\",\"position\":1,\"name\":\"Prima pagin\u0103\",\"item\":\"https:\/\/mobilitatechisinau.md\/\"},{\"@type\":\"ListItem\",\"position\":2,\"name\":\"Interven\u021bii continue pentru remedierea degrad\u0103rilor carosabilului \u00een municipiul Chi\u0219in\u0103u\"}]},{\"@type\":\"WebSite\",\"@id\":\"https:\/\/mobilitatechisinau.md\/#website\",\"url\":\"https:\/\/mobilitatechisinau.md\/\",\"name\":\"mobilitatechisinau.md\",\"description\":\"Direc\u0163ia General\u0103 Mobilitate Urban\u0103\",\"publisher\":{\"@id\":\"https:\/\/mobilitatechisinau.md\/#organization\"},\"potentialAction\":[{\"@type\":\"SearchAction\",\"target\":{\"@type\":\"EntryPoint\",\"urlTemplate\":\"https:\/\/mobilitatechisinau.md\/?s={search_term_string}\"},\"query-input\":{\"@type\":\"PropertyValueSpecification\",\"valueRequired\":true,\"valueName\":\"search_term_string\"}}],\"inLanguage\":\"ro-RO\"},{\"@type\":\"Organization\",\"@id\":\"https:\/\/mobilitatechisinau.md\/#organization\",\"name\":\"Direc\u0163ia general\u0103 transport public \u015fi c\u0103i de comunica\u0163ie\",\"url\":\"https:\/\/mobilitatechisinau.md\/\",\"logo\":{\"@type\":\"ImageObject\",\"inLanguage\":\"ro-RO\",\"@id\":\"https:\/\/mobilitatechisinau.md\/#\/schema\/logo\/image\/\",\"url\":\"https:\/\/dgtpcc.md\/wp-content\/uploads\/2022\/05\/DGTPCC-Chis\u0326ina\u0306u-new.jpg\",\"contentUrl\":\"https:\/\/dgtpcc.md\/wp-content\/uploads\/2022\/05\/DGTPCC-Chis\u0326ina\u0306u-new.jpg\",\"width\":304,\"height\":80,\"caption\":\"Direc\u0163ia general\u0103 transport public \u015fi c\u0103i de comunica\u0163ie\"},\"image\":{\"@id\":\"https:\/\/mobilitatechisinau.md\/#\/schema\/logo\/image\/\"},\"sameAs\":[\"https:\/\/www.facebook.com\/DGTPCC\"]},{\"@type\":\"Person\",\"@id\":\"https:\/\/mobilitatechisinau.md\/#\/schema\/person\/c25d28ff5553bea759689e10224709c7\",\"name\":\"dgtpcc.md\",\"image\":{\"@type\":\"ImageObject\",\"inLanguage\":\"ro-RO\",\"@id\":\"https:\/\/mobilitatechisinau.md\/#\/schema\/person\/image\/\",\"url\":\"https:\/\/secure.gravatar.com\/avatar\/9057a81ed6aa6c63f6d0d045749b3708fa15d612e3a388d9ac7b50072146c906?s=96&d=mm&r=g\",\"contentUrl\":\"https:\/\/secure.gravatar.com\/avatar\/9057a81ed6aa6c63f6d0d045749b3708fa15d612e3a388d9ac7b50072146c906?s=96&d=mm&r=g\",\"caption\":\"dgtpcc.md\"},\"sameAs\":[\"https:\/\/dgtpcc.md\"],\"url\":\"https:\/\/mobilitatechisinau.md\/?author=1\"}]}<\/script>\n<!-- \/ Yoast SEO plugin. -->","yoast_head_json":{"title":"Interven\u021bii continue pentru remedierea degrad\u0103rilor carosabilului \u00een municipiul Chi\u0219in\u0103u - mobilitatechisinau.md","robots":{"index":"index","follow":"follow","max-snippet":"max-snippet:-1","max-image-preview":"max-image-preview:large","max-video-preview":"max-video-preview:-1"},"canonical":"https:\/\/mobilitatechisinau.md\/?p=16859","og_locale":"ro_RO","og_type":"article","og_title":"Interven\u021bii continue pentru remedierea degrad\u0103rilor carosabilului \u00een municipiul Chi\u0219in\u0103u - mobilitatechisinau.md","og_description":"Direc\u021bia General\u0103 Mobilitate Urban\u0103 informeaz\u0103 c\u0103 lucr\u0103rile de remediere a degrad\u0103rilor ap\u0103rute pe carosabil continu\u0103 pe str\u0103zile Capitalei, \u00een contextul condi\u021biilor meteorologice specifice sezonului rece. Echipele intervin constant, \u00een func\u021bie de evolu\u021bia vremii, pentru \u00eembun\u0103t\u0103\u021birea condi\u021biilor de circula\u021bie \u0219i reducerea riscurilor \u00een trafic. Prioritate au arterele intens circulate \u0219i traseele transportului public, unde degrad\u0103rile afecteaz\u0103 [&hellip;]","og_url":"https:\/\/mobilitatechisinau.md\/?p=16859","og_site_name":"mobilitatechisinau.md","article_publisher":"https:\/\/www.facebook.com\/DGTPCC","article_published_time":"2026-02-10T13:06:10+00:00","article_modified_time":"2026-02-16T13:18:23+00:00","og_image":[{"width":1200,"height":700,"url":"https:\/\/mobilitatechisinau.md\/wp-content\/uploads\/2026\/02\/10-feb.jpg","type":"image\/jpeg"}],"author":"dgtpcc.md","twitter_card":"summary_large_image","twitter_misc":{"Scris de":"dgtpcc.md","Timp estimat pentru citire":"4 minute"},"schema":{"@context":"https:\/\/schema.org","@graph":[{"@type":"Article","@id":"https:\/\/mobilitatechisinau.md\/?p=16859#article","isPartOf":{"@id":"https:\/\/mobilitatechisinau.md\/?p=16859"},"author":{"name":"dgtpcc.md","@id":"https:\/\/mobilitatechisinau.md\/#\/schema\/person\/c25d28ff5553bea759689e10224709c7"},"headline":"Interven\u021bii continue pentru remedierea degrad\u0103rilor carosabilului \u00een municipiul Chi\u0219in\u0103u","datePublished":"2026-02-10T13:06:10+00:00","dateModified":"2026-02-16T13:18:23+00:00","mainEntityOfPage":{"@id":"https:\/\/mobilitatechisinau.md\/?p=16859"},"wordCount":128,"publisher":{"@id":"https:\/\/mobilitatechisinau.md\/#organization"},"image":{"@id":"https:\/\/mobilitatechisinau.md\/?p=16859#primaryimage"},"thumbnailUrl":"https:\/\/mobilitatechisinau.md\/wp-content\/uploads\/2026\/02\/10-feb.jpg","articleSection":["Comunicate de pres\u0103"],"inLanguage":"ro-RO"},{"@type":"WebPage","@id":"https:\/\/mobilitatechisinau.md\/?p=16859","url":"https:\/\/mobilitatechisinau.md\/?p=16859","name":"Interven\u021bii continue pentru remedierea degrad\u0103rilor carosabilului \u00een municipiul Chi\u0219in\u0103u - mobilitatechisinau.md","isPartOf":{"@id":"https:\/\/mobilitatechisinau.md\/#website"},"primaryImageOfPage":{"@id":"https:\/\/mobilitatechisinau.md\/?p=16859#primaryimage"},"image":{"@id":"https:\/\/mobilitatechisinau.md\/?p=16859#primaryimage"},"thumbnailUrl":"https:\/\/mobilitatechisinau.md\/wp-content\/uploads\/2026\/02\/10-feb.jpg","datePublished":"2026-02-10T13:06:10+00:00","dateModified":"2026-02-16T13:18:23+00:00","breadcrumb":{"@id":"https:\/\/mobilitatechisinau.md\/?p=16859#breadcrumb"},"inLanguage":"ro-RO","potentialAction":[{"@type":"ReadAction","target":["https:\/\/mobilitatechisinau.md\/?p=16859"]}]},{"@type":"ImageObject","inLanguage":"ro-RO","@id":"https:\/\/mobilitatechisinau.md\/?p=16859#primaryimage","url":"https:\/\/mobilitatechisinau.md\/wp-content\/uploads\/2026\/02\/10-feb.jpg","contentUrl":"https:\/\/mobilitatechisinau.md\/wp-content\/uploads\/2026\/02\/10-feb.jpg","width":1200,"height":700},{"@type":"BreadcrumbList","@id":"https:\/\/mobilitatechisinau.md\/?p=16859#breadcrumb","itemListElement":[{"@type":"ListItem","position":1,"name":"Prima pagin\u0103","item":"https:\/\/mobilitatechisinau.md\/"},{"@type":"ListItem","position":2,"name":"Interven\u021bii continue pentru remedierea degrad\u0103rilor carosabilului \u00een municipiul Chi\u0219in\u0103u"}]},{"@type":"WebSite","@id":"https:\/\/mobilitatechisinau.md\/#website","url":"https:\/\/mobilitatechisinau.md\/","name":"mobilitatechisinau.md","description":"Direc\u0163ia General\u0103 Mobilitate Urban\u0103","publisher":{"@id":"https:\/\/mobilitatechisinau.md\/#organization"},"potentialAction":[{"@type":"SearchAction","target":{"@type":"EntryPoint","urlTemplate":"https:\/\/mobilitatechisinau.md\/?s={search_term_string}"},"query-input":{"@type":"PropertyValueSpecification","valueRequired":true,"valueName":"search_term_string"}}],"inLanguage":"ro-RO"},{"@type":"Organization","@id":"https:\/\/mobilitatechisinau.md\/#organization","name":"Direc\u0163ia general\u0103 transport public \u015fi c\u0103i de comunica\u0163ie","url":"https:\/\/mobilitatechisinau.md\/","logo":{"@type":"ImageObject","inLanguage":"ro-RO","@id":"https:\/\/mobilitatechisinau.md\/#\/schema\/logo\/image\/","url":"https:\/\/dgtpcc.md\/wp-content\/uploads\/2022\/05\/DGTPCC-Chis\u0326ina\u0306u-new.jpg","contentUrl":"https:\/\/dgtpcc.md\/wp-content\/uploads\/2022\/05\/DGTPCC-Chis\u0326ina\u0306u-new.jpg","width":304,"height":80,"caption":"Direc\u0163ia general\u0103 transport public \u015fi c\u0103i de comunica\u0163ie"},"image":{"@id":"https:\/\/mobilitatechisinau.md\/#\/schema\/logo\/image\/"},"sameAs":["https:\/\/www.facebook.com\/DGTPCC"]},{"@type":"Person","@id":"https:\/\/mobilitatechisinau.md\/#\/schema\/person\/c25d28ff5553bea759689e10224709c7","name":"dgtpcc.md","image":{"@type":"ImageObject","inLanguage":"ro-RO","@id":"https:\/\/mobilitatechisinau.md\/#\/schema\/person\/image\/","url":"https:\/\/secure.gravatar.com\/avatar\/9057a81ed6aa6c63f6d0d045749b3708fa15d612e3a388d9ac7b50072146c906?s=96&d=mm&r=g","contentUrl":"https:\/\/secure.gravatar.com\/avatar\/9057a81ed6aa6c63f6d0d045749b3708fa15d612e3a388d9ac7b50072146c906?s=96&d=mm&r=g","caption":"dgtpcc.md"},"sameAs":["https:\/\/dgtpcc.md"],"url":"https:\/\/mobilitatechisinau.md\/?author=1"}]}},"_links":{"self":[{"href":"https:\/\/mobilitatechisinau.md\/index.php?rest_route=\/wp\/v2\/posts\/16859","targetHints":{"allow":["GET"]}}],"collection":[{"href":"https:\/\/mobilitatechisinau.md\/index.php?rest_route=\/wp\/v2\/posts"}],"about":[{"href":"https:\/\/mobilitatechisinau.md\/index.php?rest_route=\/wp\/v2\/types\/post"}],"author":[{"embeddable":true,"href":"https:\/\/mobilitatechisinau.md\/index.php?rest_route=\/wp\/v2\/users\/1"}],"replies":[{"embeddable":true,"href":"https:\/\/mobilitatechisinau.md\/index.php?rest_route=%2Fwp%2Fv2%2Fcomments&post=16859"}],"version-history":[{"count":1,"href":"https:\/\/mobilitatechisinau.md\/index.php?rest_route=\/wp\/v2\/posts\/16859\/revisions"}],"predecessor-version":[{"id":16874,"href":"https:\/\/mobilitatechisinau.md\/index.php?rest_route=\/wp\/v2\/posts\/16859\/revisions\/16874"}],"wp:featuredmedia":[{"embeddable":true,"href":"https:\/\/mobilitatechisinau.md\/index.php?rest_route=\/wp\/v2\/media\/16860"}],"wp:attachment":[{"href":"https:\/\/mobilitatechisinau.md\/index.php?rest_route=%2Fwp%2Fv2%2Fmedia&parent=16859"}],"wp:term":[{"taxonomy":"category","embeddable":true,"href":"https:\/\/mobilitatechisinau.md\/index.php?rest_route=%2Fwp%2Fv2%2Fcategories&post=16859"},{"taxonomy":"post_tag","embeddable":true,"href":"https:\/\/mobilitatechisinau.md\/index.php?rest_route=%2Fwp%2Fv2%2Ftags&post=16859"}],"curies":[{"name":"wp","href":"https:\/\/api.w.org\/{rel}","templated":true}]}}