{"id":16875,"date":"2026-02-13T15:18:59","date_gmt":"2026-02-13T13:18:59","guid":{"rendered":"https:\/\/mobilitatechisinau.md\/?p=16875"},"modified":"2026-02-16T15:22:59","modified_gmt":"2026-02-16T13:22:59","slug":"transportul-public-municipal-extins-si-modernizat-peste-490-de-unitati-circula-zilnic-pe-trasee","status":"publish","type":"post","link":"https:\/\/mobilitatechisinau.md\/?p=16875","title":{"rendered":"Transportul public municipal, extins \u0219i modernizat: peste 490 de unit\u0103\u021bi circul\u0103 zilnic pe trasee"},"content":{"rendered":"\n<p>Primarul General al municipiului Chi\u0219in\u0103u, Ion Ceban, informeaz\u0103 c\u0103, zilnic, pe itinerarele municipale circul\u0103 35 de rute de autobuz, dintre care 28 suburbane, \u0219i 38 de rute de troleibuz, inclusiv spre Tru\u0219eni, Durle\u0219ti, St\u0103uceni \u0219i Bubuieci. \u00cen fiecare zi ies pe traseu peste 330 de troleibuze \u0219i 160 de autobuze.<\/p>\n\n\n\n<p>Potrivit edilului, indicatorii sunt \u00een cre\u0219tere fa\u021b\u0103 de anii preceden\u021bi, ca urmare a investi\u021biilor semnificative ale municipalit\u0103\u021bii pentru procurarea a 397 de unit\u0103\u021bi de transport \u2014 184 de autobuze \u0219i 213 troleibuze.<\/p>\n\n\n\n<p>\u201eInvesti\u021biile au permis deschiderea a 13 rute noi de autobuz \u0219i troleibuz, suplimentarea num\u0103rului de unit\u0103\u021bi scoase zilnic pe traseu, extinderea \u0219i ajustarea itinerarelor, astfel \u00eenc\u00e2t s\u0103 fie asigurat\u0103 o conexiune mai bun\u0103 \u00eentre sectoarele \u0219i suburbiile municipiului\u201d, a men\u021bionat Ion Ceban.<\/p>\n\n\n\n<p>Au fost deschise \u0219i redeschise linii municipale de autobuz spre St\u0103uceni, S\u00eengera, Durle\u0219ti, Tru\u0219eni, satul Dumbrava, Codru, Cricova \u0219i Bubuieci, precum \u0219i dou\u0103 linii noi \u00een raza municipiului Chi\u0219in\u0103u.<\/p>\n\n\n\n<p>Totodat\u0103, au fost extinse \u0219i suplimentate cu unit\u0103\u021bi urm\u0103toarele rute de autobuz:<\/p>\n\n\n\n<p>nr. 14 \u201eCodru \u2013 Chi\u0219in\u0103u\u201d<\/p>\n\n\n\n<p>nr. 16 \u201eVatra \u2013 Chi\u0219in\u0103u\u201d<\/p>\n\n\n\n<p>nr. 36 \u201eBubuieci \u2013 Chi\u0219in\u0103u\u201d<\/p>\n\n\n\n<p>nr. 18B \u201eS\u00eengera \u2013 Chi\u0219in\u0103u\u201d<\/p>\n\n\n\n<p>nr. 11 \u201eDurle\u0219ti \u2013 Chi\u0219in\u0103u\u201d<\/p>\n\n\n\n<p>nr. 47 \u0219i nr. 48 \u201eCiorescu \u2013 Chi\u0219in\u0103u\u201d<\/p>\n\n\n\n<p>\u201eMunicipalitatea depune \u00een continuare eforturi zilnice pentru a asigura cet\u0103\u021benilor un transport public de calitate \u0219i confortabil\u201d, a conchis Primarul General.<\/p>\n\n\n\n<p><\/p>\n","protected":false},"excerpt":{"rendered":"<p>Primarul General al municipiului Chi\u0219in\u0103u, Ion Ceban, informeaz\u0103 c\u0103, zilnic, pe itinerarele municipale circul\u0103 35 de rute de autobuz, dintre care 28 suburbane, \u0219i 38 de rute de troleibuz, inclusiv spre Tru\u0219eni, Durle\u0219ti, St\u0103uceni \u0219i Bubuieci. \u00cen fiecare zi ies pe traseu peste 330 de troleibuze \u0219i 160 de autobuze. Potrivit edilului, indicatorii sunt \u00een [&hellip;]<\/p>\n","protected":false},"author":1,"featured_media":16876,"comment_status":"closed","ping_status":"open","sticky":false,"template":"","format":"standard","meta":{"footnotes":""},"categories":[92],"tags":[],"class_list":["post-16875","post","type-post","status-publish","format-standard","has-post-thumbnail","hentry","category-comunicate"],"yoast_head":"<!-- This site is optimized with the Yoast SEO plugin v23.9 - https:\/\/yoast.com\/wordpress\/plugins\/seo\/ -->\n<title>Transportul public municipal, extins \u0219i modernizat: peste 490 de unit\u0103\u021bi circul\u0103 zilnic pe trasee - mobilitatechisinau.md<\/title>\n<meta name=\"robots\" content=\"index, follow, max-snippet:-1, max-image-preview:large, max-video-preview:-1\" \/>\n<link rel=\"canonical\" href=\"https:\/\/mobilitatechisinau.md\/?p=16875\" \/>\n<meta property=\"og:locale\" content=\"ro_RO\" \/>\n<meta property=\"og:type\" content=\"article\" \/>\n<meta property=\"og:title\" content=\"Transportul public municipal, extins \u0219i modernizat: peste 490 de unit\u0103\u021bi circul\u0103 zilnic pe trasee - mobilitatechisinau.md\" \/>\n<meta property=\"og:description\" content=\"Primarul General al municipiului Chi\u0219in\u0103u, Ion Ceban, informeaz\u0103 c\u0103, zilnic, pe itinerarele municipale circul\u0103 35 de rute de autobuz, dintre care 28 suburbane, \u0219i 38 de rute de troleibuz, inclusiv spre Tru\u0219eni, Durle\u0219ti, St\u0103uceni \u0219i Bubuieci. \u00cen fiecare zi ies pe traseu peste 330 de troleibuze \u0219i 160 de autobuze. Potrivit edilului, indicatorii sunt \u00een [&hellip;]\" \/>\n<meta property=\"og:url\" content=\"https:\/\/mobilitatechisinau.md\/?p=16875\" \/>\n<meta property=\"og:site_name\" content=\"mobilitatechisinau.md\" \/>\n<meta property=\"article:publisher\" content=\"https:\/\/www.facebook.com\/DGTPCC\" \/>\n<meta property=\"article:published_time\" content=\"2026-02-13T13:18:59+00:00\" \/>\n<meta property=\"article:modified_time\" content=\"2026-02-16T13:22:59+00:00\" \/>\n<meta property=\"og:image\" content=\"https:\/\/mobilitatechisinau.md\/wp-content\/uploads\/2026\/02\/13-februarie.jpg\" \/>\n\t<meta property=\"og:image:width\" content=\"1200\" \/>\n\t<meta property=\"og:image:height\" content=\"700\" \/>\n\t<meta property=\"og:image:type\" content=\"image\/jpeg\" \/>\n<meta name=\"author\" content=\"dgtpcc.md\" \/>\n<meta name=\"twitter:card\" content=\"summary_large_image\" \/>\n<meta name=\"twitter:label1\" content=\"Scris de\" \/>\n\t<meta name=\"twitter:data1\" content=\"dgtpcc.md\" \/>\n\t<meta name=\"twitter:label2\" content=\"Timp estimat pentru citire\" \/>\n\t<meta name=\"twitter:data2\" content=\"2 minute\" \/>\n<script type=\"application\/ld+json\" class=\"yoast-schema-graph\">{\"@context\":\"https:\/\/schema.org\",\"@graph\":[{\"@type\":\"Article\",\"@id\":\"https:\/\/mobilitatechisinau.md\/?p=16875#article\",\"isPartOf\":{\"@id\":\"https:\/\/mobilitatechisinau.md\/?p=16875\"},\"author\":{\"name\":\"dgtpcc.md\",\"@id\":\"https:\/\/mobilitatechisinau.md\/#\/schema\/person\/c25d28ff5553bea759689e10224709c7\"},\"headline\":\"Transportul public municipal, extins \u0219i modernizat: peste 490 de unit\u0103\u021bi circul\u0103 zilnic pe trasee\",\"datePublished\":\"2026-02-13T13:18:59+00:00\",\"dateModified\":\"2026-02-16T13:22:59+00:00\",\"mainEntityOfPage\":{\"@id\":\"https:\/\/mobilitatechisinau.md\/?p=16875\"},\"wordCount\":249,\"publisher\":{\"@id\":\"https:\/\/mobilitatechisinau.md\/#organization\"},\"image\":{\"@id\":\"https:\/\/mobilitatechisinau.md\/?p=16875#primaryimage\"},\"thumbnailUrl\":\"https:\/\/mobilitatechisinau.md\/wp-content\/uploads\/2026\/02\/13-februarie.jpg\",\"articleSection\":[\"Comunicate de pres\u0103\"],\"inLanguage\":\"ro-RO\"},{\"@type\":\"WebPage\",\"@id\":\"https:\/\/mobilitatechisinau.md\/?p=16875\",\"url\":\"https:\/\/mobilitatechisinau.md\/?p=16875\",\"name\":\"Transportul public municipal, extins \u0219i modernizat: peste 490 de unit\u0103\u021bi circul\u0103 zilnic pe trasee - mobilitatechisinau.md\",\"isPartOf\":{\"@id\":\"https:\/\/mobilitatechisinau.md\/#website\"},\"primaryImageOfPage\":{\"@id\":\"https:\/\/mobilitatechisinau.md\/?p=16875#primaryimage\"},\"image\":{\"@id\":\"https:\/\/mobilitatechisinau.md\/?p=16875#primaryimage\"},\"thumbnailUrl\":\"https:\/\/mobilitatechisinau.md\/wp-content\/uploads\/2026\/02\/13-februarie.jpg\",\"datePublished\":\"2026-02-13T13:18:59+00:00\",\"dateModified\":\"2026-02-16T13:22:59+00:00\",\"breadcrumb\":{\"@id\":\"https:\/\/mobilitatechisinau.md\/?p=16875#breadcrumb\"},\"inLanguage\":\"ro-RO\",\"potentialAction\":[{\"@type\":\"ReadAction\",\"target\":[\"https:\/\/mobilitatechisinau.md\/?p=16875\"]}]},{\"@type\":\"ImageObject\",\"inLanguage\":\"ro-RO\",\"@id\":\"https:\/\/mobilitatechisinau.md\/?p=16875#primaryimage\",\"url\":\"https:\/\/mobilitatechisinau.md\/wp-content\/uploads\/2026\/02\/13-februarie.jpg\",\"contentUrl\":\"https:\/\/mobilitatechisinau.md\/wp-content\/uploads\/2026\/02\/13-februarie.jpg\",\"width\":1200,\"height\":700},{\"@type\":\"BreadcrumbList\",\"@id\":\"https:\/\/mobilitatechisinau.md\/?p=16875#breadcrumb\",\"itemListElement\":[{\"@type\":\"ListItem\",\"position\":1,\"name\":\"Prima pagin\u0103\",\"item\":\"https:\/\/mobilitatechisinau.md\/\"},{\"@type\":\"ListItem\",\"position\":2,\"name\":\"Transportul public municipal, extins \u0219i modernizat: peste 490 de unit\u0103\u021bi circul\u0103 zilnic pe trasee\"}]},{\"@type\":\"WebSite\",\"@id\":\"https:\/\/mobilitatechisinau.md\/#website\",\"url\":\"https:\/\/mobilitatechisinau.md\/\",\"name\":\"mobilitatechisinau.md\",\"description\":\"Direc\u0163ia General\u0103 Mobilitate Urban\u0103\",\"publisher\":{\"@id\":\"https:\/\/mobilitatechisinau.md\/#organization\"},\"potentialAction\":[{\"@type\":\"SearchAction\",\"target\":{\"@type\":\"EntryPoint\",\"urlTemplate\":\"https:\/\/mobilitatechisinau.md\/?s={search_term_string}\"},\"query-input\":{\"@type\":\"PropertyValueSpecification\",\"valueRequired\":true,\"valueName\":\"search_term_string\"}}],\"inLanguage\":\"ro-RO\"},{\"@type\":\"Organization\",\"@id\":\"https:\/\/mobilitatechisinau.md\/#organization\",\"name\":\"Direc\u0163ia general\u0103 transport public \u015fi c\u0103i de comunica\u0163ie\",\"url\":\"https:\/\/mobilitatechisinau.md\/\",\"logo\":{\"@type\":\"ImageObject\",\"inLanguage\":\"ro-RO\",\"@id\":\"https:\/\/mobilitatechisinau.md\/#\/schema\/logo\/image\/\",\"url\":\"https:\/\/dgtpcc.md\/wp-content\/uploads\/2022\/05\/DGTPCC-Chis\u0326ina\u0306u-new.jpg\",\"contentUrl\":\"https:\/\/dgtpcc.md\/wp-content\/uploads\/2022\/05\/DGTPCC-Chis\u0326ina\u0306u-new.jpg\",\"width\":304,\"height\":80,\"caption\":\"Direc\u0163ia general\u0103 transport public \u015fi c\u0103i de comunica\u0163ie\"},\"image\":{\"@id\":\"https:\/\/mobilitatechisinau.md\/#\/schema\/logo\/image\/\"},\"sameAs\":[\"https:\/\/www.facebook.com\/DGTPCC\"]},{\"@type\":\"Person\",\"@id\":\"https:\/\/mobilitatechisinau.md\/#\/schema\/person\/c25d28ff5553bea759689e10224709c7\",\"name\":\"dgtpcc.md\",\"image\":{\"@type\":\"ImageObject\",\"inLanguage\":\"ro-RO\",\"@id\":\"https:\/\/mobilitatechisinau.md\/#\/schema\/person\/image\/\",\"url\":\"https:\/\/secure.gravatar.com\/avatar\/9057a81ed6aa6c63f6d0d045749b3708fa15d612e3a388d9ac7b50072146c906?s=96&d=mm&r=g\",\"contentUrl\":\"https:\/\/secure.gravatar.com\/avatar\/9057a81ed6aa6c63f6d0d045749b3708fa15d612e3a388d9ac7b50072146c906?s=96&d=mm&r=g\",\"caption\":\"dgtpcc.md\"},\"sameAs\":[\"https:\/\/dgtpcc.md\"],\"url\":\"https:\/\/mobilitatechisinau.md\/?author=1\"}]}<\/script>\n<!-- \/ Yoast SEO plugin. -->","yoast_head_json":{"title":"Transportul public municipal, extins \u0219i modernizat: peste 490 de unit\u0103\u021bi circul\u0103 zilnic pe trasee - mobilitatechisinau.md","robots":{"index":"index","follow":"follow","max-snippet":"max-snippet:-1","max-image-preview":"max-image-preview:large","max-video-preview":"max-video-preview:-1"},"canonical":"https:\/\/mobilitatechisinau.md\/?p=16875","og_locale":"ro_RO","og_type":"article","og_title":"Transportul public municipal, extins \u0219i modernizat: peste 490 de unit\u0103\u021bi circul\u0103 zilnic pe trasee - mobilitatechisinau.md","og_description":"Primarul General al municipiului Chi\u0219in\u0103u, Ion Ceban, informeaz\u0103 c\u0103, zilnic, pe itinerarele municipale circul\u0103 35 de rute de autobuz, dintre care 28 suburbane, \u0219i 38 de rute de troleibuz, inclusiv spre Tru\u0219eni, Durle\u0219ti, St\u0103uceni \u0219i Bubuieci. \u00cen fiecare zi ies pe traseu peste 330 de troleibuze \u0219i 160 de autobuze. Potrivit edilului, indicatorii sunt \u00een [&hellip;]","og_url":"https:\/\/mobilitatechisinau.md\/?p=16875","og_site_name":"mobilitatechisinau.md","article_publisher":"https:\/\/www.facebook.com\/DGTPCC","article_published_time":"2026-02-13T13:18:59+00:00","article_modified_time":"2026-02-16T13:22:59+00:00","og_image":[{"width":1200,"height":700,"url":"https:\/\/mobilitatechisinau.md\/wp-content\/uploads\/2026\/02\/13-februarie.jpg","type":"image\/jpeg"}],"author":"dgtpcc.md","twitter_card":"summary_large_image","twitter_misc":{"Scris de":"dgtpcc.md","Timp estimat pentru citire":"2 minute"},"schema":{"@context":"https:\/\/schema.org","@graph":[{"@type":"Article","@id":"https:\/\/mobilitatechisinau.md\/?p=16875#article","isPartOf":{"@id":"https:\/\/mobilitatechisinau.md\/?p=16875"},"author":{"name":"dgtpcc.md","@id":"https:\/\/mobilitatechisinau.md\/#\/schema\/person\/c25d28ff5553bea759689e10224709c7"},"headline":"Transportul public municipal, extins \u0219i modernizat: peste 490 de unit\u0103\u021bi circul\u0103 zilnic pe trasee","datePublished":"2026-02-13T13:18:59+00:00","dateModified":"2026-02-16T13:22:59+00:00","mainEntityOfPage":{"@id":"https:\/\/mobilitatechisinau.md\/?p=16875"},"wordCount":249,"publisher":{"@id":"https:\/\/mobilitatechisinau.md\/#organization"},"image":{"@id":"https:\/\/mobilitatechisinau.md\/?p=16875#primaryimage"},"thumbnailUrl":"https:\/\/mobilitatechisinau.md\/wp-content\/uploads\/2026\/02\/13-februarie.jpg","articleSection":["Comunicate de pres\u0103"],"inLanguage":"ro-RO"},{"@type":"WebPage","@id":"https:\/\/mobilitatechisinau.md\/?p=16875","url":"https:\/\/mobilitatechisinau.md\/?p=16875","name":"Transportul public municipal, extins \u0219i modernizat: peste 490 de unit\u0103\u021bi circul\u0103 zilnic pe trasee - mobilitatechisinau.md","isPartOf":{"@id":"https:\/\/mobilitatechisinau.md\/#website"},"primaryImageOfPage":{"@id":"https:\/\/mobilitatechisinau.md\/?p=16875#primaryimage"},"image":{"@id":"https:\/\/mobilitatechisinau.md\/?p=16875#primaryimage"},"thumbnailUrl":"https:\/\/mobilitatechisinau.md\/wp-content\/uploads\/2026\/02\/13-februarie.jpg","datePublished":"2026-02-13T13:18:59+00:00","dateModified":"2026-02-16T13:22:59+00:00","breadcrumb":{"@id":"https:\/\/mobilitatechisinau.md\/?p=16875#breadcrumb"},"inLanguage":"ro-RO","potentialAction":[{"@type":"ReadAction","target":["https:\/\/mobilitatechisinau.md\/?p=16875"]}]},{"@type":"ImageObject","inLanguage":"ro-RO","@id":"https:\/\/mobilitatechisinau.md\/?p=16875#primaryimage","url":"https:\/\/mobilitatechisinau.md\/wp-content\/uploads\/2026\/02\/13-februarie.jpg","contentUrl":"https:\/\/mobilitatechisinau.md\/wp-content\/uploads\/2026\/02\/13-februarie.jpg","width":1200,"height":700},{"@type":"BreadcrumbList","@id":"https:\/\/mobilitatechisinau.md\/?p=16875#breadcrumb","itemListElement":[{"@type":"ListItem","position":1,"name":"Prima pagin\u0103","item":"https:\/\/mobilitatechisinau.md\/"},{"@type":"ListItem","position":2,"name":"Transportul public municipal, extins \u0219i modernizat: peste 490 de unit\u0103\u021bi circul\u0103 zilnic pe trasee"}]},{"@type":"WebSite","@id":"https:\/\/mobilitatechisinau.md\/#website","url":"https:\/\/mobilitatechisinau.md\/","name":"mobilitatechisinau.md","description":"Direc\u0163ia General\u0103 Mobilitate Urban\u0103","publisher":{"@id":"https:\/\/mobilitatechisinau.md\/#organization"},"potentialAction":[{"@type":"SearchAction","target":{"@type":"EntryPoint","urlTemplate":"https:\/\/mobilitatechisinau.md\/?s={search_term_string}"},"query-input":{"@type":"PropertyValueSpecification","valueRequired":true,"valueName":"search_term_string"}}],"inLanguage":"ro-RO"},{"@type":"Organization","@id":"https:\/\/mobilitatechisinau.md\/#organization","name":"Direc\u0163ia general\u0103 transport public \u015fi c\u0103i de comunica\u0163ie","url":"https:\/\/mobilitatechisinau.md\/","logo":{"@type":"ImageObject","inLanguage":"ro-RO","@id":"https:\/\/mobilitatechisinau.md\/#\/schema\/logo\/image\/","url":"https:\/\/dgtpcc.md\/wp-content\/uploads\/2022\/05\/DGTPCC-Chis\u0326ina\u0306u-new.jpg","contentUrl":"https:\/\/dgtpcc.md\/wp-content\/uploads\/2022\/05\/DGTPCC-Chis\u0326ina\u0306u-new.jpg","width":304,"height":80,"caption":"Direc\u0163ia general\u0103 transport public \u015fi c\u0103i de comunica\u0163ie"},"image":{"@id":"https:\/\/mobilitatechisinau.md\/#\/schema\/logo\/image\/"},"sameAs":["https:\/\/www.facebook.com\/DGTPCC"]},{"@type":"Person","@id":"https:\/\/mobilitatechisinau.md\/#\/schema\/person\/c25d28ff5553bea759689e10224709c7","name":"dgtpcc.md","image":{"@type":"ImageObject","inLanguage":"ro-RO","@id":"https:\/\/mobilitatechisinau.md\/#\/schema\/person\/image\/","url":"https:\/\/secure.gravatar.com\/avatar\/9057a81ed6aa6c63f6d0d045749b3708fa15d612e3a388d9ac7b50072146c906?s=96&d=mm&r=g","contentUrl":"https:\/\/secure.gravatar.com\/avatar\/9057a81ed6aa6c63f6d0d045749b3708fa15d612e3a388d9ac7b50072146c906?s=96&d=mm&r=g","caption":"dgtpcc.md"},"sameAs":["https:\/\/dgtpcc.md"],"url":"https:\/\/mobilitatechisinau.md\/?author=1"}]}},"_links":{"self":[{"href":"https:\/\/mobilitatechisinau.md\/index.php?rest_route=\/wp\/v2\/posts\/16875","targetHints":{"allow":["GET"]}}],"collection":[{"href":"https:\/\/mobilitatechisinau.md\/index.php?rest_route=\/wp\/v2\/posts"}],"about":[{"href":"https:\/\/mobilitatechisinau.md\/index.php?rest_route=\/wp\/v2\/types\/post"}],"author":[{"embeddable":true,"href":"https:\/\/mobilitatechisinau.md\/index.php?rest_route=\/wp\/v2\/users\/1"}],"replies":[{"embeddable":true,"href":"https:\/\/mobilitatechisinau.md\/index.php?rest_route=%2Fwp%2Fv2%2Fcomments&post=16875"}],"version-history":[{"count":1,"href":"https:\/\/mobilitatechisinau.md\/index.php?rest_route=\/wp\/v2\/posts\/16875\/revisions"}],"predecessor-version":[{"id":16877,"href":"https:\/\/mobilitatechisinau.md\/index.php?rest_route=\/wp\/v2\/posts\/16875\/revisions\/16877"}],"wp:featuredmedia":[{"embeddable":true,"href":"https:\/\/mobilitatechisinau.md\/index.php?rest_route=\/wp\/v2\/media\/16876"}],"wp:attachment":[{"href":"https:\/\/mobilitatechisinau.md\/index.php?rest_route=%2Fwp%2Fv2%2Fmedia&parent=16875"}],"wp:term":[{"taxonomy":"category","embeddable":true,"href":"https:\/\/mobilitatechisinau.md\/index.php?rest_route=%2Fwp%2Fv2%2Fcategories&post=16875"},{"taxonomy":"post_tag","embeddable":true,"href":"https:\/\/mobilitatechisinau.md\/index.php?rest_route=%2Fwp%2Fv2%2Ftags&post=16875"}],"curies":[{"name":"wp","href":"https:\/\/api.w.org\/{rel}","templated":true}]}}