{"id":17387,"date":"2026-04-24T13:54:31","date_gmt":"2026-04-24T11:54:31","guid":{"rendered":"https:\/\/mobilitatechisinau.md\/?p=17387"},"modified":"2026-04-29T14:05:24","modified_gmt":"2026-04-29T12:05:24","slug":"circulatia-transportului-public-va-fi-reorganizata-temporar-in-contextul-chisinau-half-marathon-2026","status":"publish","type":"post","link":"https:\/\/mobilitatechisinau.md\/?p=17387","title":{"rendered":"Circula\u021bia transportului public va fi reorganizat\u0103 temporar \u00een contextul Chi\u0219in\u0103u Half Marathon 2026"},"content":{"rendered":"\n<p>Prim\u0103ria municipiului Chi\u0219in\u0103u informeaz\u0103 c\u0103, \u00een contextul desf\u0103\u0219ur\u0103rii evenimentului Chi\u0219in\u0103u Half Marathon 2026, \u00een zilele de 25 \u0219i 26 aprilie 2026, circula\u021bia transportului public va fi reorganizat\u0103 temporar, iar unele rute vor circula pe itinerare modificate.<\/p>\n\n\n\n<p>La data de 25 aprilie 2026, va fi sistat\u0103 circula\u021bia rutier\u0103 pe bulevardul \u0218tefan cel Mare \u0219i Sf\u00e2nt, pe tronsonul cuprins \u00eentre str\u0103zile Mitropolit Gavriil B\u0103nulescu-Bodoni \u0219i Alexandr Pu\u0219kin. \u00cen aceste condi\u021bii, rutele de troleibuz nr. 1, 4, 5, 8, 22 \u0219i 34, precum \u0219i rutele de autobuz nr. 5, 9, 11, 26 \u0219i 46 vor fi redirec\u021bionate.<\/p>\n\n\n\n<p>La data de 26 aprilie 2026, va fi sistat\u0103 circula\u021bia pe bulevardul \u0218tefan cel Mare \u0219i Sf\u00e2nt, pe tronsonul cuprins \u00eentre str\u0103zile Toma Ciorb\u0103 \u0219i Ciuflea, precum \u0219i pe segmentul str\u0103zii Ciuflea \u2013 bulevardul Dacia (viaduct), pe direc\u021bia de deplasare spre centrul ora\u0219ului. \u00cen acest context, rutele de troleibuz nr. 1, 2, 4, 5, 7, 8, 9, 10, 12, 13, 16, 17, 20, 22, 24, 25, 28, 29, 30, 32, 34 \u0219i 36, precum \u0219i rutele de autobuz nr. 5, 9, 11, 14, 23, 24, 26, 39 \u0219i 46 vor circula pe itinerare modificate.<\/p>\n\n\n\n<p>Autorit\u0103\u021bile municipale recomand\u0103 c\u0103l\u0103torilor s\u0103 consulte din timp modific\u0103rile operate \u0219i s\u0103 manifeste \u00een\u021belegere fa\u021b\u0103 de disconfortul temporar creat.<\/p>\n\n\n\n<p><\/p>\n","protected":false},"excerpt":{"rendered":"<p>Prim\u0103ria municipiului Chi\u0219in\u0103u informeaz\u0103 c\u0103, \u00een contextul desf\u0103\u0219ur\u0103rii evenimentului Chi\u0219in\u0103u Half Marathon 2026, \u00een zilele de 25 \u0219i 26 aprilie 2026, circula\u021bia transportului public va fi reorganizat\u0103 temporar, iar unele rute vor circula pe itinerare modificate. La data de 25 aprilie 2026, va fi sistat\u0103 circula\u021bia rutier\u0103 pe bulevardul \u0218tefan cel Mare \u0219i Sf\u00e2nt, pe [&hellip;]<\/p>\n","protected":false},"author":1,"featured_media":17388,"comment_status":"closed","ping_status":"open","sticky":false,"template":"","format":"standard","meta":{"footnotes":""},"categories":[92],"tags":[],"class_list":["post-17387","post","type-post","status-publish","format-standard","has-post-thumbnail","hentry","category-comunicate"],"yoast_head":"<!-- This site is optimized with the Yoast SEO plugin v23.9 - https:\/\/yoast.com\/wordpress\/plugins\/seo\/ -->\n<title>Circula\u021bia transportului public va fi reorganizat\u0103 temporar \u00een contextul Chi\u0219in\u0103u Half Marathon 2026 - mobilitatechisinau.md<\/title>\n<meta name=\"robots\" content=\"index, follow, max-snippet:-1, max-image-preview:large, max-video-preview:-1\" \/>\n<link rel=\"canonical\" href=\"https:\/\/mobilitatechisinau.md\/?p=17387\" \/>\n<meta property=\"og:locale\" content=\"ro_RO\" \/>\n<meta property=\"og:type\" content=\"article\" \/>\n<meta property=\"og:title\" content=\"Circula\u021bia transportului public va fi reorganizat\u0103 temporar \u00een contextul Chi\u0219in\u0103u Half Marathon 2026 - mobilitatechisinau.md\" \/>\n<meta property=\"og:description\" content=\"Prim\u0103ria municipiului Chi\u0219in\u0103u informeaz\u0103 c\u0103, \u00een contextul desf\u0103\u0219ur\u0103rii evenimentului Chi\u0219in\u0103u Half Marathon 2026, \u00een zilele de 25 \u0219i 26 aprilie 2026, circula\u021bia transportului public va fi reorganizat\u0103 temporar, iar unele rute vor circula pe itinerare modificate. La data de 25 aprilie 2026, va fi sistat\u0103 circula\u021bia rutier\u0103 pe bulevardul \u0218tefan cel Mare \u0219i Sf\u00e2nt, pe [&hellip;]\" \/>\n<meta property=\"og:url\" content=\"https:\/\/mobilitatechisinau.md\/?p=17387\" \/>\n<meta property=\"og:site_name\" content=\"mobilitatechisinau.md\" \/>\n<meta property=\"article:publisher\" content=\"https:\/\/www.facebook.com\/DGTPCC\" \/>\n<meta property=\"article:published_time\" content=\"2026-04-24T11:54:31+00:00\" \/>\n<meta property=\"article:modified_time\" content=\"2026-04-29T12:05:24+00:00\" \/>\n<meta property=\"og:image\" content=\"https:\/\/mobilitatechisinau.md\/wp-content\/uploads\/2026\/04\/halfmaraton_md.jpg\" \/>\n\t<meta property=\"og:image:width\" content=\"1200\" \/>\n\t<meta property=\"og:image:height\" content=\"700\" \/>\n\t<meta property=\"og:image:type\" content=\"image\/jpeg\" \/>\n<meta name=\"author\" content=\"dgtpcc.md\" \/>\n<meta name=\"twitter:card\" content=\"summary_large_image\" \/>\n<meta name=\"twitter:label1\" content=\"Scris de\" \/>\n\t<meta name=\"twitter:data1\" content=\"dgtpcc.md\" \/>\n\t<meta name=\"twitter:label2\" content=\"Timp estimat pentru citire\" \/>\n\t<meta name=\"twitter:data2\" content=\"2 minute\" \/>\n<script type=\"application\/ld+json\" class=\"yoast-schema-graph\">{\"@context\":\"https:\/\/schema.org\",\"@graph\":[{\"@type\":\"Article\",\"@id\":\"https:\/\/mobilitatechisinau.md\/?p=17387#article\",\"isPartOf\":{\"@id\":\"https:\/\/mobilitatechisinau.md\/?p=17387\"},\"author\":{\"name\":\"dgtpcc.md\",\"@id\":\"https:\/\/mobilitatechisinau.md\/#\/schema\/person\/c25d28ff5553bea759689e10224709c7\"},\"headline\":\"Circula\u021bia transportului public va fi reorganizat\u0103 temporar \u00een contextul Chi\u0219in\u0103u Half Marathon 2026\",\"datePublished\":\"2026-04-24T11:54:31+00:00\",\"dateModified\":\"2026-04-29T12:05:24+00:00\",\"mainEntityOfPage\":{\"@id\":\"https:\/\/mobilitatechisinau.md\/?p=17387\"},\"wordCount\":197,\"publisher\":{\"@id\":\"https:\/\/mobilitatechisinau.md\/#organization\"},\"image\":{\"@id\":\"https:\/\/mobilitatechisinau.md\/?p=17387#primaryimage\"},\"thumbnailUrl\":\"https:\/\/mobilitatechisinau.md\/wp-content\/uploads\/2026\/04\/halfmaraton_md.jpg\",\"articleSection\":[\"Comunicate de pres\u0103\"],\"inLanguage\":\"ro-RO\"},{\"@type\":\"WebPage\",\"@id\":\"https:\/\/mobilitatechisinau.md\/?p=17387\",\"url\":\"https:\/\/mobilitatechisinau.md\/?p=17387\",\"name\":\"Circula\u021bia transportului public va fi reorganizat\u0103 temporar \u00een contextul Chi\u0219in\u0103u Half Marathon 2026 - mobilitatechisinau.md\",\"isPartOf\":{\"@id\":\"https:\/\/mobilitatechisinau.md\/#website\"},\"primaryImageOfPage\":{\"@id\":\"https:\/\/mobilitatechisinau.md\/?p=17387#primaryimage\"},\"image\":{\"@id\":\"https:\/\/mobilitatechisinau.md\/?p=17387#primaryimage\"},\"thumbnailUrl\":\"https:\/\/mobilitatechisinau.md\/wp-content\/uploads\/2026\/04\/halfmaraton_md.jpg\",\"datePublished\":\"2026-04-24T11:54:31+00:00\",\"dateModified\":\"2026-04-29T12:05:24+00:00\",\"breadcrumb\":{\"@id\":\"https:\/\/mobilitatechisinau.md\/?p=17387#breadcrumb\"},\"inLanguage\":\"ro-RO\",\"potentialAction\":[{\"@type\":\"ReadAction\",\"target\":[\"https:\/\/mobilitatechisinau.md\/?p=17387\"]}]},{\"@type\":\"ImageObject\",\"inLanguage\":\"ro-RO\",\"@id\":\"https:\/\/mobilitatechisinau.md\/?p=17387#primaryimage\",\"url\":\"https:\/\/mobilitatechisinau.md\/wp-content\/uploads\/2026\/04\/halfmaraton_md.jpg\",\"contentUrl\":\"https:\/\/mobilitatechisinau.md\/wp-content\/uploads\/2026\/04\/halfmaraton_md.jpg\",\"width\":1200,\"height\":700},{\"@type\":\"BreadcrumbList\",\"@id\":\"https:\/\/mobilitatechisinau.md\/?p=17387#breadcrumb\",\"itemListElement\":[{\"@type\":\"ListItem\",\"position\":1,\"name\":\"Prima pagin\u0103\",\"item\":\"https:\/\/mobilitatechisinau.md\/\"},{\"@type\":\"ListItem\",\"position\":2,\"name\":\"Circula\u021bia transportului public va fi reorganizat\u0103 temporar \u00een contextul Chi\u0219in\u0103u Half Marathon 2026\"}]},{\"@type\":\"WebSite\",\"@id\":\"https:\/\/mobilitatechisinau.md\/#website\",\"url\":\"https:\/\/mobilitatechisinau.md\/\",\"name\":\"mobilitatechisinau.md\",\"description\":\"Direc\u0163ia General\u0103 Mobilitate Urban\u0103\",\"publisher\":{\"@id\":\"https:\/\/mobilitatechisinau.md\/#organization\"},\"potentialAction\":[{\"@type\":\"SearchAction\",\"target\":{\"@type\":\"EntryPoint\",\"urlTemplate\":\"https:\/\/mobilitatechisinau.md\/?s={search_term_string}\"},\"query-input\":{\"@type\":\"PropertyValueSpecification\",\"valueRequired\":true,\"valueName\":\"search_term_string\"}}],\"inLanguage\":\"ro-RO\"},{\"@type\":\"Organization\",\"@id\":\"https:\/\/mobilitatechisinau.md\/#organization\",\"name\":\"Direc\u0163ia general\u0103 transport public \u015fi c\u0103i de comunica\u0163ie\",\"url\":\"https:\/\/mobilitatechisinau.md\/\",\"logo\":{\"@type\":\"ImageObject\",\"inLanguage\":\"ro-RO\",\"@id\":\"https:\/\/mobilitatechisinau.md\/#\/schema\/logo\/image\/\",\"url\":\"https:\/\/dgtpcc.md\/wp-content\/uploads\/2022\/05\/DGTPCC-Chis\u0326ina\u0306u-new.jpg\",\"contentUrl\":\"https:\/\/dgtpcc.md\/wp-content\/uploads\/2022\/05\/DGTPCC-Chis\u0326ina\u0306u-new.jpg\",\"width\":304,\"height\":80,\"caption\":\"Direc\u0163ia general\u0103 transport public \u015fi c\u0103i de comunica\u0163ie\"},\"image\":{\"@id\":\"https:\/\/mobilitatechisinau.md\/#\/schema\/logo\/image\/\"},\"sameAs\":[\"https:\/\/www.facebook.com\/DGTPCC\"]},{\"@type\":\"Person\",\"@id\":\"https:\/\/mobilitatechisinau.md\/#\/schema\/person\/c25d28ff5553bea759689e10224709c7\",\"name\":\"dgtpcc.md\",\"image\":{\"@type\":\"ImageObject\",\"inLanguage\":\"ro-RO\",\"@id\":\"https:\/\/mobilitatechisinau.md\/#\/schema\/person\/image\/\",\"url\":\"https:\/\/secure.gravatar.com\/avatar\/9057a81ed6aa6c63f6d0d045749b3708fa15d612e3a388d9ac7b50072146c906?s=96&d=mm&r=g\",\"contentUrl\":\"https:\/\/secure.gravatar.com\/avatar\/9057a81ed6aa6c63f6d0d045749b3708fa15d612e3a388d9ac7b50072146c906?s=96&d=mm&r=g\",\"caption\":\"dgtpcc.md\"},\"sameAs\":[\"https:\/\/dgtpcc.md\"],\"url\":\"https:\/\/mobilitatechisinau.md\/?author=1\"}]}<\/script>\n<!-- \/ Yoast SEO plugin. -->","yoast_head_json":{"title":"Circula\u021bia transportului public va fi reorganizat\u0103 temporar \u00een contextul Chi\u0219in\u0103u Half Marathon 2026 - mobilitatechisinau.md","robots":{"index":"index","follow":"follow","max-snippet":"max-snippet:-1","max-image-preview":"max-image-preview:large","max-video-preview":"max-video-preview:-1"},"canonical":"https:\/\/mobilitatechisinau.md\/?p=17387","og_locale":"ro_RO","og_type":"article","og_title":"Circula\u021bia transportului public va fi reorganizat\u0103 temporar \u00een contextul Chi\u0219in\u0103u Half Marathon 2026 - mobilitatechisinau.md","og_description":"Prim\u0103ria municipiului Chi\u0219in\u0103u informeaz\u0103 c\u0103, \u00een contextul desf\u0103\u0219ur\u0103rii evenimentului Chi\u0219in\u0103u Half Marathon 2026, \u00een zilele de 25 \u0219i 26 aprilie 2026, circula\u021bia transportului public va fi reorganizat\u0103 temporar, iar unele rute vor circula pe itinerare modificate. La data de 25 aprilie 2026, va fi sistat\u0103 circula\u021bia rutier\u0103 pe bulevardul \u0218tefan cel Mare \u0219i Sf\u00e2nt, pe [&hellip;]","og_url":"https:\/\/mobilitatechisinau.md\/?p=17387","og_site_name":"mobilitatechisinau.md","article_publisher":"https:\/\/www.facebook.com\/DGTPCC","article_published_time":"2026-04-24T11:54:31+00:00","article_modified_time":"2026-04-29T12:05:24+00:00","og_image":[{"width":1200,"height":700,"url":"https:\/\/mobilitatechisinau.md\/wp-content\/uploads\/2026\/04\/halfmaraton_md.jpg","type":"image\/jpeg"}],"author":"dgtpcc.md","twitter_card":"summary_large_image","twitter_misc":{"Scris de":"dgtpcc.md","Timp estimat pentru citire":"2 minute"},"schema":{"@context":"https:\/\/schema.org","@graph":[{"@type":"Article","@id":"https:\/\/mobilitatechisinau.md\/?p=17387#article","isPartOf":{"@id":"https:\/\/mobilitatechisinau.md\/?p=17387"},"author":{"name":"dgtpcc.md","@id":"https:\/\/mobilitatechisinau.md\/#\/schema\/person\/c25d28ff5553bea759689e10224709c7"},"headline":"Circula\u021bia transportului public va fi reorganizat\u0103 temporar \u00een contextul Chi\u0219in\u0103u Half Marathon 2026","datePublished":"2026-04-24T11:54:31+00:00","dateModified":"2026-04-29T12:05:24+00:00","mainEntityOfPage":{"@id":"https:\/\/mobilitatechisinau.md\/?p=17387"},"wordCount":197,"publisher":{"@id":"https:\/\/mobilitatechisinau.md\/#organization"},"image":{"@id":"https:\/\/mobilitatechisinau.md\/?p=17387#primaryimage"},"thumbnailUrl":"https:\/\/mobilitatechisinau.md\/wp-content\/uploads\/2026\/04\/halfmaraton_md.jpg","articleSection":["Comunicate de pres\u0103"],"inLanguage":"ro-RO"},{"@type":"WebPage","@id":"https:\/\/mobilitatechisinau.md\/?p=17387","url":"https:\/\/mobilitatechisinau.md\/?p=17387","name":"Circula\u021bia transportului public va fi reorganizat\u0103 temporar \u00een contextul Chi\u0219in\u0103u Half Marathon 2026 - mobilitatechisinau.md","isPartOf":{"@id":"https:\/\/mobilitatechisinau.md\/#website"},"primaryImageOfPage":{"@id":"https:\/\/mobilitatechisinau.md\/?p=17387#primaryimage"},"image":{"@id":"https:\/\/mobilitatechisinau.md\/?p=17387#primaryimage"},"thumbnailUrl":"https:\/\/mobilitatechisinau.md\/wp-content\/uploads\/2026\/04\/halfmaraton_md.jpg","datePublished":"2026-04-24T11:54:31+00:00","dateModified":"2026-04-29T12:05:24+00:00","breadcrumb":{"@id":"https:\/\/mobilitatechisinau.md\/?p=17387#breadcrumb"},"inLanguage":"ro-RO","potentialAction":[{"@type":"ReadAction","target":["https:\/\/mobilitatechisinau.md\/?p=17387"]}]},{"@type":"ImageObject","inLanguage":"ro-RO","@id":"https:\/\/mobilitatechisinau.md\/?p=17387#primaryimage","url":"https:\/\/mobilitatechisinau.md\/wp-content\/uploads\/2026\/04\/halfmaraton_md.jpg","contentUrl":"https:\/\/mobilitatechisinau.md\/wp-content\/uploads\/2026\/04\/halfmaraton_md.jpg","width":1200,"height":700},{"@type":"BreadcrumbList","@id":"https:\/\/mobilitatechisinau.md\/?p=17387#breadcrumb","itemListElement":[{"@type":"ListItem","position":1,"name":"Prima pagin\u0103","item":"https:\/\/mobilitatechisinau.md\/"},{"@type":"ListItem","position":2,"name":"Circula\u021bia transportului public va fi reorganizat\u0103 temporar \u00een contextul Chi\u0219in\u0103u Half Marathon 2026"}]},{"@type":"WebSite","@id":"https:\/\/mobilitatechisinau.md\/#website","url":"https:\/\/mobilitatechisinau.md\/","name":"mobilitatechisinau.md","description":"Direc\u0163ia General\u0103 Mobilitate Urban\u0103","publisher":{"@id":"https:\/\/mobilitatechisinau.md\/#organization"},"potentialAction":[{"@type":"SearchAction","target":{"@type":"EntryPoint","urlTemplate":"https:\/\/mobilitatechisinau.md\/?s={search_term_string}"},"query-input":{"@type":"PropertyValueSpecification","valueRequired":true,"valueName":"search_term_string"}}],"inLanguage":"ro-RO"},{"@type":"Organization","@id":"https:\/\/mobilitatechisinau.md\/#organization","name":"Direc\u0163ia general\u0103 transport public \u015fi c\u0103i de comunica\u0163ie","url":"https:\/\/mobilitatechisinau.md\/","logo":{"@type":"ImageObject","inLanguage":"ro-RO","@id":"https:\/\/mobilitatechisinau.md\/#\/schema\/logo\/image\/","url":"https:\/\/dgtpcc.md\/wp-content\/uploads\/2022\/05\/DGTPCC-Chis\u0326ina\u0306u-new.jpg","contentUrl":"https:\/\/dgtpcc.md\/wp-content\/uploads\/2022\/05\/DGTPCC-Chis\u0326ina\u0306u-new.jpg","width":304,"height":80,"caption":"Direc\u0163ia general\u0103 transport public \u015fi c\u0103i de comunica\u0163ie"},"image":{"@id":"https:\/\/mobilitatechisinau.md\/#\/schema\/logo\/image\/"},"sameAs":["https:\/\/www.facebook.com\/DGTPCC"]},{"@type":"Person","@id":"https:\/\/mobilitatechisinau.md\/#\/schema\/person\/c25d28ff5553bea759689e10224709c7","name":"dgtpcc.md","image":{"@type":"ImageObject","inLanguage":"ro-RO","@id":"https:\/\/mobilitatechisinau.md\/#\/schema\/person\/image\/","url":"https:\/\/secure.gravatar.com\/avatar\/9057a81ed6aa6c63f6d0d045749b3708fa15d612e3a388d9ac7b50072146c906?s=96&d=mm&r=g","contentUrl":"https:\/\/secure.gravatar.com\/avatar\/9057a81ed6aa6c63f6d0d045749b3708fa15d612e3a388d9ac7b50072146c906?s=96&d=mm&r=g","caption":"dgtpcc.md"},"sameAs":["https:\/\/dgtpcc.md"],"url":"https:\/\/mobilitatechisinau.md\/?author=1"}]}},"_links":{"self":[{"href":"https:\/\/mobilitatechisinau.md\/index.php?rest_route=\/wp\/v2\/posts\/17387","targetHints":{"allow":["GET"]}}],"collection":[{"href":"https:\/\/mobilitatechisinau.md\/index.php?rest_route=\/wp\/v2\/posts"}],"about":[{"href":"https:\/\/mobilitatechisinau.md\/index.php?rest_route=\/wp\/v2\/types\/post"}],"author":[{"embeddable":true,"href":"https:\/\/mobilitatechisinau.md\/index.php?rest_route=\/wp\/v2\/users\/1"}],"replies":[{"embeddable":true,"href":"https:\/\/mobilitatechisinau.md\/index.php?rest_route=%2Fwp%2Fv2%2Fcomments&post=17387"}],"version-history":[{"count":1,"href":"https:\/\/mobilitatechisinau.md\/index.php?rest_route=\/wp\/v2\/posts\/17387\/revisions"}],"predecessor-version":[{"id":17389,"href":"https:\/\/mobilitatechisinau.md\/index.php?rest_route=\/wp\/v2\/posts\/17387\/revisions\/17389"}],"wp:featuredmedia":[{"embeddable":true,"href":"https:\/\/mobilitatechisinau.md\/index.php?rest_route=\/wp\/v2\/media\/17388"}],"wp:attachment":[{"href":"https:\/\/mobilitatechisinau.md\/index.php?rest_route=%2Fwp%2Fv2%2Fmedia&parent=17387"}],"wp:term":[{"taxonomy":"category","embeddable":true,"href":"https:\/\/mobilitatechisinau.md\/index.php?rest_route=%2Fwp%2Fv2%2Fcategories&post=17387"},{"taxonomy":"post_tag","embeddable":true,"href":"https:\/\/mobilitatechisinau.md\/index.php?rest_route=%2Fwp%2Fv2%2Ftags&post=17387"}],"curies":[{"name":"wp","href":"https:\/\/api.w.org\/{rel}","templated":true}]}}