{"id":17390,"date":"2026-04-24T14:10:55","date_gmt":"2026-04-24T12:10:55","guid":{"rendered":"https:\/\/mobilitatechisinau.md\/?p=17390"},"modified":"2026-04-29T14:23:31","modified_gmt":"2026-04-29T12:23:31","slug":"lucrarile-de-reparatie-si-intretinere-a-infrastructurii-rutiere-sunt-in-plina-desfasurare-atat-pe-arterele-principale-de-acces-spre-suburbii-cat-si-in-interiorul-orasului","status":"publish","type":"post","link":"https:\/\/mobilitatechisinau.md\/?p=17390","title":{"rendered":"Lucr\u0103rile de repara\u021bie \u0219i \u00eentre\u021binere a infrastructurii rutiere sunt \u00een plin\u0103 desf\u0103\u0219urare, at\u00e2t pe arterele principale de acces spre suburbii, c\u00e2t \u0219i \u00een interiorul ora\u0219ului."},"content":{"rendered":"\n<p>\u00cen prezent, se intervine pe drumul de acces L-455, o arter\u0103 important\u0103 care asigur\u0103 conexiunea municipiului Chi\u0219in\u0103u cu suburbiile din sectorul Ciocana \u2013 Bude\u0219ti, Tohatin, Cruze\u0219ti, Coloni\u021ba \u0219i Vadul lui Vod\u0103, precum \u0219i cu localit\u0103\u021bi din raioanele Criuleni \u0219i Dub\u0103sari. Lucr\u0103rile sunt executate de serviciile municipale specializate pe o lungime de aproximativ 3 km, de la ie\u0219irea din ora\u0219 p\u00e2n\u0103 \u00een centrul satului Bude\u0219ti.<\/p>\n\n\n\n<p>Drumul L-455, tranzitat zilnic de un flux intens de autovehicule, este supus \u00een aceste zile unor interven\u021bii complexe de repara\u021bie, dup\u0103 deterior\u0103rile produse \u00een sezonul rece. Drumarii din cadrul Regiei \u201eExdrupo\u201d execut\u0103 lucr\u0103ri de frezare a stratului de asfalt degradat, decapare, a\u0219ternere a pietrei sparte \u0219i aplicarea a dou\u0103 straturi de asfalt pe sectoarele grav afectate.<\/p>\n\n\n\n<p>Men\u021bion\u0103m c\u0103 drumul de acces L-455 are o lungime total\u0103 de circa 4 km, pornind de la str. Vadul lui Vod\u0103 \u0219i p\u00e2n\u0103 la traseul na\u021bional M5, travers\u00e2nd localitatea Bude\u0219ti. \u00cen perioada 2024\u20132025, un segment de 1 km, cuprins \u00eentre traseul M5 \u0219i str. B\u0103l\u021bata din Bude\u0219ti, a fost supus unor lucr\u0103ri capitale de reabilitare, \u00een valoare de aproximativ 8 milioane de lei, finan\u021bate din bugetul municipal. Av\u00e2nd \u00een vedere c\u0103 structura rutier\u0103 existent\u0103 nu dispunea de funda\u021bie corespunz\u0103toare, a fost necesar\u0103 refacerea complet\u0103 a acesteia, de la stratul de baz\u0103.<\/p>\n\n\n\n<p>Interven\u021biile actuale vizeaz\u0103 restul de 3 km \u0219i vor continua p\u00e2n\u0103 la remedierea integral\u0103 a tuturor sectoarelor afectate. \u00cen acest context, conduc\u0103torii auto sunt ruga\u021bi s\u0103 respecte indicatoarele rutiere temporare instituite \u00een zonele de lucru.<\/p>\n\n\n\n<p>\u00cen paralel, lucr\u0103rile de \u00eentre\u021binere a infrastructurii rutiere continu\u0103 \u00een toate sectoarele municipiului Chi\u0219in\u0103u. Serviciile municipale intervin at\u00e2t pe arterele principale \u0219i secundare, c\u00e2t \u0219i pe c\u0103ile de acces c\u0103tre suburbii \u0219i \u00een cur\u021bile blocurilor de locuin\u021be. Echipele de drumari desf\u0103\u0219oar\u0103 lucr\u0103ri de preg\u0103tire a suprafe\u021belor pentru asfaltare \u0219i execut\u0103 plomb\u0103ri ale carosabilului, \u00een vederea \u00eembun\u0103t\u0103\u021birii condi\u021biilor de trafic.<\/p>\n\n\n\n<p>Programul de lucru al echipelor este extins p\u00e2n\u0103 seara t\u00e2rziu, iar interven\u021biile vor continua \u0219i \u00een zilele urm\u0103toare, \u00een func\u021bie de condi\u021biile meteorologice \u0219i de necesit\u0103\u021bile identificate \u00een teren.<\/p>\n\n\n\n<figure class=\"wp-block-gallery has-nested-images columns-default is-cropped wp-block-gallery-1 is-layout-flex wp-block-gallery-is-layout-flex\">\n<figure class=\"wp-block-image size-large\"><img fetchpriority=\"high\" decoding=\"async\" width=\"933\" height=\"700\" data-id=\"17392\" src=\"https:\/\/mobilitatechisinau.md\/wp-content\/uploads\/2026\/04\/1-2.jpg\" alt=\"\" class=\"wp-image-17392\" srcset=\"https:\/\/mobilitatechisinau.md\/wp-content\/uploads\/2026\/04\/1-2.jpg 933w, https:\/\/mobilitatechisinau.md\/wp-content\/uploads\/2026\/04\/1-2-300x225.jpg 300w, https:\/\/mobilitatechisinau.md\/wp-content\/uploads\/2026\/04\/1-2-768x576.jpg 768w, https:\/\/mobilitatechisinau.md\/wp-content\/uploads\/2026\/04\/1-2-16x12.jpg 16w, https:\/\/mobilitatechisinau.md\/wp-content\/uploads\/2026\/04\/1-2-466x350.jpg 466w\" sizes=\"(max-width: 933px) 100vw, 933px\" \/><\/figure>\n\n\n\n<figure class=\"wp-block-image size-large\"><img decoding=\"async\" width=\"525\" height=\"700\" data-id=\"17393\" src=\"https:\/\/mobilitatechisinau.md\/wp-content\/uploads\/2026\/04\/3-2.jpg\" alt=\"\" class=\"wp-image-17393\" srcset=\"https:\/\/mobilitatechisinau.md\/wp-content\/uploads\/2026\/04\/3-2.jpg 525w, https:\/\/mobilitatechisinau.md\/wp-content\/uploads\/2026\/04\/3-2-225x300.jpg 225w, https:\/\/mobilitatechisinau.md\/wp-content\/uploads\/2026\/04\/3-2-9x12.jpg 9w, https:\/\/mobilitatechisinau.md\/wp-content\/uploads\/2026\/04\/3-2-262x350.jpg 262w\" sizes=\"(max-width: 525px) 100vw, 525px\" \/><\/figure>\n\n\n\n<figure class=\"wp-block-image size-large\"><img decoding=\"async\" width=\"525\" height=\"700\" data-id=\"17394\" src=\"https:\/\/mobilitatechisinau.md\/wp-content\/uploads\/2026\/04\/4-2.jpg\" alt=\"\" class=\"wp-image-17394\" srcset=\"https:\/\/mobilitatechisinau.md\/wp-content\/uploads\/2026\/04\/4-2.jpg 525w, https:\/\/mobilitatechisinau.md\/wp-content\/uploads\/2026\/04\/4-2-225x300.jpg 225w, https:\/\/mobilitatechisinau.md\/wp-content\/uploads\/2026\/04\/4-2-9x12.jpg 9w, https:\/\/mobilitatechisinau.md\/wp-content\/uploads\/2026\/04\/4-2-262x350.jpg 262w\" sizes=\"(max-width: 525px) 100vw, 525px\" \/><\/figure>\n\n\n\n<figure class=\"wp-block-image size-large\"><img loading=\"lazy\" decoding=\"async\" width=\"525\" height=\"700\" data-id=\"17395\" src=\"https:\/\/mobilitatechisinau.md\/wp-content\/uploads\/2026\/04\/5-2.jpg\" alt=\"\" class=\"wp-image-17395\" srcset=\"https:\/\/mobilitatechisinau.md\/wp-content\/uploads\/2026\/04\/5-2.jpg 525w, https:\/\/mobilitatechisinau.md\/wp-content\/uploads\/2026\/04\/5-2-225x300.jpg 225w, https:\/\/mobilitatechisinau.md\/wp-content\/uploads\/2026\/04\/5-2-9x12.jpg 9w, https:\/\/mobilitatechisinau.md\/wp-content\/uploads\/2026\/04\/5-2-262x350.jpg 262w\" sizes=\"(max-width: 525px) 100vw, 525px\" \/><\/figure>\n\n\n\n<figure class=\"wp-block-image size-large\"><img loading=\"lazy\" decoding=\"async\" width=\"525\" height=\"700\" data-id=\"17396\" src=\"https:\/\/mobilitatechisinau.md\/wp-content\/uploads\/2026\/04\/6-2.jpg\" alt=\"\" class=\"wp-image-17396\" srcset=\"https:\/\/mobilitatechisinau.md\/wp-content\/uploads\/2026\/04\/6-2.jpg 525w, https:\/\/mobilitatechisinau.md\/wp-content\/uploads\/2026\/04\/6-2-225x300.jpg 225w, https:\/\/mobilitatechisinau.md\/wp-content\/uploads\/2026\/04\/6-2-9x12.jpg 9w, https:\/\/mobilitatechisinau.md\/wp-content\/uploads\/2026\/04\/6-2-262x350.jpg 262w\" sizes=\"(max-width: 525px) 100vw, 525px\" \/><\/figure>\n\n\n\n<figure class=\"wp-block-image size-large\"><img loading=\"lazy\" decoding=\"async\" width=\"933\" height=\"700\" data-id=\"17397\" src=\"https:\/\/mobilitatechisinau.md\/wp-content\/uploads\/2026\/04\/7-2.jpg\" alt=\"\" class=\"wp-image-17397\" srcset=\"https:\/\/mobilitatechisinau.md\/wp-content\/uploads\/2026\/04\/7-2.jpg 933w, https:\/\/mobilitatechisinau.md\/wp-content\/uploads\/2026\/04\/7-2-300x225.jpg 300w, https:\/\/mobilitatechisinau.md\/wp-content\/uploads\/2026\/04\/7-2-768x576.jpg 768w, https:\/\/mobilitatechisinau.md\/wp-content\/uploads\/2026\/04\/7-2-16x12.jpg 16w, https:\/\/mobilitatechisinau.md\/wp-content\/uploads\/2026\/04\/7-2-466x350.jpg 466w\" sizes=\"(max-width: 933px) 100vw, 933px\" \/><\/figure>\n\n\n\n<figure class=\"wp-block-image size-large\"><img loading=\"lazy\" decoding=\"async\" width=\"525\" height=\"700\" data-id=\"17398\" src=\"https:\/\/mobilitatechisinau.md\/wp-content\/uploads\/2026\/04\/8-2.jpg\" alt=\"\" class=\"wp-image-17398\" srcset=\"https:\/\/mobilitatechisinau.md\/wp-content\/uploads\/2026\/04\/8-2.jpg 525w, https:\/\/mobilitatechisinau.md\/wp-content\/uploads\/2026\/04\/8-2-225x300.jpg 225w, https:\/\/mobilitatechisinau.md\/wp-content\/uploads\/2026\/04\/8-2-9x12.jpg 9w, https:\/\/mobilitatechisinau.md\/wp-content\/uploads\/2026\/04\/8-2-262x350.jpg 262w\" sizes=\"(max-width: 525px) 100vw, 525px\" \/><\/figure>\n\n\n\n<figure class=\"wp-block-image size-large\"><img loading=\"lazy\" decoding=\"async\" width=\"525\" height=\"700\" data-id=\"17399\" src=\"https:\/\/mobilitatechisinau.md\/wp-content\/uploads\/2026\/04\/9-2.jpg\" alt=\"\" class=\"wp-image-17399\" srcset=\"https:\/\/mobilitatechisinau.md\/wp-content\/uploads\/2026\/04\/9-2.jpg 525w, https:\/\/mobilitatechisinau.md\/wp-content\/uploads\/2026\/04\/9-2-225x300.jpg 225w, https:\/\/mobilitatechisinau.md\/wp-content\/uploads\/2026\/04\/9-2-9x12.jpg 9w, https:\/\/mobilitatechisinau.md\/wp-content\/uploads\/2026\/04\/9-2-262x350.jpg 262w\" sizes=\"(max-width: 525px) 100vw, 525px\" \/><\/figure>\n\n\n\n<figure class=\"wp-block-image size-large\"><img loading=\"lazy\" decoding=\"async\" width=\"525\" height=\"700\" data-id=\"17400\" src=\"https:\/\/mobilitatechisinau.md\/wp-content\/uploads\/2026\/04\/11-2.jpg\" alt=\"\" class=\"wp-image-17400\" srcset=\"https:\/\/mobilitatechisinau.md\/wp-content\/uploads\/2026\/04\/11-2.jpg 525w, https:\/\/mobilitatechisinau.md\/wp-content\/uploads\/2026\/04\/11-2-225x300.jpg 225w, https:\/\/mobilitatechisinau.md\/wp-content\/uploads\/2026\/04\/11-2-9x12.jpg 9w, https:\/\/mobilitatechisinau.md\/wp-content\/uploads\/2026\/04\/11-2-262x350.jpg 262w\" sizes=\"(max-width: 525px) 100vw, 525px\" \/><\/figure>\n<\/figure>\n","protected":false},"excerpt":{"rendered":"<p>\u00cen prezent, se intervine pe drumul de acces L-455, o arter\u0103 important\u0103 care asigur\u0103 conexiunea municipiului Chi\u0219in\u0103u cu suburbiile din sectorul Ciocana \u2013 Bude\u0219ti, Tohatin, Cruze\u0219ti, Coloni\u021ba \u0219i Vadul lui Vod\u0103, precum \u0219i cu localit\u0103\u021bi din raioanele Criuleni \u0219i Dub\u0103sari. Lucr\u0103rile sunt executate de serviciile municipale specializate pe o lungime de aproximativ 3 km, de [&hellip;]<\/p>\n","protected":false},"author":1,"featured_media":17391,"comment_status":"closed","ping_status":"open","sticky":false,"template":"","format":"standard","meta":{"footnotes":""},"categories":[92],"tags":[],"class_list":["post-17390","post","type-post","status-publish","format-standard","has-post-thumbnail","hentry","category-comunicate"],"yoast_head":"<!-- This site is optimized with the Yoast SEO plugin v23.9 - https:\/\/yoast.com\/wordpress\/plugins\/seo\/ -->\n<title>Lucr\u0103rile de repara\u021bie \u0219i \u00eentre\u021binere a infrastructurii rutiere sunt \u00een plin\u0103 desf\u0103\u0219urare, at\u00e2t pe arterele principale de acces spre suburbii, c\u00e2t \u0219i \u00een interiorul ora\u0219ului. - mobilitatechisinau.md<\/title>\n<meta name=\"robots\" content=\"index, follow, max-snippet:-1, max-image-preview:large, max-video-preview:-1\" \/>\n<link rel=\"canonical\" href=\"https:\/\/mobilitatechisinau.md\/?p=17390\" \/>\n<meta property=\"og:locale\" content=\"ro_RO\" \/>\n<meta property=\"og:type\" content=\"article\" \/>\n<meta property=\"og:title\" content=\"Lucr\u0103rile de repara\u021bie \u0219i \u00eentre\u021binere a infrastructurii rutiere sunt \u00een plin\u0103 desf\u0103\u0219urare, at\u00e2t pe arterele principale de acces spre suburbii, c\u00e2t \u0219i \u00een interiorul ora\u0219ului. - mobilitatechisinau.md\" \/>\n<meta property=\"og:description\" content=\"\u00cen prezent, se intervine pe drumul de acces L-455, o arter\u0103 important\u0103 care asigur\u0103 conexiunea municipiului Chi\u0219in\u0103u cu suburbiile din sectorul Ciocana \u2013 Bude\u0219ti, Tohatin, Cruze\u0219ti, Coloni\u021ba \u0219i Vadul lui Vod\u0103, precum \u0219i cu localit\u0103\u021bi din raioanele Criuleni \u0219i Dub\u0103sari. Lucr\u0103rile sunt executate de serviciile municipale specializate pe o lungime de aproximativ 3 km, de [&hellip;]\" \/>\n<meta property=\"og:url\" content=\"https:\/\/mobilitatechisinau.md\/?p=17390\" \/>\n<meta property=\"og:site_name\" content=\"mobilitatechisinau.md\" \/>\n<meta property=\"article:publisher\" content=\"https:\/\/www.facebook.com\/DGTPCC\" \/>\n<meta property=\"article:published_time\" content=\"2026-04-24T12:10:55+00:00\" \/>\n<meta property=\"article:modified_time\" content=\"2026-04-29T12:23:31+00:00\" \/>\n<meta property=\"og:image\" content=\"https:\/\/mobilitatechisinau.md\/wp-content\/uploads\/2026\/04\/24-aprilie.jpg\" \/>\n\t<meta property=\"og:image:width\" content=\"1200\" \/>\n\t<meta property=\"og:image:height\" content=\"700\" \/>\n\t<meta property=\"og:image:type\" content=\"image\/jpeg\" \/>\n<meta name=\"author\" content=\"dgtpcc.md\" \/>\n<meta name=\"twitter:card\" content=\"summary_large_image\" \/>\n<meta name=\"twitter:label1\" content=\"Scris de\" \/>\n\t<meta name=\"twitter:data1\" content=\"dgtpcc.md\" \/>\n\t<meta name=\"twitter:label2\" content=\"Timp estimat pentru citire\" \/>\n\t<meta name=\"twitter:data2\" content=\"4 minute\" \/>\n<script type=\"application\/ld+json\" class=\"yoast-schema-graph\">{\"@context\":\"https:\/\/schema.org\",\"@graph\":[{\"@type\":\"Article\",\"@id\":\"https:\/\/mobilitatechisinau.md\/?p=17390#article\",\"isPartOf\":{\"@id\":\"https:\/\/mobilitatechisinau.md\/?p=17390\"},\"author\":{\"name\":\"dgtpcc.md\",\"@id\":\"https:\/\/mobilitatechisinau.md\/#\/schema\/person\/c25d28ff5553bea759689e10224709c7\"},\"headline\":\"Lucr\u0103rile de repara\u021bie \u0219i \u00eentre\u021binere a infrastructurii rutiere sunt \u00een plin\u0103 desf\u0103\u0219urare, at\u00e2t pe arterele principale de acces spre suburbii, c\u00e2t \u0219i \u00een interiorul ora\u0219ului.\",\"datePublished\":\"2026-04-24T12:10:55+00:00\",\"dateModified\":\"2026-04-29T12:23:31+00:00\",\"mainEntityOfPage\":{\"@id\":\"https:\/\/mobilitatechisinau.md\/?p=17390\"},\"wordCount\":418,\"publisher\":{\"@id\":\"https:\/\/mobilitatechisinau.md\/#organization\"},\"image\":{\"@id\":\"https:\/\/mobilitatechisinau.md\/?p=17390#primaryimage\"},\"thumbnailUrl\":\"https:\/\/mobilitatechisinau.md\/wp-content\/uploads\/2026\/04\/24-aprilie.jpg\",\"articleSection\":[\"Comunicate de pres\u0103\"],\"inLanguage\":\"ro-RO\"},{\"@type\":\"WebPage\",\"@id\":\"https:\/\/mobilitatechisinau.md\/?p=17390\",\"url\":\"https:\/\/mobilitatechisinau.md\/?p=17390\",\"name\":\"Lucr\u0103rile de repara\u021bie \u0219i \u00eentre\u021binere a infrastructurii rutiere sunt \u00een plin\u0103 desf\u0103\u0219urare, at\u00e2t pe arterele principale de acces spre suburbii, c\u00e2t \u0219i \u00een interiorul ora\u0219ului. - mobilitatechisinau.md\",\"isPartOf\":{\"@id\":\"https:\/\/mobilitatechisinau.md\/#website\"},\"primaryImageOfPage\":{\"@id\":\"https:\/\/mobilitatechisinau.md\/?p=17390#primaryimage\"},\"image\":{\"@id\":\"https:\/\/mobilitatechisinau.md\/?p=17390#primaryimage\"},\"thumbnailUrl\":\"https:\/\/mobilitatechisinau.md\/wp-content\/uploads\/2026\/04\/24-aprilie.jpg\",\"datePublished\":\"2026-04-24T12:10:55+00:00\",\"dateModified\":\"2026-04-29T12:23:31+00:00\",\"breadcrumb\":{\"@id\":\"https:\/\/mobilitatechisinau.md\/?p=17390#breadcrumb\"},\"inLanguage\":\"ro-RO\",\"potentialAction\":[{\"@type\":\"ReadAction\",\"target\":[\"https:\/\/mobilitatechisinau.md\/?p=17390\"]}]},{\"@type\":\"ImageObject\",\"inLanguage\":\"ro-RO\",\"@id\":\"https:\/\/mobilitatechisinau.md\/?p=17390#primaryimage\",\"url\":\"https:\/\/mobilitatechisinau.md\/wp-content\/uploads\/2026\/04\/24-aprilie.jpg\",\"contentUrl\":\"https:\/\/mobilitatechisinau.md\/wp-content\/uploads\/2026\/04\/24-aprilie.jpg\",\"width\":1200,\"height\":700},{\"@type\":\"BreadcrumbList\",\"@id\":\"https:\/\/mobilitatechisinau.md\/?p=17390#breadcrumb\",\"itemListElement\":[{\"@type\":\"ListItem\",\"position\":1,\"name\":\"Prima pagin\u0103\",\"item\":\"https:\/\/mobilitatechisinau.md\/\"},{\"@type\":\"ListItem\",\"position\":2,\"name\":\"Lucr\u0103rile de repara\u021bie \u0219i \u00eentre\u021binere a infrastructurii rutiere sunt \u00een plin\u0103 desf\u0103\u0219urare, at\u00e2t pe arterele principale de acces spre suburbii, c\u00e2t \u0219i \u00een interiorul ora\u0219ului.\"}]},{\"@type\":\"WebSite\",\"@id\":\"https:\/\/mobilitatechisinau.md\/#website\",\"url\":\"https:\/\/mobilitatechisinau.md\/\",\"name\":\"mobilitatechisinau.md\",\"description\":\"Direc\u0163ia General\u0103 Mobilitate Urban\u0103\",\"publisher\":{\"@id\":\"https:\/\/mobilitatechisinau.md\/#organization\"},\"potentialAction\":[{\"@type\":\"SearchAction\",\"target\":{\"@type\":\"EntryPoint\",\"urlTemplate\":\"https:\/\/mobilitatechisinau.md\/?s={search_term_string}\"},\"query-input\":{\"@type\":\"PropertyValueSpecification\",\"valueRequired\":true,\"valueName\":\"search_term_string\"}}],\"inLanguage\":\"ro-RO\"},{\"@type\":\"Organization\",\"@id\":\"https:\/\/mobilitatechisinau.md\/#organization\",\"name\":\"Direc\u0163ia general\u0103 transport public \u015fi c\u0103i de comunica\u0163ie\",\"url\":\"https:\/\/mobilitatechisinau.md\/\",\"logo\":{\"@type\":\"ImageObject\",\"inLanguage\":\"ro-RO\",\"@id\":\"https:\/\/mobilitatechisinau.md\/#\/schema\/logo\/image\/\",\"url\":\"https:\/\/dgtpcc.md\/wp-content\/uploads\/2022\/05\/DGTPCC-Chis\u0326ina\u0306u-new.jpg\",\"contentUrl\":\"https:\/\/dgtpcc.md\/wp-content\/uploads\/2022\/05\/DGTPCC-Chis\u0326ina\u0306u-new.jpg\",\"width\":304,\"height\":80,\"caption\":\"Direc\u0163ia general\u0103 transport public \u015fi c\u0103i de comunica\u0163ie\"},\"image\":{\"@id\":\"https:\/\/mobilitatechisinau.md\/#\/schema\/logo\/image\/\"},\"sameAs\":[\"https:\/\/www.facebook.com\/DGTPCC\"]},{\"@type\":\"Person\",\"@id\":\"https:\/\/mobilitatechisinau.md\/#\/schema\/person\/c25d28ff5553bea759689e10224709c7\",\"name\":\"dgtpcc.md\",\"image\":{\"@type\":\"ImageObject\",\"inLanguage\":\"ro-RO\",\"@id\":\"https:\/\/mobilitatechisinau.md\/#\/schema\/person\/image\/\",\"url\":\"https:\/\/secure.gravatar.com\/avatar\/9057a81ed6aa6c63f6d0d045749b3708fa15d612e3a388d9ac7b50072146c906?s=96&d=mm&r=g\",\"contentUrl\":\"https:\/\/secure.gravatar.com\/avatar\/9057a81ed6aa6c63f6d0d045749b3708fa15d612e3a388d9ac7b50072146c906?s=96&d=mm&r=g\",\"caption\":\"dgtpcc.md\"},\"sameAs\":[\"https:\/\/dgtpcc.md\"],\"url\":\"https:\/\/mobilitatechisinau.md\/?author=1\"}]}<\/script>\n<!-- \/ Yoast SEO plugin. -->","yoast_head_json":{"title":"Lucr\u0103rile de repara\u021bie \u0219i \u00eentre\u021binere a infrastructurii rutiere sunt \u00een plin\u0103 desf\u0103\u0219urare, at\u00e2t pe arterele principale de acces spre suburbii, c\u00e2t \u0219i \u00een interiorul ora\u0219ului. - mobilitatechisinau.md","robots":{"index":"index","follow":"follow","max-snippet":"max-snippet:-1","max-image-preview":"max-image-preview:large","max-video-preview":"max-video-preview:-1"},"canonical":"https:\/\/mobilitatechisinau.md\/?p=17390","og_locale":"ro_RO","og_type":"article","og_title":"Lucr\u0103rile de repara\u021bie \u0219i \u00eentre\u021binere a infrastructurii rutiere sunt \u00een plin\u0103 desf\u0103\u0219urare, at\u00e2t pe arterele principale de acces spre suburbii, c\u00e2t \u0219i \u00een interiorul ora\u0219ului. - mobilitatechisinau.md","og_description":"\u00cen prezent, se intervine pe drumul de acces L-455, o arter\u0103 important\u0103 care asigur\u0103 conexiunea municipiului Chi\u0219in\u0103u cu suburbiile din sectorul Ciocana \u2013 Bude\u0219ti, Tohatin, Cruze\u0219ti, Coloni\u021ba \u0219i Vadul lui Vod\u0103, precum \u0219i cu localit\u0103\u021bi din raioanele Criuleni \u0219i Dub\u0103sari. Lucr\u0103rile sunt executate de serviciile municipale specializate pe o lungime de aproximativ 3 km, de [&hellip;]","og_url":"https:\/\/mobilitatechisinau.md\/?p=17390","og_site_name":"mobilitatechisinau.md","article_publisher":"https:\/\/www.facebook.com\/DGTPCC","article_published_time":"2026-04-24T12:10:55+00:00","article_modified_time":"2026-04-29T12:23:31+00:00","og_image":[{"width":1200,"height":700,"url":"https:\/\/mobilitatechisinau.md\/wp-content\/uploads\/2026\/04\/24-aprilie.jpg","type":"image\/jpeg"}],"author":"dgtpcc.md","twitter_card":"summary_large_image","twitter_misc":{"Scris de":"dgtpcc.md","Timp estimat pentru citire":"4 minute"},"schema":{"@context":"https:\/\/schema.org","@graph":[{"@type":"Article","@id":"https:\/\/mobilitatechisinau.md\/?p=17390#article","isPartOf":{"@id":"https:\/\/mobilitatechisinau.md\/?p=17390"},"author":{"name":"dgtpcc.md","@id":"https:\/\/mobilitatechisinau.md\/#\/schema\/person\/c25d28ff5553bea759689e10224709c7"},"headline":"Lucr\u0103rile de repara\u021bie \u0219i \u00eentre\u021binere a infrastructurii rutiere sunt \u00een plin\u0103 desf\u0103\u0219urare, at\u00e2t pe arterele principale de acces spre suburbii, c\u00e2t \u0219i \u00een interiorul ora\u0219ului.","datePublished":"2026-04-24T12:10:55+00:00","dateModified":"2026-04-29T12:23:31+00:00","mainEntityOfPage":{"@id":"https:\/\/mobilitatechisinau.md\/?p=17390"},"wordCount":418,"publisher":{"@id":"https:\/\/mobilitatechisinau.md\/#organization"},"image":{"@id":"https:\/\/mobilitatechisinau.md\/?p=17390#primaryimage"},"thumbnailUrl":"https:\/\/mobilitatechisinau.md\/wp-content\/uploads\/2026\/04\/24-aprilie.jpg","articleSection":["Comunicate de pres\u0103"],"inLanguage":"ro-RO"},{"@type":"WebPage","@id":"https:\/\/mobilitatechisinau.md\/?p=17390","url":"https:\/\/mobilitatechisinau.md\/?p=17390","name":"Lucr\u0103rile de repara\u021bie \u0219i \u00eentre\u021binere a infrastructurii rutiere sunt \u00een plin\u0103 desf\u0103\u0219urare, at\u00e2t pe arterele principale de acces spre suburbii, c\u00e2t \u0219i \u00een interiorul ora\u0219ului. - mobilitatechisinau.md","isPartOf":{"@id":"https:\/\/mobilitatechisinau.md\/#website"},"primaryImageOfPage":{"@id":"https:\/\/mobilitatechisinau.md\/?p=17390#primaryimage"},"image":{"@id":"https:\/\/mobilitatechisinau.md\/?p=17390#primaryimage"},"thumbnailUrl":"https:\/\/mobilitatechisinau.md\/wp-content\/uploads\/2026\/04\/24-aprilie.jpg","datePublished":"2026-04-24T12:10:55+00:00","dateModified":"2026-04-29T12:23:31+00:00","breadcrumb":{"@id":"https:\/\/mobilitatechisinau.md\/?p=17390#breadcrumb"},"inLanguage":"ro-RO","potentialAction":[{"@type":"ReadAction","target":["https:\/\/mobilitatechisinau.md\/?p=17390"]}]},{"@type":"ImageObject","inLanguage":"ro-RO","@id":"https:\/\/mobilitatechisinau.md\/?p=17390#primaryimage","url":"https:\/\/mobilitatechisinau.md\/wp-content\/uploads\/2026\/04\/24-aprilie.jpg","contentUrl":"https:\/\/mobilitatechisinau.md\/wp-content\/uploads\/2026\/04\/24-aprilie.jpg","width":1200,"height":700},{"@type":"BreadcrumbList","@id":"https:\/\/mobilitatechisinau.md\/?p=17390#breadcrumb","itemListElement":[{"@type":"ListItem","position":1,"name":"Prima pagin\u0103","item":"https:\/\/mobilitatechisinau.md\/"},{"@type":"ListItem","position":2,"name":"Lucr\u0103rile de repara\u021bie \u0219i \u00eentre\u021binere a infrastructurii rutiere sunt \u00een plin\u0103 desf\u0103\u0219urare, at\u00e2t pe arterele principale de acces spre suburbii, c\u00e2t \u0219i \u00een interiorul ora\u0219ului."}]},{"@type":"WebSite","@id":"https:\/\/mobilitatechisinau.md\/#website","url":"https:\/\/mobilitatechisinau.md\/","name":"mobilitatechisinau.md","description":"Direc\u0163ia General\u0103 Mobilitate Urban\u0103","publisher":{"@id":"https:\/\/mobilitatechisinau.md\/#organization"},"potentialAction":[{"@type":"SearchAction","target":{"@type":"EntryPoint","urlTemplate":"https:\/\/mobilitatechisinau.md\/?s={search_term_string}"},"query-input":{"@type":"PropertyValueSpecification","valueRequired":true,"valueName":"search_term_string"}}],"inLanguage":"ro-RO"},{"@type":"Organization","@id":"https:\/\/mobilitatechisinau.md\/#organization","name":"Direc\u0163ia general\u0103 transport public \u015fi c\u0103i de comunica\u0163ie","url":"https:\/\/mobilitatechisinau.md\/","logo":{"@type":"ImageObject","inLanguage":"ro-RO","@id":"https:\/\/mobilitatechisinau.md\/#\/schema\/logo\/image\/","url":"https:\/\/dgtpcc.md\/wp-content\/uploads\/2022\/05\/DGTPCC-Chis\u0326ina\u0306u-new.jpg","contentUrl":"https:\/\/dgtpcc.md\/wp-content\/uploads\/2022\/05\/DGTPCC-Chis\u0326ina\u0306u-new.jpg","width":304,"height":80,"caption":"Direc\u0163ia general\u0103 transport public \u015fi c\u0103i de comunica\u0163ie"},"image":{"@id":"https:\/\/mobilitatechisinau.md\/#\/schema\/logo\/image\/"},"sameAs":["https:\/\/www.facebook.com\/DGTPCC"]},{"@type":"Person","@id":"https:\/\/mobilitatechisinau.md\/#\/schema\/person\/c25d28ff5553bea759689e10224709c7","name":"dgtpcc.md","image":{"@type":"ImageObject","inLanguage":"ro-RO","@id":"https:\/\/mobilitatechisinau.md\/#\/schema\/person\/image\/","url":"https:\/\/secure.gravatar.com\/avatar\/9057a81ed6aa6c63f6d0d045749b3708fa15d612e3a388d9ac7b50072146c906?s=96&d=mm&r=g","contentUrl":"https:\/\/secure.gravatar.com\/avatar\/9057a81ed6aa6c63f6d0d045749b3708fa15d612e3a388d9ac7b50072146c906?s=96&d=mm&r=g","caption":"dgtpcc.md"},"sameAs":["https:\/\/dgtpcc.md"],"url":"https:\/\/mobilitatechisinau.md\/?author=1"}]}},"_links":{"self":[{"href":"https:\/\/mobilitatechisinau.md\/index.php?rest_route=\/wp\/v2\/posts\/17390","targetHints":{"allow":["GET"]}}],"collection":[{"href":"https:\/\/mobilitatechisinau.md\/index.php?rest_route=\/wp\/v2\/posts"}],"about":[{"href":"https:\/\/mobilitatechisinau.md\/index.php?rest_route=\/wp\/v2\/types\/post"}],"author":[{"embeddable":true,"href":"https:\/\/mobilitatechisinau.md\/index.php?rest_route=\/wp\/v2\/users\/1"}],"replies":[{"embeddable":true,"href":"https:\/\/mobilitatechisinau.md\/index.php?rest_route=%2Fwp%2Fv2%2Fcomments&post=17390"}],"version-history":[{"count":1,"href":"https:\/\/mobilitatechisinau.md\/index.php?rest_route=\/wp\/v2\/posts\/17390\/revisions"}],"predecessor-version":[{"id":17401,"href":"https:\/\/mobilitatechisinau.md\/index.php?rest_route=\/wp\/v2\/posts\/17390\/revisions\/17401"}],"wp:featuredmedia":[{"embeddable":true,"href":"https:\/\/mobilitatechisinau.md\/index.php?rest_route=\/wp\/v2\/media\/17391"}],"wp:attachment":[{"href":"https:\/\/mobilitatechisinau.md\/index.php?rest_route=%2Fwp%2Fv2%2Fmedia&parent=17390"}],"wp:term":[{"taxonomy":"category","embeddable":true,"href":"https:\/\/mobilitatechisinau.md\/index.php?rest_route=%2Fwp%2Fv2%2Fcategories&post=17390"},{"taxonomy":"post_tag","embeddable":true,"href":"https:\/\/mobilitatechisinau.md\/index.php?rest_route=%2Fwp%2Fv2%2Ftags&post=17390"}],"curies":[{"name":"wp","href":"https:\/\/api.w.org\/{rel}","templated":true}]}}