{"id":17402,"date":"2026-04-21T14:41:53","date_gmt":"2026-04-21T12:41:53","guid":{"rendered":"https:\/\/mobilitatechisinau.md\/?p=17402"},"modified":"2026-04-29T14:44:47","modified_gmt":"2026-04-29T12:44:47","slug":"velo-road-chisinau-revine","status":"publish","type":"post","link":"https:\/\/mobilitatechisinau.md\/?p=17402","title":{"rendered":"Velo Road Chi\u0219in\u0103u revine!"},"content":{"rendered":"\n<p>\u00cen anul mobilit\u0103\u021bii urbane declarat de Prim\u0103ria Chi\u0219in\u0103u, municipalitatea te invit\u0103 s\u0103 participi la o curs\u0103 pe biciclete dedicat\u0103 promov\u0103rii transportului alternativ \u0219i unui stil de via\u021b\u0103 s\u0103n\u0103tos.<\/p>\n\n\n\n<p>25 aprilie 2026<\/p>\n\n\n\n<p>Ora 14:00<\/p>\n\n\n\n<p>Traseu (~15 km):<\/p>\n\n\n\n<p>Prim\u0103ria Chi\u0219in\u0103u \u2192 bd. \u0218tefan cel Mare \u0219i Sf\u00e2nt \u2192 str. Ciuflea \u2192 bd. Dacia \u2192 str. Hristo Botev \u2192 retur pe bd. Dacia \u2192 str. Constantin Negruzzi \u2192 str. Albi\u0219oara \u2192 str. Columna \u2192 str. Calea Ie\u0219ilor \u2192 final la Centrul de Tineret Buiucani<\/p>\n\n\n\n<p>Mai mult ca at\u00e2t, la finalul cursei pe biciclete, Prim\u0103ria Chi\u0219in\u0103u organizeaz\u0103 o tombol\u0103 special\u0103, vezi despre ce este vorba aici: (<a href=\"https:\/\/www.facebook.com\/CentrulMunicipalTineretChisinau\/posts\/pfbid028R4c5Vp87s7ueKpbJsbyUNDmYyJAVBVtjKUtqggtZBSt8CNwzHiXpaURvpKqDq2zl?__cft__[0]=AZaiiayAIiE0VD7GLqyrfRY1Xbt_oOKLdvxWdmgPoYaERE4MDZRTQsgI6eGQehee0p-_ztJWIHPA_ntUqiyDPP67Atn7f9AnGMcxOLBx4TvUMlPJADqyR9zA91XCo8iLDB6k5mHlD-xCAtcnbUQvJUEL1vPOzGkYxAf0mNL-X6O4GA&amp;__tn__=-UK-R\">https:\/\/www.facebook.com\/share\/p\/1DoREmE9LQ\/?mibextid=wwXIfr<\/a>) unde po\u021bi c\u00e2\u0219tiga una din cele 5 biciclete electrice.<\/p>\n\n\n\n<p>Vino \u00eempreun\u0103 cu prietenii \u0219i familia la unul dintre cele mai energice evenimente ale prim\u0103verii!<\/p>\n\n\n\n<p>\u00cenregistreaz\u0103-te aici: <a href=\"https:\/\/forms.gle\/qvjNXGfgasAPsaC98?fbclid=IwZXh0bgNhZW0CMTAAYnJpZBExNFRCcWVjM0xhZjFwWm5NZ3NydGMGYXBwX2lkEDIyMjAzOTE3ODgyMDA4OTIAAR5wLm_N6lgcAqI_E6eO_nXxC_fVEvagZ6Vnuz9EH_Pb4-XjVwnORIrB6RuMbw_aem_FDWvtLG2110NxTW1WIbLhw\" target=\"_blank\" rel=\"noreferrer noopener\">https:\/\/forms.gle\/qvjNXGfgasAPsaC98<\/a><\/p>\n\n\n\n<p><\/p>\n","protected":false},"excerpt":{"rendered":"<p>\u00cen anul mobilit\u0103\u021bii urbane declarat de Prim\u0103ria Chi\u0219in\u0103u, municipalitatea te invit\u0103 s\u0103 participi la o curs\u0103 pe biciclete dedicat\u0103 promov\u0103rii transportului alternativ \u0219i unui stil de via\u021b\u0103 s\u0103n\u0103tos. 25 aprilie 2026 Ora 14:00 Traseu (~15 km): Prim\u0103ria Chi\u0219in\u0103u \u2192 bd. \u0218tefan cel Mare \u0219i Sf\u00e2nt \u2192 str. Ciuflea \u2192 bd. Dacia \u2192 str. Hristo Botev [&hellip;]<\/p>\n","protected":false},"author":1,"featured_media":17403,"comment_status":"closed","ping_status":"open","sticky":false,"template":"","format":"standard","meta":{"footnotes":""},"categories":[92],"tags":[],"class_list":["post-17402","post","type-post","status-publish","format-standard","has-post-thumbnail","hentry","category-comunicate"],"yoast_head":"<!-- This site is optimized with the Yoast SEO plugin v23.9 - https:\/\/yoast.com\/wordpress\/plugins\/seo\/ -->\n<title>Velo Road Chi\u0219in\u0103u revine! - mobilitatechisinau.md<\/title>\n<meta name=\"robots\" content=\"index, follow, max-snippet:-1, max-image-preview:large, max-video-preview:-1\" \/>\n<link rel=\"canonical\" href=\"https:\/\/mobilitatechisinau.md\/?p=17402\" \/>\n<meta property=\"og:locale\" content=\"ro_RO\" \/>\n<meta property=\"og:type\" content=\"article\" \/>\n<meta property=\"og:title\" content=\"Velo Road Chi\u0219in\u0103u revine! - mobilitatechisinau.md\" \/>\n<meta property=\"og:description\" content=\"\u00cen anul mobilit\u0103\u021bii urbane declarat de Prim\u0103ria Chi\u0219in\u0103u, municipalitatea te invit\u0103 s\u0103 participi la o curs\u0103 pe biciclete dedicat\u0103 promov\u0103rii transportului alternativ \u0219i unui stil de via\u021b\u0103 s\u0103n\u0103tos. 25 aprilie 2026 Ora 14:00 Traseu (~15 km): Prim\u0103ria Chi\u0219in\u0103u \u2192 bd. \u0218tefan cel Mare \u0219i Sf\u00e2nt \u2192 str. Ciuflea \u2192 bd. Dacia \u2192 str. Hristo Botev [&hellip;]\" \/>\n<meta property=\"og:url\" content=\"https:\/\/mobilitatechisinau.md\/?p=17402\" \/>\n<meta property=\"og:site_name\" content=\"mobilitatechisinau.md\" \/>\n<meta property=\"article:publisher\" content=\"https:\/\/www.facebook.com\/DGTPCC\" \/>\n<meta property=\"article:published_time\" content=\"2026-04-21T12:41:53+00:00\" \/>\n<meta property=\"article:modified_time\" content=\"2026-04-29T12:44:47+00:00\" \/>\n<meta property=\"og:image\" content=\"https:\/\/mobilitatechisinau.md\/wp-content\/uploads\/2026\/04\/velo-road.jpg\" \/>\n\t<meta property=\"og:image:width\" content=\"1200\" \/>\n\t<meta property=\"og:image:height\" content=\"700\" \/>\n\t<meta property=\"og:image:type\" content=\"image\/jpeg\" \/>\n<meta name=\"author\" content=\"dgtpcc.md\" \/>\n<meta name=\"twitter:card\" content=\"summary_large_image\" \/>\n<meta name=\"twitter:label1\" content=\"Scris de\" \/>\n\t<meta name=\"twitter:data1\" content=\"dgtpcc.md\" \/>\n\t<meta name=\"twitter:label2\" content=\"Timp estimat pentru citire\" \/>\n\t<meta name=\"twitter:data2\" content=\"1 minut\" \/>\n<script type=\"application\/ld+json\" class=\"yoast-schema-graph\">{\"@context\":\"https:\/\/schema.org\",\"@graph\":[{\"@type\":\"Article\",\"@id\":\"https:\/\/mobilitatechisinau.md\/?p=17402#article\",\"isPartOf\":{\"@id\":\"https:\/\/mobilitatechisinau.md\/?p=17402\"},\"author\":{\"name\":\"dgtpcc.md\",\"@id\":\"https:\/\/mobilitatechisinau.md\/#\/schema\/person\/c25d28ff5553bea759689e10224709c7\"},\"headline\":\"Velo Road Chi\u0219in\u0103u revine!\",\"datePublished\":\"2026-04-21T12:41:53+00:00\",\"dateModified\":\"2026-04-29T12:44:47+00:00\",\"mainEntityOfPage\":{\"@id\":\"https:\/\/mobilitatechisinau.md\/?p=17402\"},\"wordCount\":154,\"publisher\":{\"@id\":\"https:\/\/mobilitatechisinau.md\/#organization\"},\"image\":{\"@id\":\"https:\/\/mobilitatechisinau.md\/?p=17402#primaryimage\"},\"thumbnailUrl\":\"https:\/\/mobilitatechisinau.md\/wp-content\/uploads\/2026\/04\/velo-road.jpg\",\"articleSection\":[\"Comunicate de pres\u0103\"],\"inLanguage\":\"ro-RO\"},{\"@type\":\"WebPage\",\"@id\":\"https:\/\/mobilitatechisinau.md\/?p=17402\",\"url\":\"https:\/\/mobilitatechisinau.md\/?p=17402\",\"name\":\"Velo Road Chi\u0219in\u0103u revine! - mobilitatechisinau.md\",\"isPartOf\":{\"@id\":\"https:\/\/mobilitatechisinau.md\/#website\"},\"primaryImageOfPage\":{\"@id\":\"https:\/\/mobilitatechisinau.md\/?p=17402#primaryimage\"},\"image\":{\"@id\":\"https:\/\/mobilitatechisinau.md\/?p=17402#primaryimage\"},\"thumbnailUrl\":\"https:\/\/mobilitatechisinau.md\/wp-content\/uploads\/2026\/04\/velo-road.jpg\",\"datePublished\":\"2026-04-21T12:41:53+00:00\",\"dateModified\":\"2026-04-29T12:44:47+00:00\",\"breadcrumb\":{\"@id\":\"https:\/\/mobilitatechisinau.md\/?p=17402#breadcrumb\"},\"inLanguage\":\"ro-RO\",\"potentialAction\":[{\"@type\":\"ReadAction\",\"target\":[\"https:\/\/mobilitatechisinau.md\/?p=17402\"]}]},{\"@type\":\"ImageObject\",\"inLanguage\":\"ro-RO\",\"@id\":\"https:\/\/mobilitatechisinau.md\/?p=17402#primaryimage\",\"url\":\"https:\/\/mobilitatechisinau.md\/wp-content\/uploads\/2026\/04\/velo-road.jpg\",\"contentUrl\":\"https:\/\/mobilitatechisinau.md\/wp-content\/uploads\/2026\/04\/velo-road.jpg\",\"width\":1200,\"height\":700},{\"@type\":\"BreadcrumbList\",\"@id\":\"https:\/\/mobilitatechisinau.md\/?p=17402#breadcrumb\",\"itemListElement\":[{\"@type\":\"ListItem\",\"position\":1,\"name\":\"Prima pagin\u0103\",\"item\":\"https:\/\/mobilitatechisinau.md\/\"},{\"@type\":\"ListItem\",\"position\":2,\"name\":\"Velo Road Chi\u0219in\u0103u revine!\"}]},{\"@type\":\"WebSite\",\"@id\":\"https:\/\/mobilitatechisinau.md\/#website\",\"url\":\"https:\/\/mobilitatechisinau.md\/\",\"name\":\"mobilitatechisinau.md\",\"description\":\"Direc\u0163ia General\u0103 Mobilitate Urban\u0103\",\"publisher\":{\"@id\":\"https:\/\/mobilitatechisinau.md\/#organization\"},\"potentialAction\":[{\"@type\":\"SearchAction\",\"target\":{\"@type\":\"EntryPoint\",\"urlTemplate\":\"https:\/\/mobilitatechisinau.md\/?s={search_term_string}\"},\"query-input\":{\"@type\":\"PropertyValueSpecification\",\"valueRequired\":true,\"valueName\":\"search_term_string\"}}],\"inLanguage\":\"ro-RO\"},{\"@type\":\"Organization\",\"@id\":\"https:\/\/mobilitatechisinau.md\/#organization\",\"name\":\"Direc\u0163ia general\u0103 transport public \u015fi c\u0103i de comunica\u0163ie\",\"url\":\"https:\/\/mobilitatechisinau.md\/\",\"logo\":{\"@type\":\"ImageObject\",\"inLanguage\":\"ro-RO\",\"@id\":\"https:\/\/mobilitatechisinau.md\/#\/schema\/logo\/image\/\",\"url\":\"https:\/\/dgtpcc.md\/wp-content\/uploads\/2022\/05\/DGTPCC-Chis\u0326ina\u0306u-new.jpg\",\"contentUrl\":\"https:\/\/dgtpcc.md\/wp-content\/uploads\/2022\/05\/DGTPCC-Chis\u0326ina\u0306u-new.jpg\",\"width\":304,\"height\":80,\"caption\":\"Direc\u0163ia general\u0103 transport public \u015fi c\u0103i de comunica\u0163ie\"},\"image\":{\"@id\":\"https:\/\/mobilitatechisinau.md\/#\/schema\/logo\/image\/\"},\"sameAs\":[\"https:\/\/www.facebook.com\/DGTPCC\"]},{\"@type\":\"Person\",\"@id\":\"https:\/\/mobilitatechisinau.md\/#\/schema\/person\/c25d28ff5553bea759689e10224709c7\",\"name\":\"dgtpcc.md\",\"image\":{\"@type\":\"ImageObject\",\"inLanguage\":\"ro-RO\",\"@id\":\"https:\/\/mobilitatechisinau.md\/#\/schema\/person\/image\/\",\"url\":\"https:\/\/secure.gravatar.com\/avatar\/9057a81ed6aa6c63f6d0d045749b3708fa15d612e3a388d9ac7b50072146c906?s=96&d=mm&r=g\",\"contentUrl\":\"https:\/\/secure.gravatar.com\/avatar\/9057a81ed6aa6c63f6d0d045749b3708fa15d612e3a388d9ac7b50072146c906?s=96&d=mm&r=g\",\"caption\":\"dgtpcc.md\"},\"sameAs\":[\"https:\/\/dgtpcc.md\"],\"url\":\"https:\/\/mobilitatechisinau.md\/?author=1\"}]}<\/script>\n<!-- \/ Yoast SEO plugin. -->","yoast_head_json":{"title":"Velo Road Chi\u0219in\u0103u revine! - mobilitatechisinau.md","robots":{"index":"index","follow":"follow","max-snippet":"max-snippet:-1","max-image-preview":"max-image-preview:large","max-video-preview":"max-video-preview:-1"},"canonical":"https:\/\/mobilitatechisinau.md\/?p=17402","og_locale":"ro_RO","og_type":"article","og_title":"Velo Road Chi\u0219in\u0103u revine! - mobilitatechisinau.md","og_description":"\u00cen anul mobilit\u0103\u021bii urbane declarat de Prim\u0103ria Chi\u0219in\u0103u, municipalitatea te invit\u0103 s\u0103 participi la o curs\u0103 pe biciclete dedicat\u0103 promov\u0103rii transportului alternativ \u0219i unui stil de via\u021b\u0103 s\u0103n\u0103tos. 25 aprilie 2026 Ora 14:00 Traseu (~15 km): Prim\u0103ria Chi\u0219in\u0103u \u2192 bd. \u0218tefan cel Mare \u0219i Sf\u00e2nt \u2192 str. Ciuflea \u2192 bd. Dacia \u2192 str. Hristo Botev [&hellip;]","og_url":"https:\/\/mobilitatechisinau.md\/?p=17402","og_site_name":"mobilitatechisinau.md","article_publisher":"https:\/\/www.facebook.com\/DGTPCC","article_published_time":"2026-04-21T12:41:53+00:00","article_modified_time":"2026-04-29T12:44:47+00:00","og_image":[{"width":1200,"height":700,"url":"https:\/\/mobilitatechisinau.md\/wp-content\/uploads\/2026\/04\/velo-road.jpg","type":"image\/jpeg"}],"author":"dgtpcc.md","twitter_card":"summary_large_image","twitter_misc":{"Scris de":"dgtpcc.md","Timp estimat pentru citire":"1 minut"},"schema":{"@context":"https:\/\/schema.org","@graph":[{"@type":"Article","@id":"https:\/\/mobilitatechisinau.md\/?p=17402#article","isPartOf":{"@id":"https:\/\/mobilitatechisinau.md\/?p=17402"},"author":{"name":"dgtpcc.md","@id":"https:\/\/mobilitatechisinau.md\/#\/schema\/person\/c25d28ff5553bea759689e10224709c7"},"headline":"Velo Road Chi\u0219in\u0103u revine!","datePublished":"2026-04-21T12:41:53+00:00","dateModified":"2026-04-29T12:44:47+00:00","mainEntityOfPage":{"@id":"https:\/\/mobilitatechisinau.md\/?p=17402"},"wordCount":154,"publisher":{"@id":"https:\/\/mobilitatechisinau.md\/#organization"},"image":{"@id":"https:\/\/mobilitatechisinau.md\/?p=17402#primaryimage"},"thumbnailUrl":"https:\/\/mobilitatechisinau.md\/wp-content\/uploads\/2026\/04\/velo-road.jpg","articleSection":["Comunicate de pres\u0103"],"inLanguage":"ro-RO"},{"@type":"WebPage","@id":"https:\/\/mobilitatechisinau.md\/?p=17402","url":"https:\/\/mobilitatechisinau.md\/?p=17402","name":"Velo Road Chi\u0219in\u0103u revine! - mobilitatechisinau.md","isPartOf":{"@id":"https:\/\/mobilitatechisinau.md\/#website"},"primaryImageOfPage":{"@id":"https:\/\/mobilitatechisinau.md\/?p=17402#primaryimage"},"image":{"@id":"https:\/\/mobilitatechisinau.md\/?p=17402#primaryimage"},"thumbnailUrl":"https:\/\/mobilitatechisinau.md\/wp-content\/uploads\/2026\/04\/velo-road.jpg","datePublished":"2026-04-21T12:41:53+00:00","dateModified":"2026-04-29T12:44:47+00:00","breadcrumb":{"@id":"https:\/\/mobilitatechisinau.md\/?p=17402#breadcrumb"},"inLanguage":"ro-RO","potentialAction":[{"@type":"ReadAction","target":["https:\/\/mobilitatechisinau.md\/?p=17402"]}]},{"@type":"ImageObject","inLanguage":"ro-RO","@id":"https:\/\/mobilitatechisinau.md\/?p=17402#primaryimage","url":"https:\/\/mobilitatechisinau.md\/wp-content\/uploads\/2026\/04\/velo-road.jpg","contentUrl":"https:\/\/mobilitatechisinau.md\/wp-content\/uploads\/2026\/04\/velo-road.jpg","width":1200,"height":700},{"@type":"BreadcrumbList","@id":"https:\/\/mobilitatechisinau.md\/?p=17402#breadcrumb","itemListElement":[{"@type":"ListItem","position":1,"name":"Prima pagin\u0103","item":"https:\/\/mobilitatechisinau.md\/"},{"@type":"ListItem","position":2,"name":"Velo Road Chi\u0219in\u0103u revine!"}]},{"@type":"WebSite","@id":"https:\/\/mobilitatechisinau.md\/#website","url":"https:\/\/mobilitatechisinau.md\/","name":"mobilitatechisinau.md","description":"Direc\u0163ia General\u0103 Mobilitate Urban\u0103","publisher":{"@id":"https:\/\/mobilitatechisinau.md\/#organization"},"potentialAction":[{"@type":"SearchAction","target":{"@type":"EntryPoint","urlTemplate":"https:\/\/mobilitatechisinau.md\/?s={search_term_string}"},"query-input":{"@type":"PropertyValueSpecification","valueRequired":true,"valueName":"search_term_string"}}],"inLanguage":"ro-RO"},{"@type":"Organization","@id":"https:\/\/mobilitatechisinau.md\/#organization","name":"Direc\u0163ia general\u0103 transport public \u015fi c\u0103i de comunica\u0163ie","url":"https:\/\/mobilitatechisinau.md\/","logo":{"@type":"ImageObject","inLanguage":"ro-RO","@id":"https:\/\/mobilitatechisinau.md\/#\/schema\/logo\/image\/","url":"https:\/\/dgtpcc.md\/wp-content\/uploads\/2022\/05\/DGTPCC-Chis\u0326ina\u0306u-new.jpg","contentUrl":"https:\/\/dgtpcc.md\/wp-content\/uploads\/2022\/05\/DGTPCC-Chis\u0326ina\u0306u-new.jpg","width":304,"height":80,"caption":"Direc\u0163ia general\u0103 transport public \u015fi c\u0103i de comunica\u0163ie"},"image":{"@id":"https:\/\/mobilitatechisinau.md\/#\/schema\/logo\/image\/"},"sameAs":["https:\/\/www.facebook.com\/DGTPCC"]},{"@type":"Person","@id":"https:\/\/mobilitatechisinau.md\/#\/schema\/person\/c25d28ff5553bea759689e10224709c7","name":"dgtpcc.md","image":{"@type":"ImageObject","inLanguage":"ro-RO","@id":"https:\/\/mobilitatechisinau.md\/#\/schema\/person\/image\/","url":"https:\/\/secure.gravatar.com\/avatar\/9057a81ed6aa6c63f6d0d045749b3708fa15d612e3a388d9ac7b50072146c906?s=96&d=mm&r=g","contentUrl":"https:\/\/secure.gravatar.com\/avatar\/9057a81ed6aa6c63f6d0d045749b3708fa15d612e3a388d9ac7b50072146c906?s=96&d=mm&r=g","caption":"dgtpcc.md"},"sameAs":["https:\/\/dgtpcc.md"],"url":"https:\/\/mobilitatechisinau.md\/?author=1"}]}},"_links":{"self":[{"href":"https:\/\/mobilitatechisinau.md\/index.php?rest_route=\/wp\/v2\/posts\/17402","targetHints":{"allow":["GET"]}}],"collection":[{"href":"https:\/\/mobilitatechisinau.md\/index.php?rest_route=\/wp\/v2\/posts"}],"about":[{"href":"https:\/\/mobilitatechisinau.md\/index.php?rest_route=\/wp\/v2\/types\/post"}],"author":[{"embeddable":true,"href":"https:\/\/mobilitatechisinau.md\/index.php?rest_route=\/wp\/v2\/users\/1"}],"replies":[{"embeddable":true,"href":"https:\/\/mobilitatechisinau.md\/index.php?rest_route=%2Fwp%2Fv2%2Fcomments&post=17402"}],"version-history":[{"count":1,"href":"https:\/\/mobilitatechisinau.md\/index.php?rest_route=\/wp\/v2\/posts\/17402\/revisions"}],"predecessor-version":[{"id":17404,"href":"https:\/\/mobilitatechisinau.md\/index.php?rest_route=\/wp\/v2\/posts\/17402\/revisions\/17404"}],"wp:featuredmedia":[{"embeddable":true,"href":"https:\/\/mobilitatechisinau.md\/index.php?rest_route=\/wp\/v2\/media\/17403"}],"wp:attachment":[{"href":"https:\/\/mobilitatechisinau.md\/index.php?rest_route=%2Fwp%2Fv2%2Fmedia&parent=17402"}],"wp:term":[{"taxonomy":"category","embeddable":true,"href":"https:\/\/mobilitatechisinau.md\/index.php?rest_route=%2Fwp%2Fv2%2Fcategories&post=17402"},{"taxonomy":"post_tag","embeddable":true,"href":"https:\/\/mobilitatechisinau.md\/index.php?rest_route=%2Fwp%2Fv2%2Ftags&post=17402"}],"curies":[{"name":"wp","href":"https:\/\/api.w.org\/{rel}","templated":true}]}}