{"id":17405,"date":"2026-04-21T14:46:09","date_gmt":"2026-04-21T12:46:09","guid":{"rendered":"https:\/\/mobilitatechisinau.md\/?p=17405"},"modified":"2026-04-29T15:04:36","modified_gmt":"2026-04-29T13:04:36","slug":"primaria-chisinau-investeste-peste-800-milioane-lei-anual-in-mobilitate-urbana-si-protejeaza-cetatenii","status":"publish","type":"post","link":"https:\/\/mobilitatechisinau.md\/?p=17405","title":{"rendered":"Video: Prim\u0103ria Chi\u0219in\u0103u investe\u0219te peste 800 milioane lei anual \u00een mobilitate urban\u0103 \u0219i protejeaz\u0103 cet\u0103\u021benii"},"content":{"rendered":"\n<p>Dorin Ciorn\u00eei, \u0219ef interimar al Direc\u021biei Generale Mobilitate Urban\u0103, afirm\u0103 c\u0103 transportul public din Chi\u0219in\u0103u este sus\u021binut \u00een mare parte din bugetul municipal, nu din tarifele achitate de c\u0103l\u0103tori.<\/p>\n\n\n\n<p>\u201ePre\u021bul actual al unui bilet nu acoper\u0103 costul real al unei c\u0103l\u0103torii, mai ales \u00een contextul major\u0103rii cu peste 60% a pre\u021burilor la carburan\u021bi \u0219i al efectelor infla\u021biei. Municipalitatea a decis s\u0103 nu transfere integral aceste costuri asupra cet\u0103\u021benilor, men\u021bin\u00e2nd tarifele accesibile. Dac\u0103 toate cheltuielile reale ar fi incluse \u00een tarif, costul unei c\u0103l\u0103torii ar fi semnificativ mai mare. Astfel, Prim\u0103ria Chi\u0219in\u0103u protejeaz\u0103 cet\u0103\u021benii \u0219i asigur\u0103 accesibilitatea transportului public\u201d, a declarat Dorin Ciorn\u00eei.<\/p>\n\n\n\n<p>\u00cen prezent, pe l\u00e2ng\u0103 flota modernizat\u0103 de autobuze \u0219i troleibuze municipale, 18 categorii de persoane beneficiaz\u0103 de c\u0103l\u0103torii gratuite, iar alte 8 categorii au facilit\u0103\u021bi la achizi\u021bionarea abonamentelor.<\/p>\n\n\n\n<iframe src=\"https:\/\/www.facebook.com\/plugins\/video.php?height=476&#038;href=https%3A%2F%2Fwww.facebook.com%2Freel%2F1642511823462159%2F&#038;show_text=false&#038;width=267&#038;t=0\" width=\"267\" height=\"476\" style=\"border:none;overflow:hidden\" scrolling=\"no\" frameborder=\"0\" allowfullscreen=\"true\" allow=\"autoplay; clipboard-write; encrypted-media; picture-in-picture; web-share\" allowFullScreen=\"true\"><\/iframe>\n","protected":false},"excerpt":{"rendered":"<p>Dorin Ciorn\u00eei, \u0219ef interimar al Direc\u021biei Generale Mobilitate Urban\u0103, afirm\u0103 c\u0103 transportul public din Chi\u0219in\u0103u este sus\u021binut \u00een mare parte din bugetul municipal, nu din tarifele achitate de c\u0103l\u0103tori. \u201ePre\u021bul actual al unui bilet nu acoper\u0103 costul real al unei c\u0103l\u0103torii, mai ales \u00een contextul major\u0103rii cu peste 60% a pre\u021burilor la carburan\u021bi \u0219i al [&hellip;]<\/p>\n","protected":false},"author":1,"featured_media":17406,"comment_status":"closed","ping_status":"open","sticky":false,"template":"","format":"standard","meta":{"footnotes":""},"categories":[92],"tags":[],"class_list":["post-17405","post","type-post","status-publish","format-standard","has-post-thumbnail","hentry","category-comunicate"],"yoast_head":"<!-- This site is optimized with the Yoast SEO plugin v23.9 - https:\/\/yoast.com\/wordpress\/plugins\/seo\/ -->\n<title>Video: Prim\u0103ria Chi\u0219in\u0103u investe\u0219te peste 800 milioane lei anual \u00een mobilitate urban\u0103 \u0219i protejeaz\u0103 cet\u0103\u021benii - mobilitatechisinau.md<\/title>\n<meta name=\"robots\" content=\"index, follow, max-snippet:-1, max-image-preview:large, max-video-preview:-1\" \/>\n<link rel=\"canonical\" href=\"https:\/\/mobilitatechisinau.md\/?p=17405\" \/>\n<meta property=\"og:locale\" content=\"ro_RO\" \/>\n<meta property=\"og:type\" content=\"article\" \/>\n<meta property=\"og:title\" content=\"Video: Prim\u0103ria Chi\u0219in\u0103u investe\u0219te peste 800 milioane lei anual \u00een mobilitate urban\u0103 \u0219i protejeaz\u0103 cet\u0103\u021benii - mobilitatechisinau.md\" \/>\n<meta property=\"og:description\" content=\"Dorin Ciorn\u00eei, \u0219ef interimar al Direc\u021biei Generale Mobilitate Urban\u0103, afirm\u0103 c\u0103 transportul public din Chi\u0219in\u0103u este sus\u021binut \u00een mare parte din bugetul municipal, nu din tarifele achitate de c\u0103l\u0103tori. \u201ePre\u021bul actual al unui bilet nu acoper\u0103 costul real al unei c\u0103l\u0103torii, mai ales \u00een contextul major\u0103rii cu peste 60% a pre\u021burilor la carburan\u021bi \u0219i al [&hellip;]\" \/>\n<meta property=\"og:url\" content=\"https:\/\/mobilitatechisinau.md\/?p=17405\" \/>\n<meta property=\"og:site_name\" content=\"mobilitatechisinau.md\" \/>\n<meta property=\"article:publisher\" content=\"https:\/\/www.facebook.com\/DGTPCC\" \/>\n<meta property=\"article:published_time\" content=\"2026-04-21T12:46:09+00:00\" \/>\n<meta property=\"article:modified_time\" content=\"2026-04-29T13:04:36+00:00\" \/>\n<meta property=\"og:image\" content=\"https:\/\/mobilitatechisinau.md\/wp-content\/uploads\/2026\/04\/abonamente.jpg\" \/>\n\t<meta property=\"og:image:width\" content=\"1200\" \/>\n\t<meta property=\"og:image:height\" content=\"700\" \/>\n\t<meta property=\"og:image:type\" content=\"image\/jpeg\" \/>\n<meta name=\"author\" content=\"dgtpcc.md\" \/>\n<meta name=\"twitter:card\" content=\"summary_large_image\" \/>\n<meta name=\"twitter:label1\" content=\"Scris de\" \/>\n\t<meta name=\"twitter:data1\" content=\"dgtpcc.md\" \/>\n\t<meta name=\"twitter:label2\" content=\"Timp estimat pentru citire\" \/>\n\t<meta name=\"twitter:data2\" content=\"1 minut\" \/>\n<script type=\"application\/ld+json\" class=\"yoast-schema-graph\">{\"@context\":\"https:\/\/schema.org\",\"@graph\":[{\"@type\":\"Article\",\"@id\":\"https:\/\/mobilitatechisinau.md\/?p=17405#article\",\"isPartOf\":{\"@id\":\"https:\/\/mobilitatechisinau.md\/?p=17405\"},\"author\":{\"name\":\"dgtpcc.md\",\"@id\":\"https:\/\/mobilitatechisinau.md\/#\/schema\/person\/c25d28ff5553bea759689e10224709c7\"},\"headline\":\"Video: Prim\u0103ria Chi\u0219in\u0103u investe\u0219te peste 800 milioane lei anual \u00een mobilitate urban\u0103 \u0219i protejeaz\u0103 cet\u0103\u021benii\",\"datePublished\":\"2026-04-21T12:46:09+00:00\",\"dateModified\":\"2026-04-29T13:04:36+00:00\",\"mainEntityOfPage\":{\"@id\":\"https:\/\/mobilitatechisinau.md\/?p=17405\"},\"wordCount\":175,\"publisher\":{\"@id\":\"https:\/\/mobilitatechisinau.md\/#organization\"},\"image\":{\"@id\":\"https:\/\/mobilitatechisinau.md\/?p=17405#primaryimage\"},\"thumbnailUrl\":\"https:\/\/mobilitatechisinau.md\/wp-content\/uploads\/2026\/04\/abonamente.jpg\",\"articleSection\":[\"Comunicate de pres\u0103\"],\"inLanguage\":\"ro-RO\"},{\"@type\":\"WebPage\",\"@id\":\"https:\/\/mobilitatechisinau.md\/?p=17405\",\"url\":\"https:\/\/mobilitatechisinau.md\/?p=17405\",\"name\":\"Video: Prim\u0103ria Chi\u0219in\u0103u investe\u0219te peste 800 milioane lei anual \u00een mobilitate urban\u0103 \u0219i protejeaz\u0103 cet\u0103\u021benii - mobilitatechisinau.md\",\"isPartOf\":{\"@id\":\"https:\/\/mobilitatechisinau.md\/#website\"},\"primaryImageOfPage\":{\"@id\":\"https:\/\/mobilitatechisinau.md\/?p=17405#primaryimage\"},\"image\":{\"@id\":\"https:\/\/mobilitatechisinau.md\/?p=17405#primaryimage\"},\"thumbnailUrl\":\"https:\/\/mobilitatechisinau.md\/wp-content\/uploads\/2026\/04\/abonamente.jpg\",\"datePublished\":\"2026-04-21T12:46:09+00:00\",\"dateModified\":\"2026-04-29T13:04:36+00:00\",\"breadcrumb\":{\"@id\":\"https:\/\/mobilitatechisinau.md\/?p=17405#breadcrumb\"},\"inLanguage\":\"ro-RO\",\"potentialAction\":[{\"@type\":\"ReadAction\",\"target\":[\"https:\/\/mobilitatechisinau.md\/?p=17405\"]}]},{\"@type\":\"ImageObject\",\"inLanguage\":\"ro-RO\",\"@id\":\"https:\/\/mobilitatechisinau.md\/?p=17405#primaryimage\",\"url\":\"https:\/\/mobilitatechisinau.md\/wp-content\/uploads\/2026\/04\/abonamente.jpg\",\"contentUrl\":\"https:\/\/mobilitatechisinau.md\/wp-content\/uploads\/2026\/04\/abonamente.jpg\",\"width\":1200,\"height\":700},{\"@type\":\"BreadcrumbList\",\"@id\":\"https:\/\/mobilitatechisinau.md\/?p=17405#breadcrumb\",\"itemListElement\":[{\"@type\":\"ListItem\",\"position\":1,\"name\":\"Prima pagin\u0103\",\"item\":\"https:\/\/mobilitatechisinau.md\/\"},{\"@type\":\"ListItem\",\"position\":2,\"name\":\"Video: Prim\u0103ria Chi\u0219in\u0103u investe\u0219te peste 800 milioane lei anual \u00een mobilitate urban\u0103 \u0219i protejeaz\u0103 cet\u0103\u021benii\"}]},{\"@type\":\"WebSite\",\"@id\":\"https:\/\/mobilitatechisinau.md\/#website\",\"url\":\"https:\/\/mobilitatechisinau.md\/\",\"name\":\"mobilitatechisinau.md\",\"description\":\"Direc\u0163ia General\u0103 Mobilitate Urban\u0103\",\"publisher\":{\"@id\":\"https:\/\/mobilitatechisinau.md\/#organization\"},\"potentialAction\":[{\"@type\":\"SearchAction\",\"target\":{\"@type\":\"EntryPoint\",\"urlTemplate\":\"https:\/\/mobilitatechisinau.md\/?s={search_term_string}\"},\"query-input\":{\"@type\":\"PropertyValueSpecification\",\"valueRequired\":true,\"valueName\":\"search_term_string\"}}],\"inLanguage\":\"ro-RO\"},{\"@type\":\"Organization\",\"@id\":\"https:\/\/mobilitatechisinau.md\/#organization\",\"name\":\"Direc\u0163ia general\u0103 transport public \u015fi c\u0103i de comunica\u0163ie\",\"url\":\"https:\/\/mobilitatechisinau.md\/\",\"logo\":{\"@type\":\"ImageObject\",\"inLanguage\":\"ro-RO\",\"@id\":\"https:\/\/mobilitatechisinau.md\/#\/schema\/logo\/image\/\",\"url\":\"https:\/\/dgtpcc.md\/wp-content\/uploads\/2022\/05\/DGTPCC-Chis\u0326ina\u0306u-new.jpg\",\"contentUrl\":\"https:\/\/dgtpcc.md\/wp-content\/uploads\/2022\/05\/DGTPCC-Chis\u0326ina\u0306u-new.jpg\",\"width\":304,\"height\":80,\"caption\":\"Direc\u0163ia general\u0103 transport public \u015fi c\u0103i de comunica\u0163ie\"},\"image\":{\"@id\":\"https:\/\/mobilitatechisinau.md\/#\/schema\/logo\/image\/\"},\"sameAs\":[\"https:\/\/www.facebook.com\/DGTPCC\"]},{\"@type\":\"Person\",\"@id\":\"https:\/\/mobilitatechisinau.md\/#\/schema\/person\/c25d28ff5553bea759689e10224709c7\",\"name\":\"dgtpcc.md\",\"image\":{\"@type\":\"ImageObject\",\"inLanguage\":\"ro-RO\",\"@id\":\"https:\/\/mobilitatechisinau.md\/#\/schema\/person\/image\/\",\"url\":\"https:\/\/secure.gravatar.com\/avatar\/9057a81ed6aa6c63f6d0d045749b3708fa15d612e3a388d9ac7b50072146c906?s=96&d=mm&r=g\",\"contentUrl\":\"https:\/\/secure.gravatar.com\/avatar\/9057a81ed6aa6c63f6d0d045749b3708fa15d612e3a388d9ac7b50072146c906?s=96&d=mm&r=g\",\"caption\":\"dgtpcc.md\"},\"sameAs\":[\"https:\/\/dgtpcc.md\"],\"url\":\"https:\/\/mobilitatechisinau.md\/?author=1\"}]}<\/script>\n<!-- \/ Yoast SEO plugin. -->","yoast_head_json":{"title":"Video: Prim\u0103ria Chi\u0219in\u0103u investe\u0219te peste 800 milioane lei anual \u00een mobilitate urban\u0103 \u0219i protejeaz\u0103 cet\u0103\u021benii - mobilitatechisinau.md","robots":{"index":"index","follow":"follow","max-snippet":"max-snippet:-1","max-image-preview":"max-image-preview:large","max-video-preview":"max-video-preview:-1"},"canonical":"https:\/\/mobilitatechisinau.md\/?p=17405","og_locale":"ro_RO","og_type":"article","og_title":"Video: Prim\u0103ria Chi\u0219in\u0103u investe\u0219te peste 800 milioane lei anual \u00een mobilitate urban\u0103 \u0219i protejeaz\u0103 cet\u0103\u021benii - mobilitatechisinau.md","og_description":"Dorin Ciorn\u00eei, \u0219ef interimar al Direc\u021biei Generale Mobilitate Urban\u0103, afirm\u0103 c\u0103 transportul public din Chi\u0219in\u0103u este sus\u021binut \u00een mare parte din bugetul municipal, nu din tarifele achitate de c\u0103l\u0103tori. \u201ePre\u021bul actual al unui bilet nu acoper\u0103 costul real al unei c\u0103l\u0103torii, mai ales \u00een contextul major\u0103rii cu peste 60% a pre\u021burilor la carburan\u021bi \u0219i al [&hellip;]","og_url":"https:\/\/mobilitatechisinau.md\/?p=17405","og_site_name":"mobilitatechisinau.md","article_publisher":"https:\/\/www.facebook.com\/DGTPCC","article_published_time":"2026-04-21T12:46:09+00:00","article_modified_time":"2026-04-29T13:04:36+00:00","og_image":[{"width":1200,"height":700,"url":"https:\/\/mobilitatechisinau.md\/wp-content\/uploads\/2026\/04\/abonamente.jpg","type":"image\/jpeg"}],"author":"dgtpcc.md","twitter_card":"summary_large_image","twitter_misc":{"Scris de":"dgtpcc.md","Timp estimat pentru citire":"1 minut"},"schema":{"@context":"https:\/\/schema.org","@graph":[{"@type":"Article","@id":"https:\/\/mobilitatechisinau.md\/?p=17405#article","isPartOf":{"@id":"https:\/\/mobilitatechisinau.md\/?p=17405"},"author":{"name":"dgtpcc.md","@id":"https:\/\/mobilitatechisinau.md\/#\/schema\/person\/c25d28ff5553bea759689e10224709c7"},"headline":"Video: Prim\u0103ria Chi\u0219in\u0103u investe\u0219te peste 800 milioane lei anual \u00een mobilitate urban\u0103 \u0219i protejeaz\u0103 cet\u0103\u021benii","datePublished":"2026-04-21T12:46:09+00:00","dateModified":"2026-04-29T13:04:36+00:00","mainEntityOfPage":{"@id":"https:\/\/mobilitatechisinau.md\/?p=17405"},"wordCount":175,"publisher":{"@id":"https:\/\/mobilitatechisinau.md\/#organization"},"image":{"@id":"https:\/\/mobilitatechisinau.md\/?p=17405#primaryimage"},"thumbnailUrl":"https:\/\/mobilitatechisinau.md\/wp-content\/uploads\/2026\/04\/abonamente.jpg","articleSection":["Comunicate de pres\u0103"],"inLanguage":"ro-RO"},{"@type":"WebPage","@id":"https:\/\/mobilitatechisinau.md\/?p=17405","url":"https:\/\/mobilitatechisinau.md\/?p=17405","name":"Video: Prim\u0103ria Chi\u0219in\u0103u investe\u0219te peste 800 milioane lei anual \u00een mobilitate urban\u0103 \u0219i protejeaz\u0103 cet\u0103\u021benii - mobilitatechisinau.md","isPartOf":{"@id":"https:\/\/mobilitatechisinau.md\/#website"},"primaryImageOfPage":{"@id":"https:\/\/mobilitatechisinau.md\/?p=17405#primaryimage"},"image":{"@id":"https:\/\/mobilitatechisinau.md\/?p=17405#primaryimage"},"thumbnailUrl":"https:\/\/mobilitatechisinau.md\/wp-content\/uploads\/2026\/04\/abonamente.jpg","datePublished":"2026-04-21T12:46:09+00:00","dateModified":"2026-04-29T13:04:36+00:00","breadcrumb":{"@id":"https:\/\/mobilitatechisinau.md\/?p=17405#breadcrumb"},"inLanguage":"ro-RO","potentialAction":[{"@type":"ReadAction","target":["https:\/\/mobilitatechisinau.md\/?p=17405"]}]},{"@type":"ImageObject","inLanguage":"ro-RO","@id":"https:\/\/mobilitatechisinau.md\/?p=17405#primaryimage","url":"https:\/\/mobilitatechisinau.md\/wp-content\/uploads\/2026\/04\/abonamente.jpg","contentUrl":"https:\/\/mobilitatechisinau.md\/wp-content\/uploads\/2026\/04\/abonamente.jpg","width":1200,"height":700},{"@type":"BreadcrumbList","@id":"https:\/\/mobilitatechisinau.md\/?p=17405#breadcrumb","itemListElement":[{"@type":"ListItem","position":1,"name":"Prima pagin\u0103","item":"https:\/\/mobilitatechisinau.md\/"},{"@type":"ListItem","position":2,"name":"Video: Prim\u0103ria Chi\u0219in\u0103u investe\u0219te peste 800 milioane lei anual \u00een mobilitate urban\u0103 \u0219i protejeaz\u0103 cet\u0103\u021benii"}]},{"@type":"WebSite","@id":"https:\/\/mobilitatechisinau.md\/#website","url":"https:\/\/mobilitatechisinau.md\/","name":"mobilitatechisinau.md","description":"Direc\u0163ia General\u0103 Mobilitate Urban\u0103","publisher":{"@id":"https:\/\/mobilitatechisinau.md\/#organization"},"potentialAction":[{"@type":"SearchAction","target":{"@type":"EntryPoint","urlTemplate":"https:\/\/mobilitatechisinau.md\/?s={search_term_string}"},"query-input":{"@type":"PropertyValueSpecification","valueRequired":true,"valueName":"search_term_string"}}],"inLanguage":"ro-RO"},{"@type":"Organization","@id":"https:\/\/mobilitatechisinau.md\/#organization","name":"Direc\u0163ia general\u0103 transport public \u015fi c\u0103i de comunica\u0163ie","url":"https:\/\/mobilitatechisinau.md\/","logo":{"@type":"ImageObject","inLanguage":"ro-RO","@id":"https:\/\/mobilitatechisinau.md\/#\/schema\/logo\/image\/","url":"https:\/\/dgtpcc.md\/wp-content\/uploads\/2022\/05\/DGTPCC-Chis\u0326ina\u0306u-new.jpg","contentUrl":"https:\/\/dgtpcc.md\/wp-content\/uploads\/2022\/05\/DGTPCC-Chis\u0326ina\u0306u-new.jpg","width":304,"height":80,"caption":"Direc\u0163ia general\u0103 transport public \u015fi c\u0103i de comunica\u0163ie"},"image":{"@id":"https:\/\/mobilitatechisinau.md\/#\/schema\/logo\/image\/"},"sameAs":["https:\/\/www.facebook.com\/DGTPCC"]},{"@type":"Person","@id":"https:\/\/mobilitatechisinau.md\/#\/schema\/person\/c25d28ff5553bea759689e10224709c7","name":"dgtpcc.md","image":{"@type":"ImageObject","inLanguage":"ro-RO","@id":"https:\/\/mobilitatechisinau.md\/#\/schema\/person\/image\/","url":"https:\/\/secure.gravatar.com\/avatar\/9057a81ed6aa6c63f6d0d045749b3708fa15d612e3a388d9ac7b50072146c906?s=96&d=mm&r=g","contentUrl":"https:\/\/secure.gravatar.com\/avatar\/9057a81ed6aa6c63f6d0d045749b3708fa15d612e3a388d9ac7b50072146c906?s=96&d=mm&r=g","caption":"dgtpcc.md"},"sameAs":["https:\/\/dgtpcc.md"],"url":"https:\/\/mobilitatechisinau.md\/?author=1"}]}},"_links":{"self":[{"href":"https:\/\/mobilitatechisinau.md\/index.php?rest_route=\/wp\/v2\/posts\/17405","targetHints":{"allow":["GET"]}}],"collection":[{"href":"https:\/\/mobilitatechisinau.md\/index.php?rest_route=\/wp\/v2\/posts"}],"about":[{"href":"https:\/\/mobilitatechisinau.md\/index.php?rest_route=\/wp\/v2\/types\/post"}],"author":[{"embeddable":true,"href":"https:\/\/mobilitatechisinau.md\/index.php?rest_route=\/wp\/v2\/users\/1"}],"replies":[{"embeddable":true,"href":"https:\/\/mobilitatechisinau.md\/index.php?rest_route=%2Fwp%2Fv2%2Fcomments&post=17405"}],"version-history":[{"count":2,"href":"https:\/\/mobilitatechisinau.md\/index.php?rest_route=\/wp\/v2\/posts\/17405\/revisions"}],"predecessor-version":[{"id":17411,"href":"https:\/\/mobilitatechisinau.md\/index.php?rest_route=\/wp\/v2\/posts\/17405\/revisions\/17411"}],"wp:featuredmedia":[{"embeddable":true,"href":"https:\/\/mobilitatechisinau.md\/index.php?rest_route=\/wp\/v2\/media\/17406"}],"wp:attachment":[{"href":"https:\/\/mobilitatechisinau.md\/index.php?rest_route=%2Fwp%2Fv2%2Fmedia&parent=17405"}],"wp:term":[{"taxonomy":"category","embeddable":true,"href":"https:\/\/mobilitatechisinau.md\/index.php?rest_route=%2Fwp%2Fv2%2Fcategories&post=17405"},{"taxonomy":"post_tag","embeddable":true,"href":"https:\/\/mobilitatechisinau.md\/index.php?rest_route=%2Fwp%2Fv2%2Ftags&post=17405"}],"curies":[{"name":"wp","href":"https:\/\/api.w.org\/{rel}","templated":true}]}}